{"id":9992,"date":"2020-02-08T23:09:33","date_gmt":"2020-02-08T22:09:33","guid":{"rendered":"https:\/\/www.apfelpatient.de\/?p=9992"},"modified":"2020-02-08T23:09:33","modified_gmt":"2020-02-08T22:09:33","slug":"iphone-9-starting-price-to-be-set","status":"publish","type":"post","link":"https:\/\/www.apfelpatient.de\/en\/rumors\/iphone-9-startpreis-soll-feststehen","title":{"rendered":"iPhone 9: Starting price to be set"},"content":{"rendered":"<p class=\"has-drop-cap\"><strong>For several months now, it has been claimed that Apple will introduce a new entry-level iPhone in the first half of 2020. But will the device really be that cheap? According to a new report, the starting price of the alleged iPhone 9 has been set.&nbsp;<\/strong><\/p>\n\n\n\n<p>It is now considered certain that Apple wants to introduce a new iPhone in the low price segment. Now an earlier price forecast by TFI Securities analyst Ming-Chi Kuo has been confirmed. According to him, <a href=\"https:\/\/www.fastcompany.com\/90461424\/a-new-low-cost-iphone-is-coming-in-march-and-its-a-smart-move-for-apple\">Fast Company<\/a> learned from a well-informed source that the starting price is around 399 US dollars. This corresponds to the entry-level price of the iPhone SE at the time. However, no specific information on storage sizes was given. Observers suspect, however, that the model will be available in 64 GB and 128 GB versions.<\/p>\n\n\n\n<h3 class=\"wp-block-heading\">The iPhone SE successor in the design of the iPhone 8<\/h3>\n\n\n\n<p>The device is supposed to be the official successor to the iPhone SE \u2013 but the name \u201c<a href=\"https:\/\/www.apfelpatient.de\/en\/generally\/iphone-se-2-this-is-what-we-know-about-the-iphone-se-successor\">iPhone SE 2<\/a>&quot; is now considered very unlikely. According to various sources, the iPhone will appear in the design of the iPhone 8 and will have only minimal visual differences. Therefore, many believe that Apple will present the device as the &quot;iPhone 9&quot;. While the design is less spectacular, something is said to have changed on the inside. According to some leaks, the new iPhone will have the well-known A13 chip with a whopping 3 GB of RAM. But when exactly will Apple present the device?<\/p>\n\n\n\n<h3 class=\"wp-block-heading\">Coronavirus endangers availability<\/h3>\n\n\n\n\n\n\n\n<p><\/p>\n\n\n\n<p>Mass production of the iPhone 9 was supposed to start at the beginning of February. However, this is no longer possible because Foxconn is not allowed to produce due to the current situation in China. The risk of infection among workers is too high, according to the Chinese government. This failure naturally has a negative impact on the general availability of products. Now some analysts believe that Apple will experience massive supply bottlenecks. Rumor has it that the iPhone 9 will be unveiled in March - but this is in danger of being cancelled. The lack of availability of the devices could even affect the launch date. Alternatively, the event could of course take place - but supply bottlenecks will be unavoidable. <em>(Photo by Bhubeth Bhajanavorakul \/ Bigstockphoto)<\/em><\/p>\n\n\n\n<ul class=\"wp-block-list\"><li><a href=\"https:\/\/www.apfelpatient.de\/en\/news\/iphone-2020-this-is-what-the-iphone-9-could-look-like\">iPhone 2020: This is what the iPhone 9 could look like<\/a><\/li><li><a href=\"https:\/\/www.apfelpatient.de\/en\/news\/foxconn-is-not-allowed-to-resume-iphone-production\">Foxconn is not allowed to resume iPhone production<\/a><\/li><li><a href=\"https:\/\/www.apfelpatient.de\/en\/news\/iphone-production-china-contests-foxconn-ban\">iPhone production: China denies Foxconn ban<\/a><\/li><\/ul>","protected":false},"excerpt":{"rendered":"<p>But will the device really be that cheap? According to a new report, the starting price of the alleged iPhone 9 has been set. <\/p>","protected":false},"author":2,"featured_media":9991,"comment_status":"closed","ping_status":"closed","sticky":false,"template":"","format":"standard","meta":{"jnews-multi-image_gallery":[],"jnews_single_post":{"subtitle":"","format":"standard","video":"","gallery":"","source_name":"","source_url":"","via_name":"","via_url":"","override":[{"single_blog_custom":"","sidebar":"","second_sidebar":"","share_position":"","share_float_style":"","post_date_format":"","post_date_format_custom":"","post_reading_time_wpm":"","zoom_button_out_step":"1","zoom_button_in_step":"1","number_popup_post":"1"}],"image_override":[{"single_post_thumbnail_size":"","single_post_gallery_size":""}],"trending_post_position":"","trending_post_label":""},"jnews_primary_category":{"id":"274"},"footnotes":""},"categories":[25],"tags":[32,376,8,254,371,70,71],"class_list":["post-9992","post","type-post","status-publish","format-standard","has-post-thumbnail","hentry","category-rumors","tag-china","tag-coronavirus","tag-iphone","tag-iphone-2020","tag-iphone-9","tag-iphone-se","tag-iphone-se-2"],"yoast_head":"<!-- This site is optimized with the Yoast SEO Premium plugin v27.5 (Yoast SEO v27.5) - https:\/\/yoast.com\/product\/yoast-seo-premium-wordpress\/ -->\n<title>iPhone 9: Startpreis soll feststehen Apfelpatient<\/title>\n<meta name=\"description\" content=\"Doch wird das Ger\u00e4t wirklich so g\u00fcnstig sein? Einem neuen Bericht zufolge, soll der Startpreis des vermeintlichen iPhone 9 feststehen.\" \/>\n<meta name=\"robots\" content=\"index, follow, max-snippet:-1, max-image-preview:large, max-video-preview:-1\" \/>\n<link rel=\"canonical\" href=\"https:\/\/www.apfelpatient.de\/en\/rumors\/iphone-9-starting-price-to-be-set\" \/>\n<meta property=\"og:locale\" content=\"en_US\" \/>\n<meta property=\"og:type\" content=\"article\" \/>\n<meta property=\"og:title\" content=\"iPhone 9: Startpreis soll feststehen\" \/>\n<meta property=\"og:description\" content=\"Doch wird das Ger\u00e4t wirklich so g\u00fcnstig sein? Einem neuen Bericht zufolge, soll der Startpreis des vermeintlichen iPhone 9 feststehen.\" \/>\n<meta property=\"og:url\" content=\"https:\/\/www.apfelpatient.de\/en\/rumors\/iphone-9-starting-price-to-be-set\" \/>\n<meta property=\"og:site_name\" content=\"Apfelpatient\" \/>\n<meta property=\"article:publisher\" content=\"https:\/\/www.facebook.com\/apfelpatientOfficial\" \/>\n<meta property=\"article:author\" content=\"https:\/\/www.facebook.com\/apfelpatientOfficial\" \/>\n<meta property=\"article:published_time\" content=\"2020-02-08T22:09:33+00:00\" \/>\n<meta property=\"og:image\" content=\"https:\/\/www.apfelpatient.de\/wp-content\/uploads\/2020\/02\/bigstock-Bangkok-Thailand-December-340089463.jpg\" \/>\n\t<meta property=\"og:image:width\" content=\"1600\" \/>\n\t<meta property=\"og:image:height\" content=\"900\" \/>\n\t<meta property=\"og:image:type\" content=\"image\/jpeg\" \/>\n<meta name=\"author\" content=\"Milan\" \/>\n<meta name=\"twitter:card\" content=\"summary_large_image\" \/>\n<meta name=\"twitter:description\" content=\"Doch wird das Ger\u00e4t wirklich so g\u00fcnstig sein? Einem neuen Bericht zufolge, soll der Startpreis des vermeintlichen iPhone 9 feststehen.\" \/>\n<meta name=\"twitter:label1\" content=\"Written by\" \/>\n\t<meta name=\"twitter:data1\" content=\"Milan\" \/>\n\t<meta name=\"twitter:label2\" content=\"Est. reading time\" \/>\n\t<meta name=\"twitter:data2\" content=\"2 minutes\" \/>\n<script type=\"application\/ld+json\" class=\"yoast-schema-graph\">{\"@context\":\"https:\\\/\\\/schema.org\",\"@graph\":[{\"@type\":\"NewsArticle\",\"@id\":\"https:\\\/\\\/www.apfelpatient.de\\\/rumors\\\/iphone-9-startpreis-soll-feststehen#article\",\"isPartOf\":{\"@id\":\"https:\\\/\\\/www.apfelpatient.de\\\/rumors\\\/iphone-9-startpreis-soll-feststehen\"},\"author\":{\"@type\":\"Organization\",\"@id\":\"https:\\\/\\\/www.apfelpatient.de\\\/en\\\/#organization\",\"name\":\"Apfelpatient\",\"url\":\"https:\\\/\\\/www.apfelpatient.de\\\/en\\\/\"},\"headline\":\"iPhone 9: Startpreis soll feststehen\",\"datePublished\":\"2020-02-08T22:09:33+00:00\",\"mainEntityOfPage\":{\"@id\":\"https:\\\/\\\/www.apfelpatient.de\\\/rumors\\\/iphone-9-startpreis-soll-feststehen\"},\"wordCount\":376,\"publisher\":{\"@type\":\"Organization\",\"@id\":\"https:\\\/\\\/www.apfelpatient.de\\\/en\\\/#organization\",\"name\":\"Apfelpatient\",\"url\":\"https:\\\/\\\/www.apfelpatient.de\\\/en\\\/\"},\"image\":{\"@id\":\"https:\\\/\\\/www.apfelpatient.de\\\/rumors\\\/iphone-9-startpreis-soll-feststehen#primaryimage\"},\"thumbnailUrl\":\"https:\\\/\\\/www.apfelpatient.de\\\/wp-content\\\/uploads\\\/2020\\\/02\\\/bigstock-Bangkok-Thailand-December-340089463.jpg\",\"keywords\":[\"China\",\"Coronavirus\",\"iPhone\",\"iPhone 2020\",\"iPhone 9\",\"iPhone SE\",\"iPhone SE 2\"],\"articleSection\":\"Rumors\",\"inLanguage\":\"en-US\",\"copyrightYear\":\"2020\",\"copyrightHolder\":{\"@id\":\"https:\\\/\\\/www.apfelpatient.de\\\/en\\\/#organization\"}},{\"@type\":\"WebPage\",\"@id\":\"https:\\\/\\\/www.apfelpatient.de\\\/rumors\\\/iphone-9-startpreis-soll-feststehen\",\"url\":\"https:\\\/\\\/www.apfelpatient.de\\\/rumors\\\/iphone-9-startpreis-soll-feststehen\",\"name\":\"iPhone 9: Startpreis soll feststehen Apfelpatient\",\"isPartOf\":{\"@id\":\"https:\\\/\\\/www.apfelpatient.de\\\/#website\"},\"primaryImageOfPage\":{\"@id\":\"https:\\\/\\\/www.apfelpatient.de\\\/rumors\\\/iphone-9-startpreis-soll-feststehen#primaryimage\"},\"image\":{\"@id\":\"https:\\\/\\\/www.apfelpatient.de\\\/rumors\\\/iphone-9-startpreis-soll-feststehen#primaryimage\"},\"thumbnailUrl\":\"https:\\\/\\\/www.apfelpatient.de\\\/wp-content\\\/uploads\\\/2020\\\/02\\\/bigstock-Bangkok-Thailand-December-340089463.jpg\",\"datePublished\":\"2020-02-08T22:09:33+00:00\",\"description\":\"Doch wird das Ger\u00e4t wirklich so g\u00fcnstig sein? Einem neuen Bericht zufolge, soll der Startpreis des vermeintlichen iPhone 9 feststehen.\",\"breadcrumb\":{\"@id\":\"https:\\\/\\\/www.apfelpatient.de\\\/rumors\\\/iphone-9-startpreis-soll-feststehen#breadcrumb\"},\"inLanguage\":\"en-US\",\"potentialAction\":[{\"@type\":\"ReadAction\",\"target\":[\"https:\\\/\\\/www.apfelpatient.de\\\/rumors\\\/iphone-9-startpreis-soll-feststehen\"]}]},{\"@type\":\"ImageObject\",\"inLanguage\":\"en-US\",\"@id\":\"https:\\\/\\\/www.apfelpatient.de\\\/rumors\\\/iphone-9-startpreis-soll-feststehen#primaryimage\",\"url\":\"https:\\\/\\\/www.apfelpatient.de\\\/wp-content\\\/uploads\\\/2020\\\/02\\\/bigstock-Bangkok-Thailand-December-340089463.jpg\",\"contentUrl\":\"https:\\\/\\\/www.apfelpatient.de\\\/wp-content\\\/uploads\\\/2020\\\/02\\\/bigstock-Bangkok-Thailand-December-340089463.jpg\",\"width\":1600,\"height\":900,\"caption\":\"BANGKOK, THAILAND - DECEMBER 13, 2019: Tim Cook, the chief executive officer of Apple Inc. meet the customers at Apple Inconsiam, the first Apple Store in Thailand when he drops into Bangkok during Asia tour.\"},{\"@type\":\"BreadcrumbList\",\"@id\":\"https:\\\/\\\/www.apfelpatient.de\\\/rumors\\\/iphone-9-startpreis-soll-feststehen#breadcrumb\",\"itemListElement\":[{\"@type\":\"ListItem\",\"position\":1,\"name\":\"Startseite\",\"item\":\"https:\\\/\\\/www.apfelpatient.de\\\/\"},{\"@type\":\"ListItem\",\"position\":2,\"name\":\"iPhone 9: Startpreis soll feststehen\"}]},{\"@type\":\"WebSite\",\"@id\":\"https:\\\/\\\/www.apfelpatient.de\\\/#website\",\"url\":\"https:\\\/\\\/www.apfelpatient.de\\\/\",\"name\":\"Apfelpatient\",\"description\":\"Alles rund um Apple!\",\"publisher\":{\"@type\":\"Organization\",\"@id\":\"https:\\\/\\\/www.apfelpatient.de\\\/en\\\/#organization\",\"name\":\"Apfelpatient\",\"url\":\"https:\\\/\\\/www.apfelpatient.de\\\/en\\\/\"},\"alternateName\":\"Apfelpatient\",\"potentialAction\":[{\"@type\":\"SearchAction\",\"target\":{\"@type\":\"EntryPoint\",\"urlTemplate\":\"https:\\\/\\\/www.apfelpatient.de\\\/?s={search_term_string}\"},\"query-input\":{\"@type\":\"PropertyValueSpecification\",\"valueRequired\":true,\"valueName\":\"search_term_string\"}}],\"inLanguage\":\"en-US\"},{\"@type\":[\"Person\",\"Organization\"],\"@id\":\"https:\\\/\\\/www.apfelpatient.de\\\/#\\\/schema\\\/person\\\/7dc56ad6c8e9824b76d2c08d4c140e13\",\"name\":\"Milan\",\"logo\":{\"@id\":\"https:\\\/\\\/www.apfelpatient.de\\\/#\\\/schema\\\/person\\\/image\\\/\"},\"description\":\"Hallo und herzlich willkommen auf meinem Technik-Blog! Als gro\u00dfer Apple-Fan berichte ich hier \u00fcber alles, was mit Apple zu tun hat: von den neuesten News und spannenden Ger\u00fcchten \u00fcber hilfreiche Tipps und Tricks bis hin zu ausf\u00fchrlichen Produkttests. Wenn du genauso technikbegeistert bist wie ich, bist du hier genau richtig!\",\"sameAs\":[\"https:\\\/\\\/www.facebook.com\\\/apfelpatientOfficial\",\"https:\\\/\\\/www.linkedin.com\\\/in\\\/milan-jovicic-42aa0231b\"],\"url\":\"https:\\\/\\\/www.apfelpatient.de\\\/en\\\/author\\\/apfeladmin\"}]}<\/script>\n<!-- \/ Yoast SEO Premium plugin. -->","yoast_head_json":{"title":"iPhone 9: Starting price to be set Apfelpatient","description":"But will the device really be that cheap? According to a new report, the starting price of the alleged iPhone 9 has been set.","robots":{"index":"index","follow":"follow","max-snippet":"max-snippet:-1","max-image-preview":"max-image-preview:large","max-video-preview":"max-video-preview:-1"},"canonical":"https:\/\/www.apfelpatient.de\/en\/rumors\/iphone-9-starting-price-to-be-set","og_locale":"en_US","og_type":"article","og_title":"iPhone 9: Startpreis soll feststehen","og_description":"Doch wird das Ger\u00e4t wirklich so g\u00fcnstig sein? Einem neuen Bericht zufolge, soll der Startpreis des vermeintlichen iPhone 9 feststehen.","og_url":"https:\/\/www.apfelpatient.de\/en\/rumors\/iphone-9-starting-price-to-be-set","og_site_name":"Apfelpatient","article_publisher":"https:\/\/www.facebook.com\/apfelpatientOfficial","article_author":"https:\/\/www.facebook.com\/apfelpatientOfficial","article_published_time":"2020-02-08T22:09:33+00:00","og_image":[{"width":1600,"height":900,"url":"https:\/\/www.apfelpatient.de\/wp-content\/uploads\/2020\/02\/bigstock-Bangkok-Thailand-December-340089463.jpg","type":"image\/jpeg"}],"author":"Milan","twitter_card":"summary_large_image","twitter_description":"Doch wird das Ger\u00e4t wirklich so g\u00fcnstig sein? Einem neuen Bericht zufolge, soll der Startpreis des vermeintlichen iPhone 9 feststehen.","twitter_misc":{"Written by":"Milan","Est. reading time":"2 minutes"},"schema":{"@context":"https:\/\/schema.org","@graph":[{"@type":"NewsArticle","@id":"https:\/\/www.apfelpatient.de\/rumors\/iphone-9-startpreis-soll-feststehen#article","isPartOf":{"@id":"https:\/\/www.apfelpatient.de\/rumors\/iphone-9-startpreis-soll-feststehen"},"author":{"@type":"Organization","@id":"https:\/\/www.apfelpatient.de\/en\/#organization","name":"Apfelpatient","url":"https:\/\/www.apfelpatient.de\/en\/"},"headline":"iPhone 9: Startpreis soll feststehen","datePublished":"2020-02-08T22:09:33+00:00","mainEntityOfPage":{"@id":"https:\/\/www.apfelpatient.de\/rumors\/iphone-9-startpreis-soll-feststehen"},"wordCount":376,"publisher":{"@type":"Organization","@id":"https:\/\/www.apfelpatient.de\/en\/#organization","name":"Apfelpatient","url":"https:\/\/www.apfelpatient.de\/en\/"},"image":{"@id":"https:\/\/www.apfelpatient.de\/rumors\/iphone-9-startpreis-soll-feststehen#primaryimage"},"thumbnailUrl":"https:\/\/www.apfelpatient.de\/wp-content\/uploads\/2020\/02\/bigstock-Bangkok-Thailand-December-340089463.jpg","keywords":["China","Coronavirus","iPhone","iPhone 2020","iPhone 9","iPhone SE","iPhone SE 2"],"articleSection":"Rumors","inLanguage":"en-US","copyrightYear":"2020","copyrightHolder":{"@id":"https:\/\/www.apfelpatient.de\/en\/#organization"}},{"@type":"WebPage","@id":"https:\/\/www.apfelpatient.de\/rumors\/iphone-9-startpreis-soll-feststehen","url":"https:\/\/www.apfelpatient.de\/rumors\/iphone-9-startpreis-soll-feststehen","name":"iPhone 9: Starting price to be set Apfelpatient","isPartOf":{"@id":"https:\/\/www.apfelpatient.de\/#website"},"primaryImageOfPage":{"@id":"https:\/\/www.apfelpatient.de\/rumors\/iphone-9-startpreis-soll-feststehen#primaryimage"},"image":{"@id":"https:\/\/www.apfelpatient.de\/rumors\/iphone-9-startpreis-soll-feststehen#primaryimage"},"thumbnailUrl":"https:\/\/www.apfelpatient.de\/wp-content\/uploads\/2020\/02\/bigstock-Bangkok-Thailand-December-340089463.jpg","datePublished":"2020-02-08T22:09:33+00:00","description":"But will the device really be that cheap? According to a new report, the starting price of the alleged iPhone 9 has been set.","breadcrumb":{"@id":"https:\/\/www.apfelpatient.de\/rumors\/iphone-9-startpreis-soll-feststehen#breadcrumb"},"inLanguage":"en-US","potentialAction":[{"@type":"ReadAction","target":["https:\/\/www.apfelpatient.de\/rumors\/iphone-9-startpreis-soll-feststehen"]}]},{"@type":"ImageObject","inLanguage":"en-US","@id":"https:\/\/www.apfelpatient.de\/rumors\/iphone-9-startpreis-soll-feststehen#primaryimage","url":"https:\/\/www.apfelpatient.de\/wp-content\/uploads\/2020\/02\/bigstock-Bangkok-Thailand-December-340089463.jpg","contentUrl":"https:\/\/www.apfelpatient.de\/wp-content\/uploads\/2020\/02\/bigstock-Bangkok-Thailand-December-340089463.jpg","width":1600,"height":900,"caption":"BANGKOK, THAILAND - DECEMBER 13, 2019: Tim Cook, the chief executive officer of Apple Inc. meet the customers at Apple Inconsiam, the first Apple Store in Thailand when he drops into Bangkok during Asia tour."},{"@type":"BreadcrumbList","@id":"https:\/\/www.apfelpatient.de\/rumors\/iphone-9-startpreis-soll-feststehen#breadcrumb","itemListElement":[{"@type":"ListItem","position":1,"name":"Startseite","item":"https:\/\/www.apfelpatient.de\/"},{"@type":"ListItem","position":2,"name":"iPhone 9: Startpreis soll feststehen"}]},{"@type":"WebSite","@id":"https:\/\/www.apfelpatient.de\/#website","url":"https:\/\/www.apfelpatient.de\/","name":"apple patient","description":"Everything about Apple!","publisher":{"@type":"Organization","@id":"https:\/\/www.apfelpatient.de\/en\/#organization","name":"Apfelpatient","url":"https:\/\/www.apfelpatient.de\/en\/"},"alternateName":"Apfelpatient","potentialAction":[{"@type":"SearchAction","target":{"@type":"EntryPoint","urlTemplate":"https:\/\/www.apfelpatient.de\/?s={search_term_string}"},"query-input":{"@type":"PropertyValueSpecification","valueRequired":true,"valueName":"search_term_string"}}],"inLanguage":"en-US"},{"@type":["Person","Organization"],"@id":"https:\/\/www.apfelpatient.de\/#\/schema\/person\/7dc56ad6c8e9824b76d2c08d4c140e13","name":"Milan","logo":{"@id":"https:\/\/www.apfelpatient.de\/#\/schema\/person\/image\/"},"description":"Hello and welcome to my technology blog! As a big Apple fan, I report on everything to do with Apple: from the latest news and exciting rumors to helpful tips and tricks and detailed product tests. If you are as enthusiastic about technology as I am, you have come to the right place!","sameAs":["https:\/\/www.facebook.com\/apfelpatientOfficial","https:\/\/www.linkedin.com\/in\/milan-jovicic-42aa0231b"],"url":"https:\/\/www.apfelpatient.de\/en\/author\/apfeladmin"}]}},"_links":{"self":[{"href":"https:\/\/www.apfelpatient.de\/en\/wp-json\/wp\/v2\/posts\/9992","targetHints":{"allow":["GET"]}}],"collection":[{"href":"https:\/\/www.apfelpatient.de\/en\/wp-json\/wp\/v2\/posts"}],"about":[{"href":"https:\/\/www.apfelpatient.de\/en\/wp-json\/wp\/v2\/types\/post"}],"author":[{"embeddable":true,"href":"https:\/\/www.apfelpatient.de\/en\/wp-json\/wp\/v2\/users\/2"}],"replies":[{"embeddable":true,"href":"https:\/\/www.apfelpatient.de\/en\/wp-json\/wp\/v2\/comments?post=9992"}],"version-history":[{"count":0,"href":"https:\/\/www.apfelpatient.de\/en\/wp-json\/wp\/v2\/posts\/9992\/revisions"}],"wp:featuredmedia":[{"embeddable":true,"href":"https:\/\/www.apfelpatient.de\/en\/wp-json\/wp\/v2\/media\/9991"}],"wp:attachment":[{"href":"https:\/\/www.apfelpatient.de\/en\/wp-json\/wp\/v2\/media?parent=9992"}],"wp:term":[{"taxonomy":"category","embeddable":true,"href":"https:\/\/www.apfelpatient.de\/en\/wp-json\/wp\/v2\/categories?post=9992"},{"taxonomy":"post_tag","embeddable":true,"href":"https:\/\/www.apfelpatient.de\/en\/wp-json\/wp\/v2\/tags?post=9992"}],"curies":[{"name":"wp","href":"https:\/\/api.w.org\/{rel}","templated":true}]}}