{"id":9955,"date":"2020-02-06T20:56:06","date_gmt":"2020-02-06T19:56:06","guid":{"rendered":"https:\/\/www.apfelpatient.de\/?p=9955"},"modified":"2020-02-06T20:56:06","modified_gmt":"2020-02-06T19:56:06","slug":"coronavirus-production-increase-of-airpods-at-risk","status":"publish","type":"post","link":"https:\/\/www.apfelpatient.de\/en\/rumors\/coronavirus-produktionssteigerung-der-airpods-gefaehrdet","title":{"rendered":"Coronavirus: AirPods production increase at risk"},"content":{"rendered":"<p class=\"has-drop-cap\"><strong>Rumor has it that Apple is planning to double the production volume of AirPods due to high demand. But this plan is in jeopardy due to the coronavirus.<\/strong>&nbsp;<\/p>\n\n\n\n<p>The business news platform Nikkei Asian Review reports that Apple\u2019s plan to <a href=\"https:\/\/www.apfelpatient.de\/en\/rumors\/airpods-pro-apple-reportedly-doubles-production-volume\">production of the AirPods<\/a> This could even lead to a major outage over a longer period of time. The three main AirPods manufacturers Luxshare, Goertek and Inventec have completely stopped production, according to Nikkei. Although many of the suppliers want to start production again from February 10, there could still be &quot;major problems&quot; in the AirPods area because the components for final assembly are missing. In the <a href=\"https:\/\/asia.nikkei.com\/Spotlight\/Coronavirus-outbreak\/Exclusive-Apple-orders-for-45m-AirPods-at-risk-from-coronavirus2\">report<\/a> the source is cited as follows:<\/p>\n\n\n\n<blockquote class=\"wp-block-quote is-layout-flow wp-block-quote-is-layout-flow\"><p>The three major AirPod assemblers are scheduled to return to work on Monday, like other Apple suppliers, but their production capacity could reach 50 percent at best in the first week under current conditions. One of the big concerns is whether other parts suppliers in China can resume work smoothly to produce enough parts for final assembly. We really have to wait and see how things play out next week. If the assemblers don&#039;t get enough parts delivered within two weeks, that would be a big problem.<\/p><\/blockquote>\n\n\n\n<h3 class=\"wp-block-heading\">45 million units in the first half of 2020<\/h3>\n\n\n\n\n\n\n\n<p><\/p>\n\n\n\n<p>According to this, Apple&#039;s assembly partners are said to have components for around two weeks of production - the planned increase is therefore currently not feasible. According to previous reports, Apple is said to have planned to assemble around 45 million AirPods in the first half of the year. The reason for this is the high demand for the AirPods Pro. According to the source, all finished products are currently reserved for Apple&#039;s own retail stores and the online store. This means that delivery bottlenecks are being passed on to other retailers. <a href=\"https:\/\/www.amazon.de\/shop\/apfelpatientofficial?listId=2SH1KEP4J41TE&amp;ref=cm_sw_em_r_inf_list_own_apfelpatientofficial_dp_lTI2ZQNMSAwDC\">Amazon<\/a> For example, the AirPods Pro are completely sold out, although they are also difficult to get from Apple itself. Given the <a href=\"https:\/\/www.apfelpatient.de\/en\/news\/coronavirus-foxconn-wants-to-quarantine-employees\">current situation<\/a> The possible spring keynote also seems to be in danger. Observers believe that Apple could postpone it due to supply bottlenecks. <em>(Photo by dominiquejames \/ Bigstockphoto)<\/em><\/p>\n\n\n\n<ul class=\"wp-block-list\"><li><a href=\"https:\/\/www.apfelpatient.de\/en\/news\/tvos-13-4-beta-reveals-new-apple-tv-4k-hardware\">tvOS 13.4 Beta Reveals New Apple TV 4K Hardware<\/a><\/li><\/ul>","protected":false},"excerpt":{"rendered":"<p>Rumor has it that Apple plans to double the production volume of AirPods due to high demand.<\/p>","protected":false},"author":2,"featured_media":9954,"comment_status":"closed","ping_status":"closed","sticky":false,"template":"","format":"standard","meta":{"jnews-multi-image_gallery":[],"jnews_single_post":{"subtitle":"","format":"standard","video":"","gallery":"","source_name":"","source_url":"","via_name":"Nikkei Asian Review","via_url":"https:\/\/asia.nikkei.com\/Spotlight\/Coronavirus-outbreak\/Exclusive-Apple-orders-for-45m-AirPods-at-risk-from-coronavirus2","override":[{"single_blog_custom":"","sidebar":"","second_sidebar":"","share_position":"","share_float_style":"","post_date_format":"","post_date_format_custom":"","post_reading_time_wpm":"","zoom_button_out_step":"1","zoom_button_in_step":"1","number_popup_post":"1"}],"image_override":[{"single_post_thumbnail_size":"","single_post_gallery_size":""}],"trending_post_position":"","trending_post_label":""},"jnews_primary_category":{"id":"274"},"footnotes":""},"categories":[25],"tags":[28,31,347,32,376],"class_list":["post-9955","post","type-post","status-publish","format-standard","has-post-thumbnail","hentry","category-rumors","tag-airpods","tag-airpods-2","tag-airpods-pro","tag-china","tag-coronavirus"],"yoast_head":"<!-- This site is optimized with the Yoast SEO Premium plugin v27.5 (Yoast SEO v27.5) - https:\/\/yoast.com\/product\/yoast-seo-premium-wordpress\/ -->\n<title>Coronavirus: Produktionssteigerung der AirPods gef\u00e4hrdet Apfelpatient<\/title>\n<meta name=\"description\" content=\"Ger\u00fcchten zufolge plant Apple aufgrund der hohen Nachfrage die Produktionsmenge der AirPods zu verdoppeln.\" \/>\n<meta name=\"robots\" content=\"index, follow, max-snippet:-1, max-image-preview:large, max-video-preview:-1\" \/>\n<link rel=\"canonical\" href=\"https:\/\/www.apfelpatient.de\/en\/rumors\/coronavirus-production-increase-of-airpods-at-risk\" \/>\n<meta property=\"og:locale\" content=\"en_US\" \/>\n<meta property=\"og:type\" content=\"article\" \/>\n<meta property=\"og:title\" content=\"Coronavirus: Produktionssteigerung der AirPods gef\u00e4hrdet\" \/>\n<meta property=\"og:description\" content=\"Ger\u00fcchten zufolge plant Apple aufgrund der hohen Nachfrage die Produktionsmenge der AirPods zu verdoppeln.\" \/>\n<meta property=\"og:url\" content=\"https:\/\/www.apfelpatient.de\/en\/rumors\/coronavirus-production-increase-of-airpods-at-risk\" \/>\n<meta property=\"og:site_name\" content=\"Apfelpatient\" \/>\n<meta property=\"article:publisher\" content=\"https:\/\/www.facebook.com\/apfelpatientOfficial\" \/>\n<meta property=\"article:author\" content=\"https:\/\/www.facebook.com\/apfelpatientOfficial\" \/>\n<meta property=\"article:published_time\" content=\"2020-02-06T19:56:06+00:00\" \/>\n<meta property=\"og:image\" content=\"https:\/\/www.apfelpatient.de\/wp-content\/uploads\/2020\/02\/bigstock-Vidalia-Georgia-Usa-Decem-339940168.jpg\" \/>\n\t<meta property=\"og:image:width\" content=\"1600\" \/>\n\t<meta property=\"og:image:height\" content=\"1068\" \/>\n\t<meta property=\"og:image:type\" content=\"image\/jpeg\" \/>\n<meta name=\"author\" content=\"Milan\" \/>\n<meta name=\"twitter:card\" content=\"summary_large_image\" \/>\n<meta name=\"twitter:description\" content=\"Ger\u00fcchten zufolge plant Apple aufgrund der hohen Nachfrage die Produktionsmenge der AirPods zu verdoppeln.\" \/>\n<meta name=\"twitter:label1\" content=\"Written by\" \/>\n\t<meta name=\"twitter:data1\" content=\"Milan\" \/>\n\t<meta name=\"twitter:label2\" content=\"Est. reading time\" \/>\n\t<meta name=\"twitter:data2\" content=\"2 minutes\" \/>\n<script type=\"application\/ld+json\" class=\"yoast-schema-graph\">{\"@context\":\"https:\\\/\\\/schema.org\",\"@graph\":[{\"@type\":\"NewsArticle\",\"@id\":\"https:\\\/\\\/www.apfelpatient.de\\\/rumors\\\/coronavirus-produktionssteigerung-der-airpods-gefaehrdet#article\",\"isPartOf\":{\"@id\":\"https:\\\/\\\/www.apfelpatient.de\\\/rumors\\\/coronavirus-produktionssteigerung-der-airpods-gefaehrdet\"},\"author\":{\"@type\":\"Organization\",\"@id\":\"https:\\\/\\\/www.apfelpatient.de\\\/en\\\/#organization\",\"name\":\"Apfelpatient\",\"url\":\"https:\\\/\\\/www.apfelpatient.de\\\/en\\\/\"},\"headline\":\"Coronavirus: Produktionssteigerung der AirPods gef\u00e4hrdet\",\"datePublished\":\"2020-02-06T19:56:06+00:00\",\"mainEntityOfPage\":{\"@id\":\"https:\\\/\\\/www.apfelpatient.de\\\/rumors\\\/coronavirus-produktionssteigerung-der-airpods-gefaehrdet\"},\"wordCount\":366,\"publisher\":{\"@type\":\"Organization\",\"@id\":\"https:\\\/\\\/www.apfelpatient.de\\\/en\\\/#organization\",\"name\":\"Apfelpatient\",\"url\":\"https:\\\/\\\/www.apfelpatient.de\\\/en\\\/\"},\"image\":{\"@id\":\"https:\\\/\\\/www.apfelpatient.de\\\/rumors\\\/coronavirus-produktionssteigerung-der-airpods-gefaehrdet#primaryimage\"},\"thumbnailUrl\":\"https:\\\/\\\/www.apfelpatient.de\\\/wp-content\\\/uploads\\\/2020\\\/02\\\/bigstock-Vidalia-Georgia-Usa-Decem-339940168.jpg\",\"keywords\":[\"AirPods\",\"AirPods 2\",\"AirPods Pro\",\"China\",\"Coronavirus\"],\"articleSection\":\"Rumors\",\"inLanguage\":\"en-US\",\"copyrightYear\":\"2020\",\"copyrightHolder\":{\"@id\":\"https:\\\/\\\/www.apfelpatient.de\\\/en\\\/#organization\"}},{\"@type\":\"WebPage\",\"@id\":\"https:\\\/\\\/www.apfelpatient.de\\\/rumors\\\/coronavirus-produktionssteigerung-der-airpods-gefaehrdet\",\"url\":\"https:\\\/\\\/www.apfelpatient.de\\\/rumors\\\/coronavirus-produktionssteigerung-der-airpods-gefaehrdet\",\"name\":\"Coronavirus: Produktionssteigerung der AirPods gef\u00e4hrdet Apfelpatient\",\"isPartOf\":{\"@id\":\"https:\\\/\\\/www.apfelpatient.de\\\/#website\"},\"primaryImageOfPage\":{\"@id\":\"https:\\\/\\\/www.apfelpatient.de\\\/rumors\\\/coronavirus-produktionssteigerung-der-airpods-gefaehrdet#primaryimage\"},\"image\":{\"@id\":\"https:\\\/\\\/www.apfelpatient.de\\\/rumors\\\/coronavirus-produktionssteigerung-der-airpods-gefaehrdet#primaryimage\"},\"thumbnailUrl\":\"https:\\\/\\\/www.apfelpatient.de\\\/wp-content\\\/uploads\\\/2020\\\/02\\\/bigstock-Vidalia-Georgia-Usa-Decem-339940168.jpg\",\"datePublished\":\"2020-02-06T19:56:06+00:00\",\"description\":\"Ger\u00fcchten zufolge plant Apple aufgrund der hohen Nachfrage die Produktionsmenge der AirPods zu verdoppeln.\",\"breadcrumb\":{\"@id\":\"https:\\\/\\\/www.apfelpatient.de\\\/rumors\\\/coronavirus-produktionssteigerung-der-airpods-gefaehrdet#breadcrumb\"},\"inLanguage\":\"en-US\",\"potentialAction\":[{\"@type\":\"ReadAction\",\"target\":[\"https:\\\/\\\/www.apfelpatient.de\\\/rumors\\\/coronavirus-produktionssteigerung-der-airpods-gefaehrdet\"]}]},{\"@type\":\"ImageObject\",\"inLanguage\":\"en-US\",\"@id\":\"https:\\\/\\\/www.apfelpatient.de\\\/rumors\\\/coronavirus-produktionssteigerung-der-airpods-gefaehrdet#primaryimage\",\"url\":\"https:\\\/\\\/www.apfelpatient.de\\\/wp-content\\\/uploads\\\/2020\\\/02\\\/bigstock-Vidalia-Georgia-Usa-Decem-339940168.jpg\",\"contentUrl\":\"https:\\\/\\\/www.apfelpatient.de\\\/wp-content\\\/uploads\\\/2020\\\/02\\\/bigstock-Vidalia-Georgia-Usa-Decem-339940168.jpg\",\"width\":1600,\"height\":1068,\"caption\":\"Vidalia, Georgia \\\/ USA - December 14, 2019 - A studio product shot of the white packaging box with the closed white charging case if Apple AirPods Pro set on a plain light color background.\"},{\"@type\":\"BreadcrumbList\",\"@id\":\"https:\\\/\\\/www.apfelpatient.de\\\/rumors\\\/coronavirus-produktionssteigerung-der-airpods-gefaehrdet#breadcrumb\",\"itemListElement\":[{\"@type\":\"ListItem\",\"position\":1,\"name\":\"Startseite\",\"item\":\"https:\\\/\\\/www.apfelpatient.de\\\/\"},{\"@type\":\"ListItem\",\"position\":2,\"name\":\"Coronavirus: Produktionssteigerung der AirPods gef\u00e4hrdet\"}]},{\"@type\":\"WebSite\",\"@id\":\"https:\\\/\\\/www.apfelpatient.de\\\/#website\",\"url\":\"https:\\\/\\\/www.apfelpatient.de\\\/\",\"name\":\"Apfelpatient\",\"description\":\"Alles rund um Apple!\",\"publisher\":{\"@type\":\"Organization\",\"@id\":\"https:\\\/\\\/www.apfelpatient.de\\\/en\\\/#organization\",\"name\":\"Apfelpatient\",\"url\":\"https:\\\/\\\/www.apfelpatient.de\\\/en\\\/\"},\"alternateName\":\"Apfelpatient\",\"potentialAction\":[{\"@type\":\"SearchAction\",\"target\":{\"@type\":\"EntryPoint\",\"urlTemplate\":\"https:\\\/\\\/www.apfelpatient.de\\\/?s={search_term_string}\"},\"query-input\":{\"@type\":\"PropertyValueSpecification\",\"valueRequired\":true,\"valueName\":\"search_term_string\"}}],\"inLanguage\":\"en-US\"},{\"@type\":[\"Person\",\"Organization\"],\"@id\":\"https:\\\/\\\/www.apfelpatient.de\\\/#\\\/schema\\\/person\\\/7dc56ad6c8e9824b76d2c08d4c140e13\",\"name\":\"Milan\",\"logo\":{\"@id\":\"https:\\\/\\\/www.apfelpatient.de\\\/#\\\/schema\\\/person\\\/image\\\/\"},\"description\":\"Hallo und herzlich willkommen auf meinem Technik-Blog! Als gro\u00dfer Apple-Fan berichte ich hier \u00fcber alles, was mit Apple zu tun hat: von den neuesten News und spannenden Ger\u00fcchten \u00fcber hilfreiche Tipps und Tricks bis hin zu ausf\u00fchrlichen Produkttests. Wenn du genauso technikbegeistert bist wie ich, bist du hier genau richtig!\",\"sameAs\":[\"https:\\\/\\\/www.facebook.com\\\/apfelpatientOfficial\",\"https:\\\/\\\/www.linkedin.com\\\/in\\\/milan-jovicic-42aa0231b\"],\"url\":\"https:\\\/\\\/www.apfelpatient.de\\\/en\\\/author\\\/apfeladmin\"}]}<\/script>\n<!-- \/ Yoast SEO Premium plugin. -->","yoast_head_json":{"title":"Coronavirus: Increased production of AirPods puts Apfelpatient at risk","description":"Rumor has it that Apple plans to double the production volume of AirPods due to high demand.","robots":{"index":"index","follow":"follow","max-snippet":"max-snippet:-1","max-image-preview":"max-image-preview:large","max-video-preview":"max-video-preview:-1"},"canonical":"https:\/\/www.apfelpatient.de\/en\/rumors\/coronavirus-production-increase-of-airpods-at-risk","og_locale":"en_US","og_type":"article","og_title":"Coronavirus: Produktionssteigerung der AirPods gef\u00e4hrdet","og_description":"Ger\u00fcchten zufolge plant Apple aufgrund der hohen Nachfrage die Produktionsmenge der AirPods zu verdoppeln.","og_url":"https:\/\/www.apfelpatient.de\/en\/rumors\/coronavirus-production-increase-of-airpods-at-risk","og_site_name":"Apfelpatient","article_publisher":"https:\/\/www.facebook.com\/apfelpatientOfficial","article_author":"https:\/\/www.facebook.com\/apfelpatientOfficial","article_published_time":"2020-02-06T19:56:06+00:00","og_image":[{"width":1600,"height":1068,"url":"https:\/\/www.apfelpatient.de\/wp-content\/uploads\/2020\/02\/bigstock-Vidalia-Georgia-Usa-Decem-339940168.jpg","type":"image\/jpeg"}],"author":"Milan","twitter_card":"summary_large_image","twitter_description":"Ger\u00fcchten zufolge plant Apple aufgrund der hohen Nachfrage die Produktionsmenge der AirPods zu verdoppeln.","twitter_misc":{"Written by":"Milan","Est. reading time":"2 minutes"},"schema":{"@context":"https:\/\/schema.org","@graph":[{"@type":"NewsArticle","@id":"https:\/\/www.apfelpatient.de\/rumors\/coronavirus-produktionssteigerung-der-airpods-gefaehrdet#article","isPartOf":{"@id":"https:\/\/www.apfelpatient.de\/rumors\/coronavirus-produktionssteigerung-der-airpods-gefaehrdet"},"author":{"@type":"Organization","@id":"https:\/\/www.apfelpatient.de\/en\/#organization","name":"Apfelpatient","url":"https:\/\/www.apfelpatient.de\/en\/"},"headline":"Coronavirus: Produktionssteigerung der AirPods gef\u00e4hrdet","datePublished":"2020-02-06T19:56:06+00:00","mainEntityOfPage":{"@id":"https:\/\/www.apfelpatient.de\/rumors\/coronavirus-produktionssteigerung-der-airpods-gefaehrdet"},"wordCount":366,"publisher":{"@type":"Organization","@id":"https:\/\/www.apfelpatient.de\/en\/#organization","name":"Apfelpatient","url":"https:\/\/www.apfelpatient.de\/en\/"},"image":{"@id":"https:\/\/www.apfelpatient.de\/rumors\/coronavirus-produktionssteigerung-der-airpods-gefaehrdet#primaryimage"},"thumbnailUrl":"https:\/\/www.apfelpatient.de\/wp-content\/uploads\/2020\/02\/bigstock-Vidalia-Georgia-Usa-Decem-339940168.jpg","keywords":["AirPods","AirPods 2","AirPods Pro","China","Coronavirus"],"articleSection":"Rumors","inLanguage":"en-US","copyrightYear":"2020","copyrightHolder":{"@id":"https:\/\/www.apfelpatient.de\/en\/#organization"}},{"@type":"WebPage","@id":"https:\/\/www.apfelpatient.de\/rumors\/coronavirus-produktionssteigerung-der-airpods-gefaehrdet","url":"https:\/\/www.apfelpatient.de\/rumors\/coronavirus-produktionssteigerung-der-airpods-gefaehrdet","name":"Coronavirus: Increased production of AirPods puts Apfelpatient at risk","isPartOf":{"@id":"https:\/\/www.apfelpatient.de\/#website"},"primaryImageOfPage":{"@id":"https:\/\/www.apfelpatient.de\/rumors\/coronavirus-produktionssteigerung-der-airpods-gefaehrdet#primaryimage"},"image":{"@id":"https:\/\/www.apfelpatient.de\/rumors\/coronavirus-produktionssteigerung-der-airpods-gefaehrdet#primaryimage"},"thumbnailUrl":"https:\/\/www.apfelpatient.de\/wp-content\/uploads\/2020\/02\/bigstock-Vidalia-Georgia-Usa-Decem-339940168.jpg","datePublished":"2020-02-06T19:56:06+00:00","description":"Rumor has it that Apple plans to double the production volume of AirPods due to high demand.","breadcrumb":{"@id":"https:\/\/www.apfelpatient.de\/rumors\/coronavirus-produktionssteigerung-der-airpods-gefaehrdet#breadcrumb"},"inLanguage":"en-US","potentialAction":[{"@type":"ReadAction","target":["https:\/\/www.apfelpatient.de\/rumors\/coronavirus-produktionssteigerung-der-airpods-gefaehrdet"]}]},{"@type":"ImageObject","inLanguage":"en-US","@id":"https:\/\/www.apfelpatient.de\/rumors\/coronavirus-produktionssteigerung-der-airpods-gefaehrdet#primaryimage","url":"https:\/\/www.apfelpatient.de\/wp-content\/uploads\/2020\/02\/bigstock-Vidalia-Georgia-Usa-Decem-339940168.jpg","contentUrl":"https:\/\/www.apfelpatient.de\/wp-content\/uploads\/2020\/02\/bigstock-Vidalia-Georgia-Usa-Decem-339940168.jpg","width":1600,"height":1068,"caption":"Vidalia, Georgia \/ USA - December 14, 2019 - A studio product shot of the white packaging box with the closed white charging case if Apple AirPods Pro set on a plain light color background."},{"@type":"BreadcrumbList","@id":"https:\/\/www.apfelpatient.de\/rumors\/coronavirus-produktionssteigerung-der-airpods-gefaehrdet#breadcrumb","itemListElement":[{"@type":"ListItem","position":1,"name":"Startseite","item":"https:\/\/www.apfelpatient.de\/"},{"@type":"ListItem","position":2,"name":"Coronavirus: Produktionssteigerung der AirPods gef\u00e4hrdet"}]},{"@type":"WebSite","@id":"https:\/\/www.apfelpatient.de\/#website","url":"https:\/\/www.apfelpatient.de\/","name":"apple patient","description":"Everything about Apple!","publisher":{"@type":"Organization","@id":"https:\/\/www.apfelpatient.de\/en\/#organization","name":"Apfelpatient","url":"https:\/\/www.apfelpatient.de\/en\/"},"alternateName":"Apfelpatient","potentialAction":[{"@type":"SearchAction","target":{"@type":"EntryPoint","urlTemplate":"https:\/\/www.apfelpatient.de\/?s={search_term_string}"},"query-input":{"@type":"PropertyValueSpecification","valueRequired":true,"valueName":"search_term_string"}}],"inLanguage":"en-US"},{"@type":["Person","Organization"],"@id":"https:\/\/www.apfelpatient.de\/#\/schema\/person\/7dc56ad6c8e9824b76d2c08d4c140e13","name":"Milan","logo":{"@id":"https:\/\/www.apfelpatient.de\/#\/schema\/person\/image\/"},"description":"Hello and welcome to my technology blog! As a big Apple fan, I report on everything to do with Apple: from the latest news and exciting rumors to helpful tips and tricks and detailed product tests. If you are as enthusiastic about technology as I am, you have come to the right place!","sameAs":["https:\/\/www.facebook.com\/apfelpatientOfficial","https:\/\/www.linkedin.com\/in\/milan-jovicic-42aa0231b"],"url":"https:\/\/www.apfelpatient.de\/en\/author\/apfeladmin"}]}},"_links":{"self":[{"href":"https:\/\/www.apfelpatient.de\/en\/wp-json\/wp\/v2\/posts\/9955","targetHints":{"allow":["GET"]}}],"collection":[{"href":"https:\/\/www.apfelpatient.de\/en\/wp-json\/wp\/v2\/posts"}],"about":[{"href":"https:\/\/www.apfelpatient.de\/en\/wp-json\/wp\/v2\/types\/post"}],"author":[{"embeddable":true,"href":"https:\/\/www.apfelpatient.de\/en\/wp-json\/wp\/v2\/users\/2"}],"replies":[{"embeddable":true,"href":"https:\/\/www.apfelpatient.de\/en\/wp-json\/wp\/v2\/comments?post=9955"}],"version-history":[{"count":0,"href":"https:\/\/www.apfelpatient.de\/en\/wp-json\/wp\/v2\/posts\/9955\/revisions"}],"wp:featuredmedia":[{"embeddable":true,"href":"https:\/\/www.apfelpatient.de\/en\/wp-json\/wp\/v2\/media\/9954"}],"wp:attachment":[{"href":"https:\/\/www.apfelpatient.de\/en\/wp-json\/wp\/v2\/media?parent=9955"}],"wp:term":[{"taxonomy":"category","embeddable":true,"href":"https:\/\/www.apfelpatient.de\/en\/wp-json\/wp\/v2\/categories?post=9955"},{"taxonomy":"post_tag","embeddable":true,"href":"https:\/\/www.apfelpatient.de\/en\/wp-json\/wp\/v2\/tags?post=9955"}],"curies":[{"name":"wp","href":"https:\/\/api.w.org\/{rel}","templated":true}]}}