{"id":9891,"date":"2020-02-06T12:41:14","date_gmt":"2020-02-06T11:41:14","guid":{"rendered":"https:\/\/www.apfelpatient.de\/?p=9891"},"modified":"2020-02-06T12:41:14","modified_gmt":"2020-02-06T11:41:14","slug":"whatsapp-is-testing-dark-mode-in-ios","status":"publish","type":"post","link":"https:\/\/www.apfelpatient.de\/en\/news\/whatsapp-testet-den-dark-mode-in-ios","title":{"rendered":"WhatsApp is testing the Dark Mode in iOS"},"content":{"rendered":"<p class=\"has-drop-cap\"><strong>Many of you are eagerly waiting for the dark mode in WhatsApp and Facebook. Now there is good news. The dark mode is currently being tested in the beta of WhatsApp for iOS.<\/strong><\/p>\n\n\n\n<p>A few days ago, dark mode was integrated into the WhatsApp beta for Android. Now it seems it&#039;s the iOS version&#039;s turn. Since Tuesday, individual reports have been documented that the new WhatsApp beta will include dark mode. However, this has not been rolled out to beta testers across the board, as the well-known WhatsApp blog WABetaInfo reports on Twitter. According to this, only a few testers currently have access to it. However, according to the blog, the function should be available to all beta testers in around 10 days. This means that the coveted dark mode is in its final phase. Because here, the following applies: When new functions are added to the beta, they are usually almost ready and appear in the final version just a few weeks later. This means that the feature should be within reach. Of course, there are exceptions - but let&#039;s just be optimistic.<\/p>\n\n\n\n<h3 class=\"wp-block-heading\">How to activate Dark Mode in WhatsApp<\/h3>\n\n\n\n\n\n\n\n<p><\/p>\n\n\n\n<p>At the moment, the dark mode in WhatsApp seems to work like it does on Instagram or on our own website. This means that it is based on the user&#039;s current system settings. If the dark mode is activated system-wide in iOS, WhatsApp adapts its own appearance to this. There is no separate switch. We have also deactivated this, as automatic adjustment is much more convenient and innovative. Of course, a menu for manual adjustment could also appear in the final version. Since this is the case with the Android version, we should not rule out this addition. <em>(Photo by Denys Prykhodov \/ Bigstockphoto)<\/em><\/p>\n\n\n\n<ul class=\"wp-block-list\"><li><a href=\"https:\/\/www.apfelpatient.de\/en\/news\/zens-liberty-airpower-alternative-now-available-for-pre-order\">ZENS Liberty: The AirPower alternative<\/a><\/li><li><a href=\"https:\/\/www.apfelpatient.de\/en\/news\/all-new-features-in-the-first-ios-13-4-beta\">All new features in the first iOS 13.4 beta<\/a><\/li><\/ul>","protected":false},"excerpt":{"rendered":"<p>Many of you are eagerly waiting for the dark mode in WhatsApp and Facebook. Now there is good news.<\/p>","protected":false},"author":2,"featured_media":9892,"comment_status":"closed","ping_status":"closed","sticky":false,"template":"","format":"standard","meta":{"jnews-multi-image_gallery":[],"jnews_single_post":{"subtitle":"","format":"standard","video":"","gallery":"","source_name":"","source_url":"","via_name":"","via_url":"","override":[{"single_blog_custom":"","sidebar":"","second_sidebar":"","share_position":"","share_float_style":"","post_date_format":"","post_date_format_custom":"","post_reading_time_wpm":"","zoom_button_out_step":"1","zoom_button_in_step":"1","number_popup_post":"1"}],"image_override":[{"single_post_thumbnail_size":"","single_post_gallery_size":""}],"trending_post_position":"","trending_post_label":""},"jnews_primary_category":{"id":"265"},"footnotes":""},"categories":[9],"tags":[3,13,58],"class_list":["post-9891","post","type-post","status-publish","format-standard","has-post-thumbnail","hentry","category-news","tag-ios","tag-techpatient","tag-whatsapp"],"yoast_head":"<!-- This site is optimized with the Yoast SEO Premium plugin v27.5 (Yoast SEO v27.5) - https:\/\/yoast.com\/product\/yoast-seo-premium-wordpress\/ -->\n<title>WhatsApp testet den Dark Mode in iOS Apfelpatient<\/title>\n<meta name=\"description\" content=\"Viele von euch warten schon sehns\u00fcchtig auf den Dark Mode in WhatsApp und Facebook. Nun gibt es gute Nachrichten.\" \/>\n<meta name=\"robots\" content=\"index, follow, max-snippet:-1, max-image-preview:large, max-video-preview:-1\" \/>\n<link rel=\"canonical\" href=\"https:\/\/www.apfelpatient.de\/en\/news\/whatsapp-is-testing-dark-mode-in-ios\" \/>\n<meta property=\"og:locale\" content=\"en_US\" \/>\n<meta property=\"og:type\" content=\"article\" \/>\n<meta property=\"og:title\" content=\"WhatsApp testet den Dark Mode in iOS\" \/>\n<meta property=\"og:description\" content=\"Viele von euch warten schon sehns\u00fcchtig auf den Dark Mode in WhatsApp und Facebook. Nun gibt es gute Nachrichten.\" \/>\n<meta property=\"og:url\" content=\"https:\/\/www.apfelpatient.de\/en\/news\/whatsapp-is-testing-dark-mode-in-ios\" \/>\n<meta property=\"og:site_name\" content=\"Apfelpatient\" \/>\n<meta property=\"article:publisher\" content=\"https:\/\/www.facebook.com\/apfelpatientOfficial\" \/>\n<meta property=\"article:author\" content=\"https:\/\/www.facebook.com\/apfelpatientOfficial\" \/>\n<meta property=\"article:published_time\" content=\"2020-02-06T11:41:14+00:00\" \/>\n<meta property=\"og:image\" content=\"https:\/\/www.apfelpatient.de\/wp-content\/uploads\/2020\/02\/bigstock-Anapa-Russia-July-331367398.jpg\" \/>\n\t<meta property=\"og:image:width\" content=\"1600\" \/>\n\t<meta property=\"og:image:height\" content=\"1067\" \/>\n\t<meta property=\"og:image:type\" content=\"image\/jpeg\" \/>\n<meta name=\"author\" content=\"Milan\" \/>\n<meta name=\"twitter:card\" content=\"summary_large_image\" \/>\n<meta name=\"twitter:description\" content=\"Viele von euch warten schon sehns\u00fcchtig auf den Dark Mode in WhatsApp und Facebook. Nun gibt es gute Nachrichten.\" \/>\n<meta name=\"twitter:label1\" content=\"Written by\" \/>\n\t<meta name=\"twitter:data1\" content=\"Milan\" \/>\n\t<meta name=\"twitter:label2\" content=\"Est. reading time\" \/>\n\t<meta name=\"twitter:data2\" content=\"2 minutes\" \/>\n<script type=\"application\/ld+json\" class=\"yoast-schema-graph\">{\"@context\":\"https:\\\/\\\/schema.org\",\"@graph\":[{\"@type\":\"NewsArticle\",\"@id\":\"https:\\\/\\\/www.apfelpatient.de\\\/news\\\/whatsapp-testet-den-dark-mode-in-ios#article\",\"isPartOf\":{\"@id\":\"https:\\\/\\\/www.apfelpatient.de\\\/news\\\/whatsapp-testet-den-dark-mode-in-ios\"},\"author\":{\"@type\":\"Organization\",\"@id\":\"https:\\\/\\\/www.apfelpatient.de\\\/en\\\/#organization\",\"name\":\"Apfelpatient\",\"url\":\"https:\\\/\\\/www.apfelpatient.de\\\/en\\\/\"},\"headline\":\"WhatsApp testet den Dark Mode in iOS\",\"datePublished\":\"2020-02-06T11:41:14+00:00\",\"mainEntityOfPage\":{\"@id\":\"https:\\\/\\\/www.apfelpatient.de\\\/news\\\/whatsapp-testet-den-dark-mode-in-ios\"},\"wordCount\":318,\"publisher\":{\"@type\":\"Organization\",\"@id\":\"https:\\\/\\\/www.apfelpatient.de\\\/en\\\/#organization\",\"name\":\"Apfelpatient\",\"url\":\"https:\\\/\\\/www.apfelpatient.de\\\/en\\\/\"},\"image\":{\"@id\":\"https:\\\/\\\/www.apfelpatient.de\\\/news\\\/whatsapp-testet-den-dark-mode-in-ios#primaryimage\"},\"thumbnailUrl\":\"https:\\\/\\\/www.apfelpatient.de\\\/wp-content\\\/uploads\\\/2020\\\/02\\\/bigstock-Anapa-Russia-July-331367398.jpg\",\"keywords\":[\"iOS\",\"TechPatient\",\"WhatsApp\"],\"articleSection\":\"News\",\"inLanguage\":\"en-US\",\"copyrightYear\":\"2020\",\"copyrightHolder\":{\"@id\":\"https:\\\/\\\/www.apfelpatient.de\\\/en\\\/#organization\"}},{\"@type\":\"WebPage\",\"@id\":\"https:\\\/\\\/www.apfelpatient.de\\\/news\\\/whatsapp-testet-den-dark-mode-in-ios\",\"url\":\"https:\\\/\\\/www.apfelpatient.de\\\/news\\\/whatsapp-testet-den-dark-mode-in-ios\",\"name\":\"WhatsApp testet den Dark Mode in iOS Apfelpatient\",\"isPartOf\":{\"@id\":\"https:\\\/\\\/www.apfelpatient.de\\\/#website\"},\"primaryImageOfPage\":{\"@id\":\"https:\\\/\\\/www.apfelpatient.de\\\/news\\\/whatsapp-testet-den-dark-mode-in-ios#primaryimage\"},\"image\":{\"@id\":\"https:\\\/\\\/www.apfelpatient.de\\\/news\\\/whatsapp-testet-den-dark-mode-in-ios#primaryimage\"},\"thumbnailUrl\":\"https:\\\/\\\/www.apfelpatient.de\\\/wp-content\\\/uploads\\\/2020\\\/02\\\/bigstock-Anapa-Russia-July-331367398.jpg\",\"datePublished\":\"2020-02-06T11:41:14+00:00\",\"description\":\"Viele von euch warten schon sehns\u00fcchtig auf den Dark Mode in WhatsApp und Facebook. Nun gibt es gute Nachrichten.\",\"breadcrumb\":{\"@id\":\"https:\\\/\\\/www.apfelpatient.de\\\/news\\\/whatsapp-testet-den-dark-mode-in-ios#breadcrumb\"},\"inLanguage\":\"en-US\",\"potentialAction\":[{\"@type\":\"ReadAction\",\"target\":[\"https:\\\/\\\/www.apfelpatient.de\\\/news\\\/whatsapp-testet-den-dark-mode-in-ios\"]}]},{\"@type\":\"ImageObject\",\"inLanguage\":\"en-US\",\"@id\":\"https:\\\/\\\/www.apfelpatient.de\\\/news\\\/whatsapp-testet-den-dark-mode-in-ios#primaryimage\",\"url\":\"https:\\\/\\\/www.apfelpatient.de\\\/wp-content\\\/uploads\\\/2020\\\/02\\\/bigstock-Anapa-Russia-July-331367398.jpg\",\"contentUrl\":\"https:\\\/\\\/www.apfelpatient.de\\\/wp-content\\\/uploads\\\/2020\\\/02\\\/bigstock-Anapa-Russia-July-331367398.jpg\",\"width\":1600,\"height\":1067,\"caption\":\"Anapa, Russia - July 23, 2019: Woman holding iPhone X with social networking service WhatsApp on the screen. iPhone was created and developed by the Apple inc.\"},{\"@type\":\"BreadcrumbList\",\"@id\":\"https:\\\/\\\/www.apfelpatient.de\\\/news\\\/whatsapp-testet-den-dark-mode-in-ios#breadcrumb\",\"itemListElement\":[{\"@type\":\"ListItem\",\"position\":1,\"name\":\"Startseite\",\"item\":\"https:\\\/\\\/www.apfelpatient.de\\\/\"},{\"@type\":\"ListItem\",\"position\":2,\"name\":\"WhatsApp testet den Dark Mode in iOS\"}]},{\"@type\":\"WebSite\",\"@id\":\"https:\\\/\\\/www.apfelpatient.de\\\/#website\",\"url\":\"https:\\\/\\\/www.apfelpatient.de\\\/\",\"name\":\"Apfelpatient\",\"description\":\"Alles rund um Apple!\",\"publisher\":{\"@type\":\"Organization\",\"@id\":\"https:\\\/\\\/www.apfelpatient.de\\\/en\\\/#organization\",\"name\":\"Apfelpatient\",\"url\":\"https:\\\/\\\/www.apfelpatient.de\\\/en\\\/\"},\"alternateName\":\"Apfelpatient\",\"potentialAction\":[{\"@type\":\"SearchAction\",\"target\":{\"@type\":\"EntryPoint\",\"urlTemplate\":\"https:\\\/\\\/www.apfelpatient.de\\\/?s={search_term_string}\"},\"query-input\":{\"@type\":\"PropertyValueSpecification\",\"valueRequired\":true,\"valueName\":\"search_term_string\"}}],\"inLanguage\":\"en-US\"},{\"@type\":[\"Person\",\"Organization\"],\"@id\":\"https:\\\/\\\/www.apfelpatient.de\\\/#\\\/schema\\\/person\\\/35b3ddba5832f2bfc7fff5206d4f6b7b\",\"name\":\"Milan\",\"logo\":{\"@id\":\"https:\\\/\\\/www.apfelpatient.de\\\/#\\\/schema\\\/person\\\/image\\\/\"},\"description\":\"Hallo und herzlich willkommen auf meinem Technik-Blog! Als gro\u00dfer Apple-Fan berichte ich hier \u00fcber alles, was mit Apple zu tun hat: von den neuesten News und spannenden Ger\u00fcchten \u00fcber hilfreiche Tipps und Tricks bis hin zu ausf\u00fchrlichen Produkttests. Wenn du genauso technikbegeistert bist wie ich, bist du hier genau richtig!\",\"sameAs\":[\"https:\\\/\\\/www.facebook.com\\\/apfelpatientOfficial\",\"https:\\\/\\\/www.linkedin.com\\\/in\\\/milan-jovicic-42aa0231b\"],\"url\":\"https:\\\/\\\/www.apfelpatient.de\\\/en\\\/author\\\/apfeladmin\"}]}<\/script>\n<!-- \/ Yoast SEO Premium plugin. -->","yoast_head_json":{"title":"WhatsApp is testing the Dark Mode in iOS Apfelpatient","description":"Many of you are eagerly waiting for the dark mode in WhatsApp and Facebook. Now there is good news.","robots":{"index":"index","follow":"follow","max-snippet":"max-snippet:-1","max-image-preview":"max-image-preview:large","max-video-preview":"max-video-preview:-1"},"canonical":"https:\/\/www.apfelpatient.de\/en\/news\/whatsapp-is-testing-dark-mode-in-ios","og_locale":"en_US","og_type":"article","og_title":"WhatsApp testet den Dark Mode in iOS","og_description":"Viele von euch warten schon sehns\u00fcchtig auf den Dark Mode in WhatsApp und Facebook. Nun gibt es gute Nachrichten.","og_url":"https:\/\/www.apfelpatient.de\/en\/news\/whatsapp-is-testing-dark-mode-in-ios","og_site_name":"Apfelpatient","article_publisher":"https:\/\/www.facebook.com\/apfelpatientOfficial","article_author":"https:\/\/www.facebook.com\/apfelpatientOfficial","article_published_time":"2020-02-06T11:41:14+00:00","og_image":[{"width":1600,"height":1067,"url":"https:\/\/www.apfelpatient.de\/wp-content\/uploads\/2020\/02\/bigstock-Anapa-Russia-July-331367398.jpg","type":"image\/jpeg"}],"author":"Milan","twitter_card":"summary_large_image","twitter_description":"Viele von euch warten schon sehns\u00fcchtig auf den Dark Mode in WhatsApp und Facebook. Nun gibt es gute Nachrichten.","twitter_misc":{"Written by":"Milan","Est. reading time":"2 minutes"},"schema":{"@context":"https:\/\/schema.org","@graph":[{"@type":"NewsArticle","@id":"https:\/\/www.apfelpatient.de\/news\/whatsapp-testet-den-dark-mode-in-ios#article","isPartOf":{"@id":"https:\/\/www.apfelpatient.de\/news\/whatsapp-testet-den-dark-mode-in-ios"},"author":{"@type":"Organization","@id":"https:\/\/www.apfelpatient.de\/en\/#organization","name":"Apfelpatient","url":"https:\/\/www.apfelpatient.de\/en\/"},"headline":"WhatsApp testet den Dark Mode in iOS","datePublished":"2020-02-06T11:41:14+00:00","mainEntityOfPage":{"@id":"https:\/\/www.apfelpatient.de\/news\/whatsapp-testet-den-dark-mode-in-ios"},"wordCount":318,"publisher":{"@type":"Organization","@id":"https:\/\/www.apfelpatient.de\/en\/#organization","name":"Apfelpatient","url":"https:\/\/www.apfelpatient.de\/en\/"},"image":{"@id":"https:\/\/www.apfelpatient.de\/news\/whatsapp-testet-den-dark-mode-in-ios#primaryimage"},"thumbnailUrl":"https:\/\/www.apfelpatient.de\/wp-content\/uploads\/2020\/02\/bigstock-Anapa-Russia-July-331367398.jpg","keywords":["iOS","TechPatient","WhatsApp"],"articleSection":"News","inLanguage":"en-US","copyrightYear":"2020","copyrightHolder":{"@id":"https:\/\/www.apfelpatient.de\/en\/#organization"}},{"@type":"WebPage","@id":"https:\/\/www.apfelpatient.de\/news\/whatsapp-testet-den-dark-mode-in-ios","url":"https:\/\/www.apfelpatient.de\/news\/whatsapp-testet-den-dark-mode-in-ios","name":"WhatsApp is testing the Dark Mode in iOS Apfelpatient","isPartOf":{"@id":"https:\/\/www.apfelpatient.de\/#website"},"primaryImageOfPage":{"@id":"https:\/\/www.apfelpatient.de\/news\/whatsapp-testet-den-dark-mode-in-ios#primaryimage"},"image":{"@id":"https:\/\/www.apfelpatient.de\/news\/whatsapp-testet-den-dark-mode-in-ios#primaryimage"},"thumbnailUrl":"https:\/\/www.apfelpatient.de\/wp-content\/uploads\/2020\/02\/bigstock-Anapa-Russia-July-331367398.jpg","datePublished":"2020-02-06T11:41:14+00:00","description":"Many of you are eagerly waiting for the dark mode in WhatsApp and Facebook. Now there is good news.","breadcrumb":{"@id":"https:\/\/www.apfelpatient.de\/news\/whatsapp-testet-den-dark-mode-in-ios#breadcrumb"},"inLanguage":"en-US","potentialAction":[{"@type":"ReadAction","target":["https:\/\/www.apfelpatient.de\/news\/whatsapp-testet-den-dark-mode-in-ios"]}]},{"@type":"ImageObject","inLanguage":"en-US","@id":"https:\/\/www.apfelpatient.de\/news\/whatsapp-testet-den-dark-mode-in-ios#primaryimage","url":"https:\/\/www.apfelpatient.de\/wp-content\/uploads\/2020\/02\/bigstock-Anapa-Russia-July-331367398.jpg","contentUrl":"https:\/\/www.apfelpatient.de\/wp-content\/uploads\/2020\/02\/bigstock-Anapa-Russia-July-331367398.jpg","width":1600,"height":1067,"caption":"Anapa, Russia - July 23, 2019: Woman holding iPhone X with social networking service WhatsApp on the screen. iPhone was created and developed by the Apple inc."},{"@type":"BreadcrumbList","@id":"https:\/\/www.apfelpatient.de\/news\/whatsapp-testet-den-dark-mode-in-ios#breadcrumb","itemListElement":[{"@type":"ListItem","position":1,"name":"Startseite","item":"https:\/\/www.apfelpatient.de\/"},{"@type":"ListItem","position":2,"name":"WhatsApp testet den Dark Mode in iOS"}]},{"@type":"WebSite","@id":"https:\/\/www.apfelpatient.de\/#website","url":"https:\/\/www.apfelpatient.de\/","name":"apple patient","description":"Everything about Apple!","publisher":{"@type":"Organization","@id":"https:\/\/www.apfelpatient.de\/en\/#organization","name":"Apfelpatient","url":"https:\/\/www.apfelpatient.de\/en\/"},"alternateName":"Apfelpatient","potentialAction":[{"@type":"SearchAction","target":{"@type":"EntryPoint","urlTemplate":"https:\/\/www.apfelpatient.de\/?s={search_term_string}"},"query-input":{"@type":"PropertyValueSpecification","valueRequired":true,"valueName":"search_term_string"}}],"inLanguage":"en-US"},{"@type":["Person","Organization"],"@id":"https:\/\/www.apfelpatient.de\/#\/schema\/person\/35b3ddba5832f2bfc7fff5206d4f6b7b","name":"Milan","logo":{"@id":"https:\/\/www.apfelpatient.de\/#\/schema\/person\/image\/"},"description":"Hello and welcome to my technology blog! As a big Apple fan, I report on everything to do with Apple: from the latest news and exciting rumors to helpful tips and tricks and detailed product tests. If you are as enthusiastic about technology as I am, you have come to the right place!","sameAs":["https:\/\/www.facebook.com\/apfelpatientOfficial","https:\/\/www.linkedin.com\/in\/milan-jovicic-42aa0231b"],"url":"https:\/\/www.apfelpatient.de\/en\/author\/apfeladmin"}]}},"_links":{"self":[{"href":"https:\/\/www.apfelpatient.de\/en\/wp-json\/wp\/v2\/posts\/9891","targetHints":{"allow":["GET"]}}],"collection":[{"href":"https:\/\/www.apfelpatient.de\/en\/wp-json\/wp\/v2\/posts"}],"about":[{"href":"https:\/\/www.apfelpatient.de\/en\/wp-json\/wp\/v2\/types\/post"}],"author":[{"embeddable":true,"href":"https:\/\/www.apfelpatient.de\/en\/wp-json\/wp\/v2\/users\/2"}],"replies":[{"embeddable":true,"href":"https:\/\/www.apfelpatient.de\/en\/wp-json\/wp\/v2\/comments?post=9891"}],"version-history":[{"count":0,"href":"https:\/\/www.apfelpatient.de\/en\/wp-json\/wp\/v2\/posts\/9891\/revisions"}],"wp:featuredmedia":[{"embeddable":true,"href":"https:\/\/www.apfelpatient.de\/en\/wp-json\/wp\/v2\/media\/9892"}],"wp:attachment":[{"href":"https:\/\/www.apfelpatient.de\/en\/wp-json\/wp\/v2\/media?parent=9891"}],"wp:term":[{"taxonomy":"category","embeddable":true,"href":"https:\/\/www.apfelpatient.de\/en\/wp-json\/wp\/v2\/categories?post=9891"},{"taxonomy":"post_tag","embeddable":true,"href":"https:\/\/www.apfelpatient.de\/en\/wp-json\/wp\/v2\/tags?post=9891"}],"curies":[{"name":"wp","href":"https:\/\/api.w.org\/{rel}","templated":true}]}}