{"id":986,"date":"2018-07-05T16:07:46","date_gmt":"2018-07-05T14:07:46","guid":{"rendered":"https:\/\/www.apfelpatient.de\/?p=986"},"modified":"2025-02-06T07:03:53","modified_gmt":"2025-02-06T06:03:53","slug":"2018-iphones-have-a-more-diverse-color-palette-this-year","status":"publish","type":"post","link":"https:\/\/www.apfelpatient.de\/en\/rumors\/2018-iphones-gibt-es-dieses-jahr-eine-vielfaeltigere-farbpalette","title":{"rendered":"2018 iPhones: Will there be a more diverse color palette this year?"},"content":{"rendered":"<p><strong>Apple will make iPhones more colorful this year, writes Apple expert Ming-Chi Kuo in his latest report to investors.<\/strong><\/p>\n<p><strong>Something for everyone?<\/strong><\/p>\n<p>He has excellent connections to Apple&#039;s supply chain and rarely disappoints. Now he claims to have learned that Apple will offer the new iPhones in six different colors. The &quot;<em>iPhone X Plus<\/em>\u201c, the larger version of the X model, will be available in black, white and a new gold tone, according to Kuo. The LCD model (6.1 inch), which has not yet been named, will be available in black, white and red, and may even have a blue and orange finish.<\/p>\n<p><strong>Known prices<\/strong><\/p>\n<p>Kuo also commented on the prices. The \u201ciPhone X Plus\u201d will cost 1000 US dollars, the same as the \u201c<em>iPhone X<\/em>\u201c entry-level model. The LCD iPhone will be available for purchase starting at 700 US dollars. He also repeated the latest speculation from China that \u201ciPhone X Plus\u201d would have two SIM slots on board. ( <a href=\"https:\/\/www.apfelpatient.de\/en\">To the report: Will the next iPhone have more than one SIM?<\/a>)<\/p>","protected":false},"excerpt":{"rendered":"<p>Apple wird dieses Jahr die iPhones bunter gestalten, dass schreibt der Apple-Experte Ming-Chi Kuo in seinem j\u00fcngsten Bericht an Investoren. F\u00fcr jeden was dabei? Er verf\u00fcgt \u00fcber ausgezeichnete Verbindungen zu Apples Lieferkette und entt\u00e4uscht nur selten. Nun will er erfahren haben, dass Apple die neuen iPhones in sechs verschiedenen Farben anbieten wird. Das \u201eiPhone X [&hellip;]<\/p>\n","protected":false},"author":2,"featured_media":987,"comment_status":"open","ping_status":"open","sticky":false,"template":"","format":"standard","meta":{"jnews-multi-image_gallery":[],"jnews_single_post":[],"jnews_primary_category":[],"footnotes":""},"categories":[25],"tags":[8,39],"class_list":["post-986","post","type-post","status-publish","format-standard","has-post-thumbnail","hentry","category-rumors","tag-iphone","tag-iphone-x-plus"],"yoast_head":"<!-- This site is optimized with the Yoast SEO Premium plugin v27.5 (Yoast SEO v27.5) - https:\/\/yoast.com\/product\/yoast-seo-premium-wordpress\/ -->\n<title>2018 iPhones: Gibt es dieses Jahr eine vielf\u00e4ltigere Farbpalette? Apfelpatient<\/title>\n<meta name=\"description\" content=\"Apple wird dieses Jahr die iPhones bunter gestalten, dass schreibt der Apple-Experte Ming-Chi Kuo in seinem j\u00fcngsten Bericht an Investoren. F\u00fcr jeden was\" \/>\n<meta name=\"robots\" content=\"index, follow, max-snippet:-1, max-image-preview:large, max-video-preview:-1\" \/>\n<link rel=\"canonical\" href=\"https:\/\/www.apfelpatient.de\/en\/rumors\/2018-iphones-have-a-more-diverse-color-palette-this-year\" \/>\n<meta property=\"og:locale\" content=\"en_US\" \/>\n<meta property=\"og:type\" content=\"article\" \/>\n<meta property=\"og:title\" content=\"2018 iPhones: Gibt es dieses Jahr eine vielf\u00e4ltigere Farbpalette?\" \/>\n<meta property=\"og:description\" content=\"Apple wird dieses Jahr die iPhones bunter gestalten, dass schreibt der Apple-Experte Ming-Chi Kuo in seinem j\u00fcngsten Bericht an Investoren. F\u00fcr jeden was\" \/>\n<meta property=\"og:url\" content=\"https:\/\/www.apfelpatient.de\/en\/rumors\/2018-iphones-have-a-more-diverse-color-palette-this-year\" \/>\n<meta property=\"og:site_name\" content=\"Apfelpatient\" \/>\n<meta property=\"article:publisher\" content=\"https:\/\/www.facebook.com\/apfelpatientOfficial\" \/>\n<meta property=\"article:author\" content=\"https:\/\/www.facebook.com\/apfelpatientOfficial\" \/>\n<meta property=\"article:published_time\" content=\"2018-07-05T14:07:46+00:00\" \/>\n<meta property=\"article:modified_time\" content=\"2025-02-06T06:03:53+00:00\" \/>\n<meta property=\"og:image\" content=\"https:\/\/www.apfelpatient.de\/wp-content\/uploads\/2018\/07\/3FB7E3E0-A059-4A41-A936-2CA6219AD53D.png\" \/>\n\t<meta property=\"og:image:width\" content=\"1142\" \/>\n\t<meta property=\"og:image:height\" content=\"695\" \/>\n\t<meta property=\"og:image:type\" content=\"image\/png\" \/>\n<meta name=\"author\" content=\"Milan\" \/>\n<meta name=\"twitter:card\" content=\"summary_large_image\" \/>\n<meta name=\"twitter:label1\" content=\"Written by\" \/>\n\t<meta name=\"twitter:data1\" content=\"Milan\" \/>\n\t<meta name=\"twitter:label2\" content=\"Est. reading time\" \/>\n\t<meta name=\"twitter:data2\" content=\"1 minute\" \/>\n<script type=\"application\/ld+json\" class=\"yoast-schema-graph\">{\"@context\":\"https:\\\/\\\/schema.org\",\"@graph\":[{\"@type\":\"NewsArticle\",\"@id\":\"https:\\\/\\\/www.apfelpatient.de\\\/rumors\\\/2018-iphones-gibt-es-dieses-jahr-eine-vielfaeltigere-farbpalette#article\",\"isPartOf\":{\"@id\":\"https:\\\/\\\/www.apfelpatient.de\\\/rumors\\\/2018-iphones-gibt-es-dieses-jahr-eine-vielfaeltigere-farbpalette\"},\"author\":{\"@type\":\"Organization\",\"@id\":\"https:\\\/\\\/www.apfelpatient.de\\\/en\\\/#organization\",\"name\":\"Apfelpatient\",\"url\":\"https:\\\/\\\/www.apfelpatient.de\\\/en\\\/\"},\"headline\":\"2018 iPhones: Gibt es dieses Jahr eine vielf\u00e4ltigere Farbpalette?\",\"datePublished\":\"2018-07-05T14:07:46+00:00\",\"dateModified\":\"2025-02-06T06:03:53+00:00\",\"mainEntityOfPage\":{\"@id\":\"https:\\\/\\\/www.apfelpatient.de\\\/rumors\\\/2018-iphones-gibt-es-dieses-jahr-eine-vielfaeltigere-farbpalette\"},\"wordCount\":177,\"commentCount\":0,\"publisher\":{\"@type\":\"Organization\",\"@id\":\"https:\\\/\\\/www.apfelpatient.de\\\/en\\\/#organization\",\"name\":\"Apfelpatient\",\"url\":\"https:\\\/\\\/www.apfelpatient.de\\\/en\\\/\"},\"image\":{\"@id\":\"https:\\\/\\\/www.apfelpatient.de\\\/rumors\\\/2018-iphones-gibt-es-dieses-jahr-eine-vielfaeltigere-farbpalette#primaryimage\"},\"thumbnailUrl\":\"https:\\\/\\\/www.apfelpatient.de\\\/wp-content\\\/uploads\\\/2018\\\/07\\\/3FB7E3E0-A059-4A41-A936-2CA6219AD53D.png\",\"keywords\":[\"iPhone\",\"iPhone X Plus\"],\"articleSection\":\"Rumors\",\"inLanguage\":\"en-US\",\"potentialAction\":[{\"@type\":\"CommentAction\",\"name\":\"Comment\",\"target\":[\"https:\\\/\\\/www.apfelpatient.de\\\/rumors\\\/2018-iphones-gibt-es-dieses-jahr-eine-vielfaeltigere-farbpalette#respond\"]}],\"copyrightYear\":\"2018\",\"copyrightHolder\":{\"@id\":\"https:\\\/\\\/www.apfelpatient.de\\\/en\\\/#organization\"}},{\"@type\":\"WebPage\",\"@id\":\"https:\\\/\\\/www.apfelpatient.de\\\/rumors\\\/2018-iphones-gibt-es-dieses-jahr-eine-vielfaeltigere-farbpalette\",\"url\":\"https:\\\/\\\/www.apfelpatient.de\\\/rumors\\\/2018-iphones-gibt-es-dieses-jahr-eine-vielfaeltigere-farbpalette\",\"name\":\"2018 iPhones: Gibt es dieses Jahr eine vielf\u00e4ltigere Farbpalette? Apfelpatient\",\"isPartOf\":{\"@id\":\"https:\\\/\\\/www.apfelpatient.de\\\/#website\"},\"primaryImageOfPage\":{\"@id\":\"https:\\\/\\\/www.apfelpatient.de\\\/rumors\\\/2018-iphones-gibt-es-dieses-jahr-eine-vielfaeltigere-farbpalette#primaryimage\"},\"image\":{\"@id\":\"https:\\\/\\\/www.apfelpatient.de\\\/rumors\\\/2018-iphones-gibt-es-dieses-jahr-eine-vielfaeltigere-farbpalette#primaryimage\"},\"thumbnailUrl\":\"https:\\\/\\\/www.apfelpatient.de\\\/wp-content\\\/uploads\\\/2018\\\/07\\\/3FB7E3E0-A059-4A41-A936-2CA6219AD53D.png\",\"datePublished\":\"2018-07-05T14:07:46+00:00\",\"dateModified\":\"2025-02-06T06:03:53+00:00\",\"description\":\"Apple wird dieses Jahr die iPhones bunter gestalten, dass schreibt der Apple-Experte Ming-Chi Kuo in seinem j\u00fcngsten Bericht an Investoren. F\u00fcr jeden was\",\"breadcrumb\":{\"@id\":\"https:\\\/\\\/www.apfelpatient.de\\\/rumors\\\/2018-iphones-gibt-es-dieses-jahr-eine-vielfaeltigere-farbpalette#breadcrumb\"},\"inLanguage\":\"en-US\",\"potentialAction\":[{\"@type\":\"ReadAction\",\"target\":[\"https:\\\/\\\/www.apfelpatient.de\\\/rumors\\\/2018-iphones-gibt-es-dieses-jahr-eine-vielfaeltigere-farbpalette\"]}]},{\"@type\":\"ImageObject\",\"inLanguage\":\"en-US\",\"@id\":\"https:\\\/\\\/www.apfelpatient.de\\\/rumors\\\/2018-iphones-gibt-es-dieses-jahr-eine-vielfaeltigere-farbpalette#primaryimage\",\"url\":\"https:\\\/\\\/www.apfelpatient.de\\\/wp-content\\\/uploads\\\/2018\\\/07\\\/3FB7E3E0-A059-4A41-A936-2CA6219AD53D.png\",\"contentUrl\":\"https:\\\/\\\/www.apfelpatient.de\\\/wp-content\\\/uploads\\\/2018\\\/07\\\/3FB7E3E0-A059-4A41-A936-2CA6219AD53D.png\",\"width\":1142,\"height\":695},{\"@type\":\"BreadcrumbList\",\"@id\":\"https:\\\/\\\/www.apfelpatient.de\\\/rumors\\\/2018-iphones-gibt-es-dieses-jahr-eine-vielfaeltigere-farbpalette#breadcrumb\",\"itemListElement\":[{\"@type\":\"ListItem\",\"position\":1,\"name\":\"Startseite\",\"item\":\"https:\\\/\\\/www.apfelpatient.de\\\/\"},{\"@type\":\"ListItem\",\"position\":2,\"name\":\"2018 iPhones: Gibt es dieses Jahr eine vielf\u00e4ltigere Farbpalette?\"}]},{\"@type\":\"WebSite\",\"@id\":\"https:\\\/\\\/www.apfelpatient.de\\\/#website\",\"url\":\"https:\\\/\\\/www.apfelpatient.de\\\/\",\"name\":\"Apfelpatient\",\"description\":\"Alles rund um Apple!\",\"publisher\":{\"@type\":\"Organization\",\"@id\":\"https:\\\/\\\/www.apfelpatient.de\\\/en\\\/#organization\",\"name\":\"Apfelpatient\",\"url\":\"https:\\\/\\\/www.apfelpatient.de\\\/en\\\/\"},\"alternateName\":\"Apfelpatient\",\"potentialAction\":[{\"@type\":\"SearchAction\",\"target\":{\"@type\":\"EntryPoint\",\"urlTemplate\":\"https:\\\/\\\/www.apfelpatient.de\\\/?s={search_term_string}\"},\"query-input\":{\"@type\":\"PropertyValueSpecification\",\"valueRequired\":true,\"valueName\":\"search_term_string\"}}],\"inLanguage\":\"en-US\"},{\"@type\":[\"Person\",\"Organization\"],\"@id\":\"https:\\\/\\\/www.apfelpatient.de\\\/#\\\/schema\\\/person\\\/7dc56ad6c8e9824b76d2c08d4c140e13\",\"name\":\"Milan\",\"logo\":{\"@id\":\"https:\\\/\\\/www.apfelpatient.de\\\/#\\\/schema\\\/person\\\/image\\\/\"},\"description\":\"Hallo und herzlich willkommen auf meinem Technik-Blog! Als gro\u00dfer Apple-Fan berichte ich hier \u00fcber alles, was mit Apple zu tun hat: von den neuesten News und spannenden Ger\u00fcchten \u00fcber hilfreiche Tipps und Tricks bis hin zu ausf\u00fchrlichen Produkttests. Wenn du genauso technikbegeistert bist wie ich, bist du hier genau richtig!\",\"sameAs\":[\"https:\\\/\\\/www.facebook.com\\\/apfelpatientOfficial\",\"https:\\\/\\\/www.linkedin.com\\\/in\\\/milan-jovicic-42aa0231b\"],\"url\":\"https:\\\/\\\/www.apfelpatient.de\\\/en\\\/author\\\/apfeladmin\"}]}<\/script>\n<!-- \/ Yoast SEO Premium plugin. -->","yoast_head_json":{"title":"2018 iPhones: Will there be a more diverse color palette this year? Apfelpatient","description":"Apple will make iPhones more colorful this year, writes Apple expert Ming-Chi Kuo in his latest report to investors. Something for everyone","robots":{"index":"index","follow":"follow","max-snippet":"max-snippet:-1","max-image-preview":"max-image-preview:large","max-video-preview":"max-video-preview:-1"},"canonical":"https:\/\/www.apfelpatient.de\/en\/rumors\/2018-iphones-have-a-more-diverse-color-palette-this-year","og_locale":"en_US","og_type":"article","og_title":"2018 iPhones: Gibt es dieses Jahr eine vielf\u00e4ltigere Farbpalette?","og_description":"Apple wird dieses Jahr die iPhones bunter gestalten, dass schreibt der Apple-Experte Ming-Chi Kuo in seinem j\u00fcngsten Bericht an Investoren. F\u00fcr jeden was","og_url":"https:\/\/www.apfelpatient.de\/en\/rumors\/2018-iphones-have-a-more-diverse-color-palette-this-year","og_site_name":"Apfelpatient","article_publisher":"https:\/\/www.facebook.com\/apfelpatientOfficial","article_author":"https:\/\/www.facebook.com\/apfelpatientOfficial","article_published_time":"2018-07-05T14:07:46+00:00","article_modified_time":"2025-02-06T06:03:53+00:00","og_image":[{"width":1142,"height":695,"url":"https:\/\/www.apfelpatient.de\/wp-content\/uploads\/2018\/07\/3FB7E3E0-A059-4A41-A936-2CA6219AD53D.png","type":"image\/png"}],"author":"Milan","twitter_card":"summary_large_image","twitter_misc":{"Written by":"Milan","Est. reading time":"1 minute"},"schema":{"@context":"https:\/\/schema.org","@graph":[{"@type":"NewsArticle","@id":"https:\/\/www.apfelpatient.de\/rumors\/2018-iphones-gibt-es-dieses-jahr-eine-vielfaeltigere-farbpalette#article","isPartOf":{"@id":"https:\/\/www.apfelpatient.de\/rumors\/2018-iphones-gibt-es-dieses-jahr-eine-vielfaeltigere-farbpalette"},"author":{"@type":"Organization","@id":"https:\/\/www.apfelpatient.de\/en\/#organization","name":"Apfelpatient","url":"https:\/\/www.apfelpatient.de\/en\/"},"headline":"2018 iPhones: Gibt es dieses Jahr eine vielf\u00e4ltigere Farbpalette?","datePublished":"2018-07-05T14:07:46+00:00","dateModified":"2025-02-06T06:03:53+00:00","mainEntityOfPage":{"@id":"https:\/\/www.apfelpatient.de\/rumors\/2018-iphones-gibt-es-dieses-jahr-eine-vielfaeltigere-farbpalette"},"wordCount":177,"commentCount":0,"publisher":{"@type":"Organization","@id":"https:\/\/www.apfelpatient.de\/en\/#organization","name":"Apfelpatient","url":"https:\/\/www.apfelpatient.de\/en\/"},"image":{"@id":"https:\/\/www.apfelpatient.de\/rumors\/2018-iphones-gibt-es-dieses-jahr-eine-vielfaeltigere-farbpalette#primaryimage"},"thumbnailUrl":"https:\/\/www.apfelpatient.de\/wp-content\/uploads\/2018\/07\/3FB7E3E0-A059-4A41-A936-2CA6219AD53D.png","keywords":["iPhone","iPhone X Plus"],"articleSection":"Rumors","inLanguage":"en-US","potentialAction":[{"@type":"CommentAction","name":"Comment","target":["https:\/\/www.apfelpatient.de\/rumors\/2018-iphones-gibt-es-dieses-jahr-eine-vielfaeltigere-farbpalette#respond"]}],"copyrightYear":"2018","copyrightHolder":{"@id":"https:\/\/www.apfelpatient.de\/en\/#organization"}},{"@type":"WebPage","@id":"https:\/\/www.apfelpatient.de\/rumors\/2018-iphones-gibt-es-dieses-jahr-eine-vielfaeltigere-farbpalette","url":"https:\/\/www.apfelpatient.de\/rumors\/2018-iphones-gibt-es-dieses-jahr-eine-vielfaeltigere-farbpalette","name":"2018 iPhones: Will there be a more diverse color palette this year? Apfelpatient","isPartOf":{"@id":"https:\/\/www.apfelpatient.de\/#website"},"primaryImageOfPage":{"@id":"https:\/\/www.apfelpatient.de\/rumors\/2018-iphones-gibt-es-dieses-jahr-eine-vielfaeltigere-farbpalette#primaryimage"},"image":{"@id":"https:\/\/www.apfelpatient.de\/rumors\/2018-iphones-gibt-es-dieses-jahr-eine-vielfaeltigere-farbpalette#primaryimage"},"thumbnailUrl":"https:\/\/www.apfelpatient.de\/wp-content\/uploads\/2018\/07\/3FB7E3E0-A059-4A41-A936-2CA6219AD53D.png","datePublished":"2018-07-05T14:07:46+00:00","dateModified":"2025-02-06T06:03:53+00:00","description":"Apple will make iPhones more colorful this year, writes Apple expert Ming-Chi Kuo in his latest report to investors. Something for everyone","breadcrumb":{"@id":"https:\/\/www.apfelpatient.de\/rumors\/2018-iphones-gibt-es-dieses-jahr-eine-vielfaeltigere-farbpalette#breadcrumb"},"inLanguage":"en-US","potentialAction":[{"@type":"ReadAction","target":["https:\/\/www.apfelpatient.de\/rumors\/2018-iphones-gibt-es-dieses-jahr-eine-vielfaeltigere-farbpalette"]}]},{"@type":"ImageObject","inLanguage":"en-US","@id":"https:\/\/www.apfelpatient.de\/rumors\/2018-iphones-gibt-es-dieses-jahr-eine-vielfaeltigere-farbpalette#primaryimage","url":"https:\/\/www.apfelpatient.de\/wp-content\/uploads\/2018\/07\/3FB7E3E0-A059-4A41-A936-2CA6219AD53D.png","contentUrl":"https:\/\/www.apfelpatient.de\/wp-content\/uploads\/2018\/07\/3FB7E3E0-A059-4A41-A936-2CA6219AD53D.png","width":1142,"height":695},{"@type":"BreadcrumbList","@id":"https:\/\/www.apfelpatient.de\/rumors\/2018-iphones-gibt-es-dieses-jahr-eine-vielfaeltigere-farbpalette#breadcrumb","itemListElement":[{"@type":"ListItem","position":1,"name":"Startseite","item":"https:\/\/www.apfelpatient.de\/"},{"@type":"ListItem","position":2,"name":"2018 iPhones: Gibt es dieses Jahr eine vielf\u00e4ltigere Farbpalette?"}]},{"@type":"WebSite","@id":"https:\/\/www.apfelpatient.de\/#website","url":"https:\/\/www.apfelpatient.de\/","name":"apple patient","description":"Everything about Apple!","publisher":{"@type":"Organization","@id":"https:\/\/www.apfelpatient.de\/en\/#organization","name":"Apfelpatient","url":"https:\/\/www.apfelpatient.de\/en\/"},"alternateName":"Apfelpatient","potentialAction":[{"@type":"SearchAction","target":{"@type":"EntryPoint","urlTemplate":"https:\/\/www.apfelpatient.de\/?s={search_term_string}"},"query-input":{"@type":"PropertyValueSpecification","valueRequired":true,"valueName":"search_term_string"}}],"inLanguage":"en-US"},{"@type":["Person","Organization"],"@id":"https:\/\/www.apfelpatient.de\/#\/schema\/person\/7dc56ad6c8e9824b76d2c08d4c140e13","name":"Milan","logo":{"@id":"https:\/\/www.apfelpatient.de\/#\/schema\/person\/image\/"},"description":"Hello and welcome to my technology blog! As a big Apple fan, I report on everything to do with Apple: from the latest news and exciting rumors to helpful tips and tricks and detailed product tests. If you are as enthusiastic about technology as I am, you have come to the right place!","sameAs":["https:\/\/www.facebook.com\/apfelpatientOfficial","https:\/\/www.linkedin.com\/in\/milan-jovicic-42aa0231b"],"url":"https:\/\/www.apfelpatient.de\/en\/author\/apfeladmin"}]}},"_links":{"self":[{"href":"https:\/\/www.apfelpatient.de\/en\/wp-json\/wp\/v2\/posts\/986","targetHints":{"allow":["GET"]}}],"collection":[{"href":"https:\/\/www.apfelpatient.de\/en\/wp-json\/wp\/v2\/posts"}],"about":[{"href":"https:\/\/www.apfelpatient.de\/en\/wp-json\/wp\/v2\/types\/post"}],"author":[{"embeddable":true,"href":"https:\/\/www.apfelpatient.de\/en\/wp-json\/wp\/v2\/users\/2"}],"replies":[{"embeddable":true,"href":"https:\/\/www.apfelpatient.de\/en\/wp-json\/wp\/v2\/comments?post=986"}],"version-history":[{"count":0,"href":"https:\/\/www.apfelpatient.de\/en\/wp-json\/wp\/v2\/posts\/986\/revisions"}],"wp:featuredmedia":[{"embeddable":true,"href":"https:\/\/www.apfelpatient.de\/en\/wp-json\/wp\/v2\/media\/987"}],"wp:attachment":[{"href":"https:\/\/www.apfelpatient.de\/en\/wp-json\/wp\/v2\/media?parent=986"}],"wp:term":[{"taxonomy":"category","embeddable":true,"href":"https:\/\/www.apfelpatient.de\/en\/wp-json\/wp\/v2\/categories?post=986"},{"taxonomy":"post_tag","embeddable":true,"href":"https:\/\/www.apfelpatient.de\/en\/wp-json\/wp\/v2\/tags?post=986"}],"curies":[{"name":"wp","href":"https:\/\/api.w.org\/{rel}","templated":true}]}}