{"id":9818,"date":"2020-02-02T15:29:40","date_gmt":"2020-02-02T14:29:40","guid":{"rendered":"https:\/\/www.apfelpatient.de\/?p=9818"},"modified":"2020-02-02T15:29:40","modified_gmt":"2020-02-02T14:29:40","slug":"airpods-pro-applecare-covers-ear-tips","status":"publish","type":"post","link":"https:\/\/www.apfelpatient.de\/en\/news\/airpods-pro-applecare-deckt-ohreinsaetze-ab","title":{"rendered":"AirPods Pro: AppleCare+ covers ear tips"},"content":{"rendered":"<p class=\"has-drop-cap\"><strong>At the end of December we discussed <a href=\"https:\/\/www.apfelpatient.de\/en\/tips-tricks\/lost-or-broken-this-is-how-airpods-pro-ear-tips-are-bought\">reported<\/a>how to replace the earpieces of the AirPods Pro if they are broken or lost. Now Apple seems to have made a change.&nbsp;<\/strong><\/p>\n\n\n\n<p>Due to their in-ear design, the AirPods Pro have so-called ear tips made of silicone. If these are broken or lost, they can be purchased from Apple. This costs around 3.50 euros per pair. But now there are reports that Apple will replace them free of charge if the user has taken out AppleCare+ for the AirPods Pro. This is reported by the US blog <a href=\"https:\/\/www.macrumors.com\/2020\/01\/31\/apple-airpods-pro-applecare-free-replacement-tips\/\">MacRumors<\/a>It doesn&#039;t matter whether they are reordered online or locally. Users report that they didn&#039;t have to pay any additional costs in the end. It remains unclear how often Apple carries out these free exchanges under AppleCare+ - the company has not yet commented on this.&nbsp;<\/p>\n\n\n\n<h3 class=\"wp-block-heading\">This is how much it costs to repair the AirPods Pro&nbsp;<\/h3>\n\n\n\n\n\n\n\n<p><\/p>\n\n\n\n<p>Repairing or replacing AirPods Pro can be expensive. But with AppleCare+, the whole thing is only half as bad. The cover for Apple&#039;s latest earbuds costs around 39 euros and saves users a lot of money. Within the warranty period, users have to pay around 55 euros per earbud for a repair without AppleCare+ - the price outside the warranty period is a whopping 99 euros. The same prices apply for the wireless charging case. If one of the AirPods or the charging case is lost, 99 euros and 109 euros are charged respectively. If the user has opted for AppleCare+ cover, they only have to pay 29 euros. It does not matter whether the earbuds or the charging case need to be repaired or replaced because they have been lost. You don&#039;t have AirPods yet? Then take a look at our&nbsp;<a href=\"https:\/\/www.amazon.de\/shop\/apfelpatientofficial?listId=2SH1KEP4J41TE&amp;ref=cm_sw_em_r_inf_list_own_apfelpatientofficial_dp_OmK2WJxlzgh8D\">Apfelpatient Amazon Shop<\/a>&nbsp;over.&nbsp;<em>(Photo by dominiquejames \/ Bigstockphoto)<\/em><\/p>\n\n\n\n<ul class=\"wp-block-list\"><li><a href=\"https:\/\/www.apfelpatient.de\/en\/tips-tricks\/lost-or-broken-this-is-how-airpods-pro-ear-tips-are-bought\">Lost or broken \u2013 How to buy AirPods Pro ear tips<\/a><\/li><li><a href=\"https:\/\/www.apfelpatient.de\/en\/tips-tricks\/airpods-how-to-fix-connection-problems\">AirPods: How to fix connection problems<\/a><\/li><li><a href=\"https:\/\/www.apfelpatient.de\/en\/news\/nomad-introduces-new-case-for-airpods-pro\">Nomad introduces new case for AirPods Pro<\/a><\/li><\/ul>","protected":false},"excerpt":{"rendered":"<p>At the end of December, we reported on how to replace the earpieces of the AirPods Pro if they are broken or lost.<\/p>","protected":false},"author":2,"featured_media":9817,"comment_status":"closed","ping_status":"closed","sticky":false,"template":"","format":"standard","meta":{"jnews-multi-image_gallery":[],"jnews_single_post":{"subtitle":"","format":"standard","video":"","gallery":"","source_name":"","source_url":"","via_name":"MacRumors","via_url":"https:\/\/www.macrumors.com\/2020\/01\/31\/apple-airpods-pro-applecare-free-replacement-tips\/","override":[{"single_blog_custom":"","sidebar":"","second_sidebar":"","share_position":"","share_float_style":"","post_date_format":"","post_date_format_custom":"","post_reading_time_wpm":"","zoom_button_out_step":"1","zoom_button_in_step":"1","number_popup_post":"1"}],"image_override":[{"single_post_thumbnail_size":"","single_post_gallery_size":""}],"trending_post_position":"","trending_post_label":""},"jnews_primary_category":{"id":"265"},"footnotes":""},"categories":[9],"tags":[28,347],"class_list":["post-9818","post","type-post","status-publish","format-standard","has-post-thumbnail","hentry","category-news","tag-airpods","tag-airpods-pro"],"yoast_head":"<!-- This site is optimized with the Yoast SEO Premium plugin v27.5 (Yoast SEO v27.5) - https:\/\/yoast.com\/product\/yoast-seo-premium-wordpress\/ -->\n<title>AirPods Pro: AppleCare+ deckt Ohreins\u00e4tze ab Apfelpatient<\/title>\n<meta name=\"description\" content=\"Ende Dezember haben wir dar\u00fcber berichtet, wie die Ohreins\u00e4tze der AirPods Pro getauscht werden k\u00f6nnen, wenn diese kaputt oder verloren gehen.\" \/>\n<meta name=\"robots\" content=\"index, follow, max-snippet:-1, max-image-preview:large, max-video-preview:-1\" \/>\n<link rel=\"canonical\" href=\"https:\/\/www.apfelpatient.de\/en\/news\/airpods-pro-applecare-covers-ear-tips\" \/>\n<meta property=\"og:locale\" content=\"en_US\" \/>\n<meta property=\"og:type\" content=\"article\" \/>\n<meta property=\"og:title\" content=\"AirPods Pro: AppleCare+ deckt Ohreins\u00e4tze ab\" \/>\n<meta property=\"og:description\" content=\"Ende Dezember haben wir dar\u00fcber berichtet, wie die Ohreins\u00e4tze der AirPods Pro getauscht werden k\u00f6nnen, wenn diese kaputt oder verloren gehen.\" \/>\n<meta property=\"og:url\" content=\"https:\/\/www.apfelpatient.de\/en\/news\/airpods-pro-applecare-covers-ear-tips\" \/>\n<meta property=\"og:site_name\" content=\"Apfelpatient\" \/>\n<meta property=\"article:publisher\" content=\"https:\/\/www.facebook.com\/apfelpatientOfficial\" \/>\n<meta property=\"article:author\" content=\"https:\/\/www.facebook.com\/apfelpatientOfficial\" \/>\n<meta property=\"article:published_time\" content=\"2020-02-02T14:29:40+00:00\" \/>\n<meta property=\"og:image\" content=\"https:\/\/www.apfelpatient.de\/wp-content\/uploads\/2020\/02\/bigstock-Vidalia-Georgia-Usa-Decem-339712543.jpg\" \/>\n\t<meta property=\"og:image:width\" content=\"1600\" \/>\n\t<meta property=\"og:image:height\" content=\"1068\" \/>\n\t<meta property=\"og:image:type\" content=\"image\/jpeg\" \/>\n<meta name=\"author\" content=\"Milan\" \/>\n<meta name=\"twitter:card\" content=\"summary_large_image\" \/>\n<meta name=\"twitter:description\" content=\"Ende Dezember haben wir dar\u00fcber berichtet, wie die Ohreins\u00e4tze der AirPods Pro getauscht werden k\u00f6nnen, wenn diese kaputt oder verloren gehen.\" \/>\n<meta name=\"twitter:label1\" content=\"Written by\" \/>\n\t<meta name=\"twitter:data1\" content=\"Milan\" \/>\n\t<meta name=\"twitter:label2\" content=\"Est. reading time\" \/>\n\t<meta name=\"twitter:data2\" content=\"2 minutes\" \/>\n<script type=\"application\/ld+json\" class=\"yoast-schema-graph\">{\"@context\":\"https:\\\/\\\/schema.org\",\"@graph\":[{\"@type\":\"NewsArticle\",\"@id\":\"https:\\\/\\\/www.apfelpatient.de\\\/news\\\/airpods-pro-applecare-deckt-ohreinsaetze-ab#article\",\"isPartOf\":{\"@id\":\"https:\\\/\\\/www.apfelpatient.de\\\/news\\\/airpods-pro-applecare-deckt-ohreinsaetze-ab\"},\"author\":{\"@type\":\"Organization\",\"@id\":\"https:\\\/\\\/www.apfelpatient.de\\\/en\\\/#organization\",\"name\":\"Apfelpatient\",\"url\":\"https:\\\/\\\/www.apfelpatient.de\\\/en\\\/\"},\"headline\":\"AirPods Pro: AppleCare+ deckt Ohreins\u00e4tze ab\",\"datePublished\":\"2020-02-02T14:29:40+00:00\",\"mainEntityOfPage\":{\"@id\":\"https:\\\/\\\/www.apfelpatient.de\\\/news\\\/airpods-pro-applecare-deckt-ohreinsaetze-ab\"},\"wordCount\":334,\"publisher\":{\"@type\":\"Organization\",\"@id\":\"https:\\\/\\\/www.apfelpatient.de\\\/en\\\/#organization\",\"name\":\"Apfelpatient\",\"url\":\"https:\\\/\\\/www.apfelpatient.de\\\/en\\\/\"},\"image\":{\"@id\":\"https:\\\/\\\/www.apfelpatient.de\\\/news\\\/airpods-pro-applecare-deckt-ohreinsaetze-ab#primaryimage\"},\"thumbnailUrl\":\"https:\\\/\\\/www.apfelpatient.de\\\/wp-content\\\/uploads\\\/2020\\\/02\\\/bigstock-Vidalia-Georgia-Usa-Decem-339712543.jpg\",\"keywords\":[\"AirPods\",\"AirPods Pro\"],\"articleSection\":\"News\",\"inLanguage\":\"en-US\",\"copyrightYear\":\"2020\",\"copyrightHolder\":{\"@id\":\"https:\\\/\\\/www.apfelpatient.de\\\/en\\\/#organization\"}},{\"@type\":\"WebPage\",\"@id\":\"https:\\\/\\\/www.apfelpatient.de\\\/news\\\/airpods-pro-applecare-deckt-ohreinsaetze-ab\",\"url\":\"https:\\\/\\\/www.apfelpatient.de\\\/news\\\/airpods-pro-applecare-deckt-ohreinsaetze-ab\",\"name\":\"AirPods Pro: AppleCare+ deckt Ohreins\u00e4tze ab Apfelpatient\",\"isPartOf\":{\"@id\":\"https:\\\/\\\/www.apfelpatient.de\\\/#website\"},\"primaryImageOfPage\":{\"@id\":\"https:\\\/\\\/www.apfelpatient.de\\\/news\\\/airpods-pro-applecare-deckt-ohreinsaetze-ab#primaryimage\"},\"image\":{\"@id\":\"https:\\\/\\\/www.apfelpatient.de\\\/news\\\/airpods-pro-applecare-deckt-ohreinsaetze-ab#primaryimage\"},\"thumbnailUrl\":\"https:\\\/\\\/www.apfelpatient.de\\\/wp-content\\\/uploads\\\/2020\\\/02\\\/bigstock-Vidalia-Georgia-Usa-Decem-339712543.jpg\",\"datePublished\":\"2020-02-02T14:29:40+00:00\",\"description\":\"Ende Dezember haben wir dar\u00fcber berichtet, wie die Ohreins\u00e4tze der AirPods Pro getauscht werden k\u00f6nnen, wenn diese kaputt oder verloren gehen.\",\"breadcrumb\":{\"@id\":\"https:\\\/\\\/www.apfelpatient.de\\\/news\\\/airpods-pro-applecare-deckt-ohreinsaetze-ab#breadcrumb\"},\"inLanguage\":\"en-US\",\"potentialAction\":[{\"@type\":\"ReadAction\",\"target\":[\"https:\\\/\\\/www.apfelpatient.de\\\/news\\\/airpods-pro-applecare-deckt-ohreinsaetze-ab\"]}]},{\"@type\":\"ImageObject\",\"inLanguage\":\"en-US\",\"@id\":\"https:\\\/\\\/www.apfelpatient.de\\\/news\\\/airpods-pro-applecare-deckt-ohreinsaetze-ab#primaryimage\",\"url\":\"https:\\\/\\\/www.apfelpatient.de\\\/wp-content\\\/uploads\\\/2020\\\/02\\\/bigstock-Vidalia-Georgia-Usa-Decem-339712543.jpg\",\"contentUrl\":\"https:\\\/\\\/www.apfelpatient.de\\\/wp-content\\\/uploads\\\/2020\\\/02\\\/bigstock-Vidalia-Georgia-Usa-Decem-339712543.jpg\",\"width\":1600,\"height\":1068,\"caption\":\"Vidalia, Georgia \\\/ USA - December 14, 2019 - A studio product shot of the Apple AirPods Pro buds nestled inside its open charging case set on a plain light color background.\"},{\"@type\":\"BreadcrumbList\",\"@id\":\"https:\\\/\\\/www.apfelpatient.de\\\/news\\\/airpods-pro-applecare-deckt-ohreinsaetze-ab#breadcrumb\",\"itemListElement\":[{\"@type\":\"ListItem\",\"position\":1,\"name\":\"Startseite\",\"item\":\"https:\\\/\\\/www.apfelpatient.de\\\/\"},{\"@type\":\"ListItem\",\"position\":2,\"name\":\"AirPods Pro: AppleCare+ deckt Ohreins\u00e4tze ab\"}]},{\"@type\":\"WebSite\",\"@id\":\"https:\\\/\\\/www.apfelpatient.de\\\/#website\",\"url\":\"https:\\\/\\\/www.apfelpatient.de\\\/\",\"name\":\"Apfelpatient\",\"description\":\"Alles rund um Apple!\",\"publisher\":{\"@type\":\"Organization\",\"@id\":\"https:\\\/\\\/www.apfelpatient.de\\\/en\\\/#organization\",\"name\":\"Apfelpatient\",\"url\":\"https:\\\/\\\/www.apfelpatient.de\\\/en\\\/\"},\"alternateName\":\"Apfelpatient\",\"potentialAction\":[{\"@type\":\"SearchAction\",\"target\":{\"@type\":\"EntryPoint\",\"urlTemplate\":\"https:\\\/\\\/www.apfelpatient.de\\\/?s={search_term_string}\"},\"query-input\":{\"@type\":\"PropertyValueSpecification\",\"valueRequired\":true,\"valueName\":\"search_term_string\"}}],\"inLanguage\":\"en-US\"},{\"@type\":[\"Person\",\"Organization\"],\"@id\":\"https:\\\/\\\/www.apfelpatient.de\\\/#\\\/schema\\\/person\\\/35b3ddba5832f2bfc7fff5206d4f6b7b\",\"name\":\"Milan\",\"logo\":{\"@id\":\"https:\\\/\\\/www.apfelpatient.de\\\/#\\\/schema\\\/person\\\/image\\\/\"},\"description\":\"Hallo und herzlich willkommen auf meinem Technik-Blog! Als gro\u00dfer Apple-Fan berichte ich hier \u00fcber alles, was mit Apple zu tun hat: von den neuesten News und spannenden Ger\u00fcchten \u00fcber hilfreiche Tipps und Tricks bis hin zu ausf\u00fchrlichen Produkttests. Wenn du genauso technikbegeistert bist wie ich, bist du hier genau richtig!\",\"sameAs\":[\"https:\\\/\\\/www.facebook.com\\\/apfelpatientOfficial\",\"https:\\\/\\\/www.linkedin.com\\\/in\\\/milan-jovicic-42aa0231b\"],\"url\":\"https:\\\/\\\/www.apfelpatient.de\\\/en\\\/author\\\/apfeladmin\"}]}<\/script>\n<!-- \/ Yoast SEO Premium plugin. -->","yoast_head_json":{"title":"AirPods Pro: AppleCare+ covers ear tips from Apfelpatient","description":"At the end of December, we reported on how to replace the earpieces of the AirPods Pro if they are broken or lost.","robots":{"index":"index","follow":"follow","max-snippet":"max-snippet:-1","max-image-preview":"max-image-preview:large","max-video-preview":"max-video-preview:-1"},"canonical":"https:\/\/www.apfelpatient.de\/en\/news\/airpods-pro-applecare-covers-ear-tips","og_locale":"en_US","og_type":"article","og_title":"AirPods Pro: AppleCare+ deckt Ohreins\u00e4tze ab","og_description":"Ende Dezember haben wir dar\u00fcber berichtet, wie die Ohreins\u00e4tze der AirPods Pro getauscht werden k\u00f6nnen, wenn diese kaputt oder verloren gehen.","og_url":"https:\/\/www.apfelpatient.de\/en\/news\/airpods-pro-applecare-covers-ear-tips","og_site_name":"Apfelpatient","article_publisher":"https:\/\/www.facebook.com\/apfelpatientOfficial","article_author":"https:\/\/www.facebook.com\/apfelpatientOfficial","article_published_time":"2020-02-02T14:29:40+00:00","og_image":[{"width":1600,"height":1068,"url":"https:\/\/www.apfelpatient.de\/wp-content\/uploads\/2020\/02\/bigstock-Vidalia-Georgia-Usa-Decem-339712543.jpg","type":"image\/jpeg"}],"author":"Milan","twitter_card":"summary_large_image","twitter_description":"Ende Dezember haben wir dar\u00fcber berichtet, wie die Ohreins\u00e4tze der AirPods Pro getauscht werden k\u00f6nnen, wenn diese kaputt oder verloren gehen.","twitter_misc":{"Written by":"Milan","Est. reading time":"2 minutes"},"schema":{"@context":"https:\/\/schema.org","@graph":[{"@type":"NewsArticle","@id":"https:\/\/www.apfelpatient.de\/news\/airpods-pro-applecare-deckt-ohreinsaetze-ab#article","isPartOf":{"@id":"https:\/\/www.apfelpatient.de\/news\/airpods-pro-applecare-deckt-ohreinsaetze-ab"},"author":{"@type":"Organization","@id":"https:\/\/www.apfelpatient.de\/en\/#organization","name":"Apfelpatient","url":"https:\/\/www.apfelpatient.de\/en\/"},"headline":"AirPods Pro: AppleCare+ deckt Ohreins\u00e4tze ab","datePublished":"2020-02-02T14:29:40+00:00","mainEntityOfPage":{"@id":"https:\/\/www.apfelpatient.de\/news\/airpods-pro-applecare-deckt-ohreinsaetze-ab"},"wordCount":334,"publisher":{"@type":"Organization","@id":"https:\/\/www.apfelpatient.de\/en\/#organization","name":"Apfelpatient","url":"https:\/\/www.apfelpatient.de\/en\/"},"image":{"@id":"https:\/\/www.apfelpatient.de\/news\/airpods-pro-applecare-deckt-ohreinsaetze-ab#primaryimage"},"thumbnailUrl":"https:\/\/www.apfelpatient.de\/wp-content\/uploads\/2020\/02\/bigstock-Vidalia-Georgia-Usa-Decem-339712543.jpg","keywords":["AirPods","AirPods Pro"],"articleSection":"News","inLanguage":"en-US","copyrightYear":"2020","copyrightHolder":{"@id":"https:\/\/www.apfelpatient.de\/en\/#organization"}},{"@type":"WebPage","@id":"https:\/\/www.apfelpatient.de\/news\/airpods-pro-applecare-deckt-ohreinsaetze-ab","url":"https:\/\/www.apfelpatient.de\/news\/airpods-pro-applecare-deckt-ohreinsaetze-ab","name":"AirPods Pro: AppleCare+ covers ear tips from Apfelpatient","isPartOf":{"@id":"https:\/\/www.apfelpatient.de\/#website"},"primaryImageOfPage":{"@id":"https:\/\/www.apfelpatient.de\/news\/airpods-pro-applecare-deckt-ohreinsaetze-ab#primaryimage"},"image":{"@id":"https:\/\/www.apfelpatient.de\/news\/airpods-pro-applecare-deckt-ohreinsaetze-ab#primaryimage"},"thumbnailUrl":"https:\/\/www.apfelpatient.de\/wp-content\/uploads\/2020\/02\/bigstock-Vidalia-Georgia-Usa-Decem-339712543.jpg","datePublished":"2020-02-02T14:29:40+00:00","description":"At the end of December, we reported on how to replace the earpieces of the AirPods Pro if they are broken or lost.","breadcrumb":{"@id":"https:\/\/www.apfelpatient.de\/news\/airpods-pro-applecare-deckt-ohreinsaetze-ab#breadcrumb"},"inLanguage":"en-US","potentialAction":[{"@type":"ReadAction","target":["https:\/\/www.apfelpatient.de\/news\/airpods-pro-applecare-deckt-ohreinsaetze-ab"]}]},{"@type":"ImageObject","inLanguage":"en-US","@id":"https:\/\/www.apfelpatient.de\/news\/airpods-pro-applecare-deckt-ohreinsaetze-ab#primaryimage","url":"https:\/\/www.apfelpatient.de\/wp-content\/uploads\/2020\/02\/bigstock-Vidalia-Georgia-Usa-Decem-339712543.jpg","contentUrl":"https:\/\/www.apfelpatient.de\/wp-content\/uploads\/2020\/02\/bigstock-Vidalia-Georgia-Usa-Decem-339712543.jpg","width":1600,"height":1068,"caption":"Vidalia, Georgia \/ USA - December 14, 2019 - A studio product shot of the Apple AirPods Pro buds nestled inside its open charging case set on a plain light color background."},{"@type":"BreadcrumbList","@id":"https:\/\/www.apfelpatient.de\/news\/airpods-pro-applecare-deckt-ohreinsaetze-ab#breadcrumb","itemListElement":[{"@type":"ListItem","position":1,"name":"Startseite","item":"https:\/\/www.apfelpatient.de\/"},{"@type":"ListItem","position":2,"name":"AirPods Pro: AppleCare+ deckt Ohreins\u00e4tze ab"}]},{"@type":"WebSite","@id":"https:\/\/www.apfelpatient.de\/#website","url":"https:\/\/www.apfelpatient.de\/","name":"apple patient","description":"Everything about Apple!","publisher":{"@type":"Organization","@id":"https:\/\/www.apfelpatient.de\/en\/#organization","name":"Apfelpatient","url":"https:\/\/www.apfelpatient.de\/en\/"},"alternateName":"Apfelpatient","potentialAction":[{"@type":"SearchAction","target":{"@type":"EntryPoint","urlTemplate":"https:\/\/www.apfelpatient.de\/?s={search_term_string}"},"query-input":{"@type":"PropertyValueSpecification","valueRequired":true,"valueName":"search_term_string"}}],"inLanguage":"en-US"},{"@type":["Person","Organization"],"@id":"https:\/\/www.apfelpatient.de\/#\/schema\/person\/35b3ddba5832f2bfc7fff5206d4f6b7b","name":"Milan","logo":{"@id":"https:\/\/www.apfelpatient.de\/#\/schema\/person\/image\/"},"description":"Hello and welcome to my technology blog! As a big Apple fan, I report on everything to do with Apple: from the latest news and exciting rumors to helpful tips and tricks and detailed product tests. If you are as enthusiastic about technology as I am, you have come to the right place!","sameAs":["https:\/\/www.facebook.com\/apfelpatientOfficial","https:\/\/www.linkedin.com\/in\/milan-jovicic-42aa0231b"],"url":"https:\/\/www.apfelpatient.de\/en\/author\/apfeladmin"}]}},"_links":{"self":[{"href":"https:\/\/www.apfelpatient.de\/en\/wp-json\/wp\/v2\/posts\/9818","targetHints":{"allow":["GET"]}}],"collection":[{"href":"https:\/\/www.apfelpatient.de\/en\/wp-json\/wp\/v2\/posts"}],"about":[{"href":"https:\/\/www.apfelpatient.de\/en\/wp-json\/wp\/v2\/types\/post"}],"author":[{"embeddable":true,"href":"https:\/\/www.apfelpatient.de\/en\/wp-json\/wp\/v2\/users\/2"}],"replies":[{"embeddable":true,"href":"https:\/\/www.apfelpatient.de\/en\/wp-json\/wp\/v2\/comments?post=9818"}],"version-history":[{"count":0,"href":"https:\/\/www.apfelpatient.de\/en\/wp-json\/wp\/v2\/posts\/9818\/revisions"}],"wp:featuredmedia":[{"embeddable":true,"href":"https:\/\/www.apfelpatient.de\/en\/wp-json\/wp\/v2\/media\/9817"}],"wp:attachment":[{"href":"https:\/\/www.apfelpatient.de\/en\/wp-json\/wp\/v2\/media?parent=9818"}],"wp:term":[{"taxonomy":"category","embeddable":true,"href":"https:\/\/www.apfelpatient.de\/en\/wp-json\/wp\/v2\/categories?post=9818"},{"taxonomy":"post_tag","embeddable":true,"href":"https:\/\/www.apfelpatient.de\/en\/wp-json\/wp\/v2\/tags?post=9818"}],"curies":[{"name":"wp","href":"https:\/\/api.w.org\/{rel}","templated":true}]}}