{"id":974,"date":"2018-07-04T19:59:39","date_gmt":"2018-07-04T17:59:39","guid":{"rendered":"https:\/\/www.apfelpatient.de\/?p=974"},"modified":"2018-07-04T19:59:39","modified_gmt":"2018-07-04T17:59:39","slug":"iphone-2018-will-soon-put-an-end-to-the-lame-adapters","status":"publish","type":"post","link":"https:\/\/www.apfelpatient.de\/en\/rumors\/iphone-2018-ist-bald-schluss-mit-den-lahmen-adaptern","title":{"rendered":"iPhone 2018: Will the lame adapters soon be over?"},"content":{"rendered":"<p><strong>The 5-watt power adapters included with the iPhone have become unpopular. If you want to use the quick-charge function on the iPhone X\/8\/8+, you have to buy the appropriate accessories.<\/strong><\/p>\n<p>But now there are new clues about a possible successor. The first rumors appeared in the spring - now there are pictures to go with them.<\/p>\n<p>The portal <em>Chongdiantou<\/em> The images published show a finished prototype of the US version of the new power supply.<\/p>\n<p><strong>Faster and More Modern<\/strong><\/p>\n<p>The performance is said to be a whopping 18 watts \u2013 according to the photos, a Lighting to USB-C cable will probably be included with the iPhone for the first time.<\/p>","protected":false},"excerpt":{"rendered":"<p>Die beim iPhone mitgelieferten 5-Watt-Netzteile sind mittlerweile unbeliebt geworden. Wer die Schnellladefunktion beim iPhone X\/8\/8+ nutzen m\u00f6chte, muss passendes Zubeh\u00f6r dazukaufen. Doch nun gibt es neue Hinweise auf einen m\u00f6glichen Nachfolger. Die ersten Ger\u00fcchte gab es bereits im Fr\u00fchjahr &#8211; nun gibt es die passenden Bilder dazu. Die von dem Portal Chongdiantou ver\u00f6ffentlichten Aufnahmen zeigen [&hellip;]<\/p>\n","protected":false},"author":2,"featured_media":975,"comment_status":"open","ping_status":"open","sticky":false,"template":"","format":"standard","meta":{"jnews-multi-image_gallery":[],"jnews_single_post":[],"jnews_primary_category":[],"footnotes":""},"categories":[25],"tags":[8,62,63,64,38],"class_list":["post-974","post","type-post","status-publish","format-standard","has-post-thumbnail","hentry","category-rumors","tag-iphone","tag-iphone-2018","tag-iphone-8","tag-iphone-8-plus","tag-iphone-x"],"yoast_head":"<!-- This site is optimized with the Yoast SEO Premium plugin v27.5 (Yoast SEO v27.5) - https:\/\/yoast.com\/product\/yoast-seo-premium-wordpress\/ -->\n<title>iPhone 2018: Ist bald Schluss mit den lahmen Adaptern? Apfelpatient<\/title>\n<meta name=\"description\" content=\"Die beim iPhone mitgelieferten 5-Watt-Netzteile sind mittlerweile unbeliebt geworden. Wer die Schnellladefunktion beim iPhone X\/8\/8+ nutzen m\u00f6chte, muss\" \/>\n<meta name=\"robots\" content=\"index, follow, max-snippet:-1, max-image-preview:large, max-video-preview:-1\" \/>\n<link rel=\"canonical\" href=\"https:\/\/www.apfelpatient.de\/en\/rumors\/iphone-2018-will-soon-put-an-end-to-the-lame-adapters\" \/>\n<meta property=\"og:locale\" content=\"en_US\" \/>\n<meta property=\"og:type\" content=\"article\" \/>\n<meta property=\"og:title\" content=\"iPhone 2018: Ist bald Schluss mit den lahmen Adaptern?\" \/>\n<meta property=\"og:description\" content=\"Die beim iPhone mitgelieferten 5-Watt-Netzteile sind mittlerweile unbeliebt geworden. Wer die Schnellladefunktion beim iPhone X\/8\/8+ nutzen m\u00f6chte, muss\" \/>\n<meta property=\"og:url\" content=\"https:\/\/www.apfelpatient.de\/en\/rumors\/iphone-2018-will-soon-put-an-end-to-the-lame-adapters\" \/>\n<meta property=\"og:site_name\" content=\"Apfelpatient\" \/>\n<meta property=\"article:publisher\" content=\"https:\/\/www.facebook.com\/apfelpatientOfficial\" \/>\n<meta property=\"article:author\" content=\"https:\/\/www.facebook.com\/apfelpatientOfficial\" \/>\n<meta property=\"article:published_time\" content=\"2018-07-04T17:59:39+00:00\" \/>\n<meta property=\"og:image\" content=\"https:\/\/www.apfelpatient.de\/wp-content\/uploads\/2018\/07\/IMG_0625.jpg\" \/>\n\t<meta property=\"og:image:width\" content=\"1407\" \/>\n\t<meta property=\"og:image:height\" content=\"895\" \/>\n\t<meta property=\"og:image:type\" content=\"image\/jpeg\" \/>\n<meta name=\"author\" content=\"Milan\" \/>\n<meta name=\"twitter:card\" content=\"summary_large_image\" \/>\n<meta name=\"twitter:label1\" content=\"Written by\" \/>\n\t<meta name=\"twitter:data1\" content=\"Milan\" \/>\n<script type=\"application\/ld+json\" class=\"yoast-schema-graph\">{\"@context\":\"https:\\\/\\\/schema.org\",\"@graph\":[{\"@type\":\"NewsArticle\",\"@id\":\"https:\\\/\\\/www.apfelpatient.de\\\/rumors\\\/iphone-2018-ist-bald-schluss-mit-den-lahmen-adaptern#article\",\"isPartOf\":{\"@id\":\"https:\\\/\\\/www.apfelpatient.de\\\/rumors\\\/iphone-2018-ist-bald-schluss-mit-den-lahmen-adaptern\"},\"author\":{\"@type\":\"Organization\",\"@id\":\"https:\\\/\\\/www.apfelpatient.de\\\/en\\\/#organization\",\"name\":\"Apfelpatient\",\"url\":\"https:\\\/\\\/www.apfelpatient.de\\\/en\\\/\"},\"headline\":\"iPhone 2018: Ist bald Schluss mit den lahmen Adaptern?\",\"datePublished\":\"2018-07-04T17:59:39+00:00\",\"mainEntityOfPage\":{\"@id\":\"https:\\\/\\\/www.apfelpatient.de\\\/rumors\\\/iphone-2018-ist-bald-schluss-mit-den-lahmen-adaptern\"},\"wordCount\":103,\"commentCount\":0,\"publisher\":{\"@type\":\"Organization\",\"@id\":\"https:\\\/\\\/www.apfelpatient.de\\\/en\\\/#organization\",\"name\":\"Apfelpatient\",\"url\":\"https:\\\/\\\/www.apfelpatient.de\\\/en\\\/\"},\"image\":{\"@id\":\"https:\\\/\\\/www.apfelpatient.de\\\/rumors\\\/iphone-2018-ist-bald-schluss-mit-den-lahmen-adaptern#primaryimage\"},\"thumbnailUrl\":\"https:\\\/\\\/www.apfelpatient.de\\\/wp-content\\\/uploads\\\/2018\\\/07\\\/IMG_0625.jpg\",\"keywords\":[\"iPhone\",\"iPhone 2018\",\"iPhone 8\",\"iPhone 8 Plus\",\"iPhone X\"],\"articleSection\":\"Rumors\",\"inLanguage\":\"en-US\",\"potentialAction\":[{\"@type\":\"CommentAction\",\"name\":\"Comment\",\"target\":[\"https:\\\/\\\/www.apfelpatient.de\\\/rumors\\\/iphone-2018-ist-bald-schluss-mit-den-lahmen-adaptern#respond\"]}],\"copyrightYear\":\"2018\",\"copyrightHolder\":{\"@id\":\"https:\\\/\\\/www.apfelpatient.de\\\/en\\\/#organization\"}},{\"@type\":\"WebPage\",\"@id\":\"https:\\\/\\\/www.apfelpatient.de\\\/rumors\\\/iphone-2018-ist-bald-schluss-mit-den-lahmen-adaptern\",\"url\":\"https:\\\/\\\/www.apfelpatient.de\\\/rumors\\\/iphone-2018-ist-bald-schluss-mit-den-lahmen-adaptern\",\"name\":\"iPhone 2018: Ist bald Schluss mit den lahmen Adaptern? Apfelpatient\",\"isPartOf\":{\"@id\":\"https:\\\/\\\/www.apfelpatient.de\\\/#website\"},\"primaryImageOfPage\":{\"@id\":\"https:\\\/\\\/www.apfelpatient.de\\\/rumors\\\/iphone-2018-ist-bald-schluss-mit-den-lahmen-adaptern#primaryimage\"},\"image\":{\"@id\":\"https:\\\/\\\/www.apfelpatient.de\\\/rumors\\\/iphone-2018-ist-bald-schluss-mit-den-lahmen-adaptern#primaryimage\"},\"thumbnailUrl\":\"https:\\\/\\\/www.apfelpatient.de\\\/wp-content\\\/uploads\\\/2018\\\/07\\\/IMG_0625.jpg\",\"datePublished\":\"2018-07-04T17:59:39+00:00\",\"description\":\"Die beim iPhone mitgelieferten 5-Watt-Netzteile sind mittlerweile unbeliebt geworden. Wer die Schnellladefunktion beim iPhone X\\\/8\\\/8+ nutzen m\u00f6chte, muss\",\"breadcrumb\":{\"@id\":\"https:\\\/\\\/www.apfelpatient.de\\\/rumors\\\/iphone-2018-ist-bald-schluss-mit-den-lahmen-adaptern#breadcrumb\"},\"inLanguage\":\"en-US\",\"potentialAction\":[{\"@type\":\"ReadAction\",\"target\":[\"https:\\\/\\\/www.apfelpatient.de\\\/rumors\\\/iphone-2018-ist-bald-schluss-mit-den-lahmen-adaptern\"]}]},{\"@type\":\"ImageObject\",\"inLanguage\":\"en-US\",\"@id\":\"https:\\\/\\\/www.apfelpatient.de\\\/rumors\\\/iphone-2018-ist-bald-schluss-mit-den-lahmen-adaptern#primaryimage\",\"url\":\"https:\\\/\\\/www.apfelpatient.de\\\/wp-content\\\/uploads\\\/2018\\\/07\\\/IMG_0625.jpg\",\"contentUrl\":\"https:\\\/\\\/www.apfelpatient.de\\\/wp-content\\\/uploads\\\/2018\\\/07\\\/IMG_0625.jpg\",\"width\":1407,\"height\":895,\"caption\":\"Bild: Chongdiantou\"},{\"@type\":\"BreadcrumbList\",\"@id\":\"https:\\\/\\\/www.apfelpatient.de\\\/rumors\\\/iphone-2018-ist-bald-schluss-mit-den-lahmen-adaptern#breadcrumb\",\"itemListElement\":[{\"@type\":\"ListItem\",\"position\":1,\"name\":\"Startseite\",\"item\":\"https:\\\/\\\/www.apfelpatient.de\\\/\"},{\"@type\":\"ListItem\",\"position\":2,\"name\":\"iPhone 2018: Ist bald Schluss mit den lahmen Adaptern?\"}]},{\"@type\":\"WebSite\",\"@id\":\"https:\\\/\\\/www.apfelpatient.de\\\/#website\",\"url\":\"https:\\\/\\\/www.apfelpatient.de\\\/\",\"name\":\"Apfelpatient\",\"description\":\"Alles rund um Apple!\",\"publisher\":{\"@type\":\"Organization\",\"@id\":\"https:\\\/\\\/www.apfelpatient.de\\\/en\\\/#organization\",\"name\":\"Apfelpatient\",\"url\":\"https:\\\/\\\/www.apfelpatient.de\\\/en\\\/\"},\"alternateName\":\"Apfelpatient\",\"potentialAction\":[{\"@type\":\"SearchAction\",\"target\":{\"@type\":\"EntryPoint\",\"urlTemplate\":\"https:\\\/\\\/www.apfelpatient.de\\\/?s={search_term_string}\"},\"query-input\":{\"@type\":\"PropertyValueSpecification\",\"valueRequired\":true,\"valueName\":\"search_term_string\"}}],\"inLanguage\":\"en-US\"},{\"@type\":[\"Person\",\"Organization\"],\"@id\":\"https:\\\/\\\/www.apfelpatient.de\\\/#\\\/schema\\\/person\\\/7dc56ad6c8e9824b76d2c08d4c140e13\",\"name\":\"Milan\",\"logo\":{\"@id\":\"https:\\\/\\\/www.apfelpatient.de\\\/#\\\/schema\\\/person\\\/image\\\/\"},\"description\":\"Hallo und herzlich willkommen auf meinem Technik-Blog! Als gro\u00dfer Apple-Fan berichte ich hier \u00fcber alles, was mit Apple zu tun hat: von den neuesten News und spannenden Ger\u00fcchten \u00fcber hilfreiche Tipps und Tricks bis hin zu ausf\u00fchrlichen Produkttests. Wenn du genauso technikbegeistert bist wie ich, bist du hier genau richtig!\",\"sameAs\":[\"https:\\\/\\\/www.facebook.com\\\/apfelpatientOfficial\",\"https:\\\/\\\/www.linkedin.com\\\/in\\\/milan-jovicic-42aa0231b\"],\"url\":\"https:\\\/\\\/www.apfelpatient.de\\\/en\\\/author\\\/apfeladmin\"}]}<\/script>\n<!-- \/ Yoast SEO Premium plugin. -->","yoast_head_json":{"title":"iPhone 2018: Will the slow adapters soon be over? Apfelpatient","description":"The 5-watt power adapters supplied with the iPhone have become unpopular. If you want to use the quick charge function on the iPhone X\/8\/8+, you have to","robots":{"index":"index","follow":"follow","max-snippet":"max-snippet:-1","max-image-preview":"max-image-preview:large","max-video-preview":"max-video-preview:-1"},"canonical":"https:\/\/www.apfelpatient.de\/en\/rumors\/iphone-2018-will-soon-put-an-end-to-the-lame-adapters","og_locale":"en_US","og_type":"article","og_title":"iPhone 2018: Ist bald Schluss mit den lahmen Adaptern?","og_description":"Die beim iPhone mitgelieferten 5-Watt-Netzteile sind mittlerweile unbeliebt geworden. Wer die Schnellladefunktion beim iPhone X\/8\/8+ nutzen m\u00f6chte, muss","og_url":"https:\/\/www.apfelpatient.de\/en\/rumors\/iphone-2018-will-soon-put-an-end-to-the-lame-adapters","og_site_name":"Apfelpatient","article_publisher":"https:\/\/www.facebook.com\/apfelpatientOfficial","article_author":"https:\/\/www.facebook.com\/apfelpatientOfficial","article_published_time":"2018-07-04T17:59:39+00:00","og_image":[{"width":1407,"height":895,"url":"https:\/\/www.apfelpatient.de\/wp-content\/uploads\/2018\/07\/IMG_0625.jpg","type":"image\/jpeg"}],"author":"Milan","twitter_card":"summary_large_image","twitter_misc":{"Written by":"Milan"},"schema":{"@context":"https:\/\/schema.org","@graph":[{"@type":"NewsArticle","@id":"https:\/\/www.apfelpatient.de\/rumors\/iphone-2018-ist-bald-schluss-mit-den-lahmen-adaptern#article","isPartOf":{"@id":"https:\/\/www.apfelpatient.de\/rumors\/iphone-2018-ist-bald-schluss-mit-den-lahmen-adaptern"},"author":{"@type":"Organization","@id":"https:\/\/www.apfelpatient.de\/en\/#organization","name":"Apfelpatient","url":"https:\/\/www.apfelpatient.de\/en\/"},"headline":"iPhone 2018: Ist bald Schluss mit den lahmen Adaptern?","datePublished":"2018-07-04T17:59:39+00:00","mainEntityOfPage":{"@id":"https:\/\/www.apfelpatient.de\/rumors\/iphone-2018-ist-bald-schluss-mit-den-lahmen-adaptern"},"wordCount":103,"commentCount":0,"publisher":{"@type":"Organization","@id":"https:\/\/www.apfelpatient.de\/en\/#organization","name":"Apfelpatient","url":"https:\/\/www.apfelpatient.de\/en\/"},"image":{"@id":"https:\/\/www.apfelpatient.de\/rumors\/iphone-2018-ist-bald-schluss-mit-den-lahmen-adaptern#primaryimage"},"thumbnailUrl":"https:\/\/www.apfelpatient.de\/wp-content\/uploads\/2018\/07\/IMG_0625.jpg","keywords":["iPhone","iPhone 2018","iPhone 8","iPhone 8 Plus","iPhone X"],"articleSection":"Rumors","inLanguage":"en-US","potentialAction":[{"@type":"CommentAction","name":"Comment","target":["https:\/\/www.apfelpatient.de\/rumors\/iphone-2018-ist-bald-schluss-mit-den-lahmen-adaptern#respond"]}],"copyrightYear":"2018","copyrightHolder":{"@id":"https:\/\/www.apfelpatient.de\/en\/#organization"}},{"@type":"WebPage","@id":"https:\/\/www.apfelpatient.de\/rumors\/iphone-2018-ist-bald-schluss-mit-den-lahmen-adaptern","url":"https:\/\/www.apfelpatient.de\/rumors\/iphone-2018-ist-bald-schluss-mit-den-lahmen-adaptern","name":"iPhone 2018: Will the slow adapters soon be over? Apfelpatient","isPartOf":{"@id":"https:\/\/www.apfelpatient.de\/#website"},"primaryImageOfPage":{"@id":"https:\/\/www.apfelpatient.de\/rumors\/iphone-2018-ist-bald-schluss-mit-den-lahmen-adaptern#primaryimage"},"image":{"@id":"https:\/\/www.apfelpatient.de\/rumors\/iphone-2018-ist-bald-schluss-mit-den-lahmen-adaptern#primaryimage"},"thumbnailUrl":"https:\/\/www.apfelpatient.de\/wp-content\/uploads\/2018\/07\/IMG_0625.jpg","datePublished":"2018-07-04T17:59:39+00:00","description":"The 5-watt power adapters supplied with the iPhone have become unpopular. If you want to use the quick charge function on the iPhone X\/8\/8+, you have to","breadcrumb":{"@id":"https:\/\/www.apfelpatient.de\/rumors\/iphone-2018-ist-bald-schluss-mit-den-lahmen-adaptern#breadcrumb"},"inLanguage":"en-US","potentialAction":[{"@type":"ReadAction","target":["https:\/\/www.apfelpatient.de\/rumors\/iphone-2018-ist-bald-schluss-mit-den-lahmen-adaptern"]}]},{"@type":"ImageObject","inLanguage":"en-US","@id":"https:\/\/www.apfelpatient.de\/rumors\/iphone-2018-ist-bald-schluss-mit-den-lahmen-adaptern#primaryimage","url":"https:\/\/www.apfelpatient.de\/wp-content\/uploads\/2018\/07\/IMG_0625.jpg","contentUrl":"https:\/\/www.apfelpatient.de\/wp-content\/uploads\/2018\/07\/IMG_0625.jpg","width":1407,"height":895,"caption":"Bild: Chongdiantou"},{"@type":"BreadcrumbList","@id":"https:\/\/www.apfelpatient.de\/rumors\/iphone-2018-ist-bald-schluss-mit-den-lahmen-adaptern#breadcrumb","itemListElement":[{"@type":"ListItem","position":1,"name":"Startseite","item":"https:\/\/www.apfelpatient.de\/"},{"@type":"ListItem","position":2,"name":"iPhone 2018: Ist bald Schluss mit den lahmen Adaptern?"}]},{"@type":"WebSite","@id":"https:\/\/www.apfelpatient.de\/#website","url":"https:\/\/www.apfelpatient.de\/","name":"apple patient","description":"Everything about Apple!","publisher":{"@type":"Organization","@id":"https:\/\/www.apfelpatient.de\/en\/#organization","name":"Apfelpatient","url":"https:\/\/www.apfelpatient.de\/en\/"},"alternateName":"Apfelpatient","potentialAction":[{"@type":"SearchAction","target":{"@type":"EntryPoint","urlTemplate":"https:\/\/www.apfelpatient.de\/?s={search_term_string}"},"query-input":{"@type":"PropertyValueSpecification","valueRequired":true,"valueName":"search_term_string"}}],"inLanguage":"en-US"},{"@type":["Person","Organization"],"@id":"https:\/\/www.apfelpatient.de\/#\/schema\/person\/7dc56ad6c8e9824b76d2c08d4c140e13","name":"Milan","logo":{"@id":"https:\/\/www.apfelpatient.de\/#\/schema\/person\/image\/"},"description":"Hello and welcome to my technology blog! As a big Apple fan, I report on everything to do with Apple: from the latest news and exciting rumors to helpful tips and tricks and detailed product tests. If you are as enthusiastic about technology as I am, you have come to the right place!","sameAs":["https:\/\/www.facebook.com\/apfelpatientOfficial","https:\/\/www.linkedin.com\/in\/milan-jovicic-42aa0231b"],"url":"https:\/\/www.apfelpatient.de\/en\/author\/apfeladmin"}]}},"_links":{"self":[{"href":"https:\/\/www.apfelpatient.de\/en\/wp-json\/wp\/v2\/posts\/974","targetHints":{"allow":["GET"]}}],"collection":[{"href":"https:\/\/www.apfelpatient.de\/en\/wp-json\/wp\/v2\/posts"}],"about":[{"href":"https:\/\/www.apfelpatient.de\/en\/wp-json\/wp\/v2\/types\/post"}],"author":[{"embeddable":true,"href":"https:\/\/www.apfelpatient.de\/en\/wp-json\/wp\/v2\/users\/2"}],"replies":[{"embeddable":true,"href":"https:\/\/www.apfelpatient.de\/en\/wp-json\/wp\/v2\/comments?post=974"}],"version-history":[{"count":0,"href":"https:\/\/www.apfelpatient.de\/en\/wp-json\/wp\/v2\/posts\/974\/revisions"}],"wp:featuredmedia":[{"embeddable":true,"href":"https:\/\/www.apfelpatient.de\/en\/wp-json\/wp\/v2\/media\/975"}],"wp:attachment":[{"href":"https:\/\/www.apfelpatient.de\/en\/wp-json\/wp\/v2\/media?parent=974"}],"wp:term":[{"taxonomy":"category","embeddable":true,"href":"https:\/\/www.apfelpatient.de\/en\/wp-json\/wp\/v2\/categories?post=974"},{"taxonomy":"post_tag","embeddable":true,"href":"https:\/\/www.apfelpatient.de\/en\/wp-json\/wp\/v2\/tags?post=974"}],"curies":[{"name":"wp","href":"https:\/\/api.w.org\/{rel}","templated":true}]}}