{"id":9677,"date":"2020-01-28T17:17:44","date_gmt":"2020-01-28T16:17:44","guid":{"rendered":"https:\/\/www.apfelpatient.de\/?p=9677"},"modified":"2025-02-06T08:00:36","modified_gmt":"2025-02-06T07:00:36","slug":"nomad-introduces-new-case-for-airpods-pro","status":"publish","type":"post","link":"https:\/\/www.apfelpatient.de\/en\/news\/nomad-stellt-neues-case-fuer-airpods-pro-vor","title":{"rendered":"Nomad introduces new case for AirPods Pro"},"content":{"rendered":"<p class=\"has-drop-cap\"><strong>The accessory manufacturer Nomad is known all over the world for its high-quality leather cases. Now fans can also order the right case for the AirPods Pro.<\/strong><\/p>\n\n\n\n<p>The Rugged Case for the <a href=\"https:\/\/www.apfelpatient.de\/en\">AirPods Pro<\/a> consists of a polycarbonate shell covered in Horween leather.&nbsp;<\/p>\n\n\n\n<blockquote class=\"wp-block-quote is-layout-flow wp-block-quote-is-layout-flow\"><p>Our cases for AirPods Pro are a two-piece construction made from Horween leather. This case keeps your AirPods Pro slim, adds extra style, and offers protection from drops and scratches.<\/p><cite>Nomad<\/cite><\/blockquote>\n\n\n\n<figure class=\"wp-block-image size-large\"><img decoding=\"async\" src=\"https:\/\/www.apfelpatient.de\/wp-content\/uploads\/2020\/01\/856500018546_Banner_01_Mobile-1024x683.jpg\" alt=\"Image: Nomad\" class=\"wp-image-9680\"\/><figcaption>Image: Nomad<\/figcaption><\/figure>\n\n\n\n<p>The inside has a microfiber insert to prevent scratches. The case is available in black and brown. The special feature is that users can still see the charging light clearly despite the case.&nbsp;<\/p>\n\n\n\n<h3 class=\"wp-block-heading\">The solution: The integration of an optical light guide&nbsp;<\/h3>\n\n\n\n\n\n\n\n<p><\/p>\n\n\n\n<p>While many competing products have a cutout in this area, Nomad was able to get around it. The company explains:<\/p>\n\n\n\n<blockquote class=\"wp-block-quote is-layout-flow wp-block-quote-is-layout-flow\"><p>We&#039;ve incorporated a subtle optical light guide so that AirPods Pro&#039;s LED charging indicator can shine through the durable casing\u2014so you know if you&#039;re charging wirelessly or running low on power.<\/p><cite>Nomad<\/cite><\/blockquote>\n\n\n\n<figure class=\"wp-block-image size-large\"><img decoding=\"async\" src=\"https:\/\/www.apfelpatient.de\/wp-content\/uploads\/2020\/01\/856500018539_Banner_02_Mobile-1024x683.jpg\" alt=\"Image: Nomad\" class=\"wp-image-9678\"\/><figcaption>Image: Nomad<\/figcaption><\/figure>\n\n\n\n<p>The Rugged Case for the AirPods Pro costs $34.95 and is available now on the <a href=\"https:\/\/www.pjatr.com\/t\/TUJGRUVORUJHRUlFRkxCRkZOSE1L?website=309948&amp;url=https%3A%2F%2Fhellonomad.com%2Fcollections%2Fairpods-pro-collection\">official website<\/a> Of course, there are also matching cases for the first and second generation AirPods as well as a <a href=\"https:\/\/www.pntra.com\/t\/TUJGRUVORUJHRUlFRkxCRkZOSE1L?url=https%3A%2F%2Fhellonomad.com%2Fsearch%3Fpage%3D1%26q%3Drugged%2Bcase\">series of iPhone models<\/a>.&nbsp;<em>(Image: Nomad)<\/em><\/p>\n\n\n\n<h6 class=\"wp-block-heading\"><em><strong>*Post contains affiliate links<\/strong><\/em><\/h6>","protected":false},"excerpt":{"rendered":"<p>Nomad has unveiled new accessories for the AirPods. Fans can now order the matching rugged case for the AirPods Pro.<\/p>","protected":false},"author":2,"featured_media":9679,"comment_status":"closed","ping_status":"closed","sticky":false,"template":"","format":"standard","meta":{"jnews-multi-image_gallery":[],"jnews_single_post":{"subtitle":"","format":"standard","video":"","gallery":"","source_name":"","source_url":"","via_name":"","via_url":"","override":[{"single_blog_custom":"","sidebar":"","second_sidebar":"","share_position":"","share_float_style":"","post_date_format":"","post_date_format_custom":"","post_reading_time_wpm":"","zoom_button_out_step":"1","zoom_button_in_step":"1","number_popup_post":"1"}],"image_override":[{"single_post_thumbnail_size":"","single_post_gallery_size":""}],"trending_post_position":"","trending_post_label":""},"jnews_primary_category":{"id":"265"},"footnotes":""},"categories":[9],"tags":[28,347,19],"class_list":["post-9677","post","type-post","status-publish","format-standard","has-post-thumbnail","hentry","category-news","tag-airpods","tag-airpods-pro","tag-nomad"],"yoast_head":"<!-- This site is optimized with the Yoast SEO Premium plugin v27.5 (Yoast SEO v27.5) - https:\/\/yoast.com\/product\/yoast-seo-premium-wordpress\/ -->\n<title>Nomad stellt neues Case f\u00fcr AirPods Pro vor Apfelpatient<\/title>\n<meta name=\"description\" content=\"Nomad hat neues Zubeh\u00f6r f\u00fcr die AirPods enth\u00fcllt. Nun k\u00f6nnen Fans das passende Rugged Case f\u00fcr die AirPods Pro bestellen.\" \/>\n<meta name=\"robots\" content=\"index, follow, max-snippet:-1, max-image-preview:large, max-video-preview:-1\" \/>\n<link rel=\"canonical\" href=\"https:\/\/www.apfelpatient.de\/en\/news\/nomad-introduces-new-case-for-airpods-pro\" \/>\n<meta property=\"og:locale\" content=\"en_US\" \/>\n<meta property=\"og:type\" content=\"article\" \/>\n<meta property=\"og:title\" content=\"Nomad stellt neues Case f\u00fcr AirPods Pro vor\" \/>\n<meta property=\"og:description\" content=\"Nomad hat neues Zubeh\u00f6r f\u00fcr die AirPods enth\u00fcllt. Nun k\u00f6nnen Fans das passende Rugged Case f\u00fcr die AirPods Pro bestellen.\" \/>\n<meta property=\"og:url\" content=\"https:\/\/www.apfelpatient.de\/en\/news\/nomad-introduces-new-case-for-airpods-pro\" \/>\n<meta property=\"og:site_name\" content=\"Apfelpatient\" \/>\n<meta property=\"article:publisher\" content=\"https:\/\/www.facebook.com\/apfelpatientOfficial\" \/>\n<meta property=\"article:author\" content=\"https:\/\/www.facebook.com\/apfelpatientOfficial\" \/>\n<meta property=\"article:published_time\" content=\"2020-01-28T16:17:44+00:00\" \/>\n<meta property=\"article:modified_time\" content=\"2025-02-06T07:00:36+00:00\" \/>\n<meta property=\"og:image\" content=\"https:\/\/www.apfelpatient.de\/wp-content\/uploads\/2020\/01\/856500018546_Banner_03_Mobile.jpg\" \/>\n\t<meta property=\"og:image:width\" content=\"1251\" \/>\n\t<meta property=\"og:image:height\" content=\"834\" \/>\n\t<meta property=\"og:image:type\" content=\"image\/jpeg\" \/>\n<meta name=\"author\" content=\"Milan\" \/>\n<meta name=\"twitter:card\" content=\"summary_large_image\" \/>\n<meta name=\"twitter:description\" content=\"Nomad hat neues Zubeh\u00f6r f\u00fcr die AirPods enth\u00fcllt. Nun k\u00f6nnen Fans das passende Rugged Case f\u00fcr die AirPods Pro bestellen.\" \/>\n<meta name=\"twitter:label1\" content=\"Written by\" \/>\n\t<meta name=\"twitter:data1\" content=\"Milan\" \/>\n\t<meta name=\"twitter:label2\" content=\"Est. reading time\" \/>\n\t<meta name=\"twitter:data2\" content=\"1 minute\" \/>\n<script type=\"application\/ld+json\" class=\"yoast-schema-graph\">{\"@context\":\"https:\\\/\\\/schema.org\",\"@graph\":[{\"@type\":\"NewsArticle\",\"@id\":\"https:\\\/\\\/www.apfelpatient.de\\\/news\\\/nomad-stellt-neues-case-fuer-airpods-pro-vor#article\",\"isPartOf\":{\"@id\":\"https:\\\/\\\/www.apfelpatient.de\\\/news\\\/nomad-stellt-neues-case-fuer-airpods-pro-vor\"},\"author\":{\"@type\":\"Organization\",\"@id\":\"https:\\\/\\\/www.apfelpatient.de\\\/en\\\/#organization\",\"name\":\"Apfelpatient\",\"url\":\"https:\\\/\\\/www.apfelpatient.de\\\/en\\\/\"},\"headline\":\"Nomad stellt neues Case f\u00fcr AirPods Pro vor\",\"datePublished\":\"2020-01-28T16:17:44+00:00\",\"dateModified\":\"2025-02-06T07:00:36+00:00\",\"mainEntityOfPage\":{\"@id\":\"https:\\\/\\\/www.apfelpatient.de\\\/news\\\/nomad-stellt-neues-case-fuer-airpods-pro-vor\"},\"wordCount\":252,\"publisher\":{\"@type\":\"Organization\",\"@id\":\"https:\\\/\\\/www.apfelpatient.de\\\/en\\\/#organization\",\"name\":\"Apfelpatient\",\"url\":\"https:\\\/\\\/www.apfelpatient.de\\\/en\\\/\"},\"image\":{\"@id\":\"https:\\\/\\\/www.apfelpatient.de\\\/news\\\/nomad-stellt-neues-case-fuer-airpods-pro-vor#primaryimage\"},\"thumbnailUrl\":\"https:\\\/\\\/www.apfelpatient.de\\\/wp-content\\\/uploads\\\/2020\\\/01\\\/856500018546_Banner_03_Mobile.jpg\",\"keywords\":[\"AirPods\",\"AirPods Pro\",\"Nomad\"],\"articleSection\":\"News\",\"inLanguage\":\"en-US\",\"copyrightYear\":\"2020\",\"copyrightHolder\":{\"@id\":\"https:\\\/\\\/www.apfelpatient.de\\\/en\\\/#organization\"}},{\"@type\":\"WebPage\",\"@id\":\"https:\\\/\\\/www.apfelpatient.de\\\/news\\\/nomad-stellt-neues-case-fuer-airpods-pro-vor\",\"url\":\"https:\\\/\\\/www.apfelpatient.de\\\/news\\\/nomad-stellt-neues-case-fuer-airpods-pro-vor\",\"name\":\"Nomad stellt neues Case f\u00fcr AirPods Pro vor Apfelpatient\",\"isPartOf\":{\"@id\":\"https:\\\/\\\/www.apfelpatient.de\\\/#website\"},\"primaryImageOfPage\":{\"@id\":\"https:\\\/\\\/www.apfelpatient.de\\\/news\\\/nomad-stellt-neues-case-fuer-airpods-pro-vor#primaryimage\"},\"image\":{\"@id\":\"https:\\\/\\\/www.apfelpatient.de\\\/news\\\/nomad-stellt-neues-case-fuer-airpods-pro-vor#primaryimage\"},\"thumbnailUrl\":\"https:\\\/\\\/www.apfelpatient.de\\\/wp-content\\\/uploads\\\/2020\\\/01\\\/856500018546_Banner_03_Mobile.jpg\",\"datePublished\":\"2020-01-28T16:17:44+00:00\",\"dateModified\":\"2025-02-06T07:00:36+00:00\",\"description\":\"Nomad hat neues Zubeh\u00f6r f\u00fcr die AirPods enth\u00fcllt. Nun k\u00f6nnen Fans das passende Rugged Case f\u00fcr die AirPods Pro bestellen.\",\"breadcrumb\":{\"@id\":\"https:\\\/\\\/www.apfelpatient.de\\\/news\\\/nomad-stellt-neues-case-fuer-airpods-pro-vor#breadcrumb\"},\"inLanguage\":\"en-US\",\"potentialAction\":[{\"@type\":\"ReadAction\",\"target\":[\"https:\\\/\\\/www.apfelpatient.de\\\/news\\\/nomad-stellt-neues-case-fuer-airpods-pro-vor\"]}]},{\"@type\":\"ImageObject\",\"inLanguage\":\"en-US\",\"@id\":\"https:\\\/\\\/www.apfelpatient.de\\\/news\\\/nomad-stellt-neues-case-fuer-airpods-pro-vor#primaryimage\",\"url\":\"https:\\\/\\\/www.apfelpatient.de\\\/wp-content\\\/uploads\\\/2020\\\/01\\\/856500018546_Banner_03_Mobile.jpg\",\"contentUrl\":\"https:\\\/\\\/www.apfelpatient.de\\\/wp-content\\\/uploads\\\/2020\\\/01\\\/856500018546_Banner_03_Mobile.jpg\",\"width\":1251,\"height\":834,\"caption\":\"Bild: Nomad\"},{\"@type\":\"BreadcrumbList\",\"@id\":\"https:\\\/\\\/www.apfelpatient.de\\\/news\\\/nomad-stellt-neues-case-fuer-airpods-pro-vor#breadcrumb\",\"itemListElement\":[{\"@type\":\"ListItem\",\"position\":1,\"name\":\"Startseite\",\"item\":\"https:\\\/\\\/www.apfelpatient.de\\\/\"},{\"@type\":\"ListItem\",\"position\":2,\"name\":\"Nomad stellt neues Case f\u00fcr AirPods Pro vor\"}]},{\"@type\":\"WebSite\",\"@id\":\"https:\\\/\\\/www.apfelpatient.de\\\/#website\",\"url\":\"https:\\\/\\\/www.apfelpatient.de\\\/\",\"name\":\"Apfelpatient\",\"description\":\"Alles rund um Apple!\",\"publisher\":{\"@type\":\"Organization\",\"@id\":\"https:\\\/\\\/www.apfelpatient.de\\\/en\\\/#organization\",\"name\":\"Apfelpatient\",\"url\":\"https:\\\/\\\/www.apfelpatient.de\\\/en\\\/\"},\"alternateName\":\"Apfelpatient\",\"potentialAction\":[{\"@type\":\"SearchAction\",\"target\":{\"@type\":\"EntryPoint\",\"urlTemplate\":\"https:\\\/\\\/www.apfelpatient.de\\\/?s={search_term_string}\"},\"query-input\":{\"@type\":\"PropertyValueSpecification\",\"valueRequired\":true,\"valueName\":\"search_term_string\"}}],\"inLanguage\":\"en-US\"},{\"@type\":[\"Person\",\"Organization\"],\"@id\":\"https:\\\/\\\/www.apfelpatient.de\\\/#\\\/schema\\\/person\\\/7dc56ad6c8e9824b76d2c08d4c140e13\",\"name\":\"Milan\",\"logo\":{\"@id\":\"https:\\\/\\\/www.apfelpatient.de\\\/#\\\/schema\\\/person\\\/image\\\/\"},\"description\":\"Hallo und herzlich willkommen auf meinem Technik-Blog! Als gro\u00dfer Apple-Fan berichte ich hier \u00fcber alles, was mit Apple zu tun hat: von den neuesten News und spannenden Ger\u00fcchten \u00fcber hilfreiche Tipps und Tricks bis hin zu ausf\u00fchrlichen Produkttests. Wenn du genauso technikbegeistert bist wie ich, bist du hier genau richtig!\",\"sameAs\":[\"https:\\\/\\\/www.facebook.com\\\/apfelpatientOfficial\",\"https:\\\/\\\/www.linkedin.com\\\/in\\\/milan-jovicic-42aa0231b\"],\"url\":\"https:\\\/\\\/www.apfelpatient.de\\\/en\\\/author\\\/apfeladmin\"}]}<\/script>\n<!-- \/ Yoast SEO Premium plugin. -->","yoast_head_json":{"title":"Nomad introduces new case for AirPods Pro Apfelpatient","description":"Nomad has unveiled new accessories for the AirPods. Fans can now order the matching rugged case for the AirPods Pro.","robots":{"index":"index","follow":"follow","max-snippet":"max-snippet:-1","max-image-preview":"max-image-preview:large","max-video-preview":"max-video-preview:-1"},"canonical":"https:\/\/www.apfelpatient.de\/en\/news\/nomad-introduces-new-case-for-airpods-pro","og_locale":"en_US","og_type":"article","og_title":"Nomad stellt neues Case f\u00fcr AirPods Pro vor","og_description":"Nomad hat neues Zubeh\u00f6r f\u00fcr die AirPods enth\u00fcllt. Nun k\u00f6nnen Fans das passende Rugged Case f\u00fcr die AirPods Pro bestellen.","og_url":"https:\/\/www.apfelpatient.de\/en\/news\/nomad-introduces-new-case-for-airpods-pro","og_site_name":"Apfelpatient","article_publisher":"https:\/\/www.facebook.com\/apfelpatientOfficial","article_author":"https:\/\/www.facebook.com\/apfelpatientOfficial","article_published_time":"2020-01-28T16:17:44+00:00","article_modified_time":"2025-02-06T07:00:36+00:00","og_image":[{"width":1251,"height":834,"url":"https:\/\/www.apfelpatient.de\/wp-content\/uploads\/2020\/01\/856500018546_Banner_03_Mobile.jpg","type":"image\/jpeg"}],"author":"Milan","twitter_card":"summary_large_image","twitter_description":"Nomad hat neues Zubeh\u00f6r f\u00fcr die AirPods enth\u00fcllt. Nun k\u00f6nnen Fans das passende Rugged Case f\u00fcr die AirPods Pro bestellen.","twitter_misc":{"Written by":"Milan","Est. reading time":"1 minute"},"schema":{"@context":"https:\/\/schema.org","@graph":[{"@type":"NewsArticle","@id":"https:\/\/www.apfelpatient.de\/news\/nomad-stellt-neues-case-fuer-airpods-pro-vor#article","isPartOf":{"@id":"https:\/\/www.apfelpatient.de\/news\/nomad-stellt-neues-case-fuer-airpods-pro-vor"},"author":{"@type":"Organization","@id":"https:\/\/www.apfelpatient.de\/en\/#organization","name":"Apfelpatient","url":"https:\/\/www.apfelpatient.de\/en\/"},"headline":"Nomad stellt neues Case f\u00fcr AirPods Pro vor","datePublished":"2020-01-28T16:17:44+00:00","dateModified":"2025-02-06T07:00:36+00:00","mainEntityOfPage":{"@id":"https:\/\/www.apfelpatient.de\/news\/nomad-stellt-neues-case-fuer-airpods-pro-vor"},"wordCount":252,"publisher":{"@type":"Organization","@id":"https:\/\/www.apfelpatient.de\/en\/#organization","name":"Apfelpatient","url":"https:\/\/www.apfelpatient.de\/en\/"},"image":{"@id":"https:\/\/www.apfelpatient.de\/news\/nomad-stellt-neues-case-fuer-airpods-pro-vor#primaryimage"},"thumbnailUrl":"https:\/\/www.apfelpatient.de\/wp-content\/uploads\/2020\/01\/856500018546_Banner_03_Mobile.jpg","keywords":["AirPods","AirPods Pro","Nomad"],"articleSection":"News","inLanguage":"en-US","copyrightYear":"2020","copyrightHolder":{"@id":"https:\/\/www.apfelpatient.de\/en\/#organization"}},{"@type":"WebPage","@id":"https:\/\/www.apfelpatient.de\/news\/nomad-stellt-neues-case-fuer-airpods-pro-vor","url":"https:\/\/www.apfelpatient.de\/news\/nomad-stellt-neues-case-fuer-airpods-pro-vor","name":"Nomad introduces new case for AirPods Pro Apfelpatient","isPartOf":{"@id":"https:\/\/www.apfelpatient.de\/#website"},"primaryImageOfPage":{"@id":"https:\/\/www.apfelpatient.de\/news\/nomad-stellt-neues-case-fuer-airpods-pro-vor#primaryimage"},"image":{"@id":"https:\/\/www.apfelpatient.de\/news\/nomad-stellt-neues-case-fuer-airpods-pro-vor#primaryimage"},"thumbnailUrl":"https:\/\/www.apfelpatient.de\/wp-content\/uploads\/2020\/01\/856500018546_Banner_03_Mobile.jpg","datePublished":"2020-01-28T16:17:44+00:00","dateModified":"2025-02-06T07:00:36+00:00","description":"Nomad has unveiled new accessories for the AirPods. Fans can now order the matching rugged case for the AirPods Pro.","breadcrumb":{"@id":"https:\/\/www.apfelpatient.de\/news\/nomad-stellt-neues-case-fuer-airpods-pro-vor#breadcrumb"},"inLanguage":"en-US","potentialAction":[{"@type":"ReadAction","target":["https:\/\/www.apfelpatient.de\/news\/nomad-stellt-neues-case-fuer-airpods-pro-vor"]}]},{"@type":"ImageObject","inLanguage":"en-US","@id":"https:\/\/www.apfelpatient.de\/news\/nomad-stellt-neues-case-fuer-airpods-pro-vor#primaryimage","url":"https:\/\/www.apfelpatient.de\/wp-content\/uploads\/2020\/01\/856500018546_Banner_03_Mobile.jpg","contentUrl":"https:\/\/www.apfelpatient.de\/wp-content\/uploads\/2020\/01\/856500018546_Banner_03_Mobile.jpg","width":1251,"height":834,"caption":"Bild: Nomad"},{"@type":"BreadcrumbList","@id":"https:\/\/www.apfelpatient.de\/news\/nomad-stellt-neues-case-fuer-airpods-pro-vor#breadcrumb","itemListElement":[{"@type":"ListItem","position":1,"name":"Startseite","item":"https:\/\/www.apfelpatient.de\/"},{"@type":"ListItem","position":2,"name":"Nomad stellt neues Case f\u00fcr AirPods Pro vor"}]},{"@type":"WebSite","@id":"https:\/\/www.apfelpatient.de\/#website","url":"https:\/\/www.apfelpatient.de\/","name":"apple patient","description":"Everything about Apple!","publisher":{"@type":"Organization","@id":"https:\/\/www.apfelpatient.de\/en\/#organization","name":"Apfelpatient","url":"https:\/\/www.apfelpatient.de\/en\/"},"alternateName":"Apfelpatient","potentialAction":[{"@type":"SearchAction","target":{"@type":"EntryPoint","urlTemplate":"https:\/\/www.apfelpatient.de\/?s={search_term_string}"},"query-input":{"@type":"PropertyValueSpecification","valueRequired":true,"valueName":"search_term_string"}}],"inLanguage":"en-US"},{"@type":["Person","Organization"],"@id":"https:\/\/www.apfelpatient.de\/#\/schema\/person\/7dc56ad6c8e9824b76d2c08d4c140e13","name":"Milan","logo":{"@id":"https:\/\/www.apfelpatient.de\/#\/schema\/person\/image\/"},"description":"Hello and welcome to my technology blog! As a big Apple fan, I report on everything to do with Apple: from the latest news and exciting rumors to helpful tips and tricks and detailed product tests. If you are as enthusiastic about technology as I am, you have come to the right place!","sameAs":["https:\/\/www.facebook.com\/apfelpatientOfficial","https:\/\/www.linkedin.com\/in\/milan-jovicic-42aa0231b"],"url":"https:\/\/www.apfelpatient.de\/en\/author\/apfeladmin"}]}},"_links":{"self":[{"href":"https:\/\/www.apfelpatient.de\/en\/wp-json\/wp\/v2\/posts\/9677","targetHints":{"allow":["GET"]}}],"collection":[{"href":"https:\/\/www.apfelpatient.de\/en\/wp-json\/wp\/v2\/posts"}],"about":[{"href":"https:\/\/www.apfelpatient.de\/en\/wp-json\/wp\/v2\/types\/post"}],"author":[{"embeddable":true,"href":"https:\/\/www.apfelpatient.de\/en\/wp-json\/wp\/v2\/users\/2"}],"replies":[{"embeddable":true,"href":"https:\/\/www.apfelpatient.de\/en\/wp-json\/wp\/v2\/comments?post=9677"}],"version-history":[{"count":0,"href":"https:\/\/www.apfelpatient.de\/en\/wp-json\/wp\/v2\/posts\/9677\/revisions"}],"wp:featuredmedia":[{"embeddable":true,"href":"https:\/\/www.apfelpatient.de\/en\/wp-json\/wp\/v2\/media\/9679"}],"wp:attachment":[{"href":"https:\/\/www.apfelpatient.de\/en\/wp-json\/wp\/v2\/media?parent=9677"}],"wp:term":[{"taxonomy":"category","embeddable":true,"href":"https:\/\/www.apfelpatient.de\/en\/wp-json\/wp\/v2\/categories?post=9677"},{"taxonomy":"post_tag","embeddable":true,"href":"https:\/\/www.apfelpatient.de\/en\/wp-json\/wp\/v2\/tags?post=9677"}],"curies":[{"name":"wp","href":"https:\/\/api.w.org\/{rel}","templated":true}]}}