{"id":963,"date":"2018-07-03T21:44:11","date_gmt":"2018-07-03T19:44:11","guid":{"rendered":"https:\/\/www.apfelpatient.de\/?p=963"},"modified":"2018-07-03T21:44:11","modified_gmt":"2018-07-03T19:44:11","slug":"the-ipad-with-faceid-will-be-released-in-autumn","status":"publish","type":"post","link":"https:\/\/www.apfelpatient.de\/en\/news\/kommt-im-herbst-das-ipad-mit-faceid","title":{"rendered":"Will the iPad come with FaceID in the fall?"},"content":{"rendered":"<p><strong>An iOS beta version can provide insight into the technical capabilities of a future generation of devices.<\/strong><\/p>\n<p><strong>Does iOS 12 authenticate an iPad with FaceID?<\/strong><\/p>\n<p>The developer and iOS leak specialist Steve Troughton-Smith now sees the new iPad with FaceID confirmed. The reason is probably simple: the AvatarKit libraries are said to be in the iPad&#039;s iOS 12 firmware.<\/p>\n<p>AvatarKit is not available without the TrueDepth Cam - so the iPad comes with facial recognition. So autumn remains exciting!<\/p>","protected":false},"excerpt":{"rendered":"<p>Durch eine iOS Beta-Version lassen sich R\u00fcckschl\u00fcsse auf die technischen F\u00e4higkeiten einer kommenden Ger\u00e4te-Generation schlie\u00dfen. Best\u00e4tigt iOS 12 ein iPad mit FaceID? Der Entwickler und iOS-Leak-Spezialist Steve Troughton-Smith sieht nun das neue iPad mit FaceID best\u00e4tigt. Der Grund ist wohl einfach, es sollen sich die Bibliotheken von AvatarKit in der iOS 12-Firmware des iPads befinden. [&hellip;]<\/p>\n","protected":false},"author":2,"featured_media":964,"comment_status":"open","ping_status":"open","sticky":false,"template":"","format":"standard","meta":{"jnews-multi-image_gallery":[],"jnews_single_post":[],"jnews_primary_category":[],"footnotes":""},"categories":[9],"tags":[37,3,30,18],"class_list":["post-963","post","type-post","status-publish","format-standard","has-post-thumbnail","hentry","category-news","tag-face-id","tag-ios","tag-ios-12","tag-ipad"],"yoast_head":"<!-- This site is optimized with the Yoast SEO Premium plugin v27.5 (Yoast SEO v27.5) - https:\/\/yoast.com\/product\/yoast-seo-premium-wordpress\/ -->\n<title>Kommt im Herbst das iPad mit FaceID? Apfelpatient<\/title>\n<meta name=\"description\" content=\"Durch eine iOS Beta-Version lassen sich R\u00fcckschl\u00fcsse auf die technischen F\u00e4higkeiten einer kommenden Ger\u00e4te-Generation schlie\u00dfen. Best\u00e4tigt iOS 12 ein\" \/>\n<meta name=\"robots\" content=\"index, follow, max-snippet:-1, max-image-preview:large, max-video-preview:-1\" \/>\n<link rel=\"canonical\" href=\"https:\/\/www.apfelpatient.de\/en\/news\/the-ipad-with-faceid-will-be-released-in-autumn\" \/>\n<meta property=\"og:locale\" content=\"en_US\" \/>\n<meta property=\"og:type\" content=\"article\" \/>\n<meta property=\"og:title\" content=\"Kommt im Herbst das iPad mit FaceID?\" \/>\n<meta property=\"og:description\" content=\"Durch eine iOS Beta-Version lassen sich R\u00fcckschl\u00fcsse auf die technischen F\u00e4higkeiten einer kommenden Ger\u00e4te-Generation schlie\u00dfen. Best\u00e4tigt iOS 12 ein\" \/>\n<meta property=\"og:url\" content=\"https:\/\/www.apfelpatient.de\/en\/news\/the-ipad-with-faceid-will-be-released-in-autumn\" \/>\n<meta property=\"og:site_name\" content=\"Apfelpatient\" \/>\n<meta property=\"article:publisher\" content=\"https:\/\/www.facebook.com\/apfelpatientOfficial\" \/>\n<meta property=\"article:author\" content=\"https:\/\/www.facebook.com\/apfelpatientOfficial\" \/>\n<meta property=\"article:published_time\" content=\"2018-07-03T19:44:11+00:00\" \/>\n<meta property=\"og:image\" content=\"https:\/\/www.apfelpatient.de\/wp-content\/uploads\/2018\/07\/IMG_0615.jpg\" \/>\n\t<meta property=\"og:image:width\" content=\"2352\" \/>\n\t<meta property=\"og:image:height\" content=\"1568\" \/>\n\t<meta property=\"og:image:type\" content=\"image\/jpeg\" \/>\n<meta name=\"author\" content=\"Milan\" \/>\n<meta name=\"twitter:card\" content=\"summary_large_image\" \/>\n<meta name=\"twitter:label1\" content=\"Written by\" \/>\n\t<meta name=\"twitter:data1\" content=\"Milan\" \/>\n<script type=\"application\/ld+json\" class=\"yoast-schema-graph\">{\"@context\":\"https:\\\/\\\/schema.org\",\"@graph\":[{\"@type\":\"NewsArticle\",\"@id\":\"https:\\\/\\\/www.apfelpatient.de\\\/en\\\/news\\\/kommt-im-herbst-das-ipad-mit-faceid#article\",\"isPartOf\":{\"@id\":\"https:\\\/\\\/www.apfelpatient.de\\\/en\\\/news\\\/kommt-im-herbst-das-ipad-mit-faceid\"},\"author\":{\"@type\":\"Organization\",\"@id\":\"https:\\\/\\\/www.apfelpatient.de\\\/en\\\/#organization\",\"name\":\"Apfelpatient\",\"url\":\"https:\\\/\\\/www.apfelpatient.de\\\/en\\\/\"},\"headline\":\"Kommt im Herbst das iPad mit FaceID?\",\"datePublished\":\"2018-07-03T19:44:11+00:00\",\"mainEntityOfPage\":{\"@id\":\"https:\\\/\\\/www.apfelpatient.de\\\/en\\\/news\\\/kommt-im-herbst-das-ipad-mit-faceid\"},\"wordCount\":87,\"commentCount\":0,\"publisher\":{\"@type\":\"Organization\",\"@id\":\"https:\\\/\\\/www.apfelpatient.de\\\/en\\\/#organization\",\"name\":\"Apfelpatient\",\"url\":\"https:\\\/\\\/www.apfelpatient.de\\\/en\\\/\"},\"image\":{\"@id\":\"https:\\\/\\\/www.apfelpatient.de\\\/en\\\/news\\\/kommt-im-herbst-das-ipad-mit-faceid#primaryimage\"},\"thumbnailUrl\":\"https:\\\/\\\/www.apfelpatient.de\\\/wp-content\\\/uploads\\\/2018\\\/07\\\/IMG_0615.jpg\",\"keywords\":[\"Face ID\",\"iOS\",\"iOS 12\",\"iPad\"],\"articleSection\":\"News\",\"inLanguage\":\"en-US\",\"potentialAction\":[{\"@type\":\"CommentAction\",\"name\":\"Comment\",\"target\":[\"https:\\\/\\\/www.apfelpatient.de\\\/en\\\/news\\\/kommt-im-herbst-das-ipad-mit-faceid#respond\"]}],\"copyrightYear\":\"2018\",\"copyrightHolder\":{\"@id\":\"https:\\\/\\\/www.apfelpatient.de\\\/en\\\/#organization\"}},{\"@type\":\"WebPage\",\"@id\":\"https:\\\/\\\/www.apfelpatient.de\\\/en\\\/news\\\/kommt-im-herbst-das-ipad-mit-faceid\",\"url\":\"https:\\\/\\\/www.apfelpatient.de\\\/en\\\/news\\\/kommt-im-herbst-das-ipad-mit-faceid\",\"name\":\"Kommt im Herbst das iPad mit FaceID? Apfelpatient\",\"isPartOf\":{\"@id\":\"https:\\\/\\\/www.apfelpatient.de\\\/#website\"},\"primaryImageOfPage\":{\"@id\":\"https:\\\/\\\/www.apfelpatient.de\\\/en\\\/news\\\/kommt-im-herbst-das-ipad-mit-faceid#primaryimage\"},\"image\":{\"@id\":\"https:\\\/\\\/www.apfelpatient.de\\\/en\\\/news\\\/kommt-im-herbst-das-ipad-mit-faceid#primaryimage\"},\"thumbnailUrl\":\"https:\\\/\\\/www.apfelpatient.de\\\/wp-content\\\/uploads\\\/2018\\\/07\\\/IMG_0615.jpg\",\"datePublished\":\"2018-07-03T19:44:11+00:00\",\"description\":\"Durch eine iOS Beta-Version lassen sich R\u00fcckschl\u00fcsse auf die technischen F\u00e4higkeiten einer kommenden Ger\u00e4te-Generation schlie\u00dfen. Best\u00e4tigt iOS 12 ein\",\"breadcrumb\":{\"@id\":\"https:\\\/\\\/www.apfelpatient.de\\\/en\\\/news\\\/kommt-im-herbst-das-ipad-mit-faceid#breadcrumb\"},\"inLanguage\":\"en-US\",\"potentialAction\":[{\"@type\":\"ReadAction\",\"target\":[\"https:\\\/\\\/www.apfelpatient.de\\\/en\\\/news\\\/kommt-im-herbst-das-ipad-mit-faceid\"]}]},{\"@type\":\"ImageObject\",\"inLanguage\":\"en-US\",\"@id\":\"https:\\\/\\\/www.apfelpatient.de\\\/en\\\/news\\\/kommt-im-herbst-das-ipad-mit-faceid#primaryimage\",\"url\":\"https:\\\/\\\/www.apfelpatient.de\\\/wp-content\\\/uploads\\\/2018\\\/07\\\/IMG_0615.jpg\",\"contentUrl\":\"https:\\\/\\\/www.apfelpatient.de\\\/wp-content\\\/uploads\\\/2018\\\/07\\\/IMG_0615.jpg\",\"width\":2352,\"height\":1568,\"caption\":\"Bild: Apple\"},{\"@type\":\"BreadcrumbList\",\"@id\":\"https:\\\/\\\/www.apfelpatient.de\\\/en\\\/news\\\/kommt-im-herbst-das-ipad-mit-faceid#breadcrumb\",\"itemListElement\":[{\"@type\":\"ListItem\",\"position\":1,\"name\":\"Startseite\",\"item\":\"https:\\\/\\\/www.apfelpatient.de\\\/\"},{\"@type\":\"ListItem\",\"position\":2,\"name\":\"Kommt im Herbst das iPad mit FaceID?\"}]},{\"@type\":\"WebSite\",\"@id\":\"https:\\\/\\\/www.apfelpatient.de\\\/#website\",\"url\":\"https:\\\/\\\/www.apfelpatient.de\\\/\",\"name\":\"Apfelpatient\",\"description\":\"Alles rund um Apple!\",\"publisher\":{\"@type\":\"Organization\",\"@id\":\"https:\\\/\\\/www.apfelpatient.de\\\/en\\\/#organization\",\"name\":\"Apfelpatient\",\"url\":\"https:\\\/\\\/www.apfelpatient.de\\\/en\\\/\"},\"alternateName\":\"Apfelpatient\",\"potentialAction\":[{\"@type\":\"SearchAction\",\"target\":{\"@type\":\"EntryPoint\",\"urlTemplate\":\"https:\\\/\\\/www.apfelpatient.de\\\/?s={search_term_string}\"},\"query-input\":{\"@type\":\"PropertyValueSpecification\",\"valueRequired\":true,\"valueName\":\"search_term_string\"}}],\"inLanguage\":\"en-US\"},{\"@type\":[\"Person\",\"Organization\"],\"@id\":\"https:\\\/\\\/www.apfelpatient.de\\\/#\\\/schema\\\/person\\\/7dc56ad6c8e9824b76d2c08d4c140e13\",\"name\":\"Milan\",\"logo\":{\"@id\":\"https:\\\/\\\/www.apfelpatient.de\\\/#\\\/schema\\\/person\\\/image\\\/\"},\"description\":\"Hallo und herzlich willkommen auf meinem Technik-Blog! Als gro\u00dfer Apple-Fan berichte ich hier \u00fcber alles, was mit Apple zu tun hat: von den neuesten News und spannenden Ger\u00fcchten \u00fcber hilfreiche Tipps und Tricks bis hin zu ausf\u00fchrlichen Produkttests. Wenn du genauso technikbegeistert bist wie ich, bist du hier genau richtig!\",\"sameAs\":[\"https:\\\/\\\/www.facebook.com\\\/apfelpatientOfficial\",\"https:\\\/\\\/www.linkedin.com\\\/in\\\/milan-jovicic-42aa0231b\"],\"url\":\"https:\\\/\\\/www.apfelpatient.de\\\/en\\\/author\\\/apfeladmin\"}]}<\/script>\n<!-- \/ Yoast SEO Premium plugin. -->","yoast_head_json":{"title":"Will the iPad come with FaceID in the fall? Apfelpatient","description":"An iOS beta version can provide insights into the technical capabilities of a future generation of devices. Does iOS 12 confirm a","robots":{"index":"index","follow":"follow","max-snippet":"max-snippet:-1","max-image-preview":"max-image-preview:large","max-video-preview":"max-video-preview:-1"},"canonical":"https:\/\/www.apfelpatient.de\/en\/news\/the-ipad-with-faceid-will-be-released-in-autumn","og_locale":"en_US","og_type":"article","og_title":"Kommt im Herbst das iPad mit FaceID?","og_description":"Durch eine iOS Beta-Version lassen sich R\u00fcckschl\u00fcsse auf die technischen F\u00e4higkeiten einer kommenden Ger\u00e4te-Generation schlie\u00dfen. Best\u00e4tigt iOS 12 ein","og_url":"https:\/\/www.apfelpatient.de\/en\/news\/the-ipad-with-faceid-will-be-released-in-autumn","og_site_name":"Apfelpatient","article_publisher":"https:\/\/www.facebook.com\/apfelpatientOfficial","article_author":"https:\/\/www.facebook.com\/apfelpatientOfficial","article_published_time":"2018-07-03T19:44:11+00:00","og_image":[{"width":2352,"height":1568,"url":"https:\/\/www.apfelpatient.de\/wp-content\/uploads\/2018\/07\/IMG_0615.jpg","type":"image\/jpeg"}],"author":"Milan","twitter_card":"summary_large_image","twitter_misc":{"Written by":"Milan"},"schema":{"@context":"https:\/\/schema.org","@graph":[{"@type":"NewsArticle","@id":"https:\/\/www.apfelpatient.de\/en\/news\/kommt-im-herbst-das-ipad-mit-faceid#article","isPartOf":{"@id":"https:\/\/www.apfelpatient.de\/en\/news\/kommt-im-herbst-das-ipad-mit-faceid"},"author":{"@type":"Organization","@id":"https:\/\/www.apfelpatient.de\/en\/#organization","name":"Apfelpatient","url":"https:\/\/www.apfelpatient.de\/en\/"},"headline":"Kommt im Herbst das iPad mit FaceID?","datePublished":"2018-07-03T19:44:11+00:00","mainEntityOfPage":{"@id":"https:\/\/www.apfelpatient.de\/en\/news\/kommt-im-herbst-das-ipad-mit-faceid"},"wordCount":87,"commentCount":0,"publisher":{"@type":"Organization","@id":"https:\/\/www.apfelpatient.de\/en\/#organization","name":"Apfelpatient","url":"https:\/\/www.apfelpatient.de\/en\/"},"image":{"@id":"https:\/\/www.apfelpatient.de\/en\/news\/kommt-im-herbst-das-ipad-mit-faceid#primaryimage"},"thumbnailUrl":"https:\/\/www.apfelpatient.de\/wp-content\/uploads\/2018\/07\/IMG_0615.jpg","keywords":["Face ID","iOS","iOS 12","iPad"],"articleSection":"News","inLanguage":"en-US","potentialAction":[{"@type":"CommentAction","name":"Comment","target":["https:\/\/www.apfelpatient.de\/en\/news\/kommt-im-herbst-das-ipad-mit-faceid#respond"]}],"copyrightYear":"2018","copyrightHolder":{"@id":"https:\/\/www.apfelpatient.de\/en\/#organization"}},{"@type":"WebPage","@id":"https:\/\/www.apfelpatient.de\/en\/news\/kommt-im-herbst-das-ipad-mit-faceid","url":"https:\/\/www.apfelpatient.de\/en\/news\/kommt-im-herbst-das-ipad-mit-faceid","name":"Will the iPad come with FaceID in the fall? Apfelpatient","isPartOf":{"@id":"https:\/\/www.apfelpatient.de\/#website"},"primaryImageOfPage":{"@id":"https:\/\/www.apfelpatient.de\/en\/news\/kommt-im-herbst-das-ipad-mit-faceid#primaryimage"},"image":{"@id":"https:\/\/www.apfelpatient.de\/en\/news\/kommt-im-herbst-das-ipad-mit-faceid#primaryimage"},"thumbnailUrl":"https:\/\/www.apfelpatient.de\/wp-content\/uploads\/2018\/07\/IMG_0615.jpg","datePublished":"2018-07-03T19:44:11+00:00","description":"An iOS beta version can provide insights into the technical capabilities of a future generation of devices. Does iOS 12 confirm a","breadcrumb":{"@id":"https:\/\/www.apfelpatient.de\/en\/news\/kommt-im-herbst-das-ipad-mit-faceid#breadcrumb"},"inLanguage":"en-US","potentialAction":[{"@type":"ReadAction","target":["https:\/\/www.apfelpatient.de\/en\/news\/kommt-im-herbst-das-ipad-mit-faceid"]}]},{"@type":"ImageObject","inLanguage":"en-US","@id":"https:\/\/www.apfelpatient.de\/en\/news\/kommt-im-herbst-das-ipad-mit-faceid#primaryimage","url":"https:\/\/www.apfelpatient.de\/wp-content\/uploads\/2018\/07\/IMG_0615.jpg","contentUrl":"https:\/\/www.apfelpatient.de\/wp-content\/uploads\/2018\/07\/IMG_0615.jpg","width":2352,"height":1568,"caption":"Bild: Apple"},{"@type":"BreadcrumbList","@id":"https:\/\/www.apfelpatient.de\/en\/news\/kommt-im-herbst-das-ipad-mit-faceid#breadcrumb","itemListElement":[{"@type":"ListItem","position":1,"name":"Startseite","item":"https:\/\/www.apfelpatient.de\/"},{"@type":"ListItem","position":2,"name":"Kommt im Herbst das iPad mit FaceID?"}]},{"@type":"WebSite","@id":"https:\/\/www.apfelpatient.de\/#website","url":"https:\/\/www.apfelpatient.de\/","name":"apple patient","description":"Everything about Apple!","publisher":{"@type":"Organization","@id":"https:\/\/www.apfelpatient.de\/en\/#organization","name":"Apfelpatient","url":"https:\/\/www.apfelpatient.de\/en\/"},"alternateName":"Apfelpatient","potentialAction":[{"@type":"SearchAction","target":{"@type":"EntryPoint","urlTemplate":"https:\/\/www.apfelpatient.de\/?s={search_term_string}"},"query-input":{"@type":"PropertyValueSpecification","valueRequired":true,"valueName":"search_term_string"}}],"inLanguage":"en-US"},{"@type":["Person","Organization"],"@id":"https:\/\/www.apfelpatient.de\/#\/schema\/person\/7dc56ad6c8e9824b76d2c08d4c140e13","name":"Milan","logo":{"@id":"https:\/\/www.apfelpatient.de\/#\/schema\/person\/image\/"},"description":"Hello and welcome to my technology blog! As a big Apple fan, I report on everything to do with Apple: from the latest news and exciting rumors to helpful tips and tricks and detailed product tests. If you are as enthusiastic about technology as I am, you have come to the right place!","sameAs":["https:\/\/www.facebook.com\/apfelpatientOfficial","https:\/\/www.linkedin.com\/in\/milan-jovicic-42aa0231b"],"url":"https:\/\/www.apfelpatient.de\/en\/author\/apfeladmin"}]}},"_links":{"self":[{"href":"https:\/\/www.apfelpatient.de\/en\/wp-json\/wp\/v2\/posts\/963","targetHints":{"allow":["GET"]}}],"collection":[{"href":"https:\/\/www.apfelpatient.de\/en\/wp-json\/wp\/v2\/posts"}],"about":[{"href":"https:\/\/www.apfelpatient.de\/en\/wp-json\/wp\/v2\/types\/post"}],"author":[{"embeddable":true,"href":"https:\/\/www.apfelpatient.de\/en\/wp-json\/wp\/v2\/users\/2"}],"replies":[{"embeddable":true,"href":"https:\/\/www.apfelpatient.de\/en\/wp-json\/wp\/v2\/comments?post=963"}],"version-history":[{"count":0,"href":"https:\/\/www.apfelpatient.de\/en\/wp-json\/wp\/v2\/posts\/963\/revisions"}],"wp:featuredmedia":[{"embeddable":true,"href":"https:\/\/www.apfelpatient.de\/en\/wp-json\/wp\/v2\/media\/964"}],"wp:attachment":[{"href":"https:\/\/www.apfelpatient.de\/en\/wp-json\/wp\/v2\/media?parent=963"}],"wp:term":[{"taxonomy":"category","embeddable":true,"href":"https:\/\/www.apfelpatient.de\/en\/wp-json\/wp\/v2\/categories?post=963"},{"taxonomy":"post_tag","embeddable":true,"href":"https:\/\/www.apfelpatient.de\/en\/wp-json\/wp\/v2\/tags?post=963"}],"curies":[{"name":"wp","href":"https:\/\/api.w.org\/{rel}","templated":true}]}}