{"id":9591,"date":"2020-01-23T20:49:16","date_gmt":"2020-01-23T19:49:16","guid":{"rendered":"https:\/\/www.apfelpatient.de\/?p=9591"},"modified":"2026-03-27T08:39:52","modified_gmt":"2026-03-27T07:39:52","slug":"charging-port-apple-responds-to-eu-demand","status":"publish","type":"post","link":"https:\/\/www.apfelpatient.de\/en\/news\/ladeanschluss-apple-reagiert-auf-eu-forderung","title":{"rendered":"Charging port: Apple responds to EU demand"},"content":{"rendered":"<p class=\"has-drop-cap\"><strong>At the beginning of last week, the European Parliament again discussed the topic of \u201c<a href=\"https:\/\/www.apfelpatient.de\/en\">uniform charging connection in the EU<\/a>\u201c. Now Apple has responded to the European Union\u2019s request.<\/strong><\/p>\n\n\n\n<p>The discussion about the standardization of charging ports in Europe continues. But now, as expected, Apple has also spoken out. The Cupertino-based company argues against this plan. According to it, this step would lead to an &quot;unprecedented mountain&quot; of waste, as Apple has already sold over a billion devices with a Lightning port. This is how Apple explains in a new statement - published by <a href=\"https:\/\/www.thesun.co.uk\/tech\/10805171\/apple-lightning-usb-c-iphone-charger-cable-eu\/\">The Sun<\/a>:<\/p>\n\n\n\n<blockquote class=\"wp-block-quote is-layout-flow wp-block-quote-is-layout-flow\"><p>The legislation would have a direct negative impact by disrupting the hundreds of millions of active devices and accessories used by our European customers and even more Apple customers worldwide \u2013 resulting in an unprecedented amount of electronic waste and severe inconvenience to users.<\/p><p>Before 2009, the Commission considered mandating the use of USB Micro-B connectors for all smartphones, which would have limited the development of Lightning and USB Type-C.<\/p><p>Instead, the Commission has introduced a voluntary, industry standards-based approach that has reduced the market from 30 chargers to three, soon two \u2013 Lightning to USB-C \u2013 showing that this approach works.<\/p><\/blockquote>\n\n\n\n<h3 class=\"wp-block-heading\">USB-C switchover underway \u2013 regulation unnecessary<\/h3>\n\n\n\n\n\n\n\n<p><\/p>\n\n\n\n<p>Apple also added that the industry was already switching to USB-C, so regulation by the European Union was not necessary. Apple is actually right - a forced switch would render many Lightning-based accessories useless. But the charging port debate may soon be history. Rumors that Apple will switch completely to USB-C from 2021 <a href=\"https:\/\/www.apfelpatient.de\/en\">want to switch to USB-C<\/a>, are increasing. However, things could also turn out very differently. At the beginning of December last year, Kuo announced the elimination of a charging socket in the <a href=\"https:\/\/www.apfelpatient.de\/en\">iPhone in 2021<\/a> Which case will actually come to pass remains to be seen. You can see the results of our last survey on this topic below.&nbsp;<em>(Photo by blackzheep \/ Bigstockphoto)<\/em><\/p>\n\n\n\n<figure class=\"wp-block-image size-large\"><img decoding=\"async\" width=\"779\" height=\"201\" src=\"https:\/\/www.apfelpatient.de\/wp-content\/uploads\/2020\/01\/Bild-23.01.20-um-19.57.jpg\" alt=\"www.apfelpatient.de\" class=\"wp-image-9586\"\/><figcaption>apple patient<\/figcaption><\/figure>","protected":false},"excerpt":{"rendered":"<p>At the beginning of last week, the topic of a &quot;uniform charging connector in the EU&quot; was again discussed in the European Parliament. Now Apple has responded.<\/p>","protected":false},"author":2,"featured_media":9585,"comment_status":"closed","ping_status":"closed","sticky":false,"template":"","format":"standard","meta":{"jnews-multi-image_gallery":[],"jnews_single_post":{"subtitle":"","format":"standard","video":"","gallery":"","source_name":"","source_url":"","via_name":"","via_url":"","override":[{"single_blog_custom":"","sidebar":"","second_sidebar":"","share_position":"","share_float_style":"","post_date_format":"","post_date_format_custom":"","post_reading_time_wpm":"","zoom_button_out_step":"1","zoom_button_in_step":"1","number_popup_post":"1"}],"image_override":[{"single_post_thumbnail_size":"","single_post_gallery_size":""}],"trending_post_position":"","trending_post_label":""},"jnews_primary_category":{"id":"265"},"footnotes":""},"categories":[9],"tags":[123,96,313,8,311,254,87],"class_list":["post-9591","post","type-post","status-publish","format-standard","has-post-thumbnail","hentry","category-news","tag-eu","tag-eu-kommission","tag-europa","tag-iphone","tag-iphone-2021","tag-iphone-2020","tag-usb-c"],"yoast_head":"<!-- This site is optimized with the Yoast SEO Premium plugin v27.5 (Yoast SEO v27.5) - https:\/\/yoast.com\/product\/yoast-seo-premium-wordpress\/ -->\n<title>Ladeanschluss: Apple reagiert auf EU-Forderung Apfelpatient<\/title>\n<meta name=\"description\" content=\"Anfang letzter Woche wurde im Europ\u00e4ischen Parlament erneut das Thema &quot;einheitlicher Ladeanschluss in der EU&quot; diskutiert. Nun hat Apple reagiert.\" \/>\n<meta name=\"robots\" content=\"index, follow, max-snippet:-1, max-image-preview:large, max-video-preview:-1\" \/>\n<link rel=\"canonical\" href=\"https:\/\/www.apfelpatient.de\/en\/news\/charging-port-apple-responds-to-eu-demand\" \/>\n<meta property=\"og:locale\" content=\"en_US\" \/>\n<meta property=\"og:type\" content=\"article\" \/>\n<meta property=\"og:title\" content=\"Ladeanschluss: Apple reagiert auf EU-Forderung\" \/>\n<meta property=\"og:description\" content=\"Anfang letzter Woche wurde im Europ\u00e4ischen Parlament erneut das Thema &quot;einheitlicher Ladeanschluss in der EU&quot; diskutiert. Nun hat Apple reagiert.\" \/>\n<meta property=\"og:url\" content=\"https:\/\/www.apfelpatient.de\/en\/news\/charging-port-apple-responds-to-eu-demand\" \/>\n<meta property=\"og:site_name\" content=\"Apfelpatient\" \/>\n<meta property=\"article:publisher\" content=\"https:\/\/www.facebook.com\/apfelpatientOfficial\" \/>\n<meta property=\"article:author\" content=\"https:\/\/www.facebook.com\/apfelpatientOfficial\" \/>\n<meta property=\"article:published_time\" content=\"2020-01-23T19:49:16+00:00\" \/>\n<meta property=\"article:modified_time\" content=\"2026-03-27T07:39:52+00:00\" \/>\n<meta property=\"og:image\" content=\"https:\/\/www.apfelpatient.de\/wp-content\/uploads\/2020\/01\/bigstock-191773999.jpg\" \/>\n\t<meta property=\"og:image:width\" content=\"1600\" \/>\n\t<meta property=\"og:image:height\" content=\"1067\" \/>\n\t<meta property=\"og:image:type\" content=\"image\/jpeg\" \/>\n<meta name=\"author\" content=\"Milan\" \/>\n<meta name=\"twitter:card\" content=\"summary_large_image\" \/>\n<meta name=\"twitter:description\" content=\"Anfang letzter Woche wurde im Europ\u00e4ischen Parlament erneut das Thema &quot;einheitlicher Ladeanschluss in der EU&quot; diskutiert. Nun hat Apple reagiert.\" \/>\n<meta name=\"twitter:image\" content=\"https:\/\/www.apfelpatient.de\/wp-content\/uploads\/2020\/01\/bigstock-191773999.jpg\" \/>\n<meta name=\"twitter:label1\" content=\"Written by\" \/>\n\t<meta name=\"twitter:data1\" content=\"Milan\" \/>\n\t<meta name=\"twitter:label2\" content=\"Est. reading time\" \/>\n\t<meta name=\"twitter:data2\" content=\"3 minutes\" \/>\n<script type=\"application\/ld+json\" class=\"yoast-schema-graph\">{\"@context\":\"https:\\\/\\\/schema.org\",\"@graph\":[{\"@type\":\"NewsArticle\",\"@id\":\"https:\\\/\\\/www.apfelpatient.de\\\/news\\\/ladeanschluss-apple-reagiert-auf-eu-forderung#article\",\"isPartOf\":{\"@id\":\"https:\\\/\\\/www.apfelpatient.de\\\/news\\\/ladeanschluss-apple-reagiert-auf-eu-forderung\"},\"author\":{\"@type\":\"Organization\",\"@id\":\"https:\\\/\\\/www.apfelpatient.de\\\/en\\\/#organization\",\"name\":\"Apfelpatient\",\"url\":\"https:\\\/\\\/www.apfelpatient.de\\\/en\\\/\"},\"headline\":\"Ladeanschluss: Apple reagiert auf EU-Forderung\",\"datePublished\":\"2020-01-23T19:49:16+00:00\",\"dateModified\":\"2026-03-27T07:39:52+00:00\",\"mainEntityOfPage\":{\"@id\":\"https:\\\/\\\/www.apfelpatient.de\\\/news\\\/ladeanschluss-apple-reagiert-auf-eu-forderung\"},\"wordCount\":359,\"publisher\":{\"@type\":\"Organization\",\"@id\":\"https:\\\/\\\/www.apfelpatient.de\\\/en\\\/#organization\",\"name\":\"Apfelpatient\",\"url\":\"https:\\\/\\\/www.apfelpatient.de\\\/en\\\/\"},\"image\":{\"@id\":\"https:\\\/\\\/www.apfelpatient.de\\\/news\\\/ladeanschluss-apple-reagiert-auf-eu-forderung#primaryimage\"},\"thumbnailUrl\":\"https:\\\/\\\/www.apfelpatient.de\\\/wp-content\\\/uploads\\\/2020\\\/01\\\/bigstock-191773999.jpg\",\"keywords\":[\"EU\",\"EU-Kommission\",\"Europa\",\"iPhone\",\"iPhone 13\",\"iPhone 2020\",\"USB-C\"],\"articleSection\":\"News\",\"inLanguage\":\"en-US\",\"copyrightYear\":\"2020\",\"copyrightHolder\":{\"@id\":\"https:\\\/\\\/www.apfelpatient.de\\\/en\\\/#organization\"}},{\"@type\":\"WebPage\",\"@id\":\"https:\\\/\\\/www.apfelpatient.de\\\/news\\\/ladeanschluss-apple-reagiert-auf-eu-forderung\",\"url\":\"https:\\\/\\\/www.apfelpatient.de\\\/news\\\/ladeanschluss-apple-reagiert-auf-eu-forderung\",\"name\":\"Ladeanschluss: Apple reagiert auf EU-Forderung Apfelpatient\",\"isPartOf\":{\"@id\":\"https:\\\/\\\/www.apfelpatient.de\\\/#website\"},\"primaryImageOfPage\":{\"@id\":\"https:\\\/\\\/www.apfelpatient.de\\\/news\\\/ladeanschluss-apple-reagiert-auf-eu-forderung#primaryimage\"},\"image\":{\"@id\":\"https:\\\/\\\/www.apfelpatient.de\\\/news\\\/ladeanschluss-apple-reagiert-auf-eu-forderung#primaryimage\"},\"thumbnailUrl\":\"https:\\\/\\\/www.apfelpatient.de\\\/wp-content\\\/uploads\\\/2020\\\/01\\\/bigstock-191773999.jpg\",\"datePublished\":\"2020-01-23T19:49:16+00:00\",\"dateModified\":\"2026-03-27T07:39:52+00:00\",\"description\":\"Anfang letzter Woche wurde im Europ\u00e4ischen Parlament erneut das Thema \\\"einheitlicher Ladeanschluss in der EU\\\" diskutiert. Nun hat Apple reagiert.\",\"breadcrumb\":{\"@id\":\"https:\\\/\\\/www.apfelpatient.de\\\/news\\\/ladeanschluss-apple-reagiert-auf-eu-forderung#breadcrumb\"},\"inLanguage\":\"en-US\",\"potentialAction\":[{\"@type\":\"ReadAction\",\"target\":[\"https:\\\/\\\/www.apfelpatient.de\\\/news\\\/ladeanschluss-apple-reagiert-auf-eu-forderung\"]}]},{\"@type\":\"ImageObject\",\"inLanguage\":\"en-US\",\"@id\":\"https:\\\/\\\/www.apfelpatient.de\\\/news\\\/ladeanschluss-apple-reagiert-auf-eu-forderung#primaryimage\",\"url\":\"https:\\\/\\\/www.apfelpatient.de\\\/wp-content\\\/uploads\\\/2020\\\/01\\\/bigstock-191773999.jpg\",\"contentUrl\":\"https:\\\/\\\/www.apfelpatient.de\\\/wp-content\\\/uploads\\\/2020\\\/01\\\/bigstock-191773999.jpg\",\"width\":1600,\"height\":1067,\"caption\":\"phone connecting usb port on black background top view\"},{\"@type\":\"BreadcrumbList\",\"@id\":\"https:\\\/\\\/www.apfelpatient.de\\\/news\\\/ladeanschluss-apple-reagiert-auf-eu-forderung#breadcrumb\",\"itemListElement\":[{\"@type\":\"ListItem\",\"position\":1,\"name\":\"Startseite\",\"item\":\"https:\\\/\\\/www.apfelpatient.de\\\/\"},{\"@type\":\"ListItem\",\"position\":2,\"name\":\"Ladeanschluss: Apple reagiert auf EU-Forderung\"}]},{\"@type\":\"WebSite\",\"@id\":\"https:\\\/\\\/www.apfelpatient.de\\\/#website\",\"url\":\"https:\\\/\\\/www.apfelpatient.de\\\/\",\"name\":\"Apfelpatient\",\"description\":\"Alles rund um Apple!\",\"publisher\":{\"@type\":\"Organization\",\"@id\":\"https:\\\/\\\/www.apfelpatient.de\\\/en\\\/#organization\",\"name\":\"Apfelpatient\",\"url\":\"https:\\\/\\\/www.apfelpatient.de\\\/en\\\/\"},\"alternateName\":\"Apfelpatient\",\"potentialAction\":[{\"@type\":\"SearchAction\",\"target\":{\"@type\":\"EntryPoint\",\"urlTemplate\":\"https:\\\/\\\/www.apfelpatient.de\\\/?s={search_term_string}\"},\"query-input\":{\"@type\":\"PropertyValueSpecification\",\"valueRequired\":true,\"valueName\":\"search_term_string\"}}],\"inLanguage\":\"en-US\"},{\"@type\":[\"Person\",\"Organization\"],\"@id\":\"https:\\\/\\\/www.apfelpatient.de\\\/#\\\/schema\\\/person\\\/7dc56ad6c8e9824b76d2c08d4c140e13\",\"name\":\"Milan\",\"logo\":{\"@id\":\"https:\\\/\\\/www.apfelpatient.de\\\/#\\\/schema\\\/person\\\/image\\\/\"},\"description\":\"Hallo und herzlich willkommen auf meinem Technik-Blog! Als gro\u00dfer Apple-Fan berichte ich hier \u00fcber alles, was mit Apple zu tun hat: von den neuesten News und spannenden Ger\u00fcchten \u00fcber hilfreiche Tipps und Tricks bis hin zu ausf\u00fchrlichen Produkttests. Wenn du genauso technikbegeistert bist wie ich, bist du hier genau richtig!\",\"sameAs\":[\"https:\\\/\\\/www.facebook.com\\\/apfelpatientOfficial\",\"https:\\\/\\\/www.linkedin.com\\\/in\\\/milan-jovicic-42aa0231b\"],\"url\":\"https:\\\/\\\/www.apfelpatient.de\\\/en\\\/author\\\/apfeladmin\"}]}<\/script>\n<!-- \/ Yoast SEO Premium plugin. -->","yoast_head_json":{"title":"Charging port: Apple responds to EU demand Apfelpatient","description":"At the beginning of last week, the topic of &quot;uniform charging connection in the EU&quot; was discussed again in the European Parliament. Now Apple has reacted.","robots":{"index":"index","follow":"follow","max-snippet":"max-snippet:-1","max-image-preview":"max-image-preview:large","max-video-preview":"max-video-preview:-1"},"canonical":"https:\/\/www.apfelpatient.de\/en\/news\/charging-port-apple-responds-to-eu-demand","og_locale":"en_US","og_type":"article","og_title":"Ladeanschluss: Apple reagiert auf EU-Forderung","og_description":"Anfang letzter Woche wurde im Europ\u00e4ischen Parlament erneut das Thema \"einheitlicher Ladeanschluss in der EU\" diskutiert. Nun hat Apple reagiert.","og_url":"https:\/\/www.apfelpatient.de\/en\/news\/charging-port-apple-responds-to-eu-demand","og_site_name":"Apfelpatient","article_publisher":"https:\/\/www.facebook.com\/apfelpatientOfficial","article_author":"https:\/\/www.facebook.com\/apfelpatientOfficial","article_published_time":"2020-01-23T19:49:16+00:00","article_modified_time":"2026-03-27T07:39:52+00:00","og_image":[{"width":1600,"height":1067,"url":"https:\/\/www.apfelpatient.de\/wp-content\/uploads\/2020\/01\/bigstock-191773999.jpg","type":"image\/jpeg"}],"author":"Milan","twitter_card":"summary_large_image","twitter_description":"Anfang letzter Woche wurde im Europ\u00e4ischen Parlament erneut das Thema \"einheitlicher Ladeanschluss in der EU\" diskutiert. Nun hat Apple reagiert.","twitter_image":"https:\/\/www.apfelpatient.de\/wp-content\/uploads\/2020\/01\/bigstock-191773999.jpg","twitter_misc":{"Written by":"Milan","Est. reading time":"3 minutes"},"schema":{"@context":"https:\/\/schema.org","@graph":[{"@type":"NewsArticle","@id":"https:\/\/www.apfelpatient.de\/news\/ladeanschluss-apple-reagiert-auf-eu-forderung#article","isPartOf":{"@id":"https:\/\/www.apfelpatient.de\/news\/ladeanschluss-apple-reagiert-auf-eu-forderung"},"author":{"@type":"Organization","@id":"https:\/\/www.apfelpatient.de\/en\/#organization","name":"Apfelpatient","url":"https:\/\/www.apfelpatient.de\/en\/"},"headline":"Ladeanschluss: Apple reagiert auf EU-Forderung","datePublished":"2020-01-23T19:49:16+00:00","dateModified":"2026-03-27T07:39:52+00:00","mainEntityOfPage":{"@id":"https:\/\/www.apfelpatient.de\/news\/ladeanschluss-apple-reagiert-auf-eu-forderung"},"wordCount":359,"publisher":{"@type":"Organization","@id":"https:\/\/www.apfelpatient.de\/en\/#organization","name":"Apfelpatient","url":"https:\/\/www.apfelpatient.de\/en\/"},"image":{"@id":"https:\/\/www.apfelpatient.de\/news\/ladeanschluss-apple-reagiert-auf-eu-forderung#primaryimage"},"thumbnailUrl":"https:\/\/www.apfelpatient.de\/wp-content\/uploads\/2020\/01\/bigstock-191773999.jpg","keywords":["EU","EU-Kommission","Europa","iPhone","iPhone 13","iPhone 2020","USB-C"],"articleSection":"News","inLanguage":"en-US","copyrightYear":"2020","copyrightHolder":{"@id":"https:\/\/www.apfelpatient.de\/en\/#organization"}},{"@type":"WebPage","@id":"https:\/\/www.apfelpatient.de\/news\/ladeanschluss-apple-reagiert-auf-eu-forderung","url":"https:\/\/www.apfelpatient.de\/news\/ladeanschluss-apple-reagiert-auf-eu-forderung","name":"Charging port: Apple responds to EU demand Apfelpatient","isPartOf":{"@id":"https:\/\/www.apfelpatient.de\/#website"},"primaryImageOfPage":{"@id":"https:\/\/www.apfelpatient.de\/news\/ladeanschluss-apple-reagiert-auf-eu-forderung#primaryimage"},"image":{"@id":"https:\/\/www.apfelpatient.de\/news\/ladeanschluss-apple-reagiert-auf-eu-forderung#primaryimage"},"thumbnailUrl":"https:\/\/www.apfelpatient.de\/wp-content\/uploads\/2020\/01\/bigstock-191773999.jpg","datePublished":"2020-01-23T19:49:16+00:00","dateModified":"2026-03-27T07:39:52+00:00","description":"At the beginning of last week, the topic of &quot;uniform charging connection in the EU&quot; was discussed again in the European Parliament. Now Apple has reacted.","breadcrumb":{"@id":"https:\/\/www.apfelpatient.de\/news\/ladeanschluss-apple-reagiert-auf-eu-forderung#breadcrumb"},"inLanguage":"en-US","potentialAction":[{"@type":"ReadAction","target":["https:\/\/www.apfelpatient.de\/news\/ladeanschluss-apple-reagiert-auf-eu-forderung"]}]},{"@type":"ImageObject","inLanguage":"en-US","@id":"https:\/\/www.apfelpatient.de\/news\/ladeanschluss-apple-reagiert-auf-eu-forderung#primaryimage","url":"https:\/\/www.apfelpatient.de\/wp-content\/uploads\/2020\/01\/bigstock-191773999.jpg","contentUrl":"https:\/\/www.apfelpatient.de\/wp-content\/uploads\/2020\/01\/bigstock-191773999.jpg","width":1600,"height":1067,"caption":"phone connecting usb port on black background top view"},{"@type":"BreadcrumbList","@id":"https:\/\/www.apfelpatient.de\/news\/ladeanschluss-apple-reagiert-auf-eu-forderung#breadcrumb","itemListElement":[{"@type":"ListItem","position":1,"name":"Startseite","item":"https:\/\/www.apfelpatient.de\/"},{"@type":"ListItem","position":2,"name":"Ladeanschluss: Apple reagiert auf EU-Forderung"}]},{"@type":"WebSite","@id":"https:\/\/www.apfelpatient.de\/#website","url":"https:\/\/www.apfelpatient.de\/","name":"apple patient","description":"Everything about Apple!","publisher":{"@type":"Organization","@id":"https:\/\/www.apfelpatient.de\/en\/#organization","name":"Apfelpatient","url":"https:\/\/www.apfelpatient.de\/en\/"},"alternateName":"Apfelpatient","potentialAction":[{"@type":"SearchAction","target":{"@type":"EntryPoint","urlTemplate":"https:\/\/www.apfelpatient.de\/?s={search_term_string}"},"query-input":{"@type":"PropertyValueSpecification","valueRequired":true,"valueName":"search_term_string"}}],"inLanguage":"en-US"},{"@type":["Person","Organization"],"@id":"https:\/\/www.apfelpatient.de\/#\/schema\/person\/7dc56ad6c8e9824b76d2c08d4c140e13","name":"Milan","logo":{"@id":"https:\/\/www.apfelpatient.de\/#\/schema\/person\/image\/"},"description":"Hello and welcome to my technology blog! As a big Apple fan, I report on everything to do with Apple: from the latest news and exciting rumors to helpful tips and tricks and detailed product tests. If you are as enthusiastic about technology as I am, you have come to the right place!","sameAs":["https:\/\/www.facebook.com\/apfelpatientOfficial","https:\/\/www.linkedin.com\/in\/milan-jovicic-42aa0231b"],"url":"https:\/\/www.apfelpatient.de\/en\/author\/apfeladmin"}]}},"_links":{"self":[{"href":"https:\/\/www.apfelpatient.de\/en\/wp-json\/wp\/v2\/posts\/9591","targetHints":{"allow":["GET"]}}],"collection":[{"href":"https:\/\/www.apfelpatient.de\/en\/wp-json\/wp\/v2\/posts"}],"about":[{"href":"https:\/\/www.apfelpatient.de\/en\/wp-json\/wp\/v2\/types\/post"}],"author":[{"embeddable":true,"href":"https:\/\/www.apfelpatient.de\/en\/wp-json\/wp\/v2\/users\/2"}],"replies":[{"embeddable":true,"href":"https:\/\/www.apfelpatient.de\/en\/wp-json\/wp\/v2\/comments?post=9591"}],"version-history":[{"count":1,"href":"https:\/\/www.apfelpatient.de\/en\/wp-json\/wp\/v2\/posts\/9591\/revisions"}],"predecessor-version":[{"id":65856,"href":"https:\/\/www.apfelpatient.de\/en\/wp-json\/wp\/v2\/posts\/9591\/revisions\/65856"}],"wp:featuredmedia":[{"embeddable":true,"href":"https:\/\/www.apfelpatient.de\/en\/wp-json\/wp\/v2\/media\/9585"}],"wp:attachment":[{"href":"https:\/\/www.apfelpatient.de\/en\/wp-json\/wp\/v2\/media?parent=9591"}],"wp:term":[{"taxonomy":"category","embeddable":true,"href":"https:\/\/www.apfelpatient.de\/en\/wp-json\/wp\/v2\/categories?post=9591"},{"taxonomy":"post_tag","embeddable":true,"href":"https:\/\/www.apfelpatient.de\/en\/wp-json\/wp\/v2\/tags?post=9591"}],"curies":[{"name":"wp","href":"https:\/\/api.w.org\/{rel}","templated":true}]}}