{"id":951,"date":"2018-07-02T14:11:58","date_gmt":"2018-07-02T12:11:58","guid":{"rendered":"https:\/\/www.apfelpatient.de\/?p=951"},"modified":"2025-02-06T07:03:48","modified_gmt":"2025-02-06T06:03:48","slug":"goodbye-macbook","status":"publish","type":"post","link":"https:\/\/www.apfelpatient.de\/en\/news\/adieu-macbook","title":{"rendered":"Goodbye MacBook (UPDATE)"},"content":{"rendered":"<p><strong>Now the time has come \u2013 it has already been hinted at over the last month.<\/strong><\/p>\n<p>Apple officially discontinues support for the MacBook Pro Retina, released in mid-2012.<\/p>\n<p>This means that users can no longer get repairs from Apple or authorized service providers. In the event of a problem, they must resort to independent service providers.<\/p>\n<p><a href=\"https:\/\/support.apple.com\/en-us\/HT201624\">Here you can find the list of discontinued Apple products.<\/a><\/p>\n<p>&nbsp;<\/p>\n<h5><em>Update from July 18, 2018 -&gt;\u00a0<\/em><a href=\"https:\/\/www.apfelpatient.de\/en\"><em>MacBook Pro Retina 2012: The comeback<\/em><\/a><\/h5>","protected":false},"excerpt":{"rendered":"<p>Nun ist es soweit &#8211; im Laufe des letzten Monats hat es sich bereits angedeutet. Apple stellt den Support f\u00fcr das MacBook Pro Retina, ver\u00f6ffentlicht Mitte 2012, offiziell ein. Das bedeutet, dass Nutzer keine Reparatur bei Apple oder autorisierten Service-Dienstleistern mehr bekommen. Im Falle eines Problems m\u00fcssen diese auf freie Service-Anbieter zur\u00fcckgreifen. Hier findet ihr [&hellip;]<\/p>\n","protected":false},"author":2,"featured_media":952,"comment_status":"open","ping_status":"open","sticky":false,"template":"","format":"standard","meta":{"jnews-multi-image_gallery":[],"jnews_single_post":[],"jnews_primary_category":[],"footnotes":""},"categories":[9],"tags":[40,49,59],"class_list":["post-951","post","type-post","status-publish","format-standard","has-post-thumbnail","hentry","category-news","tag-mac","tag-macbook","tag-obsolet"],"yoast_head":"<!-- This site is optimized with the Yoast SEO Premium plugin v27.5 (Yoast SEO v27.5) - https:\/\/yoast.com\/product\/yoast-seo-premium-wordpress\/ -->\n<title>Adieu MacBook (UPDATE) Apfelpatient<\/title>\n<meta name=\"description\" content=\"Nun ist es soweit - im Laufe des letzten Monats hat es sich bereits angedeutet. Apple stellt den Support f\u00fcr das MacBook Pro Retina, ver\u00f6ffentlicht Mitte\" \/>\n<meta name=\"robots\" content=\"index, follow, max-snippet:-1, max-image-preview:large, max-video-preview:-1\" \/>\n<link rel=\"canonical\" href=\"https:\/\/www.apfelpatient.de\/en\/news\/goodbye-macbook\" \/>\n<meta property=\"og:locale\" content=\"en_US\" \/>\n<meta property=\"og:type\" content=\"article\" \/>\n<meta property=\"og:title\" content=\"Adieu MacBook (UPDATE)\" \/>\n<meta property=\"og:description\" content=\"Nun ist es soweit - im Laufe des letzten Monats hat es sich bereits angedeutet. Apple stellt den Support f\u00fcr das MacBook Pro Retina, ver\u00f6ffentlicht Mitte\" \/>\n<meta property=\"og:url\" content=\"https:\/\/www.apfelpatient.de\/en\/news\/goodbye-macbook\" \/>\n<meta property=\"og:site_name\" content=\"Apfelpatient\" \/>\n<meta property=\"article:publisher\" content=\"https:\/\/www.facebook.com\/apfelpatientOfficial\" \/>\n<meta property=\"article:author\" content=\"https:\/\/www.facebook.com\/apfelpatientOfficial\" \/>\n<meta property=\"article:published_time\" content=\"2018-07-02T12:11:58+00:00\" \/>\n<meta property=\"article:modified_time\" content=\"2025-02-06T06:03:48+00:00\" \/>\n<meta property=\"og:image\" content=\"https:\/\/www.apfelpatient.de\/wp-content\/uploads\/2018\/07\/IMG_0601.jpg\" \/>\n\t<meta property=\"og:image:width\" content=\"700\" \/>\n\t<meta property=\"og:image:height\" content=\"394\" \/>\n\t<meta property=\"og:image:type\" content=\"image\/jpeg\" \/>\n<meta name=\"author\" content=\"Milan\" \/>\n<meta name=\"twitter:card\" content=\"summary_large_image\" \/>\n<meta name=\"twitter:label1\" content=\"Written by\" \/>\n\t<meta name=\"twitter:data1\" content=\"Milan\" \/>\n<script type=\"application\/ld+json\" class=\"yoast-schema-graph\">{\"@context\":\"https:\\\/\\\/schema.org\",\"@graph\":[{\"@type\":\"NewsArticle\",\"@id\":\"https:\\\/\\\/www.apfelpatient.de\\\/news\\\/adieu-macbook#article\",\"isPartOf\":{\"@id\":\"https:\\\/\\\/www.apfelpatient.de\\\/news\\\/adieu-macbook\"},\"author\":{\"@type\":\"Organization\",\"@id\":\"https:\\\/\\\/www.apfelpatient.de\\\/en\\\/#organization\",\"name\":\"Apfelpatient\",\"url\":\"https:\\\/\\\/www.apfelpatient.de\\\/en\\\/\"},\"headline\":\"Adieu MacBook (UPDATE)\",\"datePublished\":\"2018-07-02T12:11:58+00:00\",\"dateModified\":\"2025-02-06T06:03:48+00:00\",\"mainEntityOfPage\":{\"@id\":\"https:\\\/\\\/www.apfelpatient.de\\\/news\\\/adieu-macbook\"},\"wordCount\":78,\"commentCount\":0,\"publisher\":{\"@type\":\"Organization\",\"@id\":\"https:\\\/\\\/www.apfelpatient.de\\\/en\\\/#organization\",\"name\":\"Apfelpatient\",\"url\":\"https:\\\/\\\/www.apfelpatient.de\\\/en\\\/\"},\"image\":{\"@id\":\"https:\\\/\\\/www.apfelpatient.de\\\/news\\\/adieu-macbook#primaryimage\"},\"thumbnailUrl\":\"https:\\\/\\\/www.apfelpatient.de\\\/wp-content\\\/uploads\\\/2018\\\/07\\\/IMG_0601.jpg\",\"keywords\":[\"Mac\",\"MacBook\",\"Obsolet\"],\"articleSection\":\"News\",\"inLanguage\":\"en-US\",\"potentialAction\":[{\"@type\":\"CommentAction\",\"name\":\"Comment\",\"target\":[\"https:\\\/\\\/www.apfelpatient.de\\\/news\\\/adieu-macbook#respond\"]}],\"copyrightYear\":\"2018\",\"copyrightHolder\":{\"@id\":\"https:\\\/\\\/www.apfelpatient.de\\\/en\\\/#organization\"}},{\"@type\":\"WebPage\",\"@id\":\"https:\\\/\\\/www.apfelpatient.de\\\/news\\\/adieu-macbook\",\"url\":\"https:\\\/\\\/www.apfelpatient.de\\\/news\\\/adieu-macbook\",\"name\":\"Adieu MacBook (UPDATE) Apfelpatient\",\"isPartOf\":{\"@id\":\"https:\\\/\\\/www.apfelpatient.de\\\/#website\"},\"primaryImageOfPage\":{\"@id\":\"https:\\\/\\\/www.apfelpatient.de\\\/news\\\/adieu-macbook#primaryimage\"},\"image\":{\"@id\":\"https:\\\/\\\/www.apfelpatient.de\\\/news\\\/adieu-macbook#primaryimage\"},\"thumbnailUrl\":\"https:\\\/\\\/www.apfelpatient.de\\\/wp-content\\\/uploads\\\/2018\\\/07\\\/IMG_0601.jpg\",\"datePublished\":\"2018-07-02T12:11:58+00:00\",\"dateModified\":\"2025-02-06T06:03:48+00:00\",\"description\":\"Nun ist es soweit - im Laufe des letzten Monats hat es sich bereits angedeutet. Apple stellt den Support f\u00fcr das MacBook Pro Retina, ver\u00f6ffentlicht Mitte\",\"breadcrumb\":{\"@id\":\"https:\\\/\\\/www.apfelpatient.de\\\/news\\\/adieu-macbook#breadcrumb\"},\"inLanguage\":\"en-US\",\"potentialAction\":[{\"@type\":\"ReadAction\",\"target\":[\"https:\\\/\\\/www.apfelpatient.de\\\/news\\\/adieu-macbook\"]}]},{\"@type\":\"ImageObject\",\"inLanguage\":\"en-US\",\"@id\":\"https:\\\/\\\/www.apfelpatient.de\\\/news\\\/adieu-macbook#primaryimage\",\"url\":\"https:\\\/\\\/www.apfelpatient.de\\\/wp-content\\\/uploads\\\/2018\\\/07\\\/IMG_0601.jpg\",\"contentUrl\":\"https:\\\/\\\/www.apfelpatient.de\\\/wp-content\\\/uploads\\\/2018\\\/07\\\/IMG_0601.jpg\",\"width\":700,\"height\":394,\"caption\":\"Bild: Apple MBP retina 2012 (mid)\"},{\"@type\":\"BreadcrumbList\",\"@id\":\"https:\\\/\\\/www.apfelpatient.de\\\/news\\\/adieu-macbook#breadcrumb\",\"itemListElement\":[{\"@type\":\"ListItem\",\"position\":1,\"name\":\"Startseite\",\"item\":\"https:\\\/\\\/www.apfelpatient.de\\\/\"},{\"@type\":\"ListItem\",\"position\":2,\"name\":\"Adieu MacBook (UPDATE)\"}]},{\"@type\":\"WebSite\",\"@id\":\"https:\\\/\\\/www.apfelpatient.de\\\/#website\",\"url\":\"https:\\\/\\\/www.apfelpatient.de\\\/\",\"name\":\"Apfelpatient\",\"description\":\"Alles rund um Apple!\",\"publisher\":{\"@type\":\"Organization\",\"@id\":\"https:\\\/\\\/www.apfelpatient.de\\\/en\\\/#organization\",\"name\":\"Apfelpatient\",\"url\":\"https:\\\/\\\/www.apfelpatient.de\\\/en\\\/\"},\"alternateName\":\"Apfelpatient\",\"potentialAction\":[{\"@type\":\"SearchAction\",\"target\":{\"@type\":\"EntryPoint\",\"urlTemplate\":\"https:\\\/\\\/www.apfelpatient.de\\\/?s={search_term_string}\"},\"query-input\":{\"@type\":\"PropertyValueSpecification\",\"valueRequired\":true,\"valueName\":\"search_term_string\"}}],\"inLanguage\":\"en-US\"},{\"@type\":[\"Person\",\"Organization\"],\"@id\":\"https:\\\/\\\/www.apfelpatient.de\\\/#\\\/schema\\\/person\\\/7dc56ad6c8e9824b76d2c08d4c140e13\",\"name\":\"Milan\",\"logo\":{\"@id\":\"https:\\\/\\\/www.apfelpatient.de\\\/#\\\/schema\\\/person\\\/image\\\/\"},\"description\":\"Hallo und herzlich willkommen auf meinem Technik-Blog! Als gro\u00dfer Apple-Fan berichte ich hier \u00fcber alles, was mit Apple zu tun hat: von den neuesten News und spannenden Ger\u00fcchten \u00fcber hilfreiche Tipps und Tricks bis hin zu ausf\u00fchrlichen Produkttests. Wenn du genauso technikbegeistert bist wie ich, bist du hier genau richtig!\",\"sameAs\":[\"https:\\\/\\\/www.facebook.com\\\/apfelpatientOfficial\",\"https:\\\/\\\/www.linkedin.com\\\/in\\\/milan-jovicic-42aa0231b\"],\"url\":\"https:\\\/\\\/www.apfelpatient.de\\\/en\\\/author\\\/apfeladmin\"}]}<\/script>\n<!-- \/ Yoast SEO Premium plugin. -->","yoast_head_json":{"title":"Goodbye MacBook (UPDATE) Apfelpatient","description":"Now the time has come - it has been hinted at over the last month. Apple is ending support for the MacBook Pro Retina, released in mid-2012.","robots":{"index":"index","follow":"follow","max-snippet":"max-snippet:-1","max-image-preview":"max-image-preview:large","max-video-preview":"max-video-preview:-1"},"canonical":"https:\/\/www.apfelpatient.de\/en\/news\/goodbye-macbook","og_locale":"en_US","og_type":"article","og_title":"Adieu MacBook (UPDATE)","og_description":"Nun ist es soweit - im Laufe des letzten Monats hat es sich bereits angedeutet. Apple stellt den Support f\u00fcr das MacBook Pro Retina, ver\u00f6ffentlicht Mitte","og_url":"https:\/\/www.apfelpatient.de\/en\/news\/goodbye-macbook","og_site_name":"Apfelpatient","article_publisher":"https:\/\/www.facebook.com\/apfelpatientOfficial","article_author":"https:\/\/www.facebook.com\/apfelpatientOfficial","article_published_time":"2018-07-02T12:11:58+00:00","article_modified_time":"2025-02-06T06:03:48+00:00","og_image":[{"width":700,"height":394,"url":"https:\/\/www.apfelpatient.de\/wp-content\/uploads\/2018\/07\/IMG_0601.jpg","type":"image\/jpeg"}],"author":"Milan","twitter_card":"summary_large_image","twitter_misc":{"Written by":"Milan"},"schema":{"@context":"https:\/\/schema.org","@graph":[{"@type":"NewsArticle","@id":"https:\/\/www.apfelpatient.de\/news\/adieu-macbook#article","isPartOf":{"@id":"https:\/\/www.apfelpatient.de\/news\/adieu-macbook"},"author":{"@type":"Organization","@id":"https:\/\/www.apfelpatient.de\/en\/#organization","name":"Apfelpatient","url":"https:\/\/www.apfelpatient.de\/en\/"},"headline":"Adieu MacBook (UPDATE)","datePublished":"2018-07-02T12:11:58+00:00","dateModified":"2025-02-06T06:03:48+00:00","mainEntityOfPage":{"@id":"https:\/\/www.apfelpatient.de\/news\/adieu-macbook"},"wordCount":78,"commentCount":0,"publisher":{"@type":"Organization","@id":"https:\/\/www.apfelpatient.de\/en\/#organization","name":"Apfelpatient","url":"https:\/\/www.apfelpatient.de\/en\/"},"image":{"@id":"https:\/\/www.apfelpatient.de\/news\/adieu-macbook#primaryimage"},"thumbnailUrl":"https:\/\/www.apfelpatient.de\/wp-content\/uploads\/2018\/07\/IMG_0601.jpg","keywords":["Mac","MacBook","Obsolet"],"articleSection":"News","inLanguage":"en-US","potentialAction":[{"@type":"CommentAction","name":"Comment","target":["https:\/\/www.apfelpatient.de\/news\/adieu-macbook#respond"]}],"copyrightYear":"2018","copyrightHolder":{"@id":"https:\/\/www.apfelpatient.de\/en\/#organization"}},{"@type":"WebPage","@id":"https:\/\/www.apfelpatient.de\/news\/adieu-macbook","url":"https:\/\/www.apfelpatient.de\/news\/adieu-macbook","name":"Goodbye MacBook (UPDATE) Apfelpatient","isPartOf":{"@id":"https:\/\/www.apfelpatient.de\/#website"},"primaryImageOfPage":{"@id":"https:\/\/www.apfelpatient.de\/news\/adieu-macbook#primaryimage"},"image":{"@id":"https:\/\/www.apfelpatient.de\/news\/adieu-macbook#primaryimage"},"thumbnailUrl":"https:\/\/www.apfelpatient.de\/wp-content\/uploads\/2018\/07\/IMG_0601.jpg","datePublished":"2018-07-02T12:11:58+00:00","dateModified":"2025-02-06T06:03:48+00:00","description":"Now the time has come - it has been hinted at over the last month. Apple is ending support for the MacBook Pro Retina, released in mid-2012.","breadcrumb":{"@id":"https:\/\/www.apfelpatient.de\/news\/adieu-macbook#breadcrumb"},"inLanguage":"en-US","potentialAction":[{"@type":"ReadAction","target":["https:\/\/www.apfelpatient.de\/news\/adieu-macbook"]}]},{"@type":"ImageObject","inLanguage":"en-US","@id":"https:\/\/www.apfelpatient.de\/news\/adieu-macbook#primaryimage","url":"https:\/\/www.apfelpatient.de\/wp-content\/uploads\/2018\/07\/IMG_0601.jpg","contentUrl":"https:\/\/www.apfelpatient.de\/wp-content\/uploads\/2018\/07\/IMG_0601.jpg","width":700,"height":394,"caption":"Bild: Apple MBP retina 2012 (mid)"},{"@type":"BreadcrumbList","@id":"https:\/\/www.apfelpatient.de\/news\/adieu-macbook#breadcrumb","itemListElement":[{"@type":"ListItem","position":1,"name":"Startseite","item":"https:\/\/www.apfelpatient.de\/"},{"@type":"ListItem","position":2,"name":"Adieu MacBook (UPDATE)"}]},{"@type":"WebSite","@id":"https:\/\/www.apfelpatient.de\/#website","url":"https:\/\/www.apfelpatient.de\/","name":"apple patient","description":"Everything about Apple!","publisher":{"@type":"Organization","@id":"https:\/\/www.apfelpatient.de\/en\/#organization","name":"Apfelpatient","url":"https:\/\/www.apfelpatient.de\/en\/"},"alternateName":"Apfelpatient","potentialAction":[{"@type":"SearchAction","target":{"@type":"EntryPoint","urlTemplate":"https:\/\/www.apfelpatient.de\/?s={search_term_string}"},"query-input":{"@type":"PropertyValueSpecification","valueRequired":true,"valueName":"search_term_string"}}],"inLanguage":"en-US"},{"@type":["Person","Organization"],"@id":"https:\/\/www.apfelpatient.de\/#\/schema\/person\/7dc56ad6c8e9824b76d2c08d4c140e13","name":"Milan","logo":{"@id":"https:\/\/www.apfelpatient.de\/#\/schema\/person\/image\/"},"description":"Hello and welcome to my technology blog! As a big Apple fan, I report on everything to do with Apple: from the latest news and exciting rumors to helpful tips and tricks and detailed product tests. If you are as enthusiastic about technology as I am, you have come to the right place!","sameAs":["https:\/\/www.facebook.com\/apfelpatientOfficial","https:\/\/www.linkedin.com\/in\/milan-jovicic-42aa0231b"],"url":"https:\/\/www.apfelpatient.de\/en\/author\/apfeladmin"}]}},"_links":{"self":[{"href":"https:\/\/www.apfelpatient.de\/en\/wp-json\/wp\/v2\/posts\/951","targetHints":{"allow":["GET"]}}],"collection":[{"href":"https:\/\/www.apfelpatient.de\/en\/wp-json\/wp\/v2\/posts"}],"about":[{"href":"https:\/\/www.apfelpatient.de\/en\/wp-json\/wp\/v2\/types\/post"}],"author":[{"embeddable":true,"href":"https:\/\/www.apfelpatient.de\/en\/wp-json\/wp\/v2\/users\/2"}],"replies":[{"embeddable":true,"href":"https:\/\/www.apfelpatient.de\/en\/wp-json\/wp\/v2\/comments?post=951"}],"version-history":[{"count":0,"href":"https:\/\/www.apfelpatient.de\/en\/wp-json\/wp\/v2\/posts\/951\/revisions"}],"wp:featuredmedia":[{"embeddable":true,"href":"https:\/\/www.apfelpatient.de\/en\/wp-json\/wp\/v2\/media\/952"}],"wp:attachment":[{"href":"https:\/\/www.apfelpatient.de\/en\/wp-json\/wp\/v2\/media?parent=951"}],"wp:term":[{"taxonomy":"category","embeddable":true,"href":"https:\/\/www.apfelpatient.de\/en\/wp-json\/wp\/v2\/categories?post=951"},{"taxonomy":"post_tag","embeddable":true,"href":"https:\/\/www.apfelpatient.de\/en\/wp-json\/wp\/v2\/tags?post=951"}],"curies":[{"name":"wp","href":"https:\/\/api.w.org\/{rel}","templated":true}]}}