{"id":9310,"date":"2020-01-22T20:23:55","date_gmt":"2020-01-22T19:23:55","guid":{"rendered":"https:\/\/www.apfelpatient.de\/?p=9310"},"modified":"2024-09-20T14:37:03","modified_gmt":"2024-09-20T12:37:03","slug":"iphone-12-pro-reportedly-appears-in-navy-blue","status":"publish","type":"post","link":"https:\/\/www.apfelpatient.de\/en\/rumors\/iphone-12-pro-erscheint-angeblich-in-marineblau","title":{"rendered":"iPhone 12 Pro reportedly appears in navy blue"},"content":{"rendered":"<p class=\"has-drop-cap\"><strong>Recently there were rumors about the design of the <a href=\"https:\/\/www.apfelpatient.de\/en\/day\/iphone-12\">iPhone 12<\/a>Now a new color option is being reported \u2013 navy blue.&nbsp;<\/strong><\/p>\n\n\n\n<p>XDA developer Max Weinbach claims that the iPhone 12 Pro will come in a new finish - navy blue will replace the midnight green known from the iPhone 11 Pro. He shared his information with the YouTube channel &quot;EverythingApplePro&quot;. Based on the statement, a new mockup of the upcoming iPhone 12 Pro was created.&nbsp;<\/p>\n\n\n\n<h3 class=\"wp-block-heading\" id=\"h-kein-unbekannter-in-der-apple-welt\">No stranger in the Apple world<\/h3>\n\n\n\n\n\n\n\n<p><\/p>\n\n\n\n<p>Weinbach is by no means unknown when it comes to predictions in the Apple cosmos. He already announced the new color options of the iPhone 11 in May 2019 - but at the time he claimed that the new green would replace the yellow version. So he wasn&#039;t quite right. He also promised some changes in the software area that actually came to pass, including the volume HUD. But Weinbach has also made statements that ultimately did not come true. So he has a mixed record, which is why an assessment is difficult at this point. It is also possible that Apple will add a navy blue version to the current selection - at least it cannot be ruled out. Order the Base Station Stand Edition from Nomad now - wireless charging has never been so convenient.\u00a0<em>(Photo by hadrian \/ Bigstockphoto)<\/em><\/p>\n\n\n\n<figure class=\"wp-block-embed is-type-video is-provider-youtube wp-block-embed-youtube wp-embed-aspect-16-9 wp-has-aspect-ratio\"><div class=\"wp-block-embed__wrapper\">\n <div class=\"brlbs-cmpnt-container brlbs-cmpnt-content-blocker brlbs-cmpnt-with-individual-styles\" data-borlabs-cookie-content-blocker-id=\"youtube-content-blocker\" data-borlabs-cookie-content=\"PGRpdiBjbGFzcz0iamVnX3ZpZGVvX2NvbnRhaW5lciBqZWdfdmlkZW9fY29udGVudCI+PGlmcmFtZSB0aXRsZT0iaVBob25lIDEyIFBybyBMZWFrcyEgTmF2eSBCbHVlLCBUaGlubmVyLCA2R0IgUmFtICZhbXA7IEh1Z2UgQTE0IEdhaW5zIiB3aWR0aD0iNTAwIiBoZWlnaHQ9IjI4MSIgc3JjPSJodHRwczovL3d3dy55b3V0dWJlLW5vY29va2llLmNvbS9lbWJlZC9tUThmUDl4aHYyZz9mZWF0dXJlPW9lbWJlZCIgZnJhbWVib3JkZXI9IjAiIGFsbG93PSJhY2NlbGVyb21ldGVyOyBhdXRvcGxheTsgY2xpcGJvYXJkLXdyaXRlOyBlbmNyeXB0ZWQtbWVkaWE7IGd5cm9zY29wZTsgcGljdHVyZS1pbi1waWN0dXJlOyB3ZWItc2hhcmUiIHJlZmVycmVycG9saWN5PSJzdHJpY3Qtb3JpZ2luLXdoZW4tY3Jvc3Mtb3JpZ2luIiBhbGxvd2Z1bGxzY3JlZW4+PC9pZnJhbWU+PC9kaXY+\"><div class=\"brlbs-cmpnt-cb-preset-c brlbs-cmpnt-cb-youtube\"> <div class=\"brlbs-cmpnt-cb-thumbnail\" style=\"background-image: url('https:\/\/www.apfelpatient.de\/wp-content\/uploads\/borlabs-cookie\/1\/yt_mQ8fP9xhv2g_hqdefault.jpg')\"><\/div> <div class=\"brlbs-cmpnt-cb-main\"> <div class=\"brlbs-cmpnt-cb-play-button\"><\/div> <div class=\"brlbs-cmpnt-cb-content\"> <p class=\"brlbs-cmpnt-cb-description\">You are currently viewing a placeholder content from <strong>YouTube<\/strong>. To access the actual content, click the button below. Please note that doing so will share data with third-party providers.<\/p> <a class=\"brlbs-cmpnt-cb-provider-toggle\" href=\"#\" data-borlabs-cookie-show-provider-information role=\"button\">More Information<\/a> <\/div> <div class=\"brlbs-cmpnt-cb-buttons\"> <a class=\"brlbs-cmpnt-cb-btn\" href=\"#\" data-borlabs-cookie-unblock role=\"button\">Unblock content<\/a> <a class=\"brlbs-cmpnt-cb-btn\" href=\"#\" data-borlabs-cookie-accept-service role=\"button\" style=\"display: inherit\">Accept required service and unblock content<\/a> <\/div> <\/div> <\/div><\/div>\n<\/div><\/figure>","protected":false},"excerpt":{"rendered":"<p>Recently, there were rumors about the design of the iPhone 12. Now, a new color option is being reported \u2013 navy blue. <\/p>","protected":false},"author":2,"featured_media":9309,"comment_status":"closed","ping_status":"closed","sticky":false,"template":"","format":"standard","meta":{"jnews-multi-image_gallery":[],"jnews_single_post":{"subtitle":"","format":"standard","video":"","gallery":"","source_name":"","source_url":"","via_name":"","via_url":"","override":[{"single_blog_custom":"","sidebar":"","second_sidebar":"","share_position":"","share_float_style":"","post_date_format":"","post_date_format_custom":"","post_reading_time_wpm":"","zoom_button_out_step":"1","zoom_button_in_step":"1","number_popup_post":"1"}],"image_override":[{"single_post_thumbnail_size":"","single_post_gallery_size":""}],"trending_post_position":"","trending_post_label":""},"jnews_primary_category":{"id":"274"},"footnotes":""},"categories":[25],"tags":[8,321,254],"class_list":["post-9310","post","type-post","status-publish","format-standard","has-post-thumbnail","hentry","category-rumors","tag-iphone","tag-iphone-12","tag-iphone-2020"],"yoast_head":"<!-- This site is optimized with the Yoast SEO Premium plugin v27.5 (Yoast SEO v27.5) - https:\/\/yoast.com\/product\/yoast-seo-premium-wordpress\/ -->\n<title>iPhone 12 Pro erscheint angeblich in Marineblau Apfelpatient<\/title>\n<meta name=\"description\" content=\"Erst k\u00fcrzlich gab es Ger\u00fcchte rund um das Design des iPhone 12. Nun wird \u00fcber eine neue Farboption berichtet - Marineblau.\" \/>\n<meta name=\"robots\" content=\"index, follow, max-snippet:-1, max-image-preview:large, max-video-preview:-1\" \/>\n<link rel=\"canonical\" href=\"https:\/\/www.apfelpatient.de\/en\/rumors\/iphone-12-pro-reportedly-appears-in-navy-blue\" \/>\n<meta property=\"og:locale\" content=\"en_US\" \/>\n<meta property=\"og:type\" content=\"article\" \/>\n<meta property=\"og:title\" content=\"iPhone 12 Pro erscheint angeblich in Marineblau\" \/>\n<meta property=\"og:description\" content=\"Erst k\u00fcrzlich gab es Ger\u00fcchte rund um das Design des iPhone 12. Nun wird \u00fcber eine neue Farboption berichtet - Marineblau.\" \/>\n<meta property=\"og:url\" content=\"https:\/\/www.apfelpatient.de\/en\/rumors\/iphone-12-pro-reportedly-appears-in-navy-blue\" \/>\n<meta property=\"og:site_name\" content=\"Apfelpatient\" \/>\n<meta property=\"article:publisher\" content=\"https:\/\/www.facebook.com\/apfelpatientOfficial\" \/>\n<meta property=\"article:author\" content=\"https:\/\/www.facebook.com\/apfelpatientOfficial\" \/>\n<meta property=\"article:published_time\" content=\"2020-01-22T19:23:55+00:00\" \/>\n<meta property=\"article:modified_time\" content=\"2024-09-20T12:37:03+00:00\" \/>\n<meta property=\"og:image\" content=\"https:\/\/www.apfelpatient.de\/wp-content\/uploads\/2020\/01\/bigstock-Paris-France-Sep-323955502.jpg\" \/>\n\t<meta property=\"og:image:width\" content=\"1600\" \/>\n\t<meta property=\"og:image:height\" content=\"1067\" \/>\n\t<meta property=\"og:image:type\" content=\"image\/jpeg\" \/>\n<meta name=\"author\" content=\"Milan\" \/>\n<meta name=\"twitter:card\" content=\"summary_large_image\" \/>\n<meta name=\"twitter:title\" content=\"iPhone 12 Pro erscheint angeblich in Marineblau\" \/>\n<meta name=\"twitter:description\" content=\"Erst k\u00fcrzlich gab es Ger\u00fcchte rund um das Design des iPhone 12. Nun wird \u00fcber eine neue Farboption berichtet - Marineblau.\" \/>\n<meta name=\"twitter:label1\" content=\"Written by\" \/>\n\t<meta name=\"twitter:data1\" content=\"Milan\" \/>\n\t<meta name=\"twitter:label2\" content=\"Est. reading time\" \/>\n\t<meta name=\"twitter:data2\" content=\"3 minutes\" \/>\n<script type=\"application\/ld+json\" class=\"yoast-schema-graph\">{\"@context\":\"https:\\\/\\\/schema.org\",\"@graph\":[{\"@type\":\"NewsArticle\",\"@id\":\"https:\\\/\\\/www.apfelpatient.de\\\/rumors\\\/iphone-12-pro-erscheint-angeblich-in-marineblau#article\",\"isPartOf\":{\"@id\":\"https:\\\/\\\/www.apfelpatient.de\\\/rumors\\\/iphone-12-pro-erscheint-angeblich-in-marineblau\"},\"author\":{\"@type\":\"Organization\",\"@id\":\"https:\\\/\\\/www.apfelpatient.de\\\/en\\\/#organization\",\"name\":\"Apfelpatient\",\"url\":\"https:\\\/\\\/www.apfelpatient.de\\\/en\\\/\"},\"headline\":\"iPhone 12 Pro erscheint angeblich in Marineblau\",\"datePublished\":\"2020-01-22T19:23:55+00:00\",\"dateModified\":\"2024-09-20T12:37:03+00:00\",\"mainEntityOfPage\":{\"@id\":\"https:\\\/\\\/www.apfelpatient.de\\\/rumors\\\/iphone-12-pro-erscheint-angeblich-in-marineblau\"},\"wordCount\":239,\"publisher\":{\"@type\":\"Organization\",\"@id\":\"https:\\\/\\\/www.apfelpatient.de\\\/en\\\/#organization\",\"name\":\"Apfelpatient\",\"url\":\"https:\\\/\\\/www.apfelpatient.de\\\/en\\\/\"},\"image\":{\"@id\":\"https:\\\/\\\/www.apfelpatient.de\\\/rumors\\\/iphone-12-pro-erscheint-angeblich-in-marineblau#primaryimage\"},\"thumbnailUrl\":\"https:\\\/\\\/www.apfelpatient.de\\\/wp-content\\\/uploads\\\/2020\\\/01\\\/bigstock-Paris-France-Sep-323955502.jpg\",\"keywords\":[\"iPhone\",\"iPhone 12\",\"iPhone 2020\"],\"articleSection\":\"Rumors\",\"inLanguage\":\"en-US\",\"copyrightYear\":\"2020\",\"copyrightHolder\":{\"@id\":\"https:\\\/\\\/www.apfelpatient.de\\\/en\\\/#organization\"}},{\"@type\":\"WebPage\",\"@id\":\"https:\\\/\\\/www.apfelpatient.de\\\/rumors\\\/iphone-12-pro-erscheint-angeblich-in-marineblau\",\"url\":\"https:\\\/\\\/www.apfelpatient.de\\\/rumors\\\/iphone-12-pro-erscheint-angeblich-in-marineblau\",\"name\":\"iPhone 12 Pro erscheint angeblich in Marineblau Apfelpatient\",\"isPartOf\":{\"@id\":\"https:\\\/\\\/www.apfelpatient.de\\\/#website\"},\"primaryImageOfPage\":{\"@id\":\"https:\\\/\\\/www.apfelpatient.de\\\/rumors\\\/iphone-12-pro-erscheint-angeblich-in-marineblau#primaryimage\"},\"image\":{\"@id\":\"https:\\\/\\\/www.apfelpatient.de\\\/rumors\\\/iphone-12-pro-erscheint-angeblich-in-marineblau#primaryimage\"},\"thumbnailUrl\":\"https:\\\/\\\/www.apfelpatient.de\\\/wp-content\\\/uploads\\\/2020\\\/01\\\/bigstock-Paris-France-Sep-323955502.jpg\",\"datePublished\":\"2020-01-22T19:23:55+00:00\",\"dateModified\":\"2024-09-20T12:37:03+00:00\",\"description\":\"Erst k\u00fcrzlich gab es Ger\u00fcchte rund um das Design des iPhone 12. Nun wird \u00fcber eine neue Farboption berichtet - Marineblau.\",\"breadcrumb\":{\"@id\":\"https:\\\/\\\/www.apfelpatient.de\\\/rumors\\\/iphone-12-pro-erscheint-angeblich-in-marineblau#breadcrumb\"},\"inLanguage\":\"en-US\",\"potentialAction\":[{\"@type\":\"ReadAction\",\"target\":[\"https:\\\/\\\/www.apfelpatient.de\\\/rumors\\\/iphone-12-pro-erscheint-angeblich-in-marineblau\"]}]},{\"@type\":\"ImageObject\",\"inLanguage\":\"en-US\",\"@id\":\"https:\\\/\\\/www.apfelpatient.de\\\/rumors\\\/iphone-12-pro-erscheint-angeblich-in-marineblau#primaryimage\",\"url\":\"https:\\\/\\\/www.apfelpatient.de\\\/wp-content\\\/uploads\\\/2020\\\/01\\\/bigstock-Paris-France-Sep-323955502.jpg\",\"contentUrl\":\"https:\\\/\\\/www.apfelpatient.de\\\/wp-content\\\/uploads\\\/2020\\\/01\\\/bigstock-Paris-France-Sep-323955502.jpg\",\"width\":1600,\"height\":1067,\"caption\":\"Paris, France - Sep 20, 2019: Close-up macro details of new latest Apple Computers iPhone 11 Pro and 11 Pro Max smartphone triple-lens camera and new technology - focus on telephoto lens\"},{\"@type\":\"BreadcrumbList\",\"@id\":\"https:\\\/\\\/www.apfelpatient.de\\\/rumors\\\/iphone-12-pro-erscheint-angeblich-in-marineblau#breadcrumb\",\"itemListElement\":[{\"@type\":\"ListItem\",\"position\":1,\"name\":\"Startseite\",\"item\":\"https:\\\/\\\/www.apfelpatient.de\\\/\"},{\"@type\":\"ListItem\",\"position\":2,\"name\":\"iPhone 12 Pro erscheint angeblich in Marineblau\"}]},{\"@type\":\"WebSite\",\"@id\":\"https:\\\/\\\/www.apfelpatient.de\\\/#website\",\"url\":\"https:\\\/\\\/www.apfelpatient.de\\\/\",\"name\":\"Apfelpatient\",\"description\":\"Alles rund um Apple!\",\"publisher\":{\"@type\":\"Organization\",\"@id\":\"https:\\\/\\\/www.apfelpatient.de\\\/en\\\/#organization\",\"name\":\"Apfelpatient\",\"url\":\"https:\\\/\\\/www.apfelpatient.de\\\/en\\\/\"},\"alternateName\":\"Apfelpatient\",\"potentialAction\":[{\"@type\":\"SearchAction\",\"target\":{\"@type\":\"EntryPoint\",\"urlTemplate\":\"https:\\\/\\\/www.apfelpatient.de\\\/?s={search_term_string}\"},\"query-input\":{\"@type\":\"PropertyValueSpecification\",\"valueRequired\":true,\"valueName\":\"search_term_string\"}}],\"inLanguage\":\"en-US\"},{\"@type\":[\"Person\",\"Organization\"],\"@id\":\"https:\\\/\\\/www.apfelpatient.de\\\/#\\\/schema\\\/person\\\/7dc56ad6c8e9824b76d2c08d4c140e13\",\"name\":\"Milan\",\"logo\":{\"@id\":\"https:\\\/\\\/www.apfelpatient.de\\\/#\\\/schema\\\/person\\\/image\\\/\"},\"description\":\"Hallo und herzlich willkommen auf meinem Technik-Blog! Als gro\u00dfer Apple-Fan berichte ich hier \u00fcber alles, was mit Apple zu tun hat: von den neuesten News und spannenden Ger\u00fcchten \u00fcber hilfreiche Tipps und Tricks bis hin zu ausf\u00fchrlichen Produkttests. Wenn du genauso technikbegeistert bist wie ich, bist du hier genau richtig!\",\"sameAs\":[\"https:\\\/\\\/www.facebook.com\\\/apfelpatientOfficial\",\"https:\\\/\\\/www.linkedin.com\\\/in\\\/milan-jovicic-42aa0231b\"],\"url\":\"https:\\\/\\\/www.apfelpatient.de\\\/en\\\/author\\\/apfeladmin\"}]}<\/script>\n<!-- \/ Yoast SEO Premium plugin. -->","yoast_head_json":{"title":"iPhone 12 Pro reportedly appears in navy blue Apfelpatient","description":"Recently there have been rumors about the design of the iPhone 12. Now a new color option is being reported - navy blue.","robots":{"index":"index","follow":"follow","max-snippet":"max-snippet:-1","max-image-preview":"max-image-preview:large","max-video-preview":"max-video-preview:-1"},"canonical":"https:\/\/www.apfelpatient.de\/en\/rumors\/iphone-12-pro-reportedly-appears-in-navy-blue","og_locale":"en_US","og_type":"article","og_title":"iPhone 12 Pro erscheint angeblich in Marineblau","og_description":"Erst k\u00fcrzlich gab es Ger\u00fcchte rund um das Design des iPhone 12. Nun wird \u00fcber eine neue Farboption berichtet - Marineblau.","og_url":"https:\/\/www.apfelpatient.de\/en\/rumors\/iphone-12-pro-reportedly-appears-in-navy-blue","og_site_name":"Apfelpatient","article_publisher":"https:\/\/www.facebook.com\/apfelpatientOfficial","article_author":"https:\/\/www.facebook.com\/apfelpatientOfficial","article_published_time":"2020-01-22T19:23:55+00:00","article_modified_time":"2024-09-20T12:37:03+00:00","og_image":[{"width":1600,"height":1067,"url":"https:\/\/www.apfelpatient.de\/wp-content\/uploads\/2020\/01\/bigstock-Paris-France-Sep-323955502.jpg","type":"image\/jpeg"}],"author":"Milan","twitter_card":"summary_large_image","twitter_title":"iPhone 12 Pro erscheint angeblich in Marineblau","twitter_description":"Erst k\u00fcrzlich gab es Ger\u00fcchte rund um das Design des iPhone 12. Nun wird \u00fcber eine neue Farboption berichtet - Marineblau.","twitter_misc":{"Written by":"Milan","Est. reading time":"3 minutes"},"schema":{"@context":"https:\/\/schema.org","@graph":[{"@type":"NewsArticle","@id":"https:\/\/www.apfelpatient.de\/rumors\/iphone-12-pro-erscheint-angeblich-in-marineblau#article","isPartOf":{"@id":"https:\/\/www.apfelpatient.de\/rumors\/iphone-12-pro-erscheint-angeblich-in-marineblau"},"author":{"@type":"Organization","@id":"https:\/\/www.apfelpatient.de\/en\/#organization","name":"Apfelpatient","url":"https:\/\/www.apfelpatient.de\/en\/"},"headline":"iPhone 12 Pro erscheint angeblich in Marineblau","datePublished":"2020-01-22T19:23:55+00:00","dateModified":"2024-09-20T12:37:03+00:00","mainEntityOfPage":{"@id":"https:\/\/www.apfelpatient.de\/rumors\/iphone-12-pro-erscheint-angeblich-in-marineblau"},"wordCount":239,"publisher":{"@type":"Organization","@id":"https:\/\/www.apfelpatient.de\/en\/#organization","name":"Apfelpatient","url":"https:\/\/www.apfelpatient.de\/en\/"},"image":{"@id":"https:\/\/www.apfelpatient.de\/rumors\/iphone-12-pro-erscheint-angeblich-in-marineblau#primaryimage"},"thumbnailUrl":"https:\/\/www.apfelpatient.de\/wp-content\/uploads\/2020\/01\/bigstock-Paris-France-Sep-323955502.jpg","keywords":["iPhone","iPhone 12","iPhone 2020"],"articleSection":"Rumors","inLanguage":"en-US","copyrightYear":"2020","copyrightHolder":{"@id":"https:\/\/www.apfelpatient.de\/en\/#organization"}},{"@type":"WebPage","@id":"https:\/\/www.apfelpatient.de\/rumors\/iphone-12-pro-erscheint-angeblich-in-marineblau","url":"https:\/\/www.apfelpatient.de\/rumors\/iphone-12-pro-erscheint-angeblich-in-marineblau","name":"iPhone 12 Pro reportedly appears in navy blue Apfelpatient","isPartOf":{"@id":"https:\/\/www.apfelpatient.de\/#website"},"primaryImageOfPage":{"@id":"https:\/\/www.apfelpatient.de\/rumors\/iphone-12-pro-erscheint-angeblich-in-marineblau#primaryimage"},"image":{"@id":"https:\/\/www.apfelpatient.de\/rumors\/iphone-12-pro-erscheint-angeblich-in-marineblau#primaryimage"},"thumbnailUrl":"https:\/\/www.apfelpatient.de\/wp-content\/uploads\/2020\/01\/bigstock-Paris-France-Sep-323955502.jpg","datePublished":"2020-01-22T19:23:55+00:00","dateModified":"2024-09-20T12:37:03+00:00","description":"Recently there have been rumors about the design of the iPhone 12. Now a new color option is being reported - navy blue.","breadcrumb":{"@id":"https:\/\/www.apfelpatient.de\/rumors\/iphone-12-pro-erscheint-angeblich-in-marineblau#breadcrumb"},"inLanguage":"en-US","potentialAction":[{"@type":"ReadAction","target":["https:\/\/www.apfelpatient.de\/rumors\/iphone-12-pro-erscheint-angeblich-in-marineblau"]}]},{"@type":"ImageObject","inLanguage":"en-US","@id":"https:\/\/www.apfelpatient.de\/rumors\/iphone-12-pro-erscheint-angeblich-in-marineblau#primaryimage","url":"https:\/\/www.apfelpatient.de\/wp-content\/uploads\/2020\/01\/bigstock-Paris-France-Sep-323955502.jpg","contentUrl":"https:\/\/www.apfelpatient.de\/wp-content\/uploads\/2020\/01\/bigstock-Paris-France-Sep-323955502.jpg","width":1600,"height":1067,"caption":"Paris, France - Sep 20, 2019: Close-up macro details of new latest Apple Computers iPhone 11 Pro and 11 Pro Max smartphone triple-lens camera and new technology - focus on telephoto lens"},{"@type":"BreadcrumbList","@id":"https:\/\/www.apfelpatient.de\/rumors\/iphone-12-pro-erscheint-angeblich-in-marineblau#breadcrumb","itemListElement":[{"@type":"ListItem","position":1,"name":"Startseite","item":"https:\/\/www.apfelpatient.de\/"},{"@type":"ListItem","position":2,"name":"iPhone 12 Pro erscheint angeblich in Marineblau"}]},{"@type":"WebSite","@id":"https:\/\/www.apfelpatient.de\/#website","url":"https:\/\/www.apfelpatient.de\/","name":"apple patient","description":"Everything about Apple!","publisher":{"@type":"Organization","@id":"https:\/\/www.apfelpatient.de\/en\/#organization","name":"Apfelpatient","url":"https:\/\/www.apfelpatient.de\/en\/"},"alternateName":"Apfelpatient","potentialAction":[{"@type":"SearchAction","target":{"@type":"EntryPoint","urlTemplate":"https:\/\/www.apfelpatient.de\/?s={search_term_string}"},"query-input":{"@type":"PropertyValueSpecification","valueRequired":true,"valueName":"search_term_string"}}],"inLanguage":"en-US"},{"@type":["Person","Organization"],"@id":"https:\/\/www.apfelpatient.de\/#\/schema\/person\/7dc56ad6c8e9824b76d2c08d4c140e13","name":"Milan","logo":{"@id":"https:\/\/www.apfelpatient.de\/#\/schema\/person\/image\/"},"description":"Hello and welcome to my technology blog! As a big Apple fan, I report on everything to do with Apple: from the latest news and exciting rumors to helpful tips and tricks and detailed product tests. If you are as enthusiastic about technology as I am, you have come to the right place!","sameAs":["https:\/\/www.facebook.com\/apfelpatientOfficial","https:\/\/www.linkedin.com\/in\/milan-jovicic-42aa0231b"],"url":"https:\/\/www.apfelpatient.de\/en\/author\/apfeladmin"}]}},"_links":{"self":[{"href":"https:\/\/www.apfelpatient.de\/en\/wp-json\/wp\/v2\/posts\/9310","targetHints":{"allow":["GET"]}}],"collection":[{"href":"https:\/\/www.apfelpatient.de\/en\/wp-json\/wp\/v2\/posts"}],"about":[{"href":"https:\/\/www.apfelpatient.de\/en\/wp-json\/wp\/v2\/types\/post"}],"author":[{"embeddable":true,"href":"https:\/\/www.apfelpatient.de\/en\/wp-json\/wp\/v2\/users\/2"}],"replies":[{"embeddable":true,"href":"https:\/\/www.apfelpatient.de\/en\/wp-json\/wp\/v2\/comments?post=9310"}],"version-history":[{"count":0,"href":"https:\/\/www.apfelpatient.de\/en\/wp-json\/wp\/v2\/posts\/9310\/revisions"}],"wp:featuredmedia":[{"embeddable":true,"href":"https:\/\/www.apfelpatient.de\/en\/wp-json\/wp\/v2\/media\/9309"}],"wp:attachment":[{"href":"https:\/\/www.apfelpatient.de\/en\/wp-json\/wp\/v2\/media?parent=9310"}],"wp:term":[{"taxonomy":"category","embeddable":true,"href":"https:\/\/www.apfelpatient.de\/en\/wp-json\/wp\/v2\/categories?post=9310"},{"taxonomy":"post_tag","embeddable":true,"href":"https:\/\/www.apfelpatient.de\/en\/wp-json\/wp\/v2\/tags?post=9310"}],"curies":[{"name":"wp","href":"https:\/\/api.w.org\/{rel}","templated":true}]}}