{"id":9296,"date":"2020-01-22T14:54:36","date_gmt":"2020-01-22T13:54:36","guid":{"rendered":"https:\/\/www.apfelpatient.de\/?p=9296"},"modified":"2025-02-06T07:50:57","modified_gmt":"2025-02-06T06:50:57","slug":"iphone-se-2-mass-production-starts-soon","status":"publish","type":"post","link":"https:\/\/www.apfelpatient.de\/en\/rumors\/iphone-se-2-massenproduktion-startet-demnaechst","title":{"rendered":"iPhone SE 2: Mass production starts soon"},"content":{"rendered":"<p class=\"has-drop-cap\"><strong>The successor to the popular iPhone SE is expected this year. A specific launch date is not yet known - but there is a hint.&nbsp;<\/strong><\/p>\n\n\n\n<p>The long-awaited iPhone SE 2 or possibly iPhone 9 \u2013 yes, there are rumors that have already brought this name into play \u2013 will probably be presented in the spring of this year. At least, that is what several sources have been claiming for several months. But now <a href=\"https:\/\/www.bloomberg.com\/news\/articles\/2020-01-21\/new-low-cost-iphone-said-to-enter-mass-production-in-february\">Bloomberg<\/a> with new details on the subject. According to the news channel, the new entry-level device will go into mass production in February - a presentation could take place in March. A specific date was not mentioned in the report, but Bloomberg thus confirms previous rumors about the presentation period.&nbsp;<\/p>\n\n\n\n<h3 class=\"wp-block-heading\">In the case of the iPhone 8 with the power of the iPhone 11<\/h3>\n\n\n\n\n\n\n\n<p><\/p>\n\n\n\n<p>The official <a href=\"https:\/\/www.apfelpatient.de\/en\">iPhone SE successor<\/a> will probably appear in the iPhone 8 look and include the current A13 chip with 3 GB RAM. The device will continue to use Touch ID and will have a slightly larger LCD screen due to the casing - namely 4.7 inches display diagonal. The camera will remain untouched in the course of the update, however. Accordingly, only one lens is to be expected here. This equipment enables the base price of around 400 US dollars - this has already been claimed by the well-informed analyst Ming-Chi Kuo. It is still unclear whether the device will actually be called &quot;iPhone SE 2&quot;. According to some speculation, the name &quot;iPhone 9&quot; is even a possibility - who will be right in the end remains to be seen. <a href=\"https:\/\/www.pntrac.com\/t\/8-10090-204017-119386?website=309948&amp;url=https%3A%2F%2Fhellonomad.com%2Fproducts%2Fbase-station-stand\"><em>Order the Base Station Stand Edition from Nomad now \u2013 wireless charging has never been so convenient<\/em><\/a>.&nbsp;<em>(Photo by hadrian \/ Bigstockphoto)<\/em><\/p>","protected":false},"excerpt":{"rendered":"<p>The successor to the popular iPhone SE is expected this year. A specific launch date is not yet known - but there is a hint. <\/p>","protected":false},"author":2,"featured_media":9295,"comment_status":"closed","ping_status":"closed","sticky":false,"template":"","format":"standard","meta":{"jnews-multi-image_gallery":[],"jnews_single_post":{"subtitle":"","format":"standard","video":"","gallery":"","source_name":"","source_url":"","via_name":"Bloomberg","via_url":"https:\/\/www.bloomberg.com\/news\/articles\/2020-01-21\/new-low-cost-iphone-said-to-enter-mass-production-in-february","override":[{"single_blog_custom":"","sidebar":"","second_sidebar":"","share_position":"","share_float_style":"","post_date_format":"","post_date_format_custom":"","post_reading_time_wpm":"","zoom_button_out_step":"1","zoom_button_in_step":"1","number_popup_post":"1"}],"image_override":[{"single_post_thumbnail_size":"","single_post_gallery_size":""}],"trending_post_position":"","trending_post_label":""},"jnews_primary_category":{"id":"274"},"footnotes":""},"categories":[25],"tags":[8,254,371,70,71],"class_list":["post-9296","post","type-post","status-publish","format-standard","has-post-thumbnail","hentry","category-rumors","tag-iphone","tag-iphone-2020","tag-iphone-9","tag-iphone-se","tag-iphone-se-2"],"yoast_head":"<!-- This site is optimized with the Yoast SEO Premium plugin v27.5 (Yoast SEO v27.5) - https:\/\/yoast.com\/product\/yoast-seo-premium-wordpress\/ -->\n<title>iPhone SE 2: Massenproduktion startet demn\u00e4chst Apfelpatient<\/title>\n<meta name=\"description\" content=\"In diesem Jahr wird der Nachfolger des beliebten iPhone SE erwartet. Ein konkretes Vorstellungsdatum ist bislang nicht bekannt - aber es gibt einen Hinweis.\" \/>\n<meta name=\"robots\" content=\"index, follow, max-snippet:-1, max-image-preview:large, max-video-preview:-1\" \/>\n<link rel=\"canonical\" href=\"https:\/\/www.apfelpatient.de\/en\/rumors\/iphone-se-2-mass-production-starts-soon\" \/>\n<meta property=\"og:locale\" content=\"en_US\" \/>\n<meta property=\"og:type\" content=\"article\" \/>\n<meta property=\"og:title\" content=\"iPhone SE 2: Massenproduktion startet demn\u00e4chst\" \/>\n<meta property=\"og:description\" content=\"In diesem Jahr wird der Nachfolger des beliebten iPhone SE erwartet. Ein konkretes Vorstellungsdatum ist bislang nicht bekannt - aber es gibt einen Hinweis.\" \/>\n<meta property=\"og:url\" content=\"https:\/\/www.apfelpatient.de\/en\/rumors\/iphone-se-2-mass-production-starts-soon\" \/>\n<meta property=\"og:site_name\" content=\"Apfelpatient\" \/>\n<meta property=\"article:publisher\" content=\"https:\/\/www.facebook.com\/apfelpatientOfficial\" \/>\n<meta property=\"article:author\" content=\"https:\/\/www.facebook.com\/apfelpatientOfficial\" \/>\n<meta property=\"article:published_time\" content=\"2020-01-22T13:54:36+00:00\" \/>\n<meta property=\"article:modified_time\" content=\"2025-02-06T06:50:57+00:00\" \/>\n<meta property=\"og:image\" content=\"https:\/\/www.apfelpatient.de\/wp-content\/uploads\/2020\/01\/bigstock-124469987.jpg\" \/>\n\t<meta property=\"og:image:width\" content=\"1600\" \/>\n\t<meta property=\"og:image:height\" content=\"1065\" \/>\n\t<meta property=\"og:image:type\" content=\"image\/jpeg\" \/>\n<meta name=\"author\" content=\"Milan\" \/>\n<meta name=\"twitter:card\" content=\"summary_large_image\" \/>\n<meta name=\"twitter:title\" content=\"iPhone SE 2: Massenproduktion startet demn\u00e4chst\" \/>\n<meta name=\"twitter:description\" content=\"In diesem Jahr wird der Nachfolger des beliebten iPhone SE erwartet. Ein konkretes Vorstellungsdatum ist bislang nicht bekannt - aber es gibt einen Hinweis.\" \/>\n<meta name=\"twitter:image\" content=\"https:\/\/www.apfelpatient.de\/wp-content\/uploads\/2020\/01\/bigstock-124469987.jpg\" \/>\n<meta name=\"twitter:label1\" content=\"Written by\" \/>\n\t<meta name=\"twitter:data1\" content=\"Milan\" \/>\n\t<meta name=\"twitter:label2\" content=\"Est. reading time\" \/>\n\t<meta name=\"twitter:data2\" content=\"1 minute\" \/>\n<script type=\"application\/ld+json\" class=\"yoast-schema-graph\">{\"@context\":\"https:\\\/\\\/schema.org\",\"@graph\":[{\"@type\":\"NewsArticle\",\"@id\":\"https:\\\/\\\/www.apfelpatient.de\\\/rumors\\\/iphone-se-2-massenproduktion-startet-demnaechst#article\",\"isPartOf\":{\"@id\":\"https:\\\/\\\/www.apfelpatient.de\\\/rumors\\\/iphone-se-2-massenproduktion-startet-demnaechst\"},\"author\":{\"@type\":\"Organization\",\"@id\":\"https:\\\/\\\/www.apfelpatient.de\\\/en\\\/#organization\",\"name\":\"Apfelpatient\",\"url\":\"https:\\\/\\\/www.apfelpatient.de\\\/en\\\/\"},\"headline\":\"iPhone SE 2: Massenproduktion startet demn\u00e4chst\",\"datePublished\":\"2020-01-22T13:54:36+00:00\",\"dateModified\":\"2025-02-06T06:50:57+00:00\",\"mainEntityOfPage\":{\"@id\":\"https:\\\/\\\/www.apfelpatient.de\\\/rumors\\\/iphone-se-2-massenproduktion-startet-demnaechst\"},\"wordCount\":286,\"publisher\":{\"@type\":\"Organization\",\"@id\":\"https:\\\/\\\/www.apfelpatient.de\\\/en\\\/#organization\",\"name\":\"Apfelpatient\",\"url\":\"https:\\\/\\\/www.apfelpatient.de\\\/en\\\/\"},\"image\":{\"@id\":\"https:\\\/\\\/www.apfelpatient.de\\\/rumors\\\/iphone-se-2-massenproduktion-startet-demnaechst#primaryimage\"},\"thumbnailUrl\":\"https:\\\/\\\/www.apfelpatient.de\\\/wp-content\\\/uploads\\\/2020\\\/01\\\/bigstock-124469987.jpg\",\"keywords\":[\"iPhone\",\"iPhone 2020\",\"iPhone 9\",\"iPhone SE\",\"iPhone SE 2\"],\"articleSection\":\"Rumors\",\"inLanguage\":\"en-US\",\"copyrightYear\":\"2020\",\"copyrightHolder\":{\"@id\":\"https:\\\/\\\/www.apfelpatient.de\\\/en\\\/#organization\"}},{\"@type\":\"WebPage\",\"@id\":\"https:\\\/\\\/www.apfelpatient.de\\\/rumors\\\/iphone-se-2-massenproduktion-startet-demnaechst\",\"url\":\"https:\\\/\\\/www.apfelpatient.de\\\/rumors\\\/iphone-se-2-massenproduktion-startet-demnaechst\",\"name\":\"iPhone SE 2: Massenproduktion startet demn\u00e4chst Apfelpatient\",\"isPartOf\":{\"@id\":\"https:\\\/\\\/www.apfelpatient.de\\\/#website\"},\"primaryImageOfPage\":{\"@id\":\"https:\\\/\\\/www.apfelpatient.de\\\/rumors\\\/iphone-se-2-massenproduktion-startet-demnaechst#primaryimage\"},\"image\":{\"@id\":\"https:\\\/\\\/www.apfelpatient.de\\\/rumors\\\/iphone-se-2-massenproduktion-startet-demnaechst#primaryimage\"},\"thumbnailUrl\":\"https:\\\/\\\/www.apfelpatient.de\\\/wp-content\\\/uploads\\\/2020\\\/01\\\/bigstock-124469987.jpg\",\"datePublished\":\"2020-01-22T13:54:36+00:00\",\"dateModified\":\"2025-02-06T06:50:57+00:00\",\"description\":\"In diesem Jahr wird der Nachfolger des beliebten iPhone SE erwartet. Ein konkretes Vorstellungsdatum ist bislang nicht bekannt - aber es gibt einen Hinweis.\",\"breadcrumb\":{\"@id\":\"https:\\\/\\\/www.apfelpatient.de\\\/rumors\\\/iphone-se-2-massenproduktion-startet-demnaechst#breadcrumb\"},\"inLanguage\":\"en-US\",\"potentialAction\":[{\"@type\":\"ReadAction\",\"target\":[\"https:\\\/\\\/www.apfelpatient.de\\\/rumors\\\/iphone-se-2-massenproduktion-startet-demnaechst\"]}]},{\"@type\":\"ImageObject\",\"inLanguage\":\"en-US\",\"@id\":\"https:\\\/\\\/www.apfelpatient.de\\\/rumors\\\/iphone-se-2-massenproduktion-startet-demnaechst#primaryimage\",\"url\":\"https:\\\/\\\/www.apfelpatient.de\\\/wp-content\\\/uploads\\\/2020\\\/01\\\/bigstock-124469987.jpg\",\"contentUrl\":\"https:\\\/\\\/www.apfelpatient.de\\\/wp-content\\\/uploads\\\/2020\\\/01\\\/bigstock-124469987.jpg\",\"width\":1600,\"height\":1065,\"caption\":\"PARIS FRANCE - APR 4 2016: People testing new iPhone with the Apple iPhone SE in docking station during the sales launch of the latest Apple Inc. smartphone and iPad Pro at the Apple store in Paris France\"},{\"@type\":\"BreadcrumbList\",\"@id\":\"https:\\\/\\\/www.apfelpatient.de\\\/rumors\\\/iphone-se-2-massenproduktion-startet-demnaechst#breadcrumb\",\"itemListElement\":[{\"@type\":\"ListItem\",\"position\":1,\"name\":\"Startseite\",\"item\":\"https:\\\/\\\/www.apfelpatient.de\\\/\"},{\"@type\":\"ListItem\",\"position\":2,\"name\":\"iPhone SE 2: Massenproduktion startet demn\u00e4chst\"}]},{\"@type\":\"WebSite\",\"@id\":\"https:\\\/\\\/www.apfelpatient.de\\\/#website\",\"url\":\"https:\\\/\\\/www.apfelpatient.de\\\/\",\"name\":\"Apfelpatient\",\"description\":\"Alles rund um Apple!\",\"publisher\":{\"@type\":\"Organization\",\"@id\":\"https:\\\/\\\/www.apfelpatient.de\\\/en\\\/#organization\",\"name\":\"Apfelpatient\",\"url\":\"https:\\\/\\\/www.apfelpatient.de\\\/en\\\/\"},\"alternateName\":\"Apfelpatient\",\"potentialAction\":[{\"@type\":\"SearchAction\",\"target\":{\"@type\":\"EntryPoint\",\"urlTemplate\":\"https:\\\/\\\/www.apfelpatient.de\\\/?s={search_term_string}\"},\"query-input\":{\"@type\":\"PropertyValueSpecification\",\"valueRequired\":true,\"valueName\":\"search_term_string\"}}],\"inLanguage\":\"en-US\"},{\"@type\":[\"Person\",\"Organization\"],\"@id\":\"https:\\\/\\\/www.apfelpatient.de\\\/#\\\/schema\\\/person\\\/7dc56ad6c8e9824b76d2c08d4c140e13\",\"name\":\"Milan\",\"logo\":{\"@id\":\"https:\\\/\\\/www.apfelpatient.de\\\/#\\\/schema\\\/person\\\/image\\\/\"},\"description\":\"Hallo und herzlich willkommen auf meinem Technik-Blog! Als gro\u00dfer Apple-Fan berichte ich hier \u00fcber alles, was mit Apple zu tun hat: von den neuesten News und spannenden Ger\u00fcchten \u00fcber hilfreiche Tipps und Tricks bis hin zu ausf\u00fchrlichen Produkttests. Wenn du genauso technikbegeistert bist wie ich, bist du hier genau richtig!\",\"sameAs\":[\"https:\\\/\\\/www.facebook.com\\\/apfelpatientOfficial\",\"https:\\\/\\\/www.linkedin.com\\\/in\\\/milan-jovicic-42aa0231b\"],\"url\":\"https:\\\/\\\/www.apfelpatient.de\\\/en\\\/author\\\/apfeladmin\"}]}<\/script>\n<!-- \/ Yoast SEO Premium plugin. -->","yoast_head_json":{"title":"iPhone SE 2: Mass production starts soon Apfelpatient","description":"The successor to the popular iPhone SE is expected this year. A specific launch date is not yet known - but there is a hint.","robots":{"index":"index","follow":"follow","max-snippet":"max-snippet:-1","max-image-preview":"max-image-preview:large","max-video-preview":"max-video-preview:-1"},"canonical":"https:\/\/www.apfelpatient.de\/en\/rumors\/iphone-se-2-mass-production-starts-soon","og_locale":"en_US","og_type":"article","og_title":"iPhone SE 2: Massenproduktion startet demn\u00e4chst","og_description":"In diesem Jahr wird der Nachfolger des beliebten iPhone SE erwartet. Ein konkretes Vorstellungsdatum ist bislang nicht bekannt - aber es gibt einen Hinweis.","og_url":"https:\/\/www.apfelpatient.de\/en\/rumors\/iphone-se-2-mass-production-starts-soon","og_site_name":"Apfelpatient","article_publisher":"https:\/\/www.facebook.com\/apfelpatientOfficial","article_author":"https:\/\/www.facebook.com\/apfelpatientOfficial","article_published_time":"2020-01-22T13:54:36+00:00","article_modified_time":"2025-02-06T06:50:57+00:00","og_image":[{"width":1600,"height":1065,"url":"https:\/\/www.apfelpatient.de\/wp-content\/uploads\/2020\/01\/bigstock-124469987.jpg","type":"image\/jpeg"}],"author":"Milan","twitter_card":"summary_large_image","twitter_title":"iPhone SE 2: Massenproduktion startet demn\u00e4chst","twitter_description":"In diesem Jahr wird der Nachfolger des beliebten iPhone SE erwartet. Ein konkretes Vorstellungsdatum ist bislang nicht bekannt - aber es gibt einen Hinweis.","twitter_image":"https:\/\/www.apfelpatient.de\/wp-content\/uploads\/2020\/01\/bigstock-124469987.jpg","twitter_misc":{"Written by":"Milan","Est. reading time":"1 minute"},"schema":{"@context":"https:\/\/schema.org","@graph":[{"@type":"NewsArticle","@id":"https:\/\/www.apfelpatient.de\/rumors\/iphone-se-2-massenproduktion-startet-demnaechst#article","isPartOf":{"@id":"https:\/\/www.apfelpatient.de\/rumors\/iphone-se-2-massenproduktion-startet-demnaechst"},"author":{"@type":"Organization","@id":"https:\/\/www.apfelpatient.de\/en\/#organization","name":"Apfelpatient","url":"https:\/\/www.apfelpatient.de\/en\/"},"headline":"iPhone SE 2: Massenproduktion startet demn\u00e4chst","datePublished":"2020-01-22T13:54:36+00:00","dateModified":"2025-02-06T06:50:57+00:00","mainEntityOfPage":{"@id":"https:\/\/www.apfelpatient.de\/rumors\/iphone-se-2-massenproduktion-startet-demnaechst"},"wordCount":286,"publisher":{"@type":"Organization","@id":"https:\/\/www.apfelpatient.de\/en\/#organization","name":"Apfelpatient","url":"https:\/\/www.apfelpatient.de\/en\/"},"image":{"@id":"https:\/\/www.apfelpatient.de\/rumors\/iphone-se-2-massenproduktion-startet-demnaechst#primaryimage"},"thumbnailUrl":"https:\/\/www.apfelpatient.de\/wp-content\/uploads\/2020\/01\/bigstock-124469987.jpg","keywords":["iPhone","iPhone 2020","iPhone 9","iPhone SE","iPhone SE 2"],"articleSection":"Rumors","inLanguage":"en-US","copyrightYear":"2020","copyrightHolder":{"@id":"https:\/\/www.apfelpatient.de\/en\/#organization"}},{"@type":"WebPage","@id":"https:\/\/www.apfelpatient.de\/rumors\/iphone-se-2-massenproduktion-startet-demnaechst","url":"https:\/\/www.apfelpatient.de\/rumors\/iphone-se-2-massenproduktion-startet-demnaechst","name":"iPhone SE 2: Mass production starts soon Apfelpatient","isPartOf":{"@id":"https:\/\/www.apfelpatient.de\/#website"},"primaryImageOfPage":{"@id":"https:\/\/www.apfelpatient.de\/rumors\/iphone-se-2-massenproduktion-startet-demnaechst#primaryimage"},"image":{"@id":"https:\/\/www.apfelpatient.de\/rumors\/iphone-se-2-massenproduktion-startet-demnaechst#primaryimage"},"thumbnailUrl":"https:\/\/www.apfelpatient.de\/wp-content\/uploads\/2020\/01\/bigstock-124469987.jpg","datePublished":"2020-01-22T13:54:36+00:00","dateModified":"2025-02-06T06:50:57+00:00","description":"The successor to the popular iPhone SE is expected this year. A specific launch date is not yet known - but there is a hint.","breadcrumb":{"@id":"https:\/\/www.apfelpatient.de\/rumors\/iphone-se-2-massenproduktion-startet-demnaechst#breadcrumb"},"inLanguage":"en-US","potentialAction":[{"@type":"ReadAction","target":["https:\/\/www.apfelpatient.de\/rumors\/iphone-se-2-massenproduktion-startet-demnaechst"]}]},{"@type":"ImageObject","inLanguage":"en-US","@id":"https:\/\/www.apfelpatient.de\/rumors\/iphone-se-2-massenproduktion-startet-demnaechst#primaryimage","url":"https:\/\/www.apfelpatient.de\/wp-content\/uploads\/2020\/01\/bigstock-124469987.jpg","contentUrl":"https:\/\/www.apfelpatient.de\/wp-content\/uploads\/2020\/01\/bigstock-124469987.jpg","width":1600,"height":1065,"caption":"PARIS FRANCE - APR 4 2016: People testing new iPhone with the Apple iPhone SE in docking station during the sales launch of the latest Apple Inc. smartphone and iPad Pro at the Apple store in Paris France"},{"@type":"BreadcrumbList","@id":"https:\/\/www.apfelpatient.de\/rumors\/iphone-se-2-massenproduktion-startet-demnaechst#breadcrumb","itemListElement":[{"@type":"ListItem","position":1,"name":"Startseite","item":"https:\/\/www.apfelpatient.de\/"},{"@type":"ListItem","position":2,"name":"iPhone SE 2: Massenproduktion startet demn\u00e4chst"}]},{"@type":"WebSite","@id":"https:\/\/www.apfelpatient.de\/#website","url":"https:\/\/www.apfelpatient.de\/","name":"apple patient","description":"Everything about Apple!","publisher":{"@type":"Organization","@id":"https:\/\/www.apfelpatient.de\/en\/#organization","name":"Apfelpatient","url":"https:\/\/www.apfelpatient.de\/en\/"},"alternateName":"Apfelpatient","potentialAction":[{"@type":"SearchAction","target":{"@type":"EntryPoint","urlTemplate":"https:\/\/www.apfelpatient.de\/?s={search_term_string}"},"query-input":{"@type":"PropertyValueSpecification","valueRequired":true,"valueName":"search_term_string"}}],"inLanguage":"en-US"},{"@type":["Person","Organization"],"@id":"https:\/\/www.apfelpatient.de\/#\/schema\/person\/7dc56ad6c8e9824b76d2c08d4c140e13","name":"Milan","logo":{"@id":"https:\/\/www.apfelpatient.de\/#\/schema\/person\/image\/"},"description":"Hello and welcome to my technology blog! As a big Apple fan, I report on everything to do with Apple: from the latest news and exciting rumors to helpful tips and tricks and detailed product tests. If you are as enthusiastic about technology as I am, you have come to the right place!","sameAs":["https:\/\/www.facebook.com\/apfelpatientOfficial","https:\/\/www.linkedin.com\/in\/milan-jovicic-42aa0231b"],"url":"https:\/\/www.apfelpatient.de\/en\/author\/apfeladmin"}]}},"_links":{"self":[{"href":"https:\/\/www.apfelpatient.de\/en\/wp-json\/wp\/v2\/posts\/9296","targetHints":{"allow":["GET"]}}],"collection":[{"href":"https:\/\/www.apfelpatient.de\/en\/wp-json\/wp\/v2\/posts"}],"about":[{"href":"https:\/\/www.apfelpatient.de\/en\/wp-json\/wp\/v2\/types\/post"}],"author":[{"embeddable":true,"href":"https:\/\/www.apfelpatient.de\/en\/wp-json\/wp\/v2\/users\/2"}],"replies":[{"embeddable":true,"href":"https:\/\/www.apfelpatient.de\/en\/wp-json\/wp\/v2\/comments?post=9296"}],"version-history":[{"count":0,"href":"https:\/\/www.apfelpatient.de\/en\/wp-json\/wp\/v2\/posts\/9296\/revisions"}],"wp:featuredmedia":[{"embeddable":true,"href":"https:\/\/www.apfelpatient.de\/en\/wp-json\/wp\/v2\/media\/9295"}],"wp:attachment":[{"href":"https:\/\/www.apfelpatient.de\/en\/wp-json\/wp\/v2\/media?parent=9296"}],"wp:term":[{"taxonomy":"category","embeddable":true,"href":"https:\/\/www.apfelpatient.de\/en\/wp-json\/wp\/v2\/categories?post=9296"},{"taxonomy":"post_tag","embeddable":true,"href":"https:\/\/www.apfelpatient.de\/en\/wp-json\/wp\/v2\/tags?post=9296"}],"curies":[{"name":"wp","href":"https:\/\/api.w.org\/{rel}","templated":true}]}}