{"id":9222,"date":"2020-01-19T23:16:08","date_gmt":"2020-01-19T22:16:08","guid":{"rendered":"https:\/\/www.apfelpatient.de\/?p=9222"},"modified":"2025-10-14T16:06:57","modified_gmt":"2025-10-14T14:06:57","slug":"tv-apple-announces-amazing-stories-by-steven-spielberg","status":"publish","type":"post","link":"https:\/\/www.apfelpatient.de\/en\/news\/tv-apple-kuendigt-amazing-stories-von-steven-spielberg-an","title":{"rendered":"TV+: Apple announces \u201cAmazing Stories\u201d by Steven Spielberg"},"content":{"rendered":"<p class=\"has-drop-cap\"><strong>In addition to \u201cHome Before Dark,\u201d Apple has announced another interesting series. \u201cAmazing Stories\u201d \u2013 by Steven Spielberg \u2013 is set to debut on Apple TV+ in March.<\/strong><\/p>\n\n\n\n<p>\u201cAmazing Stories\u201d is the first Apple TV+ project from director Steven Spielberg. A total of five episodes are scheduled to be released on March 6. <a href=\"https:\/\/apple-tv-plus-press.apple.com\/en-US\/news\/2020\/01\/apple-announces-premiere-date-for-steven-spielbergs-amazing-stories-and-unveils-first-look-image\/\">press release<\/a>:<\/p>\n\n\n\n<blockquote class=\"wp-block-quote is-layout-flow wp-block-quote-is-layout-flow\"><p>The highly anticipated Apple TV+ original series, produced by visionary, award-winning filmmaker Steven Spielberg, makes its global debut exclusively on Apple TV+ on Friday, March 6. The premiere date and a first look at the series were revealed today at the Television Critics Association Winter Press Tour.<\/p><\/blockquote>\n\n\n\n<p>The anthology series &quot;Amazing Stories&quot; was produced by Steven Spielberg and is based on the franchise of the same name from the 1980s. Spielberg was already the executive producer back then. Apple describes &quot;Amazing Stories&quot; as follows:&nbsp;<\/p>\n\n\n\n\n\n\n\n<p><\/p>\n\n\n\n<blockquote class=\"wp-block-quote is-layout-flow wp-block-quote-is-layout-flow\"><p>A reboot of the original anthology series, each episode of Amazing Stories will transport audiences to worlds of wonder through the lens of today&#039;s most imaginative filmmakers, directors and writers. (Image: Apple TV+)<\/p><\/blockquote>\n\n\n\n<ul class=\"wp-block-list\"><li><a href=\"https:\/\/www.apfelpatient.de\/en\">One-year trial subscription for Apple TV+ with activation period<\/a><\/li><\/ul>","protected":false},"excerpt":{"rendered":"<p>\u201cAmazing Stories\u201d \u2013 by Steven Spielberg \u2013 is set to debut on Apple TV+ in March, Apple has now announced.<\/p>","protected":false},"author":2,"featured_media":9233,"comment_status":"closed","ping_status":"closed","sticky":false,"template":"","format":"standard","meta":{"jnews-multi-image_gallery":[],"jnews_single_post":{"subtitle":"","format":"standard","video":"","gallery":"","source_name":"Pressemitteilung","source_url":"https:\/\/apple-tv-plus-press.apple.com\/en-US\/news\/2020\/01\/apple-announces-premiere-date-for-steven-spielbergs-amazing-stories-and-unveils-first-look-image\/","via_name":"","via_url":"","override":[{"single_blog_custom":"","sidebar":"","second_sidebar":"","share_position":"","share_float_style":"","post_date_format":"","post_date_format_custom":"","post_reading_time_wpm":"","zoom_button_out_step":"1","zoom_button_in_step":"1","number_popup_post":"1"}],"image_override":[{"single_post_thumbnail_size":"","single_post_gallery_size":""}],"trending_post_position":"","trending_post_label":""},"jnews_primary_category":{"id":"265"},"footnotes":""},"categories":[9],"tags":[34,156,248],"class_list":["post-9222","post","type-post","status-publish","format-standard","has-post-thumbnail","hentry","category-news","tag-apple-dienste","tag-apple-tv","tag-apple-tv-plus"],"yoast_head":"<!-- This site is optimized with the Yoast SEO Premium plugin v27.5 (Yoast SEO v27.5) - https:\/\/yoast.com\/product\/yoast-seo-premium-wordpress\/ -->\n<title>TV+: Apple k\u00fcndigt &quot;Amazing Stories&quot; von Steven Spielberg an Apfelpatient<\/title>\n<meta name=\"description\" content=\"&quot;Amazing Stories&quot; - von Steven Spielberg - soll im M\u00e4rz auf Apple TV+ deb\u00fctieren, wie nun Apple bekanntgegeben hat.\" \/>\n<meta name=\"robots\" content=\"index, follow, max-snippet:-1, max-image-preview:large, max-video-preview:-1\" \/>\n<link rel=\"canonical\" href=\"https:\/\/www.apfelpatient.de\/en\/news\/tv-apple-announces-amazing-stories-by-steven-spielberg\" \/>\n<meta property=\"og:locale\" content=\"en_US\" \/>\n<meta property=\"og:type\" content=\"article\" \/>\n<meta property=\"og:title\" content=\"TV+: Apple k\u00fcndigt &quot;Amazing Stories&quot; von Steven Spielberg an\" \/>\n<meta property=\"og:description\" content=\"&quot;Amazing Stories&quot; - von Steven Spielberg - soll im M\u00e4rz auf Apple TV+ deb\u00fctieren, wie nun Apple bekanntgegeben hat.\" \/>\n<meta property=\"og:url\" content=\"https:\/\/www.apfelpatient.de\/en\/news\/tv-apple-announces-amazing-stories-by-steven-spielberg\" \/>\n<meta property=\"og:site_name\" content=\"Apfelpatient\" \/>\n<meta property=\"article:publisher\" content=\"https:\/\/www.facebook.com\/apfelpatientOfficial\" \/>\n<meta property=\"article:author\" content=\"https:\/\/www.facebook.com\/apfelpatientOfficial\" \/>\n<meta property=\"article:published_time\" content=\"2020-01-19T22:16:08+00:00\" \/>\n<meta property=\"article:modified_time\" content=\"2025-10-14T14:06:57+00:00\" \/>\n<meta property=\"og:image\" content=\"https:\/\/www.apfelpatient.de\/wp-content\/uploads\/2020\/01\/Apple_TV_Amazing_Stories_key_art.jpg\" \/>\n\t<meta property=\"og:image:width\" content=\"1600\" \/>\n\t<meta property=\"og:image:height\" content=\"1067\" \/>\n\t<meta property=\"og:image:type\" content=\"image\/jpeg\" \/>\n<meta name=\"author\" content=\"Milan\" \/>\n<meta name=\"twitter:card\" content=\"summary_large_image\" \/>\n<meta name=\"twitter:title\" content=\"TV+: Apple k\u00fcndigt &quot;Amazing Stories&quot; von Steven Spielberg an\" \/>\n<meta name=\"twitter:description\" content=\"&quot;Amazing Stories&quot; - von Steven Spielberg - soll im M\u00e4rz auf Apple TV+ deb\u00fctieren, wie nun Apple bekanntgegeben hat.\" \/>\n<meta name=\"twitter:image\" content=\"https:\/\/www.apfelpatient.de\/wp-content\/uploads\/2020\/01\/Apple_TV_Amazing_Stories_key_art.jpg\" \/>\n<meta name=\"twitter:label1\" content=\"Written by\" \/>\n\t<meta name=\"twitter:data1\" content=\"Milan\" \/>\n\t<meta name=\"twitter:label2\" content=\"Est. reading time\" \/>\n\t<meta name=\"twitter:data2\" content=\"1 minute\" \/>\n<script type=\"application\/ld+json\" class=\"yoast-schema-graph\">{\"@context\":\"https:\\\/\\\/schema.org\",\"@graph\":[{\"@type\":\"NewsArticle\",\"@id\":\"https:\\\/\\\/www.apfelpatient.de\\\/news\\\/tv-apple-kuendigt-amazing-stories-von-steven-spielberg-an#article\",\"isPartOf\":{\"@id\":\"https:\\\/\\\/www.apfelpatient.de\\\/news\\\/tv-apple-kuendigt-amazing-stories-von-steven-spielberg-an\"},\"author\":{\"@type\":\"Organization\",\"@id\":\"https:\\\/\\\/www.apfelpatient.de\\\/en\\\/#organization\",\"name\":\"Apfelpatient\",\"url\":\"https:\\\/\\\/www.apfelpatient.de\\\/en\\\/\"},\"headline\":\"TV+: Apple k\u00fcndigt &#8222;Amazing Stories&#8220; von Steven Spielberg an\",\"datePublished\":\"2020-01-19T22:16:08+00:00\",\"dateModified\":\"2025-10-14T14:06:57+00:00\",\"mainEntityOfPage\":{\"@id\":\"https:\\\/\\\/www.apfelpatient.de\\\/news\\\/tv-apple-kuendigt-amazing-stories-von-steven-spielberg-an\"},\"wordCount\":202,\"publisher\":{\"@type\":\"Organization\",\"@id\":\"https:\\\/\\\/www.apfelpatient.de\\\/en\\\/#organization\",\"name\":\"Apfelpatient\",\"url\":\"https:\\\/\\\/www.apfelpatient.de\\\/en\\\/\"},\"image\":{\"@id\":\"https:\\\/\\\/www.apfelpatient.de\\\/news\\\/tv-apple-kuendigt-amazing-stories-von-steven-spielberg-an#primaryimage\"},\"thumbnailUrl\":\"https:\\\/\\\/www.apfelpatient.de\\\/wp-content\\\/uploads\\\/2020\\\/01\\\/Apple_TV_Amazing_Stories_key_art.jpg\",\"keywords\":[\"Apple Dienste\",\"Apple TV\",\"Apple TV Plus\"],\"articleSection\":\"News\",\"inLanguage\":\"en-US\",\"copyrightYear\":\"2020\",\"copyrightHolder\":{\"@id\":\"https:\\\/\\\/www.apfelpatient.de\\\/en\\\/#organization\"}},{\"@type\":\"WebPage\",\"@id\":\"https:\\\/\\\/www.apfelpatient.de\\\/news\\\/tv-apple-kuendigt-amazing-stories-von-steven-spielberg-an\",\"url\":\"https:\\\/\\\/www.apfelpatient.de\\\/news\\\/tv-apple-kuendigt-amazing-stories-von-steven-spielberg-an\",\"name\":\"TV+: Apple k\u00fcndigt \\\"Amazing Stories\\\" von Steven Spielberg an Apfelpatient\",\"isPartOf\":{\"@id\":\"https:\\\/\\\/www.apfelpatient.de\\\/#website\"},\"primaryImageOfPage\":{\"@id\":\"https:\\\/\\\/www.apfelpatient.de\\\/news\\\/tv-apple-kuendigt-amazing-stories-von-steven-spielberg-an#primaryimage\"},\"image\":{\"@id\":\"https:\\\/\\\/www.apfelpatient.de\\\/news\\\/tv-apple-kuendigt-amazing-stories-von-steven-spielberg-an#primaryimage\"},\"thumbnailUrl\":\"https:\\\/\\\/www.apfelpatient.de\\\/wp-content\\\/uploads\\\/2020\\\/01\\\/Apple_TV_Amazing_Stories_key_art.jpg\",\"datePublished\":\"2020-01-19T22:16:08+00:00\",\"dateModified\":\"2025-10-14T14:06:57+00:00\",\"description\":\"\\\"Amazing Stories\\\" - von Steven Spielberg - soll im M\u00e4rz auf Apple TV+ deb\u00fctieren, wie nun Apple bekanntgegeben hat.\",\"breadcrumb\":{\"@id\":\"https:\\\/\\\/www.apfelpatient.de\\\/news\\\/tv-apple-kuendigt-amazing-stories-von-steven-spielberg-an#breadcrumb\"},\"inLanguage\":\"en-US\",\"potentialAction\":[{\"@type\":\"ReadAction\",\"target\":[\"https:\\\/\\\/www.apfelpatient.de\\\/news\\\/tv-apple-kuendigt-amazing-stories-von-steven-spielberg-an\"]}]},{\"@type\":\"ImageObject\",\"inLanguage\":\"en-US\",\"@id\":\"https:\\\/\\\/www.apfelpatient.de\\\/news\\\/tv-apple-kuendigt-amazing-stories-von-steven-spielberg-an#primaryimage\",\"url\":\"https:\\\/\\\/www.apfelpatient.de\\\/wp-content\\\/uploads\\\/2020\\\/01\\\/Apple_TV_Amazing_Stories_key_art.jpg\",\"contentUrl\":\"https:\\\/\\\/www.apfelpatient.de\\\/wp-content\\\/uploads\\\/2020\\\/01\\\/Apple_TV_Amazing_Stories_key_art.jpg\",\"width\":1600,\"height\":1067,\"caption\":\"Bild: Apple TV+\"},{\"@type\":\"BreadcrumbList\",\"@id\":\"https:\\\/\\\/www.apfelpatient.de\\\/news\\\/tv-apple-kuendigt-amazing-stories-von-steven-spielberg-an#breadcrumb\",\"itemListElement\":[{\"@type\":\"ListItem\",\"position\":1,\"name\":\"Startseite\",\"item\":\"https:\\\/\\\/www.apfelpatient.de\\\/\"},{\"@type\":\"ListItem\",\"position\":2,\"name\":\"TV+: Apple k\u00fcndigt &#8220;Amazing Stories&#8221; von Steven Spielberg an\"}]},{\"@type\":\"WebSite\",\"@id\":\"https:\\\/\\\/www.apfelpatient.de\\\/#website\",\"url\":\"https:\\\/\\\/www.apfelpatient.de\\\/\",\"name\":\"Apfelpatient\",\"description\":\"Alles rund um Apple!\",\"publisher\":{\"@type\":\"Organization\",\"@id\":\"https:\\\/\\\/www.apfelpatient.de\\\/en\\\/#organization\",\"name\":\"Apfelpatient\",\"url\":\"https:\\\/\\\/www.apfelpatient.de\\\/en\\\/\"},\"alternateName\":\"Apfelpatient\",\"potentialAction\":[{\"@type\":\"SearchAction\",\"target\":{\"@type\":\"EntryPoint\",\"urlTemplate\":\"https:\\\/\\\/www.apfelpatient.de\\\/?s={search_term_string}\"},\"query-input\":{\"@type\":\"PropertyValueSpecification\",\"valueRequired\":true,\"valueName\":\"search_term_string\"}}],\"inLanguage\":\"en-US\"},{\"@type\":[\"Person\",\"Organization\"],\"@id\":\"https:\\\/\\\/www.apfelpatient.de\\\/#\\\/schema\\\/person\\\/7dc56ad6c8e9824b76d2c08d4c140e13\",\"name\":\"Milan\",\"logo\":{\"@id\":\"https:\\\/\\\/www.apfelpatient.de\\\/#\\\/schema\\\/person\\\/image\\\/\"},\"description\":\"Hallo und herzlich willkommen auf meinem Technik-Blog! Als gro\u00dfer Apple-Fan berichte ich hier \u00fcber alles, was mit Apple zu tun hat: von den neuesten News und spannenden Ger\u00fcchten \u00fcber hilfreiche Tipps und Tricks bis hin zu ausf\u00fchrlichen Produkttests. Wenn du genauso technikbegeistert bist wie ich, bist du hier genau richtig!\",\"sameAs\":[\"https:\\\/\\\/www.facebook.com\\\/apfelpatientOfficial\",\"https:\\\/\\\/www.linkedin.com\\\/in\\\/milan-jovicic-42aa0231b\"],\"url\":\"https:\\\/\\\/www.apfelpatient.de\\\/en\\\/author\\\/apfeladmin\"}]}<\/script>\n<!-- \/ Yoast SEO Premium plugin. -->","yoast_head_json":{"title":"TV+: Apple announces &quot;Amazing Stories&quot; by Steven Spielberg Apfelpatient","description":"&quot;Amazing Stories&quot; - by Steven Spielberg - is set to debut on Apple TV+ in March, Apple has now announced.","robots":{"index":"index","follow":"follow","max-snippet":"max-snippet:-1","max-image-preview":"max-image-preview:large","max-video-preview":"max-video-preview:-1"},"canonical":"https:\/\/www.apfelpatient.de\/en\/news\/tv-apple-announces-amazing-stories-by-steven-spielberg","og_locale":"en_US","og_type":"article","og_title":"TV+: Apple k\u00fcndigt \"Amazing Stories\" von Steven Spielberg an","og_description":"\"Amazing Stories\" - von Steven Spielberg - soll im M\u00e4rz auf Apple TV+ deb\u00fctieren, wie nun Apple bekanntgegeben hat.","og_url":"https:\/\/www.apfelpatient.de\/en\/news\/tv-apple-announces-amazing-stories-by-steven-spielberg","og_site_name":"Apfelpatient","article_publisher":"https:\/\/www.facebook.com\/apfelpatientOfficial","article_author":"https:\/\/www.facebook.com\/apfelpatientOfficial","article_published_time":"2020-01-19T22:16:08+00:00","article_modified_time":"2025-10-14T14:06:57+00:00","og_image":[{"width":1600,"height":1067,"url":"https:\/\/www.apfelpatient.de\/wp-content\/uploads\/2020\/01\/Apple_TV_Amazing_Stories_key_art.jpg","type":"image\/jpeg"}],"author":"Milan","twitter_card":"summary_large_image","twitter_title":"TV+: Apple k\u00fcndigt \"Amazing Stories\" von Steven Spielberg an","twitter_description":"\"Amazing Stories\" - von Steven Spielberg - soll im M\u00e4rz auf Apple TV+ deb\u00fctieren, wie nun Apple bekanntgegeben hat.","twitter_image":"https:\/\/www.apfelpatient.de\/wp-content\/uploads\/2020\/01\/Apple_TV_Amazing_Stories_key_art.jpg","twitter_misc":{"Written by":"Milan","Est. reading time":"1 minute"},"schema":{"@context":"https:\/\/schema.org","@graph":[{"@type":"NewsArticle","@id":"https:\/\/www.apfelpatient.de\/news\/tv-apple-kuendigt-amazing-stories-von-steven-spielberg-an#article","isPartOf":{"@id":"https:\/\/www.apfelpatient.de\/news\/tv-apple-kuendigt-amazing-stories-von-steven-spielberg-an"},"author":{"@type":"Organization","@id":"https:\/\/www.apfelpatient.de\/en\/#organization","name":"Apfelpatient","url":"https:\/\/www.apfelpatient.de\/en\/"},"headline":"TV+: Apple k\u00fcndigt &#8222;Amazing Stories&#8220; von Steven Spielberg an","datePublished":"2020-01-19T22:16:08+00:00","dateModified":"2025-10-14T14:06:57+00:00","mainEntityOfPage":{"@id":"https:\/\/www.apfelpatient.de\/news\/tv-apple-kuendigt-amazing-stories-von-steven-spielberg-an"},"wordCount":202,"publisher":{"@type":"Organization","@id":"https:\/\/www.apfelpatient.de\/en\/#organization","name":"Apfelpatient","url":"https:\/\/www.apfelpatient.de\/en\/"},"image":{"@id":"https:\/\/www.apfelpatient.de\/news\/tv-apple-kuendigt-amazing-stories-von-steven-spielberg-an#primaryimage"},"thumbnailUrl":"https:\/\/www.apfelpatient.de\/wp-content\/uploads\/2020\/01\/Apple_TV_Amazing_Stories_key_art.jpg","keywords":["Apple Dienste","Apple TV","Apple TV Plus"],"articleSection":"News","inLanguage":"en-US","copyrightYear":"2020","copyrightHolder":{"@id":"https:\/\/www.apfelpatient.de\/en\/#organization"}},{"@type":"WebPage","@id":"https:\/\/www.apfelpatient.de\/news\/tv-apple-kuendigt-amazing-stories-von-steven-spielberg-an","url":"https:\/\/www.apfelpatient.de\/news\/tv-apple-kuendigt-amazing-stories-von-steven-spielberg-an","name":"TV+: Apple announces &quot;Amazing Stories&quot; by Steven Spielberg Apfelpatient","isPartOf":{"@id":"https:\/\/www.apfelpatient.de\/#website"},"primaryImageOfPage":{"@id":"https:\/\/www.apfelpatient.de\/news\/tv-apple-kuendigt-amazing-stories-von-steven-spielberg-an#primaryimage"},"image":{"@id":"https:\/\/www.apfelpatient.de\/news\/tv-apple-kuendigt-amazing-stories-von-steven-spielberg-an#primaryimage"},"thumbnailUrl":"https:\/\/www.apfelpatient.de\/wp-content\/uploads\/2020\/01\/Apple_TV_Amazing_Stories_key_art.jpg","datePublished":"2020-01-19T22:16:08+00:00","dateModified":"2025-10-14T14:06:57+00:00","description":"&quot;Amazing Stories&quot; - by Steven Spielberg - is set to debut on Apple TV+ in March, Apple has now announced.","breadcrumb":{"@id":"https:\/\/www.apfelpatient.de\/news\/tv-apple-kuendigt-amazing-stories-von-steven-spielberg-an#breadcrumb"},"inLanguage":"en-US","potentialAction":[{"@type":"ReadAction","target":["https:\/\/www.apfelpatient.de\/news\/tv-apple-kuendigt-amazing-stories-von-steven-spielberg-an"]}]},{"@type":"ImageObject","inLanguage":"en-US","@id":"https:\/\/www.apfelpatient.de\/news\/tv-apple-kuendigt-amazing-stories-von-steven-spielberg-an#primaryimage","url":"https:\/\/www.apfelpatient.de\/wp-content\/uploads\/2020\/01\/Apple_TV_Amazing_Stories_key_art.jpg","contentUrl":"https:\/\/www.apfelpatient.de\/wp-content\/uploads\/2020\/01\/Apple_TV_Amazing_Stories_key_art.jpg","width":1600,"height":1067,"caption":"Bild: Apple TV+"},{"@type":"BreadcrumbList","@id":"https:\/\/www.apfelpatient.de\/news\/tv-apple-kuendigt-amazing-stories-von-steven-spielberg-an#breadcrumb","itemListElement":[{"@type":"ListItem","position":1,"name":"Startseite","item":"https:\/\/www.apfelpatient.de\/"},{"@type":"ListItem","position":2,"name":"TV+: Apple k\u00fcndigt &#8220;Amazing Stories&#8221; von Steven Spielberg an"}]},{"@type":"WebSite","@id":"https:\/\/www.apfelpatient.de\/#website","url":"https:\/\/www.apfelpatient.de\/","name":"apple patient","description":"Everything about Apple!","publisher":{"@type":"Organization","@id":"https:\/\/www.apfelpatient.de\/en\/#organization","name":"Apfelpatient","url":"https:\/\/www.apfelpatient.de\/en\/"},"alternateName":"Apfelpatient","potentialAction":[{"@type":"SearchAction","target":{"@type":"EntryPoint","urlTemplate":"https:\/\/www.apfelpatient.de\/?s={search_term_string}"},"query-input":{"@type":"PropertyValueSpecification","valueRequired":true,"valueName":"search_term_string"}}],"inLanguage":"en-US"},{"@type":["Person","Organization"],"@id":"https:\/\/www.apfelpatient.de\/#\/schema\/person\/7dc56ad6c8e9824b76d2c08d4c140e13","name":"Milan","logo":{"@id":"https:\/\/www.apfelpatient.de\/#\/schema\/person\/image\/"},"description":"Hello and welcome to my technology blog! As a big Apple fan, I report on everything to do with Apple: from the latest news and exciting rumors to helpful tips and tricks and detailed product tests. If you are as enthusiastic about technology as I am, you have come to the right place!","sameAs":["https:\/\/www.facebook.com\/apfelpatientOfficial","https:\/\/www.linkedin.com\/in\/milan-jovicic-42aa0231b"],"url":"https:\/\/www.apfelpatient.de\/en\/author\/apfeladmin"}]}},"_links":{"self":[{"href":"https:\/\/www.apfelpatient.de\/en\/wp-json\/wp\/v2\/posts\/9222","targetHints":{"allow":["GET"]}}],"collection":[{"href":"https:\/\/www.apfelpatient.de\/en\/wp-json\/wp\/v2\/posts"}],"about":[{"href":"https:\/\/www.apfelpatient.de\/en\/wp-json\/wp\/v2\/types\/post"}],"author":[{"embeddable":true,"href":"https:\/\/www.apfelpatient.de\/en\/wp-json\/wp\/v2\/users\/2"}],"replies":[{"embeddable":true,"href":"https:\/\/www.apfelpatient.de\/en\/wp-json\/wp\/v2\/comments?post=9222"}],"version-history":[{"count":0,"href":"https:\/\/www.apfelpatient.de\/en\/wp-json\/wp\/v2\/posts\/9222\/revisions"}],"wp:featuredmedia":[{"embeddable":true,"href":"https:\/\/www.apfelpatient.de\/en\/wp-json\/wp\/v2\/media\/9233"}],"wp:attachment":[{"href":"https:\/\/www.apfelpatient.de\/en\/wp-json\/wp\/v2\/media?parent=9222"}],"wp:term":[{"taxonomy":"category","embeddable":true,"href":"https:\/\/www.apfelpatient.de\/en\/wp-json\/wp\/v2\/categories?post=9222"},{"taxonomy":"post_tag","embeddable":true,"href":"https:\/\/www.apfelpatient.de\/en\/wp-json\/wp\/v2\/tags?post=9222"}],"curies":[{"name":"wp","href":"https:\/\/api.w.org\/{rel}","templated":true}]}}