{"id":9198,"date":"2020-01-18T00:19:01","date_gmt":"2020-01-17T23:19:01","guid":{"rendered":"https:\/\/www.apfelpatient.de\/?p=9198"},"modified":"2025-02-06T08:09:29","modified_gmt":"2025-02-06T07:09:29","slug":"apple-expands-in-munich-30000-square-meters-rented","status":"publish","type":"post","link":"https:\/\/www.apfelpatient.de\/en\/news\/apple-expandiert-in-muenchen-30-000-quadratmeter-angemietet","title":{"rendered":"Apple expands in Munich \u2013 30,000 square meters rented"},"content":{"rendered":"<p class=\"has-drop-cap\"><strong>Apple is expanding its presence in Germany \u2013 specifically in Munich. Cupertino is now said to have rented another 30,000 square meters of office space.<\/strong><\/p>\n\n\n\n<p>Tim Cook&#039;s last <a href=\"https:\/\/www.apfelpatient.de\/en\">Wies&#039;n (international Oktoberfest) visit<\/a> seems to have paid off. According to a report by <a href=\"https:\/\/www.sueddeutsche.de\/muenchen\/muenchen-wirtschaft-apple-neuer-standort-1.4761133\">S\u00fcddeutsche Zeitung<\/a> According to reports, Apple has now rented around 30,000 square meters of office space in Munich. The office building is currently under construction - completion is planned for 2021. According to the report, around 1,500 employees will work there. The complex is located on the former Mahag site on Karlstrasse and is to be named &quot;Karl&quot;. The owners have already confirmed the deal, according to which the entire area has already been rented to a customer - but they did not mention a name. The S\u00fcddeutsche Zeitung claims to have received the information from experts on the Munich real estate market. Apple currently operates the &quot;Bavarian Design Center&quot; in Munich, which employs around 300 engineers from 40 countries.&nbsp;<\/p>\n\n\n\n<h3 class=\"wp-block-heading\">Not only Apple likes Munich<\/h3>\n\n\n\n\n\n\n\n<p><\/p>\n\n\n\n<p>It remains unclear for the time being whether this will be integrated into the &quot;Karl&quot; complex or whether it will continue to be kept separate. Apple itself does not usually comment on such reports. But 60 new job advertisements in the areas of research and development speak for themselves. Incidentally, Apple is not the only tech giant that likes the Bavarian capital. Google also wants to expand. The search engine giant plans to build 41,000 square meters of office space and increase its workforce to around 1,500 employees. In addition to Apple and Google, Microsoft and Amazon also have their German headquarters in Munich.&nbsp;<em>(Photo by alexraths \/ Bigstockphoto)<\/em><\/p>","protected":false},"excerpt":{"rendered":"<p>Apple is expanding its presence in Germany \u2013 specifically in Munich. Cupertino is now said to have rented another 30,000 square meters of office space.<\/p>","protected":false},"author":2,"featured_media":9197,"comment_status":"closed","ping_status":"closed","sticky":false,"template":"","format":"standard","meta":{"jnews-multi-image_gallery":[],"jnews_single_post":{"subtitle":"","format":"standard","video":"","gallery":"","source_name":"","source_url":"","via_name":"S\u00fcddeutsche Zeitung","via_url":"https:\/\/www.sueddeutsche.de\/muenchen\/muenchen-wirtschaft-apple-neuer-standort-1.4761133","override":[{"single_blog_custom":"","sidebar":"","second_sidebar":"","share_position":"","share_float_style":"","post_date_format":"","post_date_format_custom":"","post_reading_time_wpm":"","zoom_button_out_step":"1","zoom_button_in_step":"1","number_popup_post":"1"}],"image_override":[{"single_post_thumbnail_size":"","single_post_gallery_size":""}],"trending_post_position":"","trending_post_label":""},"jnews_primary_category":{"id":"265"},"footnotes":""},"categories":[9],"tags":[141,13],"class_list":["post-9198","post","type-post","status-publish","format-standard","has-post-thumbnail","hentry","category-news","tag-deutschland","tag-techpatient"],"yoast_head":"<!-- This site is optimized with the Yoast SEO Premium plugin v27.5 (Yoast SEO v27.5) - https:\/\/yoast.com\/product\/yoast-seo-premium-wordpress\/ -->\n<title>Apple expandiert in M\u00fcnchen - 30.000 Quadratmeter angemietet - Apfelpatient<\/title>\n<meta name=\"description\" content=\"Apple weitet die eigene Pr\u00e4senz in Deutschland aus - Cupertino mietet weitere 30.000 Quadratmeter B\u00fcrofl\u00e4che in M\u00fcnchen an.\" \/>\n<meta name=\"robots\" content=\"index, follow, max-snippet:-1, max-image-preview:large, max-video-preview:-1\" \/>\n<link rel=\"canonical\" href=\"https:\/\/www.apfelpatient.de\/en\/news\/apple-expands-in-munich-30000-square-meters-rented\" \/>\n<meta property=\"og:locale\" content=\"en_US\" \/>\n<meta property=\"og:type\" content=\"article\" \/>\n<meta property=\"og:title\" content=\"Apple expandiert in M\u00fcnchen - 30.000 Quadratmeter angemietet\" \/>\n<meta property=\"og:description\" content=\"Apple weitet die eigene Pr\u00e4senz in Deutschland weiter aus - genau genommen in M\u00fcnchen. Nun soll Cupertino weitere 30.000 Quadratmeter B\u00fcrofl\u00e4che angemietet haben.\" \/>\n<meta property=\"og:url\" content=\"https:\/\/www.apfelpatient.de\/en\/news\/apple-expands-in-munich-30000-square-meters-rented\" \/>\n<meta property=\"og:site_name\" content=\"Apfelpatient\" \/>\n<meta property=\"article:publisher\" content=\"https:\/\/www.facebook.com\/apfelpatientOfficial\" \/>\n<meta property=\"article:author\" content=\"https:\/\/www.facebook.com\/apfelpatientOfficial\" \/>\n<meta property=\"article:published_time\" content=\"2020-01-17T23:19:01+00:00\" \/>\n<meta property=\"article:modified_time\" content=\"2025-02-06T07:09:29+00:00\" \/>\n<meta property=\"og:image\" content=\"https:\/\/www.apfelpatient.de\/wp-content\/uploads\/2020\/01\/bigstock-Oktoberfest-background-with-be-315422311.jpg\" \/>\n\t<meta property=\"og:image:width\" content=\"1600\" \/>\n\t<meta property=\"og:image:height\" content=\"968\" \/>\n\t<meta property=\"og:image:type\" content=\"image\/jpeg\" \/>\n<meta name=\"author\" content=\"Milan\" \/>\n<meta name=\"twitter:card\" content=\"summary_large_image\" \/>\n<meta name=\"twitter:title\" content=\"Apple expandiert in M\u00fcnchen - 30.000 Quadratmeter angemietet\" \/>\n<meta name=\"twitter:description\" content=\"Apple weitet die eigene Pr\u00e4senz in Deutschland weiter aus - genau genommen in M\u00fcnchen. Nun soll Cupertino weitere 30.000 Quadratmeter B\u00fcrofl\u00e4che angemietet haben.\" \/>\n<meta name=\"twitter:image\" content=\"https:\/\/www.apfelpatient.de\/wp-content\/uploads\/2020\/01\/bigstock-Oktoberfest-background-with-be-315422311.jpg\" \/>\n<meta name=\"twitter:label1\" content=\"Written by\" \/>\n\t<meta name=\"twitter:data1\" content=\"Milan\" \/>\n\t<meta name=\"twitter:label2\" content=\"Est. reading time\" \/>\n\t<meta name=\"twitter:data2\" content=\"1 minute\" \/>\n<script type=\"application\/ld+json\" class=\"yoast-schema-graph\">{\"@context\":\"https:\\\/\\\/schema.org\",\"@graph\":[{\"@type\":\"NewsArticle\",\"@id\":\"https:\\\/\\\/www.apfelpatient.de\\\/news\\\/apple-expandiert-in-muenchen-30-000-quadratmeter-angemietet#article\",\"isPartOf\":{\"@id\":\"https:\\\/\\\/www.apfelpatient.de\\\/news\\\/apple-expandiert-in-muenchen-30-000-quadratmeter-angemietet\"},\"author\":{\"@type\":\"Organization\",\"@id\":\"https:\\\/\\\/www.apfelpatient.de\\\/en\\\/#organization\",\"name\":\"Apfelpatient\",\"url\":\"https:\\\/\\\/www.apfelpatient.de\\\/en\\\/\"},\"headline\":\"Apple expandiert in M\u00fcnchen &#8211; 30.000 Quadratmeter angemietet\",\"datePublished\":\"2020-01-17T23:19:01+00:00\",\"dateModified\":\"2025-02-06T07:09:29+00:00\",\"mainEntityOfPage\":{\"@id\":\"https:\\\/\\\/www.apfelpatient.de\\\/news\\\/apple-expandiert-in-muenchen-30-000-quadratmeter-angemietet\"},\"wordCount\":276,\"publisher\":{\"@type\":\"Organization\",\"@id\":\"https:\\\/\\\/www.apfelpatient.de\\\/en\\\/#organization\",\"name\":\"Apfelpatient\",\"url\":\"https:\\\/\\\/www.apfelpatient.de\\\/en\\\/\"},\"image\":{\"@id\":\"https:\\\/\\\/www.apfelpatient.de\\\/news\\\/apple-expandiert-in-muenchen-30-000-quadratmeter-angemietet#primaryimage\"},\"thumbnailUrl\":\"https:\\\/\\\/www.apfelpatient.de\\\/wp-content\\\/uploads\\\/2020\\\/01\\\/bigstock-Oktoberfest-background-with-be-315422311.jpg\",\"keywords\":[\"Deutschland\",\"TechPatient\"],\"articleSection\":\"News\",\"inLanguage\":\"en-US\",\"copyrightYear\":\"2020\",\"copyrightHolder\":{\"@id\":\"https:\\\/\\\/www.apfelpatient.de\\\/en\\\/#organization\"}},{\"@type\":\"WebPage\",\"@id\":\"https:\\\/\\\/www.apfelpatient.de\\\/news\\\/apple-expandiert-in-muenchen-30-000-quadratmeter-angemietet\",\"url\":\"https:\\\/\\\/www.apfelpatient.de\\\/news\\\/apple-expandiert-in-muenchen-30-000-quadratmeter-angemietet\",\"name\":\"Apple expandiert in M\u00fcnchen - 30.000 Quadratmeter angemietet - Apfelpatient\",\"isPartOf\":{\"@id\":\"https:\\\/\\\/www.apfelpatient.de\\\/#website\"},\"primaryImageOfPage\":{\"@id\":\"https:\\\/\\\/www.apfelpatient.de\\\/news\\\/apple-expandiert-in-muenchen-30-000-quadratmeter-angemietet#primaryimage\"},\"image\":{\"@id\":\"https:\\\/\\\/www.apfelpatient.de\\\/news\\\/apple-expandiert-in-muenchen-30-000-quadratmeter-angemietet#primaryimage\"},\"thumbnailUrl\":\"https:\\\/\\\/www.apfelpatient.de\\\/wp-content\\\/uploads\\\/2020\\\/01\\\/bigstock-Oktoberfest-background-with-be-315422311.jpg\",\"datePublished\":\"2020-01-17T23:19:01+00:00\",\"dateModified\":\"2025-02-06T07:09:29+00:00\",\"description\":\"Apple weitet die eigene Pr\u00e4senz in Deutschland aus - Cupertino mietet weitere 30.000 Quadratmeter B\u00fcrofl\u00e4che in M\u00fcnchen an.\",\"breadcrumb\":{\"@id\":\"https:\\\/\\\/www.apfelpatient.de\\\/news\\\/apple-expandiert-in-muenchen-30-000-quadratmeter-angemietet#breadcrumb\"},\"inLanguage\":\"en-US\",\"potentialAction\":[{\"@type\":\"ReadAction\",\"target\":[\"https:\\\/\\\/www.apfelpatient.de\\\/news\\\/apple-expandiert-in-muenchen-30-000-quadratmeter-angemietet\"]}]},{\"@type\":\"ImageObject\",\"inLanguage\":\"en-US\",\"@id\":\"https:\\\/\\\/www.apfelpatient.de\\\/news\\\/apple-expandiert-in-muenchen-30-000-quadratmeter-angemietet#primaryimage\",\"url\":\"https:\\\/\\\/www.apfelpatient.de\\\/wp-content\\\/uploads\\\/2020\\\/01\\\/bigstock-Oktoberfest-background-with-be-315422311.jpg\",\"contentUrl\":\"https:\\\/\\\/www.apfelpatient.de\\\/wp-content\\\/uploads\\\/2020\\\/01\\\/bigstock-Oktoberfest-background-with-be-315422311.jpg\",\"width\":1600,\"height\":968,\"caption\":\"Oktoberfest background with beer stein, beer tap, pretzel, wheat and hops on a barrel\"},{\"@type\":\"BreadcrumbList\",\"@id\":\"https:\\\/\\\/www.apfelpatient.de\\\/news\\\/apple-expandiert-in-muenchen-30-000-quadratmeter-angemietet#breadcrumb\",\"itemListElement\":[{\"@type\":\"ListItem\",\"position\":1,\"name\":\"Startseite\",\"item\":\"https:\\\/\\\/www.apfelpatient.de\\\/\"},{\"@type\":\"ListItem\",\"position\":2,\"name\":\"Apple expandiert in M\u00fcnchen &#8211; 30.000 Quadratmeter angemietet\"}]},{\"@type\":\"WebSite\",\"@id\":\"https:\\\/\\\/www.apfelpatient.de\\\/#website\",\"url\":\"https:\\\/\\\/www.apfelpatient.de\\\/\",\"name\":\"Apfelpatient\",\"description\":\"Alles rund um Apple!\",\"publisher\":{\"@type\":\"Organization\",\"@id\":\"https:\\\/\\\/www.apfelpatient.de\\\/en\\\/#organization\",\"name\":\"Apfelpatient\",\"url\":\"https:\\\/\\\/www.apfelpatient.de\\\/en\\\/\"},\"alternateName\":\"Apfelpatient\",\"potentialAction\":[{\"@type\":\"SearchAction\",\"target\":{\"@type\":\"EntryPoint\",\"urlTemplate\":\"https:\\\/\\\/www.apfelpatient.de\\\/?s={search_term_string}\"},\"query-input\":{\"@type\":\"PropertyValueSpecification\",\"valueRequired\":true,\"valueName\":\"search_term_string\"}}],\"inLanguage\":\"en-US\"},{\"@type\":[\"Person\",\"Organization\"],\"@id\":\"https:\\\/\\\/www.apfelpatient.de\\\/#\\\/schema\\\/person\\\/7dc56ad6c8e9824b76d2c08d4c140e13\",\"name\":\"Milan\",\"logo\":{\"@id\":\"https:\\\/\\\/www.apfelpatient.de\\\/#\\\/schema\\\/person\\\/image\\\/\"},\"description\":\"Hallo und herzlich willkommen auf meinem Technik-Blog! Als gro\u00dfer Apple-Fan berichte ich hier \u00fcber alles, was mit Apple zu tun hat: von den neuesten News und spannenden Ger\u00fcchten \u00fcber hilfreiche Tipps und Tricks bis hin zu ausf\u00fchrlichen Produkttests. Wenn du genauso technikbegeistert bist wie ich, bist du hier genau richtig!\",\"sameAs\":[\"https:\\\/\\\/www.facebook.com\\\/apfelpatientOfficial\",\"https:\\\/\\\/www.linkedin.com\\\/in\\\/milan-jovicic-42aa0231b\"],\"url\":\"https:\\\/\\\/www.apfelpatient.de\\\/en\\\/author\\\/apfeladmin\"}]}<\/script>\n<!-- \/ Yoast SEO Premium plugin. -->","yoast_head_json":{"title":"Apple expands in Munich - 30,000 square meters rented - Apfelpatient","description":"Apple is expanding its presence in Germany - Cupertino is renting another 30,000 square meters of office space in Munich.","robots":{"index":"index","follow":"follow","max-snippet":"max-snippet:-1","max-image-preview":"max-image-preview:large","max-video-preview":"max-video-preview:-1"},"canonical":"https:\/\/www.apfelpatient.de\/en\/news\/apple-expands-in-munich-30000-square-meters-rented","og_locale":"en_US","og_type":"article","og_title":"Apple expandiert in M\u00fcnchen - 30.000 Quadratmeter angemietet","og_description":"Apple weitet die eigene Pr\u00e4senz in Deutschland weiter aus - genau genommen in M\u00fcnchen. Nun soll Cupertino weitere 30.000 Quadratmeter B\u00fcrofl\u00e4che angemietet haben.","og_url":"https:\/\/www.apfelpatient.de\/en\/news\/apple-expands-in-munich-30000-square-meters-rented","og_site_name":"Apfelpatient","article_publisher":"https:\/\/www.facebook.com\/apfelpatientOfficial","article_author":"https:\/\/www.facebook.com\/apfelpatientOfficial","article_published_time":"2020-01-17T23:19:01+00:00","article_modified_time":"2025-02-06T07:09:29+00:00","og_image":[{"width":1600,"height":968,"url":"https:\/\/www.apfelpatient.de\/wp-content\/uploads\/2020\/01\/bigstock-Oktoberfest-background-with-be-315422311.jpg","type":"image\/jpeg"}],"author":"Milan","twitter_card":"summary_large_image","twitter_title":"Apple expandiert in M\u00fcnchen - 30.000 Quadratmeter angemietet","twitter_description":"Apple weitet die eigene Pr\u00e4senz in Deutschland weiter aus - genau genommen in M\u00fcnchen. Nun soll Cupertino weitere 30.000 Quadratmeter B\u00fcrofl\u00e4che angemietet haben.","twitter_image":"https:\/\/www.apfelpatient.de\/wp-content\/uploads\/2020\/01\/bigstock-Oktoberfest-background-with-be-315422311.jpg","twitter_misc":{"Written by":"Milan","Est. reading time":"1 minute"},"schema":{"@context":"https:\/\/schema.org","@graph":[{"@type":"NewsArticle","@id":"https:\/\/www.apfelpatient.de\/news\/apple-expandiert-in-muenchen-30-000-quadratmeter-angemietet#article","isPartOf":{"@id":"https:\/\/www.apfelpatient.de\/news\/apple-expandiert-in-muenchen-30-000-quadratmeter-angemietet"},"author":{"@type":"Organization","@id":"https:\/\/www.apfelpatient.de\/en\/#organization","name":"Apfelpatient","url":"https:\/\/www.apfelpatient.de\/en\/"},"headline":"Apple expandiert in M\u00fcnchen &#8211; 30.000 Quadratmeter angemietet","datePublished":"2020-01-17T23:19:01+00:00","dateModified":"2025-02-06T07:09:29+00:00","mainEntityOfPage":{"@id":"https:\/\/www.apfelpatient.de\/news\/apple-expandiert-in-muenchen-30-000-quadratmeter-angemietet"},"wordCount":276,"publisher":{"@type":"Organization","@id":"https:\/\/www.apfelpatient.de\/en\/#organization","name":"Apfelpatient","url":"https:\/\/www.apfelpatient.de\/en\/"},"image":{"@id":"https:\/\/www.apfelpatient.de\/news\/apple-expandiert-in-muenchen-30-000-quadratmeter-angemietet#primaryimage"},"thumbnailUrl":"https:\/\/www.apfelpatient.de\/wp-content\/uploads\/2020\/01\/bigstock-Oktoberfest-background-with-be-315422311.jpg","keywords":["Deutschland","TechPatient"],"articleSection":"News","inLanguage":"en-US","copyrightYear":"2020","copyrightHolder":{"@id":"https:\/\/www.apfelpatient.de\/en\/#organization"}},{"@type":"WebPage","@id":"https:\/\/www.apfelpatient.de\/news\/apple-expandiert-in-muenchen-30-000-quadratmeter-angemietet","url":"https:\/\/www.apfelpatient.de\/news\/apple-expandiert-in-muenchen-30-000-quadratmeter-angemietet","name":"Apple expands in Munich - 30,000 square meters rented - Apfelpatient","isPartOf":{"@id":"https:\/\/www.apfelpatient.de\/#website"},"primaryImageOfPage":{"@id":"https:\/\/www.apfelpatient.de\/news\/apple-expandiert-in-muenchen-30-000-quadratmeter-angemietet#primaryimage"},"image":{"@id":"https:\/\/www.apfelpatient.de\/news\/apple-expandiert-in-muenchen-30-000-quadratmeter-angemietet#primaryimage"},"thumbnailUrl":"https:\/\/www.apfelpatient.de\/wp-content\/uploads\/2020\/01\/bigstock-Oktoberfest-background-with-be-315422311.jpg","datePublished":"2020-01-17T23:19:01+00:00","dateModified":"2025-02-06T07:09:29+00:00","description":"Apple is expanding its presence in Germany - Cupertino is renting another 30,000 square meters of office space in Munich.","breadcrumb":{"@id":"https:\/\/www.apfelpatient.de\/news\/apple-expandiert-in-muenchen-30-000-quadratmeter-angemietet#breadcrumb"},"inLanguage":"en-US","potentialAction":[{"@type":"ReadAction","target":["https:\/\/www.apfelpatient.de\/news\/apple-expandiert-in-muenchen-30-000-quadratmeter-angemietet"]}]},{"@type":"ImageObject","inLanguage":"en-US","@id":"https:\/\/www.apfelpatient.de\/news\/apple-expandiert-in-muenchen-30-000-quadratmeter-angemietet#primaryimage","url":"https:\/\/www.apfelpatient.de\/wp-content\/uploads\/2020\/01\/bigstock-Oktoberfest-background-with-be-315422311.jpg","contentUrl":"https:\/\/www.apfelpatient.de\/wp-content\/uploads\/2020\/01\/bigstock-Oktoberfest-background-with-be-315422311.jpg","width":1600,"height":968,"caption":"Oktoberfest background with beer stein, beer tap, pretzel, wheat and hops on a barrel"},{"@type":"BreadcrumbList","@id":"https:\/\/www.apfelpatient.de\/news\/apple-expandiert-in-muenchen-30-000-quadratmeter-angemietet#breadcrumb","itemListElement":[{"@type":"ListItem","position":1,"name":"Startseite","item":"https:\/\/www.apfelpatient.de\/"},{"@type":"ListItem","position":2,"name":"Apple expandiert in M\u00fcnchen &#8211; 30.000 Quadratmeter angemietet"}]},{"@type":"WebSite","@id":"https:\/\/www.apfelpatient.de\/#website","url":"https:\/\/www.apfelpatient.de\/","name":"apple patient","description":"Everything about Apple!","publisher":{"@type":"Organization","@id":"https:\/\/www.apfelpatient.de\/en\/#organization","name":"Apfelpatient","url":"https:\/\/www.apfelpatient.de\/en\/"},"alternateName":"Apfelpatient","potentialAction":[{"@type":"SearchAction","target":{"@type":"EntryPoint","urlTemplate":"https:\/\/www.apfelpatient.de\/?s={search_term_string}"},"query-input":{"@type":"PropertyValueSpecification","valueRequired":true,"valueName":"search_term_string"}}],"inLanguage":"en-US"},{"@type":["Person","Organization"],"@id":"https:\/\/www.apfelpatient.de\/#\/schema\/person\/7dc56ad6c8e9824b76d2c08d4c140e13","name":"Milan","logo":{"@id":"https:\/\/www.apfelpatient.de\/#\/schema\/person\/image\/"},"description":"Hello and welcome to my technology blog! As a big Apple fan, I report on everything to do with Apple: from the latest news and exciting rumors to helpful tips and tricks and detailed product tests. If you are as enthusiastic about technology as I am, you have come to the right place!","sameAs":["https:\/\/www.facebook.com\/apfelpatientOfficial","https:\/\/www.linkedin.com\/in\/milan-jovicic-42aa0231b"],"url":"https:\/\/www.apfelpatient.de\/en\/author\/apfeladmin"}]}},"_links":{"self":[{"href":"https:\/\/www.apfelpatient.de\/en\/wp-json\/wp\/v2\/posts\/9198","targetHints":{"allow":["GET"]}}],"collection":[{"href":"https:\/\/www.apfelpatient.de\/en\/wp-json\/wp\/v2\/posts"}],"about":[{"href":"https:\/\/www.apfelpatient.de\/en\/wp-json\/wp\/v2\/types\/post"}],"author":[{"embeddable":true,"href":"https:\/\/www.apfelpatient.de\/en\/wp-json\/wp\/v2\/users\/2"}],"replies":[{"embeddable":true,"href":"https:\/\/www.apfelpatient.de\/en\/wp-json\/wp\/v2\/comments?post=9198"}],"version-history":[{"count":0,"href":"https:\/\/www.apfelpatient.de\/en\/wp-json\/wp\/v2\/posts\/9198\/revisions"}],"wp:featuredmedia":[{"embeddable":true,"href":"https:\/\/www.apfelpatient.de\/en\/wp-json\/wp\/v2\/media\/9197"}],"wp:attachment":[{"href":"https:\/\/www.apfelpatient.de\/en\/wp-json\/wp\/v2\/media?parent=9198"}],"wp:term":[{"taxonomy":"category","embeddable":true,"href":"https:\/\/www.apfelpatient.de\/en\/wp-json\/wp\/v2\/categories?post=9198"},{"taxonomy":"post_tag","embeddable":true,"href":"https:\/\/www.apfelpatient.de\/en\/wp-json\/wp\/v2\/tags?post=9198"}],"curies":[{"name":"wp","href":"https:\/\/api.w.org\/{rel}","templated":true}]}}