{"id":9035,"date":"2020-01-14T00:50:37","date_gmt":"2020-01-13T23:50:37","guid":{"rendered":"https:\/\/www.apfelpatient.de\/?p=9035"},"modified":"2021-09-29T14:37:05","modified_gmt":"2021-09-29T12:37:05","slug":"macos-10-15-3-macbooks-could-get-pro-mode","status":"publish","type":"post","link":"https:\/\/www.apfelpatient.de\/en\/news\/macos-10-15-3-macbooks-koennten-pro-modus-erhalten","title":{"rendered":"macOS 10.15.3: MacBooks could get \u201cPro Mode\u201d"},"content":{"rendered":"<p class=\"has-drop-cap\"><strong>Apple released the third beta of macOS Catalina 10.15.3 on December 17, 2019. Now, references to a \u201cPro Mode\u201d for MacBooks have been discovered.<\/strong><\/p>\n\n\n\n<p>The US blog 9to5mac has a feature in the current macOS beta \u2013 macOS Catalina 10.15.3 \u2013 <a href=\"https:\/\/9to5mac.com\/2020\/01\/13\/macos-beta-hints-at-future-pro-mode-to-boost-performance-on-portable-macs\/\" target=\"_blank\" rel=\"noreferrer noopener\">discovered<\/a>, which suggests a kind of &quot;Pro Mode&quot; for MacBooks. According to this, Apple could give MacBook users the opportunity to increase the performance of the notebook - of course at the expense of battery life. According to the code, the limitation of the fan speed could be removed. This would lead to an increase in performance, which would of course reduce battery life. While the system could work faster, the fan noise would of course also be louder. But for power users, the function could actually be of use. Currently, macOS has various limitations, including the fan speed.<\/p>\n\n\n\n<h3 class=\"wp-block-heading\" id=\"h-pro-modus-in-macos-10-15-3-ist-manuell-aktivierbar\">\u201cPro Mode\u201d in macOS 10.15.3 can be activated manually<\/h3>\n\n\n\n\n\n\n\n<p>The advantage is a longer battery life and a quiet fan. However, this comes at the expense of performance. A &quot;Pro Mode&quot; could temporarily squeeze out even more power, which wouldn&#039;t be such a bad thing in some scenarios. This could significantly speed up certain workflows - for example rendering. According to the code, the &quot;Pro Mode&quot; can be activated manually at any time - but it switches off automatically at night. It is not yet known when Apple plans to release the final version of macOS Catalina 10.15.3. However, the update should be released by WWDC 2020 at the latest. (Photo by dvoevnore \/ Bigstockphoto)<\/p>\n\n\n\n<h6 class=\"wp-block-heading translation-block\" id=\"h-kennt-ihr-schon-unsere-amazon-storefront-dort-findet-ihr-eine-handverlesene-auswahl-von-diversen-produkten-f-r-euer-iphone-und-co-viel-spa-beim-st-bern\"><em>Have you already visited our Amazon Storefront? There you&#039;ll find a hand-picked selection of various products for your iPhone and other devices \u2013 <span class=\"has-inline-color has-vivid-red-color\"><a href=\"https:\/\/www.amazon.de\/shop\/apfelpatientofficial\" class=\"ek-link\" data-wpel-link=\"exclude\" rel=\"follow noopener\" target=\"_self\"><span style=\"text-decoration: underline\" class=\"ek-underline\">enjoy browsing<\/span><\/a> !<\/span><\/em><\/h6>\n\n\n\n<h6 class=\"wp-block-heading translation-block\" id=\"h-der-beitrag-enthalt-partnerlinks\">This post contains <a data-type=\"URL\" data-id=\"https:\/\/www.apfelpatient.de\/partnerprogramm\" href=\"https:\/\/www.apfelpatient.de\/en\/partner-program\" data-wpel-link=\"internal\" target=\"_self\">affiliate links<\/a>.<\/h6>","protected":false},"excerpt":{"rendered":"<p>Apple released the third beta of macOS Catalina 10.15.3 on December 17, 2019.<\/p>","protected":false},"author":2,"featured_media":9034,"comment_status":"closed","ping_status":"closed","sticky":false,"template":"","format":"standard","meta":{"jnews-multi-image_gallery":[],"jnews_single_post":{"subtitle":"Mehr Leistung f\u00fcr jeden","format":"standard","video":"","gallery":"","source_name":"","source_url":"","via_name":"9to5mac","via_url":"https:\/\/9to5mac.com\/2020\/01\/13\/macos-beta-hints-at-future-pro-mode-to-boost-performance-on-portable-macs\/","override":[{"single_blog_custom":"","sidebar":"","second_sidebar":"","share_position":"","share_float_style":"","post_date_format":"","post_date_format_custom":"","post_reading_time_wpm":"","zoom_button_out_step":"1","zoom_button_in_step":"1","number_popup_post":"1"}],"image_override":[{"single_post_thumbnail_size":"","single_post_gallery_size":""}],"trending_post_position":"","trending_post_label":"","sponsored_post_label":"","sponsored_post_name":"","sponsored_post_url":"","sponsored_post_logo":"","sponsored_post_desc":""},"jnews_primary_category":{"id":""},"footnotes":""},"categories":[9],"tags":[40,4,365],"class_list":["post-9035","post","type-post","status-publish","format-standard","has-post-thumbnail","hentry","category-news","tag-mac","tag-macos","tag-macos-catalina-10-15-3"],"yoast_head":"<!-- This site is optimized with the Yoast SEO Premium plugin v27.5 (Yoast SEO v27.5) - https:\/\/yoast.com\/product\/yoast-seo-premium-wordpress\/ -->\n<title>macOS 10.15.3: MacBooks k\u00f6nnten &quot;Pro Modus&quot; erhalten - Apfelpatient<\/title>\n<meta name=\"description\" content=\"Der US-Blog 9to5mac hat ein Feature in der aktuellen macOS Beta - macOS Catalina 10.15.3 - entdeckt, das auf eine Art &quot;Pro Modus&quot; f\u00fcr MacBooks hindeutet.\" \/>\n<meta name=\"robots\" content=\"index, follow, max-snippet:-1, max-image-preview:large, max-video-preview:-1\" \/>\n<link rel=\"canonical\" href=\"https:\/\/www.apfelpatient.de\/en\/news\/macos-10-15-3-macbooks-could-get-pro-mode\" \/>\n<meta property=\"og:locale\" content=\"en_US\" \/>\n<meta property=\"og:type\" content=\"article\" \/>\n<meta property=\"og:title\" content=\"macOS 10.15.3: MacBooks k\u00f6nnten &quot;Pro Modus&quot; erhalten\" \/>\n<meta property=\"og:description\" content=\"Apple hat die dritte Beta von macOS Catalina 10.15.3 am 17. Dezember 2019 ver\u00f6ffentlicht.\" \/>\n<meta property=\"og:url\" content=\"https:\/\/www.apfelpatient.de\/en\/news\/macos-10-15-3-macbooks-could-get-pro-mode\" \/>\n<meta property=\"og:site_name\" content=\"Apfelpatient\" \/>\n<meta property=\"article:publisher\" content=\"https:\/\/www.facebook.com\/apfelpatientOfficial\" \/>\n<meta property=\"article:author\" content=\"https:\/\/www.facebook.com\/apfelpatientOfficial\" \/>\n<meta property=\"article:published_time\" content=\"2020-01-13T23:50:37+00:00\" \/>\n<meta property=\"article:modified_time\" content=\"2021-09-29T12:37:05+00:00\" \/>\n<meta property=\"og:image\" content=\"https:\/\/www.apfelpatient.de\/wp-content\/uploads\/2020\/01\/bigstock-Berlin-Germany-December-284171674.jpg\" \/>\n\t<meta property=\"og:image:width\" content=\"1600\" \/>\n\t<meta property=\"og:image:height\" content=\"1067\" \/>\n\t<meta property=\"og:image:type\" content=\"image\/jpeg\" \/>\n<meta name=\"author\" content=\"Milan\" \/>\n<meta name=\"twitter:card\" content=\"summary_large_image\" \/>\n<meta name=\"twitter:title\" content=\"macOS 10.15.3: MacBooks k\u00f6nnten &quot;Pro Modus&quot; erhalten\" \/>\n<meta name=\"twitter:description\" content=\"Apple hat die dritte Beta von macOS Catalina 10.15.3 am 17. Dezember 2019 ver\u00f6ffentlicht.\" \/>\n<meta name=\"twitter:image\" content=\"https:\/\/www.apfelpatient.de\/wp-content\/uploads\/2020\/01\/bigstock-Berlin-Germany-December-284171674.jpg\" \/>\n<meta name=\"twitter:label1\" content=\"Written by\" \/>\n\t<meta name=\"twitter:data1\" content=\"Milan\" \/>\n\t<meta name=\"twitter:label2\" content=\"Est. reading time\" \/>\n\t<meta name=\"twitter:data2\" content=\"1 minute\" \/>\n<script type=\"application\/ld+json\" class=\"yoast-schema-graph\">{\"@context\":\"https:\\\/\\\/schema.org\",\"@graph\":[{\"@type\":\"NewsArticle\",\"@id\":\"https:\\\/\\\/www.apfelpatient.de\\\/news\\\/macos-10-15-3-macbooks-koennten-pro-modus-erhalten#article\",\"isPartOf\":{\"@id\":\"https:\\\/\\\/www.apfelpatient.de\\\/news\\\/macos-10-15-3-macbooks-koennten-pro-modus-erhalten\"},\"author\":{\"@type\":\"Organization\",\"@id\":\"https:\\\/\\\/www.apfelpatient.de\\\/en\\\/#organization\",\"name\":\"Apfelpatient\",\"url\":\"https:\\\/\\\/www.apfelpatient.de\\\/en\\\/\"},\"headline\":\"macOS 10.15.3: MacBooks k\u00f6nnten &#8222;Pro Modus&#8220; erhalten\",\"datePublished\":\"2020-01-13T23:50:37+00:00\",\"dateModified\":\"2021-09-29T12:37:05+00:00\",\"mainEntityOfPage\":{\"@id\":\"https:\\\/\\\/www.apfelpatient.de\\\/news\\\/macos-10-15-3-macbooks-koennten-pro-modus-erhalten\"},\"wordCount\":268,\"publisher\":{\"@type\":\"Organization\",\"@id\":\"https:\\\/\\\/www.apfelpatient.de\\\/en\\\/#organization\",\"name\":\"Apfelpatient\",\"url\":\"https:\\\/\\\/www.apfelpatient.de\\\/en\\\/\"},\"image\":{\"@id\":\"https:\\\/\\\/www.apfelpatient.de\\\/news\\\/macos-10-15-3-macbooks-koennten-pro-modus-erhalten#primaryimage\"},\"thumbnailUrl\":\"https:\\\/\\\/www.apfelpatient.de\\\/wp-content\\\/uploads\\\/2020\\\/01\\\/bigstock-Berlin-Germany-December-284171674.jpg\",\"keywords\":[\"Mac\",\"macOS\",\"macOS Catalina 10.15.3\"],\"articleSection\":\"News\",\"inLanguage\":\"en-US\",\"copyrightYear\":\"2020\",\"copyrightHolder\":{\"@id\":\"https:\\\/\\\/www.apfelpatient.de\\\/en\\\/#organization\"}},{\"@type\":\"WebPage\",\"@id\":\"https:\\\/\\\/www.apfelpatient.de\\\/news\\\/macos-10-15-3-macbooks-koennten-pro-modus-erhalten\",\"url\":\"https:\\\/\\\/www.apfelpatient.de\\\/news\\\/macos-10-15-3-macbooks-koennten-pro-modus-erhalten\",\"name\":\"macOS 10.15.3: MacBooks k\u00f6nnten \\\"Pro Modus\\\" erhalten - Apfelpatient\",\"isPartOf\":{\"@id\":\"https:\\\/\\\/www.apfelpatient.de\\\/#website\"},\"primaryImageOfPage\":{\"@id\":\"https:\\\/\\\/www.apfelpatient.de\\\/news\\\/macos-10-15-3-macbooks-koennten-pro-modus-erhalten#primaryimage\"},\"image\":{\"@id\":\"https:\\\/\\\/www.apfelpatient.de\\\/news\\\/macos-10-15-3-macbooks-koennten-pro-modus-erhalten#primaryimage\"},\"thumbnailUrl\":\"https:\\\/\\\/www.apfelpatient.de\\\/wp-content\\\/uploads\\\/2020\\\/01\\\/bigstock-Berlin-Germany-December-284171674.jpg\",\"datePublished\":\"2020-01-13T23:50:37+00:00\",\"dateModified\":\"2021-09-29T12:37:05+00:00\",\"description\":\"Der US-Blog 9to5mac hat ein Feature in der aktuellen macOS Beta - macOS Catalina 10.15.3 - entdeckt, das auf eine Art \\\"Pro Modus\\\" f\u00fcr MacBooks hindeutet.\",\"breadcrumb\":{\"@id\":\"https:\\\/\\\/www.apfelpatient.de\\\/news\\\/macos-10-15-3-macbooks-koennten-pro-modus-erhalten#breadcrumb\"},\"inLanguage\":\"en-US\",\"potentialAction\":[{\"@type\":\"ReadAction\",\"target\":[\"https:\\\/\\\/www.apfelpatient.de\\\/news\\\/macos-10-15-3-macbooks-koennten-pro-modus-erhalten\"]}]},{\"@type\":\"ImageObject\",\"inLanguage\":\"en-US\",\"@id\":\"https:\\\/\\\/www.apfelpatient.de\\\/news\\\/macos-10-15-3-macbooks-koennten-pro-modus-erhalten#primaryimage\",\"url\":\"https:\\\/\\\/www.apfelpatient.de\\\/wp-content\\\/uploads\\\/2020\\\/01\\\/bigstock-Berlin-Germany-December-284171674.jpg\",\"contentUrl\":\"https:\\\/\\\/www.apfelpatient.de\\\/wp-content\\\/uploads\\\/2020\\\/01\\\/bigstock-Berlin-Germany-December-284171674.jpg\",\"width\":1600,\"height\":1067,\"caption\":\"BERLIN, GERMANY - DECEMBER 09, 2018: The box of the latest Apple Macbook Pro laptop computer against white wooden background. Unboxing top view concept with copy space\"},{\"@type\":\"BreadcrumbList\",\"@id\":\"https:\\\/\\\/www.apfelpatient.de\\\/news\\\/macos-10-15-3-macbooks-koennten-pro-modus-erhalten#breadcrumb\",\"itemListElement\":[{\"@type\":\"ListItem\",\"position\":1,\"name\":\"Startseite\",\"item\":\"https:\\\/\\\/www.apfelpatient.de\\\/\"},{\"@type\":\"ListItem\",\"position\":2,\"name\":\"macOS 10.15.3: MacBooks k\u00f6nnten &#8222;Pro Modus&#8220; erhalten\"}]},{\"@type\":\"WebSite\",\"@id\":\"https:\\\/\\\/www.apfelpatient.de\\\/#website\",\"url\":\"https:\\\/\\\/www.apfelpatient.de\\\/\",\"name\":\"Apfelpatient\",\"description\":\"Alles rund um Apple!\",\"publisher\":{\"@type\":\"Organization\",\"@id\":\"https:\\\/\\\/www.apfelpatient.de\\\/en\\\/#organization\",\"name\":\"Apfelpatient\",\"url\":\"https:\\\/\\\/www.apfelpatient.de\\\/en\\\/\"},\"alternateName\":\"Apfelpatient\",\"potentialAction\":[{\"@type\":\"SearchAction\",\"target\":{\"@type\":\"EntryPoint\",\"urlTemplate\":\"https:\\\/\\\/www.apfelpatient.de\\\/?s={search_term_string}\"},\"query-input\":{\"@type\":\"PropertyValueSpecification\",\"valueRequired\":true,\"valueName\":\"search_term_string\"}}],\"inLanguage\":\"en-US\"},{\"@type\":[\"Person\",\"Organization\"],\"@id\":\"https:\\\/\\\/www.apfelpatient.de\\\/#\\\/schema\\\/person\\\/35b3ddba5832f2bfc7fff5206d4f6b7b\",\"name\":\"Milan\",\"logo\":{\"@id\":\"https:\\\/\\\/www.apfelpatient.de\\\/#\\\/schema\\\/person\\\/image\\\/\"},\"description\":\"Hallo und herzlich willkommen auf meinem Technik-Blog! Als gro\u00dfer Apple-Fan berichte ich hier \u00fcber alles, was mit Apple zu tun hat: von den neuesten News und spannenden Ger\u00fcchten \u00fcber hilfreiche Tipps und Tricks bis hin zu ausf\u00fchrlichen Produkttests. Wenn du genauso technikbegeistert bist wie ich, bist du hier genau richtig!\",\"sameAs\":[\"https:\\\/\\\/www.facebook.com\\\/apfelpatientOfficial\",\"https:\\\/\\\/www.linkedin.com\\\/in\\\/milan-jovicic-42aa0231b\"],\"url\":\"https:\\\/\\\/www.apfelpatient.de\\\/en\\\/author\\\/apfeladmin\"}]}<\/script>\n<!-- \/ Yoast SEO Premium plugin. -->","yoast_head_json":{"title":"macOS 10.15.3: MacBooks could get &quot;Pro Mode&quot; - Apfelpatient","description":"The US blog 9to5mac has discovered a feature in the current macOS beta - macOS Catalina 10.15.3 - that suggests a kind of &quot;Pro Mode&quot; for MacBooks.","robots":{"index":"index","follow":"follow","max-snippet":"max-snippet:-1","max-image-preview":"max-image-preview:large","max-video-preview":"max-video-preview:-1"},"canonical":"https:\/\/www.apfelpatient.de\/en\/news\/macos-10-15-3-macbooks-could-get-pro-mode","og_locale":"en_US","og_type":"article","og_title":"macOS 10.15.3: MacBooks k\u00f6nnten \"Pro Modus\" erhalten","og_description":"Apple hat die dritte Beta von macOS Catalina 10.15.3 am 17. Dezember 2019 ver\u00f6ffentlicht.","og_url":"https:\/\/www.apfelpatient.de\/en\/news\/macos-10-15-3-macbooks-could-get-pro-mode","og_site_name":"Apfelpatient","article_publisher":"https:\/\/www.facebook.com\/apfelpatientOfficial","article_author":"https:\/\/www.facebook.com\/apfelpatientOfficial","article_published_time":"2020-01-13T23:50:37+00:00","article_modified_time":"2021-09-29T12:37:05+00:00","og_image":[{"width":1600,"height":1067,"url":"https:\/\/www.apfelpatient.de\/wp-content\/uploads\/2020\/01\/bigstock-Berlin-Germany-December-284171674.jpg","type":"image\/jpeg"}],"author":"Milan","twitter_card":"summary_large_image","twitter_title":"macOS 10.15.3: MacBooks k\u00f6nnten \"Pro Modus\" erhalten","twitter_description":"Apple hat die dritte Beta von macOS Catalina 10.15.3 am 17. Dezember 2019 ver\u00f6ffentlicht.","twitter_image":"https:\/\/www.apfelpatient.de\/wp-content\/uploads\/2020\/01\/bigstock-Berlin-Germany-December-284171674.jpg","twitter_misc":{"Written by":"Milan","Est. reading time":"1 minute"},"schema":{"@context":"https:\/\/schema.org","@graph":[{"@type":"NewsArticle","@id":"https:\/\/www.apfelpatient.de\/news\/macos-10-15-3-macbooks-koennten-pro-modus-erhalten#article","isPartOf":{"@id":"https:\/\/www.apfelpatient.de\/news\/macos-10-15-3-macbooks-koennten-pro-modus-erhalten"},"author":{"@type":"Organization","@id":"https:\/\/www.apfelpatient.de\/en\/#organization","name":"Apfelpatient","url":"https:\/\/www.apfelpatient.de\/en\/"},"headline":"macOS 10.15.3: MacBooks k\u00f6nnten &#8222;Pro Modus&#8220; erhalten","datePublished":"2020-01-13T23:50:37+00:00","dateModified":"2021-09-29T12:37:05+00:00","mainEntityOfPage":{"@id":"https:\/\/www.apfelpatient.de\/news\/macos-10-15-3-macbooks-koennten-pro-modus-erhalten"},"wordCount":268,"publisher":{"@type":"Organization","@id":"https:\/\/www.apfelpatient.de\/en\/#organization","name":"Apfelpatient","url":"https:\/\/www.apfelpatient.de\/en\/"},"image":{"@id":"https:\/\/www.apfelpatient.de\/news\/macos-10-15-3-macbooks-koennten-pro-modus-erhalten#primaryimage"},"thumbnailUrl":"https:\/\/www.apfelpatient.de\/wp-content\/uploads\/2020\/01\/bigstock-Berlin-Germany-December-284171674.jpg","keywords":["Mac","macOS","macOS Catalina 10.15.3"],"articleSection":"News","inLanguage":"en-US","copyrightYear":"2020","copyrightHolder":{"@id":"https:\/\/www.apfelpatient.de\/en\/#organization"}},{"@type":"WebPage","@id":"https:\/\/www.apfelpatient.de\/news\/macos-10-15-3-macbooks-koennten-pro-modus-erhalten","url":"https:\/\/www.apfelpatient.de\/news\/macos-10-15-3-macbooks-koennten-pro-modus-erhalten","name":"macOS 10.15.3: MacBooks could get &quot;Pro Mode&quot; - Apfelpatient","isPartOf":{"@id":"https:\/\/www.apfelpatient.de\/#website"},"primaryImageOfPage":{"@id":"https:\/\/www.apfelpatient.de\/news\/macos-10-15-3-macbooks-koennten-pro-modus-erhalten#primaryimage"},"image":{"@id":"https:\/\/www.apfelpatient.de\/news\/macos-10-15-3-macbooks-koennten-pro-modus-erhalten#primaryimage"},"thumbnailUrl":"https:\/\/www.apfelpatient.de\/wp-content\/uploads\/2020\/01\/bigstock-Berlin-Germany-December-284171674.jpg","datePublished":"2020-01-13T23:50:37+00:00","dateModified":"2021-09-29T12:37:05+00:00","description":"The US blog 9to5mac has discovered a feature in the current macOS beta - macOS Catalina 10.15.3 - that suggests a kind of &quot;Pro Mode&quot; for MacBooks.","breadcrumb":{"@id":"https:\/\/www.apfelpatient.de\/news\/macos-10-15-3-macbooks-koennten-pro-modus-erhalten#breadcrumb"},"inLanguage":"en-US","potentialAction":[{"@type":"ReadAction","target":["https:\/\/www.apfelpatient.de\/news\/macos-10-15-3-macbooks-koennten-pro-modus-erhalten"]}]},{"@type":"ImageObject","inLanguage":"en-US","@id":"https:\/\/www.apfelpatient.de\/news\/macos-10-15-3-macbooks-koennten-pro-modus-erhalten#primaryimage","url":"https:\/\/www.apfelpatient.de\/wp-content\/uploads\/2020\/01\/bigstock-Berlin-Germany-December-284171674.jpg","contentUrl":"https:\/\/www.apfelpatient.de\/wp-content\/uploads\/2020\/01\/bigstock-Berlin-Germany-December-284171674.jpg","width":1600,"height":1067,"caption":"BERLIN, GERMANY - DECEMBER 09, 2018: The box of the latest Apple Macbook Pro laptop computer against white wooden background. Unboxing top view concept with copy space"},{"@type":"BreadcrumbList","@id":"https:\/\/www.apfelpatient.de\/news\/macos-10-15-3-macbooks-koennten-pro-modus-erhalten#breadcrumb","itemListElement":[{"@type":"ListItem","position":1,"name":"Startseite","item":"https:\/\/www.apfelpatient.de\/"},{"@type":"ListItem","position":2,"name":"macOS 10.15.3: MacBooks k\u00f6nnten &#8222;Pro Modus&#8220; erhalten"}]},{"@type":"WebSite","@id":"https:\/\/www.apfelpatient.de\/#website","url":"https:\/\/www.apfelpatient.de\/","name":"apple patient","description":"Everything about Apple!","publisher":{"@type":"Organization","@id":"https:\/\/www.apfelpatient.de\/en\/#organization","name":"Apfelpatient","url":"https:\/\/www.apfelpatient.de\/en\/"},"alternateName":"Apfelpatient","potentialAction":[{"@type":"SearchAction","target":{"@type":"EntryPoint","urlTemplate":"https:\/\/www.apfelpatient.de\/?s={search_term_string}"},"query-input":{"@type":"PropertyValueSpecification","valueRequired":true,"valueName":"search_term_string"}}],"inLanguage":"en-US"},{"@type":["Person","Organization"],"@id":"https:\/\/www.apfelpatient.de\/#\/schema\/person\/35b3ddba5832f2bfc7fff5206d4f6b7b","name":"Milan","logo":{"@id":"https:\/\/www.apfelpatient.de\/#\/schema\/person\/image\/"},"description":"Hello and welcome to my technology blog! As a big Apple fan, I report on everything to do with Apple: from the latest news and exciting rumors to helpful tips and tricks and detailed product tests. If you are as enthusiastic about technology as I am, you have come to the right place!","sameAs":["https:\/\/www.facebook.com\/apfelpatientOfficial","https:\/\/www.linkedin.com\/in\/milan-jovicic-42aa0231b"],"url":"https:\/\/www.apfelpatient.de\/en\/author\/apfeladmin"}]}},"_links":{"self":[{"href":"https:\/\/www.apfelpatient.de\/en\/wp-json\/wp\/v2\/posts\/9035","targetHints":{"allow":["GET"]}}],"collection":[{"href":"https:\/\/www.apfelpatient.de\/en\/wp-json\/wp\/v2\/posts"}],"about":[{"href":"https:\/\/www.apfelpatient.de\/en\/wp-json\/wp\/v2\/types\/post"}],"author":[{"embeddable":true,"href":"https:\/\/www.apfelpatient.de\/en\/wp-json\/wp\/v2\/users\/2"}],"replies":[{"embeddable":true,"href":"https:\/\/www.apfelpatient.de\/en\/wp-json\/wp\/v2\/comments?post=9035"}],"version-history":[{"count":0,"href":"https:\/\/www.apfelpatient.de\/en\/wp-json\/wp\/v2\/posts\/9035\/revisions"}],"wp:featuredmedia":[{"embeddable":true,"href":"https:\/\/www.apfelpatient.de\/en\/wp-json\/wp\/v2\/media\/9034"}],"wp:attachment":[{"href":"https:\/\/www.apfelpatient.de\/en\/wp-json\/wp\/v2\/media?parent=9035"}],"wp:term":[{"taxonomy":"category","embeddable":true,"href":"https:\/\/www.apfelpatient.de\/en\/wp-json\/wp\/v2\/categories?post=9035"},{"taxonomy":"post_tag","embeddable":true,"href":"https:\/\/www.apfelpatient.de\/en\/wp-json\/wp\/v2\/tags?post=9035"}],"curies":[{"name":"wp","href":"https:\/\/api.w.org\/{rel}","templated":true}]}}