{"id":9028,"date":"2020-01-13T20:03:04","date_gmt":"2020-01-13T19:03:04","guid":{"rendered":"https:\/\/www.apfelpatient.de\/?p=9028"},"modified":"2020-01-13T20:03:04","modified_gmt":"2020-01-13T19:03:04","slug":"european-union-apples-fight-for-the-lightning-connector","status":"publish","type":"post","link":"https:\/\/www.apfelpatient.de\/en\/news\/europaeische-union-apples-kampf-um-den-lightning-anschluss","title":{"rendered":"European Union: Apple&#039;s fight for the Lightning connector"},"content":{"rendered":"\n<p class=\"has-drop-cap\"><strong>Die Diskussion rund um einen einheitlichen Ladeanschluss im europ\u00e4ischen Parlament ist zur\u00fcck. Das Ziel ist klar &#8211; der Abfall soll reduziert und der Komfort erh\u00f6ht werden und was wird aus Apples Lightning-Port?<\/strong><\/p>\n\n\n\n<p>Einige Mitglieder des Europ\u00e4ischen Parlaments fordern nun endlich die Umsetzung einer in den Funkrichtlinien hinterlegten Notiz aus 2014. So hei\u00dft es in der Mitteilung mit dem Titel &#8222;Aufruf zur Einf\u00fchrung eines gemeinsamen Ladeger\u00e4tes f\u00fcr alle Mobiltelefone&#8220; wie folgt:<\/p>\n\n\n\n<blockquote class=\"wp-block-quote is-layout-flow wp-block-quote-is-layout-flow\"><p>Um den Elektronikschrott zu reduzieren und das Leben der Verbraucher zu erleichtern, wollen die Abgeordneten verbindliche Ma\u00dfnahmen f\u00fcr Ladeger\u00e4te, die f\u00fcr alle Mobiltelefone und andere tragbare Ger\u00e4te passen. In der Funkger\u00e4terichtlinie 2014 forderte der EU-Gesetzgeber die Entwicklung eines gemeinsamen Ladeger\u00e4tes und erteilte der Kommission die Befugnis, dies durch einen delegierten Rechtsakt zu verfolgen. Der Ansatz der Kommission, die Industrie zur Entwicklung gemeinsamer Ladeger\u00e4te zu &#8222;ermutigen&#8220;, blieb hinter den Zielen der Mitgesetzgeber zur\u00fcck. Die freiwilligen Vereinbarungen zwischen den verschiedenen Akteuren der Branche haben nicht zu den gew\u00fcnschten Ergebnissen gef\u00fchrt. Ein gemeinsames Ladeger\u00e4t sollte f\u00fcr alle Mobiltelefone, Tablets, E-Book-Leseger\u00e4te und andere tragbare Ger\u00e4te geeignet sein &#8211; so die Abgeordneten. Die Debatte am Montag wird mit einer Entschlie\u00dfung in einer der n\u00e4chsten Plenarsitzungen abgeschlossen. Sch\u00e4tzungen zufolge fallen bei alten Ladeger\u00e4ten j\u00e4hrlich mehr als 51 000 Tonnen Elektroschrott an.<\/p><cite>Source, EU-Briefing<\/cite><\/blockquote>\n\n\n\n<h3 class=\"wp-block-heading\">&#8222;Mehr als 1 Milliarde Apple Ger\u00e4te mit Lightning-Stecker&#8220;<\/h3>\n\n\n\n\n\n\n\n<p><\/p>\n\n\n\n<p>Demnach sollen nun N\u00e4gel mit K\u00f6pfen gemacht werden, indem &#8222;verbindliche Ma\u00dfnahmen&#8220; greifen sollen. Der Versuch, Technologieunternehmen zur Entwicklung einer standardisierten L\u00f6sung zu &#8222;ermutigen&#8220; hat bekanntlich nicht ganz geklappt. Damals wurden Ladeanschl\u00fcsse wie Micro-USB, USB-C und der Lightning-Stecker vorgeschlagen. Doch Apple setzte sich bereits vor einem Jahr zur Wehr und verteidigte den Lightning-Stecker trotz der eigenen Bem\u00fchungen USB-C pr\u00e4senter werden zu lassen wie folgt:<\/p>\n\n\n\n<blockquote class=\"wp-block-quote is-layout-flow wp-block-quote-is-layout-flow\"><p>Mehr als 1 Milliarde Apple Ger\u00e4te wurden mit einem Lightning Anschluss ausgeliefert, zus\u00e4tzlich zu einem ganzen \u00d6kosystem von Zubeh\u00f6r- und Ger\u00e4teherstellern, die Lightning f\u00fcr unsere gemeinsamen Kunden nutzen. Wir m\u00f6chten sicherstellen, dass neue Gesetze nicht dazu f\u00fchren, dass mit jedem Ger\u00e4t unn\u00f6tige Kabel oder externe Adapter ausgeliefert werden oder die Ger\u00e4te und das Zubeh\u00f6r, die von vielen Millionen Europ\u00e4ern und Hunderten von Millionen Apple Kunden weltweit verwendet werden, veraltet sind. Dies w\u00fcrde zu einer beispiellosen Menge an Elektronikschrott und zu gro\u00dfen Unannehmlichkeiten f\u00fcr die Nutzer f\u00fchren. Wenn man gezwungen w\u00e4re, diesen riesigen Kundenmarkt zu st\u00f6ren, h\u00e4tte dies Folgen, die weit \u00fcber die erkl\u00e4rten Ziele der Kommission hinausgehen.&nbsp;Ab 2009 hat Apple die Bem\u00fchungen der Industrie angef\u00fchrt, gemeinsam eine gemeinsame Ladel\u00f6sung zu f\u00f6rdern. Und mit dem Aufkommen des USB Type-C haben wir uns zusammen mit sechs anderen Unternehmen verpflichtet, dass alle neuen Smartphone-Modelle diesen Standard \u00fcber einen Stecker oder eine Kabelbaugruppe nutzen werden. Wir glauben, dass diese gemeinsame Anstrengung vieler der f\u00fchrenden Unternehmen der Branche besser f\u00fcr die Innovation, besser f\u00fcr die Verbraucher und besser f\u00fcr die Umwelt ist.<\/p><cite>via Feedback from:&nbsp;Apple Inc.<\/cite><\/blockquote>\n\n\n\n<p>Eine Abstimmung wird im Rahmen der n\u00e4chsten Tagungen erwartet &#8211; ob diese am Ende zum gew\u00fcnschten Ziel f\u00fchren wird, bleibt nat\u00fcrlich abzuwarten. <em>(Photo by mixmagic \/ Bigstockphoto)<\/em><\/p>\n\n\n\n<p><\/p>\n\n\n\n<p>[poll id=&#8220;2&#8243;]<\/p>\n\n\n","protected":false},"excerpt":{"rendered":"<p>The discussion about a uniform charging connection in the European Parliament is back. The goal is clear.<\/p>","protected":false},"author":2,"featured_media":9027,"comment_status":"closed","ping_status":"closed","sticky":false,"template":"","format":"standard","meta":{"jnews-multi-image_gallery":[],"jnews_single_post":{"subtitle":" ","format":"standard","video":"","gallery":"","source_name":"EU-Briefing","source_url":"https:\/\/www.europarl.europa.eu\/news\/en\/agenda\/briefing\/2020-01-13\/13\/call-to-introduce-common-charger-for-all-mobile-phones","via_name":"Feedback from: Apple Inc.","via_url":"https:\/\/ec.europa.eu\/info\/law\/better-regulation\/initiatives\/ares-2018-6427186\/feedback\/F18119_en?p_id=342389","override":[{"single_blog_custom":"","sidebar":"","second_sidebar":"","share_position":"","share_float_style":"","post_date_format":"","post_date_format_custom":"","post_reading_time_wpm":"","zoom_button_out_step":"1","zoom_button_in_step":"1","number_popup_post":"1"}],"image_override":[{"single_post_thumbnail_size":"","single_post_gallery_size":""}],"trending_post_position":"","trending_post_label":""},"jnews_primary_category":{"id":"265"},"footnotes":""},"categories":[9],"tags":[96,8],"class_list":["post-9028","post","type-post","status-publish","format-standard","has-post-thumbnail","hentry","category-news","tag-eu-kommission","tag-iphone"],"yoast_head":"<!-- This site is optimized with the Yoast SEO Premium plugin v27.5 (Yoast SEO v27.5) - https:\/\/yoast.com\/product\/yoast-seo-premium-wordpress\/ -->\n<title>Europ\u00e4ische Union: Apples Kampf um den Lightning-Anschluss<\/title>\n<meta name=\"description\" content=\"Die Diskussion rund um einen einheitlichen Ladeanschluss im europ\u00e4ischen Parlament ist zur\u00fcck. Das Ziel ist klar.\" \/>\n<meta name=\"robots\" content=\"index, follow, max-snippet:-1, max-image-preview:large, max-video-preview:-1\" \/>\n<link rel=\"canonical\" href=\"https:\/\/www.apfelpatient.de\/en\/news\/european-union-apples-fight-for-the-lightning-connector\" \/>\n<meta property=\"og:locale\" content=\"en_US\" \/>\n<meta property=\"og:type\" content=\"article\" \/>\n<meta property=\"og:title\" content=\"Europ\u00e4ische Union: Apples Kampf um den Lightning-Anschluss\" \/>\n<meta property=\"og:description\" content=\"Die Diskussion rund um einen einheitlichen Ladeanschluss im europ\u00e4ischen Parlament ist zur\u00fcck. Das Ziel ist klar.\" \/>\n<meta property=\"og:url\" content=\"https:\/\/www.apfelpatient.de\/en\/news\/european-union-apples-fight-for-the-lightning-connector\" \/>\n<meta property=\"og:site_name\" content=\"Apfelpatient\" \/>\n<meta property=\"article:publisher\" content=\"https:\/\/www.facebook.com\/apfelpatientOfficial\" \/>\n<meta property=\"article:author\" content=\"https:\/\/www.facebook.com\/apfelpatientOfficial\" \/>\n<meta property=\"article:published_time\" content=\"2020-01-13T19:03:04+00:00\" \/>\n<meta property=\"og:image\" content=\"https:\/\/www.apfelpatient.de\/wp-content\/uploads\/2020\/01\/bigstock-Judge-Hammer-Or-Gavel-Hitting-244383658.jpg\" \/>\n\t<meta property=\"og:image:width\" content=\"1600\" \/>\n\t<meta property=\"og:image:height\" content=\"900\" \/>\n\t<meta property=\"og:image:type\" content=\"image\/jpeg\" \/>\n<meta name=\"author\" content=\"Milan\" \/>\n<meta name=\"twitter:card\" content=\"summary_large_image\" \/>\n<meta name=\"twitter:title\" content=\"Europ\u00e4ische Union: Apples Kampf um den Lightning-Anschluss\" \/>\n<meta name=\"twitter:label1\" content=\"Written by\" \/>\n\t<meta name=\"twitter:data1\" content=\"Milan\" \/>\n\t<meta name=\"twitter:label2\" content=\"Est. reading time\" \/>\n\t<meta name=\"twitter:data2\" content=\"3 minutes\" \/>\n<script type=\"application\/ld+json\" class=\"yoast-schema-graph\">{\"@context\":\"https:\\\/\\\/schema.org\",\"@graph\":[{\"@type\":\"NewsArticle\",\"@id\":\"https:\\\/\\\/www.apfelpatient.de\\\/news\\\/europaeische-union-apples-kampf-um-den-lightning-anschluss#article\",\"isPartOf\":{\"@id\":\"https:\\\/\\\/www.apfelpatient.de\\\/news\\\/europaeische-union-apples-kampf-um-den-lightning-anschluss\"},\"author\":{\"@type\":\"Organization\",\"@id\":\"https:\\\/\\\/www.apfelpatient.de\\\/en\\\/#organization\",\"name\":\"Apfelpatient\",\"url\":\"https:\\\/\\\/www.apfelpatient.de\\\/en\\\/\"},\"headline\":\"Europ\u00e4ische Union: Apples Kampf um den Lightning-Anschluss\",\"datePublished\":\"2020-01-13T19:03:04+00:00\",\"mainEntityOfPage\":{\"@id\":\"https:\\\/\\\/www.apfelpatient.de\\\/news\\\/europaeische-union-apples-kampf-um-den-lightning-anschluss\"},\"wordCount\":562,\"publisher\":{\"@type\":\"Organization\",\"@id\":\"https:\\\/\\\/www.apfelpatient.de\\\/en\\\/#organization\",\"name\":\"Apfelpatient\",\"url\":\"https:\\\/\\\/www.apfelpatient.de\\\/en\\\/\"},\"image\":{\"@id\":\"https:\\\/\\\/www.apfelpatient.de\\\/news\\\/europaeische-union-apples-kampf-um-den-lightning-anschluss#primaryimage\"},\"thumbnailUrl\":\"https:\\\/\\\/www.apfelpatient.de\\\/wp-content\\\/uploads\\\/2020\\\/01\\\/bigstock-Judge-Hammer-Or-Gavel-Hitting-244383658.jpg\",\"keywords\":[\"EU-Kommission\",\"iPhone\"],\"articleSection\":\"News\",\"inLanguage\":\"en-US\",\"copyrightYear\":\"2020\",\"copyrightHolder\":{\"@id\":\"https:\\\/\\\/www.apfelpatient.de\\\/en\\\/#organization\"}},{\"@type\":\"WebPage\",\"@id\":\"https:\\\/\\\/www.apfelpatient.de\\\/news\\\/europaeische-union-apples-kampf-um-den-lightning-anschluss\",\"url\":\"https:\\\/\\\/www.apfelpatient.de\\\/news\\\/europaeische-union-apples-kampf-um-den-lightning-anschluss\",\"name\":\"Europ\u00e4ische Union: Apples Kampf um den Lightning-Anschluss\",\"isPartOf\":{\"@id\":\"https:\\\/\\\/www.apfelpatient.de\\\/#website\"},\"primaryImageOfPage\":{\"@id\":\"https:\\\/\\\/www.apfelpatient.de\\\/news\\\/europaeische-union-apples-kampf-um-den-lightning-anschluss#primaryimage\"},\"image\":{\"@id\":\"https:\\\/\\\/www.apfelpatient.de\\\/news\\\/europaeische-union-apples-kampf-um-den-lightning-anschluss#primaryimage\"},\"thumbnailUrl\":\"https:\\\/\\\/www.apfelpatient.de\\\/wp-content\\\/uploads\\\/2020\\\/01\\\/bigstock-Judge-Hammer-Or-Gavel-Hitting-244383658.jpg\",\"datePublished\":\"2020-01-13T19:03:04+00:00\",\"description\":\"Die Diskussion rund um einen einheitlichen Ladeanschluss im europ\u00e4ischen Parlament ist zur\u00fcck. Das Ziel ist klar.\",\"breadcrumb\":{\"@id\":\"https:\\\/\\\/www.apfelpatient.de\\\/news\\\/europaeische-union-apples-kampf-um-den-lightning-anschluss#breadcrumb\"},\"inLanguage\":\"en-US\",\"potentialAction\":[{\"@type\":\"ReadAction\",\"target\":[\"https:\\\/\\\/www.apfelpatient.de\\\/news\\\/europaeische-union-apples-kampf-um-den-lightning-anschluss\"]}]},{\"@type\":\"ImageObject\",\"inLanguage\":\"en-US\",\"@id\":\"https:\\\/\\\/www.apfelpatient.de\\\/news\\\/europaeische-union-apples-kampf-um-den-lightning-anschluss#primaryimage\",\"url\":\"https:\\\/\\\/www.apfelpatient.de\\\/wp-content\\\/uploads\\\/2020\\\/01\\\/bigstock-Judge-Hammer-Or-Gavel-Hitting-244383658.jpg\",\"contentUrl\":\"https:\\\/\\\/www.apfelpatient.de\\\/wp-content\\\/uploads\\\/2020\\\/01\\\/bigstock-Judge-Hammer-Or-Gavel-Hitting-244383658.jpg\",\"width\":1600,\"height\":900,\"caption\":\"Judge hammer or gavel hitting EU data bits and bytes. Concept of GDPR law, breach and monetary penalty. 3D illustration\"},{\"@type\":\"BreadcrumbList\",\"@id\":\"https:\\\/\\\/www.apfelpatient.de\\\/news\\\/europaeische-union-apples-kampf-um-den-lightning-anschluss#breadcrumb\",\"itemListElement\":[{\"@type\":\"ListItem\",\"position\":1,\"name\":\"Startseite\",\"item\":\"https:\\\/\\\/www.apfelpatient.de\\\/\"},{\"@type\":\"ListItem\",\"position\":2,\"name\":\"Europ\u00e4ische Union: Apples Kampf um den Lightning-Anschluss\"}]},{\"@type\":\"WebSite\",\"@id\":\"https:\\\/\\\/www.apfelpatient.de\\\/#website\",\"url\":\"https:\\\/\\\/www.apfelpatient.de\\\/\",\"name\":\"Apfelpatient\",\"description\":\"Alles rund um Apple!\",\"publisher\":{\"@type\":\"Organization\",\"@id\":\"https:\\\/\\\/www.apfelpatient.de\\\/en\\\/#organization\",\"name\":\"Apfelpatient\",\"url\":\"https:\\\/\\\/www.apfelpatient.de\\\/en\\\/\"},\"alternateName\":\"Apfelpatient\",\"potentialAction\":[{\"@type\":\"SearchAction\",\"target\":{\"@type\":\"EntryPoint\",\"urlTemplate\":\"https:\\\/\\\/www.apfelpatient.de\\\/?s={search_term_string}\"},\"query-input\":{\"@type\":\"PropertyValueSpecification\",\"valueRequired\":true,\"valueName\":\"search_term_string\"}}],\"inLanguage\":\"en-US\"},{\"@type\":[\"Person\",\"Organization\"],\"@id\":\"https:\\\/\\\/www.apfelpatient.de\\\/#\\\/schema\\\/person\\\/7dc56ad6c8e9824b76d2c08d4c140e13\",\"name\":\"Milan\",\"logo\":{\"@id\":\"https:\\\/\\\/www.apfelpatient.de\\\/#\\\/schema\\\/person\\\/image\\\/\"},\"description\":\"Hallo und herzlich willkommen auf meinem Technik-Blog! Als gro\u00dfer Apple-Fan berichte ich hier \u00fcber alles, was mit Apple zu tun hat: von den neuesten News und spannenden Ger\u00fcchten \u00fcber hilfreiche Tipps und Tricks bis hin zu ausf\u00fchrlichen Produkttests. Wenn du genauso technikbegeistert bist wie ich, bist du hier genau richtig!\",\"sameAs\":[\"https:\\\/\\\/www.facebook.com\\\/apfelpatientOfficial\",\"https:\\\/\\\/www.linkedin.com\\\/in\\\/milan-jovicic-42aa0231b\"],\"url\":\"https:\\\/\\\/www.apfelpatient.de\\\/en\\\/author\\\/apfeladmin\"}]}<\/script>\n<!-- \/ Yoast SEO Premium plugin. -->","yoast_head_json":{"title":"European Union: Apple&#039;s fight for the Lightning connector","description":"The discussion about a uniform charging connection in the European Parliament is back. The goal is clear.","robots":{"index":"index","follow":"follow","max-snippet":"max-snippet:-1","max-image-preview":"max-image-preview:large","max-video-preview":"max-video-preview:-1"},"canonical":"https:\/\/www.apfelpatient.de\/en\/news\/european-union-apples-fight-for-the-lightning-connector","og_locale":"en_US","og_type":"article","og_title":"Europ\u00e4ische Union: Apples Kampf um den Lightning-Anschluss","og_description":"Die Diskussion rund um einen einheitlichen Ladeanschluss im europ\u00e4ischen Parlament ist zur\u00fcck. Das Ziel ist klar.","og_url":"https:\/\/www.apfelpatient.de\/en\/news\/european-union-apples-fight-for-the-lightning-connector","og_site_name":"Apfelpatient","article_publisher":"https:\/\/www.facebook.com\/apfelpatientOfficial","article_author":"https:\/\/www.facebook.com\/apfelpatientOfficial","article_published_time":"2020-01-13T19:03:04+00:00","og_image":[{"width":1600,"height":900,"url":"https:\/\/www.apfelpatient.de\/wp-content\/uploads\/2020\/01\/bigstock-Judge-Hammer-Or-Gavel-Hitting-244383658.jpg","type":"image\/jpeg"}],"author":"Milan","twitter_card":"summary_large_image","twitter_title":"Europ\u00e4ische Union: Apples Kampf um den Lightning-Anschluss","twitter_misc":{"Written by":"Milan","Est. reading time":"3 minutes"},"schema":{"@context":"https:\/\/schema.org","@graph":[{"@type":"NewsArticle","@id":"https:\/\/www.apfelpatient.de\/news\/europaeische-union-apples-kampf-um-den-lightning-anschluss#article","isPartOf":{"@id":"https:\/\/www.apfelpatient.de\/news\/europaeische-union-apples-kampf-um-den-lightning-anschluss"},"author":{"@type":"Organization","@id":"https:\/\/www.apfelpatient.de\/en\/#organization","name":"Apfelpatient","url":"https:\/\/www.apfelpatient.de\/en\/"},"headline":"Europ\u00e4ische Union: Apples Kampf um den Lightning-Anschluss","datePublished":"2020-01-13T19:03:04+00:00","mainEntityOfPage":{"@id":"https:\/\/www.apfelpatient.de\/news\/europaeische-union-apples-kampf-um-den-lightning-anschluss"},"wordCount":562,"publisher":{"@type":"Organization","@id":"https:\/\/www.apfelpatient.de\/en\/#organization","name":"Apfelpatient","url":"https:\/\/www.apfelpatient.de\/en\/"},"image":{"@id":"https:\/\/www.apfelpatient.de\/news\/europaeische-union-apples-kampf-um-den-lightning-anschluss#primaryimage"},"thumbnailUrl":"https:\/\/www.apfelpatient.de\/wp-content\/uploads\/2020\/01\/bigstock-Judge-Hammer-Or-Gavel-Hitting-244383658.jpg","keywords":["EU-Kommission","iPhone"],"articleSection":"News","inLanguage":"en-US","copyrightYear":"2020","copyrightHolder":{"@id":"https:\/\/www.apfelpatient.de\/en\/#organization"}},{"@type":"WebPage","@id":"https:\/\/www.apfelpatient.de\/news\/europaeische-union-apples-kampf-um-den-lightning-anschluss","url":"https:\/\/www.apfelpatient.de\/news\/europaeische-union-apples-kampf-um-den-lightning-anschluss","name":"European Union: Apple&#039;s fight for the Lightning connector","isPartOf":{"@id":"https:\/\/www.apfelpatient.de\/#website"},"primaryImageOfPage":{"@id":"https:\/\/www.apfelpatient.de\/news\/europaeische-union-apples-kampf-um-den-lightning-anschluss#primaryimage"},"image":{"@id":"https:\/\/www.apfelpatient.de\/news\/europaeische-union-apples-kampf-um-den-lightning-anschluss#primaryimage"},"thumbnailUrl":"https:\/\/www.apfelpatient.de\/wp-content\/uploads\/2020\/01\/bigstock-Judge-Hammer-Or-Gavel-Hitting-244383658.jpg","datePublished":"2020-01-13T19:03:04+00:00","description":"The discussion about a uniform charging connection in the European Parliament is back. The goal is clear.","breadcrumb":{"@id":"https:\/\/www.apfelpatient.de\/news\/europaeische-union-apples-kampf-um-den-lightning-anschluss#breadcrumb"},"inLanguage":"en-US","potentialAction":[{"@type":"ReadAction","target":["https:\/\/www.apfelpatient.de\/news\/europaeische-union-apples-kampf-um-den-lightning-anschluss"]}]},{"@type":"ImageObject","inLanguage":"en-US","@id":"https:\/\/www.apfelpatient.de\/news\/europaeische-union-apples-kampf-um-den-lightning-anschluss#primaryimage","url":"https:\/\/www.apfelpatient.de\/wp-content\/uploads\/2020\/01\/bigstock-Judge-Hammer-Or-Gavel-Hitting-244383658.jpg","contentUrl":"https:\/\/www.apfelpatient.de\/wp-content\/uploads\/2020\/01\/bigstock-Judge-Hammer-Or-Gavel-Hitting-244383658.jpg","width":1600,"height":900,"caption":"Judge hammer or gavel hitting EU data bits and bytes. Concept of GDPR law, breach and monetary penalty. 3D illustration"},{"@type":"BreadcrumbList","@id":"https:\/\/www.apfelpatient.de\/news\/europaeische-union-apples-kampf-um-den-lightning-anschluss#breadcrumb","itemListElement":[{"@type":"ListItem","position":1,"name":"Startseite","item":"https:\/\/www.apfelpatient.de\/"},{"@type":"ListItem","position":2,"name":"Europ\u00e4ische Union: Apples Kampf um den Lightning-Anschluss"}]},{"@type":"WebSite","@id":"https:\/\/www.apfelpatient.de\/#website","url":"https:\/\/www.apfelpatient.de\/","name":"apple patient","description":"Everything about Apple!","publisher":{"@type":"Organization","@id":"https:\/\/www.apfelpatient.de\/en\/#organization","name":"Apfelpatient","url":"https:\/\/www.apfelpatient.de\/en\/"},"alternateName":"Apfelpatient","potentialAction":[{"@type":"SearchAction","target":{"@type":"EntryPoint","urlTemplate":"https:\/\/www.apfelpatient.de\/?s={search_term_string}"},"query-input":{"@type":"PropertyValueSpecification","valueRequired":true,"valueName":"search_term_string"}}],"inLanguage":"en-US"},{"@type":["Person","Organization"],"@id":"https:\/\/www.apfelpatient.de\/#\/schema\/person\/7dc56ad6c8e9824b76d2c08d4c140e13","name":"Milan","logo":{"@id":"https:\/\/www.apfelpatient.de\/#\/schema\/person\/image\/"},"description":"Hello and welcome to my technology blog! As a big Apple fan, I report on everything to do with Apple: from the latest news and exciting rumors to helpful tips and tricks and detailed product tests. If you are as enthusiastic about technology as I am, you have come to the right place!","sameAs":["https:\/\/www.facebook.com\/apfelpatientOfficial","https:\/\/www.linkedin.com\/in\/milan-jovicic-42aa0231b"],"url":"https:\/\/www.apfelpatient.de\/en\/author\/apfeladmin"}]}},"_links":{"self":[{"href":"https:\/\/www.apfelpatient.de\/en\/wp-json\/wp\/v2\/posts\/9028","targetHints":{"allow":["GET"]}}],"collection":[{"href":"https:\/\/www.apfelpatient.de\/en\/wp-json\/wp\/v2\/posts"}],"about":[{"href":"https:\/\/www.apfelpatient.de\/en\/wp-json\/wp\/v2\/types\/post"}],"author":[{"embeddable":true,"href":"https:\/\/www.apfelpatient.de\/en\/wp-json\/wp\/v2\/users\/2"}],"replies":[{"embeddable":true,"href":"https:\/\/www.apfelpatient.de\/en\/wp-json\/wp\/v2\/comments?post=9028"}],"version-history":[{"count":0,"href":"https:\/\/www.apfelpatient.de\/en\/wp-json\/wp\/v2\/posts\/9028\/revisions"}],"wp:featuredmedia":[{"embeddable":true,"href":"https:\/\/www.apfelpatient.de\/en\/wp-json\/wp\/v2\/media\/9027"}],"wp:attachment":[{"href":"https:\/\/www.apfelpatient.de\/en\/wp-json\/wp\/v2\/media?parent=9028"}],"wp:term":[{"taxonomy":"category","embeddable":true,"href":"https:\/\/www.apfelpatient.de\/en\/wp-json\/wp\/v2\/categories?post=9028"},{"taxonomy":"post_tag","embeddable":true,"href":"https:\/\/www.apfelpatient.de\/en\/wp-json\/wp\/v2\/tags?post=9028"}],"curies":[{"name":"wp","href":"https:\/\/api.w.org\/{rel}","templated":true}]}}