{"id":8487,"date":"2019-12-17T17:16:11","date_gmt":"2019-12-17T16:16:11","guid":{"rendered":"https:\/\/www.apfelpatient.de\/?p=8487"},"modified":"2025-02-06T08:00:17","modified_gmt":"2025-02-06T07:00:17","slug":"mac-pro-2019-in-teardown-very-repair-friendly","status":"publish","type":"post","link":"https:\/\/www.apfelpatient.de\/en\/news\/mac-pro-2019-im-teardown-sehr-reparaturfreundlich","title":{"rendered":"Mac Pro 2019 in teardown: Very repair-friendly"},"content":{"rendered":"<p class=\"has-drop-cap\"><strong>As announced, the repair specialists at iFixit have now completely disassembled the Mac Pro 2019 and describe the new Apple product as a \u201cmasterclass in repairability\u201d due to its modular components.<\/strong><\/p>\n\n\n\n<p>On Friday, iFixit showed the unboxing of the new Mac Pro via livestream and took a first look inside. Cheese was also used \u2013 see <a href=\"https:\/\/www.apfelpatient.de\/en\">here<\/a>A complete teardown has now been submitted. Removing the casing is no problem thanks to the simple twist-and-grip technique. Due to the fact that the Mac Pro is modular, iFixit describes the device as a &quot;masterclass in repairability&quot;. However, there is one point of criticism - namely the T2 chip. During the investigation, iFixit quickly determined that the built-in SSD is connected to the T2 security chip. This makes it impossible for the user to replace the hard drive themselves. Going to Apple or an authorized service partner is therefore unavoidable.&nbsp;<\/p>\n\n\n\n<figure class=\"wp-block-image size-large\"><img decoding=\"async\" width=\"800\" height=\"600\" src=\"https:\/\/www.apfelpatient.de\/wp-content\/uploads\/2019\/12\/3tIdWbLiwB2tkf4J.large_.jpeg\" alt=\"Image: iFixit\" class=\"wp-image-8488\"\/><figcaption>Image: iFixit<\/figcaption><\/figure>\n\n\n\n<blockquote class=\"wp-block-quote is-layout-flow wp-block-quote-is-layout-flow\"><p>The new Mac Pro is a Fixmas marvel: beautiful, amazingly well put together, and a masterclass in repairability. We love that a large portion of the modules can be replaced without tools; we love the use of (mostly) standard screws and connectors; we love the on-board instructions and diagrams for certain repairs; and, most of all, the free public repair guides and videos.<\/p><\/blockquote>\n\n\n\n<p>According to iFixit, the new Mac Pro 2019 is the most repair-friendly Apple device. The experts therefore give it nine out of ten points in terms of repairability. The new super computer can be purchased from Apple starting at 6,499 euros.<em>&nbsp;(Image: Apple)<\/em><\/p>","protected":false},"excerpt":{"rendered":"<p>The repair specialists at iFixit have now, as announced, completely disassembled the Mac Pro 2019.<\/p>","protected":false},"author":2,"featured_media":8322,"comment_status":"closed","ping_status":"closed","sticky":false,"template":"","format":"standard","meta":{"jnews-multi-image_gallery":[],"jnews_single_post":{"subtitle":"","format":"standard","video":"","gallery":"","source_name":"iFixit: Mac Pro 2019 im Teardown","source_url":"https:\/\/www.ifixit.com\/Teardown\/Mac+Pro+2019+Teardown\/128922","via_name":"","via_url":"","override":[{"single_blog_custom":"","sidebar":"","second_sidebar":"","share_position":"","share_float_style":"","post_date_format":"","post_date_format_custom":"","post_reading_time_wpm":"","zoom_button_out_step":"1","zoom_button_in_step":"1","number_popup_post":"1"}],"image_override":[{"single_post_thumbnail_size":"","single_post_gallery_size":""}],"trending_post_position":"","trending_post_label":""},"jnews_primary_category":{"id":"265"},"footnotes":""},"categories":[9],"tags":[40,79],"class_list":["post-8487","post","type-post","status-publish","format-standard","has-post-thumbnail","hentry","category-news","tag-mac","tag-teardown"],"yoast_head":"<!-- This site is optimized with the Yoast SEO Premium plugin v27.5 (Yoast SEO v27.5) - https:\/\/yoast.com\/product\/yoast-seo-premium-wordpress\/ -->\n<title>Mac Pro 2019 im Teardown: Sehr reparaturfreundlich<\/title>\n<meta name=\"description\" content=\"Die Reparaturspezialisten von iFixit haben nun, wie angek\u00fcndigt, den Mac Pro 2019 vollst\u00e4ndig zerlegt.\" \/>\n<meta name=\"robots\" content=\"index, follow, max-snippet:-1, max-image-preview:large, max-video-preview:-1\" \/>\n<link rel=\"canonical\" href=\"https:\/\/www.apfelpatient.de\/en\/news\/mac-pro-2019-in-teardown-very-repair-friendly\" \/>\n<meta property=\"og:locale\" content=\"en_US\" \/>\n<meta property=\"og:type\" content=\"article\" \/>\n<meta property=\"og:title\" content=\"Mac Pro 2019 im Teardown: Sehr reparaturfreundlich\" \/>\n<meta property=\"og:description\" content=\"Die Reparaturspezialisten von iFixit haben nun, wie angek\u00fcndigt, den Mac Pro 2019 vollst\u00e4ndig zerlegt.\" \/>\n<meta property=\"og:url\" content=\"https:\/\/www.apfelpatient.de\/en\/news\/mac-pro-2019-in-teardown-very-repair-friendly\" \/>\n<meta property=\"og:site_name\" content=\"Apfelpatient\" \/>\n<meta property=\"article:publisher\" content=\"https:\/\/www.facebook.com\/apfelpatientOfficial\" \/>\n<meta property=\"article:author\" content=\"https:\/\/www.facebook.com\/apfelpatientOfficial\" \/>\n<meta property=\"article:published_time\" content=\"2019-12-17T16:16:11+00:00\" \/>\n<meta property=\"article:modified_time\" content=\"2025-02-06T07:00:17+00:00\" \/>\n<meta property=\"og:image\" content=\"https:\/\/www.apfelpatient.de\/wp-content\/uploads\/2019\/12\/Apple-highlights-from-wwdc19-pro-display-setup-06032019.jpg\" \/>\n\t<meta property=\"og:image:width\" content=\"1600\" \/>\n\t<meta property=\"og:image:height\" content=\"1067\" \/>\n\t<meta property=\"og:image:type\" content=\"image\/jpeg\" \/>\n<meta name=\"author\" content=\"Milan\" \/>\n<meta name=\"twitter:card\" content=\"summary_large_image\" \/>\n<meta name=\"twitter:title\" content=\"Mac Pro 2019 im Teardown: Sehr reparaturfreundlich\" \/>\n<meta name=\"twitter:label1\" content=\"Written by\" \/>\n\t<meta name=\"twitter:data1\" content=\"Milan\" \/>\n\t<meta name=\"twitter:label2\" content=\"Est. reading time\" \/>\n\t<meta name=\"twitter:data2\" content=\"1 minute\" \/>\n<script type=\"application\/ld+json\" class=\"yoast-schema-graph\">{\"@context\":\"https:\\\/\\\/schema.org\",\"@graph\":[{\"@type\":\"NewsArticle\",\"@id\":\"https:\\\/\\\/www.apfelpatient.de\\\/news\\\/mac-pro-2019-im-teardown-sehr-reparaturfreundlich#article\",\"isPartOf\":{\"@id\":\"https:\\\/\\\/www.apfelpatient.de\\\/news\\\/mac-pro-2019-im-teardown-sehr-reparaturfreundlich\"},\"author\":{\"@type\":\"Organization\",\"@id\":\"https:\\\/\\\/www.apfelpatient.de\\\/en\\\/#organization\",\"name\":\"Apfelpatient\",\"url\":\"https:\\\/\\\/www.apfelpatient.de\\\/en\\\/\"},\"headline\":\"Mac Pro 2019 im Teardown: Sehr reparaturfreundlich\",\"datePublished\":\"2019-12-17T16:16:11+00:00\",\"dateModified\":\"2025-02-06T07:00:17+00:00\",\"mainEntityOfPage\":{\"@id\":\"https:\\\/\\\/www.apfelpatient.de\\\/news\\\/mac-pro-2019-im-teardown-sehr-reparaturfreundlich\"},\"wordCount\":272,\"publisher\":{\"@type\":\"Organization\",\"@id\":\"https:\\\/\\\/www.apfelpatient.de\\\/en\\\/#organization\",\"name\":\"Apfelpatient\",\"url\":\"https:\\\/\\\/www.apfelpatient.de\\\/en\\\/\"},\"image\":{\"@id\":\"https:\\\/\\\/www.apfelpatient.de\\\/news\\\/mac-pro-2019-im-teardown-sehr-reparaturfreundlich#primaryimage\"},\"thumbnailUrl\":\"https:\\\/\\\/www.apfelpatient.de\\\/wp-content\\\/uploads\\\/2019\\\/12\\\/Apple-highlights-from-wwdc19-pro-display-setup-06032019.jpg\",\"keywords\":[\"Mac\",\"Teardown\"],\"articleSection\":\"News\",\"inLanguage\":\"en-US\",\"copyrightYear\":\"2019\",\"copyrightHolder\":{\"@id\":\"https:\\\/\\\/www.apfelpatient.de\\\/en\\\/#organization\"}},{\"@type\":\"WebPage\",\"@id\":\"https:\\\/\\\/www.apfelpatient.de\\\/news\\\/mac-pro-2019-im-teardown-sehr-reparaturfreundlich\",\"url\":\"https:\\\/\\\/www.apfelpatient.de\\\/news\\\/mac-pro-2019-im-teardown-sehr-reparaturfreundlich\",\"name\":\"Mac Pro 2019 im Teardown: Sehr reparaturfreundlich\",\"isPartOf\":{\"@id\":\"https:\\\/\\\/www.apfelpatient.de\\\/#website\"},\"primaryImageOfPage\":{\"@id\":\"https:\\\/\\\/www.apfelpatient.de\\\/news\\\/mac-pro-2019-im-teardown-sehr-reparaturfreundlich#primaryimage\"},\"image\":{\"@id\":\"https:\\\/\\\/www.apfelpatient.de\\\/news\\\/mac-pro-2019-im-teardown-sehr-reparaturfreundlich#primaryimage\"},\"thumbnailUrl\":\"https:\\\/\\\/www.apfelpatient.de\\\/wp-content\\\/uploads\\\/2019\\\/12\\\/Apple-highlights-from-wwdc19-pro-display-setup-06032019.jpg\",\"datePublished\":\"2019-12-17T16:16:11+00:00\",\"dateModified\":\"2025-02-06T07:00:17+00:00\",\"description\":\"Die Reparaturspezialisten von iFixit haben nun, wie angek\u00fcndigt, den Mac Pro 2019 vollst\u00e4ndig zerlegt.\",\"breadcrumb\":{\"@id\":\"https:\\\/\\\/www.apfelpatient.de\\\/news\\\/mac-pro-2019-im-teardown-sehr-reparaturfreundlich#breadcrumb\"},\"inLanguage\":\"en-US\",\"potentialAction\":[{\"@type\":\"ReadAction\",\"target\":[\"https:\\\/\\\/www.apfelpatient.de\\\/news\\\/mac-pro-2019-im-teardown-sehr-reparaturfreundlich\"]}]},{\"@type\":\"ImageObject\",\"inLanguage\":\"en-US\",\"@id\":\"https:\\\/\\\/www.apfelpatient.de\\\/news\\\/mac-pro-2019-im-teardown-sehr-reparaturfreundlich#primaryimage\",\"url\":\"https:\\\/\\\/www.apfelpatient.de\\\/wp-content\\\/uploads\\\/2019\\\/12\\\/Apple-highlights-from-wwdc19-pro-display-setup-06032019.jpg\",\"contentUrl\":\"https:\\\/\\\/www.apfelpatient.de\\\/wp-content\\\/uploads\\\/2019\\\/12\\\/Apple-highlights-from-wwdc19-pro-display-setup-06032019.jpg\",\"width\":1600,\"height\":1067,\"caption\":\"Bild: Apple\"},{\"@type\":\"BreadcrumbList\",\"@id\":\"https:\\\/\\\/www.apfelpatient.de\\\/news\\\/mac-pro-2019-im-teardown-sehr-reparaturfreundlich#breadcrumb\",\"itemListElement\":[{\"@type\":\"ListItem\",\"position\":1,\"name\":\"Startseite\",\"item\":\"https:\\\/\\\/www.apfelpatient.de\\\/\"},{\"@type\":\"ListItem\",\"position\":2,\"name\":\"Mac Pro 2019 im Teardown: Sehr reparaturfreundlich\"}]},{\"@type\":\"WebSite\",\"@id\":\"https:\\\/\\\/www.apfelpatient.de\\\/#website\",\"url\":\"https:\\\/\\\/www.apfelpatient.de\\\/\",\"name\":\"Apfelpatient\",\"description\":\"Alles rund um Apple!\",\"publisher\":{\"@type\":\"Organization\",\"@id\":\"https:\\\/\\\/www.apfelpatient.de\\\/en\\\/#organization\",\"name\":\"Apfelpatient\",\"url\":\"https:\\\/\\\/www.apfelpatient.de\\\/en\\\/\"},\"alternateName\":\"Apfelpatient\",\"potentialAction\":[{\"@type\":\"SearchAction\",\"target\":{\"@type\":\"EntryPoint\",\"urlTemplate\":\"https:\\\/\\\/www.apfelpatient.de\\\/?s={search_term_string}\"},\"query-input\":{\"@type\":\"PropertyValueSpecification\",\"valueRequired\":true,\"valueName\":\"search_term_string\"}}],\"inLanguage\":\"en-US\"},{\"@type\":[\"Person\",\"Organization\"],\"@id\":\"https:\\\/\\\/www.apfelpatient.de\\\/#\\\/schema\\\/person\\\/7dc56ad6c8e9824b76d2c08d4c140e13\",\"name\":\"Milan\",\"logo\":{\"@id\":\"https:\\\/\\\/www.apfelpatient.de\\\/#\\\/schema\\\/person\\\/image\\\/\"},\"description\":\"Hallo und herzlich willkommen auf meinem Technik-Blog! Als gro\u00dfer Apple-Fan berichte ich hier \u00fcber alles, was mit Apple zu tun hat: von den neuesten News und spannenden Ger\u00fcchten \u00fcber hilfreiche Tipps und Tricks bis hin zu ausf\u00fchrlichen Produkttests. Wenn du genauso technikbegeistert bist wie ich, bist du hier genau richtig!\",\"sameAs\":[\"https:\\\/\\\/www.facebook.com\\\/apfelpatientOfficial\",\"https:\\\/\\\/www.linkedin.com\\\/in\\\/milan-jovicic-42aa0231b\"],\"url\":\"https:\\\/\\\/www.apfelpatient.de\\\/en\\\/author\\\/apfeladmin\"}]}<\/script>\n<!-- \/ Yoast SEO Premium plugin. -->","yoast_head_json":{"title":"Mac Pro 2019 in teardown: Very repair-friendly","description":"The repair specialists at iFixit have now, as announced, completely disassembled the Mac Pro 2019.","robots":{"index":"index","follow":"follow","max-snippet":"max-snippet:-1","max-image-preview":"max-image-preview:large","max-video-preview":"max-video-preview:-1"},"canonical":"https:\/\/www.apfelpatient.de\/en\/news\/mac-pro-2019-in-teardown-very-repair-friendly","og_locale":"en_US","og_type":"article","og_title":"Mac Pro 2019 im Teardown: Sehr reparaturfreundlich","og_description":"Die Reparaturspezialisten von iFixit haben nun, wie angek\u00fcndigt, den Mac Pro 2019 vollst\u00e4ndig zerlegt.","og_url":"https:\/\/www.apfelpatient.de\/en\/news\/mac-pro-2019-in-teardown-very-repair-friendly","og_site_name":"Apfelpatient","article_publisher":"https:\/\/www.facebook.com\/apfelpatientOfficial","article_author":"https:\/\/www.facebook.com\/apfelpatientOfficial","article_published_time":"2019-12-17T16:16:11+00:00","article_modified_time":"2025-02-06T07:00:17+00:00","og_image":[{"width":1600,"height":1067,"url":"https:\/\/www.apfelpatient.de\/wp-content\/uploads\/2019\/12\/Apple-highlights-from-wwdc19-pro-display-setup-06032019.jpg","type":"image\/jpeg"}],"author":"Milan","twitter_card":"summary_large_image","twitter_title":"Mac Pro 2019 im Teardown: Sehr reparaturfreundlich","twitter_misc":{"Written by":"Milan","Est. reading time":"1 minute"},"schema":{"@context":"https:\/\/schema.org","@graph":[{"@type":"NewsArticle","@id":"https:\/\/www.apfelpatient.de\/news\/mac-pro-2019-im-teardown-sehr-reparaturfreundlich#article","isPartOf":{"@id":"https:\/\/www.apfelpatient.de\/news\/mac-pro-2019-im-teardown-sehr-reparaturfreundlich"},"author":{"@type":"Organization","@id":"https:\/\/www.apfelpatient.de\/en\/#organization","name":"Apfelpatient","url":"https:\/\/www.apfelpatient.de\/en\/"},"headline":"Mac Pro 2019 im Teardown: Sehr reparaturfreundlich","datePublished":"2019-12-17T16:16:11+00:00","dateModified":"2025-02-06T07:00:17+00:00","mainEntityOfPage":{"@id":"https:\/\/www.apfelpatient.de\/news\/mac-pro-2019-im-teardown-sehr-reparaturfreundlich"},"wordCount":272,"publisher":{"@type":"Organization","@id":"https:\/\/www.apfelpatient.de\/en\/#organization","name":"Apfelpatient","url":"https:\/\/www.apfelpatient.de\/en\/"},"image":{"@id":"https:\/\/www.apfelpatient.de\/news\/mac-pro-2019-im-teardown-sehr-reparaturfreundlich#primaryimage"},"thumbnailUrl":"https:\/\/www.apfelpatient.de\/wp-content\/uploads\/2019\/12\/Apple-highlights-from-wwdc19-pro-display-setup-06032019.jpg","keywords":["Mac","Teardown"],"articleSection":"News","inLanguage":"en-US","copyrightYear":"2019","copyrightHolder":{"@id":"https:\/\/www.apfelpatient.de\/en\/#organization"}},{"@type":"WebPage","@id":"https:\/\/www.apfelpatient.de\/news\/mac-pro-2019-im-teardown-sehr-reparaturfreundlich","url":"https:\/\/www.apfelpatient.de\/news\/mac-pro-2019-im-teardown-sehr-reparaturfreundlich","name":"Mac Pro 2019 in teardown: Very repair-friendly","isPartOf":{"@id":"https:\/\/www.apfelpatient.de\/#website"},"primaryImageOfPage":{"@id":"https:\/\/www.apfelpatient.de\/news\/mac-pro-2019-im-teardown-sehr-reparaturfreundlich#primaryimage"},"image":{"@id":"https:\/\/www.apfelpatient.de\/news\/mac-pro-2019-im-teardown-sehr-reparaturfreundlich#primaryimage"},"thumbnailUrl":"https:\/\/www.apfelpatient.de\/wp-content\/uploads\/2019\/12\/Apple-highlights-from-wwdc19-pro-display-setup-06032019.jpg","datePublished":"2019-12-17T16:16:11+00:00","dateModified":"2025-02-06T07:00:17+00:00","description":"The repair specialists at iFixit have now, as announced, completely disassembled the Mac Pro 2019.","breadcrumb":{"@id":"https:\/\/www.apfelpatient.de\/news\/mac-pro-2019-im-teardown-sehr-reparaturfreundlich#breadcrumb"},"inLanguage":"en-US","potentialAction":[{"@type":"ReadAction","target":["https:\/\/www.apfelpatient.de\/news\/mac-pro-2019-im-teardown-sehr-reparaturfreundlich"]}]},{"@type":"ImageObject","inLanguage":"en-US","@id":"https:\/\/www.apfelpatient.de\/news\/mac-pro-2019-im-teardown-sehr-reparaturfreundlich#primaryimage","url":"https:\/\/www.apfelpatient.de\/wp-content\/uploads\/2019\/12\/Apple-highlights-from-wwdc19-pro-display-setup-06032019.jpg","contentUrl":"https:\/\/www.apfelpatient.de\/wp-content\/uploads\/2019\/12\/Apple-highlights-from-wwdc19-pro-display-setup-06032019.jpg","width":1600,"height":1067,"caption":"Bild: Apple"},{"@type":"BreadcrumbList","@id":"https:\/\/www.apfelpatient.de\/news\/mac-pro-2019-im-teardown-sehr-reparaturfreundlich#breadcrumb","itemListElement":[{"@type":"ListItem","position":1,"name":"Startseite","item":"https:\/\/www.apfelpatient.de\/"},{"@type":"ListItem","position":2,"name":"Mac Pro 2019 im Teardown: Sehr reparaturfreundlich"}]},{"@type":"WebSite","@id":"https:\/\/www.apfelpatient.de\/#website","url":"https:\/\/www.apfelpatient.de\/","name":"apple patient","description":"Everything about Apple!","publisher":{"@type":"Organization","@id":"https:\/\/www.apfelpatient.de\/en\/#organization","name":"Apfelpatient","url":"https:\/\/www.apfelpatient.de\/en\/"},"alternateName":"Apfelpatient","potentialAction":[{"@type":"SearchAction","target":{"@type":"EntryPoint","urlTemplate":"https:\/\/www.apfelpatient.de\/?s={search_term_string}"},"query-input":{"@type":"PropertyValueSpecification","valueRequired":true,"valueName":"search_term_string"}}],"inLanguage":"en-US"},{"@type":["Person","Organization"],"@id":"https:\/\/www.apfelpatient.de\/#\/schema\/person\/7dc56ad6c8e9824b76d2c08d4c140e13","name":"Milan","logo":{"@id":"https:\/\/www.apfelpatient.de\/#\/schema\/person\/image\/"},"description":"Hello and welcome to my technology blog! As a big Apple fan, I report on everything to do with Apple: from the latest news and exciting rumors to helpful tips and tricks and detailed product tests. If you are as enthusiastic about technology as I am, you have come to the right place!","sameAs":["https:\/\/www.facebook.com\/apfelpatientOfficial","https:\/\/www.linkedin.com\/in\/milan-jovicic-42aa0231b"],"url":"https:\/\/www.apfelpatient.de\/en\/author\/apfeladmin"}]}},"_links":{"self":[{"href":"https:\/\/www.apfelpatient.de\/en\/wp-json\/wp\/v2\/posts\/8487","targetHints":{"allow":["GET"]}}],"collection":[{"href":"https:\/\/www.apfelpatient.de\/en\/wp-json\/wp\/v2\/posts"}],"about":[{"href":"https:\/\/www.apfelpatient.de\/en\/wp-json\/wp\/v2\/types\/post"}],"author":[{"embeddable":true,"href":"https:\/\/www.apfelpatient.de\/en\/wp-json\/wp\/v2\/users\/2"}],"replies":[{"embeddable":true,"href":"https:\/\/www.apfelpatient.de\/en\/wp-json\/wp\/v2\/comments?post=8487"}],"version-history":[{"count":0,"href":"https:\/\/www.apfelpatient.de\/en\/wp-json\/wp\/v2\/posts\/8487\/revisions"}],"wp:featuredmedia":[{"embeddable":true,"href":"https:\/\/www.apfelpatient.de\/en\/wp-json\/wp\/v2\/media\/8322"}],"wp:attachment":[{"href":"https:\/\/www.apfelpatient.de\/en\/wp-json\/wp\/v2\/media?parent=8487"}],"wp:term":[{"taxonomy":"category","embeddable":true,"href":"https:\/\/www.apfelpatient.de\/en\/wp-json\/wp\/v2\/categories?post=8487"},{"taxonomy":"post_tag","embeddable":true,"href":"https:\/\/www.apfelpatient.de\/en\/wp-json\/wp\/v2\/tags?post=8487"}],"curies":[{"name":"wp","href":"https:\/\/api.w.org\/{rel}","templated":true}]}}