{"id":8410,"date":"2019-12-13T21:34:47","date_gmt":"2019-12-13T20:34:47","guid":{"rendered":"https:\/\/www.apfelpatient.de\/?p=8410"},"modified":"2019-12-13T21:34:47","modified_gmt":"2019-12-13T20:34:47","slug":"imac-pro-pro-display-xdr-compatible-but-not-6k","status":"publish","type":"post","link":"https:\/\/www.apfelpatient.de\/en\/news\/imac-pro-pro-display-xdr-kompatibel-aber-kein-6k","title":{"rendered":"iMac Pro &amp; Pro Display XDR \u2013 Compatible but not 6K"},"content":{"rendered":"<p class=\"has-drop-cap\"><strong>Apple released the new Mac Pro and the Pro Display XDR earlier this week. Now there is a heated debate about the compatibility of the new monitor with the iMac Pro.<\/strong><\/p>\n\n\n\n<p>Shortly after the launch of both products, fans noticed that Apple had not included the iMac Pro in the list of all compatible devices with the Pro Display XDR. The question of why quickly arose. Now there is an answer. The Pro Display XDR is compatible with the iMac Pro and can therefore be used as a second screen - but limited to 5K. Confirmation comes from Thomas Grove Carter, a well-known video editor. But the Pro Display XDR supports 6K, so why only 5K? Carter believes he has discovered the reason. The iMac Pro uses Intel&#039;s older &quot;Alpine Ridge&quot; Thunderbolt 3 controller. The bandwidth for a 6K transmission would therefore not be sufficient.&nbsp;<\/p>\n\n\n\n<h3 class=\"wp-block-heading\">6K resolution requires more<\/h3>\n\n\n\n<p>In order to use the Pro Display XDR with full 6K resolution, at least Intel&#039;s new &quot;Titan Ridge&quot; Thunderbolt 3 controller is required. This means that the new display can be operated in 6K resolution with the new Mac Pro 2019, MacBook Pro 15&quot; 2018 or newer, MacBook Pro 16&quot; and iMac 2019. Alternatively, Mac devices with Thunderbolt 3 ports in conjunction with a Blackmagic eGPU or Blackmagic eGPU Pro are also compatible. With a contrast ratio of 1,000,000:1 and a peak brightness of 1,600 nits, Apple&#039;s new 32-inch screen is primarily aimed at professional users. The device can be purchased from just 5,499 euros. <em>(Photo by hadrian \/ Bigstockphoto)<\/em><\/p>\n\n\n\n<figure class=\"wp-block-embed-twitter wp-block-embed is-type-rich is-provider-twitter\"><div class=\"wp-block-embed__wrapper\">\n <div class=\"brlbs-cmpnt-container brlbs-cmpnt-content-blocker brlbs-cmpnt-with-individual-styles\" data-borlabs-cookie-content-blocker-id=\"x-alias-twitter-content-blocker\" data-borlabs-cookie-content=\"PGJsb2NrcXVvdGUgY2xhc3M9InR3aXR0ZXItdHdlZXQiIGRhdGEtd2lkdGg9IjUwMCIgZGF0YS1kbnQ9InRydWUiPjxwIGxhbmc9ImVuIiBkaXI9Imx0ciI+Q29uZmlybWF0aW9uIHRoYXQgdGhlIDxhIGhyZWY9Imh0dHBzOi8vdHdpdHRlci5jb20vaGFzaHRhZy9pTWFjUHJvP3NyYz1oYXNoJmFtcDtyZWZfc3JjPXR3c3JjJTVFdGZ3Ij4jaU1hY1BybzwvYT4gZG9lcyBkcml2ZSB0aGUgPGEgaHJlZj0iaHR0cHM6Ly90d2l0dGVyLmNvbS9oYXNodGFnL1Byb0Rpc3BsYXlYRFI\/c3JjPWhhc2gmYW1wO3JlZl9zcmM9dHdzcmMlNUV0ZnciPiNQcm9EaXNwbGF5WERSPC9hPiDwn6eQPGJyPjxicj5BdCA1ay4gTm90IDZrLiA8YSBocmVmPSJodHRwczovL3QuY28vM2s5MUowMEl6WSI+cGljLnR3aXR0ZXIuY29tLzNrOTFKMDBJelk8L2E+PC9wPiZtZGFzaDsgVGhvbWFzIEdyb3ZlIENhcnRlciAoQHRob21hc2djYXJ0ZXIpIDxhIGhyZWY9Imh0dHBzOi8vdHdpdHRlci5jb20vdGhvbWFzZ2NhcnRlci9zdGF0dXMvMTIwNTQ2Mzc2NDY5MjI5NTY4MT9yZWZfc3JjPXR3c3JjJTVFdGZ3Ij5EZWNlbWJlciAxMywgMjAxOTwvYT48L2Jsb2NrcXVvdGU+PHNjcmlwdCBhc3luYyBzcmM9Imh0dHBzOi8vcGxhdGZvcm0udHdpdHRlci5jb20vd2lkZ2V0cy5qcyIgY2hhcnNldD0idXRmLTgiPjwvc2NyaXB0Pg==\"><div class=\"brlbs-cmpnt-cb-preset-b brlbs-cmpnt-cb-x\"> <div class=\"brlbs-cmpnt-cb-thumbnail\" style=\"background-image: url('https:\/\/www.apfelpatient.de\/wp-content\/uploads\/borlabs-cookie\/1\/cb-twitter-main.png')\"><\/div> <div class=\"brlbs-cmpnt-cb-main\"> <div class=\"brlbs-cmpnt-cb-content\"> <p class=\"brlbs-cmpnt-cb-description\">You are currently viewing a placeholder content from <strong>X<\/strong>. To access the actual content, click the button below. Please note that doing so will share data with third-party providers.<\/p> <a class=\"brlbs-cmpnt-cb-provider-toggle\" href=\"#\" data-borlabs-cookie-show-provider-information role=\"button\">More Information<\/a> <\/div> <div class=\"brlbs-cmpnt-cb-buttons\"> <a class=\"brlbs-cmpnt-cb-btn\" href=\"#\" data-borlabs-cookie-unblock role=\"button\">Unblock content<\/a> <a class=\"brlbs-cmpnt-cb-btn\" href=\"#\" data-borlabs-cookie-accept-service role=\"button\" style=\"display: inherit\">Accept required service and unblock content<\/a> <\/div> <\/div> <\/div><\/div>\n<\/div><\/figure>","protected":false},"excerpt":{"rendered":"<p>Apple released the new Mac Pro and Pro Display XDR earlier this week.<\/p>","protected":false},"author":2,"featured_media":8411,"comment_status":"closed","ping_status":"closed","sticky":false,"template":"","format":"standard","meta":{"jnews-multi-image_gallery":[],"jnews_single_post":{"subtitle":"","format":"standard","video":"","gallery":"","source_name":"","source_url":"","via_name":"","via_url":"","override":[{"single_blog_custom":"","sidebar":"","second_sidebar":"","share_position":"","share_float_style":"","post_date_format":"","post_date_format_custom":"","post_reading_time_wpm":"","zoom_button_out_step":"1","zoom_button_in_step":"1","number_popup_post":"1"}],"image_override":[{"single_post_thumbnail_size":"","single_post_gallery_size":""}],"trending_post_position":"","trending_post_label":""},"jnews_primary_category":{"id":"265"},"footnotes":""},"categories":[9],"tags":[40,356],"class_list":["post-8410","post","type-post","status-publish","format-standard","has-post-thumbnail","hentry","category-news","tag-mac","tag-pro-display-xdr"],"yoast_head":"<!-- This site is optimized with the Yoast SEO Premium plugin v27.5 (Yoast SEO v27.5) - https:\/\/yoast.com\/product\/yoast-seo-premium-wordpress\/ -->\n<title>iMac Pro &amp; Pro Display XDR - Kompatibel aber kein 6K<\/title>\n<meta name=\"description\" content=\"Apple hat Anfang der Woche den neuen Mac Pro und das Pro Display XDR ver\u00f6ffentlicht.\" \/>\n<meta name=\"robots\" content=\"index, follow, max-snippet:-1, max-image-preview:large, max-video-preview:-1\" \/>\n<link rel=\"canonical\" href=\"https:\/\/www.apfelpatient.de\/en\/news\/imac-pro-pro-display-xdr-compatible-but-not-6k\" \/>\n<meta property=\"og:locale\" content=\"en_US\" \/>\n<meta property=\"og:type\" content=\"article\" \/>\n<meta property=\"og:title\" content=\"iMac Pro &amp; Pro Display XDR - Kompatibel aber kein 6K\" \/>\n<meta property=\"og:description\" content=\"Apple hat Anfang der Woche den neuen Mac Pro und das Pro Display XDR ver\u00f6ffentlicht.\" \/>\n<meta property=\"og:url\" content=\"https:\/\/www.apfelpatient.de\/en\/news\/imac-pro-pro-display-xdr-compatible-but-not-6k\" \/>\n<meta property=\"og:site_name\" content=\"Apfelpatient\" \/>\n<meta property=\"article:publisher\" content=\"https:\/\/www.facebook.com\/apfelpatientOfficial\" \/>\n<meta property=\"article:author\" content=\"https:\/\/www.facebook.com\/apfelpatientOfficial\" \/>\n<meta property=\"article:published_time\" content=\"2019-12-13T20:34:47+00:00\" \/>\n<meta property=\"og:image\" content=\"https:\/\/www.apfelpatient.de\/wp-content\/uploads\/2019\/12\/bigstock-221494114.jpg\" \/>\n\t<meta property=\"og:image:width\" content=\"1600\" \/>\n\t<meta property=\"og:image:height\" content=\"1200\" \/>\n\t<meta property=\"og:image:type\" content=\"image\/jpeg\" \/>\n<meta name=\"author\" content=\"Milan\" \/>\n<meta name=\"twitter:card\" content=\"summary_large_image\" \/>\n<meta name=\"twitter:title\" content=\"iMac Pro &amp; Pro Display XDR - Kompatibel aber kein 6K\" \/>\n<meta name=\"twitter:label1\" content=\"Written by\" \/>\n\t<meta name=\"twitter:data1\" content=\"Milan\" \/>\n\t<meta name=\"twitter:label2\" content=\"Est. reading time\" \/>\n\t<meta name=\"twitter:data2\" content=\"1 minute\" \/>\n<script type=\"application\/ld+json\" class=\"yoast-schema-graph\">{\"@context\":\"https:\\\/\\\/schema.org\",\"@graph\":[{\"@type\":\"NewsArticle\",\"@id\":\"https:\\\/\\\/www.apfelpatient.de\\\/news\\\/imac-pro-pro-display-xdr-kompatibel-aber-kein-6k#article\",\"isPartOf\":{\"@id\":\"https:\\\/\\\/www.apfelpatient.de\\\/news\\\/imac-pro-pro-display-xdr-kompatibel-aber-kein-6k\"},\"author\":{\"@type\":\"Organization\",\"@id\":\"https:\\\/\\\/www.apfelpatient.de\\\/en\\\/#organization\",\"name\":\"Apfelpatient\",\"url\":\"https:\\\/\\\/www.apfelpatient.de\\\/en\\\/\"},\"headline\":\"iMac Pro &#038; Pro Display XDR &#8211; Kompatibel aber kein 6K\",\"datePublished\":\"2019-12-13T20:34:47+00:00\",\"mainEntityOfPage\":{\"@id\":\"https:\\\/\\\/www.apfelpatient.de\\\/news\\\/imac-pro-pro-display-xdr-kompatibel-aber-kein-6k\"},\"wordCount\":272,\"publisher\":{\"@type\":\"Organization\",\"@id\":\"https:\\\/\\\/www.apfelpatient.de\\\/en\\\/#organization\",\"name\":\"Apfelpatient\",\"url\":\"https:\\\/\\\/www.apfelpatient.de\\\/en\\\/\"},\"image\":{\"@id\":\"https:\\\/\\\/www.apfelpatient.de\\\/news\\\/imac-pro-pro-display-xdr-kompatibel-aber-kein-6k#primaryimage\"},\"thumbnailUrl\":\"https:\\\/\\\/www.apfelpatient.de\\\/wp-content\\\/uploads\\\/2019\\\/12\\\/bigstock-221494114.jpg\",\"keywords\":[\"Mac\",\"Pro Display XDR\"],\"articleSection\":\"News\",\"inLanguage\":\"en-US\",\"copyrightYear\":\"2019\",\"copyrightHolder\":{\"@id\":\"https:\\\/\\\/www.apfelpatient.de\\\/en\\\/#organization\"}},{\"@type\":\"WebPage\",\"@id\":\"https:\\\/\\\/www.apfelpatient.de\\\/news\\\/imac-pro-pro-display-xdr-kompatibel-aber-kein-6k\",\"url\":\"https:\\\/\\\/www.apfelpatient.de\\\/news\\\/imac-pro-pro-display-xdr-kompatibel-aber-kein-6k\",\"name\":\"iMac Pro & Pro Display XDR - Kompatibel aber kein 6K\",\"isPartOf\":{\"@id\":\"https:\\\/\\\/www.apfelpatient.de\\\/#website\"},\"primaryImageOfPage\":{\"@id\":\"https:\\\/\\\/www.apfelpatient.de\\\/news\\\/imac-pro-pro-display-xdr-kompatibel-aber-kein-6k#primaryimage\"},\"image\":{\"@id\":\"https:\\\/\\\/www.apfelpatient.de\\\/news\\\/imac-pro-pro-display-xdr-kompatibel-aber-kein-6k#primaryimage\"},\"thumbnailUrl\":\"https:\\\/\\\/www.apfelpatient.de\\\/wp-content\\\/uploads\\\/2019\\\/12\\\/bigstock-221494114.jpg\",\"datePublished\":\"2019-12-13T20:34:47+00:00\",\"description\":\"Apple hat Anfang der Woche den neuen Mac Pro und das Pro Display XDR ver\u00f6ffentlicht.\",\"breadcrumb\":{\"@id\":\"https:\\\/\\\/www.apfelpatient.de\\\/news\\\/imac-pro-pro-display-xdr-kompatibel-aber-kein-6k#breadcrumb\"},\"inLanguage\":\"en-US\",\"potentialAction\":[{\"@type\":\"ReadAction\",\"target\":[\"https:\\\/\\\/www.apfelpatient.de\\\/news\\\/imac-pro-pro-display-xdr-kompatibel-aber-kein-6k\"]}]},{\"@type\":\"ImageObject\",\"inLanguage\":\"en-US\",\"@id\":\"https:\\\/\\\/www.apfelpatient.de\\\/news\\\/imac-pro-pro-display-xdr-kompatibel-aber-kein-6k#primaryimage\",\"url\":\"https:\\\/\\\/www.apfelpatient.de\\\/wp-content\\\/uploads\\\/2019\\\/12\\\/bigstock-221494114.jpg\",\"contentUrl\":\"https:\\\/\\\/www.apfelpatient.de\\\/wp-content\\\/uploads\\\/2019\\\/12\\\/bigstock-221494114.jpg\",\"width\":1600,\"height\":1200,\"caption\":\"STRASBOURG, FRANCE - JAN 11, 2018: Detail of Apple logo on the new iMac Pro the all-in-one personal computer in Apple Computers Store. Apple claims the iMac Pro is the most powerful Mac\"},{\"@type\":\"BreadcrumbList\",\"@id\":\"https:\\\/\\\/www.apfelpatient.de\\\/news\\\/imac-pro-pro-display-xdr-kompatibel-aber-kein-6k#breadcrumb\",\"itemListElement\":[{\"@type\":\"ListItem\",\"position\":1,\"name\":\"Startseite\",\"item\":\"https:\\\/\\\/www.apfelpatient.de\\\/\"},{\"@type\":\"ListItem\",\"position\":2,\"name\":\"iMac Pro &#038; Pro Display XDR &#8211; Kompatibel aber kein 6K\"}]},{\"@type\":\"WebSite\",\"@id\":\"https:\\\/\\\/www.apfelpatient.de\\\/#website\",\"url\":\"https:\\\/\\\/www.apfelpatient.de\\\/\",\"name\":\"Apfelpatient\",\"description\":\"Alles rund um Apple!\",\"publisher\":{\"@type\":\"Organization\",\"@id\":\"https:\\\/\\\/www.apfelpatient.de\\\/en\\\/#organization\",\"name\":\"Apfelpatient\",\"url\":\"https:\\\/\\\/www.apfelpatient.de\\\/en\\\/\"},\"alternateName\":\"Apfelpatient\",\"potentialAction\":[{\"@type\":\"SearchAction\",\"target\":{\"@type\":\"EntryPoint\",\"urlTemplate\":\"https:\\\/\\\/www.apfelpatient.de\\\/?s={search_term_string}\"},\"query-input\":{\"@type\":\"PropertyValueSpecification\",\"valueRequired\":true,\"valueName\":\"search_term_string\"}}],\"inLanguage\":\"en-US\"},{\"@type\":[\"Person\",\"Organization\"],\"@id\":\"https:\\\/\\\/www.apfelpatient.de\\\/#\\\/schema\\\/person\\\/7dc56ad6c8e9824b76d2c08d4c140e13\",\"name\":\"Milan\",\"logo\":{\"@id\":\"https:\\\/\\\/www.apfelpatient.de\\\/#\\\/schema\\\/person\\\/image\\\/\"},\"description\":\"Hallo und herzlich willkommen auf meinem Technik-Blog! Als gro\u00dfer Apple-Fan berichte ich hier \u00fcber alles, was mit Apple zu tun hat: von den neuesten News und spannenden Ger\u00fcchten \u00fcber hilfreiche Tipps und Tricks bis hin zu ausf\u00fchrlichen Produkttests. Wenn du genauso technikbegeistert bist wie ich, bist du hier genau richtig!\",\"sameAs\":[\"https:\\\/\\\/www.facebook.com\\\/apfelpatientOfficial\",\"https:\\\/\\\/www.linkedin.com\\\/in\\\/milan-jovicic-42aa0231b\"],\"url\":\"https:\\\/\\\/www.apfelpatient.de\\\/en\\\/author\\\/apfeladmin\"}]}<\/script>\n<!-- \/ Yoast SEO Premium plugin. -->","yoast_head_json":{"title":"iMac Pro &amp; Pro Display XDR - Compatible but not 6K","description":"Apple released the new Mac Pro and Pro Display XDR earlier this week.","robots":{"index":"index","follow":"follow","max-snippet":"max-snippet:-1","max-image-preview":"max-image-preview:large","max-video-preview":"max-video-preview:-1"},"canonical":"https:\/\/www.apfelpatient.de\/en\/news\/imac-pro-pro-display-xdr-compatible-but-not-6k","og_locale":"en_US","og_type":"article","og_title":"iMac Pro &amp; Pro Display XDR - Kompatibel aber kein 6K","og_description":"Apple hat Anfang der Woche den neuen Mac Pro und das Pro Display XDR ver\u00f6ffentlicht.","og_url":"https:\/\/www.apfelpatient.de\/en\/news\/imac-pro-pro-display-xdr-compatible-but-not-6k","og_site_name":"Apfelpatient","article_publisher":"https:\/\/www.facebook.com\/apfelpatientOfficial","article_author":"https:\/\/www.facebook.com\/apfelpatientOfficial","article_published_time":"2019-12-13T20:34:47+00:00","og_image":[{"width":1600,"height":1200,"url":"https:\/\/www.apfelpatient.de\/wp-content\/uploads\/2019\/12\/bigstock-221494114.jpg","type":"image\/jpeg"}],"author":"Milan","twitter_card":"summary_large_image","twitter_title":"iMac Pro & Pro Display XDR - Kompatibel aber kein 6K","twitter_misc":{"Written by":"Milan","Est. reading time":"1 minute"},"schema":{"@context":"https:\/\/schema.org","@graph":[{"@type":"NewsArticle","@id":"https:\/\/www.apfelpatient.de\/news\/imac-pro-pro-display-xdr-kompatibel-aber-kein-6k#article","isPartOf":{"@id":"https:\/\/www.apfelpatient.de\/news\/imac-pro-pro-display-xdr-kompatibel-aber-kein-6k"},"author":{"@type":"Organization","@id":"https:\/\/www.apfelpatient.de\/en\/#organization","name":"Apfelpatient","url":"https:\/\/www.apfelpatient.de\/en\/"},"headline":"iMac Pro &#038; Pro Display XDR &#8211; Kompatibel aber kein 6K","datePublished":"2019-12-13T20:34:47+00:00","mainEntityOfPage":{"@id":"https:\/\/www.apfelpatient.de\/news\/imac-pro-pro-display-xdr-kompatibel-aber-kein-6k"},"wordCount":272,"publisher":{"@type":"Organization","@id":"https:\/\/www.apfelpatient.de\/en\/#organization","name":"Apfelpatient","url":"https:\/\/www.apfelpatient.de\/en\/"},"image":{"@id":"https:\/\/www.apfelpatient.de\/news\/imac-pro-pro-display-xdr-kompatibel-aber-kein-6k#primaryimage"},"thumbnailUrl":"https:\/\/www.apfelpatient.de\/wp-content\/uploads\/2019\/12\/bigstock-221494114.jpg","keywords":["Mac","Pro Display XDR"],"articleSection":"News","inLanguage":"en-US","copyrightYear":"2019","copyrightHolder":{"@id":"https:\/\/www.apfelpatient.de\/en\/#organization"}},{"@type":"WebPage","@id":"https:\/\/www.apfelpatient.de\/news\/imac-pro-pro-display-xdr-kompatibel-aber-kein-6k","url":"https:\/\/www.apfelpatient.de\/news\/imac-pro-pro-display-xdr-kompatibel-aber-kein-6k","name":"iMac Pro &amp; Pro Display XDR - Compatible but not 6K","isPartOf":{"@id":"https:\/\/www.apfelpatient.de\/#website"},"primaryImageOfPage":{"@id":"https:\/\/www.apfelpatient.de\/news\/imac-pro-pro-display-xdr-kompatibel-aber-kein-6k#primaryimage"},"image":{"@id":"https:\/\/www.apfelpatient.de\/news\/imac-pro-pro-display-xdr-kompatibel-aber-kein-6k#primaryimage"},"thumbnailUrl":"https:\/\/www.apfelpatient.de\/wp-content\/uploads\/2019\/12\/bigstock-221494114.jpg","datePublished":"2019-12-13T20:34:47+00:00","description":"Apple released the new Mac Pro and Pro Display XDR earlier this week.","breadcrumb":{"@id":"https:\/\/www.apfelpatient.de\/news\/imac-pro-pro-display-xdr-kompatibel-aber-kein-6k#breadcrumb"},"inLanguage":"en-US","potentialAction":[{"@type":"ReadAction","target":["https:\/\/www.apfelpatient.de\/news\/imac-pro-pro-display-xdr-kompatibel-aber-kein-6k"]}]},{"@type":"ImageObject","inLanguage":"en-US","@id":"https:\/\/www.apfelpatient.de\/news\/imac-pro-pro-display-xdr-kompatibel-aber-kein-6k#primaryimage","url":"https:\/\/www.apfelpatient.de\/wp-content\/uploads\/2019\/12\/bigstock-221494114.jpg","contentUrl":"https:\/\/www.apfelpatient.de\/wp-content\/uploads\/2019\/12\/bigstock-221494114.jpg","width":1600,"height":1200,"caption":"STRASBOURG, FRANCE - JAN 11, 2018: Detail of Apple logo on the new iMac Pro the all-in-one personal computer in Apple Computers Store. Apple claims the iMac Pro is the most powerful Mac"},{"@type":"BreadcrumbList","@id":"https:\/\/www.apfelpatient.de\/news\/imac-pro-pro-display-xdr-kompatibel-aber-kein-6k#breadcrumb","itemListElement":[{"@type":"ListItem","position":1,"name":"Startseite","item":"https:\/\/www.apfelpatient.de\/"},{"@type":"ListItem","position":2,"name":"iMac Pro &#038; Pro Display XDR &#8211; Kompatibel aber kein 6K"}]},{"@type":"WebSite","@id":"https:\/\/www.apfelpatient.de\/#website","url":"https:\/\/www.apfelpatient.de\/","name":"apple patient","description":"Everything about Apple!","publisher":{"@type":"Organization","@id":"https:\/\/www.apfelpatient.de\/en\/#organization","name":"Apfelpatient","url":"https:\/\/www.apfelpatient.de\/en\/"},"alternateName":"Apfelpatient","potentialAction":[{"@type":"SearchAction","target":{"@type":"EntryPoint","urlTemplate":"https:\/\/www.apfelpatient.de\/?s={search_term_string}"},"query-input":{"@type":"PropertyValueSpecification","valueRequired":true,"valueName":"search_term_string"}}],"inLanguage":"en-US"},{"@type":["Person","Organization"],"@id":"https:\/\/www.apfelpatient.de\/#\/schema\/person\/7dc56ad6c8e9824b76d2c08d4c140e13","name":"Milan","logo":{"@id":"https:\/\/www.apfelpatient.de\/#\/schema\/person\/image\/"},"description":"Hello and welcome to my technology blog! As a big Apple fan, I report on everything to do with Apple: from the latest news and exciting rumors to helpful tips and tricks and detailed product tests. If you are as enthusiastic about technology as I am, you have come to the right place!","sameAs":["https:\/\/www.facebook.com\/apfelpatientOfficial","https:\/\/www.linkedin.com\/in\/milan-jovicic-42aa0231b"],"url":"https:\/\/www.apfelpatient.de\/en\/author\/apfeladmin"}]}},"_links":{"self":[{"href":"https:\/\/www.apfelpatient.de\/en\/wp-json\/wp\/v2\/posts\/8410","targetHints":{"allow":["GET"]}}],"collection":[{"href":"https:\/\/www.apfelpatient.de\/en\/wp-json\/wp\/v2\/posts"}],"about":[{"href":"https:\/\/www.apfelpatient.de\/en\/wp-json\/wp\/v2\/types\/post"}],"author":[{"embeddable":true,"href":"https:\/\/www.apfelpatient.de\/en\/wp-json\/wp\/v2\/users\/2"}],"replies":[{"embeddable":true,"href":"https:\/\/www.apfelpatient.de\/en\/wp-json\/wp\/v2\/comments?post=8410"}],"version-history":[{"count":0,"href":"https:\/\/www.apfelpatient.de\/en\/wp-json\/wp\/v2\/posts\/8410\/revisions"}],"wp:featuredmedia":[{"embeddable":true,"href":"https:\/\/www.apfelpatient.de\/en\/wp-json\/wp\/v2\/media\/8411"}],"wp:attachment":[{"href":"https:\/\/www.apfelpatient.de\/en\/wp-json\/wp\/v2\/media?parent=8410"}],"wp:term":[{"taxonomy":"category","embeddable":true,"href":"https:\/\/www.apfelpatient.de\/en\/wp-json\/wp\/v2\/categories?post=8410"},{"taxonomy":"post_tag","embeddable":true,"href":"https:\/\/www.apfelpatient.de\/en\/wp-json\/wp\/v2\/tags?post=8410"}],"curies":[{"name":"wp","href":"https:\/\/api.w.org\/{rel}","templated":true}]}}