{"id":8309,"date":"2019-12-10T20:11:19","date_gmt":"2019-12-10T19:11:19","guid":{"rendered":"https:\/\/www.apfelpatient.de\/?p=8309"},"modified":"2025-02-06T07:53:09","modified_gmt":"2025-02-06T06:53:09","slug":"mac-pro-2019-new-magic-accessories-initially-exclusive","status":"publish","type":"post","link":"https:\/\/www.apfelpatient.de\/en\/news\/mac-pro-2019-neues-magic-zubehoer-vorerst-exklusiv","title":{"rendered":"Mac Pro 2019: New Magic accessories initially exclusive"},"content":{"rendered":"<p class=\"has-drop-cap\"><strong>Apple is now accepting orders for the Mac Pro 2019 and the Pro Display XDR. Buyers of a Mac Pro can look forward to new accessories.<\/strong><\/p>\n\n\n\n<p>Buyers of a new Mac Pro have the option of ordering a Magic Keyboard, a Magic Mouse and a Magic Trackpad - so far so good. But these accessories can be purchased in a new color combination - black and silver. The black USB-C to Lightning cable is also only available to Mac Pro 2019 buyers. Accordingly, these versions of the products cannot be purchased independently. Apple already took this step in 2017 with the iMac Pro.&nbsp;<\/p>\n\n\n\n<h3 class=\"wp-block-heading\">Temporarily exclusive<\/h3>\n\n\n\n<p>At that time, buyers could only purchase a Magic Mouse, a Magic Keyboard and a Magic Trackpad in Space Gray in combination with the device itself. At some point, however, the accessories were added to the range separately. This time, too, it can be assumed that the new color combination will only be exclusive for a limited time. You can find out everything about the new Pro devices <a href=\"https:\/\/www.apfelpatient.de\/en\">here<\/a>.<em> (Photo by hadrian \/ Bigstockphoto)<\/em><\/p>\n\n\n\n<figure class=\"wp-block-gallery columns-2 is-cropped wp-block-gallery-1 is-layout-flex wp-block-gallery-is-layout-flex\"><ul class=\"blocks-gallery-grid\"><li class=\"blocks-gallery-item\"><figure><img decoding=\"async\" src=\"https:\/\/www.apfelpatient.de\/wp-content\/uploads\/2019\/12\/IMG_0813-559x1024.png\" alt=\"Screenshot: Apfelpatient\" data-id=\"8310\" data-full-url=\"https:\/\/www.apfelpatient.de\/wp-content\/uploads\/2019\/12\/IMG_0813-scaled.png\" data-link=\"https:\/\/www.apfelpatient.de\/?attachment_id=8310\" class=\"wp-image-8310\"\/><\/figure><\/li><li class=\"blocks-gallery-item\"><figure><img decoding=\"async\" src=\"https:\/\/www.apfelpatient.de\/wp-content\/uploads\/2019\/12\/IMG_0814-559x1024.png\" alt=\"\" data-id=\"8311\" data-full-url=\"https:\/\/www.apfelpatient.de\/wp-content\/uploads\/2019\/12\/IMG_0814-scaled.png\" data-link=\"https:\/\/www.apfelpatient.de\/?attachment_id=8311\" class=\"wp-image-8311\"\/><\/figure><\/li><\/ul><figcaption class=\"blocks-gallery-caption\">Screenshots: Apfelpatient<\/figcaption><\/figure>","protected":false},"excerpt":{"rendered":"<p>Apple is now accepting orders for the Mac Pro 2019 and the Pro Display XDR. Buyers of a Mac Pro can look forward to new accessories.<\/p>","protected":false},"author":2,"featured_media":8307,"comment_status":"closed","ping_status":"closed","sticky":false,"template":"","format":"standard","meta":{"jnews-multi-image_gallery":[],"jnews_single_post":{"subtitle":"","format":"standard","video":"","gallery":"","source_name":"","source_url":"","via_name":"","via_url":"","override":[{"single_blog_custom":"","sidebar":"","second_sidebar":"","share_position":"","share_float_style":"","post_date_format":"","post_date_format_custom":"","post_reading_time_wpm":"","zoom_button_out_step":"1","zoom_button_in_step":"1","number_popup_post":"1"}],"image_override":[{"single_post_thumbnail_size":"","single_post_gallery_size":""}],"trending_post_position":"","trending_post_label":""},"jnews_primary_category":{"id":"265"},"footnotes":""},"categories":[9],"tags":[40,356],"class_list":["post-8309","post","type-post","status-publish","format-standard","has-post-thumbnail","hentry","category-news","tag-mac","tag-pro-display-xdr"],"yoast_head":"<!-- This site is optimized with the Yoast SEO Premium plugin v27.5 (Yoast SEO v27.5) - https:\/\/yoast.com\/product\/yoast-seo-premium-wordpress\/ -->\n<title>Mac Pro 2019: Neues Magic-Zubeh\u00f6r vorerst exklusiv<\/title>\n<meta name=\"description\" content=\"Apple nimmt seit heute Bestellungen f\u00fcr den Mac Pro 2019 sowie das Pro Display XDR an. K\u00e4ufer eines Mac Pro d\u00fcrfen sich dabei \u00fcber neues Zubeh\u00f6r freuen.\" \/>\n<meta name=\"robots\" content=\"index, follow, max-snippet:-1, max-image-preview:large, max-video-preview:-1\" \/>\n<link rel=\"canonical\" href=\"https:\/\/www.apfelpatient.de\/en\/news\/mac-pro-2019-new-magic-accessories-initially-exclusive\" \/>\n<meta property=\"og:locale\" content=\"en_US\" \/>\n<meta property=\"og:type\" content=\"article\" \/>\n<meta property=\"og:title\" content=\"Mac Pro 2019: Neues Magic-Zubeh\u00f6r vorerst exklusiv\" \/>\n<meta property=\"og:description\" content=\"Apple nimmt seit heute Bestellungen f\u00fcr den Mac Pro 2019 sowie das Pro Display XDR an. K\u00e4ufer eines Mac Pro d\u00fcrfen sich dabei \u00fcber neues Zubeh\u00f6r freuen.\" \/>\n<meta property=\"og:url\" content=\"https:\/\/www.apfelpatient.de\/en\/news\/mac-pro-2019-new-magic-accessories-initially-exclusive\" \/>\n<meta property=\"og:site_name\" content=\"Apfelpatient\" \/>\n<meta property=\"article:publisher\" content=\"https:\/\/www.facebook.com\/apfelpatientOfficial\" \/>\n<meta property=\"article:author\" content=\"https:\/\/www.facebook.com\/apfelpatientOfficial\" \/>\n<meta property=\"article:published_time\" content=\"2019-12-10T19:11:19+00:00\" \/>\n<meta property=\"article:modified_time\" content=\"2025-02-06T06:53:09+00:00\" \/>\n<meta property=\"og:image\" content=\"https:\/\/www.apfelpatient.de\/wp-content\/uploads\/2019\/12\/bigstock-Paris-France-Jun-M-312235429.jpg\" \/>\n\t<meta property=\"og:image:width\" content=\"1600\" \/>\n\t<meta property=\"og:image:height\" content=\"1067\" \/>\n\t<meta property=\"og:image:type\" content=\"image\/jpeg\" \/>\n<meta name=\"author\" content=\"Milan\" \/>\n<meta name=\"twitter:card\" content=\"summary_large_image\" \/>\n<meta name=\"twitter:title\" content=\"Mac Pro 2019: Neues Magic-Zubeh\u00f6r vorerst exklusiv\" \/>\n<meta name=\"twitter:label1\" content=\"Written by\" \/>\n\t<meta name=\"twitter:data1\" content=\"Milan\" \/>\n\t<meta name=\"twitter:label2\" content=\"Est. reading time\" \/>\n\t<meta name=\"twitter:data2\" content=\"1 minute\" \/>\n<script type=\"application\/ld+json\" class=\"yoast-schema-graph\">{\"@context\":\"https:\\\/\\\/schema.org\",\"@graph\":[{\"@type\":\"NewsArticle\",\"@id\":\"https:\\\/\\\/www.apfelpatient.de\\\/news\\\/mac-pro-2019-neues-magic-zubehoer-vorerst-exklusiv#article\",\"isPartOf\":{\"@id\":\"https:\\\/\\\/www.apfelpatient.de\\\/news\\\/mac-pro-2019-neues-magic-zubehoer-vorerst-exklusiv\"},\"author\":{\"@type\":\"Organization\",\"@id\":\"https:\\\/\\\/www.apfelpatient.de\\\/en\\\/#organization\",\"name\":\"Apfelpatient\",\"url\":\"https:\\\/\\\/www.apfelpatient.de\\\/en\\\/\"},\"headline\":\"Mac Pro 2019: Neues Magic-Zubeh\u00f6r vorerst exklusiv\",\"datePublished\":\"2019-12-10T19:11:19+00:00\",\"dateModified\":\"2025-02-06T06:53:09+00:00\",\"mainEntityOfPage\":{\"@id\":\"https:\\\/\\\/www.apfelpatient.de\\\/news\\\/mac-pro-2019-neues-magic-zubehoer-vorerst-exklusiv\"},\"wordCount\":184,\"publisher\":{\"@type\":\"Organization\",\"@id\":\"https:\\\/\\\/www.apfelpatient.de\\\/en\\\/#organization\",\"name\":\"Apfelpatient\",\"url\":\"https:\\\/\\\/www.apfelpatient.de\\\/en\\\/\"},\"image\":{\"@id\":\"https:\\\/\\\/www.apfelpatient.de\\\/news\\\/mac-pro-2019-neues-magic-zubehoer-vorerst-exklusiv#primaryimage\"},\"thumbnailUrl\":\"https:\\\/\\\/www.apfelpatient.de\\\/wp-content\\\/uploads\\\/2019\\\/12\\\/bigstock-Paris-France-Jun-M-312235429.jpg\",\"keywords\":[\"Mac\",\"Pro Display XDR\"],\"articleSection\":\"News\",\"inLanguage\":\"en-US\",\"copyrightYear\":\"2019\",\"copyrightHolder\":{\"@id\":\"https:\\\/\\\/www.apfelpatient.de\\\/en\\\/#organization\"}},{\"@type\":\"WebPage\",\"@id\":\"https:\\\/\\\/www.apfelpatient.de\\\/news\\\/mac-pro-2019-neues-magic-zubehoer-vorerst-exklusiv\",\"url\":\"https:\\\/\\\/www.apfelpatient.de\\\/news\\\/mac-pro-2019-neues-magic-zubehoer-vorerst-exklusiv\",\"name\":\"Mac Pro 2019: Neues Magic-Zubeh\u00f6r vorerst exklusiv\",\"isPartOf\":{\"@id\":\"https:\\\/\\\/www.apfelpatient.de\\\/#website\"},\"primaryImageOfPage\":{\"@id\":\"https:\\\/\\\/www.apfelpatient.de\\\/news\\\/mac-pro-2019-neues-magic-zubehoer-vorerst-exklusiv#primaryimage\"},\"image\":{\"@id\":\"https:\\\/\\\/www.apfelpatient.de\\\/news\\\/mac-pro-2019-neues-magic-zubehoer-vorerst-exklusiv#primaryimage\"},\"thumbnailUrl\":\"https:\\\/\\\/www.apfelpatient.de\\\/wp-content\\\/uploads\\\/2019\\\/12\\\/bigstock-Paris-France-Jun-M-312235429.jpg\",\"datePublished\":\"2019-12-10T19:11:19+00:00\",\"dateModified\":\"2025-02-06T06:53:09+00:00\",\"description\":\"Apple nimmt seit heute Bestellungen f\u00fcr den Mac Pro 2019 sowie das Pro Display XDR an. K\u00e4ufer eines Mac Pro d\u00fcrfen sich dabei \u00fcber neues Zubeh\u00f6r freuen.\",\"breadcrumb\":{\"@id\":\"https:\\\/\\\/www.apfelpatient.de\\\/news\\\/mac-pro-2019-neues-magic-zubehoer-vorerst-exklusiv#breadcrumb\"},\"inLanguage\":\"en-US\",\"potentialAction\":[{\"@type\":\"ReadAction\",\"target\":[\"https:\\\/\\\/www.apfelpatient.de\\\/news\\\/mac-pro-2019-neues-magic-zubehoer-vorerst-exklusiv\"]}]},{\"@type\":\"ImageObject\",\"inLanguage\":\"en-US\",\"@id\":\"https:\\\/\\\/www.apfelpatient.de\\\/news\\\/mac-pro-2019-neues-magic-zubehoer-vorerst-exklusiv#primaryimage\",\"url\":\"https:\\\/\\\/www.apfelpatient.de\\\/wp-content\\\/uploads\\\/2019\\\/12\\\/bigstock-Paris-France-Jun-M-312235429.jpg\",\"contentUrl\":\"https:\\\/\\\/www.apfelpatient.de\\\/wp-content\\\/uploads\\\/2019\\\/12\\\/bigstock-Paris-France-Jun-M-312235429.jpg\",\"width\":1600,\"height\":1067,\"caption\":\"Paris, France - Jun 6, 2019: Man reading on Apple iPad Pro tablet about latest announcement of at Developers Conference WWDC - showing the Mac Pro workstation with acceosries and wireless wi-fi\"},{\"@type\":\"BreadcrumbList\",\"@id\":\"https:\\\/\\\/www.apfelpatient.de\\\/news\\\/mac-pro-2019-neues-magic-zubehoer-vorerst-exklusiv#breadcrumb\",\"itemListElement\":[{\"@type\":\"ListItem\",\"position\":1,\"name\":\"Startseite\",\"item\":\"https:\\\/\\\/www.apfelpatient.de\\\/\"},{\"@type\":\"ListItem\",\"position\":2,\"name\":\"Mac Pro 2019: Neues Magic-Zubeh\u00f6r vorerst exklusiv\"}]},{\"@type\":\"WebSite\",\"@id\":\"https:\\\/\\\/www.apfelpatient.de\\\/#website\",\"url\":\"https:\\\/\\\/www.apfelpatient.de\\\/\",\"name\":\"Apfelpatient\",\"description\":\"Alles rund um Apple!\",\"publisher\":{\"@type\":\"Organization\",\"@id\":\"https:\\\/\\\/www.apfelpatient.de\\\/en\\\/#organization\",\"name\":\"Apfelpatient\",\"url\":\"https:\\\/\\\/www.apfelpatient.de\\\/en\\\/\"},\"alternateName\":\"Apfelpatient\",\"potentialAction\":[{\"@type\":\"SearchAction\",\"target\":{\"@type\":\"EntryPoint\",\"urlTemplate\":\"https:\\\/\\\/www.apfelpatient.de\\\/?s={search_term_string}\"},\"query-input\":{\"@type\":\"PropertyValueSpecification\",\"valueRequired\":true,\"valueName\":\"search_term_string\"}}],\"inLanguage\":\"en-US\"},{\"@type\":[\"Person\",\"Organization\"],\"@id\":\"https:\\\/\\\/www.apfelpatient.de\\\/#\\\/schema\\\/person\\\/7dc56ad6c8e9824b76d2c08d4c140e13\",\"name\":\"Milan\",\"logo\":{\"@id\":\"https:\\\/\\\/www.apfelpatient.de\\\/#\\\/schema\\\/person\\\/image\\\/\"},\"description\":\"Hallo und herzlich willkommen auf meinem Technik-Blog! Als gro\u00dfer Apple-Fan berichte ich hier \u00fcber alles, was mit Apple zu tun hat: von den neuesten News und spannenden Ger\u00fcchten \u00fcber hilfreiche Tipps und Tricks bis hin zu ausf\u00fchrlichen Produkttests. Wenn du genauso technikbegeistert bist wie ich, bist du hier genau richtig!\",\"sameAs\":[\"https:\\\/\\\/www.facebook.com\\\/apfelpatientOfficial\",\"https:\\\/\\\/www.linkedin.com\\\/in\\\/milan-jovicic-42aa0231b\"],\"url\":\"https:\\\/\\\/www.apfelpatient.de\\\/en\\\/author\\\/apfeladmin\"}]}<\/script>\n<!-- \/ Yoast SEO Premium plugin. -->","yoast_head_json":{"title":"Mac Pro 2019: New Magic accessories initially exclusive","description":"Apple is now accepting orders for the Mac Pro 2019 and the Pro Display XDR. Buyers of a Mac Pro can look forward to new accessories.","robots":{"index":"index","follow":"follow","max-snippet":"max-snippet:-1","max-image-preview":"max-image-preview:large","max-video-preview":"max-video-preview:-1"},"canonical":"https:\/\/www.apfelpatient.de\/en\/news\/mac-pro-2019-new-magic-accessories-initially-exclusive","og_locale":"en_US","og_type":"article","og_title":"Mac Pro 2019: Neues Magic-Zubeh\u00f6r vorerst exklusiv","og_description":"Apple nimmt seit heute Bestellungen f\u00fcr den Mac Pro 2019 sowie das Pro Display XDR an. K\u00e4ufer eines Mac Pro d\u00fcrfen sich dabei \u00fcber neues Zubeh\u00f6r freuen.","og_url":"https:\/\/www.apfelpatient.de\/en\/news\/mac-pro-2019-new-magic-accessories-initially-exclusive","og_site_name":"Apfelpatient","article_publisher":"https:\/\/www.facebook.com\/apfelpatientOfficial","article_author":"https:\/\/www.facebook.com\/apfelpatientOfficial","article_published_time":"2019-12-10T19:11:19+00:00","article_modified_time":"2025-02-06T06:53:09+00:00","og_image":[{"width":1600,"height":1067,"url":"https:\/\/www.apfelpatient.de\/wp-content\/uploads\/2019\/12\/bigstock-Paris-France-Jun-M-312235429.jpg","type":"image\/jpeg"}],"author":"Milan","twitter_card":"summary_large_image","twitter_title":"Mac Pro 2019: Neues Magic-Zubeh\u00f6r vorerst exklusiv","twitter_misc":{"Written by":"Milan","Est. reading time":"1 minute"},"schema":{"@context":"https:\/\/schema.org","@graph":[{"@type":"NewsArticle","@id":"https:\/\/www.apfelpatient.de\/news\/mac-pro-2019-neues-magic-zubehoer-vorerst-exklusiv#article","isPartOf":{"@id":"https:\/\/www.apfelpatient.de\/news\/mac-pro-2019-neues-magic-zubehoer-vorerst-exklusiv"},"author":{"@type":"Organization","@id":"https:\/\/www.apfelpatient.de\/en\/#organization","name":"Apfelpatient","url":"https:\/\/www.apfelpatient.de\/en\/"},"headline":"Mac Pro 2019: Neues Magic-Zubeh\u00f6r vorerst exklusiv","datePublished":"2019-12-10T19:11:19+00:00","dateModified":"2025-02-06T06:53:09+00:00","mainEntityOfPage":{"@id":"https:\/\/www.apfelpatient.de\/news\/mac-pro-2019-neues-magic-zubehoer-vorerst-exklusiv"},"wordCount":184,"publisher":{"@type":"Organization","@id":"https:\/\/www.apfelpatient.de\/en\/#organization","name":"Apfelpatient","url":"https:\/\/www.apfelpatient.de\/en\/"},"image":{"@id":"https:\/\/www.apfelpatient.de\/news\/mac-pro-2019-neues-magic-zubehoer-vorerst-exklusiv#primaryimage"},"thumbnailUrl":"https:\/\/www.apfelpatient.de\/wp-content\/uploads\/2019\/12\/bigstock-Paris-France-Jun-M-312235429.jpg","keywords":["Mac","Pro Display XDR"],"articleSection":"News","inLanguage":"en-US","copyrightYear":"2019","copyrightHolder":{"@id":"https:\/\/www.apfelpatient.de\/en\/#organization"}},{"@type":"WebPage","@id":"https:\/\/www.apfelpatient.de\/news\/mac-pro-2019-neues-magic-zubehoer-vorerst-exklusiv","url":"https:\/\/www.apfelpatient.de\/news\/mac-pro-2019-neues-magic-zubehoer-vorerst-exklusiv","name":"Mac Pro 2019: New Magic accessories initially exclusive","isPartOf":{"@id":"https:\/\/www.apfelpatient.de\/#website"},"primaryImageOfPage":{"@id":"https:\/\/www.apfelpatient.de\/news\/mac-pro-2019-neues-magic-zubehoer-vorerst-exklusiv#primaryimage"},"image":{"@id":"https:\/\/www.apfelpatient.de\/news\/mac-pro-2019-neues-magic-zubehoer-vorerst-exklusiv#primaryimage"},"thumbnailUrl":"https:\/\/www.apfelpatient.de\/wp-content\/uploads\/2019\/12\/bigstock-Paris-France-Jun-M-312235429.jpg","datePublished":"2019-12-10T19:11:19+00:00","dateModified":"2025-02-06T06:53:09+00:00","description":"Apple is now accepting orders for the Mac Pro 2019 and the Pro Display XDR. Buyers of a Mac Pro can look forward to new accessories.","breadcrumb":{"@id":"https:\/\/www.apfelpatient.de\/news\/mac-pro-2019-neues-magic-zubehoer-vorerst-exklusiv#breadcrumb"},"inLanguage":"en-US","potentialAction":[{"@type":"ReadAction","target":["https:\/\/www.apfelpatient.de\/news\/mac-pro-2019-neues-magic-zubehoer-vorerst-exklusiv"]}]},{"@type":"ImageObject","inLanguage":"en-US","@id":"https:\/\/www.apfelpatient.de\/news\/mac-pro-2019-neues-magic-zubehoer-vorerst-exklusiv#primaryimage","url":"https:\/\/www.apfelpatient.de\/wp-content\/uploads\/2019\/12\/bigstock-Paris-France-Jun-M-312235429.jpg","contentUrl":"https:\/\/www.apfelpatient.de\/wp-content\/uploads\/2019\/12\/bigstock-Paris-France-Jun-M-312235429.jpg","width":1600,"height":1067,"caption":"Paris, France - Jun 6, 2019: Man reading on Apple iPad Pro tablet about latest announcement of at Developers Conference WWDC - showing the Mac Pro workstation with acceosries and wireless wi-fi"},{"@type":"BreadcrumbList","@id":"https:\/\/www.apfelpatient.de\/news\/mac-pro-2019-neues-magic-zubehoer-vorerst-exklusiv#breadcrumb","itemListElement":[{"@type":"ListItem","position":1,"name":"Startseite","item":"https:\/\/www.apfelpatient.de\/"},{"@type":"ListItem","position":2,"name":"Mac Pro 2019: Neues Magic-Zubeh\u00f6r vorerst exklusiv"}]},{"@type":"WebSite","@id":"https:\/\/www.apfelpatient.de\/#website","url":"https:\/\/www.apfelpatient.de\/","name":"apple patient","description":"Everything about Apple!","publisher":{"@type":"Organization","@id":"https:\/\/www.apfelpatient.de\/en\/#organization","name":"Apfelpatient","url":"https:\/\/www.apfelpatient.de\/en\/"},"alternateName":"Apfelpatient","potentialAction":[{"@type":"SearchAction","target":{"@type":"EntryPoint","urlTemplate":"https:\/\/www.apfelpatient.de\/?s={search_term_string}"},"query-input":{"@type":"PropertyValueSpecification","valueRequired":true,"valueName":"search_term_string"}}],"inLanguage":"en-US"},{"@type":["Person","Organization"],"@id":"https:\/\/www.apfelpatient.de\/#\/schema\/person\/7dc56ad6c8e9824b76d2c08d4c140e13","name":"Milan","logo":{"@id":"https:\/\/www.apfelpatient.de\/#\/schema\/person\/image\/"},"description":"Hello and welcome to my technology blog! As a big Apple fan, I report on everything to do with Apple: from the latest news and exciting rumors to helpful tips and tricks and detailed product tests. If you are as enthusiastic about technology as I am, you have come to the right place!","sameAs":["https:\/\/www.facebook.com\/apfelpatientOfficial","https:\/\/www.linkedin.com\/in\/milan-jovicic-42aa0231b"],"url":"https:\/\/www.apfelpatient.de\/en\/author\/apfeladmin"}]}},"_links":{"self":[{"href":"https:\/\/www.apfelpatient.de\/en\/wp-json\/wp\/v2\/posts\/8309","targetHints":{"allow":["GET"]}}],"collection":[{"href":"https:\/\/www.apfelpatient.de\/en\/wp-json\/wp\/v2\/posts"}],"about":[{"href":"https:\/\/www.apfelpatient.de\/en\/wp-json\/wp\/v2\/types\/post"}],"author":[{"embeddable":true,"href":"https:\/\/www.apfelpatient.de\/en\/wp-json\/wp\/v2\/users\/2"}],"replies":[{"embeddable":true,"href":"https:\/\/www.apfelpatient.de\/en\/wp-json\/wp\/v2\/comments?post=8309"}],"version-history":[{"count":0,"href":"https:\/\/www.apfelpatient.de\/en\/wp-json\/wp\/v2\/posts\/8309\/revisions"}],"wp:featuredmedia":[{"embeddable":true,"href":"https:\/\/www.apfelpatient.de\/en\/wp-json\/wp\/v2\/media\/8307"}],"wp:attachment":[{"href":"https:\/\/www.apfelpatient.de\/en\/wp-json\/wp\/v2\/media?parent=8309"}],"wp:term":[{"taxonomy":"category","embeddable":true,"href":"https:\/\/www.apfelpatient.de\/en\/wp-json\/wp\/v2\/categories?post=8309"},{"taxonomy":"post_tag","embeddable":true,"href":"https:\/\/www.apfelpatient.de\/en\/wp-json\/wp\/v2\/tags?post=8309"}],"curies":[{"name":"wp","href":"https:\/\/api.w.org\/{rel}","templated":true}]}}