{"id":8295,"date":"2019-12-10T18:25:25","date_gmt":"2019-12-10T17:25:25","guid":{"rendered":"https:\/\/www.apfelpatient.de\/?p=8295"},"modified":"2019-12-10T18:25:25","modified_gmt":"2019-12-10T17:25:25","slug":"mac-pro-2019-now-available-for-pre-order","status":"publish","type":"post","link":"https:\/\/www.apfelpatient.de\/en\/news\/mac-pro-2019-ab-sofort-vorbestellbar","title":{"rendered":"Mac Pro 2019 now available for pre-order"},"content":{"rendered":"<p class=\"has-drop-cap\"><strong>The wait is finally over. The new Mac Pro 2019 and the Pro Display XDR can now be pre-ordered from Apple&#039;s online shop.&nbsp;<\/strong><\/p>\n\n\n\n<p>The new Mac Pro is a real powerhouse and should appeal to every power user. Apple&#039;s new machine can manage up to 28 Intel Xeon processors, 1.5 TB of ECC RAM, 4 TB of SSD storage and AMD Radeon Pro Vega II Duo graphics with 64 GB of HBM2 memory. The new Mac computer also has eight PCIe expansion slots. The beast, of course, appears in a completely new design.<\/p>\n\n\n\n<h3 class=\"wp-block-heading\">stainless steel frame, aluminum housing and more<\/h3>\n\n\n\n<p>This consists of a stainless steel frame with smooth handles and an aluminum casing. The casing has a grid pattern to improve ventilation. The entry-level price for the new power PC is around 6,499 euros. It includes an 8-core Intel Xeon processor, 32 GB ECC RAM, a Radeon Pro 580X graphics card and 256 GB SSD storage. The price for the maximum configuration is around 52,599 US dollars - a euro price is not listed at the moment. Delivery will take place in one to two weeks.<\/p>\n\n\n\n<p><strong><em>Update:<\/em><\/strong> The new Mac Pro costs over 60,000 euros in the maximum configuration<\/p>\n\n\n\n<h3 class=\"wp-block-heading\">Pro Display XDR<\/h3>\n\n\n\n<p>In addition to the new Mac Pro, the professional screen called Pro XDR Display, which Apple announced in the summer, has also been added to the store. Those interested can purchase the monitor starting at 5,499 euros. Anyone who needs the right stand to adjust the height will have to pay an additional 1,099 euros. The new screen will be delivered from December 19th. <em>(Photo by hadrian \/ Bigstockphoto)<\/em><\/p>","protected":false},"excerpt":{"rendered":"<p>The wait is finally over. The new Mac Pro 2019 and the Pro Display XDR can now be pre-ordered from Apple&#039;s online shop. <\/p>","protected":false},"author":2,"featured_media":6914,"comment_status":"closed","ping_status":"closed","sticky":false,"template":"","format":"standard","meta":{"jnews-multi-image_gallery":[],"jnews_single_post":{"subtitle":"","format":"standard","video":"","gallery":"","source_name":"","source_url":"","via_name":"","via_url":"","override":[{"single_blog_custom":"","sidebar":"","second_sidebar":"","share_position":"","share_float_style":"","post_date_format":"","post_date_format_custom":"","post_reading_time_wpm":"","zoom_button_out_step":"1","zoom_button_in_step":"1","number_popup_post":"1"}],"image_override":[{"single_post_thumbnail_size":"","single_post_gallery_size":""}],"trending_post_position":"","trending_post_label":""},"jnews_primary_category":{"id":"265"},"footnotes":""},"categories":[9],"tags":[40,356],"class_list":["post-8295","post","type-post","status-publish","format-standard","has-post-thumbnail","hentry","category-news","tag-mac","tag-pro-display-xdr"],"yoast_head":"<!-- This site is optimized with the Yoast SEO Premium plugin v27.5 (Yoast SEO v27.5) - https:\/\/yoast.com\/product\/yoast-seo-premium-wordpress\/ -->\n<title>Mac Pro 2019 ab sofort vorbestellbar<\/title>\n<meta name=\"description\" content=\"Das Warten hat nun endlich ein Ende. Der neue Mac Pro 2019 sowie das Pro Display XDR k\u00f6nnen ab sofort bei Apple im Online Shop vorbestellt werden.\" \/>\n<meta name=\"robots\" content=\"index, follow, max-snippet:-1, max-image-preview:large, max-video-preview:-1\" \/>\n<link rel=\"canonical\" href=\"https:\/\/www.apfelpatient.de\/en\/news\/mac-pro-2019-now-available-for-pre-order\" \/>\n<meta property=\"og:locale\" content=\"en_US\" \/>\n<meta property=\"og:type\" content=\"article\" \/>\n<meta property=\"og:title\" content=\"Mac Pro 2019 ab sofort vorbestellbar\" \/>\n<meta property=\"og:description\" content=\"Das Warten hat nun endlich ein Ende. Der neue Mac Pro 2019 sowie das Pro Display XDR k\u00f6nnen ab sofort bei Apple im Online Shop vorbestellt werden.\" \/>\n<meta property=\"og:url\" content=\"https:\/\/www.apfelpatient.de\/en\/news\/mac-pro-2019-now-available-for-pre-order\" \/>\n<meta property=\"og:site_name\" content=\"Apfelpatient\" \/>\n<meta property=\"article:publisher\" content=\"https:\/\/www.facebook.com\/apfelpatientOfficial\" \/>\n<meta property=\"article:author\" content=\"https:\/\/www.facebook.com\/apfelpatientOfficial\" \/>\n<meta property=\"article:published_time\" content=\"2019-12-10T17:25:25+00:00\" \/>\n<meta property=\"og:image\" content=\"https:\/\/www.apfelpatient.de\/wp-content\/uploads\/2019\/10\/bigstock-Paris-France-Jun-M-305235892.jpg\" \/>\n\t<meta property=\"og:image:width\" content=\"1600\" \/>\n\t<meta property=\"og:image:height\" content=\"1067\" \/>\n\t<meta property=\"og:image:type\" content=\"image\/jpeg\" \/>\n<meta name=\"author\" content=\"Milan\" \/>\n<meta name=\"twitter:card\" content=\"summary_large_image\" \/>\n<meta name=\"twitter:title\" content=\"Mac Pro 2019 ab sofort vorbestellbar\" \/>\n<meta name=\"twitter:label1\" content=\"Written by\" \/>\n\t<meta name=\"twitter:data1\" content=\"Milan\" \/>\n\t<meta name=\"twitter:label2\" content=\"Est. reading time\" \/>\n\t<meta name=\"twitter:data2\" content=\"1 minute\" \/>\n<script type=\"application\/ld+json\" class=\"yoast-schema-graph\">{\"@context\":\"https:\\\/\\\/schema.org\",\"@graph\":[{\"@type\":\"NewsArticle\",\"@id\":\"https:\\\/\\\/www.apfelpatient.de\\\/news\\\/mac-pro-2019-ab-sofort-vorbestellbar#article\",\"isPartOf\":{\"@id\":\"https:\\\/\\\/www.apfelpatient.de\\\/news\\\/mac-pro-2019-ab-sofort-vorbestellbar\"},\"author\":{\"@type\":\"Organization\",\"@id\":\"https:\\\/\\\/www.apfelpatient.de\\\/en\\\/#organization\",\"name\":\"Apfelpatient\",\"url\":\"https:\\\/\\\/www.apfelpatient.de\\\/en\\\/\"},\"headline\":\"Mac Pro 2019 ab sofort vorbestellbar\",\"datePublished\":\"2019-12-10T17:25:25+00:00\",\"mainEntityOfPage\":{\"@id\":\"https:\\\/\\\/www.apfelpatient.de\\\/news\\\/mac-pro-2019-ab-sofort-vorbestellbar\"},\"wordCount\":267,\"publisher\":{\"@type\":\"Organization\",\"@id\":\"https:\\\/\\\/www.apfelpatient.de\\\/en\\\/#organization\",\"name\":\"Apfelpatient\",\"url\":\"https:\\\/\\\/www.apfelpatient.de\\\/en\\\/\"},\"image\":{\"@id\":\"https:\\\/\\\/www.apfelpatient.de\\\/news\\\/mac-pro-2019-ab-sofort-vorbestellbar#primaryimage\"},\"thumbnailUrl\":\"https:\\\/\\\/www.apfelpatient.de\\\/wp-content\\\/uploads\\\/2019\\\/10\\\/bigstock-Paris-France-Jun-M-305235892.jpg\",\"keywords\":[\"Mac\",\"Pro Display XDR\"],\"articleSection\":\"News\",\"inLanguage\":\"en-US\",\"copyrightYear\":\"2019\",\"copyrightHolder\":{\"@id\":\"https:\\\/\\\/www.apfelpatient.de\\\/en\\\/#organization\"}},{\"@type\":\"WebPage\",\"@id\":\"https:\\\/\\\/www.apfelpatient.de\\\/news\\\/mac-pro-2019-ab-sofort-vorbestellbar\",\"url\":\"https:\\\/\\\/www.apfelpatient.de\\\/news\\\/mac-pro-2019-ab-sofort-vorbestellbar\",\"name\":\"Mac Pro 2019 ab sofort vorbestellbar\",\"isPartOf\":{\"@id\":\"https:\\\/\\\/www.apfelpatient.de\\\/#website\"},\"primaryImageOfPage\":{\"@id\":\"https:\\\/\\\/www.apfelpatient.de\\\/news\\\/mac-pro-2019-ab-sofort-vorbestellbar#primaryimage\"},\"image\":{\"@id\":\"https:\\\/\\\/www.apfelpatient.de\\\/news\\\/mac-pro-2019-ab-sofort-vorbestellbar#primaryimage\"},\"thumbnailUrl\":\"https:\\\/\\\/www.apfelpatient.de\\\/wp-content\\\/uploads\\\/2019\\\/10\\\/bigstock-Paris-France-Jun-M-305235892.jpg\",\"datePublished\":\"2019-12-10T17:25:25+00:00\",\"description\":\"Das Warten hat nun endlich ein Ende. Der neue Mac Pro 2019 sowie das Pro Display XDR k\u00f6nnen ab sofort bei Apple im Online Shop vorbestellt werden.\",\"breadcrumb\":{\"@id\":\"https:\\\/\\\/www.apfelpatient.de\\\/news\\\/mac-pro-2019-ab-sofort-vorbestellbar#breadcrumb\"},\"inLanguage\":\"en-US\",\"potentialAction\":[{\"@type\":\"ReadAction\",\"target\":[\"https:\\\/\\\/www.apfelpatient.de\\\/news\\\/mac-pro-2019-ab-sofort-vorbestellbar\"]}]},{\"@type\":\"ImageObject\",\"inLanguage\":\"en-US\",\"@id\":\"https:\\\/\\\/www.apfelpatient.de\\\/news\\\/mac-pro-2019-ab-sofort-vorbestellbar#primaryimage\",\"url\":\"https:\\\/\\\/www.apfelpatient.de\\\/wp-content\\\/uploads\\\/2019\\\/10\\\/bigstock-Paris-France-Jun-M-305235892.jpg\",\"contentUrl\":\"https:\\\/\\\/www.apfelpatient.de\\\/wp-content\\\/uploads\\\/2019\\\/10\\\/bigstock-Paris-France-Jun-M-305235892.jpg\",\"width\":1600,\"height\":1067,\"caption\":\"Paris, France - Jun 6, 2019: Man reading on Apple iPad Pro tablet about latest announcement of at Apple Worldwide Developers Conference WWDC - showing the new Mac Pro workstation interior components\"},{\"@type\":\"BreadcrumbList\",\"@id\":\"https:\\\/\\\/www.apfelpatient.de\\\/news\\\/mac-pro-2019-ab-sofort-vorbestellbar#breadcrumb\",\"itemListElement\":[{\"@type\":\"ListItem\",\"position\":1,\"name\":\"Startseite\",\"item\":\"https:\\\/\\\/www.apfelpatient.de\\\/\"},{\"@type\":\"ListItem\",\"position\":2,\"name\":\"Mac Pro 2019 ab sofort vorbestellbar\"}]},{\"@type\":\"WebSite\",\"@id\":\"https:\\\/\\\/www.apfelpatient.de\\\/#website\",\"url\":\"https:\\\/\\\/www.apfelpatient.de\\\/\",\"name\":\"Apfelpatient\",\"description\":\"Alles rund um Apple!\",\"publisher\":{\"@type\":\"Organization\",\"@id\":\"https:\\\/\\\/www.apfelpatient.de\\\/en\\\/#organization\",\"name\":\"Apfelpatient\",\"url\":\"https:\\\/\\\/www.apfelpatient.de\\\/en\\\/\"},\"alternateName\":\"Apfelpatient\",\"potentialAction\":[{\"@type\":\"SearchAction\",\"target\":{\"@type\":\"EntryPoint\",\"urlTemplate\":\"https:\\\/\\\/www.apfelpatient.de\\\/?s={search_term_string}\"},\"query-input\":{\"@type\":\"PropertyValueSpecification\",\"valueRequired\":true,\"valueName\":\"search_term_string\"}}],\"inLanguage\":\"en-US\"},{\"@type\":[\"Person\",\"Organization\"],\"@id\":\"https:\\\/\\\/www.apfelpatient.de\\\/#\\\/schema\\\/person\\\/7dc56ad6c8e9824b76d2c08d4c140e13\",\"name\":\"Milan\",\"logo\":{\"@id\":\"https:\\\/\\\/www.apfelpatient.de\\\/#\\\/schema\\\/person\\\/image\\\/\"},\"description\":\"Hallo und herzlich willkommen auf meinem Technik-Blog! Als gro\u00dfer Apple-Fan berichte ich hier \u00fcber alles, was mit Apple zu tun hat: von den neuesten News und spannenden Ger\u00fcchten \u00fcber hilfreiche Tipps und Tricks bis hin zu ausf\u00fchrlichen Produkttests. Wenn du genauso technikbegeistert bist wie ich, bist du hier genau richtig!\",\"sameAs\":[\"https:\\\/\\\/www.facebook.com\\\/apfelpatientOfficial\",\"https:\\\/\\\/www.linkedin.com\\\/in\\\/milan-jovicic-42aa0231b\"],\"url\":\"https:\\\/\\\/www.apfelpatient.de\\\/en\\\/author\\\/apfeladmin\"}]}<\/script>\n<!-- \/ Yoast SEO Premium plugin. -->","yoast_head_json":{"title":"Mac Pro 2019 now available for pre-order","description":"The wait is finally over. The new Mac Pro 2019 and the Pro Display XDR can now be pre-ordered from Apple&#039;s online shop.","robots":{"index":"index","follow":"follow","max-snippet":"max-snippet:-1","max-image-preview":"max-image-preview:large","max-video-preview":"max-video-preview:-1"},"canonical":"https:\/\/www.apfelpatient.de\/en\/news\/mac-pro-2019-now-available-for-pre-order","og_locale":"en_US","og_type":"article","og_title":"Mac Pro 2019 ab sofort vorbestellbar","og_description":"Das Warten hat nun endlich ein Ende. Der neue Mac Pro 2019 sowie das Pro Display XDR k\u00f6nnen ab sofort bei Apple im Online Shop vorbestellt werden.","og_url":"https:\/\/www.apfelpatient.de\/en\/news\/mac-pro-2019-now-available-for-pre-order","og_site_name":"Apfelpatient","article_publisher":"https:\/\/www.facebook.com\/apfelpatientOfficial","article_author":"https:\/\/www.facebook.com\/apfelpatientOfficial","article_published_time":"2019-12-10T17:25:25+00:00","og_image":[{"width":1600,"height":1067,"url":"https:\/\/www.apfelpatient.de\/wp-content\/uploads\/2019\/10\/bigstock-Paris-France-Jun-M-305235892.jpg","type":"image\/jpeg"}],"author":"Milan","twitter_card":"summary_large_image","twitter_title":"Mac Pro 2019 ab sofort vorbestellbar","twitter_misc":{"Written by":"Milan","Est. reading time":"1 minute"},"schema":{"@context":"https:\/\/schema.org","@graph":[{"@type":"NewsArticle","@id":"https:\/\/www.apfelpatient.de\/news\/mac-pro-2019-ab-sofort-vorbestellbar#article","isPartOf":{"@id":"https:\/\/www.apfelpatient.de\/news\/mac-pro-2019-ab-sofort-vorbestellbar"},"author":{"@type":"Organization","@id":"https:\/\/www.apfelpatient.de\/en\/#organization","name":"Apfelpatient","url":"https:\/\/www.apfelpatient.de\/en\/"},"headline":"Mac Pro 2019 ab sofort vorbestellbar","datePublished":"2019-12-10T17:25:25+00:00","mainEntityOfPage":{"@id":"https:\/\/www.apfelpatient.de\/news\/mac-pro-2019-ab-sofort-vorbestellbar"},"wordCount":267,"publisher":{"@type":"Organization","@id":"https:\/\/www.apfelpatient.de\/en\/#organization","name":"Apfelpatient","url":"https:\/\/www.apfelpatient.de\/en\/"},"image":{"@id":"https:\/\/www.apfelpatient.de\/news\/mac-pro-2019-ab-sofort-vorbestellbar#primaryimage"},"thumbnailUrl":"https:\/\/www.apfelpatient.de\/wp-content\/uploads\/2019\/10\/bigstock-Paris-France-Jun-M-305235892.jpg","keywords":["Mac","Pro Display XDR"],"articleSection":"News","inLanguage":"en-US","copyrightYear":"2019","copyrightHolder":{"@id":"https:\/\/www.apfelpatient.de\/en\/#organization"}},{"@type":"WebPage","@id":"https:\/\/www.apfelpatient.de\/news\/mac-pro-2019-ab-sofort-vorbestellbar","url":"https:\/\/www.apfelpatient.de\/news\/mac-pro-2019-ab-sofort-vorbestellbar","name":"Mac Pro 2019 now available for pre-order","isPartOf":{"@id":"https:\/\/www.apfelpatient.de\/#website"},"primaryImageOfPage":{"@id":"https:\/\/www.apfelpatient.de\/news\/mac-pro-2019-ab-sofort-vorbestellbar#primaryimage"},"image":{"@id":"https:\/\/www.apfelpatient.de\/news\/mac-pro-2019-ab-sofort-vorbestellbar#primaryimage"},"thumbnailUrl":"https:\/\/www.apfelpatient.de\/wp-content\/uploads\/2019\/10\/bigstock-Paris-France-Jun-M-305235892.jpg","datePublished":"2019-12-10T17:25:25+00:00","description":"The wait is finally over. The new Mac Pro 2019 and the Pro Display XDR can now be pre-ordered from Apple&#039;s online shop.","breadcrumb":{"@id":"https:\/\/www.apfelpatient.de\/news\/mac-pro-2019-ab-sofort-vorbestellbar#breadcrumb"},"inLanguage":"en-US","potentialAction":[{"@type":"ReadAction","target":["https:\/\/www.apfelpatient.de\/news\/mac-pro-2019-ab-sofort-vorbestellbar"]}]},{"@type":"ImageObject","inLanguage":"en-US","@id":"https:\/\/www.apfelpatient.de\/news\/mac-pro-2019-ab-sofort-vorbestellbar#primaryimage","url":"https:\/\/www.apfelpatient.de\/wp-content\/uploads\/2019\/10\/bigstock-Paris-France-Jun-M-305235892.jpg","contentUrl":"https:\/\/www.apfelpatient.de\/wp-content\/uploads\/2019\/10\/bigstock-Paris-France-Jun-M-305235892.jpg","width":1600,"height":1067,"caption":"Paris, France - Jun 6, 2019: Man reading on Apple iPad Pro tablet about latest announcement of at Apple Worldwide Developers Conference WWDC - showing the new Mac Pro workstation interior components"},{"@type":"BreadcrumbList","@id":"https:\/\/www.apfelpatient.de\/news\/mac-pro-2019-ab-sofort-vorbestellbar#breadcrumb","itemListElement":[{"@type":"ListItem","position":1,"name":"Startseite","item":"https:\/\/www.apfelpatient.de\/"},{"@type":"ListItem","position":2,"name":"Mac Pro 2019 ab sofort vorbestellbar"}]},{"@type":"WebSite","@id":"https:\/\/www.apfelpatient.de\/#website","url":"https:\/\/www.apfelpatient.de\/","name":"apple patient","description":"Everything about Apple!","publisher":{"@type":"Organization","@id":"https:\/\/www.apfelpatient.de\/en\/#organization","name":"Apfelpatient","url":"https:\/\/www.apfelpatient.de\/en\/"},"alternateName":"Apfelpatient","potentialAction":[{"@type":"SearchAction","target":{"@type":"EntryPoint","urlTemplate":"https:\/\/www.apfelpatient.de\/?s={search_term_string}"},"query-input":{"@type":"PropertyValueSpecification","valueRequired":true,"valueName":"search_term_string"}}],"inLanguage":"en-US"},{"@type":["Person","Organization"],"@id":"https:\/\/www.apfelpatient.de\/#\/schema\/person\/7dc56ad6c8e9824b76d2c08d4c140e13","name":"Milan","logo":{"@id":"https:\/\/www.apfelpatient.de\/#\/schema\/person\/image\/"},"description":"Hello and welcome to my technology blog! As a big Apple fan, I report on everything to do with Apple: from the latest news and exciting rumors to helpful tips and tricks and detailed product tests. If you are as enthusiastic about technology as I am, you have come to the right place!","sameAs":["https:\/\/www.facebook.com\/apfelpatientOfficial","https:\/\/www.linkedin.com\/in\/milan-jovicic-42aa0231b"],"url":"https:\/\/www.apfelpatient.de\/en\/author\/apfeladmin"}]}},"_links":{"self":[{"href":"https:\/\/www.apfelpatient.de\/en\/wp-json\/wp\/v2\/posts\/8295","targetHints":{"allow":["GET"]}}],"collection":[{"href":"https:\/\/www.apfelpatient.de\/en\/wp-json\/wp\/v2\/posts"}],"about":[{"href":"https:\/\/www.apfelpatient.de\/en\/wp-json\/wp\/v2\/types\/post"}],"author":[{"embeddable":true,"href":"https:\/\/www.apfelpatient.de\/en\/wp-json\/wp\/v2\/users\/2"}],"replies":[{"embeddable":true,"href":"https:\/\/www.apfelpatient.de\/en\/wp-json\/wp\/v2\/comments?post=8295"}],"version-history":[{"count":0,"href":"https:\/\/www.apfelpatient.de\/en\/wp-json\/wp\/v2\/posts\/8295\/revisions"}],"wp:featuredmedia":[{"embeddable":true,"href":"https:\/\/www.apfelpatient.de\/en\/wp-json\/wp\/v2\/media\/6914"}],"wp:attachment":[{"href":"https:\/\/www.apfelpatient.de\/en\/wp-json\/wp\/v2\/media?parent=8295"}],"wp:term":[{"taxonomy":"category","embeddable":true,"href":"https:\/\/www.apfelpatient.de\/en\/wp-json\/wp\/v2\/categories?post=8295"},{"taxonomy":"post_tag","embeddable":true,"href":"https:\/\/www.apfelpatient.de\/en\/wp-json\/wp\/v2\/tags?post=8295"}],"curies":[{"name":"wp","href":"https:\/\/api.w.org\/{rel}","templated":true}]}}