{"id":8197,"date":"2019-12-07T17:58:57","date_gmt":"2019-12-07T16:58:57","guid":{"rendered":"https:\/\/www.apfelpatient.de\/?p=8197"},"modified":"2025-02-06T07:52:59","modified_gmt":"2025-02-06T06:52:59","slug":"macbook-pro-16-audio-problems-update-follows","status":"publish","type":"post","link":"https:\/\/www.apfelpatient.de\/en\/news\/macbook-pro-16-audioprobleme-update-folgt","title":{"rendered":"MacBook Pro 16\u2033 audio problems: Update follows"},"content":{"rendered":"<p class=\"has-drop-cap\"><strong>Some users of a MacBook Pro 16\u2033 model are currently experiencing an audio problem. Strange noises occur when playing music or videos \u2013 but this should soon be over.<\/strong><\/p>\n\n\n\n<p>Yesterday we talked about <a href=\"https:\/\/www.apfelpatient.de\/en\">reported<\/a>that users of a MacBook Pro 16\u2033 model are increasingly complaining about sound problems. The topic is being discussed under the title \u201ccracking\/popping sound\u201d. This is said to result in strange noises when playing music or videos. An official statement from Apple is still pending, but an internal document reveals the plan. As our colleagues at MacRumors report, authorized Apple service partners have received information. It says:<\/p>\n\n\n\n<blockquote class=\"wp-block-quote is-layout-flow wp-block-quote-is-layout-flow\"><p>When using Final Cut Pro X, Logic Pro X, QuickTime Player, Music, Movies, or other applications to play audio, users may hear a pop from the speakers after playback stops. Apple is investigating the issue. A fix is planned for future software updates. Do not establish service or replace the user&#039;s computer as this is a software-related issue.<\/p><cite>Apple<\/cite><\/blockquote>\n\n\n\n\n\n\n\n<p>As expected, the problem is a software error. It remains to be seen when the corresponding update will actually be released. However, it can be assumed that the update will be released soon.&nbsp;<em>(Photo by NZPhotography \/ Bigstockphoto)<\/em><\/p>\n\n\n\n<p><strong><em>Countdown 2019: 31 days \u2013 31 offers in the iTunes Store \u2013 discounted today:<\/em><\/strong>&nbsp;<a href=\"https:\/\/apple.co\/2DSPoNN\"><em>\u201cSpider-Man: A New Universe\u201d<\/em><\/a><\/p>","protected":false},"excerpt":{"rendered":"<p>Strange noises occur when playing music or videos \u2013 but this should soon stop.<\/p>","protected":false},"author":2,"featured_media":8196,"comment_status":"closed","ping_status":"closed","sticky":false,"template":"","format":"standard","meta":{"jnews-multi-image_gallery":[],"jnews_single_post":{"subtitle":"","format":"standard","video":"","gallery":"","source_name":"","source_url":"","via_name":"MacRumors","via_url":"https:\/\/www.macrumors.com\/2019\/12\/06\/apple-plans-fix-16-inch-macbook-pro-popping-sound\/","override":[{"single_blog_custom":"","sidebar":"","second_sidebar":"","share_position":"","share_float_style":"","post_date_format":"","post_date_format_custom":"","post_reading_time_wpm":"","zoom_button_out_step":"1","zoom_button_in_step":"1","number_popup_post":"1"}],"image_override":[{"single_post_thumbnail_size":"","single_post_gallery_size":""}],"trending_post_position":"","trending_post_label":""},"jnews_primary_category":{"id":"265"},"footnotes":""},"categories":[9],"tags":[40],"class_list":["post-8197","post","type-post","status-publish","format-standard","has-post-thumbnail","hentry","category-news","tag-mac"],"yoast_head":"<!-- This site is optimized with the Yoast SEO Premium plugin v27.5 (Yoast SEO v27.5) - https:\/\/yoast.com\/product\/yoast-seo-premium-wordpress\/ -->\n<title>MacBook Pro 16&quot; Audioprobleme: Update folgt<\/title>\n<meta name=\"description\" content=\"Bei der Musik- bzw. Videowiedergabe kommt es zu seltsamen Ger\u00e4uschen - doch damit soll schon bald Schluss sein.\" \/>\n<meta name=\"robots\" content=\"index, follow, max-snippet:-1, max-image-preview:large, max-video-preview:-1\" \/>\n<link rel=\"canonical\" href=\"https:\/\/www.apfelpatient.de\/en\/news\/macbook-pro-16-audio-problems-update-follows\" \/>\n<meta property=\"og:locale\" content=\"en_US\" \/>\n<meta property=\"og:type\" content=\"article\" \/>\n<meta property=\"og:title\" content=\"MacBook Pro 16&quot; Audioprobleme: Update folgt\" \/>\n<meta property=\"og:description\" content=\"Bei der Musik- bzw. Videowiedergabe kommt es zu seltsamen Ger\u00e4uschen - doch damit soll schon bald Schluss sein.\" \/>\n<meta property=\"og:url\" content=\"https:\/\/www.apfelpatient.de\/en\/news\/macbook-pro-16-audio-problems-update-follows\" \/>\n<meta property=\"og:site_name\" content=\"Apfelpatient\" \/>\n<meta property=\"article:publisher\" content=\"https:\/\/www.facebook.com\/apfelpatientOfficial\" \/>\n<meta property=\"article:author\" content=\"https:\/\/www.facebook.com\/apfelpatientOfficial\" \/>\n<meta property=\"article:published_time\" content=\"2019-12-07T16:58:57+00:00\" \/>\n<meta property=\"article:modified_time\" content=\"2025-02-06T06:52:59+00:00\" \/>\n<meta property=\"og:image\" content=\"https:\/\/www.apfelpatient.de\/wp-content\/uploads\/2019\/12\/bigstock-Belgrade-Serbia-August-257273248.jpg\" \/>\n\t<meta property=\"og:image:width\" content=\"1600\" \/>\n\t<meta property=\"og:image:height\" content=\"1067\" \/>\n\t<meta property=\"og:image:type\" content=\"image\/jpeg\" \/>\n<meta name=\"author\" content=\"Milan\" \/>\n<meta name=\"twitter:card\" content=\"summary_large_image\" \/>\n<meta name=\"twitter:title\" content=\"MacBook Pro 16&quot; Audioprobleme: Update folgt\" \/>\n<meta name=\"twitter:label1\" content=\"Written by\" \/>\n\t<meta name=\"twitter:data1\" content=\"Milan\" \/>\n\t<meta name=\"twitter:label2\" content=\"Est. reading time\" \/>\n\t<meta name=\"twitter:data2\" content=\"1 minute\" \/>\n<script type=\"application\/ld+json\" class=\"yoast-schema-graph\">{\"@context\":\"https:\\\/\\\/schema.org\",\"@graph\":[{\"@type\":\"NewsArticle\",\"@id\":\"https:\\\/\\\/www.apfelpatient.de\\\/news\\\/macbook-pro-16-audioprobleme-update-folgt#article\",\"isPartOf\":{\"@id\":\"https:\\\/\\\/www.apfelpatient.de\\\/news\\\/macbook-pro-16-audioprobleme-update-folgt\"},\"author\":{\"@type\":\"Organization\",\"@id\":\"https:\\\/\\\/www.apfelpatient.de\\\/en\\\/#organization\",\"name\":\"Apfelpatient\",\"url\":\"https:\\\/\\\/www.apfelpatient.de\\\/en\\\/\"},\"headline\":\"MacBook Pro 16&#8243; Audioprobleme: Update folgt\",\"datePublished\":\"2019-12-07T16:58:57+00:00\",\"dateModified\":\"2025-02-06T06:52:59+00:00\",\"mainEntityOfPage\":{\"@id\":\"https:\\\/\\\/www.apfelpatient.de\\\/news\\\/macbook-pro-16-audioprobleme-update-folgt\"},\"wordCount\":235,\"publisher\":{\"@type\":\"Organization\",\"@id\":\"https:\\\/\\\/www.apfelpatient.de\\\/en\\\/#organization\",\"name\":\"Apfelpatient\",\"url\":\"https:\\\/\\\/www.apfelpatient.de\\\/en\\\/\"},\"image\":{\"@id\":\"https:\\\/\\\/www.apfelpatient.de\\\/news\\\/macbook-pro-16-audioprobleme-update-folgt#primaryimage\"},\"thumbnailUrl\":\"https:\\\/\\\/www.apfelpatient.de\\\/wp-content\\\/uploads\\\/2019\\\/12\\\/bigstock-Belgrade-Serbia-August-257273248.jpg\",\"keywords\":[\"Mac\"],\"articleSection\":\"News\",\"inLanguage\":\"en-US\",\"copyrightYear\":\"2019\",\"copyrightHolder\":{\"@id\":\"https:\\\/\\\/www.apfelpatient.de\\\/en\\\/#organization\"}},{\"@type\":\"WebPage\",\"@id\":\"https:\\\/\\\/www.apfelpatient.de\\\/news\\\/macbook-pro-16-audioprobleme-update-folgt\",\"url\":\"https:\\\/\\\/www.apfelpatient.de\\\/news\\\/macbook-pro-16-audioprobleme-update-folgt\",\"name\":\"MacBook Pro 16\\\" Audioprobleme: Update folgt\",\"isPartOf\":{\"@id\":\"https:\\\/\\\/www.apfelpatient.de\\\/#website\"},\"primaryImageOfPage\":{\"@id\":\"https:\\\/\\\/www.apfelpatient.de\\\/news\\\/macbook-pro-16-audioprobleme-update-folgt#primaryimage\"},\"image\":{\"@id\":\"https:\\\/\\\/www.apfelpatient.de\\\/news\\\/macbook-pro-16-audioprobleme-update-folgt#primaryimage\"},\"thumbnailUrl\":\"https:\\\/\\\/www.apfelpatient.de\\\/wp-content\\\/uploads\\\/2019\\\/12\\\/bigstock-Belgrade-Serbia-August-257273248.jpg\",\"datePublished\":\"2019-12-07T16:58:57+00:00\",\"dateModified\":\"2025-02-06T06:52:59+00:00\",\"description\":\"Bei der Musik- bzw. Videowiedergabe kommt es zu seltsamen Ger\u00e4uschen - doch damit soll schon bald Schluss sein.\",\"breadcrumb\":{\"@id\":\"https:\\\/\\\/www.apfelpatient.de\\\/news\\\/macbook-pro-16-audioprobleme-update-folgt#breadcrumb\"},\"inLanguage\":\"en-US\",\"potentialAction\":[{\"@type\":\"ReadAction\",\"target\":[\"https:\\\/\\\/www.apfelpatient.de\\\/news\\\/macbook-pro-16-audioprobleme-update-folgt\"]}]},{\"@type\":\"ImageObject\",\"inLanguage\":\"en-US\",\"@id\":\"https:\\\/\\\/www.apfelpatient.de\\\/news\\\/macbook-pro-16-audioprobleme-update-folgt#primaryimage\",\"url\":\"https:\\\/\\\/www.apfelpatient.de\\\/wp-content\\\/uploads\\\/2019\\\/12\\\/bigstock-Belgrade-Serbia-August-257273248.jpg\",\"contentUrl\":\"https:\\\/\\\/www.apfelpatient.de\\\/wp-content\\\/uploads\\\/2019\\\/12\\\/bigstock-Belgrade-Serbia-August-257273248.jpg\",\"width\":1600,\"height\":1067,\"caption\":\"Belgrade, Serbia - August 30, 2018: New MacBook Pro laptop with macOS on the screen is displayed in electronic store.\"},{\"@type\":\"BreadcrumbList\",\"@id\":\"https:\\\/\\\/www.apfelpatient.de\\\/news\\\/macbook-pro-16-audioprobleme-update-folgt#breadcrumb\",\"itemListElement\":[{\"@type\":\"ListItem\",\"position\":1,\"name\":\"Startseite\",\"item\":\"https:\\\/\\\/www.apfelpatient.de\\\/\"},{\"@type\":\"ListItem\",\"position\":2,\"name\":\"MacBook Pro 16&#8243; Audioprobleme: Update folgt\"}]},{\"@type\":\"WebSite\",\"@id\":\"https:\\\/\\\/www.apfelpatient.de\\\/#website\",\"url\":\"https:\\\/\\\/www.apfelpatient.de\\\/\",\"name\":\"Apfelpatient\",\"description\":\"Alles rund um Apple!\",\"publisher\":{\"@type\":\"Organization\",\"@id\":\"https:\\\/\\\/www.apfelpatient.de\\\/en\\\/#organization\",\"name\":\"Apfelpatient\",\"url\":\"https:\\\/\\\/www.apfelpatient.de\\\/en\\\/\"},\"alternateName\":\"Apfelpatient\",\"potentialAction\":[{\"@type\":\"SearchAction\",\"target\":{\"@type\":\"EntryPoint\",\"urlTemplate\":\"https:\\\/\\\/www.apfelpatient.de\\\/?s={search_term_string}\"},\"query-input\":{\"@type\":\"PropertyValueSpecification\",\"valueRequired\":true,\"valueName\":\"search_term_string\"}}],\"inLanguage\":\"en-US\"},{\"@type\":[\"Person\",\"Organization\"],\"@id\":\"https:\\\/\\\/www.apfelpatient.de\\\/#\\\/schema\\\/person\\\/7dc56ad6c8e9824b76d2c08d4c140e13\",\"name\":\"Milan\",\"logo\":{\"@id\":\"https:\\\/\\\/www.apfelpatient.de\\\/#\\\/schema\\\/person\\\/image\\\/\"},\"description\":\"Hallo und herzlich willkommen auf meinem Technik-Blog! Als gro\u00dfer Apple-Fan berichte ich hier \u00fcber alles, was mit Apple zu tun hat: von den neuesten News und spannenden Ger\u00fcchten \u00fcber hilfreiche Tipps und Tricks bis hin zu ausf\u00fchrlichen Produkttests. Wenn du genauso technikbegeistert bist wie ich, bist du hier genau richtig!\",\"sameAs\":[\"https:\\\/\\\/www.facebook.com\\\/apfelpatientOfficial\",\"https:\\\/\\\/www.linkedin.com\\\/in\\\/milan-jovicic-42aa0231b\"],\"url\":\"https:\\\/\\\/www.apfelpatient.de\\\/en\\\/author\\\/apfeladmin\"}]}<\/script>\n<!-- \/ Yoast SEO Premium plugin. -->","yoast_head_json":{"title":"MacBook Pro 16&quot; audio problems: Update follows","description":"Strange noises occur when playing music or videos - but this should soon be over.","robots":{"index":"index","follow":"follow","max-snippet":"max-snippet:-1","max-image-preview":"max-image-preview:large","max-video-preview":"max-video-preview:-1"},"canonical":"https:\/\/www.apfelpatient.de\/en\/news\/macbook-pro-16-audio-problems-update-follows","og_locale":"en_US","og_type":"article","og_title":"MacBook Pro 16&quot; Audioprobleme: Update folgt","og_description":"Bei der Musik- bzw. Videowiedergabe kommt es zu seltsamen Ger\u00e4uschen - doch damit soll schon bald Schluss sein.","og_url":"https:\/\/www.apfelpatient.de\/en\/news\/macbook-pro-16-audio-problems-update-follows","og_site_name":"Apfelpatient","article_publisher":"https:\/\/www.facebook.com\/apfelpatientOfficial","article_author":"https:\/\/www.facebook.com\/apfelpatientOfficial","article_published_time":"2019-12-07T16:58:57+00:00","article_modified_time":"2025-02-06T06:52:59+00:00","og_image":[{"width":1600,"height":1067,"url":"https:\/\/www.apfelpatient.de\/wp-content\/uploads\/2019\/12\/bigstock-Belgrade-Serbia-August-257273248.jpg","type":"image\/jpeg"}],"author":"Milan","twitter_card":"summary_large_image","twitter_title":"MacBook Pro 16\" Audioprobleme: Update folgt","twitter_misc":{"Written by":"Milan","Est. reading time":"1 minute"},"schema":{"@context":"https:\/\/schema.org","@graph":[{"@type":"NewsArticle","@id":"https:\/\/www.apfelpatient.de\/news\/macbook-pro-16-audioprobleme-update-folgt#article","isPartOf":{"@id":"https:\/\/www.apfelpatient.de\/news\/macbook-pro-16-audioprobleme-update-folgt"},"author":{"@type":"Organization","@id":"https:\/\/www.apfelpatient.de\/en\/#organization","name":"Apfelpatient","url":"https:\/\/www.apfelpatient.de\/en\/"},"headline":"MacBook Pro 16&#8243; Audioprobleme: Update folgt","datePublished":"2019-12-07T16:58:57+00:00","dateModified":"2025-02-06T06:52:59+00:00","mainEntityOfPage":{"@id":"https:\/\/www.apfelpatient.de\/news\/macbook-pro-16-audioprobleme-update-folgt"},"wordCount":235,"publisher":{"@type":"Organization","@id":"https:\/\/www.apfelpatient.de\/en\/#organization","name":"Apfelpatient","url":"https:\/\/www.apfelpatient.de\/en\/"},"image":{"@id":"https:\/\/www.apfelpatient.de\/news\/macbook-pro-16-audioprobleme-update-folgt#primaryimage"},"thumbnailUrl":"https:\/\/www.apfelpatient.de\/wp-content\/uploads\/2019\/12\/bigstock-Belgrade-Serbia-August-257273248.jpg","keywords":["Mac"],"articleSection":"News","inLanguage":"en-US","copyrightYear":"2019","copyrightHolder":{"@id":"https:\/\/www.apfelpatient.de\/en\/#organization"}},{"@type":"WebPage","@id":"https:\/\/www.apfelpatient.de\/news\/macbook-pro-16-audioprobleme-update-folgt","url":"https:\/\/www.apfelpatient.de\/news\/macbook-pro-16-audioprobleme-update-folgt","name":"MacBook Pro 16&quot; audio problems: Update follows","isPartOf":{"@id":"https:\/\/www.apfelpatient.de\/#website"},"primaryImageOfPage":{"@id":"https:\/\/www.apfelpatient.de\/news\/macbook-pro-16-audioprobleme-update-folgt#primaryimage"},"image":{"@id":"https:\/\/www.apfelpatient.de\/news\/macbook-pro-16-audioprobleme-update-folgt#primaryimage"},"thumbnailUrl":"https:\/\/www.apfelpatient.de\/wp-content\/uploads\/2019\/12\/bigstock-Belgrade-Serbia-August-257273248.jpg","datePublished":"2019-12-07T16:58:57+00:00","dateModified":"2025-02-06T06:52:59+00:00","description":"Strange noises occur when playing music or videos - but this should soon be over.","breadcrumb":{"@id":"https:\/\/www.apfelpatient.de\/news\/macbook-pro-16-audioprobleme-update-folgt#breadcrumb"},"inLanguage":"en-US","potentialAction":[{"@type":"ReadAction","target":["https:\/\/www.apfelpatient.de\/news\/macbook-pro-16-audioprobleme-update-folgt"]}]},{"@type":"ImageObject","inLanguage":"en-US","@id":"https:\/\/www.apfelpatient.de\/news\/macbook-pro-16-audioprobleme-update-folgt#primaryimage","url":"https:\/\/www.apfelpatient.de\/wp-content\/uploads\/2019\/12\/bigstock-Belgrade-Serbia-August-257273248.jpg","contentUrl":"https:\/\/www.apfelpatient.de\/wp-content\/uploads\/2019\/12\/bigstock-Belgrade-Serbia-August-257273248.jpg","width":1600,"height":1067,"caption":"Belgrade, Serbia - August 30, 2018: New MacBook Pro laptop with macOS on the screen is displayed in electronic store."},{"@type":"BreadcrumbList","@id":"https:\/\/www.apfelpatient.de\/news\/macbook-pro-16-audioprobleme-update-folgt#breadcrumb","itemListElement":[{"@type":"ListItem","position":1,"name":"Startseite","item":"https:\/\/www.apfelpatient.de\/"},{"@type":"ListItem","position":2,"name":"MacBook Pro 16&#8243; Audioprobleme: Update folgt"}]},{"@type":"WebSite","@id":"https:\/\/www.apfelpatient.de\/#website","url":"https:\/\/www.apfelpatient.de\/","name":"apple patient","description":"Everything about Apple!","publisher":{"@type":"Organization","@id":"https:\/\/www.apfelpatient.de\/en\/#organization","name":"Apfelpatient","url":"https:\/\/www.apfelpatient.de\/en\/"},"alternateName":"Apfelpatient","potentialAction":[{"@type":"SearchAction","target":{"@type":"EntryPoint","urlTemplate":"https:\/\/www.apfelpatient.de\/?s={search_term_string}"},"query-input":{"@type":"PropertyValueSpecification","valueRequired":true,"valueName":"search_term_string"}}],"inLanguage":"en-US"},{"@type":["Person","Organization"],"@id":"https:\/\/www.apfelpatient.de\/#\/schema\/person\/7dc56ad6c8e9824b76d2c08d4c140e13","name":"Milan","logo":{"@id":"https:\/\/www.apfelpatient.de\/#\/schema\/person\/image\/"},"description":"Hello and welcome to my technology blog! As a big Apple fan, I report on everything to do with Apple: from the latest news and exciting rumors to helpful tips and tricks and detailed product tests. If you are as enthusiastic about technology as I am, you have come to the right place!","sameAs":["https:\/\/www.facebook.com\/apfelpatientOfficial","https:\/\/www.linkedin.com\/in\/milan-jovicic-42aa0231b"],"url":"https:\/\/www.apfelpatient.de\/en\/author\/apfeladmin"}]}},"_links":{"self":[{"href":"https:\/\/www.apfelpatient.de\/en\/wp-json\/wp\/v2\/posts\/8197","targetHints":{"allow":["GET"]}}],"collection":[{"href":"https:\/\/www.apfelpatient.de\/en\/wp-json\/wp\/v2\/posts"}],"about":[{"href":"https:\/\/www.apfelpatient.de\/en\/wp-json\/wp\/v2\/types\/post"}],"author":[{"embeddable":true,"href":"https:\/\/www.apfelpatient.de\/en\/wp-json\/wp\/v2\/users\/2"}],"replies":[{"embeddable":true,"href":"https:\/\/www.apfelpatient.de\/en\/wp-json\/wp\/v2\/comments?post=8197"}],"version-history":[{"count":0,"href":"https:\/\/www.apfelpatient.de\/en\/wp-json\/wp\/v2\/posts\/8197\/revisions"}],"wp:featuredmedia":[{"embeddable":true,"href":"https:\/\/www.apfelpatient.de\/en\/wp-json\/wp\/v2\/media\/8196"}],"wp:attachment":[{"href":"https:\/\/www.apfelpatient.de\/en\/wp-json\/wp\/v2\/media?parent=8197"}],"wp:term":[{"taxonomy":"category","embeddable":true,"href":"https:\/\/www.apfelpatient.de\/en\/wp-json\/wp\/v2\/categories?post=8197"},{"taxonomy":"post_tag","embeddable":true,"href":"https:\/\/www.apfelpatient.de\/en\/wp-json\/wp\/v2\/tags?post=8197"}],"curies":[{"name":"wp","href":"https:\/\/api.w.org\/{rel}","templated":true}]}}