{"id":8157,"date":"2019-12-06T15:36:54","date_gmt":"2019-12-06T14:36:54","guid":{"rendered":"https:\/\/www.apfelpatient.de\/?p=8157"},"modified":"2019-12-06T15:36:54","modified_gmt":"2019-12-06T14:36:54","slug":"macbook-pro-16-problems-with-audio-playback","status":"publish","type":"post","link":"https:\/\/www.apfelpatient.de\/en\/news\/macbook-pro-16-probleme-mit-der-audiowiedergabe","title":{"rendered":"MacBook Pro 16\u2033 \u2013 Audio playback issues"},"content":{"rendered":"<p class=\"has-drop-cap\"><strong>The brand new MacBook Pro with 16-inch display diagonal seems to have a similar problem as the MacBook Pro 15\u2033 from 2018.&nbsp;<\/strong><\/p>\n\n\n\n<p>The thing with the crackling speakers - it sounds so familiar. Last year there were reports that the MacBook Pro 15&quot; (July 2018) was struggling with audio problems. Now buyers of the MacBook Pro 16&quot; are complaining about similar things. There are numerous posts in various forums saying that the new professional notebook also makes noises when playing audio. The topic is discussed under the title &quot;cracking\/popping sound&quot;. The noises can occur when playing music or videos, among other things. There is no exact pattern yet. What triggers the problem is not yet known.&nbsp;<\/p>\n\n\n\n\n\n\n\n<p><\/p>\n\n\n\n<p>While some believe that there is a connection with Final Cut Pro X, others believe that there is a problem with QuickTime. But the bug cannot be narrowed down. According to reports, Apple is already working on fixing the error, although the company has not yet commented on the whole thing. Those affected will therefore have to be patient for a little while. It can be assumed that Apple will release an update soon - as it did last year.<em> (Photo by blackzheep \/ Bigstockphoto)<\/em><\/p>\n\n\n\n<p><strong><em>Countdown 2019: 31 days \u2013 31 offers in the iTunes Store \u2013 discounted today:<\/em><\/strong>\u00a0<a href=\"https:\/\/apple.co\/385b2MN\"><em>&quot;Mary Poppins Returns&quot;<\/em><\/a><\/p>","protected":false},"excerpt":{"rendered":"<p>The brand new MacBook Pro with 16-inch display diagonal seems to have a similar problem as the MacBook Pro 15\u2033 from 2018. <\/p>","protected":false},"author":2,"featured_media":6510,"comment_status":"closed","ping_status":"closed","sticky":false,"template":"","format":"standard","meta":{"jnews-multi-image_gallery":[],"jnews_single_post":{"subtitle":"","format":"standard","video":"","gallery":"","source_name":"","source_url":"","via_name":"","via_url":"","override":[{"single_blog_custom":"","sidebar":"","second_sidebar":"","share_position":"","share_float_style":"","post_date_format":"","post_date_format_custom":"","post_reading_time_wpm":"","zoom_button_out_step":"1","zoom_button_in_step":"1","number_popup_post":"1"}],"image_override":[{"single_post_thumbnail_size":"","single_post_gallery_size":""}],"trending_post_position":"","trending_post_label":""},"jnews_primary_category":{"id":"265"},"footnotes":""},"categories":[9],"tags":[40],"class_list":["post-8157","post","type-post","status-publish","format-standard","has-post-thumbnail","hentry","category-news","tag-mac"],"yoast_head":"<!-- This site is optimized with the Yoast SEO Premium plugin v27.5 (Yoast SEO v27.5) - https:\/\/yoast.com\/product\/yoast-seo-premium-wordpress\/ -->\n<title>MacBook Pro 16&quot; - Probleme mit der Audiowiedergabe<\/title>\n<meta name=\"description\" content=\"Das brandneue MacBook Pro mit 16-Zoll Displaydiagonale scheint ein \u00e4hnliches Problem wie das MacBook Pro 15&quot; aus 2018 zu haben.\" \/>\n<meta name=\"robots\" content=\"index, follow, max-snippet:-1, max-image-preview:large, max-video-preview:-1\" \/>\n<link rel=\"canonical\" href=\"https:\/\/www.apfelpatient.de\/en\/news\/macbook-pro-16-problems-with-audio-playback\" \/>\n<meta property=\"og:locale\" content=\"en_US\" \/>\n<meta property=\"og:type\" content=\"article\" \/>\n<meta property=\"og:title\" content=\"MacBook Pro 16&quot; - Probleme mit der Audiowiedergabe\" \/>\n<meta property=\"og:description\" content=\"Das brandneue MacBook Pro mit 16-Zoll Displaydiagonale scheint ein \u00e4hnliches Problem wie das MacBook Pro 15&quot; aus 2018 zu haben.\" \/>\n<meta property=\"og:url\" content=\"https:\/\/www.apfelpatient.de\/en\/news\/macbook-pro-16-problems-with-audio-playback\" \/>\n<meta property=\"og:site_name\" content=\"Apfelpatient\" \/>\n<meta property=\"article:publisher\" content=\"https:\/\/www.facebook.com\/apfelpatientOfficial\" \/>\n<meta property=\"article:author\" content=\"https:\/\/www.facebook.com\/apfelpatientOfficial\" \/>\n<meta property=\"article:published_time\" content=\"2019-12-06T14:36:54+00:00\" \/>\n<meta property=\"og:image\" content=\"https:\/\/www.apfelpatient.de\/wp-content\/uploads\/2019\/10\/bigstock-187306192.jpg\" \/>\n\t<meta property=\"og:image:width\" content=\"1600\" \/>\n\t<meta property=\"og:image:height\" content=\"1067\" \/>\n\t<meta property=\"og:image:type\" content=\"image\/jpeg\" \/>\n<meta name=\"author\" content=\"Milan\" \/>\n<meta name=\"twitter:card\" content=\"summary_large_image\" \/>\n<meta name=\"twitter:title\" content=\"MacBook Pro 16&quot; - Probleme mit der Audiowiedergabe\" \/>\n<meta name=\"twitter:label1\" content=\"Written by\" \/>\n\t<meta name=\"twitter:data1\" content=\"Milan\" \/>\n\t<meta name=\"twitter:label2\" content=\"Est. reading time\" \/>\n\t<meta name=\"twitter:data2\" content=\"1 minute\" \/>\n<script type=\"application\/ld+json\" class=\"yoast-schema-graph\">{\"@context\":\"https:\\\/\\\/schema.org\",\"@graph\":[{\"@type\":\"NewsArticle\",\"@id\":\"https:\\\/\\\/www.apfelpatient.de\\\/news\\\/macbook-pro-16-probleme-mit-der-audiowiedergabe#article\",\"isPartOf\":{\"@id\":\"https:\\\/\\\/www.apfelpatient.de\\\/news\\\/macbook-pro-16-probleme-mit-der-audiowiedergabe\"},\"author\":{\"@type\":\"Organization\",\"@id\":\"https:\\\/\\\/www.apfelpatient.de\\\/en\\\/#organization\",\"name\":\"Apfelpatient\",\"url\":\"https:\\\/\\\/www.apfelpatient.de\\\/en\\\/\"},\"headline\":\"MacBook Pro 16&#8243; &#8211; Probleme mit der Audiowiedergabe\",\"datePublished\":\"2019-12-06T14:36:54+00:00\",\"mainEntityOfPage\":{\"@id\":\"https:\\\/\\\/www.apfelpatient.de\\\/news\\\/macbook-pro-16-probleme-mit-der-audiowiedergabe\"},\"wordCount\":232,\"publisher\":{\"@type\":\"Organization\",\"@id\":\"https:\\\/\\\/www.apfelpatient.de\\\/en\\\/#organization\",\"name\":\"Apfelpatient\",\"url\":\"https:\\\/\\\/www.apfelpatient.de\\\/en\\\/\"},\"image\":{\"@id\":\"https:\\\/\\\/www.apfelpatient.de\\\/news\\\/macbook-pro-16-probleme-mit-der-audiowiedergabe#primaryimage\"},\"thumbnailUrl\":\"https:\\\/\\\/www.apfelpatient.de\\\/wp-content\\\/uploads\\\/2019\\\/10\\\/bigstock-187306192.jpg\",\"keywords\":[\"Mac\"],\"articleSection\":\"News\",\"inLanguage\":\"en-US\",\"copyrightYear\":\"2019\",\"copyrightHolder\":{\"@id\":\"https:\\\/\\\/www.apfelpatient.de\\\/en\\\/#organization\"}},{\"@type\":\"WebPage\",\"@id\":\"https:\\\/\\\/www.apfelpatient.de\\\/news\\\/macbook-pro-16-probleme-mit-der-audiowiedergabe\",\"url\":\"https:\\\/\\\/www.apfelpatient.de\\\/news\\\/macbook-pro-16-probleme-mit-der-audiowiedergabe\",\"name\":\"MacBook Pro 16\\\" - Probleme mit der Audiowiedergabe\",\"isPartOf\":{\"@id\":\"https:\\\/\\\/www.apfelpatient.de\\\/#website\"},\"primaryImageOfPage\":{\"@id\":\"https:\\\/\\\/www.apfelpatient.de\\\/news\\\/macbook-pro-16-probleme-mit-der-audiowiedergabe#primaryimage\"},\"image\":{\"@id\":\"https:\\\/\\\/www.apfelpatient.de\\\/news\\\/macbook-pro-16-probleme-mit-der-audiowiedergabe#primaryimage\"},\"thumbnailUrl\":\"https:\\\/\\\/www.apfelpatient.de\\\/wp-content\\\/uploads\\\/2019\\\/10\\\/bigstock-187306192.jpg\",\"datePublished\":\"2019-12-06T14:36:54+00:00\",\"description\":\"Das brandneue MacBook Pro mit 16-Zoll Displaydiagonale scheint ein \u00e4hnliches Problem wie das MacBook Pro 15\\\" aus 2018 zu haben.\",\"breadcrumb\":{\"@id\":\"https:\\\/\\\/www.apfelpatient.de\\\/news\\\/macbook-pro-16-probleme-mit-der-audiowiedergabe#breadcrumb\"},\"inLanguage\":\"en-US\",\"potentialAction\":[{\"@type\":\"ReadAction\",\"target\":[\"https:\\\/\\\/www.apfelpatient.de\\\/news\\\/macbook-pro-16-probleme-mit-der-audiowiedergabe\"]}]},{\"@type\":\"ImageObject\",\"inLanguage\":\"en-US\",\"@id\":\"https:\\\/\\\/www.apfelpatient.de\\\/news\\\/macbook-pro-16-probleme-mit-der-audiowiedergabe#primaryimage\",\"url\":\"https:\\\/\\\/www.apfelpatient.de\\\/wp-content\\\/uploads\\\/2019\\\/10\\\/bigstock-187306192.jpg\",\"contentUrl\":\"https:\\\/\\\/www.apfelpatient.de\\\/wp-content\\\/uploads\\\/2019\\\/10\\\/bigstock-187306192.jpg\",\"width\":1600,\"height\":1067,\"caption\":\"Bangkok Thailand - April 2 2017: Close-up touch bar on macbook pro 2016 touch bar is new function on macbook pro 2016 by apple Inc.\"},{\"@type\":\"BreadcrumbList\",\"@id\":\"https:\\\/\\\/www.apfelpatient.de\\\/news\\\/macbook-pro-16-probleme-mit-der-audiowiedergabe#breadcrumb\",\"itemListElement\":[{\"@type\":\"ListItem\",\"position\":1,\"name\":\"Startseite\",\"item\":\"https:\\\/\\\/www.apfelpatient.de\\\/\"},{\"@type\":\"ListItem\",\"position\":2,\"name\":\"MacBook Pro 16&#8243; &#8211; Probleme mit der Audiowiedergabe\"}]},{\"@type\":\"WebSite\",\"@id\":\"https:\\\/\\\/www.apfelpatient.de\\\/#website\",\"url\":\"https:\\\/\\\/www.apfelpatient.de\\\/\",\"name\":\"Apfelpatient\",\"description\":\"Alles rund um Apple!\",\"publisher\":{\"@type\":\"Organization\",\"@id\":\"https:\\\/\\\/www.apfelpatient.de\\\/en\\\/#organization\",\"name\":\"Apfelpatient\",\"url\":\"https:\\\/\\\/www.apfelpatient.de\\\/en\\\/\"},\"alternateName\":\"Apfelpatient\",\"potentialAction\":[{\"@type\":\"SearchAction\",\"target\":{\"@type\":\"EntryPoint\",\"urlTemplate\":\"https:\\\/\\\/www.apfelpatient.de\\\/?s={search_term_string}\"},\"query-input\":{\"@type\":\"PropertyValueSpecification\",\"valueRequired\":true,\"valueName\":\"search_term_string\"}}],\"inLanguage\":\"en-US\"},{\"@type\":[\"Person\",\"Organization\"],\"@id\":\"https:\\\/\\\/www.apfelpatient.de\\\/#\\\/schema\\\/person\\\/7dc56ad6c8e9824b76d2c08d4c140e13\",\"name\":\"Milan\",\"logo\":{\"@id\":\"https:\\\/\\\/www.apfelpatient.de\\\/#\\\/schema\\\/person\\\/image\\\/\"},\"description\":\"Hallo und herzlich willkommen auf meinem Technik-Blog! Als gro\u00dfer Apple-Fan berichte ich hier \u00fcber alles, was mit Apple zu tun hat: von den neuesten News und spannenden Ger\u00fcchten \u00fcber hilfreiche Tipps und Tricks bis hin zu ausf\u00fchrlichen Produkttests. Wenn du genauso technikbegeistert bist wie ich, bist du hier genau richtig!\",\"sameAs\":[\"https:\\\/\\\/www.facebook.com\\\/apfelpatientOfficial\",\"https:\\\/\\\/www.linkedin.com\\\/in\\\/milan-jovicic-42aa0231b\"],\"url\":\"https:\\\/\\\/www.apfelpatient.de\\\/en\\\/author\\\/apfeladmin\"}]}<\/script>\n<!-- \/ Yoast SEO Premium plugin. -->","yoast_head_json":{"title":"MacBook Pro 16&quot; - Audio playback issues","description":"The brand new MacBook Pro with 16-inch display diagonal seems to have a similar problem to the MacBook Pro 15&quot; from 2018.","robots":{"index":"index","follow":"follow","max-snippet":"max-snippet:-1","max-image-preview":"max-image-preview:large","max-video-preview":"max-video-preview:-1"},"canonical":"https:\/\/www.apfelpatient.de\/en\/news\/macbook-pro-16-problems-with-audio-playback","og_locale":"en_US","og_type":"article","og_title":"MacBook Pro 16&quot; - Probleme mit der Audiowiedergabe","og_description":"Das brandneue MacBook Pro mit 16-Zoll Displaydiagonale scheint ein \u00e4hnliches Problem wie das MacBook Pro 15&quot; aus 2018 zu haben.","og_url":"https:\/\/www.apfelpatient.de\/en\/news\/macbook-pro-16-problems-with-audio-playback","og_site_name":"Apfelpatient","article_publisher":"https:\/\/www.facebook.com\/apfelpatientOfficial","article_author":"https:\/\/www.facebook.com\/apfelpatientOfficial","article_published_time":"2019-12-06T14:36:54+00:00","og_image":[{"width":1600,"height":1067,"url":"https:\/\/www.apfelpatient.de\/wp-content\/uploads\/2019\/10\/bigstock-187306192.jpg","type":"image\/jpeg"}],"author":"Milan","twitter_card":"summary_large_image","twitter_title":"MacBook Pro 16\" - Probleme mit der Audiowiedergabe","twitter_misc":{"Written by":"Milan","Est. reading time":"1 minute"},"schema":{"@context":"https:\/\/schema.org","@graph":[{"@type":"NewsArticle","@id":"https:\/\/www.apfelpatient.de\/news\/macbook-pro-16-probleme-mit-der-audiowiedergabe#article","isPartOf":{"@id":"https:\/\/www.apfelpatient.de\/news\/macbook-pro-16-probleme-mit-der-audiowiedergabe"},"author":{"@type":"Organization","@id":"https:\/\/www.apfelpatient.de\/en\/#organization","name":"Apfelpatient","url":"https:\/\/www.apfelpatient.de\/en\/"},"headline":"MacBook Pro 16&#8243; &#8211; Probleme mit der Audiowiedergabe","datePublished":"2019-12-06T14:36:54+00:00","mainEntityOfPage":{"@id":"https:\/\/www.apfelpatient.de\/news\/macbook-pro-16-probleme-mit-der-audiowiedergabe"},"wordCount":232,"publisher":{"@type":"Organization","@id":"https:\/\/www.apfelpatient.de\/en\/#organization","name":"Apfelpatient","url":"https:\/\/www.apfelpatient.de\/en\/"},"image":{"@id":"https:\/\/www.apfelpatient.de\/news\/macbook-pro-16-probleme-mit-der-audiowiedergabe#primaryimage"},"thumbnailUrl":"https:\/\/www.apfelpatient.de\/wp-content\/uploads\/2019\/10\/bigstock-187306192.jpg","keywords":["Mac"],"articleSection":"News","inLanguage":"en-US","copyrightYear":"2019","copyrightHolder":{"@id":"https:\/\/www.apfelpatient.de\/en\/#organization"}},{"@type":"WebPage","@id":"https:\/\/www.apfelpatient.de\/news\/macbook-pro-16-probleme-mit-der-audiowiedergabe","url":"https:\/\/www.apfelpatient.de\/news\/macbook-pro-16-probleme-mit-der-audiowiedergabe","name":"MacBook Pro 16&quot; - Audio playback issues","isPartOf":{"@id":"https:\/\/www.apfelpatient.de\/#website"},"primaryImageOfPage":{"@id":"https:\/\/www.apfelpatient.de\/news\/macbook-pro-16-probleme-mit-der-audiowiedergabe#primaryimage"},"image":{"@id":"https:\/\/www.apfelpatient.de\/news\/macbook-pro-16-probleme-mit-der-audiowiedergabe#primaryimage"},"thumbnailUrl":"https:\/\/www.apfelpatient.de\/wp-content\/uploads\/2019\/10\/bigstock-187306192.jpg","datePublished":"2019-12-06T14:36:54+00:00","description":"The brand new MacBook Pro with 16-inch display diagonal seems to have a similar problem to the MacBook Pro 15&quot; from 2018.","breadcrumb":{"@id":"https:\/\/www.apfelpatient.de\/news\/macbook-pro-16-probleme-mit-der-audiowiedergabe#breadcrumb"},"inLanguage":"en-US","potentialAction":[{"@type":"ReadAction","target":["https:\/\/www.apfelpatient.de\/news\/macbook-pro-16-probleme-mit-der-audiowiedergabe"]}]},{"@type":"ImageObject","inLanguage":"en-US","@id":"https:\/\/www.apfelpatient.de\/news\/macbook-pro-16-probleme-mit-der-audiowiedergabe#primaryimage","url":"https:\/\/www.apfelpatient.de\/wp-content\/uploads\/2019\/10\/bigstock-187306192.jpg","contentUrl":"https:\/\/www.apfelpatient.de\/wp-content\/uploads\/2019\/10\/bigstock-187306192.jpg","width":1600,"height":1067,"caption":"Bangkok Thailand - April 2 2017: Close-up touch bar on macbook pro 2016 touch bar is new function on macbook pro 2016 by apple Inc."},{"@type":"BreadcrumbList","@id":"https:\/\/www.apfelpatient.de\/news\/macbook-pro-16-probleme-mit-der-audiowiedergabe#breadcrumb","itemListElement":[{"@type":"ListItem","position":1,"name":"Startseite","item":"https:\/\/www.apfelpatient.de\/"},{"@type":"ListItem","position":2,"name":"MacBook Pro 16&#8243; &#8211; Probleme mit der Audiowiedergabe"}]},{"@type":"WebSite","@id":"https:\/\/www.apfelpatient.de\/#website","url":"https:\/\/www.apfelpatient.de\/","name":"apple patient","description":"Everything about Apple!","publisher":{"@type":"Organization","@id":"https:\/\/www.apfelpatient.de\/en\/#organization","name":"Apfelpatient","url":"https:\/\/www.apfelpatient.de\/en\/"},"alternateName":"Apfelpatient","potentialAction":[{"@type":"SearchAction","target":{"@type":"EntryPoint","urlTemplate":"https:\/\/www.apfelpatient.de\/?s={search_term_string}"},"query-input":{"@type":"PropertyValueSpecification","valueRequired":true,"valueName":"search_term_string"}}],"inLanguage":"en-US"},{"@type":["Person","Organization"],"@id":"https:\/\/www.apfelpatient.de\/#\/schema\/person\/7dc56ad6c8e9824b76d2c08d4c140e13","name":"Milan","logo":{"@id":"https:\/\/www.apfelpatient.de\/#\/schema\/person\/image\/"},"description":"Hello and welcome to my technology blog! As a big Apple fan, I report on everything to do with Apple: from the latest news and exciting rumors to helpful tips and tricks and detailed product tests. If you are as enthusiastic about technology as I am, you have come to the right place!","sameAs":["https:\/\/www.facebook.com\/apfelpatientOfficial","https:\/\/www.linkedin.com\/in\/milan-jovicic-42aa0231b"],"url":"https:\/\/www.apfelpatient.de\/en\/author\/apfeladmin"}]}},"_links":{"self":[{"href":"https:\/\/www.apfelpatient.de\/en\/wp-json\/wp\/v2\/posts\/8157","targetHints":{"allow":["GET"]}}],"collection":[{"href":"https:\/\/www.apfelpatient.de\/en\/wp-json\/wp\/v2\/posts"}],"about":[{"href":"https:\/\/www.apfelpatient.de\/en\/wp-json\/wp\/v2\/types\/post"}],"author":[{"embeddable":true,"href":"https:\/\/www.apfelpatient.de\/en\/wp-json\/wp\/v2\/users\/2"}],"replies":[{"embeddable":true,"href":"https:\/\/www.apfelpatient.de\/en\/wp-json\/wp\/v2\/comments?post=8157"}],"version-history":[{"count":0,"href":"https:\/\/www.apfelpatient.de\/en\/wp-json\/wp\/v2\/posts\/8157\/revisions"}],"wp:featuredmedia":[{"embeddable":true,"href":"https:\/\/www.apfelpatient.de\/en\/wp-json\/wp\/v2\/media\/6510"}],"wp:attachment":[{"href":"https:\/\/www.apfelpatient.de\/en\/wp-json\/wp\/v2\/media?parent=8157"}],"wp:term":[{"taxonomy":"category","embeddable":true,"href":"https:\/\/www.apfelpatient.de\/en\/wp-json\/wp\/v2\/categories?post=8157"},{"taxonomy":"post_tag","embeddable":true,"href":"https:\/\/www.apfelpatient.de\/en\/wp-json\/wp\/v2\/tags?post=8157"}],"curies":[{"name":"wp","href":"https:\/\/api.w.org\/{rel}","templated":true}]}}