{"id":8152,"date":"2019-12-06T15:13:42","date_gmt":"2019-12-06T14:13:42","guid":{"rendered":"https:\/\/www.apfelpatient.de\/?p=8152"},"modified":"2025-02-06T07:52:27","modified_gmt":"2025-02-06T06:52:27","slug":"apple-pay-germany-volksbanken-postpone-start","status":"publish","type":"post","link":"https:\/\/www.apfelpatient.de\/en\/news\/apple-pay-deutschland-volksbanken-verschieben-start","title":{"rendered":"Apple Pay Germany \u2013 Volksbanken postpone launch"},"content":{"rendered":"<p class=\"has-drop-cap\"><strong>The press office of the Federal Association of German Volksbanks and Raiffeisenbanks has officially postponed the launch of Apple Pay to 2020.<\/strong><\/p>\n\n\n\n<p>There was recently a movement regarding Apple Pay at the Volksbanken, which gave hope for a timely launch. But now the disappointment. The press office of the Federal Association of German Volksbanken and Raiffeisenbanken announced today via Twitter that Apple Pay support will not be possible until 2020. The reason for the surprising delay is problems with the &quot;technical implementation&quot;. The statement on Twitter states:<\/p>\n\n\n\n\n\n\n\n<p><\/p>\n\n\n\n<blockquote class=\"wp-block-quote is-layout-flow wp-block-quote-is-layout-flow\"><p>#VBRB market launch #ApplePay is postponed to 2020. Unfortunately, the technical implementation is taking longer than planned. We apologize to everyone who is looking forward to it. The partners in the financial group involved in the implementation are working hard to complete it.<\/p><\/blockquote>\n\n\n\n<p>The result is of course a great disappointment among customers. But now a few users are speaking out, who do not believe that this is a technical problem but rather bring the new law against Apple Pay into play \u2013 see <a href=\"https:\/\/www.apfelpatient.de\/en\">report<\/a>It remains to be seen when Apple&#039;s payment service will actually be available to Volksbank customers.&nbsp;<em>(<\/em>Photo by Colour59 \/ Bigstockphoto<em>)<\/em><\/p>\n\n\n\n<p><strong><em>Countdown 2019: 31 days \u2013 31 offers in the iTunes Store \u2013 discounted today:<\/em><\/strong>&nbsp;<a href=\"https:\/\/apple.co\/385b2MN\"><em>&quot;Mary Poppins Returns&quot;<\/em><\/a><\/p>\n\n\n\n<figure class=\"wp-block-embed-twitter wp-block-embed is-type-rich is-provider-twitter\"><div class=\"wp-block-embed__wrapper\">\n <div class=\"brlbs-cmpnt-container brlbs-cmpnt-content-blocker brlbs-cmpnt-with-individual-styles\" data-borlabs-cookie-content-blocker-id=\"x-alias-twitter-content-blocker\" data-borlabs-cookie-content=\"PGJsb2NrcXVvdGUgY2xhc3M9InR3aXR0ZXItdHdlZXQiIGRhdGEtd2lkdGg9IjUwMCIgZGF0YS1kbnQ9InRydWUiPjxwIGxhbmc9ImRlIiBkaXI9Imx0ciI+PGEgaHJlZj0iaHR0cHM6Ly90d2l0dGVyLmNvbS9oYXNodGFnL1ZCUkI\/c3JjPWhhc2gmYW1wO3JlZl9zcmM9dHdzcmMlNUV0ZnciPiNWQlJCPC9hPi1NYXJrdHN0YXJ0IDxhIGhyZWY9Imh0dHBzOi8vdHdpdHRlci5jb20vaGFzaHRhZy9BcHBsZVBheT9zcmM9aGFzaCZhbXA7cmVmX3NyYz10d3NyYyU1RXRmdyI+I0FwcGxlUGF5PC9hPiB2ZXJzY2hpZWJ0IHNpY2ggYXVmIDIwMjAuIFRlY2huaXNjaGUgSW1wbGVtZW50aWVydW5nIGRhdWVydCBsZWlkZXIgbMOkbmdlciBhbHMgZ2VwbGFudC4gV2lyIGVudHNjaHVsZGlnZW4gdW5zIGJlaSBhbGxlbiwgZGllIHNpY2ggZGFyYXVmIGZyZXVlbi4gRGllIGFuIGRlciBVbXNldHp1bmcgYmV0ZWlsaWd0ZW4gUGFydG5lciBpbiBkZXIgRmluYW56R3J1cHBlIGFyYmVpdGVuIG1pdCBIb2NoZHJ1Y2sgYW4gZGVyIEZlcnRpZ3N0ZWxsdW5nLjwvcD4mbWRhc2g7IEJWUiAoQEJWUlByZXNzZSkgPGEgaHJlZj0iaHR0cHM6Ly90d2l0dGVyLmNvbS9CVlJQcmVzc2Uvc3RhdHVzLzEyMDI5MjI5NDc3MDQ0NzU2NDg\/cmVmX3NyYz10d3NyYyU1RXRmdyI+RGVjZW1iZXIgNiwgMjAxOTwvYT48L2Jsb2NrcXVvdGU+PHNjcmlwdCBhc3luYyBzcmM9Imh0dHBzOi8vcGxhdGZvcm0udHdpdHRlci5jb20vd2lkZ2V0cy5qcyIgY2hhcnNldD0idXRmLTgiPjwvc2NyaXB0Pg==\"><div class=\"brlbs-cmpnt-cb-preset-b brlbs-cmpnt-cb-x\"> <div class=\"brlbs-cmpnt-cb-thumbnail\" style=\"background-image: url('https:\/\/www.apfelpatient.de\/wp-content\/uploads\/borlabs-cookie\/1\/cb-twitter-main.png')\"><\/div> <div class=\"brlbs-cmpnt-cb-main\"> <div class=\"brlbs-cmpnt-cb-content\"> <p class=\"brlbs-cmpnt-cb-description\">You are currently viewing a placeholder content from <strong>X<\/strong>. To access the actual content, click the button below. Please note that doing so will share data with third-party providers.<\/p> <a class=\"brlbs-cmpnt-cb-provider-toggle\" href=\"#\" data-borlabs-cookie-show-provider-information role=\"button\">More Information<\/a> <\/div> <div class=\"brlbs-cmpnt-cb-buttons\"> <a class=\"brlbs-cmpnt-cb-btn\" href=\"#\" data-borlabs-cookie-unblock role=\"button\">Unblock content<\/a> <a class=\"brlbs-cmpnt-cb-btn\" href=\"#\" data-borlabs-cookie-accept-service role=\"button\" style=\"display: inherit\">Accept required service and unblock content<\/a> <\/div> <\/div> <\/div><\/div>\n<\/div><\/figure>","protected":false},"excerpt":{"rendered":"<p>The press office of the Federal Association of German Volksbanks and Raiffeisenbanks has officially postponed the launch of Apple Pay to 2020.<\/p>","protected":false},"author":2,"featured_media":8043,"comment_status":"closed","ping_status":"closed","sticky":false,"template":"","format":"standard","meta":{"jnews-multi-image_gallery":[],"jnews_single_post":{"subtitle":"","format":"standard","video":"","gallery":"","source_name":"","source_url":"","via_name":"","via_url":"","override":[{"single_blog_custom":"","sidebar":"","second_sidebar":"","share_position":"","share_float_style":"","post_date_format":"","post_date_format_custom":"","post_reading_time_wpm":"","zoom_button_out_step":"1","zoom_button_in_step":"1","number_popup_post":"1"}],"image_override":[{"single_post_thumbnail_size":"","single_post_gallery_size":""}],"trending_post":"1","trending_post_position":"title","trending_post_label":"Breaking News"},"jnews_primary_category":{"id":"265"},"footnotes":""},"categories":[9],"tags":[34,35,194,8],"class_list":["post-8152","post","type-post","status-publish","format-standard","has-post-thumbnail","hentry","category-news","tag-apple-dienste","tag-apple-pay","tag-apple-pay-deutschland","tag-iphone"],"yoast_head":"<!-- This site is optimized with the Yoast SEO Premium plugin v27.5 (Yoast SEO v27.5) - https:\/\/yoast.com\/product\/yoast-seo-premium-wordpress\/ -->\n<title>Apple Pay Deutschland - Volksbanken verschieben Start<\/title>\n<meta name=\"description\" content=\"Die Pressestelle des Bundesverbands der Deutschen Volksbanken und Raiffeisenbanken hat offiziell den Start von Apple Pay auf 2020 verschoben.\" \/>\n<meta name=\"robots\" content=\"index, follow, max-snippet:-1, max-image-preview:large, max-video-preview:-1\" \/>\n<link rel=\"canonical\" href=\"https:\/\/www.apfelpatient.de\/en\/news\/apple-pay-germany-volksbanken-postpone-start\" \/>\n<meta property=\"og:locale\" content=\"en_US\" \/>\n<meta property=\"og:type\" content=\"article\" \/>\n<meta property=\"og:title\" content=\"Apple Pay Deutschland - Volksbanken verschieben Start\" \/>\n<meta property=\"og:description\" content=\"Die Pressestelle des Bundesverbands der Deutschen Volksbanken und Raiffeisenbanken hat offiziell den Start von Apple Pay auf 2020 verschoben.\" \/>\n<meta property=\"og:url\" content=\"https:\/\/www.apfelpatient.de\/en\/news\/apple-pay-germany-volksbanken-postpone-start\" \/>\n<meta property=\"og:site_name\" content=\"Apfelpatient\" \/>\n<meta property=\"article:publisher\" content=\"https:\/\/www.facebook.com\/apfelpatientOfficial\" \/>\n<meta property=\"article:author\" content=\"https:\/\/www.facebook.com\/apfelpatientOfficial\" \/>\n<meta property=\"article:published_time\" content=\"2019-12-06T14:13:42+00:00\" \/>\n<meta property=\"article:modified_time\" content=\"2025-02-06T06:52:27+00:00\" \/>\n<meta property=\"og:image\" content=\"https:\/\/www.apfelpatient.de\/wp-content\/uploads\/2019\/12\/bigstock-Wetzlar-Germany-March-245640436.jpg\" \/>\n\t<meta property=\"og:image:width\" content=\"1600\" \/>\n\t<meta property=\"og:image:height\" content=\"1067\" \/>\n\t<meta property=\"og:image:type\" content=\"image\/jpeg\" \/>\n<meta name=\"author\" content=\"Milan\" \/>\n<meta name=\"twitter:card\" content=\"summary_large_image\" \/>\n<meta name=\"twitter:title\" content=\"Apple Pay Deutschland - Volksbanken verschieben Start\" \/>\n<meta name=\"twitter:label1\" content=\"Written by\" \/>\n\t<meta name=\"twitter:data1\" content=\"Milan\" \/>\n\t<meta name=\"twitter:label2\" content=\"Est. reading time\" \/>\n\t<meta name=\"twitter:data2\" content=\"1 minute\" \/>\n<script type=\"application\/ld+json\" class=\"yoast-schema-graph\">{\"@context\":\"https:\\\/\\\/schema.org\",\"@graph\":[{\"@type\":\"NewsArticle\",\"@id\":\"https:\\\/\\\/www.apfelpatient.de\\\/news\\\/apple-pay-deutschland-volksbanken-verschieben-start#article\",\"isPartOf\":{\"@id\":\"https:\\\/\\\/www.apfelpatient.de\\\/news\\\/apple-pay-deutschland-volksbanken-verschieben-start\"},\"author\":{\"@type\":\"Organization\",\"@id\":\"https:\\\/\\\/www.apfelpatient.de\\\/en\\\/#organization\",\"name\":\"Apfelpatient\",\"url\":\"https:\\\/\\\/www.apfelpatient.de\\\/en\\\/\"},\"headline\":\"Apple Pay Deutschland &#8211; Volksbanken verschieben Start\",\"datePublished\":\"2019-12-06T14:13:42+00:00\",\"dateModified\":\"2025-02-06T06:52:27+00:00\",\"mainEntityOfPage\":{\"@id\":\"https:\\\/\\\/www.apfelpatient.de\\\/news\\\/apple-pay-deutschland-volksbanken-verschieben-start\"},\"wordCount\":222,\"publisher\":{\"@type\":\"Organization\",\"@id\":\"https:\\\/\\\/www.apfelpatient.de\\\/en\\\/#organization\",\"name\":\"Apfelpatient\",\"url\":\"https:\\\/\\\/www.apfelpatient.de\\\/en\\\/\"},\"image\":{\"@id\":\"https:\\\/\\\/www.apfelpatient.de\\\/news\\\/apple-pay-deutschland-volksbanken-verschieben-start#primaryimage\"},\"thumbnailUrl\":\"https:\\\/\\\/www.apfelpatient.de\\\/wp-content\\\/uploads\\\/2019\\\/12\\\/bigstock-Wetzlar-Germany-March-245640436.jpg\",\"keywords\":[\"Apple Dienste\",\"Apple Pay\",\"Apple Pay Deutschland\",\"iPhone\"],\"articleSection\":\"News\",\"inLanguage\":\"en-US\",\"copyrightYear\":\"2019\",\"copyrightHolder\":{\"@id\":\"https:\\\/\\\/www.apfelpatient.de\\\/en\\\/#organization\"}},{\"@type\":\"WebPage\",\"@id\":\"https:\\\/\\\/www.apfelpatient.de\\\/news\\\/apple-pay-deutschland-volksbanken-verschieben-start\",\"url\":\"https:\\\/\\\/www.apfelpatient.de\\\/news\\\/apple-pay-deutschland-volksbanken-verschieben-start\",\"name\":\"Apple Pay Deutschland - Volksbanken verschieben Start\",\"isPartOf\":{\"@id\":\"https:\\\/\\\/www.apfelpatient.de\\\/#website\"},\"primaryImageOfPage\":{\"@id\":\"https:\\\/\\\/www.apfelpatient.de\\\/news\\\/apple-pay-deutschland-volksbanken-verschieben-start#primaryimage\"},\"image\":{\"@id\":\"https:\\\/\\\/www.apfelpatient.de\\\/news\\\/apple-pay-deutschland-volksbanken-verschieben-start#primaryimage\"},\"thumbnailUrl\":\"https:\\\/\\\/www.apfelpatient.de\\\/wp-content\\\/uploads\\\/2019\\\/12\\\/bigstock-Wetzlar-Germany-March-245640436.jpg\",\"datePublished\":\"2019-12-06T14:13:42+00:00\",\"dateModified\":\"2025-02-06T06:52:27+00:00\",\"description\":\"Die Pressestelle des Bundesverbands der Deutschen Volksbanken und Raiffeisenbanken hat offiziell den Start von Apple Pay auf 2020 verschoben.\",\"breadcrumb\":{\"@id\":\"https:\\\/\\\/www.apfelpatient.de\\\/news\\\/apple-pay-deutschland-volksbanken-verschieben-start#breadcrumb\"},\"inLanguage\":\"en-US\",\"potentialAction\":[{\"@type\":\"ReadAction\",\"target\":[\"https:\\\/\\\/www.apfelpatient.de\\\/news\\\/apple-pay-deutschland-volksbanken-verschieben-start\"]}]},{\"@type\":\"ImageObject\",\"inLanguage\":\"en-US\",\"@id\":\"https:\\\/\\\/www.apfelpatient.de\\\/news\\\/apple-pay-deutschland-volksbanken-verschieben-start#primaryimage\",\"url\":\"https:\\\/\\\/www.apfelpatient.de\\\/wp-content\\\/uploads\\\/2019\\\/12\\\/bigstock-Wetzlar-Germany-March-245640436.jpg\",\"contentUrl\":\"https:\\\/\\\/www.apfelpatient.de\\\/wp-content\\\/uploads\\\/2019\\\/12\\\/bigstock-Wetzlar-Germany-March-245640436.jpg\",\"width\":1600,\"height\":1067,\"caption\":\"WETZLAR Germany - March 25, 2018: Sign with the logo of the german credit union Volksbank - Raiffeisenbank, Germany\"},{\"@type\":\"BreadcrumbList\",\"@id\":\"https:\\\/\\\/www.apfelpatient.de\\\/news\\\/apple-pay-deutschland-volksbanken-verschieben-start#breadcrumb\",\"itemListElement\":[{\"@type\":\"ListItem\",\"position\":1,\"name\":\"Startseite\",\"item\":\"https:\\\/\\\/www.apfelpatient.de\\\/\"},{\"@type\":\"ListItem\",\"position\":2,\"name\":\"Apple Pay Deutschland &#8211; Volksbanken verschieben Start\"}]},{\"@type\":\"WebSite\",\"@id\":\"https:\\\/\\\/www.apfelpatient.de\\\/#website\",\"url\":\"https:\\\/\\\/www.apfelpatient.de\\\/\",\"name\":\"Apfelpatient\",\"description\":\"Alles rund um Apple!\",\"publisher\":{\"@type\":\"Organization\",\"@id\":\"https:\\\/\\\/www.apfelpatient.de\\\/en\\\/#organization\",\"name\":\"Apfelpatient\",\"url\":\"https:\\\/\\\/www.apfelpatient.de\\\/en\\\/\"},\"alternateName\":\"Apfelpatient\",\"potentialAction\":[{\"@type\":\"SearchAction\",\"target\":{\"@type\":\"EntryPoint\",\"urlTemplate\":\"https:\\\/\\\/www.apfelpatient.de\\\/?s={search_term_string}\"},\"query-input\":{\"@type\":\"PropertyValueSpecification\",\"valueRequired\":true,\"valueName\":\"search_term_string\"}}],\"inLanguage\":\"en-US\"},{\"@type\":[\"Person\",\"Organization\"],\"@id\":\"https:\\\/\\\/www.apfelpatient.de\\\/#\\\/schema\\\/person\\\/7dc56ad6c8e9824b76d2c08d4c140e13\",\"name\":\"Milan\",\"logo\":{\"@id\":\"https:\\\/\\\/www.apfelpatient.de\\\/#\\\/schema\\\/person\\\/image\\\/\"},\"description\":\"Hallo und herzlich willkommen auf meinem Technik-Blog! Als gro\u00dfer Apple-Fan berichte ich hier \u00fcber alles, was mit Apple zu tun hat: von den neuesten News und spannenden Ger\u00fcchten \u00fcber hilfreiche Tipps und Tricks bis hin zu ausf\u00fchrlichen Produkttests. Wenn du genauso technikbegeistert bist wie ich, bist du hier genau richtig!\",\"sameAs\":[\"https:\\\/\\\/www.facebook.com\\\/apfelpatientOfficial\",\"https:\\\/\\\/www.linkedin.com\\\/in\\\/milan-jovicic-42aa0231b\"],\"url\":\"https:\\\/\\\/www.apfelpatient.de\\\/en\\\/author\\\/apfeladmin\"}]}<\/script>\n<!-- \/ Yoast SEO Premium plugin. -->","yoast_head_json":{"title":"Apple Pay Germany - Volksbanken postpone launch","description":"The press office of the Federal Association of German Volksbanks and Raiffeisenbanks has officially postponed the launch of Apple Pay to 2020.","robots":{"index":"index","follow":"follow","max-snippet":"max-snippet:-1","max-image-preview":"max-image-preview:large","max-video-preview":"max-video-preview:-1"},"canonical":"https:\/\/www.apfelpatient.de\/en\/news\/apple-pay-germany-volksbanken-postpone-start","og_locale":"en_US","og_type":"article","og_title":"Apple Pay Deutschland - Volksbanken verschieben Start","og_description":"Die Pressestelle des Bundesverbands der Deutschen Volksbanken und Raiffeisenbanken hat offiziell den Start von Apple Pay auf 2020 verschoben.","og_url":"https:\/\/www.apfelpatient.de\/en\/news\/apple-pay-germany-volksbanken-postpone-start","og_site_name":"Apfelpatient","article_publisher":"https:\/\/www.facebook.com\/apfelpatientOfficial","article_author":"https:\/\/www.facebook.com\/apfelpatientOfficial","article_published_time":"2019-12-06T14:13:42+00:00","article_modified_time":"2025-02-06T06:52:27+00:00","og_image":[{"width":1600,"height":1067,"url":"https:\/\/www.apfelpatient.de\/wp-content\/uploads\/2019\/12\/bigstock-Wetzlar-Germany-March-245640436.jpg","type":"image\/jpeg"}],"author":"Milan","twitter_card":"summary_large_image","twitter_title":"Apple Pay Deutschland - Volksbanken verschieben Start","twitter_misc":{"Written by":"Milan","Est. reading time":"1 minute"},"schema":{"@context":"https:\/\/schema.org","@graph":[{"@type":"NewsArticle","@id":"https:\/\/www.apfelpatient.de\/news\/apple-pay-deutschland-volksbanken-verschieben-start#article","isPartOf":{"@id":"https:\/\/www.apfelpatient.de\/news\/apple-pay-deutschland-volksbanken-verschieben-start"},"author":{"@type":"Organization","@id":"https:\/\/www.apfelpatient.de\/en\/#organization","name":"Apfelpatient","url":"https:\/\/www.apfelpatient.de\/en\/"},"headline":"Apple Pay Deutschland &#8211; Volksbanken verschieben Start","datePublished":"2019-12-06T14:13:42+00:00","dateModified":"2025-02-06T06:52:27+00:00","mainEntityOfPage":{"@id":"https:\/\/www.apfelpatient.de\/news\/apple-pay-deutschland-volksbanken-verschieben-start"},"wordCount":222,"publisher":{"@type":"Organization","@id":"https:\/\/www.apfelpatient.de\/en\/#organization","name":"Apfelpatient","url":"https:\/\/www.apfelpatient.de\/en\/"},"image":{"@id":"https:\/\/www.apfelpatient.de\/news\/apple-pay-deutschland-volksbanken-verschieben-start#primaryimage"},"thumbnailUrl":"https:\/\/www.apfelpatient.de\/wp-content\/uploads\/2019\/12\/bigstock-Wetzlar-Germany-March-245640436.jpg","keywords":["Apple Dienste","Apple Pay","Apple Pay Deutschland","iPhone"],"articleSection":"News","inLanguage":"en-US","copyrightYear":"2019","copyrightHolder":{"@id":"https:\/\/www.apfelpatient.de\/en\/#organization"}},{"@type":"WebPage","@id":"https:\/\/www.apfelpatient.de\/news\/apple-pay-deutschland-volksbanken-verschieben-start","url":"https:\/\/www.apfelpatient.de\/news\/apple-pay-deutschland-volksbanken-verschieben-start","name":"Apple Pay Germany - Volksbanken postpone launch","isPartOf":{"@id":"https:\/\/www.apfelpatient.de\/#website"},"primaryImageOfPage":{"@id":"https:\/\/www.apfelpatient.de\/news\/apple-pay-deutschland-volksbanken-verschieben-start#primaryimage"},"image":{"@id":"https:\/\/www.apfelpatient.de\/news\/apple-pay-deutschland-volksbanken-verschieben-start#primaryimage"},"thumbnailUrl":"https:\/\/www.apfelpatient.de\/wp-content\/uploads\/2019\/12\/bigstock-Wetzlar-Germany-March-245640436.jpg","datePublished":"2019-12-06T14:13:42+00:00","dateModified":"2025-02-06T06:52:27+00:00","description":"The press office of the Federal Association of German Volksbanks and Raiffeisenbanks has officially postponed the launch of Apple Pay to 2020.","breadcrumb":{"@id":"https:\/\/www.apfelpatient.de\/news\/apple-pay-deutschland-volksbanken-verschieben-start#breadcrumb"},"inLanguage":"en-US","potentialAction":[{"@type":"ReadAction","target":["https:\/\/www.apfelpatient.de\/news\/apple-pay-deutschland-volksbanken-verschieben-start"]}]},{"@type":"ImageObject","inLanguage":"en-US","@id":"https:\/\/www.apfelpatient.de\/news\/apple-pay-deutschland-volksbanken-verschieben-start#primaryimage","url":"https:\/\/www.apfelpatient.de\/wp-content\/uploads\/2019\/12\/bigstock-Wetzlar-Germany-March-245640436.jpg","contentUrl":"https:\/\/www.apfelpatient.de\/wp-content\/uploads\/2019\/12\/bigstock-Wetzlar-Germany-March-245640436.jpg","width":1600,"height":1067,"caption":"WETZLAR Germany - March 25, 2018: Sign with the logo of the german credit union Volksbank - Raiffeisenbank, Germany"},{"@type":"BreadcrumbList","@id":"https:\/\/www.apfelpatient.de\/news\/apple-pay-deutschland-volksbanken-verschieben-start#breadcrumb","itemListElement":[{"@type":"ListItem","position":1,"name":"Startseite","item":"https:\/\/www.apfelpatient.de\/"},{"@type":"ListItem","position":2,"name":"Apple Pay Deutschland &#8211; Volksbanken verschieben Start"}]},{"@type":"WebSite","@id":"https:\/\/www.apfelpatient.de\/#website","url":"https:\/\/www.apfelpatient.de\/","name":"apple patient","description":"Everything about Apple!","publisher":{"@type":"Organization","@id":"https:\/\/www.apfelpatient.de\/en\/#organization","name":"Apfelpatient","url":"https:\/\/www.apfelpatient.de\/en\/"},"alternateName":"Apfelpatient","potentialAction":[{"@type":"SearchAction","target":{"@type":"EntryPoint","urlTemplate":"https:\/\/www.apfelpatient.de\/?s={search_term_string}"},"query-input":{"@type":"PropertyValueSpecification","valueRequired":true,"valueName":"search_term_string"}}],"inLanguage":"en-US"},{"@type":["Person","Organization"],"@id":"https:\/\/www.apfelpatient.de\/#\/schema\/person\/7dc56ad6c8e9824b76d2c08d4c140e13","name":"Milan","logo":{"@id":"https:\/\/www.apfelpatient.de\/#\/schema\/person\/image\/"},"description":"Hello and welcome to my technology blog! As a big Apple fan, I report on everything to do with Apple: from the latest news and exciting rumors to helpful tips and tricks and detailed product tests. If you are as enthusiastic about technology as I am, you have come to the right place!","sameAs":["https:\/\/www.facebook.com\/apfelpatientOfficial","https:\/\/www.linkedin.com\/in\/milan-jovicic-42aa0231b"],"url":"https:\/\/www.apfelpatient.de\/en\/author\/apfeladmin"}]}},"_links":{"self":[{"href":"https:\/\/www.apfelpatient.de\/en\/wp-json\/wp\/v2\/posts\/8152","targetHints":{"allow":["GET"]}}],"collection":[{"href":"https:\/\/www.apfelpatient.de\/en\/wp-json\/wp\/v2\/posts"}],"about":[{"href":"https:\/\/www.apfelpatient.de\/en\/wp-json\/wp\/v2\/types\/post"}],"author":[{"embeddable":true,"href":"https:\/\/www.apfelpatient.de\/en\/wp-json\/wp\/v2\/users\/2"}],"replies":[{"embeddable":true,"href":"https:\/\/www.apfelpatient.de\/en\/wp-json\/wp\/v2\/comments?post=8152"}],"version-history":[{"count":0,"href":"https:\/\/www.apfelpatient.de\/en\/wp-json\/wp\/v2\/posts\/8152\/revisions"}],"wp:featuredmedia":[{"embeddable":true,"href":"https:\/\/www.apfelpatient.de\/en\/wp-json\/wp\/v2\/media\/8043"}],"wp:attachment":[{"href":"https:\/\/www.apfelpatient.de\/en\/wp-json\/wp\/v2\/media?parent=8152"}],"wp:term":[{"taxonomy":"category","embeddable":true,"href":"https:\/\/www.apfelpatient.de\/en\/wp-json\/wp\/v2\/categories?post=8152"},{"taxonomy":"post_tag","embeddable":true,"href":"https:\/\/www.apfelpatient.de\/en\/wp-json\/wp\/v2\/tags?post=8152"}],"curies":[{"name":"wp","href":"https:\/\/api.w.org\/{rel}","templated":true}]}}