{"id":7998,"date":"2019-12-02T18:53:14","date_gmt":"2019-12-02T17:53:14","guid":{"rendered":"https:\/\/www.apfelpatient.de\/?p=7998"},"modified":"2019-12-02T18:53:14","modified_gmt":"2019-12-02T17:53:14","slug":"new-details-about-ipad-pro-and-macbook-pro-2020-surfaced","status":"publish","type":"post","link":"https:\/\/www.apfelpatient.de\/en\/rumors\/neue-details-zu-ipad-pro-und-macbook-pro-2020-aufgetaucht","title":{"rendered":"New details about iPad Pro and MacBook Pro 2020 surfaced"},"content":{"rendered":"<p class=\"has-drop-cap\"><strong>Just in time for the end of the year, well-known analyst Ming-Chi Kuo has revealed new information regarding the upcoming iPad Pro and MacBook Pro 16\u2033.<\/strong><\/p>\n\n\n\n<p>The well-informed and accurate TFI Securities analyst Ming-Chi Kuo has spoken out in a new note to investors. He now claims to have received an update on Apple&#039;s plans for the upcoming iPad Pro and a new MacBook Pro 16&quot;. According to this, both devices are to be released with mini-LEDs next year. The plan is to convert more devices to mini-LEDs over the next few years - but the fourth generation iPad Pro and the successor to the MacBook Pro 16&quot; will start at the end of next year. According to this, the release of the iPad Pro 4 is not planned for spring 2020 as previously believed, but rather for fall 2020. According to Kuo&#039;s forecast, the new iPad Pro will have an A14X processor. However, he did not provide any further details. The new MacBook Pro with a 16-inch screen diagonal, on the other hand, will be updated in the fourth quarter of 2020. So far, the analyst has predicted a switch to mini-LED technology at the end of 2020 or the beginning of 2021.&nbsp;<\/p>\n\n\n\n<h3 class=\"wp-block-heading\">More products will follow in the next few years<\/h3>\n\n\n\n\n\n\n\n<p>According to the TFI Securities analyst, Apple plans to equip four to six more products with mini-LEDs. The changeover is expected to take place in the next two to three years. It is generally expected that Apple&#039;s introduction of mini-LEDs will accelerate the overall development of the mini-LED industry. Kuo once again emphasized that the new display technology based on mini-LEDs will enable thinner and lighter products while offering many of the same advantages of OLED screens - including wide color gamut, high contrast and dynamic range, and true black. Whether he is right about the time frame stated remains to be seen.&nbsp;<em>(Photo by porover \/ Bigstockphoto)<\/em><\/p>","protected":false},"excerpt":{"rendered":"<p>Just in time for the end of the year, well-known analyst Ming-Chi Kuo has revealed new information regarding the upcoming iPad Pro and MacBook Pro 16\u2033.<\/p>","protected":false},"author":2,"featured_media":7997,"comment_status":"closed","ping_status":"closed","sticky":false,"template":"","format":"standard","meta":{"jnews-multi-image_gallery":[],"jnews_single_post":{"subtitle":"","format":"standard","video":"","gallery":"","source_name":"","source_url":"","via_name":"","via_url":"","override":[{"single_blog_custom":"","sidebar":"","second_sidebar":"","share_position":"","share_float_style":"","post_date_format":"","post_date_format_custom":"","post_reading_time_wpm":"","zoom_button_out_step":"1","zoom_button_in_step":"1","number_popup_post":"1"}],"image_override":[{"single_post_thumbnail_size":"","single_post_gallery_size":""}],"trending_post_position":"","trending_post_label":""},"jnews_primary_category":{"id":"274"},"footnotes":""},"categories":[25],"tags":[18,307,40],"class_list":["post-7998","post","type-post","status-publish","format-standard","has-post-thumbnail","hentry","category-rumors","tag-ipad","tag-ipad-pro-2020","tag-mac"],"yoast_head":"<!-- This site is optimized with the Yoast SEO Premium plugin v27.5 (Yoast SEO v27.5) - https:\/\/yoast.com\/product\/yoast-seo-premium-wordpress\/ -->\n<title>Neue Details zu iPad Pro und MacBook Pro 2020 aufgetaucht<\/title>\n<meta name=\"description\" content=\"P\u00fcnktlich zum Jahresende hat der bekannte Analyst Ming-Chi Kuo neue Informationen in Bezug auf das kommende iPad Pro und MacBook Pro 16&quot; in Erfahrung gebracht.\" \/>\n<meta name=\"robots\" content=\"index, follow, max-snippet:-1, max-image-preview:large, max-video-preview:-1\" \/>\n<link rel=\"canonical\" href=\"https:\/\/www.apfelpatient.de\/en\/rumors\/new-details-about-ipad-pro-and-macbook-pro-2020-surfaced\" \/>\n<meta property=\"og:locale\" content=\"en_US\" \/>\n<meta property=\"og:type\" content=\"article\" \/>\n<meta property=\"og:title\" content=\"Neue Details zu iPad Pro und MacBook Pro 2020 aufgetaucht\" \/>\n<meta property=\"og:description\" content=\"P\u00fcnktlich zum Jahresende hat der bekannte Analyst Ming-Chi Kuo neue Informationen in Bezug auf das kommende iPad Pro und MacBook Pro 16&quot; in Erfahrung gebracht.\" \/>\n<meta property=\"og:url\" content=\"https:\/\/www.apfelpatient.de\/en\/rumors\/new-details-about-ipad-pro-and-macbook-pro-2020-surfaced\" \/>\n<meta property=\"og:site_name\" content=\"Apfelpatient\" \/>\n<meta property=\"article:publisher\" content=\"https:\/\/www.facebook.com\/apfelpatientOfficial\" \/>\n<meta property=\"article:author\" content=\"https:\/\/www.facebook.com\/apfelpatientOfficial\" \/>\n<meta property=\"article:published_time\" content=\"2019-12-02T17:53:14+00:00\" \/>\n<meta property=\"og:image\" content=\"https:\/\/www.apfelpatient.de\/wp-content\/uploads\/2019\/12\/bigstock-Bangkok-Thailand-March-283423114.jpg\" \/>\n\t<meta property=\"og:image:width\" content=\"1600\" \/>\n\t<meta property=\"og:image:height\" content=\"1067\" \/>\n\t<meta property=\"og:image:type\" content=\"image\/jpeg\" \/>\n<meta name=\"author\" content=\"Milan\" \/>\n<meta name=\"twitter:card\" content=\"summary_large_image\" \/>\n<meta name=\"twitter:title\" content=\"Neue Details zu iPad Pro und MacBook Pro 2020 aufgetaucht\" \/>\n<meta name=\"twitter:label1\" content=\"Written by\" \/>\n\t<meta name=\"twitter:data1\" content=\"Milan\" \/>\n\t<meta name=\"twitter:label2\" content=\"Est. reading time\" \/>\n\t<meta name=\"twitter:data2\" content=\"2 minutes\" \/>\n<script type=\"application\/ld+json\" class=\"yoast-schema-graph\">{\"@context\":\"https:\\\/\\\/schema.org\",\"@graph\":[{\"@type\":\"NewsArticle\",\"@id\":\"https:\\\/\\\/www.apfelpatient.de\\\/rumors\\\/neue-details-zu-ipad-pro-und-macbook-pro-2020-aufgetaucht#article\",\"isPartOf\":{\"@id\":\"https:\\\/\\\/www.apfelpatient.de\\\/rumors\\\/neue-details-zu-ipad-pro-und-macbook-pro-2020-aufgetaucht\"},\"author\":{\"@type\":\"Organization\",\"@id\":\"https:\\\/\\\/www.apfelpatient.de\\\/en\\\/#organization\",\"name\":\"Apfelpatient\",\"url\":\"https:\\\/\\\/www.apfelpatient.de\\\/en\\\/\"},\"headline\":\"Neue Details zu iPad Pro und MacBook Pro 2020 aufgetaucht\",\"datePublished\":\"2019-12-02T17:53:14+00:00\",\"mainEntityOfPage\":{\"@id\":\"https:\\\/\\\/www.apfelpatient.de\\\/rumors\\\/neue-details-zu-ipad-pro-und-macbook-pro-2020-aufgetaucht\"},\"wordCount\":309,\"publisher\":{\"@type\":\"Organization\",\"@id\":\"https:\\\/\\\/www.apfelpatient.de\\\/en\\\/#organization\",\"name\":\"Apfelpatient\",\"url\":\"https:\\\/\\\/www.apfelpatient.de\\\/en\\\/\"},\"image\":{\"@id\":\"https:\\\/\\\/www.apfelpatient.de\\\/rumors\\\/neue-details-zu-ipad-pro-und-macbook-pro-2020-aufgetaucht#primaryimage\"},\"thumbnailUrl\":\"https:\\\/\\\/www.apfelpatient.de\\\/wp-content\\\/uploads\\\/2019\\\/12\\\/bigstock-Bangkok-Thailand-March-283423114.jpg\",\"keywords\":[\"iPad\",\"iPad Pro 2020\",\"Mac\"],\"articleSection\":\"Rumors\",\"inLanguage\":\"en-US\",\"copyrightYear\":\"2019\",\"copyrightHolder\":{\"@id\":\"https:\\\/\\\/www.apfelpatient.de\\\/en\\\/#organization\"}},{\"@type\":\"WebPage\",\"@id\":\"https:\\\/\\\/www.apfelpatient.de\\\/rumors\\\/neue-details-zu-ipad-pro-und-macbook-pro-2020-aufgetaucht\",\"url\":\"https:\\\/\\\/www.apfelpatient.de\\\/rumors\\\/neue-details-zu-ipad-pro-und-macbook-pro-2020-aufgetaucht\",\"name\":\"Neue Details zu iPad Pro und MacBook Pro 2020 aufgetaucht\",\"isPartOf\":{\"@id\":\"https:\\\/\\\/www.apfelpatient.de\\\/#website\"},\"primaryImageOfPage\":{\"@id\":\"https:\\\/\\\/www.apfelpatient.de\\\/rumors\\\/neue-details-zu-ipad-pro-und-macbook-pro-2020-aufgetaucht#primaryimage\"},\"image\":{\"@id\":\"https:\\\/\\\/www.apfelpatient.de\\\/rumors\\\/neue-details-zu-ipad-pro-und-macbook-pro-2020-aufgetaucht#primaryimage\"},\"thumbnailUrl\":\"https:\\\/\\\/www.apfelpatient.de\\\/wp-content\\\/uploads\\\/2019\\\/12\\\/bigstock-Bangkok-Thailand-March-283423114.jpg\",\"datePublished\":\"2019-12-02T17:53:14+00:00\",\"description\":\"P\u00fcnktlich zum Jahresende hat der bekannte Analyst Ming-Chi Kuo neue Informationen in Bezug auf das kommende iPad Pro und MacBook Pro 16\\\" in Erfahrung gebracht.\",\"breadcrumb\":{\"@id\":\"https:\\\/\\\/www.apfelpatient.de\\\/rumors\\\/neue-details-zu-ipad-pro-und-macbook-pro-2020-aufgetaucht#breadcrumb\"},\"inLanguage\":\"en-US\",\"potentialAction\":[{\"@type\":\"ReadAction\",\"target\":[\"https:\\\/\\\/www.apfelpatient.de\\\/rumors\\\/neue-details-zu-ipad-pro-und-macbook-pro-2020-aufgetaucht\"]}]},{\"@type\":\"ImageObject\",\"inLanguage\":\"en-US\",\"@id\":\"https:\\\/\\\/www.apfelpatient.de\\\/rumors\\\/neue-details-zu-ipad-pro-und-macbook-pro-2020-aufgetaucht#primaryimage\",\"url\":\"https:\\\/\\\/www.apfelpatient.de\\\/wp-content\\\/uploads\\\/2019\\\/12\\\/bigstock-Bangkok-Thailand-March-283423114.jpg\",\"contentUrl\":\"https:\\\/\\\/www.apfelpatient.de\\\/wp-content\\\/uploads\\\/2019\\\/12\\\/bigstock-Bangkok-Thailand-March-283423114.jpg\",\"width\":1600,\"height\":1067,\"caption\":\"Bangkok, Thailand - March 11, 2019 : women use Netflix app on Ipad pro screen. Netflix is an international leading subscription service for watching TV episodes and movies.\"},{\"@type\":\"BreadcrumbList\",\"@id\":\"https:\\\/\\\/www.apfelpatient.de\\\/rumors\\\/neue-details-zu-ipad-pro-und-macbook-pro-2020-aufgetaucht#breadcrumb\",\"itemListElement\":[{\"@type\":\"ListItem\",\"position\":1,\"name\":\"Startseite\",\"item\":\"https:\\\/\\\/www.apfelpatient.de\\\/\"},{\"@type\":\"ListItem\",\"position\":2,\"name\":\"Neue Details zu iPad Pro und MacBook Pro 2020 aufgetaucht\"}]},{\"@type\":\"WebSite\",\"@id\":\"https:\\\/\\\/www.apfelpatient.de\\\/#website\",\"url\":\"https:\\\/\\\/www.apfelpatient.de\\\/\",\"name\":\"Apfelpatient\",\"description\":\"Alles rund um Apple!\",\"publisher\":{\"@type\":\"Organization\",\"@id\":\"https:\\\/\\\/www.apfelpatient.de\\\/en\\\/#organization\",\"name\":\"Apfelpatient\",\"url\":\"https:\\\/\\\/www.apfelpatient.de\\\/en\\\/\"},\"alternateName\":\"Apfelpatient\",\"potentialAction\":[{\"@type\":\"SearchAction\",\"target\":{\"@type\":\"EntryPoint\",\"urlTemplate\":\"https:\\\/\\\/www.apfelpatient.de\\\/?s={search_term_string}\"},\"query-input\":{\"@type\":\"PropertyValueSpecification\",\"valueRequired\":true,\"valueName\":\"search_term_string\"}}],\"inLanguage\":\"en-US\"},{\"@type\":[\"Person\",\"Organization\"],\"@id\":\"https:\\\/\\\/www.apfelpatient.de\\\/#\\\/schema\\\/person\\\/7dc56ad6c8e9824b76d2c08d4c140e13\",\"name\":\"Milan\",\"logo\":{\"@id\":\"https:\\\/\\\/www.apfelpatient.de\\\/#\\\/schema\\\/person\\\/image\\\/\"},\"description\":\"Hallo und herzlich willkommen auf meinem Technik-Blog! Als gro\u00dfer Apple-Fan berichte ich hier \u00fcber alles, was mit Apple zu tun hat: von den neuesten News und spannenden Ger\u00fcchten \u00fcber hilfreiche Tipps und Tricks bis hin zu ausf\u00fchrlichen Produkttests. Wenn du genauso technikbegeistert bist wie ich, bist du hier genau richtig!\",\"sameAs\":[\"https:\\\/\\\/www.facebook.com\\\/apfelpatientOfficial\",\"https:\\\/\\\/www.linkedin.com\\\/in\\\/milan-jovicic-42aa0231b\"],\"url\":\"https:\\\/\\\/www.apfelpatient.de\\\/en\\\/author\\\/apfeladmin\"}]}<\/script>\n<!-- \/ Yoast SEO Premium plugin. -->","yoast_head_json":{"title":"New details about iPad Pro and MacBook Pro 2020 surfaced","description":"Just in time for the end of the year, well-known analyst Ming-Chi Kuo has revealed new information regarding the upcoming iPad Pro and MacBook Pro 16&quot;.","robots":{"index":"index","follow":"follow","max-snippet":"max-snippet:-1","max-image-preview":"max-image-preview:large","max-video-preview":"max-video-preview:-1"},"canonical":"https:\/\/www.apfelpatient.de\/en\/rumors\/new-details-about-ipad-pro-and-macbook-pro-2020-surfaced","og_locale":"en_US","og_type":"article","og_title":"Neue Details zu iPad Pro und MacBook Pro 2020 aufgetaucht","og_description":"P\u00fcnktlich zum Jahresende hat der bekannte Analyst Ming-Chi Kuo neue Informationen in Bezug auf das kommende iPad Pro und MacBook Pro 16&quot; in Erfahrung gebracht.","og_url":"https:\/\/www.apfelpatient.de\/en\/rumors\/new-details-about-ipad-pro-and-macbook-pro-2020-surfaced","og_site_name":"Apfelpatient","article_publisher":"https:\/\/www.facebook.com\/apfelpatientOfficial","article_author":"https:\/\/www.facebook.com\/apfelpatientOfficial","article_published_time":"2019-12-02T17:53:14+00:00","og_image":[{"width":1600,"height":1067,"url":"https:\/\/www.apfelpatient.de\/wp-content\/uploads\/2019\/12\/bigstock-Bangkok-Thailand-March-283423114.jpg","type":"image\/jpeg"}],"author":"Milan","twitter_card":"summary_large_image","twitter_title":"Neue Details zu iPad Pro und MacBook Pro 2020 aufgetaucht","twitter_misc":{"Written by":"Milan","Est. reading time":"2 minutes"},"schema":{"@context":"https:\/\/schema.org","@graph":[{"@type":"NewsArticle","@id":"https:\/\/www.apfelpatient.de\/rumors\/neue-details-zu-ipad-pro-und-macbook-pro-2020-aufgetaucht#article","isPartOf":{"@id":"https:\/\/www.apfelpatient.de\/rumors\/neue-details-zu-ipad-pro-und-macbook-pro-2020-aufgetaucht"},"author":{"@type":"Organization","@id":"https:\/\/www.apfelpatient.de\/en\/#organization","name":"Apfelpatient","url":"https:\/\/www.apfelpatient.de\/en\/"},"headline":"Neue Details zu iPad Pro und MacBook Pro 2020 aufgetaucht","datePublished":"2019-12-02T17:53:14+00:00","mainEntityOfPage":{"@id":"https:\/\/www.apfelpatient.de\/rumors\/neue-details-zu-ipad-pro-und-macbook-pro-2020-aufgetaucht"},"wordCount":309,"publisher":{"@type":"Organization","@id":"https:\/\/www.apfelpatient.de\/en\/#organization","name":"Apfelpatient","url":"https:\/\/www.apfelpatient.de\/en\/"},"image":{"@id":"https:\/\/www.apfelpatient.de\/rumors\/neue-details-zu-ipad-pro-und-macbook-pro-2020-aufgetaucht#primaryimage"},"thumbnailUrl":"https:\/\/www.apfelpatient.de\/wp-content\/uploads\/2019\/12\/bigstock-Bangkok-Thailand-March-283423114.jpg","keywords":["iPad","iPad Pro 2020","Mac"],"articleSection":"Rumors","inLanguage":"en-US","copyrightYear":"2019","copyrightHolder":{"@id":"https:\/\/www.apfelpatient.de\/en\/#organization"}},{"@type":"WebPage","@id":"https:\/\/www.apfelpatient.de\/rumors\/neue-details-zu-ipad-pro-und-macbook-pro-2020-aufgetaucht","url":"https:\/\/www.apfelpatient.de\/rumors\/neue-details-zu-ipad-pro-und-macbook-pro-2020-aufgetaucht","name":"New details about iPad Pro and MacBook Pro 2020 surfaced","isPartOf":{"@id":"https:\/\/www.apfelpatient.de\/#website"},"primaryImageOfPage":{"@id":"https:\/\/www.apfelpatient.de\/rumors\/neue-details-zu-ipad-pro-und-macbook-pro-2020-aufgetaucht#primaryimage"},"image":{"@id":"https:\/\/www.apfelpatient.de\/rumors\/neue-details-zu-ipad-pro-und-macbook-pro-2020-aufgetaucht#primaryimage"},"thumbnailUrl":"https:\/\/www.apfelpatient.de\/wp-content\/uploads\/2019\/12\/bigstock-Bangkok-Thailand-March-283423114.jpg","datePublished":"2019-12-02T17:53:14+00:00","description":"Just in time for the end of the year, well-known analyst Ming-Chi Kuo has revealed new information regarding the upcoming iPad Pro and MacBook Pro 16&quot;.","breadcrumb":{"@id":"https:\/\/www.apfelpatient.de\/rumors\/neue-details-zu-ipad-pro-und-macbook-pro-2020-aufgetaucht#breadcrumb"},"inLanguage":"en-US","potentialAction":[{"@type":"ReadAction","target":["https:\/\/www.apfelpatient.de\/rumors\/neue-details-zu-ipad-pro-und-macbook-pro-2020-aufgetaucht"]}]},{"@type":"ImageObject","inLanguage":"en-US","@id":"https:\/\/www.apfelpatient.de\/rumors\/neue-details-zu-ipad-pro-und-macbook-pro-2020-aufgetaucht#primaryimage","url":"https:\/\/www.apfelpatient.de\/wp-content\/uploads\/2019\/12\/bigstock-Bangkok-Thailand-March-283423114.jpg","contentUrl":"https:\/\/www.apfelpatient.de\/wp-content\/uploads\/2019\/12\/bigstock-Bangkok-Thailand-March-283423114.jpg","width":1600,"height":1067,"caption":"Bangkok, Thailand - March 11, 2019 : women use Netflix app on Ipad pro screen. Netflix is an international leading subscription service for watching TV episodes and movies."},{"@type":"BreadcrumbList","@id":"https:\/\/www.apfelpatient.de\/rumors\/neue-details-zu-ipad-pro-und-macbook-pro-2020-aufgetaucht#breadcrumb","itemListElement":[{"@type":"ListItem","position":1,"name":"Startseite","item":"https:\/\/www.apfelpatient.de\/"},{"@type":"ListItem","position":2,"name":"Neue Details zu iPad Pro und MacBook Pro 2020 aufgetaucht"}]},{"@type":"WebSite","@id":"https:\/\/www.apfelpatient.de\/#website","url":"https:\/\/www.apfelpatient.de\/","name":"apple patient","description":"Everything about Apple!","publisher":{"@type":"Organization","@id":"https:\/\/www.apfelpatient.de\/en\/#organization","name":"Apfelpatient","url":"https:\/\/www.apfelpatient.de\/en\/"},"alternateName":"Apfelpatient","potentialAction":[{"@type":"SearchAction","target":{"@type":"EntryPoint","urlTemplate":"https:\/\/www.apfelpatient.de\/?s={search_term_string}"},"query-input":{"@type":"PropertyValueSpecification","valueRequired":true,"valueName":"search_term_string"}}],"inLanguage":"en-US"},{"@type":["Person","Organization"],"@id":"https:\/\/www.apfelpatient.de\/#\/schema\/person\/7dc56ad6c8e9824b76d2c08d4c140e13","name":"Milan","logo":{"@id":"https:\/\/www.apfelpatient.de\/#\/schema\/person\/image\/"},"description":"Hello and welcome to my technology blog! As a big Apple fan, I report on everything to do with Apple: from the latest news and exciting rumors to helpful tips and tricks and detailed product tests. If you are as enthusiastic about technology as I am, you have come to the right place!","sameAs":["https:\/\/www.facebook.com\/apfelpatientOfficial","https:\/\/www.linkedin.com\/in\/milan-jovicic-42aa0231b"],"url":"https:\/\/www.apfelpatient.de\/en\/author\/apfeladmin"}]}},"_links":{"self":[{"href":"https:\/\/www.apfelpatient.de\/en\/wp-json\/wp\/v2\/posts\/7998","targetHints":{"allow":["GET"]}}],"collection":[{"href":"https:\/\/www.apfelpatient.de\/en\/wp-json\/wp\/v2\/posts"}],"about":[{"href":"https:\/\/www.apfelpatient.de\/en\/wp-json\/wp\/v2\/types\/post"}],"author":[{"embeddable":true,"href":"https:\/\/www.apfelpatient.de\/en\/wp-json\/wp\/v2\/users\/2"}],"replies":[{"embeddable":true,"href":"https:\/\/www.apfelpatient.de\/en\/wp-json\/wp\/v2\/comments?post=7998"}],"version-history":[{"count":0,"href":"https:\/\/www.apfelpatient.de\/en\/wp-json\/wp\/v2\/posts\/7998\/revisions"}],"wp:featuredmedia":[{"embeddable":true,"href":"https:\/\/www.apfelpatient.de\/en\/wp-json\/wp\/v2\/media\/7997"}],"wp:attachment":[{"href":"https:\/\/www.apfelpatient.de\/en\/wp-json\/wp\/v2\/media?parent=7998"}],"wp:term":[{"taxonomy":"category","embeddable":true,"href":"https:\/\/www.apfelpatient.de\/en\/wp-json\/wp\/v2\/categories?post=7998"},{"taxonomy":"post_tag","embeddable":true,"href":"https:\/\/www.apfelpatient.de\/en\/wp-json\/wp\/v2\/tags?post=7998"}],"curies":[{"name":"wp","href":"https:\/\/api.w.org\/{rel}","templated":true}]}}