{"id":796,"date":"2018-06-25T13:35:36","date_gmt":"2018-06-25T11:35:36","guid":{"rendered":"https:\/\/www.apfelpatient.de\/?p=796"},"modified":"2024-05-22T14:41:51","modified_gmt":"2024-05-22T12:41:51","slug":"rumor-airpods-2-high-end-version-allegedly-planned-for-2019","status":"publish","type":"post","link":"https:\/\/www.apfelpatient.de\/en\/rumors\/geruecht-airpods-2-high-end-ausfuehrung-angeblich-fuer-2019-geplant","title":{"rendered":"Rumor: AirPods 2 high-end version allegedly planned for 2019"},"content":{"rendered":"<p>The AirPods 2 are set to have more features and be more expensive. These include better noise compensation and moisture protection. The wireless range is also set to be improved. It is also possible to integrate biometric sensors. This is reported by Bloomberg, citing informed sources.<\/p>","protected":false},"excerpt":{"rendered":"<p>The AirPods 2 are set to have more features and be more expensive. These include better noise compensation and moisture protection. The wireless range is also set to be improved. It is also possible to integrate biometric sensors. This is reported by Bloomberg, citing informed sources.<\/p>","protected":false},"author":2,"featured_media":1460,"comment_status":"open","ping_status":"open","sticky":false,"template":"","format":"standard","meta":{"jnews-multi-image_gallery":[],"jnews_single_post":{"subtitle":"","format":"standard","video":"","gallery":"","source_name":"","source_url":"","via_name":"","via_url":"","override_template":"0","override":[{"template":"4","single_blog_custom":"","parallax":"1","fullscreen":"1","layout":"right-sidebar","sidebar":"default-sidebar","second_sidebar":"default-sidebar","sticky_sidebar":"1","share_position":"top","share_float_style":"share-monocrhome","show_share_counter":"0","show_view_counter":"0","show_featured":"1","show_post_meta":"1","show_post_author":"1","show_post_author_image":"1","show_post_date":"1","post_date_format":"default","post_date_format_custom":"Y\/m\/d","show_post_category":"1","show_post_reading_time":"0","post_reading_time_wpm":"300","show_zoom_button":"0","zoom_button_out_step":"2","zoom_button_in_step":"3","show_post_tag":"1","show_prev_next_post":"1","show_popup_post":"1","number_popup_post":"1","show_author_box":"0","show_post_related":"0","show_inline_post_related":"0"}],"override_image_size":"0","image_override":[{"single_post_thumbnail_size":"crop-500","single_post_gallery_size":"crop-500"}],"trending_post":"0","trending_post_position":"meta","trending_post_label":"Trending","sponsored_post":"0","sponsored_post_label":"Sponsored by","sponsored_post_name":"","sponsored_post_url":"","sponsored_post_logo_enable":"0","sponsored_post_logo":"","sponsored_post_desc":"","disable_ad":"0"},"jnews_primary_category":{"id":"","hide":""},"footnotes":""},"categories":[25],"tags":[28,31],"class_list":["post-796","post","type-post","status-publish","format-standard","has-post-thumbnail","hentry","category-rumors","tag-airpods","tag-airpods-2"],"yoast_head":"<!-- This site is optimized with the Yoast SEO Premium plugin v27.5 (Yoast SEO v27.5) - https:\/\/yoast.com\/product\/yoast-seo-premium-wordpress\/ -->\n<title>Ger\u00fccht: AirPods 2 High-End-Ausf\u00fchrung angeblich f\u00fcr 2019 geplant Apfelpatient<\/title>\n<meta name=\"description\" content=\"Apple plant angeblich High-End-AirPods 2 f\u00fcr 2019. Neue Funktionen und verbessertes Design erwartet. Weitere Details zu den AirPods 2 finden Sie hier.\" \/>\n<meta name=\"robots\" content=\"index, follow, max-snippet:-1, max-image-preview:large, max-video-preview:-1\" \/>\n<link rel=\"canonical\" href=\"https:\/\/www.apfelpatient.de\/en\/rumors\/rumor-airpods-2-high-end-version-allegedly-planned-for-2019\" \/>\n<meta property=\"og:locale\" content=\"en_US\" \/>\n<meta property=\"og:type\" content=\"article\" \/>\n<meta property=\"og:title\" content=\"Ger\u00fccht: AirPods 2 High-End-Ausf\u00fchrung angeblich f\u00fcr 2019 geplant\" \/>\n<meta property=\"og:description\" content=\"Apple plant angeblich High-End-AirPods 2 f\u00fcr 2019. Neue Funktionen und verbessertes Design erwartet. Weitere Details zu den AirPods 2 finden Sie hier.\" \/>\n<meta property=\"og:url\" content=\"https:\/\/www.apfelpatient.de\/en\/rumors\/rumor-airpods-2-high-end-version-allegedly-planned-for-2019\" \/>\n<meta property=\"og:site_name\" content=\"Apfelpatient\" \/>\n<meta property=\"article:publisher\" content=\"https:\/\/www.facebook.com\/apfelpatientOfficial\" \/>\n<meta property=\"article:author\" content=\"https:\/\/www.facebook.com\/apfelpatientOfficial\" \/>\n<meta property=\"article:published_time\" content=\"2018-06-25T11:35:36+00:00\" \/>\n<meta property=\"article:modified_time\" content=\"2024-05-22T12:41:51+00:00\" \/>\n<meta property=\"og:image\" content=\"https:\/\/www.apfelpatient.de\/wp-content\/uploads\/2018\/06\/eleven-x-517445-unsplash.jpg\" \/>\n\t<meta property=\"og:image:width\" content=\"1024\" \/>\n\t<meta property=\"og:image:height\" content=\"683\" \/>\n\t<meta property=\"og:image:type\" content=\"image\/jpeg\" \/>\n<meta name=\"author\" content=\"Milan\" \/>\n<meta name=\"twitter:card\" content=\"summary_large_image\" \/>\n<meta name=\"twitter:label1\" content=\"Written by\" \/>\n\t<meta name=\"twitter:data1\" content=\"Milan\" \/>\n\t<meta name=\"twitter:label2\" content=\"Est. reading time\" \/>\n\t<meta name=\"twitter:data2\" content=\"1 minute\" \/>\n<script type=\"application\/ld+json\" class=\"yoast-schema-graph\">{\"@context\":\"https:\\\/\\\/schema.org\",\"@graph\":[{\"@type\":\"NewsArticle\",\"@id\":\"https:\\\/\\\/www.apfelpatient.de\\\/rumors\\\/geruecht-airpods-2-high-end-ausfuehrung-angeblich-fuer-2019-geplant#article\",\"isPartOf\":{\"@id\":\"https:\\\/\\\/www.apfelpatient.de\\\/rumors\\\/geruecht-airpods-2-high-end-ausfuehrung-angeblich-fuer-2019-geplant\"},\"author\":{\"@type\":\"Organization\",\"@id\":\"https:\\\/\\\/www.apfelpatient.de\\\/en\\\/#organization\",\"name\":\"Apfelpatient\",\"url\":\"https:\\\/\\\/www.apfelpatient.de\\\/en\\\/\"},\"headline\":\"Ger\u00fccht: AirPods 2 High-End-Ausf\u00fchrung angeblich f\u00fcr 2019 geplant\",\"datePublished\":\"2018-06-25T11:35:36+00:00\",\"dateModified\":\"2024-05-22T12:41:51+00:00\",\"mainEntityOfPage\":{\"@id\":\"https:\\\/\\\/www.apfelpatient.de\\\/rumors\\\/geruecht-airpods-2-high-end-ausfuehrung-angeblich-fuer-2019-geplant\"},\"wordCount\":50,\"commentCount\":0,\"publisher\":{\"@type\":\"Organization\",\"@id\":\"https:\\\/\\\/www.apfelpatient.de\\\/en\\\/#organization\",\"name\":\"Apfelpatient\",\"url\":\"https:\\\/\\\/www.apfelpatient.de\\\/en\\\/\"},\"image\":{\"@id\":\"https:\\\/\\\/www.apfelpatient.de\\\/rumors\\\/geruecht-airpods-2-high-end-ausfuehrung-angeblich-fuer-2019-geplant#primaryimage\"},\"thumbnailUrl\":\"https:\\\/\\\/www.apfelpatient.de\\\/wp-content\\\/uploads\\\/2018\\\/06\\\/eleven-x-517445-unsplash.jpg\",\"keywords\":[\"AirPods\",\"AirPods 2\"],\"articleSection\":\"Rumors\",\"inLanguage\":\"en-US\",\"potentialAction\":[{\"@type\":\"CommentAction\",\"name\":\"Comment\",\"target\":[\"https:\\\/\\\/www.apfelpatient.de\\\/rumors\\\/geruecht-airpods-2-high-end-ausfuehrung-angeblich-fuer-2019-geplant#respond\"]}],\"copyrightYear\":\"2018\",\"copyrightHolder\":{\"@id\":\"https:\\\/\\\/www.apfelpatient.de\\\/en\\\/#organization\"}},{\"@type\":\"WebPage\",\"@id\":\"https:\\\/\\\/www.apfelpatient.de\\\/rumors\\\/geruecht-airpods-2-high-end-ausfuehrung-angeblich-fuer-2019-geplant\",\"url\":\"https:\\\/\\\/www.apfelpatient.de\\\/rumors\\\/geruecht-airpods-2-high-end-ausfuehrung-angeblich-fuer-2019-geplant\",\"name\":\"Ger\u00fccht: AirPods 2 High-End-Ausf\u00fchrung angeblich f\u00fcr 2019 geplant Apfelpatient\",\"isPartOf\":{\"@id\":\"https:\\\/\\\/www.apfelpatient.de\\\/#website\"},\"primaryImageOfPage\":{\"@id\":\"https:\\\/\\\/www.apfelpatient.de\\\/rumors\\\/geruecht-airpods-2-high-end-ausfuehrung-angeblich-fuer-2019-geplant#primaryimage\"},\"image\":{\"@id\":\"https:\\\/\\\/www.apfelpatient.de\\\/rumors\\\/geruecht-airpods-2-high-end-ausfuehrung-angeblich-fuer-2019-geplant#primaryimage\"},\"thumbnailUrl\":\"https:\\\/\\\/www.apfelpatient.de\\\/wp-content\\\/uploads\\\/2018\\\/06\\\/eleven-x-517445-unsplash.jpg\",\"datePublished\":\"2018-06-25T11:35:36+00:00\",\"dateModified\":\"2024-05-22T12:41:51+00:00\",\"description\":\"Apple plant angeblich High-End-AirPods 2 f\u00fcr 2019. Neue Funktionen und verbessertes Design erwartet. Weitere Details zu den AirPods 2 finden Sie hier.\",\"breadcrumb\":{\"@id\":\"https:\\\/\\\/www.apfelpatient.de\\\/rumors\\\/geruecht-airpods-2-high-end-ausfuehrung-angeblich-fuer-2019-geplant#breadcrumb\"},\"inLanguage\":\"en-US\",\"potentialAction\":[{\"@type\":\"ReadAction\",\"target\":[\"https:\\\/\\\/www.apfelpatient.de\\\/rumors\\\/geruecht-airpods-2-high-end-ausfuehrung-angeblich-fuer-2019-geplant\"]}]},{\"@type\":\"ImageObject\",\"inLanguage\":\"en-US\",\"@id\":\"https:\\\/\\\/www.apfelpatient.de\\\/rumors\\\/geruecht-airpods-2-high-end-ausfuehrung-angeblich-fuer-2019-geplant#primaryimage\",\"url\":\"https:\\\/\\\/www.apfelpatient.de\\\/wp-content\\\/uploads\\\/2018\\\/06\\\/eleven-x-517445-unsplash.jpg\",\"contentUrl\":\"https:\\\/\\\/www.apfelpatient.de\\\/wp-content\\\/uploads\\\/2018\\\/06\\\/eleven-x-517445-unsplash.jpg\",\"width\":6000,\"height\":4000,\"caption\":\"Photo by Unsplash\"},{\"@type\":\"BreadcrumbList\",\"@id\":\"https:\\\/\\\/www.apfelpatient.de\\\/rumors\\\/geruecht-airpods-2-high-end-ausfuehrung-angeblich-fuer-2019-geplant#breadcrumb\",\"itemListElement\":[{\"@type\":\"ListItem\",\"position\":1,\"name\":\"Startseite\",\"item\":\"https:\\\/\\\/www.apfelpatient.de\\\/\"},{\"@type\":\"ListItem\",\"position\":2,\"name\":\"Ger\u00fccht: AirPods 2 High-End-Ausf\u00fchrung angeblich f\u00fcr 2019 geplant\"}]},{\"@type\":\"WebSite\",\"@id\":\"https:\\\/\\\/www.apfelpatient.de\\\/#website\",\"url\":\"https:\\\/\\\/www.apfelpatient.de\\\/\",\"name\":\"Apfelpatient\",\"description\":\"Alles rund um Apple!\",\"publisher\":{\"@type\":\"Organization\",\"@id\":\"https:\\\/\\\/www.apfelpatient.de\\\/en\\\/#organization\",\"name\":\"Apfelpatient\",\"url\":\"https:\\\/\\\/www.apfelpatient.de\\\/en\\\/\"},\"alternateName\":\"Apfelpatient\",\"potentialAction\":[{\"@type\":\"SearchAction\",\"target\":{\"@type\":\"EntryPoint\",\"urlTemplate\":\"https:\\\/\\\/www.apfelpatient.de\\\/?s={search_term_string}\"},\"query-input\":{\"@type\":\"PropertyValueSpecification\",\"valueRequired\":true,\"valueName\":\"search_term_string\"}}],\"inLanguage\":\"en-US\"},{\"@type\":[\"Person\",\"Organization\"],\"@id\":\"https:\\\/\\\/www.apfelpatient.de\\\/#\\\/schema\\\/person\\\/7dc56ad6c8e9824b76d2c08d4c140e13\",\"name\":\"Milan\",\"logo\":{\"@id\":\"https:\\\/\\\/www.apfelpatient.de\\\/#\\\/schema\\\/person\\\/image\\\/\"},\"description\":\"Hallo und herzlich willkommen auf meinem Technik-Blog! Als gro\u00dfer Apple-Fan berichte ich hier \u00fcber alles, was mit Apple zu tun hat: von den neuesten News und spannenden Ger\u00fcchten \u00fcber hilfreiche Tipps und Tricks bis hin zu ausf\u00fchrlichen Produkttests. Wenn du genauso technikbegeistert bist wie ich, bist du hier genau richtig!\",\"sameAs\":[\"https:\\\/\\\/www.facebook.com\\\/apfelpatientOfficial\",\"https:\\\/\\\/www.linkedin.com\\\/in\\\/milan-jovicic-42aa0231b\"],\"url\":\"https:\\\/\\\/www.apfelpatient.de\\\/en\\\/author\\\/apfeladmin\"}]}<\/script>\n<!-- \/ Yoast SEO Premium plugin. -->","yoast_head_json":{"title":"Rumor: AirPods 2 high-end version allegedly planned for 2019 Apfelpatient","description":"Apple is reportedly planning high-end AirPods 2 for 2019. New features and improved design expected. More details on the AirPods 2 can be found here.","robots":{"index":"index","follow":"follow","max-snippet":"max-snippet:-1","max-image-preview":"max-image-preview:large","max-video-preview":"max-video-preview:-1"},"canonical":"https:\/\/www.apfelpatient.de\/en\/rumors\/rumor-airpods-2-high-end-version-allegedly-planned-for-2019","og_locale":"en_US","og_type":"article","og_title":"Ger\u00fccht: AirPods 2 High-End-Ausf\u00fchrung angeblich f\u00fcr 2019 geplant","og_description":"Apple plant angeblich High-End-AirPods 2 f\u00fcr 2019. Neue Funktionen und verbessertes Design erwartet. Weitere Details zu den AirPods 2 finden Sie hier.","og_url":"https:\/\/www.apfelpatient.de\/en\/rumors\/rumor-airpods-2-high-end-version-allegedly-planned-for-2019","og_site_name":"Apfelpatient","article_publisher":"https:\/\/www.facebook.com\/apfelpatientOfficial","article_author":"https:\/\/www.facebook.com\/apfelpatientOfficial","article_published_time":"2018-06-25T11:35:36+00:00","article_modified_time":"2024-05-22T12:41:51+00:00","og_image":[{"url":"https:\/\/www.apfelpatient.de\/wp-content\/uploads\/2018\/06\/eleven-x-517445-unsplash.jpg","width":1024,"height":683,"type":"image\/jpeg"}],"author":"Milan","twitter_card":"summary_large_image","twitter_misc":{"Written by":"Milan","Est. reading time":"1 minute"},"schema":{"@context":"https:\/\/schema.org","@graph":[{"@type":"NewsArticle","@id":"https:\/\/www.apfelpatient.de\/rumors\/geruecht-airpods-2-high-end-ausfuehrung-angeblich-fuer-2019-geplant#article","isPartOf":{"@id":"https:\/\/www.apfelpatient.de\/rumors\/geruecht-airpods-2-high-end-ausfuehrung-angeblich-fuer-2019-geplant"},"author":{"@type":"Organization","@id":"https:\/\/www.apfelpatient.de\/en\/#organization","name":"Apfelpatient","url":"https:\/\/www.apfelpatient.de\/en\/"},"headline":"Ger\u00fccht: AirPods 2 High-End-Ausf\u00fchrung angeblich f\u00fcr 2019 geplant","datePublished":"2018-06-25T11:35:36+00:00","dateModified":"2024-05-22T12:41:51+00:00","mainEntityOfPage":{"@id":"https:\/\/www.apfelpatient.de\/rumors\/geruecht-airpods-2-high-end-ausfuehrung-angeblich-fuer-2019-geplant"},"wordCount":50,"commentCount":0,"publisher":{"@type":"Organization","@id":"https:\/\/www.apfelpatient.de\/en\/#organization","name":"Apfelpatient","url":"https:\/\/www.apfelpatient.de\/en\/"},"image":{"@id":"https:\/\/www.apfelpatient.de\/rumors\/geruecht-airpods-2-high-end-ausfuehrung-angeblich-fuer-2019-geplant#primaryimage"},"thumbnailUrl":"https:\/\/www.apfelpatient.de\/wp-content\/uploads\/2018\/06\/eleven-x-517445-unsplash.jpg","keywords":["AirPods","AirPods 2"],"articleSection":"Rumors","inLanguage":"en-US","potentialAction":[{"@type":"CommentAction","name":"Comment","target":["https:\/\/www.apfelpatient.de\/rumors\/geruecht-airpods-2-high-end-ausfuehrung-angeblich-fuer-2019-geplant#respond"]}],"copyrightYear":"2018","copyrightHolder":{"@id":"https:\/\/www.apfelpatient.de\/en\/#organization"}},{"@type":"WebPage","@id":"https:\/\/www.apfelpatient.de\/rumors\/geruecht-airpods-2-high-end-ausfuehrung-angeblich-fuer-2019-geplant","url":"https:\/\/www.apfelpatient.de\/rumors\/geruecht-airpods-2-high-end-ausfuehrung-angeblich-fuer-2019-geplant","name":"Rumor: AirPods 2 high-end version allegedly planned for 2019 Apfelpatient","isPartOf":{"@id":"https:\/\/www.apfelpatient.de\/#website"},"primaryImageOfPage":{"@id":"https:\/\/www.apfelpatient.de\/rumors\/geruecht-airpods-2-high-end-ausfuehrung-angeblich-fuer-2019-geplant#primaryimage"},"image":{"@id":"https:\/\/www.apfelpatient.de\/rumors\/geruecht-airpods-2-high-end-ausfuehrung-angeblich-fuer-2019-geplant#primaryimage"},"thumbnailUrl":"https:\/\/www.apfelpatient.de\/wp-content\/uploads\/2018\/06\/eleven-x-517445-unsplash.jpg","datePublished":"2018-06-25T11:35:36+00:00","dateModified":"2024-05-22T12:41:51+00:00","description":"Apple is reportedly planning high-end AirPods 2 for 2019. New features and improved design expected. More details on the AirPods 2 can be found here.","breadcrumb":{"@id":"https:\/\/www.apfelpatient.de\/rumors\/geruecht-airpods-2-high-end-ausfuehrung-angeblich-fuer-2019-geplant#breadcrumb"},"inLanguage":"en-US","potentialAction":[{"@type":"ReadAction","target":["https:\/\/www.apfelpatient.de\/rumors\/geruecht-airpods-2-high-end-ausfuehrung-angeblich-fuer-2019-geplant"]}]},{"@type":"ImageObject","inLanguage":"en-US","@id":"https:\/\/www.apfelpatient.de\/rumors\/geruecht-airpods-2-high-end-ausfuehrung-angeblich-fuer-2019-geplant#primaryimage","url":"https:\/\/www.apfelpatient.de\/wp-content\/uploads\/2018\/06\/eleven-x-517445-unsplash.jpg","contentUrl":"https:\/\/www.apfelpatient.de\/wp-content\/uploads\/2018\/06\/eleven-x-517445-unsplash.jpg","width":6000,"height":4000,"caption":"Photo by Unsplash"},{"@type":"BreadcrumbList","@id":"https:\/\/www.apfelpatient.de\/rumors\/geruecht-airpods-2-high-end-ausfuehrung-angeblich-fuer-2019-geplant#breadcrumb","itemListElement":[{"@type":"ListItem","position":1,"name":"Startseite","item":"https:\/\/www.apfelpatient.de\/"},{"@type":"ListItem","position":2,"name":"Ger\u00fccht: AirPods 2 High-End-Ausf\u00fchrung angeblich f\u00fcr 2019 geplant"}]},{"@type":"WebSite","@id":"https:\/\/www.apfelpatient.de\/#website","url":"https:\/\/www.apfelpatient.de\/","name":"apple patient","description":"Everything about Apple!","publisher":{"@type":"Organization","@id":"https:\/\/www.apfelpatient.de\/en\/#organization","name":"Apfelpatient","url":"https:\/\/www.apfelpatient.de\/en\/"},"alternateName":"Apfelpatient","potentialAction":[{"@type":"SearchAction","target":{"@type":"EntryPoint","urlTemplate":"https:\/\/www.apfelpatient.de\/?s={search_term_string}"},"query-input":{"@type":"PropertyValueSpecification","valueRequired":true,"valueName":"search_term_string"}}],"inLanguage":"en-US"},{"@type":["Person","Organization"],"@id":"https:\/\/www.apfelpatient.de\/#\/schema\/person\/7dc56ad6c8e9824b76d2c08d4c140e13","name":"Milan","logo":{"@id":"https:\/\/www.apfelpatient.de\/#\/schema\/person\/image\/"},"description":"Hello and welcome to my technology blog! As a big Apple fan, I report on everything to do with Apple: from the latest news and exciting rumors to helpful tips and tricks and detailed product tests. If you are as enthusiastic about technology as I am, you have come to the right place!","sameAs":["https:\/\/www.facebook.com\/apfelpatientOfficial","https:\/\/www.linkedin.com\/in\/milan-jovicic-42aa0231b"],"url":"https:\/\/www.apfelpatient.de\/en\/author\/apfeladmin"}]}},"_links":{"self":[{"href":"https:\/\/www.apfelpatient.de\/en\/wp-json\/wp\/v2\/posts\/796","targetHints":{"allow":["GET"]}}],"collection":[{"href":"https:\/\/www.apfelpatient.de\/en\/wp-json\/wp\/v2\/posts"}],"about":[{"href":"https:\/\/www.apfelpatient.de\/en\/wp-json\/wp\/v2\/types\/post"}],"author":[{"embeddable":true,"href":"https:\/\/www.apfelpatient.de\/en\/wp-json\/wp\/v2\/users\/2"}],"replies":[{"embeddable":true,"href":"https:\/\/www.apfelpatient.de\/en\/wp-json\/wp\/v2\/comments?post=796"}],"version-history":[{"count":0,"href":"https:\/\/www.apfelpatient.de\/en\/wp-json\/wp\/v2\/posts\/796\/revisions"}],"wp:featuredmedia":[{"embeddable":true,"href":"https:\/\/www.apfelpatient.de\/en\/wp-json\/wp\/v2\/media\/1460"}],"wp:attachment":[{"href":"https:\/\/www.apfelpatient.de\/en\/wp-json\/wp\/v2\/media?parent=796"}],"wp:term":[{"taxonomy":"category","embeddable":true,"href":"https:\/\/www.apfelpatient.de\/en\/wp-json\/wp\/v2\/categories?post=796"},{"taxonomy":"post_tag","embeddable":true,"href":"https:\/\/www.apfelpatient.de\/en\/wp-json\/wp\/v2\/tags?post=796"}],"curies":[{"name":"wp","href":"https:\/\/api.w.org\/{rel}","templated":true}]}}