{"id":7559,"date":"2019-11-21T13:03:05","date_gmt":"2019-11-21T12:03:05","guid":{"rendered":"https:\/\/www.apfelpatient.de\/?p=7559"},"modified":"2025-10-14T16:21:59","modified_gmt":"2025-10-14T14:21:59","slug":"apple-cancels-premiere-of-the-banker","status":"publish","type":"post","link":"https:\/\/www.apfelpatient.de\/en\/news\/apple-sagt-premiere-von-the-banker-ab","title":{"rendered":"Apple cancels premiere of \u201cThe Banker\u201d"},"content":{"rendered":"<p class=\"p1\"><strong><span class=\"s1\">Last night, Apple canceled the premiere of the Apple TV+ film \u201cThe Banker.\u201d It was supposed to be shown as the closing film at the AFI Fest.<\/span><\/strong><\/p>\n<p class=\"p1\"><span class=\"s1\">Apple&#039;s new film &quot;The Banker&quot; was originally supposed to premiere at the AFI Fest and be released in theaters on December 6th. The release on Apple TV+ would have taken place sometime in 2020. But now the plans have changed. The reason for this withdrawal is said to be &quot;concerns&quot; about the story. Apple&#039;s statement says:<\/span><\/p>\n<p class=\"p1\"><em><span class=\"s1\">&quot;We acquired The Banker earlier this year because we were moved by the film&#039;s entertaining and educational story of social change and financial literacy. Last week, we were made aware of some concerns about the film. We need some time with the filmmakers to address these issues and determine the best next steps. With that in mind, we are no longer presenting The Banker at AFI Fest.&quot;<\/span><\/em><\/p>\n<p class=\"p1\"><\/p>\n<p class=\"p1\"><span class=\"s1\">The film is based on a true story about two African-American businessmen who trained a white working-class man in the 1960s and made him the figurehead of an extremely successful real estate and banking empire. Anthony Mackie plays the role of the late Bernard Garrett Sr., while Joe Morris is played by Samuel L. Jackson. The Deadline platform reports that a member of the Garrett family has made very &quot;disturbing claims&quot; about Bernard Garrett Jr., who does not appear in &quot;The Banker&quot;. The previously unknown statements are said to have been shared with a trade magazine that wants to write a story based on them. Apple&#039;s decision is therefore understandable. Instead of &quot;The Banker&quot;, &quot;Marriage Story&quot; - a Netflix production - will now be shown as the closing film at the festival. <em>(Image: Apple TV+)<\/em><\/span><\/p>\n<h5><em><strong>You don&#039;t want to miss any more news? Then subscribe to our <a href=\"https:\/\/t.me\/apfelpatient_official\">Telegram channel<\/a><\/strong><\/em><\/h5>","protected":false},"excerpt":{"rendered":"<p>Apple hat am gestrigen Abend die Premiere des Apple TV+ Films &#8222;The Banker&#8220; abgesagt. Dieser h\u00e4tte auf dem AFI Fest als Abschlussfilm gezeigt werden sollen. Apples neuer Film &#8222;The Banker&#8220; sollte urspr\u00fcnglich auf dem AFI Fest Premiere feiern und am 06. Dezember in den Kinos ausgestrahlt werden. Die Ver\u00f6ffentlichung auf Apple TV+ w\u00e4re irgendwann in [&hellip;]<\/p>\n","protected":false},"author":2,"featured_media":7560,"comment_status":"closed","ping_status":"open","sticky":false,"template":"","format":"standard","meta":{"jnews-multi-image_gallery":[],"jnews_single_post":{"format":"standard"},"jnews_primary_category":[],"footnotes":""},"categories":[9],"tags":[34,156,248],"class_list":["post-7559","post","type-post","status-publish","format-standard","has-post-thumbnail","hentry","category-news","tag-apple-dienste","tag-apple-tv","tag-apple-tv-plus"],"yoast_head":"<!-- This site is optimized with the Yoast SEO Premium plugin v27.5 (Yoast SEO v27.5) - https:\/\/yoast.com\/product\/yoast-seo-premium-wordpress\/ -->\n<title>Apple sagt Premiere von &quot;The Banker&quot; ab<\/title>\n<meta name=\"description\" content=\"Apple hat am gestrigen Abend die Premiere des Apple TV+ Films &quot;The Banker&quot; abgesagt. Dieser h\u00e4tte auf dem AFI Fest als Abschlussfilm gezeigt werden sollen.\" \/>\n<meta name=\"robots\" content=\"index, follow, max-snippet:-1, max-image-preview:large, max-video-preview:-1\" \/>\n<link rel=\"canonical\" href=\"https:\/\/www.apfelpatient.de\/en\/news\/apple-cancels-premiere-of-the-banker\" \/>\n<meta property=\"og:locale\" content=\"en_US\" \/>\n<meta property=\"og:type\" content=\"article\" \/>\n<meta property=\"og:title\" content=\"Apple sagt Premiere von &quot;The Banker&quot; ab\" \/>\n<meta property=\"og:description\" content=\"Apple hat am gestrigen Abend die Premiere des Apple TV+ Films &quot;The Banker&quot; abgesagt. Dieser h\u00e4tte auf dem AFI Fest als Abschlussfilm gezeigt werden sollen.\" \/>\n<meta property=\"og:url\" content=\"https:\/\/www.apfelpatient.de\/en\/news\/apple-cancels-premiere-of-the-banker\" \/>\n<meta property=\"og:site_name\" content=\"Apfelpatient\" \/>\n<meta property=\"article:publisher\" content=\"https:\/\/www.facebook.com\/apfelpatientOfficial\" \/>\n<meta property=\"article:author\" content=\"https:\/\/www.facebook.com\/apfelpatientOfficial\" \/>\n<meta property=\"article:published_time\" content=\"2019-11-21T12:03:05+00:00\" \/>\n<meta property=\"article:modified_time\" content=\"2025-10-14T14:21:59+00:00\" \/>\n<meta property=\"og:image\" content=\"https:\/\/www.apfelpatient.de\/wp-content\/uploads\/2019\/11\/The_Banker_Unit_Photo_04.jpg\" \/>\n\t<meta property=\"og:image:width\" content=\"1600\" \/>\n\t<meta property=\"og:image:height\" content=\"1067\" \/>\n\t<meta property=\"og:image:type\" content=\"image\/jpeg\" \/>\n<meta name=\"author\" content=\"Milan\" \/>\n<meta name=\"twitter:card\" content=\"summary_large_image\" \/>\n<meta name=\"twitter:title\" content=\"Apple sagt Premiere von &quot;The Banker&quot; ab\" \/>\n<meta name=\"twitter:label1\" content=\"Written by\" \/>\n\t<meta name=\"twitter:data1\" content=\"Milan\" \/>\n\t<meta name=\"twitter:label2\" content=\"Est. reading time\" \/>\n\t<meta name=\"twitter:data2\" content=\"2 minutes\" \/>\n<script type=\"application\/ld+json\" class=\"yoast-schema-graph\">{\"@context\":\"https:\\\/\\\/schema.org\",\"@graph\":[{\"@type\":\"NewsArticle\",\"@id\":\"https:\\\/\\\/www.apfelpatient.de\\\/news\\\/apple-sagt-premiere-von-the-banker-ab#article\",\"isPartOf\":{\"@id\":\"https:\\\/\\\/www.apfelpatient.de\\\/news\\\/apple-sagt-premiere-von-the-banker-ab\"},\"author\":{\"@type\":\"Organization\",\"@id\":\"https:\\\/\\\/www.apfelpatient.de\\\/en\\\/#organization\",\"name\":\"Apfelpatient\",\"url\":\"https:\\\/\\\/www.apfelpatient.de\\\/en\\\/\"},\"headline\":\"Apple sagt Premiere von &#8222;The Banker&#8220; ab\",\"datePublished\":\"2019-11-21T12:03:05+00:00\",\"dateModified\":\"2025-10-14T14:21:59+00:00\",\"mainEntityOfPage\":{\"@id\":\"https:\\\/\\\/www.apfelpatient.de\\\/news\\\/apple-sagt-premiere-von-the-banker-ab\"},\"wordCount\":316,\"publisher\":{\"@type\":\"Organization\",\"@id\":\"https:\\\/\\\/www.apfelpatient.de\\\/en\\\/#organization\",\"name\":\"Apfelpatient\",\"url\":\"https:\\\/\\\/www.apfelpatient.de\\\/en\\\/\"},\"image\":{\"@id\":\"https:\\\/\\\/www.apfelpatient.de\\\/news\\\/apple-sagt-premiere-von-the-banker-ab#primaryimage\"},\"thumbnailUrl\":\"https:\\\/\\\/www.apfelpatient.de\\\/wp-content\\\/uploads\\\/2019\\\/11\\\/The_Banker_Unit_Photo_04.jpg\",\"keywords\":[\"Apple Dienste\",\"Apple TV\",\"Apple TV Plus\"],\"articleSection\":\"News\",\"inLanguage\":\"en-US\",\"copyrightYear\":\"2019\",\"copyrightHolder\":{\"@id\":\"https:\\\/\\\/www.apfelpatient.de\\\/en\\\/#organization\"}},{\"@type\":\"WebPage\",\"@id\":\"https:\\\/\\\/www.apfelpatient.de\\\/news\\\/apple-sagt-premiere-von-the-banker-ab\",\"url\":\"https:\\\/\\\/www.apfelpatient.de\\\/news\\\/apple-sagt-premiere-von-the-banker-ab\",\"name\":\"Apple sagt Premiere von \\\"The Banker\\\" ab\",\"isPartOf\":{\"@id\":\"https:\\\/\\\/www.apfelpatient.de\\\/#website\"},\"primaryImageOfPage\":{\"@id\":\"https:\\\/\\\/www.apfelpatient.de\\\/news\\\/apple-sagt-premiere-von-the-banker-ab#primaryimage\"},\"image\":{\"@id\":\"https:\\\/\\\/www.apfelpatient.de\\\/news\\\/apple-sagt-premiere-von-the-banker-ab#primaryimage\"},\"thumbnailUrl\":\"https:\\\/\\\/www.apfelpatient.de\\\/wp-content\\\/uploads\\\/2019\\\/11\\\/The_Banker_Unit_Photo_04.jpg\",\"datePublished\":\"2019-11-21T12:03:05+00:00\",\"dateModified\":\"2025-10-14T14:21:59+00:00\",\"description\":\"Apple hat am gestrigen Abend die Premiere des Apple TV+ Films \\\"The Banker\\\" abgesagt. Dieser h\u00e4tte auf dem AFI Fest als Abschlussfilm gezeigt werden sollen.\",\"breadcrumb\":{\"@id\":\"https:\\\/\\\/www.apfelpatient.de\\\/news\\\/apple-sagt-premiere-von-the-banker-ab#breadcrumb\"},\"inLanguage\":\"en-US\",\"potentialAction\":[{\"@type\":\"ReadAction\",\"target\":[\"https:\\\/\\\/www.apfelpatient.de\\\/news\\\/apple-sagt-premiere-von-the-banker-ab\"]}]},{\"@type\":\"ImageObject\",\"inLanguage\":\"en-US\",\"@id\":\"https:\\\/\\\/www.apfelpatient.de\\\/news\\\/apple-sagt-premiere-von-the-banker-ab#primaryimage\",\"url\":\"https:\\\/\\\/www.apfelpatient.de\\\/wp-content\\\/uploads\\\/2019\\\/11\\\/The_Banker_Unit_Photo_04.jpg\",\"contentUrl\":\"https:\\\/\\\/www.apfelpatient.de\\\/wp-content\\\/uploads\\\/2019\\\/11\\\/The_Banker_Unit_Photo_04.jpg\",\"width\":1600,\"height\":1067,\"caption\":\"Bild: Apple TV+\"},{\"@type\":\"BreadcrumbList\",\"@id\":\"https:\\\/\\\/www.apfelpatient.de\\\/news\\\/apple-sagt-premiere-von-the-banker-ab#breadcrumb\",\"itemListElement\":[{\"@type\":\"ListItem\",\"position\":1,\"name\":\"Startseite\",\"item\":\"https:\\\/\\\/www.apfelpatient.de\\\/\"},{\"@type\":\"ListItem\",\"position\":2,\"name\":\"Apple sagt Premiere von &#8220;The Banker&#8221; ab\"}]},{\"@type\":\"WebSite\",\"@id\":\"https:\\\/\\\/www.apfelpatient.de\\\/#website\",\"url\":\"https:\\\/\\\/www.apfelpatient.de\\\/\",\"name\":\"Apfelpatient\",\"description\":\"Alles rund um Apple!\",\"publisher\":{\"@type\":\"Organization\",\"@id\":\"https:\\\/\\\/www.apfelpatient.de\\\/en\\\/#organization\",\"name\":\"Apfelpatient\",\"url\":\"https:\\\/\\\/www.apfelpatient.de\\\/en\\\/\"},\"alternateName\":\"Apfelpatient\",\"potentialAction\":[{\"@type\":\"SearchAction\",\"target\":{\"@type\":\"EntryPoint\",\"urlTemplate\":\"https:\\\/\\\/www.apfelpatient.de\\\/?s={search_term_string}\"},\"query-input\":{\"@type\":\"PropertyValueSpecification\",\"valueRequired\":true,\"valueName\":\"search_term_string\"}}],\"inLanguage\":\"en-US\"},{\"@type\":[\"Person\",\"Organization\"],\"@id\":\"https:\\\/\\\/www.apfelpatient.de\\\/#\\\/schema\\\/person\\\/7dc56ad6c8e9824b76d2c08d4c140e13\",\"name\":\"Milan\",\"logo\":{\"@id\":\"https:\\\/\\\/www.apfelpatient.de\\\/#\\\/schema\\\/person\\\/image\\\/\"},\"description\":\"Hallo und herzlich willkommen auf meinem Technik-Blog! Als gro\u00dfer Apple-Fan berichte ich hier \u00fcber alles, was mit Apple zu tun hat: von den neuesten News und spannenden Ger\u00fcchten \u00fcber hilfreiche Tipps und Tricks bis hin zu ausf\u00fchrlichen Produkttests. Wenn du genauso technikbegeistert bist wie ich, bist du hier genau richtig!\",\"sameAs\":[\"https:\\\/\\\/www.facebook.com\\\/apfelpatientOfficial\",\"https:\\\/\\\/www.linkedin.com\\\/in\\\/milan-jovicic-42aa0231b\"],\"url\":\"https:\\\/\\\/www.apfelpatient.de\\\/en\\\/author\\\/apfeladmin\"}]}<\/script>\n<!-- \/ Yoast SEO Premium plugin. -->","yoast_head_json":{"title":"Apple cancels premiere of &quot;The Banker&quot;","description":"Apple canceled the premiere of the Apple TV+ film &quot;The Banker&quot; last night. It was supposed to be shown as the closing film at the AFI Fest.","robots":{"index":"index","follow":"follow","max-snippet":"max-snippet:-1","max-image-preview":"max-image-preview:large","max-video-preview":"max-video-preview:-1"},"canonical":"https:\/\/www.apfelpatient.de\/en\/news\/apple-cancels-premiere-of-the-banker","og_locale":"en_US","og_type":"article","og_title":"Apple sagt Premiere von &quot;The Banker&quot; ab","og_description":"Apple hat am gestrigen Abend die Premiere des Apple TV+ Films &quot;The Banker&quot; abgesagt. Dieser h\u00e4tte auf dem AFI Fest als Abschlussfilm gezeigt werden sollen.","og_url":"https:\/\/www.apfelpatient.de\/en\/news\/apple-cancels-premiere-of-the-banker","og_site_name":"Apfelpatient","article_publisher":"https:\/\/www.facebook.com\/apfelpatientOfficial","article_author":"https:\/\/www.facebook.com\/apfelpatientOfficial","article_published_time":"2019-11-21T12:03:05+00:00","article_modified_time":"2025-10-14T14:21:59+00:00","og_image":[{"width":1600,"height":1067,"url":"https:\/\/www.apfelpatient.de\/wp-content\/uploads\/2019\/11\/The_Banker_Unit_Photo_04.jpg","type":"image\/jpeg"}],"author":"Milan","twitter_card":"summary_large_image","twitter_title":"Apple sagt Premiere von \"The Banker\" ab","twitter_misc":{"Written by":"Milan","Est. reading time":"2 minutes"},"schema":{"@context":"https:\/\/schema.org","@graph":[{"@type":"NewsArticle","@id":"https:\/\/www.apfelpatient.de\/news\/apple-sagt-premiere-von-the-banker-ab#article","isPartOf":{"@id":"https:\/\/www.apfelpatient.de\/news\/apple-sagt-premiere-von-the-banker-ab"},"author":{"@type":"Organization","@id":"https:\/\/www.apfelpatient.de\/en\/#organization","name":"Apfelpatient","url":"https:\/\/www.apfelpatient.de\/en\/"},"headline":"Apple sagt Premiere von &#8222;The Banker&#8220; ab","datePublished":"2019-11-21T12:03:05+00:00","dateModified":"2025-10-14T14:21:59+00:00","mainEntityOfPage":{"@id":"https:\/\/www.apfelpatient.de\/news\/apple-sagt-premiere-von-the-banker-ab"},"wordCount":316,"publisher":{"@type":"Organization","@id":"https:\/\/www.apfelpatient.de\/en\/#organization","name":"Apfelpatient","url":"https:\/\/www.apfelpatient.de\/en\/"},"image":{"@id":"https:\/\/www.apfelpatient.de\/news\/apple-sagt-premiere-von-the-banker-ab#primaryimage"},"thumbnailUrl":"https:\/\/www.apfelpatient.de\/wp-content\/uploads\/2019\/11\/The_Banker_Unit_Photo_04.jpg","keywords":["Apple Dienste","Apple TV","Apple TV Plus"],"articleSection":"News","inLanguage":"en-US","copyrightYear":"2019","copyrightHolder":{"@id":"https:\/\/www.apfelpatient.de\/en\/#organization"}},{"@type":"WebPage","@id":"https:\/\/www.apfelpatient.de\/news\/apple-sagt-premiere-von-the-banker-ab","url":"https:\/\/www.apfelpatient.de\/news\/apple-sagt-premiere-von-the-banker-ab","name":"Apple cancels premiere of &quot;The Banker&quot;","isPartOf":{"@id":"https:\/\/www.apfelpatient.de\/#website"},"primaryImageOfPage":{"@id":"https:\/\/www.apfelpatient.de\/news\/apple-sagt-premiere-von-the-banker-ab#primaryimage"},"image":{"@id":"https:\/\/www.apfelpatient.de\/news\/apple-sagt-premiere-von-the-banker-ab#primaryimage"},"thumbnailUrl":"https:\/\/www.apfelpatient.de\/wp-content\/uploads\/2019\/11\/The_Banker_Unit_Photo_04.jpg","datePublished":"2019-11-21T12:03:05+00:00","dateModified":"2025-10-14T14:21:59+00:00","description":"Apple canceled the premiere of the Apple TV+ film &quot;The Banker&quot; last night. It was supposed to be shown as the closing film at the AFI Fest.","breadcrumb":{"@id":"https:\/\/www.apfelpatient.de\/news\/apple-sagt-premiere-von-the-banker-ab#breadcrumb"},"inLanguage":"en-US","potentialAction":[{"@type":"ReadAction","target":["https:\/\/www.apfelpatient.de\/news\/apple-sagt-premiere-von-the-banker-ab"]}]},{"@type":"ImageObject","inLanguage":"en-US","@id":"https:\/\/www.apfelpatient.de\/news\/apple-sagt-premiere-von-the-banker-ab#primaryimage","url":"https:\/\/www.apfelpatient.de\/wp-content\/uploads\/2019\/11\/The_Banker_Unit_Photo_04.jpg","contentUrl":"https:\/\/www.apfelpatient.de\/wp-content\/uploads\/2019\/11\/The_Banker_Unit_Photo_04.jpg","width":1600,"height":1067,"caption":"Bild: Apple TV+"},{"@type":"BreadcrumbList","@id":"https:\/\/www.apfelpatient.de\/news\/apple-sagt-premiere-von-the-banker-ab#breadcrumb","itemListElement":[{"@type":"ListItem","position":1,"name":"Startseite","item":"https:\/\/www.apfelpatient.de\/"},{"@type":"ListItem","position":2,"name":"Apple sagt Premiere von &#8220;The Banker&#8221; ab"}]},{"@type":"WebSite","@id":"https:\/\/www.apfelpatient.de\/#website","url":"https:\/\/www.apfelpatient.de\/","name":"apple patient","description":"Everything about Apple!","publisher":{"@type":"Organization","@id":"https:\/\/www.apfelpatient.de\/en\/#organization","name":"Apfelpatient","url":"https:\/\/www.apfelpatient.de\/en\/"},"alternateName":"Apfelpatient","potentialAction":[{"@type":"SearchAction","target":{"@type":"EntryPoint","urlTemplate":"https:\/\/www.apfelpatient.de\/?s={search_term_string}"},"query-input":{"@type":"PropertyValueSpecification","valueRequired":true,"valueName":"search_term_string"}}],"inLanguage":"en-US"},{"@type":["Person","Organization"],"@id":"https:\/\/www.apfelpatient.de\/#\/schema\/person\/7dc56ad6c8e9824b76d2c08d4c140e13","name":"Milan","logo":{"@id":"https:\/\/www.apfelpatient.de\/#\/schema\/person\/image\/"},"description":"Hello and welcome to my technology blog! As a big Apple fan, I report on everything to do with Apple: from the latest news and exciting rumors to helpful tips and tricks and detailed product tests. If you are as enthusiastic about technology as I am, you have come to the right place!","sameAs":["https:\/\/www.facebook.com\/apfelpatientOfficial","https:\/\/www.linkedin.com\/in\/milan-jovicic-42aa0231b"],"url":"https:\/\/www.apfelpatient.de\/en\/author\/apfeladmin"}]}},"_links":{"self":[{"href":"https:\/\/www.apfelpatient.de\/en\/wp-json\/wp\/v2\/posts\/7559","targetHints":{"allow":["GET"]}}],"collection":[{"href":"https:\/\/www.apfelpatient.de\/en\/wp-json\/wp\/v2\/posts"}],"about":[{"href":"https:\/\/www.apfelpatient.de\/en\/wp-json\/wp\/v2\/types\/post"}],"author":[{"embeddable":true,"href":"https:\/\/www.apfelpatient.de\/en\/wp-json\/wp\/v2\/users\/2"}],"replies":[{"embeddable":true,"href":"https:\/\/www.apfelpatient.de\/en\/wp-json\/wp\/v2\/comments?post=7559"}],"version-history":[{"count":0,"href":"https:\/\/www.apfelpatient.de\/en\/wp-json\/wp\/v2\/posts\/7559\/revisions"}],"wp:featuredmedia":[{"embeddable":true,"href":"https:\/\/www.apfelpatient.de\/en\/wp-json\/wp\/v2\/media\/7560"}],"wp:attachment":[{"href":"https:\/\/www.apfelpatient.de\/en\/wp-json\/wp\/v2\/media?parent=7559"}],"wp:term":[{"taxonomy":"category","embeddable":true,"href":"https:\/\/www.apfelpatient.de\/en\/wp-json\/wp\/v2\/categories?post=7559"},{"taxonomy":"post_tag","embeddable":true,"href":"https:\/\/www.apfelpatient.de\/en\/wp-json\/wp\/v2\/tags?post=7559"}],"curies":[{"name":"wp","href":"https:\/\/api.w.org\/{rel}","templated":true}]}}