{"id":7451,"date":"2019-11-14T00:15:56","date_gmt":"2019-11-13T23:15:56","guid":{"rendered":"https:\/\/www.apfelpatient.de\/?p=7451"},"modified":"2025-02-06T07:52:09","modified_gmt":"2025-02-06T06:52:09","slug":"analyst-comments-again-on-iphone-se-2-and-ipad-pro-2020","status":"publish","type":"post","link":"https:\/\/www.apfelpatient.de\/en\/rumors\/analyst-aeussert-sich-erneut-zu-iphone-se-2-und-ipad-pro-2020","title":{"rendered":"Analyst comments again on iPhone SE 2 and iPad Pro 2020"},"content":{"rendered":"<p class=\"p1\"><strong><span class=\"s1\">Rumor has it that Apple plans to unveil a fourth-generation iPad Pro and a successor to the iPhone SE in spring 2020. A new report reiterates previously known information and confirms once again that we will see new devices in a few months. <\/span><\/strong><\/p>\n<p class=\"p1\"><span class=\"s1\">Among all market observers worldwide, the well-known analyst Ming-Chi Kuo and Bloomberg journalist Mark Gurman enjoy the highest reputation when it comes to predictions about Apple. Both can stand out with an excellent hit rate. Now Kuo has spoken out again in a note to investors. Accordingly, he once again confirms his own predictions and the recent <a href=\"https:\/\/www.apfelpatient.de\/en\">report by Gurman<\/a>that Apple is planning to present an iPhone SE 2 and iPad Pro 4. According to his information, both devices will definitely be released in the first half of 2020. Since Apple often holds an event in March, followed by the WWDC in June, both dates are possible. But the March keynote seems more realistic to most observers for such product announcements - we also assume that Apple could announce both products as part of this spring keynote. <\/span><\/p>\n<p class=\"p1\"><strong><span class=\"s1\">There are now no more doubts<\/span><\/strong><\/p>\n<p class=\"p1\"><\/p>\n<p class=\"p1\"><span class=\"s1\">In his note, he mentioned again that the next generation iPad Pro will have a 3D camera based on time-of-flight technology. This technology is similar in principle to the infrared TrueDepth camera system that has been found in today&#039;s iPhones since the X series and enables facial recognition. Using the time-of-flight method (TOF), the sensor calculates the time it takes for light to reach a surface - it can therefore determine depth information and thus create more precise images. It is still unknown what the iPhone SE successor will actually be called. It is not expected that the new entry-level device will be called the iPhone SE 2, as it will appear in the design of the iPhone 8. The name &quot;iPhone SE 2&quot; is therefore only used for orientation. You can find out everything we know about the SE successor so far <a href=\"https:\/\/www.apfelpatient.de\/en\">here<\/a>. <\/span><span class=\"s1\">In today&#039;s report, Kuo did not provide any new details. The note simply serves to emphasize again what we can expect from Apple in the foreseeable future. Since Kuo and Bloomberg have confirmed this process, we can now assume that the predictions will come true exactly as they are. <em>(Photo by Jirapong Manustrong \/ Bigstockphot)<\/em><\/span><\/p>\n<h5><em><strong>You don&#039;t want to miss any more news? Then subscribe to our <a href=\"https:\/\/t.me\/apfelpatient_official\">Telegram channel<\/a><\/strong><\/em><\/h5>","protected":false},"excerpt":{"rendered":"<p>Ger\u00fcchten zufolge plant Apple ein iPad Pro der vierten Generation sowie einen Nachfolger des iPhone SE im Fr\u00fchjahr 2020 vorzustellen. Ein neuer Bericht wiederholt bereits bekannte Informationen und best\u00e4tigt einmal mehr, dass wir in wenigen Monaten neue Ger\u00e4te sehen werden. Unter allen Marktbeobachtern weltweit genie\u00dfen der bekannte Analyst Ming-Chi Kuo und Bloomberg Journalist Mark Gurman [&hellip;]<\/p>\n","protected":false},"author":2,"featured_media":7452,"comment_status":"closed","ping_status":"open","sticky":false,"template":"","format":"standard","meta":{"jnews-multi-image_gallery":[],"jnews_single_post":[],"jnews_primary_category":[],"footnotes":""},"categories":[25],"tags":[18,307,8,70,71],"class_list":["post-7451","post","type-post","status-publish","format-standard","has-post-thumbnail","hentry","category-rumors","tag-ipad","tag-ipad-pro-2020","tag-iphone","tag-iphone-se","tag-iphone-se-2"],"yoast_head":"<!-- This site is optimized with the Yoast SEO Premium plugin v27.5 (Yoast SEO v27.5) - https:\/\/yoast.com\/product\/yoast-seo-premium-wordpress\/ -->\n<title>Analyst \u00e4u\u00dfert sich erneut zu iPhone SE 2 und iPad Pro 2020<\/title>\n<meta name=\"description\" content=\"Ein neuer Bericht wiederholt bereits bekannte Informationen und best\u00e4tigt einmal mehr, dass wir in wenigen Monaten neue Ger\u00e4te sehen werden.\" \/>\n<meta name=\"robots\" content=\"index, follow, max-snippet:-1, max-image-preview:large, max-video-preview:-1\" \/>\n<link rel=\"canonical\" href=\"https:\/\/www.apfelpatient.de\/en\/rumors\/analyst-comments-again-on-iphone-se-2-and-ipad-pro-2020\" \/>\n<meta property=\"og:locale\" content=\"en_US\" \/>\n<meta property=\"og:type\" content=\"article\" \/>\n<meta property=\"og:title\" content=\"Analyst \u00e4u\u00dfert sich erneut zu iPhone SE 2 und iPad Pro 2020\" \/>\n<meta property=\"og:description\" content=\"Ein neuer Bericht wiederholt bereits bekannte Informationen und best\u00e4tigt einmal mehr, dass wir in wenigen Monaten neue Ger\u00e4te sehen werden.\" \/>\n<meta property=\"og:url\" content=\"https:\/\/www.apfelpatient.de\/en\/rumors\/analyst-comments-again-on-iphone-se-2-and-ipad-pro-2020\" \/>\n<meta property=\"og:site_name\" content=\"Apfelpatient\" \/>\n<meta property=\"article:publisher\" content=\"https:\/\/www.facebook.com\/apfelpatientOfficial\" \/>\n<meta property=\"article:author\" content=\"https:\/\/www.facebook.com\/apfelpatientOfficial\" \/>\n<meta property=\"article:published_time\" content=\"2019-11-13T23:15:56+00:00\" \/>\n<meta property=\"article:modified_time\" content=\"2025-02-06T06:52:09+00:00\" \/>\n<meta property=\"og:image\" content=\"https:\/\/www.apfelpatient.de\/wp-content\/uploads\/2019\/11\/bigstock-A-Male-Business-Consultant-Des-322310665.jpg\" \/>\n\t<meta property=\"og:image:width\" content=\"1600\" \/>\n\t<meta property=\"og:image:height\" content=\"1067\" \/>\n\t<meta property=\"og:image:type\" content=\"image\/jpeg\" \/>\n<meta name=\"author\" content=\"Milan\" \/>\n<meta name=\"twitter:card\" content=\"summary_large_image\" \/>\n<meta name=\"twitter:title\" content=\"Analyst \u00e4u\u00dfert sich erneut zu iPhone SE 2 und iPad Pro 2020\" \/>\n<meta name=\"twitter:label1\" content=\"Written by\" \/>\n\t<meta name=\"twitter:data1\" content=\"Milan\" \/>\n\t<meta name=\"twitter:label2\" content=\"Est. reading time\" \/>\n\t<meta name=\"twitter:data2\" content=\"2 minutes\" \/>\n<script type=\"application\/ld+json\" class=\"yoast-schema-graph\">{\"@context\":\"https:\\\/\\\/schema.org\",\"@graph\":[{\"@type\":\"NewsArticle\",\"@id\":\"https:\\\/\\\/www.apfelpatient.de\\\/rumors\\\/analyst-aeussert-sich-erneut-zu-iphone-se-2-und-ipad-pro-2020#article\",\"isPartOf\":{\"@id\":\"https:\\\/\\\/www.apfelpatient.de\\\/rumors\\\/analyst-aeussert-sich-erneut-zu-iphone-se-2-und-ipad-pro-2020\"},\"author\":{\"@type\":\"Organization\",\"@id\":\"https:\\\/\\\/www.apfelpatient.de\\\/en\\\/#organization\",\"name\":\"Apfelpatient\",\"url\":\"https:\\\/\\\/www.apfelpatient.de\\\/en\\\/\"},\"headline\":\"Analyst \u00e4u\u00dfert sich erneut zu iPhone SE 2 und iPad Pro 2020\",\"datePublished\":\"2019-11-13T23:15:56+00:00\",\"dateModified\":\"2025-02-06T06:52:09+00:00\",\"mainEntityOfPage\":{\"@id\":\"https:\\\/\\\/www.apfelpatient.de\\\/rumors\\\/analyst-aeussert-sich-erneut-zu-iphone-se-2-und-ipad-pro-2020\"},\"wordCount\":412,\"publisher\":{\"@type\":\"Organization\",\"@id\":\"https:\\\/\\\/www.apfelpatient.de\\\/en\\\/#organization\",\"name\":\"Apfelpatient\",\"url\":\"https:\\\/\\\/www.apfelpatient.de\\\/en\\\/\"},\"image\":{\"@id\":\"https:\\\/\\\/www.apfelpatient.de\\\/rumors\\\/analyst-aeussert-sich-erneut-zu-iphone-se-2-und-ipad-pro-2020#primaryimage\"},\"thumbnailUrl\":\"https:\\\/\\\/www.apfelpatient.de\\\/wp-content\\\/uploads\\\/2019\\\/11\\\/bigstock-A-Male-Business-Consultant-Des-322310665.jpg\",\"keywords\":[\"iPad\",\"iPad Pro 2020\",\"iPhone\",\"iPhone SE\",\"iPhone SE 2\"],\"articleSection\":\"Rumors\",\"inLanguage\":\"en-US\",\"copyrightYear\":\"2019\",\"copyrightHolder\":{\"@id\":\"https:\\\/\\\/www.apfelpatient.de\\\/en\\\/#organization\"}},{\"@type\":\"WebPage\",\"@id\":\"https:\\\/\\\/www.apfelpatient.de\\\/rumors\\\/analyst-aeussert-sich-erneut-zu-iphone-se-2-und-ipad-pro-2020\",\"url\":\"https:\\\/\\\/www.apfelpatient.de\\\/rumors\\\/analyst-aeussert-sich-erneut-zu-iphone-se-2-und-ipad-pro-2020\",\"name\":\"Analyst \u00e4u\u00dfert sich erneut zu iPhone SE 2 und iPad Pro 2020\",\"isPartOf\":{\"@id\":\"https:\\\/\\\/www.apfelpatient.de\\\/#website\"},\"primaryImageOfPage\":{\"@id\":\"https:\\\/\\\/www.apfelpatient.de\\\/rumors\\\/analyst-aeussert-sich-erneut-zu-iphone-se-2-und-ipad-pro-2020#primaryimage\"},\"image\":{\"@id\":\"https:\\\/\\\/www.apfelpatient.de\\\/rumors\\\/analyst-aeussert-sich-erneut-zu-iphone-se-2-und-ipad-pro-2020#primaryimage\"},\"thumbnailUrl\":\"https:\\\/\\\/www.apfelpatient.de\\\/wp-content\\\/uploads\\\/2019\\\/11\\\/bigstock-A-Male-Business-Consultant-Des-322310665.jpg\",\"datePublished\":\"2019-11-13T23:15:56+00:00\",\"dateModified\":\"2025-02-06T06:52:09+00:00\",\"description\":\"Ein neuer Bericht wiederholt bereits bekannte Informationen und best\u00e4tigt einmal mehr, dass wir in wenigen Monaten neue Ger\u00e4te sehen werden.\",\"breadcrumb\":{\"@id\":\"https:\\\/\\\/www.apfelpatient.de\\\/rumors\\\/analyst-aeussert-sich-erneut-zu-iphone-se-2-und-ipad-pro-2020#breadcrumb\"},\"inLanguage\":\"en-US\",\"potentialAction\":[{\"@type\":\"ReadAction\",\"target\":[\"https:\\\/\\\/www.apfelpatient.de\\\/rumors\\\/analyst-aeussert-sich-erneut-zu-iphone-se-2-und-ipad-pro-2020\"]}]},{\"@type\":\"ImageObject\",\"inLanguage\":\"en-US\",\"@id\":\"https:\\\/\\\/www.apfelpatient.de\\\/rumors\\\/analyst-aeussert-sich-erneut-zu-iphone-se-2-und-ipad-pro-2020#primaryimage\",\"url\":\"https:\\\/\\\/www.apfelpatient.de\\\/wp-content\\\/uploads\\\/2019\\\/11\\\/bigstock-A-Male-Business-Consultant-Des-322310665.jpg\",\"contentUrl\":\"https:\\\/\\\/www.apfelpatient.de\\\/wp-content\\\/uploads\\\/2019\\\/11\\\/bigstock-A-Male-Business-Consultant-Des-322310665.jpg\",\"width\":1600,\"height\":1067,\"caption\":\"A male business consultant describes a marketing plan to set business strategies for women business owners witch using ipad. business planning and business researching concept.\"},{\"@type\":\"BreadcrumbList\",\"@id\":\"https:\\\/\\\/www.apfelpatient.de\\\/rumors\\\/analyst-aeussert-sich-erneut-zu-iphone-se-2-und-ipad-pro-2020#breadcrumb\",\"itemListElement\":[{\"@type\":\"ListItem\",\"position\":1,\"name\":\"Startseite\",\"item\":\"https:\\\/\\\/www.apfelpatient.de\\\/\"},{\"@type\":\"ListItem\",\"position\":2,\"name\":\"Analyst \u00e4u\u00dfert sich erneut zu iPhone SE 2 und iPad Pro 2020\"}]},{\"@type\":\"WebSite\",\"@id\":\"https:\\\/\\\/www.apfelpatient.de\\\/#website\",\"url\":\"https:\\\/\\\/www.apfelpatient.de\\\/\",\"name\":\"Apfelpatient\",\"description\":\"Alles rund um Apple!\",\"publisher\":{\"@type\":\"Organization\",\"@id\":\"https:\\\/\\\/www.apfelpatient.de\\\/en\\\/#organization\",\"name\":\"Apfelpatient\",\"url\":\"https:\\\/\\\/www.apfelpatient.de\\\/en\\\/\"},\"alternateName\":\"Apfelpatient\",\"potentialAction\":[{\"@type\":\"SearchAction\",\"target\":{\"@type\":\"EntryPoint\",\"urlTemplate\":\"https:\\\/\\\/www.apfelpatient.de\\\/?s={search_term_string}\"},\"query-input\":{\"@type\":\"PropertyValueSpecification\",\"valueRequired\":true,\"valueName\":\"search_term_string\"}}],\"inLanguage\":\"en-US\"},{\"@type\":[\"Person\",\"Organization\"],\"@id\":\"https:\\\/\\\/www.apfelpatient.de\\\/#\\\/schema\\\/person\\\/7dc56ad6c8e9824b76d2c08d4c140e13\",\"name\":\"Milan\",\"logo\":{\"@id\":\"https:\\\/\\\/www.apfelpatient.de\\\/#\\\/schema\\\/person\\\/image\\\/\"},\"description\":\"Hallo und herzlich willkommen auf meinem Technik-Blog! Als gro\u00dfer Apple-Fan berichte ich hier \u00fcber alles, was mit Apple zu tun hat: von den neuesten News und spannenden Ger\u00fcchten \u00fcber hilfreiche Tipps und Tricks bis hin zu ausf\u00fchrlichen Produkttests. Wenn du genauso technikbegeistert bist wie ich, bist du hier genau richtig!\",\"sameAs\":[\"https:\\\/\\\/www.facebook.com\\\/apfelpatientOfficial\",\"https:\\\/\\\/www.linkedin.com\\\/in\\\/milan-jovicic-42aa0231b\"],\"url\":\"https:\\\/\\\/www.apfelpatient.de\\\/en\\\/author\\\/apfeladmin\"}]}<\/script>\n<!-- \/ Yoast SEO Premium plugin. -->","yoast_head_json":{"title":"Analyst comments again on iPhone SE 2 and iPad Pro 2020","description":"A new report reiterates already known information and confirms once again that we will see new devices in a few months.","robots":{"index":"index","follow":"follow","max-snippet":"max-snippet:-1","max-image-preview":"max-image-preview:large","max-video-preview":"max-video-preview:-1"},"canonical":"https:\/\/www.apfelpatient.de\/en\/rumors\/analyst-comments-again-on-iphone-se-2-and-ipad-pro-2020","og_locale":"en_US","og_type":"article","og_title":"Analyst \u00e4u\u00dfert sich erneut zu iPhone SE 2 und iPad Pro 2020","og_description":"Ein neuer Bericht wiederholt bereits bekannte Informationen und best\u00e4tigt einmal mehr, dass wir in wenigen Monaten neue Ger\u00e4te sehen werden.","og_url":"https:\/\/www.apfelpatient.de\/en\/rumors\/analyst-comments-again-on-iphone-se-2-and-ipad-pro-2020","og_site_name":"Apfelpatient","article_publisher":"https:\/\/www.facebook.com\/apfelpatientOfficial","article_author":"https:\/\/www.facebook.com\/apfelpatientOfficial","article_published_time":"2019-11-13T23:15:56+00:00","article_modified_time":"2025-02-06T06:52:09+00:00","og_image":[{"width":1600,"height":1067,"url":"https:\/\/www.apfelpatient.de\/wp-content\/uploads\/2019\/11\/bigstock-A-Male-Business-Consultant-Des-322310665.jpg","type":"image\/jpeg"}],"author":"Milan","twitter_card":"summary_large_image","twitter_title":"Analyst \u00e4u\u00dfert sich erneut zu iPhone SE 2 und iPad Pro 2020","twitter_misc":{"Written by":"Milan","Est. reading time":"2 minutes"},"schema":{"@context":"https:\/\/schema.org","@graph":[{"@type":"NewsArticle","@id":"https:\/\/www.apfelpatient.de\/rumors\/analyst-aeussert-sich-erneut-zu-iphone-se-2-und-ipad-pro-2020#article","isPartOf":{"@id":"https:\/\/www.apfelpatient.de\/rumors\/analyst-aeussert-sich-erneut-zu-iphone-se-2-und-ipad-pro-2020"},"author":{"@type":"Organization","@id":"https:\/\/www.apfelpatient.de\/en\/#organization","name":"Apfelpatient","url":"https:\/\/www.apfelpatient.de\/en\/"},"headline":"Analyst \u00e4u\u00dfert sich erneut zu iPhone SE 2 und iPad Pro 2020","datePublished":"2019-11-13T23:15:56+00:00","dateModified":"2025-02-06T06:52:09+00:00","mainEntityOfPage":{"@id":"https:\/\/www.apfelpatient.de\/rumors\/analyst-aeussert-sich-erneut-zu-iphone-se-2-und-ipad-pro-2020"},"wordCount":412,"publisher":{"@type":"Organization","@id":"https:\/\/www.apfelpatient.de\/en\/#organization","name":"Apfelpatient","url":"https:\/\/www.apfelpatient.de\/en\/"},"image":{"@id":"https:\/\/www.apfelpatient.de\/rumors\/analyst-aeussert-sich-erneut-zu-iphone-se-2-und-ipad-pro-2020#primaryimage"},"thumbnailUrl":"https:\/\/www.apfelpatient.de\/wp-content\/uploads\/2019\/11\/bigstock-A-Male-Business-Consultant-Des-322310665.jpg","keywords":["iPad","iPad Pro 2020","iPhone","iPhone SE","iPhone SE 2"],"articleSection":"Rumors","inLanguage":"en-US","copyrightYear":"2019","copyrightHolder":{"@id":"https:\/\/www.apfelpatient.de\/en\/#organization"}},{"@type":"WebPage","@id":"https:\/\/www.apfelpatient.de\/rumors\/analyst-aeussert-sich-erneut-zu-iphone-se-2-und-ipad-pro-2020","url":"https:\/\/www.apfelpatient.de\/rumors\/analyst-aeussert-sich-erneut-zu-iphone-se-2-und-ipad-pro-2020","name":"Analyst comments again on iPhone SE 2 and iPad Pro 2020","isPartOf":{"@id":"https:\/\/www.apfelpatient.de\/#website"},"primaryImageOfPage":{"@id":"https:\/\/www.apfelpatient.de\/rumors\/analyst-aeussert-sich-erneut-zu-iphone-se-2-und-ipad-pro-2020#primaryimage"},"image":{"@id":"https:\/\/www.apfelpatient.de\/rumors\/analyst-aeussert-sich-erneut-zu-iphone-se-2-und-ipad-pro-2020#primaryimage"},"thumbnailUrl":"https:\/\/www.apfelpatient.de\/wp-content\/uploads\/2019\/11\/bigstock-A-Male-Business-Consultant-Des-322310665.jpg","datePublished":"2019-11-13T23:15:56+00:00","dateModified":"2025-02-06T06:52:09+00:00","description":"A new report reiterates already known information and confirms once again that we will see new devices in a few months.","breadcrumb":{"@id":"https:\/\/www.apfelpatient.de\/rumors\/analyst-aeussert-sich-erneut-zu-iphone-se-2-und-ipad-pro-2020#breadcrumb"},"inLanguage":"en-US","potentialAction":[{"@type":"ReadAction","target":["https:\/\/www.apfelpatient.de\/rumors\/analyst-aeussert-sich-erneut-zu-iphone-se-2-und-ipad-pro-2020"]}]},{"@type":"ImageObject","inLanguage":"en-US","@id":"https:\/\/www.apfelpatient.de\/rumors\/analyst-aeussert-sich-erneut-zu-iphone-se-2-und-ipad-pro-2020#primaryimage","url":"https:\/\/www.apfelpatient.de\/wp-content\/uploads\/2019\/11\/bigstock-A-Male-Business-Consultant-Des-322310665.jpg","contentUrl":"https:\/\/www.apfelpatient.de\/wp-content\/uploads\/2019\/11\/bigstock-A-Male-Business-Consultant-Des-322310665.jpg","width":1600,"height":1067,"caption":"A male business consultant describes a marketing plan to set business strategies for women business owners witch using ipad. business planning and business researching concept."},{"@type":"BreadcrumbList","@id":"https:\/\/www.apfelpatient.de\/rumors\/analyst-aeussert-sich-erneut-zu-iphone-se-2-und-ipad-pro-2020#breadcrumb","itemListElement":[{"@type":"ListItem","position":1,"name":"Startseite","item":"https:\/\/www.apfelpatient.de\/"},{"@type":"ListItem","position":2,"name":"Analyst \u00e4u\u00dfert sich erneut zu iPhone SE 2 und iPad Pro 2020"}]},{"@type":"WebSite","@id":"https:\/\/www.apfelpatient.de\/#website","url":"https:\/\/www.apfelpatient.de\/","name":"apple patient","description":"Everything about Apple!","publisher":{"@type":"Organization","@id":"https:\/\/www.apfelpatient.de\/en\/#organization","name":"Apfelpatient","url":"https:\/\/www.apfelpatient.de\/en\/"},"alternateName":"Apfelpatient","potentialAction":[{"@type":"SearchAction","target":{"@type":"EntryPoint","urlTemplate":"https:\/\/www.apfelpatient.de\/?s={search_term_string}"},"query-input":{"@type":"PropertyValueSpecification","valueRequired":true,"valueName":"search_term_string"}}],"inLanguage":"en-US"},{"@type":["Person","Organization"],"@id":"https:\/\/www.apfelpatient.de\/#\/schema\/person\/7dc56ad6c8e9824b76d2c08d4c140e13","name":"Milan","logo":{"@id":"https:\/\/www.apfelpatient.de\/#\/schema\/person\/image\/"},"description":"Hello and welcome to my technology blog! As a big Apple fan, I report on everything to do with Apple: from the latest news and exciting rumors to helpful tips and tricks and detailed product tests. If you are as enthusiastic about technology as I am, you have come to the right place!","sameAs":["https:\/\/www.facebook.com\/apfelpatientOfficial","https:\/\/www.linkedin.com\/in\/milan-jovicic-42aa0231b"],"url":"https:\/\/www.apfelpatient.de\/en\/author\/apfeladmin"}]}},"_links":{"self":[{"href":"https:\/\/www.apfelpatient.de\/en\/wp-json\/wp\/v2\/posts\/7451","targetHints":{"allow":["GET"]}}],"collection":[{"href":"https:\/\/www.apfelpatient.de\/en\/wp-json\/wp\/v2\/posts"}],"about":[{"href":"https:\/\/www.apfelpatient.de\/en\/wp-json\/wp\/v2\/types\/post"}],"author":[{"embeddable":true,"href":"https:\/\/www.apfelpatient.de\/en\/wp-json\/wp\/v2\/users\/2"}],"replies":[{"embeddable":true,"href":"https:\/\/www.apfelpatient.de\/en\/wp-json\/wp\/v2\/comments?post=7451"}],"version-history":[{"count":0,"href":"https:\/\/www.apfelpatient.de\/en\/wp-json\/wp\/v2\/posts\/7451\/revisions"}],"wp:featuredmedia":[{"embeddable":true,"href":"https:\/\/www.apfelpatient.de\/en\/wp-json\/wp\/v2\/media\/7452"}],"wp:attachment":[{"href":"https:\/\/www.apfelpatient.de\/en\/wp-json\/wp\/v2\/media?parent=7451"}],"wp:term":[{"taxonomy":"category","embeddable":true,"href":"https:\/\/www.apfelpatient.de\/en\/wp-json\/wp\/v2\/categories?post=7451"},{"taxonomy":"post_tag","embeddable":true,"href":"https:\/\/www.apfelpatient.de\/en\/wp-json\/wp\/v2\/tags?post=7451"}],"curies":[{"name":"wp","href":"https:\/\/api.w.org\/{rel}","templated":true}]}}