{"id":7444,"date":"2019-11-13T19:57:12","date_gmt":"2019-11-13T18:57:12","guid":{"rendered":"https:\/\/www.apfelpatient.de\/?p=7444"},"modified":"2025-02-06T07:52:12","modified_gmt":"2025-02-06T06:52:12","slug":"macbook-pro-16-keyboard-phil-schiller-in-interview","status":"publish","type":"post","link":"https:\/\/www.apfelpatient.de\/en\/news\/macbook-pro-16-tastatur-phil-schiller-im-interview","title":{"rendered":"MacBook Pro 16\u2033 Keyboard \u2013 Phil Schiller in Interview"},"content":{"rendered":"<p class=\"p1\"><strong><span class=\"s1\">After numerous rumors, Apple has now announced the new MacBook Pro 16\u2033 <a href=\"https:\/\/www.apfelpatient.de\/en\">presented<\/a> \u2013 the biggest innovation is the new Magic Keyboard. Phil Schiller has now also commented on the new keyboard technology.<\/span><\/strong><\/p>\n<p class=\"p1\"><span class=\"s1\">In an interview with CNET, Apple&#039;s Vice President of Worldwide Marketing, Phil Schiller, spoke about the MacBook Pro 16&quot; - specifically the new Magic Keyboard. According to Schiller, the plan is to offer the new keyboard as an option for Pro customers. This means that the butterfly keyboard will not be completely discontinued. He told the broadcaster:<\/span><\/p>\n<p class=\"p1\"><em><span class=\"s1\">&quot;The butterfly keyboard had some things it did really well - like creating a much more stable key platform. It felt flatter and more solid under the fingers - some people really like that but other people weren&#039;t really happy with it. We got mixed reactions,&quot; he continued. &quot;We had some quality issues that we needed to work on. Over the years we&#039;ve evolved the keyboard and made a lot of people happier.&quot;<\/span><\/em><\/p>\n<p class=\"p1\"><\/p>\n<p class=\"p1\"><span class=\"s1\">However, he also emphasized that some users simply prefer the technology of the well-known Magic Keyboard - these are mainly pro users. Apple therefore decided to develop a new keyboard based on the well-known Magic Keyboard for the MacBook Pro. This is therefore based on the well-known scissor mechanism. But that does not mean that Apple will completely discontinue the butterfly keyboard. According to Schiller, this will continue to serve as an alternative for the time being. The Touch Bar was also mentioned in the interview. Many customers are said to particularly like it because of its versatility. But despite everything, there was one major point of criticism - the missing physical ESC key. With the MacBook Pro 16&quot;, that is now changing again - Apple has brought back the ESC key, to the delight of many fans. The new MacBook Pro 16&quot; can now be pre-ordered - the starting price is around 2,799 euros. The device will be delivered from November 26th. <\/span><em>(Image: Apple)<\/em><\/p>\n<h5 data-reader-unique-id=\"30\"><em data-reader-unique-id=\"31\"><strong data-reader-unique-id=\"32\">You don&#039;t want to miss any more news? Then subscribe to our <a href=\"https:\/\/t.me\/apfelpatient_official\" data-reader-unique-id=\"33\">Telegram channel<\/a><\/strong><\/em><\/h5>","protected":false},"excerpt":{"rendered":"<p>Nach zahlreichen Ger\u00fcchten hat Apple nun das neue MacBook Pro 16&#8243; vorgestellt &#8211; die gr\u00f6\u00dfte Neuerung ist dabei das neue Magic Keyboard. Nun hat sich auch Phil Schiller zur neuen Tastaturtechnologie ge\u00e4u\u00dfert. In einem Interview mit CNET sprach Apples Vice President of Worldwide Marketing, Phil Schiller, \u00fcber das MacBook Pro 16&#8243; &#8211; konkret ging es [&hellip;]<\/p>\n","protected":false},"author":2,"featured_media":7445,"comment_status":"closed","ping_status":"open","sticky":false,"template":"","format":"standard","meta":{"jnews-multi-image_gallery":[],"jnews_single_post":[],"jnews_primary_category":[],"footnotes":""},"categories":[9],"tags":[40],"class_list":["post-7444","post","type-post","status-publish","format-standard","has-post-thumbnail","hentry","category-news","tag-mac"],"yoast_head":"<!-- This site is optimized with the Yoast SEO Premium plugin v27.5 (Yoast SEO v27.5) - https:\/\/yoast.com\/product\/yoast-seo-premium-wordpress\/ -->\n<title>MacBook Pro 16&quot; Tastatur - Phil Schiller im Interview<\/title>\n<meta name=\"description\" content=\"Nach zahlreichen Ger\u00fcchten hat Apple nun das neue MacBook Pro 16&quot; vorgestellt - die gr\u00f6\u00dfte Neuerung ist dabei das neue Magic Keyboard.\" \/>\n<meta name=\"robots\" content=\"index, follow, max-snippet:-1, max-image-preview:large, max-video-preview:-1\" \/>\n<link rel=\"canonical\" href=\"https:\/\/www.apfelpatient.de\/en\/news\/macbook-pro-16-keyboard-phil-schiller-in-interview\" \/>\n<meta property=\"og:locale\" content=\"en_US\" \/>\n<meta property=\"og:type\" content=\"article\" \/>\n<meta property=\"og:title\" content=\"MacBook Pro 16&quot; Tastatur - Phil Schiller im Interview\" \/>\n<meta property=\"og:description\" content=\"Nach zahlreichen Ger\u00fcchten hat Apple nun das neue MacBook Pro 16&quot; vorgestellt - die gr\u00f6\u00dfte Neuerung ist dabei das neue Magic Keyboard.\" \/>\n<meta property=\"og:url\" content=\"https:\/\/www.apfelpatient.de\/en\/news\/macbook-pro-16-keyboard-phil-schiller-in-interview\" \/>\n<meta property=\"og:site_name\" content=\"Apfelpatient\" \/>\n<meta property=\"article:publisher\" content=\"https:\/\/www.facebook.com\/apfelpatientOfficial\" \/>\n<meta property=\"article:author\" content=\"https:\/\/www.facebook.com\/apfelpatientOfficial\" \/>\n<meta property=\"article:published_time\" content=\"2019-11-13T18:57:12+00:00\" \/>\n<meta property=\"article:modified_time\" content=\"2025-02-06T06:52:12+00:00\" \/>\n<meta property=\"og:image\" content=\"https:\/\/www.apfelpatient.de\/wp-content\/uploads\/2019\/11\/Apple_16-inch-MacBook-Pro_New-Magic-Keyboard_111319.jpg\" \/>\n\t<meta property=\"og:image:width\" content=\"1286\" \/>\n\t<meta property=\"og:image:height\" content=\"738\" \/>\n\t<meta property=\"og:image:type\" content=\"image\/jpeg\" \/>\n<meta name=\"author\" content=\"Milan\" \/>\n<meta name=\"twitter:card\" content=\"summary_large_image\" \/>\n<meta name=\"twitter:title\" content=\"MacBook Pro 16&quot; Tastatur - Phil Schiller im Interview\" \/>\n<meta name=\"twitter:label1\" content=\"Written by\" \/>\n\t<meta name=\"twitter:data1\" content=\"Milan\" \/>\n\t<meta name=\"twitter:label2\" content=\"Est. reading time\" \/>\n\t<meta name=\"twitter:data2\" content=\"2 minutes\" \/>\n<script type=\"application\/ld+json\" class=\"yoast-schema-graph\">{\"@context\":\"https:\\\/\\\/schema.org\",\"@graph\":[{\"@type\":\"NewsArticle\",\"@id\":\"https:\\\/\\\/www.apfelpatient.de\\\/news\\\/macbook-pro-16-tastatur-phil-schiller-im-interview#article\",\"isPartOf\":{\"@id\":\"https:\\\/\\\/www.apfelpatient.de\\\/news\\\/macbook-pro-16-tastatur-phil-schiller-im-interview\"},\"author\":{\"@type\":\"Organization\",\"@id\":\"https:\\\/\\\/www.apfelpatient.de\\\/en\\\/#organization\",\"name\":\"Apfelpatient\",\"url\":\"https:\\\/\\\/www.apfelpatient.de\\\/en\\\/\"},\"headline\":\"MacBook Pro 16&#8243; Tastatur &#8211; Phil Schiller im Interview\",\"datePublished\":\"2019-11-13T18:57:12+00:00\",\"dateModified\":\"2025-02-06T06:52:12+00:00\",\"mainEntityOfPage\":{\"@id\":\"https:\\\/\\\/www.apfelpatient.de\\\/news\\\/macbook-pro-16-tastatur-phil-schiller-im-interview\"},\"wordCount\":353,\"publisher\":{\"@type\":\"Organization\",\"@id\":\"https:\\\/\\\/www.apfelpatient.de\\\/en\\\/#organization\",\"name\":\"Apfelpatient\",\"url\":\"https:\\\/\\\/www.apfelpatient.de\\\/en\\\/\"},\"image\":{\"@id\":\"https:\\\/\\\/www.apfelpatient.de\\\/news\\\/macbook-pro-16-tastatur-phil-schiller-im-interview#primaryimage\"},\"thumbnailUrl\":\"https:\\\/\\\/www.apfelpatient.de\\\/wp-content\\\/uploads\\\/2019\\\/11\\\/Apple_16-inch-MacBook-Pro_New-Magic-Keyboard_111319.jpg\",\"keywords\":[\"Mac\"],\"articleSection\":\"News\",\"inLanguage\":\"en-US\",\"copyrightYear\":\"2019\",\"copyrightHolder\":{\"@id\":\"https:\\\/\\\/www.apfelpatient.de\\\/en\\\/#organization\"}},{\"@type\":\"WebPage\",\"@id\":\"https:\\\/\\\/www.apfelpatient.de\\\/news\\\/macbook-pro-16-tastatur-phil-schiller-im-interview\",\"url\":\"https:\\\/\\\/www.apfelpatient.de\\\/news\\\/macbook-pro-16-tastatur-phil-schiller-im-interview\",\"name\":\"MacBook Pro 16\\\" Tastatur - Phil Schiller im Interview\",\"isPartOf\":{\"@id\":\"https:\\\/\\\/www.apfelpatient.de\\\/#website\"},\"primaryImageOfPage\":{\"@id\":\"https:\\\/\\\/www.apfelpatient.de\\\/news\\\/macbook-pro-16-tastatur-phil-schiller-im-interview#primaryimage\"},\"image\":{\"@id\":\"https:\\\/\\\/www.apfelpatient.de\\\/news\\\/macbook-pro-16-tastatur-phil-schiller-im-interview#primaryimage\"},\"thumbnailUrl\":\"https:\\\/\\\/www.apfelpatient.de\\\/wp-content\\\/uploads\\\/2019\\\/11\\\/Apple_16-inch-MacBook-Pro_New-Magic-Keyboard_111319.jpg\",\"datePublished\":\"2019-11-13T18:57:12+00:00\",\"dateModified\":\"2025-02-06T06:52:12+00:00\",\"description\":\"Nach zahlreichen Ger\u00fcchten hat Apple nun das neue MacBook Pro 16\\\" vorgestellt - die gr\u00f6\u00dfte Neuerung ist dabei das neue Magic Keyboard.\",\"breadcrumb\":{\"@id\":\"https:\\\/\\\/www.apfelpatient.de\\\/news\\\/macbook-pro-16-tastatur-phil-schiller-im-interview#breadcrumb\"},\"inLanguage\":\"en-US\",\"potentialAction\":[{\"@type\":\"ReadAction\",\"target\":[\"https:\\\/\\\/www.apfelpatient.de\\\/news\\\/macbook-pro-16-tastatur-phil-schiller-im-interview\"]}]},{\"@type\":\"ImageObject\",\"inLanguage\":\"en-US\",\"@id\":\"https:\\\/\\\/www.apfelpatient.de\\\/news\\\/macbook-pro-16-tastatur-phil-schiller-im-interview#primaryimage\",\"url\":\"https:\\\/\\\/www.apfelpatient.de\\\/wp-content\\\/uploads\\\/2019\\\/11\\\/Apple_16-inch-MacBook-Pro_New-Magic-Keyboard_111319.jpg\",\"contentUrl\":\"https:\\\/\\\/www.apfelpatient.de\\\/wp-content\\\/uploads\\\/2019\\\/11\\\/Apple_16-inch-MacBook-Pro_New-Magic-Keyboard_111319.jpg\",\"width\":1286,\"height\":738,\"caption\":\"Bild: Apple\"},{\"@type\":\"BreadcrumbList\",\"@id\":\"https:\\\/\\\/www.apfelpatient.de\\\/news\\\/macbook-pro-16-tastatur-phil-schiller-im-interview#breadcrumb\",\"itemListElement\":[{\"@type\":\"ListItem\",\"position\":1,\"name\":\"Startseite\",\"item\":\"https:\\\/\\\/www.apfelpatient.de\\\/\"},{\"@type\":\"ListItem\",\"position\":2,\"name\":\"MacBook Pro 16&#8243; Tastatur &#8211; Phil Schiller im Interview\"}]},{\"@type\":\"WebSite\",\"@id\":\"https:\\\/\\\/www.apfelpatient.de\\\/#website\",\"url\":\"https:\\\/\\\/www.apfelpatient.de\\\/\",\"name\":\"Apfelpatient\",\"description\":\"Alles rund um Apple!\",\"publisher\":{\"@type\":\"Organization\",\"@id\":\"https:\\\/\\\/www.apfelpatient.de\\\/en\\\/#organization\",\"name\":\"Apfelpatient\",\"url\":\"https:\\\/\\\/www.apfelpatient.de\\\/en\\\/\"},\"alternateName\":\"Apfelpatient\",\"potentialAction\":[{\"@type\":\"SearchAction\",\"target\":{\"@type\":\"EntryPoint\",\"urlTemplate\":\"https:\\\/\\\/www.apfelpatient.de\\\/?s={search_term_string}\"},\"query-input\":{\"@type\":\"PropertyValueSpecification\",\"valueRequired\":true,\"valueName\":\"search_term_string\"}}],\"inLanguage\":\"en-US\"},{\"@type\":[\"Person\",\"Organization\"],\"@id\":\"https:\\\/\\\/www.apfelpatient.de\\\/#\\\/schema\\\/person\\\/7dc56ad6c8e9824b76d2c08d4c140e13\",\"name\":\"Milan\",\"logo\":{\"@id\":\"https:\\\/\\\/www.apfelpatient.de\\\/#\\\/schema\\\/person\\\/image\\\/\"},\"description\":\"Hallo und herzlich willkommen auf meinem Technik-Blog! Als gro\u00dfer Apple-Fan berichte ich hier \u00fcber alles, was mit Apple zu tun hat: von den neuesten News und spannenden Ger\u00fcchten \u00fcber hilfreiche Tipps und Tricks bis hin zu ausf\u00fchrlichen Produkttests. Wenn du genauso technikbegeistert bist wie ich, bist du hier genau richtig!\",\"sameAs\":[\"https:\\\/\\\/www.facebook.com\\\/apfelpatientOfficial\",\"https:\\\/\\\/www.linkedin.com\\\/in\\\/milan-jovicic-42aa0231b\"],\"url\":\"https:\\\/\\\/www.apfelpatient.de\\\/en\\\/author\\\/apfeladmin\"}]}<\/script>\n<!-- \/ Yoast SEO Premium plugin. -->","yoast_head_json":{"title":"MacBook Pro 16&quot; Keyboard - Phil Schiller in Interview","description":"After numerous rumors, Apple has now introduced the new MacBook Pro 16&quot; - the biggest innovation is the new Magic Keyboard.","robots":{"index":"index","follow":"follow","max-snippet":"max-snippet:-1","max-image-preview":"max-image-preview:large","max-video-preview":"max-video-preview:-1"},"canonical":"https:\/\/www.apfelpatient.de\/en\/news\/macbook-pro-16-keyboard-phil-schiller-in-interview","og_locale":"en_US","og_type":"article","og_title":"MacBook Pro 16&quot; Tastatur - Phil Schiller im Interview","og_description":"Nach zahlreichen Ger\u00fcchten hat Apple nun das neue MacBook Pro 16&quot; vorgestellt - die gr\u00f6\u00dfte Neuerung ist dabei das neue Magic Keyboard.","og_url":"https:\/\/www.apfelpatient.de\/en\/news\/macbook-pro-16-keyboard-phil-schiller-in-interview","og_site_name":"Apfelpatient","article_publisher":"https:\/\/www.facebook.com\/apfelpatientOfficial","article_author":"https:\/\/www.facebook.com\/apfelpatientOfficial","article_published_time":"2019-11-13T18:57:12+00:00","article_modified_time":"2025-02-06T06:52:12+00:00","og_image":[{"width":1286,"height":738,"url":"https:\/\/www.apfelpatient.de\/wp-content\/uploads\/2019\/11\/Apple_16-inch-MacBook-Pro_New-Magic-Keyboard_111319.jpg","type":"image\/jpeg"}],"author":"Milan","twitter_card":"summary_large_image","twitter_title":"MacBook Pro 16\" Tastatur - Phil Schiller im Interview","twitter_misc":{"Written by":"Milan","Est. reading time":"2 minutes"},"schema":{"@context":"https:\/\/schema.org","@graph":[{"@type":"NewsArticle","@id":"https:\/\/www.apfelpatient.de\/news\/macbook-pro-16-tastatur-phil-schiller-im-interview#article","isPartOf":{"@id":"https:\/\/www.apfelpatient.de\/news\/macbook-pro-16-tastatur-phil-schiller-im-interview"},"author":{"@type":"Organization","@id":"https:\/\/www.apfelpatient.de\/en\/#organization","name":"Apfelpatient","url":"https:\/\/www.apfelpatient.de\/en\/"},"headline":"MacBook Pro 16&#8243; Tastatur &#8211; Phil Schiller im Interview","datePublished":"2019-11-13T18:57:12+00:00","dateModified":"2025-02-06T06:52:12+00:00","mainEntityOfPage":{"@id":"https:\/\/www.apfelpatient.de\/news\/macbook-pro-16-tastatur-phil-schiller-im-interview"},"wordCount":353,"publisher":{"@type":"Organization","@id":"https:\/\/www.apfelpatient.de\/en\/#organization","name":"Apfelpatient","url":"https:\/\/www.apfelpatient.de\/en\/"},"image":{"@id":"https:\/\/www.apfelpatient.de\/news\/macbook-pro-16-tastatur-phil-schiller-im-interview#primaryimage"},"thumbnailUrl":"https:\/\/www.apfelpatient.de\/wp-content\/uploads\/2019\/11\/Apple_16-inch-MacBook-Pro_New-Magic-Keyboard_111319.jpg","keywords":["Mac"],"articleSection":"News","inLanguage":"en-US","copyrightYear":"2019","copyrightHolder":{"@id":"https:\/\/www.apfelpatient.de\/en\/#organization"}},{"@type":"WebPage","@id":"https:\/\/www.apfelpatient.de\/news\/macbook-pro-16-tastatur-phil-schiller-im-interview","url":"https:\/\/www.apfelpatient.de\/news\/macbook-pro-16-tastatur-phil-schiller-im-interview","name":"MacBook Pro 16&quot; Keyboard - Phil Schiller in Interview","isPartOf":{"@id":"https:\/\/www.apfelpatient.de\/#website"},"primaryImageOfPage":{"@id":"https:\/\/www.apfelpatient.de\/news\/macbook-pro-16-tastatur-phil-schiller-im-interview#primaryimage"},"image":{"@id":"https:\/\/www.apfelpatient.de\/news\/macbook-pro-16-tastatur-phil-schiller-im-interview#primaryimage"},"thumbnailUrl":"https:\/\/www.apfelpatient.de\/wp-content\/uploads\/2019\/11\/Apple_16-inch-MacBook-Pro_New-Magic-Keyboard_111319.jpg","datePublished":"2019-11-13T18:57:12+00:00","dateModified":"2025-02-06T06:52:12+00:00","description":"After numerous rumors, Apple has now introduced the new MacBook Pro 16&quot; - the biggest innovation is the new Magic Keyboard.","breadcrumb":{"@id":"https:\/\/www.apfelpatient.de\/news\/macbook-pro-16-tastatur-phil-schiller-im-interview#breadcrumb"},"inLanguage":"en-US","potentialAction":[{"@type":"ReadAction","target":["https:\/\/www.apfelpatient.de\/news\/macbook-pro-16-tastatur-phil-schiller-im-interview"]}]},{"@type":"ImageObject","inLanguage":"en-US","@id":"https:\/\/www.apfelpatient.de\/news\/macbook-pro-16-tastatur-phil-schiller-im-interview#primaryimage","url":"https:\/\/www.apfelpatient.de\/wp-content\/uploads\/2019\/11\/Apple_16-inch-MacBook-Pro_New-Magic-Keyboard_111319.jpg","contentUrl":"https:\/\/www.apfelpatient.de\/wp-content\/uploads\/2019\/11\/Apple_16-inch-MacBook-Pro_New-Magic-Keyboard_111319.jpg","width":1286,"height":738,"caption":"Bild: Apple"},{"@type":"BreadcrumbList","@id":"https:\/\/www.apfelpatient.de\/news\/macbook-pro-16-tastatur-phil-schiller-im-interview#breadcrumb","itemListElement":[{"@type":"ListItem","position":1,"name":"Startseite","item":"https:\/\/www.apfelpatient.de\/"},{"@type":"ListItem","position":2,"name":"MacBook Pro 16&#8243; Tastatur &#8211; Phil Schiller im Interview"}]},{"@type":"WebSite","@id":"https:\/\/www.apfelpatient.de\/#website","url":"https:\/\/www.apfelpatient.de\/","name":"apple patient","description":"Everything about Apple!","publisher":{"@type":"Organization","@id":"https:\/\/www.apfelpatient.de\/en\/#organization","name":"Apfelpatient","url":"https:\/\/www.apfelpatient.de\/en\/"},"alternateName":"Apfelpatient","potentialAction":[{"@type":"SearchAction","target":{"@type":"EntryPoint","urlTemplate":"https:\/\/www.apfelpatient.de\/?s={search_term_string}"},"query-input":{"@type":"PropertyValueSpecification","valueRequired":true,"valueName":"search_term_string"}}],"inLanguage":"en-US"},{"@type":["Person","Organization"],"@id":"https:\/\/www.apfelpatient.de\/#\/schema\/person\/7dc56ad6c8e9824b76d2c08d4c140e13","name":"Milan","logo":{"@id":"https:\/\/www.apfelpatient.de\/#\/schema\/person\/image\/"},"description":"Hello and welcome to my technology blog! As a big Apple fan, I report on everything to do with Apple: from the latest news and exciting rumors to helpful tips and tricks and detailed product tests. If you are as enthusiastic about technology as I am, you have come to the right place!","sameAs":["https:\/\/www.facebook.com\/apfelpatientOfficial","https:\/\/www.linkedin.com\/in\/milan-jovicic-42aa0231b"],"url":"https:\/\/www.apfelpatient.de\/en\/author\/apfeladmin"}]}},"_links":{"self":[{"href":"https:\/\/www.apfelpatient.de\/en\/wp-json\/wp\/v2\/posts\/7444","targetHints":{"allow":["GET"]}}],"collection":[{"href":"https:\/\/www.apfelpatient.de\/en\/wp-json\/wp\/v2\/posts"}],"about":[{"href":"https:\/\/www.apfelpatient.de\/en\/wp-json\/wp\/v2\/types\/post"}],"author":[{"embeddable":true,"href":"https:\/\/www.apfelpatient.de\/en\/wp-json\/wp\/v2\/users\/2"}],"replies":[{"embeddable":true,"href":"https:\/\/www.apfelpatient.de\/en\/wp-json\/wp\/v2\/comments?post=7444"}],"version-history":[{"count":0,"href":"https:\/\/www.apfelpatient.de\/en\/wp-json\/wp\/v2\/posts\/7444\/revisions"}],"wp:featuredmedia":[{"embeddable":true,"href":"https:\/\/www.apfelpatient.de\/en\/wp-json\/wp\/v2\/media\/7445"}],"wp:attachment":[{"href":"https:\/\/www.apfelpatient.de\/en\/wp-json\/wp\/v2\/media?parent=7444"}],"wp:term":[{"taxonomy":"category","embeddable":true,"href":"https:\/\/www.apfelpatient.de\/en\/wp-json\/wp\/v2\/categories?post=7444"},{"taxonomy":"post_tag","embeddable":true,"href":"https:\/\/www.apfelpatient.de\/en\/wp-json\/wp\/v2\/tags?post=7444"}],"curies":[{"name":"wp","href":"https:\/\/api.w.org\/{rel}","templated":true}]}}