{"id":7432,"date":"2019-11-13T15:08:34","date_gmt":"2019-11-13T14:08:34","guid":{"rendered":"https:\/\/www.apfelpatient.de\/?p=7432"},"modified":"2019-11-13T15:08:34","modified_gmt":"2019-11-13T14:08:34","slug":"apple-presents-brand-new-macbook-pro-16","status":"publish","type":"post","link":"https:\/\/www.apfelpatient.de\/en\/news\/apple-praesentiert-brandneues-macbook-pro-16","title":{"rendered":"Apple presents brand new MacBook Pro 16\u2033"},"content":{"rendered":"<p><strong>Apple has done it again. Another product was introduced via a press release: the legendary MacBook Pro with a 16-inch display diagonal.<\/strong><\/p>\n<p>The year 2019 seems to be a year of press releases. Never before in history have so many Apple products been presented via a press release as this year. It all started in March 2019 and continued throughout the year. While the iWelt has been waiting for an October event, Apple currently seems to prefer press releases to a classic keynote. Now let&#039;s get to the specifications.<\/p>\n<h3>MacBook Pro 16\u2033 \u2013 The display<\/h3>\n<p>As expected, the MacBook Pro 16\u2033 appears with a display diagonal of 16 inches. The design remains largely the same - except for the fact that it is an edge-to-edge screen. With a resolution of 3072\u00d71920 and a higher pixel density of 226 ppi, the 16-inch Retina display offers almost 6 million pixels and an even more intense front-of-screen experience. Each display is individually calibrated at the factory for gamma, white point and primary colors - according to Apple.<\/p>\n<h3>MacBook Pro 16\u2033 \u2013 The new Magic Keyboard<\/h3>\n<p>Today&#039;s presentation marks the end of a controversial era - that of the butterfly keyboard. The previous butterfly keyboard was a well-intentioned idea from Apple. If it weren&#039;t so vulnerable, it would certainly be much more popular. Some users have had good luck over the past few years, while others have had to replace their keyboard more than once. The new keyboard was developed on the basis of scissor switches - i.e. with a real pressure mechanism like in previous years. Despite the old technology, the design of the keyboard has been completely redesigned. The press release states:<\/p>\n<p><em>&quot;The 16-inch MacBook Pro features a new Magic Keyboard with a refined scissor mechanism that delivers 1mm of key travel and a stable key feel, as well as an Apple-designed rubber domain that stores more potential energy for a fast key press. The 16-inch MacBook Pro delivers a keyboard with a comfortable, satisfying and quiet typing experience that focuses on human factors and key design through extensive research and user studies. The new Magic Keyboard also features a physical Escape key and an inverted-T arrangement for the arrow keys, plus a Touch Bar and Touch ID for a keyboard that delivers the best typing experience on a Mac notebook.&quot;<\/em><\/p>\n<h3>MacBook Pro 16\u2033 \u2013 The specifications<\/h3>\n<figure id=\"attachment_7434\" aria-describedby=\"caption-attachment-7434\" style=\"width: 1286px\" class=\"wp-caption aligncenter\"><img decoding=\"async\" class=\"size-full wp-image-7434\" src=\"https:\/\/www.apfelpatient.de\/wp-content\/uploads\/2019\/11\/Apple_16-inch-MacBook-Pro_Advanced-Thermal-Design_111319.gif\" alt=\"Image: Apple\" width=\"1286\" height=\"960\" \/><figcaption id=\"caption-attachment-7434\" class=\"wp-caption-text\">Image: Apple<\/figcaption><\/figure>\n<p>The new MacBook Pro can be equipped with either a 2.6 GHz 6-core Intel Core i7 processor of the 9th generation or a 2.4 GHz 8-core Intel Core i) processor of the 9th generation. The i9 processor enables a Turbo Boost of up to 5.0 GHz. The 16-inch model has 16 GB of RAM as standard - but customers can order 32 GB or 64 GB if they wish. The standard graphics card is a Radeon Pro 5300M with 4 GB of memory. If you need more, you can choose between a Radeon Pro 5500M with 4 GB or even 8 GB of memory. The MacBook Pro 16\u2033 has a 512 GB SSD as standard. But there are other options here too. Customers can have a 1 TB SSD, 2 TB SSD, 4 TB SSD or 8 TB SSD hard drive installed.<\/p>\n<h3>MacBook Pro 16\u2033 \u2013 Prices and Availability<\/h3>\n<p class=\"p1\"><\/p>\n<p>The price of the new beast from Apple starts at 2,699 euros. With the maximum configuration, the new MacBook Pro 16\u2033 costs around 7,139 euros. Interested parties can pre-order the new model directly from Apple \u2013 deliveries will start on November 26, 2019. <em>(Image: Apple)<\/em><\/p>\n<h5 data-reader-unique-id=\"30\"><em data-reader-unique-id=\"31\"><strong data-reader-unique-id=\"32\">You don&#039;t want to miss any more news? Then subscribe to our <a href=\"https:\/\/t.me\/apfelpatient_official\" data-reader-unique-id=\"33\">Telegram channel<\/a><\/strong><\/em><\/h5>","protected":false},"excerpt":{"rendered":"<p>Apple hat es schon wieder getan. Mittels einer Pressemitteilung wurde ein weiteres Produkt vorgestellt. Das sagenumwobene MacBook Pro mit 16-Zoll Displaydiagonale. Das Jahr 2019 scheint ein Jahr der Pressemitteilungen zu sein. Noch nie in der Geschichte wurden so viele Apple Produkte mittels einer Pressemitteilung vorgestellt wie in diesem Jahr. Alles fing im M\u00e4rz 2019 an [&hellip;]<\/p>\n","protected":false},"author":2,"featured_media":7433,"comment_status":"closed","ping_status":"open","sticky":false,"template":"","format":"standard","meta":{"jnews-multi-image_gallery":[],"jnews_single_post":[],"jnews_primary_category":[],"footnotes":""},"categories":[9],"tags":[40],"class_list":["post-7432","post","type-post","status-publish","format-standard","has-post-thumbnail","hentry","category-news","tag-mac"],"yoast_head":"<!-- This site is optimized with the Yoast SEO Premium plugin v27.5 (Yoast SEO v27.5) - https:\/\/yoast.com\/product\/yoast-seo-premium-wordpress\/ -->\n<title>Apple pr\u00e4sentiert brandneues MacBook Pro 16&quot;<\/title>\n<meta name=\"description\" content=\"Apple hat es schon wieder getan. Mittels einer Pressemitteilung wurde ein weiteres Produkt vorgestellt. Das sagenumwobene MacBook Pro mit 16-Zoll Displaydiagonale.\" \/>\n<meta name=\"robots\" content=\"index, follow, max-snippet:-1, max-image-preview:large, max-video-preview:-1\" \/>\n<link rel=\"canonical\" href=\"https:\/\/www.apfelpatient.de\/en\/news\/apple-presents-brand-new-macbook-pro-16\" \/>\n<meta property=\"og:locale\" content=\"en_US\" \/>\n<meta property=\"og:type\" content=\"article\" \/>\n<meta property=\"og:title\" content=\"Apple pr\u00e4sentiert brandneues MacBook Pro 16&quot;\" \/>\n<meta property=\"og:description\" content=\"Apple hat es schon wieder getan. Mittels einer Pressemitteilung wurde ein weiteres Produkt vorgestellt. Das sagenumwobene MacBook Pro mit 16-Zoll Displaydiagonale.\" \/>\n<meta property=\"og:url\" content=\"https:\/\/www.apfelpatient.de\/en\/news\/apple-presents-brand-new-macbook-pro-16\" \/>\n<meta property=\"og:site_name\" content=\"Apfelpatient\" \/>\n<meta property=\"article:publisher\" content=\"https:\/\/www.facebook.com\/apfelpatientOfficial\" \/>\n<meta property=\"article:author\" content=\"https:\/\/www.facebook.com\/apfelpatientOfficial\" \/>\n<meta property=\"article:published_time\" content=\"2019-11-13T14:08:34+00:00\" \/>\n<meta property=\"og:image\" content=\"https:\/\/www.apfelpatient.de\/wp-content\/uploads\/2019\/11\/Apple_16-inch-MacBook-Pro_Battery_111319.gif\" \/>\n\t<meta property=\"og:image:width\" content=\"1024\" \/>\n\t<meta property=\"og:image:height\" content=\"717\" \/>\n\t<meta property=\"og:image:type\" content=\"image\/gif\" \/>\n<meta name=\"author\" content=\"Milan\" \/>\n<meta name=\"twitter:card\" content=\"summary_large_image\" \/>\n<meta name=\"twitter:title\" content=\"Apple pr\u00e4sentiert brandneues MacBook Pro 16&quot;\" \/>\n<meta name=\"twitter:label1\" content=\"Written by\" \/>\n\t<meta name=\"twitter:data1\" content=\"Milan\" \/>\n\t<meta name=\"twitter:label2\" content=\"Est. reading time\" \/>\n\t<meta name=\"twitter:data2\" content=\"3 minutes\" \/>\n<script type=\"application\/ld+json\" class=\"yoast-schema-graph\">{\"@context\":\"https:\\\/\\\/schema.org\",\"@graph\":[{\"@type\":\"NewsArticle\",\"@id\":\"https:\\\/\\\/www.apfelpatient.de\\\/news\\\/apple-praesentiert-brandneues-macbook-pro-16#article\",\"isPartOf\":{\"@id\":\"https:\\\/\\\/www.apfelpatient.de\\\/news\\\/apple-praesentiert-brandneues-macbook-pro-16\"},\"author\":{\"@type\":\"Organization\",\"@id\":\"https:\\\/\\\/www.apfelpatient.de\\\/en\\\/#organization\",\"name\":\"Apfelpatient\",\"url\":\"https:\\\/\\\/www.apfelpatient.de\\\/en\\\/\"},\"headline\":\"Apple pr\u00e4sentiert brandneues MacBook Pro 16&#8243;\",\"datePublished\":\"2019-11-13T14:08:34+00:00\",\"mainEntityOfPage\":{\"@id\":\"https:\\\/\\\/www.apfelpatient.de\\\/news\\\/apple-praesentiert-brandneues-macbook-pro-16\"},\"wordCount\":583,\"publisher\":{\"@type\":\"Organization\",\"@id\":\"https:\\\/\\\/www.apfelpatient.de\\\/en\\\/#organization\",\"name\":\"Apfelpatient\",\"url\":\"https:\\\/\\\/www.apfelpatient.de\\\/en\\\/\"},\"image\":{\"@id\":\"https:\\\/\\\/www.apfelpatient.de\\\/news\\\/apple-praesentiert-brandneues-macbook-pro-16#primaryimage\"},\"thumbnailUrl\":\"https:\\\/\\\/www.apfelpatient.de\\\/wp-content\\\/uploads\\\/2019\\\/11\\\/Apple_16-inch-MacBook-Pro_Battery_111319.gif\",\"keywords\":[\"Mac\"],\"articleSection\":\"News\",\"inLanguage\":\"en-US\",\"copyrightYear\":\"2019\",\"copyrightHolder\":{\"@id\":\"https:\\\/\\\/www.apfelpatient.de\\\/en\\\/#organization\"}},{\"@type\":\"WebPage\",\"@id\":\"https:\\\/\\\/www.apfelpatient.de\\\/news\\\/apple-praesentiert-brandneues-macbook-pro-16\",\"url\":\"https:\\\/\\\/www.apfelpatient.de\\\/news\\\/apple-praesentiert-brandneues-macbook-pro-16\",\"name\":\"Apple pr\u00e4sentiert brandneues MacBook Pro 16\\\"\",\"isPartOf\":{\"@id\":\"https:\\\/\\\/www.apfelpatient.de\\\/#website\"},\"primaryImageOfPage\":{\"@id\":\"https:\\\/\\\/www.apfelpatient.de\\\/news\\\/apple-praesentiert-brandneues-macbook-pro-16#primaryimage\"},\"image\":{\"@id\":\"https:\\\/\\\/www.apfelpatient.de\\\/news\\\/apple-praesentiert-brandneues-macbook-pro-16#primaryimage\"},\"thumbnailUrl\":\"https:\\\/\\\/www.apfelpatient.de\\\/wp-content\\\/uploads\\\/2019\\\/11\\\/Apple_16-inch-MacBook-Pro_Battery_111319.gif\",\"datePublished\":\"2019-11-13T14:08:34+00:00\",\"description\":\"Apple hat es schon wieder getan. Mittels einer Pressemitteilung wurde ein weiteres Produkt vorgestellt. Das sagenumwobene MacBook Pro mit 16-Zoll Displaydiagonale.\",\"breadcrumb\":{\"@id\":\"https:\\\/\\\/www.apfelpatient.de\\\/news\\\/apple-praesentiert-brandneues-macbook-pro-16#breadcrumb\"},\"inLanguage\":\"en-US\",\"potentialAction\":[{\"@type\":\"ReadAction\",\"target\":[\"https:\\\/\\\/www.apfelpatient.de\\\/news\\\/apple-praesentiert-brandneues-macbook-pro-16\"]}]},{\"@type\":\"ImageObject\",\"inLanguage\":\"en-US\",\"@id\":\"https:\\\/\\\/www.apfelpatient.de\\\/news\\\/apple-praesentiert-brandneues-macbook-pro-16#primaryimage\",\"url\":\"https:\\\/\\\/www.apfelpatient.de\\\/wp-content\\\/uploads\\\/2019\\\/11\\\/Apple_16-inch-MacBook-Pro_Battery_111319.gif\",\"contentUrl\":\"https:\\\/\\\/www.apfelpatient.de\\\/wp-content\\\/uploads\\\/2019\\\/11\\\/Apple_16-inch-MacBook-Pro_Battery_111319.gif\",\"width\":1286,\"height\":900,\"caption\":\"Bild: Apple\"},{\"@type\":\"BreadcrumbList\",\"@id\":\"https:\\\/\\\/www.apfelpatient.de\\\/news\\\/apple-praesentiert-brandneues-macbook-pro-16#breadcrumb\",\"itemListElement\":[{\"@type\":\"ListItem\",\"position\":1,\"name\":\"Startseite\",\"item\":\"https:\\\/\\\/www.apfelpatient.de\\\/\"},{\"@type\":\"ListItem\",\"position\":2,\"name\":\"Apple pr\u00e4sentiert brandneues MacBook Pro 16&#8243;\"}]},{\"@type\":\"WebSite\",\"@id\":\"https:\\\/\\\/www.apfelpatient.de\\\/#website\",\"url\":\"https:\\\/\\\/www.apfelpatient.de\\\/\",\"name\":\"Apfelpatient\",\"description\":\"Alles rund um Apple!\",\"publisher\":{\"@type\":\"Organization\",\"@id\":\"https:\\\/\\\/www.apfelpatient.de\\\/en\\\/#organization\",\"name\":\"Apfelpatient\",\"url\":\"https:\\\/\\\/www.apfelpatient.de\\\/en\\\/\"},\"alternateName\":\"Apfelpatient\",\"potentialAction\":[{\"@type\":\"SearchAction\",\"target\":{\"@type\":\"EntryPoint\",\"urlTemplate\":\"https:\\\/\\\/www.apfelpatient.de\\\/?s={search_term_string}\"},\"query-input\":{\"@type\":\"PropertyValueSpecification\",\"valueRequired\":true,\"valueName\":\"search_term_string\"}}],\"inLanguage\":\"en-US\"},{\"@type\":[\"Person\",\"Organization\"],\"@id\":\"https:\\\/\\\/www.apfelpatient.de\\\/#\\\/schema\\\/person\\\/7dc56ad6c8e9824b76d2c08d4c140e13\",\"name\":\"Milan\",\"logo\":{\"@id\":\"https:\\\/\\\/www.apfelpatient.de\\\/#\\\/schema\\\/person\\\/image\\\/\"},\"description\":\"Hallo und herzlich willkommen auf meinem Technik-Blog! Als gro\u00dfer Apple-Fan berichte ich hier \u00fcber alles, was mit Apple zu tun hat: von den neuesten News und spannenden Ger\u00fcchten \u00fcber hilfreiche Tipps und Tricks bis hin zu ausf\u00fchrlichen Produkttests. Wenn du genauso technikbegeistert bist wie ich, bist du hier genau richtig!\",\"sameAs\":[\"https:\\\/\\\/www.facebook.com\\\/apfelpatientOfficial\",\"https:\\\/\\\/www.linkedin.com\\\/in\\\/milan-jovicic-42aa0231b\"],\"url\":\"https:\\\/\\\/www.apfelpatient.de\\\/en\\\/author\\\/apfeladmin\"}]}<\/script>\n<!-- \/ Yoast SEO Premium plugin. -->","yoast_head_json":{"title":"Apple presents brand new MacBook Pro 16&quot;","description":"Apple has done it again. Another product was introduced via a press release: the legendary MacBook Pro with a 16-inch display diagonal.","robots":{"index":"index","follow":"follow","max-snippet":"max-snippet:-1","max-image-preview":"max-image-preview:large","max-video-preview":"max-video-preview:-1"},"canonical":"https:\/\/www.apfelpatient.de\/en\/news\/apple-presents-brand-new-macbook-pro-16","og_locale":"en_US","og_type":"article","og_title":"Apple pr\u00e4sentiert brandneues MacBook Pro 16&quot;","og_description":"Apple hat es schon wieder getan. Mittels einer Pressemitteilung wurde ein weiteres Produkt vorgestellt. Das sagenumwobene MacBook Pro mit 16-Zoll Displaydiagonale.","og_url":"https:\/\/www.apfelpatient.de\/en\/news\/apple-presents-brand-new-macbook-pro-16","og_site_name":"Apfelpatient","article_publisher":"https:\/\/www.facebook.com\/apfelpatientOfficial","article_author":"https:\/\/www.facebook.com\/apfelpatientOfficial","article_published_time":"2019-11-13T14:08:34+00:00","og_image":[{"url":"https:\/\/www.apfelpatient.de\/wp-content\/uploads\/2019\/11\/Apple_16-inch-MacBook-Pro_Battery_111319.gif","width":1024,"height":717,"type":"image\/gif"}],"author":"Milan","twitter_card":"summary_large_image","twitter_title":"Apple pr\u00e4sentiert brandneues MacBook Pro 16\"","twitter_misc":{"Written by":"Milan","Est. reading time":"3 minutes"},"schema":{"@context":"https:\/\/schema.org","@graph":[{"@type":"NewsArticle","@id":"https:\/\/www.apfelpatient.de\/news\/apple-praesentiert-brandneues-macbook-pro-16#article","isPartOf":{"@id":"https:\/\/www.apfelpatient.de\/news\/apple-praesentiert-brandneues-macbook-pro-16"},"author":{"@type":"Organization","@id":"https:\/\/www.apfelpatient.de\/en\/#organization","name":"Apfelpatient","url":"https:\/\/www.apfelpatient.de\/en\/"},"headline":"Apple pr\u00e4sentiert brandneues MacBook Pro 16&#8243;","datePublished":"2019-11-13T14:08:34+00:00","mainEntityOfPage":{"@id":"https:\/\/www.apfelpatient.de\/news\/apple-praesentiert-brandneues-macbook-pro-16"},"wordCount":583,"publisher":{"@type":"Organization","@id":"https:\/\/www.apfelpatient.de\/en\/#organization","name":"Apfelpatient","url":"https:\/\/www.apfelpatient.de\/en\/"},"image":{"@id":"https:\/\/www.apfelpatient.de\/news\/apple-praesentiert-brandneues-macbook-pro-16#primaryimage"},"thumbnailUrl":"https:\/\/www.apfelpatient.de\/wp-content\/uploads\/2019\/11\/Apple_16-inch-MacBook-Pro_Battery_111319.gif","keywords":["Mac"],"articleSection":"News","inLanguage":"en-US","copyrightYear":"2019","copyrightHolder":{"@id":"https:\/\/www.apfelpatient.de\/en\/#organization"}},{"@type":"WebPage","@id":"https:\/\/www.apfelpatient.de\/news\/apple-praesentiert-brandneues-macbook-pro-16","url":"https:\/\/www.apfelpatient.de\/news\/apple-praesentiert-brandneues-macbook-pro-16","name":"Apple presents brand new MacBook Pro 16&quot;","isPartOf":{"@id":"https:\/\/www.apfelpatient.de\/#website"},"primaryImageOfPage":{"@id":"https:\/\/www.apfelpatient.de\/news\/apple-praesentiert-brandneues-macbook-pro-16#primaryimage"},"image":{"@id":"https:\/\/www.apfelpatient.de\/news\/apple-praesentiert-brandneues-macbook-pro-16#primaryimage"},"thumbnailUrl":"https:\/\/www.apfelpatient.de\/wp-content\/uploads\/2019\/11\/Apple_16-inch-MacBook-Pro_Battery_111319.gif","datePublished":"2019-11-13T14:08:34+00:00","description":"Apple has done it again. Another product was introduced via a press release: the legendary MacBook Pro with a 16-inch display diagonal.","breadcrumb":{"@id":"https:\/\/www.apfelpatient.de\/news\/apple-praesentiert-brandneues-macbook-pro-16#breadcrumb"},"inLanguage":"en-US","potentialAction":[{"@type":"ReadAction","target":["https:\/\/www.apfelpatient.de\/news\/apple-praesentiert-brandneues-macbook-pro-16"]}]},{"@type":"ImageObject","inLanguage":"en-US","@id":"https:\/\/www.apfelpatient.de\/news\/apple-praesentiert-brandneues-macbook-pro-16#primaryimage","url":"https:\/\/www.apfelpatient.de\/wp-content\/uploads\/2019\/11\/Apple_16-inch-MacBook-Pro_Battery_111319.gif","contentUrl":"https:\/\/www.apfelpatient.de\/wp-content\/uploads\/2019\/11\/Apple_16-inch-MacBook-Pro_Battery_111319.gif","width":1286,"height":900,"caption":"Bild: Apple"},{"@type":"BreadcrumbList","@id":"https:\/\/www.apfelpatient.de\/news\/apple-praesentiert-brandneues-macbook-pro-16#breadcrumb","itemListElement":[{"@type":"ListItem","position":1,"name":"Startseite","item":"https:\/\/www.apfelpatient.de\/"},{"@type":"ListItem","position":2,"name":"Apple pr\u00e4sentiert brandneues MacBook Pro 16&#8243;"}]},{"@type":"WebSite","@id":"https:\/\/www.apfelpatient.de\/#website","url":"https:\/\/www.apfelpatient.de\/","name":"apple patient","description":"Everything about Apple!","publisher":{"@type":"Organization","@id":"https:\/\/www.apfelpatient.de\/en\/#organization","name":"Apfelpatient","url":"https:\/\/www.apfelpatient.de\/en\/"},"alternateName":"Apfelpatient","potentialAction":[{"@type":"SearchAction","target":{"@type":"EntryPoint","urlTemplate":"https:\/\/www.apfelpatient.de\/?s={search_term_string}"},"query-input":{"@type":"PropertyValueSpecification","valueRequired":true,"valueName":"search_term_string"}}],"inLanguage":"en-US"},{"@type":["Person","Organization"],"@id":"https:\/\/www.apfelpatient.de\/#\/schema\/person\/7dc56ad6c8e9824b76d2c08d4c140e13","name":"Milan","logo":{"@id":"https:\/\/www.apfelpatient.de\/#\/schema\/person\/image\/"},"description":"Hello and welcome to my technology blog! As a big Apple fan, I report on everything to do with Apple: from the latest news and exciting rumors to helpful tips and tricks and detailed product tests. If you are as enthusiastic about technology as I am, you have come to the right place!","sameAs":["https:\/\/www.facebook.com\/apfelpatientOfficial","https:\/\/www.linkedin.com\/in\/milan-jovicic-42aa0231b"],"url":"https:\/\/www.apfelpatient.de\/en\/author\/apfeladmin"}]}},"_links":{"self":[{"href":"https:\/\/www.apfelpatient.de\/en\/wp-json\/wp\/v2\/posts\/7432","targetHints":{"allow":["GET"]}}],"collection":[{"href":"https:\/\/www.apfelpatient.de\/en\/wp-json\/wp\/v2\/posts"}],"about":[{"href":"https:\/\/www.apfelpatient.de\/en\/wp-json\/wp\/v2\/types\/post"}],"author":[{"embeddable":true,"href":"https:\/\/www.apfelpatient.de\/en\/wp-json\/wp\/v2\/users\/2"}],"replies":[{"embeddable":true,"href":"https:\/\/www.apfelpatient.de\/en\/wp-json\/wp\/v2\/comments?post=7432"}],"version-history":[{"count":0,"href":"https:\/\/www.apfelpatient.de\/en\/wp-json\/wp\/v2\/posts\/7432\/revisions"}],"wp:featuredmedia":[{"embeddable":true,"href":"https:\/\/www.apfelpatient.de\/en\/wp-json\/wp\/v2\/media\/7433"}],"wp:attachment":[{"href":"https:\/\/www.apfelpatient.de\/en\/wp-json\/wp\/v2\/media?parent=7432"}],"wp:term":[{"taxonomy":"category","embeddable":true,"href":"https:\/\/www.apfelpatient.de\/en\/wp-json\/wp\/v2\/categories?post=7432"},{"taxonomy":"post_tag","embeddable":true,"href":"https:\/\/www.apfelpatient.de\/en\/wp-json\/wp\/v2\/tags?post=7432"}],"curies":[{"name":"wp","href":"https:\/\/api.w.org\/{rel}","templated":true}]}}