{"id":7423,"date":"2019-11-13T12:06:18","date_gmt":"2019-11-13T11:06:18","guid":{"rendered":"https:\/\/www.apfelpatient.de\/?p=7423"},"modified":"2025-02-06T07:51:59","modified_gmt":"2025-02-06T06:51:59","slug":"macbook-pro-16-new-details-about-the-equipment-revealed","status":"publish","type":"post","link":"https:\/\/www.apfelpatient.de\/en\/rumors\/macbook-pro-16-neue-details-zur-ausstattung-enthuellt","title":{"rendered":"MacBook Pro 16\u2033 \u2013 New details about the equipment revealed"},"content":{"rendered":"<p class=\"p2\"><strong><span class=\"s1\">Mark Gurman \u2013 Bloomberg journalist and Apple leaker sticks to his <a href=\"https:\/\/www.apfelpatient.de\/en\">Statement<\/a>that Cupertino will present a new MacBook Pro 16\u2033 this evening. Now he has announced further details.<\/span><\/strong><\/p>\n<p class=\"p2\"><span class=\"s1\">There is now no longer any doubt that Apple will present a new MacBook Pro with a 16-inch display diagonal this evening via a press release. According to Gurman, this will have improved speakers and a noise-canceling microphone. The display will be four percent larger than that of the 15.4-inch model. According to Gurman, the main focus will be on the resolution. However, he did not give any exact figures. IHS Markit analyst Jeff Lin claimed in the summer that the device would appear with 3,072 \u00d7 1,920 pixels. For comparison: the 15-inch MacBook Pro has a resolution of 2,880 \u00d7 1,800 pixels.<\/span><\/p>\n<p class=\"p1\"><\/p>\n<p class=\"p2\"><span class=\"s1\">The professional notebook will also have a new keyboard - according to Gurman, this will be reminiscent of the current iMac keyboard. The journalist also believes that Apple will completely remove the current MacBook Pro 15&quot; from the shelves when the new model is released - it will be priced in a similar range to the current model. A press release is expected around 6\/7 p.m. - credit cards ready? <em>(Photo by Kate Krav-Rude \/ Bigstockphot)<\/em><\/span><\/p>\n<h5 data-reader-unique-id=\"30\"><em data-reader-unique-id=\"31\"><strong data-reader-unique-id=\"32\">You don&#039;t want to miss any more news? Then subscribe to our <a href=\"https:\/\/t.me\/apfelpatient_official\" data-reader-unique-id=\"33\">Telegram channel<\/a><\/strong><\/em><\/h5>","protected":false},"excerpt":{"rendered":"<p>Mark Gurman &#8211; Bloomberg Journalist und Apple Leaker bleibt bei seiner Aussage, wonach Cupertino heute Abend ein neues MacBook Pro 16&#8243; vorstellen wird. Nun gab er weitere Details bekannt. Mittlerweile sollen keine Zweifel mehr bestehen, dass Apple heute Abend via Pressemitteilung ein neues MacBook Pro mit 16-Zoll Displaydiagonale vorstellen wird. Dieses wird Gurman zufolge \u00fcber [&hellip;]<\/p>\n","protected":false},"author":2,"featured_media":7424,"comment_status":"closed","ping_status":"open","sticky":false,"template":"","format":"standard","meta":{"jnews-multi-image_gallery":[],"jnews_single_post":[],"jnews_primary_category":[],"footnotes":""},"categories":[25],"tags":[40],"class_list":["post-7423","post","type-post","status-publish","format-standard","has-post-thumbnail","hentry","category-rumors","tag-mac"],"yoast_head":"<!-- This site is optimized with the Yoast SEO Premium plugin v27.5 (Yoast SEO v27.5) - https:\/\/yoast.com\/product\/yoast-seo-premium-wordpress\/ -->\n<title>MacBook Pro 16&quot; - Neue Details zur Ausstattung enth\u00fcllt<\/title>\n<meta name=\"description\" content=\"Mark Gurman - Bloomberg Journalist und Apple Leaker bleibt bei seiner Aussage, wonach Cupertino heute Abend ein neues MacBook Pro 16&quot; vorstellen wird.\" \/>\n<meta name=\"robots\" content=\"index, follow, max-snippet:-1, max-image-preview:large, max-video-preview:-1\" \/>\n<link rel=\"canonical\" href=\"https:\/\/www.apfelpatient.de\/en\/rumors\/macbook-pro-16-new-details-about-the-equipment-revealed\" \/>\n<meta property=\"og:locale\" content=\"en_US\" \/>\n<meta property=\"og:type\" content=\"article\" \/>\n<meta property=\"og:title\" content=\"MacBook Pro 16&quot; - Neue Details zur Ausstattung enth\u00fcllt\" \/>\n<meta property=\"og:description\" content=\"Mark Gurman - Bloomberg Journalist und Apple Leaker bleibt bei seiner Aussage, wonach Cupertino heute Abend ein neues MacBook Pro 16&quot; vorstellen wird.\" \/>\n<meta property=\"og:url\" content=\"https:\/\/www.apfelpatient.de\/en\/rumors\/macbook-pro-16-new-details-about-the-equipment-revealed\" \/>\n<meta property=\"og:site_name\" content=\"Apfelpatient\" \/>\n<meta property=\"article:publisher\" content=\"https:\/\/www.facebook.com\/apfelpatientOfficial\" \/>\n<meta property=\"article:author\" content=\"https:\/\/www.facebook.com\/apfelpatientOfficial\" \/>\n<meta property=\"article:published_time\" content=\"2019-11-13T11:06:18+00:00\" \/>\n<meta property=\"article:modified_time\" content=\"2025-02-06T06:51:59+00:00\" \/>\n<meta property=\"og:image\" content=\"https:\/\/www.apfelpatient.de\/wp-content\/uploads\/2019\/11\/bigstock-November-Bologna-Italy-332857636.jpg\" \/>\n\t<meta property=\"og:image:width\" content=\"1600\" \/>\n\t<meta property=\"og:image:height\" content=\"1200\" \/>\n\t<meta property=\"og:image:type\" content=\"image\/jpeg\" \/>\n<meta name=\"author\" content=\"Milan\" \/>\n<meta name=\"twitter:card\" content=\"summary_large_image\" \/>\n<meta name=\"twitter:title\" content=\"MacBook Pro 16&quot; - Neue Details zur Ausstattung enth\u00fcllt\" \/>\n<meta name=\"twitter:label1\" content=\"Written by\" \/>\n\t<meta name=\"twitter:data1\" content=\"Milan\" \/>\n\t<meta name=\"twitter:label2\" content=\"Est. reading time\" \/>\n\t<meta name=\"twitter:data2\" content=\"1 minute\" \/>\n<script type=\"application\/ld+json\" class=\"yoast-schema-graph\">{\"@context\":\"https:\\\/\\\/schema.org\",\"@graph\":[{\"@type\":\"NewsArticle\",\"@id\":\"https:\\\/\\\/www.apfelpatient.de\\\/rumors\\\/macbook-pro-16-neue-details-zur-ausstattung-enthuellt#article\",\"isPartOf\":{\"@id\":\"https:\\\/\\\/www.apfelpatient.de\\\/rumors\\\/macbook-pro-16-neue-details-zur-ausstattung-enthuellt\"},\"author\":{\"@type\":\"Organization\",\"@id\":\"https:\\\/\\\/www.apfelpatient.de\\\/en\\\/#organization\",\"name\":\"Apfelpatient\",\"url\":\"https:\\\/\\\/www.apfelpatient.de\\\/en\\\/\"},\"headline\":\"MacBook Pro 16&#8243; &#8211; Neue Details zur Ausstattung enth\u00fcllt\",\"datePublished\":\"2019-11-13T11:06:18+00:00\",\"dateModified\":\"2025-02-06T06:51:59+00:00\",\"mainEntityOfPage\":{\"@id\":\"https:\\\/\\\/www.apfelpatient.de\\\/rumors\\\/macbook-pro-16-neue-details-zur-ausstattung-enthuellt\"},\"wordCount\":222,\"publisher\":{\"@type\":\"Organization\",\"@id\":\"https:\\\/\\\/www.apfelpatient.de\\\/en\\\/#organization\",\"name\":\"Apfelpatient\",\"url\":\"https:\\\/\\\/www.apfelpatient.de\\\/en\\\/\"},\"image\":{\"@id\":\"https:\\\/\\\/www.apfelpatient.de\\\/rumors\\\/macbook-pro-16-neue-details-zur-ausstattung-enthuellt#primaryimage\"},\"thumbnailUrl\":\"https:\\\/\\\/www.apfelpatient.de\\\/wp-content\\\/uploads\\\/2019\\\/11\\\/bigstock-November-Bologna-Italy-332857636.jpg\",\"keywords\":[\"Mac\"],\"articleSection\":\"Rumors\",\"inLanguage\":\"en-US\",\"copyrightYear\":\"2019\",\"copyrightHolder\":{\"@id\":\"https:\\\/\\\/www.apfelpatient.de\\\/en\\\/#organization\"}},{\"@type\":\"WebPage\",\"@id\":\"https:\\\/\\\/www.apfelpatient.de\\\/rumors\\\/macbook-pro-16-neue-details-zur-ausstattung-enthuellt\",\"url\":\"https:\\\/\\\/www.apfelpatient.de\\\/rumors\\\/macbook-pro-16-neue-details-zur-ausstattung-enthuellt\",\"name\":\"MacBook Pro 16\\\" - Neue Details zur Ausstattung enth\u00fcllt\",\"isPartOf\":{\"@id\":\"https:\\\/\\\/www.apfelpatient.de\\\/#website\"},\"primaryImageOfPage\":{\"@id\":\"https:\\\/\\\/www.apfelpatient.de\\\/rumors\\\/macbook-pro-16-neue-details-zur-ausstattung-enthuellt#primaryimage\"},\"image\":{\"@id\":\"https:\\\/\\\/www.apfelpatient.de\\\/rumors\\\/macbook-pro-16-neue-details-zur-ausstattung-enthuellt#primaryimage\"},\"thumbnailUrl\":\"https:\\\/\\\/www.apfelpatient.de\\\/wp-content\\\/uploads\\\/2019\\\/11\\\/bigstock-November-Bologna-Italy-332857636.jpg\",\"datePublished\":\"2019-11-13T11:06:18+00:00\",\"dateModified\":\"2025-02-06T06:51:59+00:00\",\"description\":\"Mark Gurman - Bloomberg Journalist und Apple Leaker bleibt bei seiner Aussage, wonach Cupertino heute Abend ein neues MacBook Pro 16\\\" vorstellen wird.\",\"breadcrumb\":{\"@id\":\"https:\\\/\\\/www.apfelpatient.de\\\/rumors\\\/macbook-pro-16-neue-details-zur-ausstattung-enthuellt#breadcrumb\"},\"inLanguage\":\"en-US\",\"potentialAction\":[{\"@type\":\"ReadAction\",\"target\":[\"https:\\\/\\\/www.apfelpatient.de\\\/rumors\\\/macbook-pro-16-neue-details-zur-ausstattung-enthuellt\"]}]},{\"@type\":\"ImageObject\",\"inLanguage\":\"en-US\",\"@id\":\"https:\\\/\\\/www.apfelpatient.de\\\/rumors\\\/macbook-pro-16-neue-details-zur-ausstattung-enthuellt#primaryimage\",\"url\":\"https:\\\/\\\/www.apfelpatient.de\\\/wp-content\\\/uploads\\\/2019\\\/11\\\/bigstock-November-Bologna-Italy-332857636.jpg\",\"contentUrl\":\"https:\\\/\\\/www.apfelpatient.de\\\/wp-content\\\/uploads\\\/2019\\\/11\\\/bigstock-November-Bologna-Italy-332857636.jpg\",\"width\":1600,\"height\":1200,\"caption\":\"November 2019 Bologna, Italy: Macbooks computers on display in Apple store close-up across shoppers. Apple computers screens on tables\"},{\"@type\":\"BreadcrumbList\",\"@id\":\"https:\\\/\\\/www.apfelpatient.de\\\/rumors\\\/macbook-pro-16-neue-details-zur-ausstattung-enthuellt#breadcrumb\",\"itemListElement\":[{\"@type\":\"ListItem\",\"position\":1,\"name\":\"Startseite\",\"item\":\"https:\\\/\\\/www.apfelpatient.de\\\/\"},{\"@type\":\"ListItem\",\"position\":2,\"name\":\"MacBook Pro 16&#8243; &#8211; Neue Details zur Ausstattung enth\u00fcllt\"}]},{\"@type\":\"WebSite\",\"@id\":\"https:\\\/\\\/www.apfelpatient.de\\\/#website\",\"url\":\"https:\\\/\\\/www.apfelpatient.de\\\/\",\"name\":\"Apfelpatient\",\"description\":\"Alles rund um Apple!\",\"publisher\":{\"@type\":\"Organization\",\"@id\":\"https:\\\/\\\/www.apfelpatient.de\\\/en\\\/#organization\",\"name\":\"Apfelpatient\",\"url\":\"https:\\\/\\\/www.apfelpatient.de\\\/en\\\/\"},\"alternateName\":\"Apfelpatient\",\"potentialAction\":[{\"@type\":\"SearchAction\",\"target\":{\"@type\":\"EntryPoint\",\"urlTemplate\":\"https:\\\/\\\/www.apfelpatient.de\\\/?s={search_term_string}\"},\"query-input\":{\"@type\":\"PropertyValueSpecification\",\"valueRequired\":true,\"valueName\":\"search_term_string\"}}],\"inLanguage\":\"en-US\"},{\"@type\":[\"Person\",\"Organization\"],\"@id\":\"https:\\\/\\\/www.apfelpatient.de\\\/#\\\/schema\\\/person\\\/7dc56ad6c8e9824b76d2c08d4c140e13\",\"name\":\"Milan\",\"logo\":{\"@id\":\"https:\\\/\\\/www.apfelpatient.de\\\/#\\\/schema\\\/person\\\/image\\\/\"},\"description\":\"Hallo und herzlich willkommen auf meinem Technik-Blog! Als gro\u00dfer Apple-Fan berichte ich hier \u00fcber alles, was mit Apple zu tun hat: von den neuesten News und spannenden Ger\u00fcchten \u00fcber hilfreiche Tipps und Tricks bis hin zu ausf\u00fchrlichen Produkttests. Wenn du genauso technikbegeistert bist wie ich, bist du hier genau richtig!\",\"sameAs\":[\"https:\\\/\\\/www.facebook.com\\\/apfelpatientOfficial\",\"https:\\\/\\\/www.linkedin.com\\\/in\\\/milan-jovicic-42aa0231b\"],\"url\":\"https:\\\/\\\/www.apfelpatient.de\\\/en\\\/author\\\/apfeladmin\"}]}<\/script>\n<!-- \/ Yoast SEO Premium plugin. -->","yoast_head_json":{"title":"MacBook Pro 16&quot; - New details about the equipment revealed","description":"Mark Gurman - Bloomberg journalist and Apple leaker sticks to his statement that Cupertino will unveil a new MacBook Pro 16&quot; tonight.","robots":{"index":"index","follow":"follow","max-snippet":"max-snippet:-1","max-image-preview":"max-image-preview:large","max-video-preview":"max-video-preview:-1"},"canonical":"https:\/\/www.apfelpatient.de\/en\/rumors\/macbook-pro-16-new-details-about-the-equipment-revealed","og_locale":"en_US","og_type":"article","og_title":"MacBook Pro 16&quot; - Neue Details zur Ausstattung enth\u00fcllt","og_description":"Mark Gurman - Bloomberg Journalist und Apple Leaker bleibt bei seiner Aussage, wonach Cupertino heute Abend ein neues MacBook Pro 16&quot; vorstellen wird.","og_url":"https:\/\/www.apfelpatient.de\/en\/rumors\/macbook-pro-16-new-details-about-the-equipment-revealed","og_site_name":"Apfelpatient","article_publisher":"https:\/\/www.facebook.com\/apfelpatientOfficial","article_author":"https:\/\/www.facebook.com\/apfelpatientOfficial","article_published_time":"2019-11-13T11:06:18+00:00","article_modified_time":"2025-02-06T06:51:59+00:00","og_image":[{"width":1600,"height":1200,"url":"https:\/\/www.apfelpatient.de\/wp-content\/uploads\/2019\/11\/bigstock-November-Bologna-Italy-332857636.jpg","type":"image\/jpeg"}],"author":"Milan","twitter_card":"summary_large_image","twitter_title":"MacBook Pro 16\" - Neue Details zur Ausstattung enth\u00fcllt","twitter_misc":{"Written by":"Milan","Est. reading time":"1 minute"},"schema":{"@context":"https:\/\/schema.org","@graph":[{"@type":"NewsArticle","@id":"https:\/\/www.apfelpatient.de\/rumors\/macbook-pro-16-neue-details-zur-ausstattung-enthuellt#article","isPartOf":{"@id":"https:\/\/www.apfelpatient.de\/rumors\/macbook-pro-16-neue-details-zur-ausstattung-enthuellt"},"author":{"@type":"Organization","@id":"https:\/\/www.apfelpatient.de\/en\/#organization","name":"Apfelpatient","url":"https:\/\/www.apfelpatient.de\/en\/"},"headline":"MacBook Pro 16&#8243; &#8211; Neue Details zur Ausstattung enth\u00fcllt","datePublished":"2019-11-13T11:06:18+00:00","dateModified":"2025-02-06T06:51:59+00:00","mainEntityOfPage":{"@id":"https:\/\/www.apfelpatient.de\/rumors\/macbook-pro-16-neue-details-zur-ausstattung-enthuellt"},"wordCount":222,"publisher":{"@type":"Organization","@id":"https:\/\/www.apfelpatient.de\/en\/#organization","name":"Apfelpatient","url":"https:\/\/www.apfelpatient.de\/en\/"},"image":{"@id":"https:\/\/www.apfelpatient.de\/rumors\/macbook-pro-16-neue-details-zur-ausstattung-enthuellt#primaryimage"},"thumbnailUrl":"https:\/\/www.apfelpatient.de\/wp-content\/uploads\/2019\/11\/bigstock-November-Bologna-Italy-332857636.jpg","keywords":["Mac"],"articleSection":"Rumors","inLanguage":"en-US","copyrightYear":"2019","copyrightHolder":{"@id":"https:\/\/www.apfelpatient.de\/en\/#organization"}},{"@type":"WebPage","@id":"https:\/\/www.apfelpatient.de\/rumors\/macbook-pro-16-neue-details-zur-ausstattung-enthuellt","url":"https:\/\/www.apfelpatient.de\/rumors\/macbook-pro-16-neue-details-zur-ausstattung-enthuellt","name":"MacBook Pro 16&quot; - New details about the equipment revealed","isPartOf":{"@id":"https:\/\/www.apfelpatient.de\/#website"},"primaryImageOfPage":{"@id":"https:\/\/www.apfelpatient.de\/rumors\/macbook-pro-16-neue-details-zur-ausstattung-enthuellt#primaryimage"},"image":{"@id":"https:\/\/www.apfelpatient.de\/rumors\/macbook-pro-16-neue-details-zur-ausstattung-enthuellt#primaryimage"},"thumbnailUrl":"https:\/\/www.apfelpatient.de\/wp-content\/uploads\/2019\/11\/bigstock-November-Bologna-Italy-332857636.jpg","datePublished":"2019-11-13T11:06:18+00:00","dateModified":"2025-02-06T06:51:59+00:00","description":"Mark Gurman - Bloomberg journalist and Apple leaker sticks to his statement that Cupertino will unveil a new MacBook Pro 16&quot; tonight.","breadcrumb":{"@id":"https:\/\/www.apfelpatient.de\/rumors\/macbook-pro-16-neue-details-zur-ausstattung-enthuellt#breadcrumb"},"inLanguage":"en-US","potentialAction":[{"@type":"ReadAction","target":["https:\/\/www.apfelpatient.de\/rumors\/macbook-pro-16-neue-details-zur-ausstattung-enthuellt"]}]},{"@type":"ImageObject","inLanguage":"en-US","@id":"https:\/\/www.apfelpatient.de\/rumors\/macbook-pro-16-neue-details-zur-ausstattung-enthuellt#primaryimage","url":"https:\/\/www.apfelpatient.de\/wp-content\/uploads\/2019\/11\/bigstock-November-Bologna-Italy-332857636.jpg","contentUrl":"https:\/\/www.apfelpatient.de\/wp-content\/uploads\/2019\/11\/bigstock-November-Bologna-Italy-332857636.jpg","width":1600,"height":1200,"caption":"November 2019 Bologna, Italy: Macbooks computers on display in Apple store close-up across shoppers. Apple computers screens on tables"},{"@type":"BreadcrumbList","@id":"https:\/\/www.apfelpatient.de\/rumors\/macbook-pro-16-neue-details-zur-ausstattung-enthuellt#breadcrumb","itemListElement":[{"@type":"ListItem","position":1,"name":"Startseite","item":"https:\/\/www.apfelpatient.de\/"},{"@type":"ListItem","position":2,"name":"MacBook Pro 16&#8243; &#8211; Neue Details zur Ausstattung enth\u00fcllt"}]},{"@type":"WebSite","@id":"https:\/\/www.apfelpatient.de\/#website","url":"https:\/\/www.apfelpatient.de\/","name":"apple patient","description":"Everything about Apple!","publisher":{"@type":"Organization","@id":"https:\/\/www.apfelpatient.de\/en\/#organization","name":"Apfelpatient","url":"https:\/\/www.apfelpatient.de\/en\/"},"alternateName":"Apfelpatient","potentialAction":[{"@type":"SearchAction","target":{"@type":"EntryPoint","urlTemplate":"https:\/\/www.apfelpatient.de\/?s={search_term_string}"},"query-input":{"@type":"PropertyValueSpecification","valueRequired":true,"valueName":"search_term_string"}}],"inLanguage":"en-US"},{"@type":["Person","Organization"],"@id":"https:\/\/www.apfelpatient.de\/#\/schema\/person\/7dc56ad6c8e9824b76d2c08d4c140e13","name":"Milan","logo":{"@id":"https:\/\/www.apfelpatient.de\/#\/schema\/person\/image\/"},"description":"Hello and welcome to my technology blog! As a big Apple fan, I report on everything to do with Apple: from the latest news and exciting rumors to helpful tips and tricks and detailed product tests. If you are as enthusiastic about technology as I am, you have come to the right place!","sameAs":["https:\/\/www.facebook.com\/apfelpatientOfficial","https:\/\/www.linkedin.com\/in\/milan-jovicic-42aa0231b"],"url":"https:\/\/www.apfelpatient.de\/en\/author\/apfeladmin"}]}},"_links":{"self":[{"href":"https:\/\/www.apfelpatient.de\/en\/wp-json\/wp\/v2\/posts\/7423","targetHints":{"allow":["GET"]}}],"collection":[{"href":"https:\/\/www.apfelpatient.de\/en\/wp-json\/wp\/v2\/posts"}],"about":[{"href":"https:\/\/www.apfelpatient.de\/en\/wp-json\/wp\/v2\/types\/post"}],"author":[{"embeddable":true,"href":"https:\/\/www.apfelpatient.de\/en\/wp-json\/wp\/v2\/users\/2"}],"replies":[{"embeddable":true,"href":"https:\/\/www.apfelpatient.de\/en\/wp-json\/wp\/v2\/comments?post=7423"}],"version-history":[{"count":0,"href":"https:\/\/www.apfelpatient.de\/en\/wp-json\/wp\/v2\/posts\/7423\/revisions"}],"wp:featuredmedia":[{"embeddable":true,"href":"https:\/\/www.apfelpatient.de\/en\/wp-json\/wp\/v2\/media\/7424"}],"wp:attachment":[{"href":"https:\/\/www.apfelpatient.de\/en\/wp-json\/wp\/v2\/media?parent=7423"}],"wp:term":[{"taxonomy":"category","embeddable":true,"href":"https:\/\/www.apfelpatient.de\/en\/wp-json\/wp\/v2\/categories?post=7423"},{"taxonomy":"post_tag","embeddable":true,"href":"https:\/\/www.apfelpatient.de\/en\/wp-json\/wp\/v2\/tags?post=7423"}],"curies":[{"name":"wp","href":"https:\/\/api.w.org\/{rel}","templated":true}]}}