{"id":7401,"date":"2019-11-12T18:49:07","date_gmt":"2019-11-12T17:49:07","guid":{"rendered":"https:\/\/www.apfelpatient.de\/?p=7401"},"modified":"2025-02-06T08:00:03","modified_gmt":"2025-02-06T07:00:03","slug":"macbook-pro-16-announcement-expected-on-wednesday","status":"publish","type":"post","link":"https:\/\/www.apfelpatient.de\/en\/rumors\/macbook-pro-16-ankuendigung-wird-am-mittwoch-erwartet","title":{"rendered":"MacBook Pro 16\u2033 \u2013 Announcement expected on Wednesday"},"content":{"rendered":"<p class=\"p2\"><strong><span class=\"s1\">Yesterday we reported that Apple is reportedly planning to unveil the new 16-inch MacBook Pro this week. Now it could happen as early as tomorrow. <\/span><\/strong><\/p>\n<p class=\"p2\"><span class=\"s1\">Yesterday&#039;s <a href=\"https:\/\/www.apfelpatient.de\/en\">report<\/a> According to reports, Apple wants to present the new MacBook Pro 16\u2033 to selected members of the press at a secret event \u2013 the meeting may have already taken place. Now Bloomberg journalist Mark Gurman has spoken out via Twitter.<\/span><\/p>\n<p class=\"p1\"><\/p>\n<p class=\"p2\"><span class=\"s1\">According to this, Apple could announce the new professional notebook in the form of a press release as early as tomorrow. Whether Gurman will be right remains to be seen, of course. Since the device has already been featured several times in macOS Catalina and rumors have surfaced about mass production, the journalist could be right. Since Apple has already announced new products several times via press release, most recently the AirPods Pro, many observers are expecting this step in connection with the new MacBook Pro - it remains exciting. <\/span><em>(Photo by Denys Prykhodov \/ Bigstockphot)<\/em><\/p>\n<h5><em><strong>You don&#039;t want to miss any more news? Then subscribe to our <a href=\"https:\/\/t.me\/apfelpatient_official\">Telegram channel<\/a><\/strong><\/em><\/h5>","protected":false},"excerpt":{"rendered":"<p>Gestern haben wir dar\u00fcber berichtet, dass Apple angeblich die Vorstellung des neuen MacBook Pro mit 16-Zoll noch in dieser Woche plant. Nun k\u00f6nnte es schon morgen so weit sein. Dem gestrigen Bericht zufolge m\u00f6chte Apple bei einem geheimen Event ausgew\u00e4hlten Pressevertretern das neue MacBook Pro 16&#8243; vorstellen &#8211; das Treffen k\u00f6nnte bereits stattgefunden haben. Nun [&hellip;]<\/p>\n","protected":false},"author":2,"featured_media":7402,"comment_status":"closed","ping_status":"open","sticky":false,"template":"","format":"standard","meta":{"jnews-multi-image_gallery":[],"jnews_single_post":[],"jnews_primary_category":[],"footnotes":""},"categories":[25],"tags":[40],"class_list":["post-7401","post","type-post","status-publish","format-standard","has-post-thumbnail","hentry","category-rumors","tag-mac"],"yoast_head":"<!-- This site is optimized with the Yoast SEO Premium plugin v27.5 (Yoast SEO v27.5) - https:\/\/yoast.com\/product\/yoast-seo-premium-wordpress\/ -->\n<title>MacBook Pro 16&quot; - Ank\u00fcndigung wird am Mittwoch erwartet<\/title>\n<meta name=\"description\" content=\"Gestern haben wir dar\u00fcber berichtet, dass Apple angeblich die Vorstellung des neuen MacBook Pro mit 16-Zoll noch in dieser Woche plant.\" \/>\n<meta name=\"robots\" content=\"index, follow, max-snippet:-1, max-image-preview:large, max-video-preview:-1\" \/>\n<link rel=\"canonical\" href=\"https:\/\/www.apfelpatient.de\/en\/rumors\/macbook-pro-16-announcement-expected-on-wednesday\" \/>\n<meta property=\"og:locale\" content=\"en_US\" \/>\n<meta property=\"og:type\" content=\"article\" \/>\n<meta property=\"og:title\" content=\"MacBook Pro 16&quot; - Ank\u00fcndigung wird am Mittwoch erwartet\" \/>\n<meta property=\"og:description\" content=\"Gestern haben wir dar\u00fcber berichtet, dass Apple angeblich die Vorstellung des neuen MacBook Pro mit 16-Zoll noch in dieser Woche plant.\" \/>\n<meta property=\"og:url\" content=\"https:\/\/www.apfelpatient.de\/en\/rumors\/macbook-pro-16-announcement-expected-on-wednesday\" \/>\n<meta property=\"og:site_name\" content=\"Apfelpatient\" \/>\n<meta property=\"article:publisher\" content=\"https:\/\/www.facebook.com\/apfelpatientOfficial\" \/>\n<meta property=\"article:author\" content=\"https:\/\/www.facebook.com\/apfelpatientOfficial\" \/>\n<meta property=\"article:published_time\" content=\"2019-11-12T17:49:07+00:00\" \/>\n<meta property=\"article:modified_time\" content=\"2025-02-06T07:00:03+00:00\" \/>\n<meta property=\"og:image\" content=\"https:\/\/www.apfelpatient.de\/wp-content\/uploads\/2019\/11\/bigstock-203540128.jpg\" \/>\n\t<meta property=\"og:image:width\" content=\"1600\" \/>\n\t<meta property=\"og:image:height\" content=\"1067\" \/>\n\t<meta property=\"og:image:type\" content=\"image\/jpeg\" \/>\n<meta name=\"author\" content=\"Milan\" \/>\n<meta name=\"twitter:card\" content=\"summary_large_image\" \/>\n<meta name=\"twitter:title\" content=\"MacBook Pro 16&quot; - Ank\u00fcndigung wird am Mittwoch erwartet\" \/>\n<meta name=\"twitter:label1\" content=\"Written by\" \/>\n\t<meta name=\"twitter:data1\" content=\"Milan\" \/>\n\t<meta name=\"twitter:label2\" content=\"Est. reading time\" \/>\n\t<meta name=\"twitter:data2\" content=\"1 minute\" \/>\n<script type=\"application\/ld+json\" class=\"yoast-schema-graph\">{\"@context\":\"https:\\\/\\\/schema.org\",\"@graph\":[{\"@type\":\"NewsArticle\",\"@id\":\"https:\\\/\\\/www.apfelpatient.de\\\/rumors\\\/macbook-pro-16-ankuendigung-wird-am-mittwoch-erwartet#article\",\"isPartOf\":{\"@id\":\"https:\\\/\\\/www.apfelpatient.de\\\/rumors\\\/macbook-pro-16-ankuendigung-wird-am-mittwoch-erwartet\"},\"author\":{\"@type\":\"Organization\",\"@id\":\"https:\\\/\\\/www.apfelpatient.de\\\/en\\\/#organization\",\"name\":\"Apfelpatient\",\"url\":\"https:\\\/\\\/www.apfelpatient.de\\\/en\\\/\"},\"headline\":\"MacBook Pro 16&#8243; &#8211; Ank\u00fcndigung wird am Mittwoch erwartet\",\"datePublished\":\"2019-11-12T17:49:07+00:00\",\"dateModified\":\"2025-02-06T07:00:03+00:00\",\"mainEntityOfPage\":{\"@id\":\"https:\\\/\\\/www.apfelpatient.de\\\/rumors\\\/macbook-pro-16-ankuendigung-wird-am-mittwoch-erwartet\"},\"wordCount\":180,\"publisher\":{\"@type\":\"Organization\",\"@id\":\"https:\\\/\\\/www.apfelpatient.de\\\/en\\\/#organization\",\"name\":\"Apfelpatient\",\"url\":\"https:\\\/\\\/www.apfelpatient.de\\\/en\\\/\"},\"image\":{\"@id\":\"https:\\\/\\\/www.apfelpatient.de\\\/rumors\\\/macbook-pro-16-ankuendigung-wird-am-mittwoch-erwartet#primaryimage\"},\"thumbnailUrl\":\"https:\\\/\\\/www.apfelpatient.de\\\/wp-content\\\/uploads\\\/2019\\\/11\\\/bigstock-203540128.jpg\",\"keywords\":[\"Mac\"],\"articleSection\":\"Rumors\",\"inLanguage\":\"en-US\",\"copyrightYear\":\"2019\",\"copyrightHolder\":{\"@id\":\"https:\\\/\\\/www.apfelpatient.de\\\/en\\\/#organization\"}},{\"@type\":\"WebPage\",\"@id\":\"https:\\\/\\\/www.apfelpatient.de\\\/rumors\\\/macbook-pro-16-ankuendigung-wird-am-mittwoch-erwartet\",\"url\":\"https:\\\/\\\/www.apfelpatient.de\\\/rumors\\\/macbook-pro-16-ankuendigung-wird-am-mittwoch-erwartet\",\"name\":\"MacBook Pro 16\\\" - Ank\u00fcndigung wird am Mittwoch erwartet\",\"isPartOf\":{\"@id\":\"https:\\\/\\\/www.apfelpatient.de\\\/#website\"},\"primaryImageOfPage\":{\"@id\":\"https:\\\/\\\/www.apfelpatient.de\\\/rumors\\\/macbook-pro-16-ankuendigung-wird-am-mittwoch-erwartet#primaryimage\"},\"image\":{\"@id\":\"https:\\\/\\\/www.apfelpatient.de\\\/rumors\\\/macbook-pro-16-ankuendigung-wird-am-mittwoch-erwartet#primaryimage\"},\"thumbnailUrl\":\"https:\\\/\\\/www.apfelpatient.de\\\/wp-content\\\/uploads\\\/2019\\\/11\\\/bigstock-203540128.jpg\",\"datePublished\":\"2019-11-12T17:49:07+00:00\",\"dateModified\":\"2025-02-06T07:00:03+00:00\",\"description\":\"Gestern haben wir dar\u00fcber berichtet, dass Apple angeblich die Vorstellung des neuen MacBook Pro mit 16-Zoll noch in dieser Woche plant.\",\"breadcrumb\":{\"@id\":\"https:\\\/\\\/www.apfelpatient.de\\\/rumors\\\/macbook-pro-16-ankuendigung-wird-am-mittwoch-erwartet#breadcrumb\"},\"inLanguage\":\"en-US\",\"potentialAction\":[{\"@type\":\"ReadAction\",\"target\":[\"https:\\\/\\\/www.apfelpatient.de\\\/rumors\\\/macbook-pro-16-ankuendigung-wird-am-mittwoch-erwartet\"]}]},{\"@type\":\"ImageObject\",\"inLanguage\":\"en-US\",\"@id\":\"https:\\\/\\\/www.apfelpatient.de\\\/rumors\\\/macbook-pro-16-ankuendigung-wird-am-mittwoch-erwartet#primaryimage\",\"url\":\"https:\\\/\\\/www.apfelpatient.de\\\/wp-content\\\/uploads\\\/2019\\\/11\\\/bigstock-203540128.jpg\",\"contentUrl\":\"https:\\\/\\\/www.apfelpatient.de\\\/wp-content\\\/uploads\\\/2019\\\/11\\\/bigstock-203540128.jpg\",\"width\":1600,\"height\":1067,\"caption\":\"Alushta Russia - June 8 2017: Backgrounds MacOS High Sierra in the screen of MacBook Pro. MacBookPro was created and developed by the Apple inc.\"},{\"@type\":\"BreadcrumbList\",\"@id\":\"https:\\\/\\\/www.apfelpatient.de\\\/rumors\\\/macbook-pro-16-ankuendigung-wird-am-mittwoch-erwartet#breadcrumb\",\"itemListElement\":[{\"@type\":\"ListItem\",\"position\":1,\"name\":\"Startseite\",\"item\":\"https:\\\/\\\/www.apfelpatient.de\\\/\"},{\"@type\":\"ListItem\",\"position\":2,\"name\":\"MacBook Pro 16&#8243; &#8211; Ank\u00fcndigung wird am Mittwoch erwartet\"}]},{\"@type\":\"WebSite\",\"@id\":\"https:\\\/\\\/www.apfelpatient.de\\\/#website\",\"url\":\"https:\\\/\\\/www.apfelpatient.de\\\/\",\"name\":\"Apfelpatient\",\"description\":\"Alles rund um Apple!\",\"publisher\":{\"@type\":\"Organization\",\"@id\":\"https:\\\/\\\/www.apfelpatient.de\\\/en\\\/#organization\",\"name\":\"Apfelpatient\",\"url\":\"https:\\\/\\\/www.apfelpatient.de\\\/en\\\/\"},\"alternateName\":\"Apfelpatient\",\"potentialAction\":[{\"@type\":\"SearchAction\",\"target\":{\"@type\":\"EntryPoint\",\"urlTemplate\":\"https:\\\/\\\/www.apfelpatient.de\\\/?s={search_term_string}\"},\"query-input\":{\"@type\":\"PropertyValueSpecification\",\"valueRequired\":true,\"valueName\":\"search_term_string\"}}],\"inLanguage\":\"en-US\"},{\"@type\":[\"Person\",\"Organization\"],\"@id\":\"https:\\\/\\\/www.apfelpatient.de\\\/#\\\/schema\\\/person\\\/7dc56ad6c8e9824b76d2c08d4c140e13\",\"name\":\"Milan\",\"logo\":{\"@id\":\"https:\\\/\\\/www.apfelpatient.de\\\/#\\\/schema\\\/person\\\/image\\\/\"},\"description\":\"Hallo und herzlich willkommen auf meinem Technik-Blog! Als gro\u00dfer Apple-Fan berichte ich hier \u00fcber alles, was mit Apple zu tun hat: von den neuesten News und spannenden Ger\u00fcchten \u00fcber hilfreiche Tipps und Tricks bis hin zu ausf\u00fchrlichen Produkttests. Wenn du genauso technikbegeistert bist wie ich, bist du hier genau richtig!\",\"sameAs\":[\"https:\\\/\\\/www.facebook.com\\\/apfelpatientOfficial\",\"https:\\\/\\\/www.linkedin.com\\\/in\\\/milan-jovicic-42aa0231b\"],\"url\":\"https:\\\/\\\/www.apfelpatient.de\\\/en\\\/author\\\/apfeladmin\"}]}<\/script>\n<!-- \/ Yoast SEO Premium plugin. -->","yoast_head_json":{"title":"MacBook Pro 16&quot; - Announcement expected on Wednesday","description":"Yesterday we reported that Apple is reportedly planning to unveil the new 16-inch MacBook Pro this week.","robots":{"index":"index","follow":"follow","max-snippet":"max-snippet:-1","max-image-preview":"max-image-preview:large","max-video-preview":"max-video-preview:-1"},"canonical":"https:\/\/www.apfelpatient.de\/en\/rumors\/macbook-pro-16-announcement-expected-on-wednesday","og_locale":"en_US","og_type":"article","og_title":"MacBook Pro 16&quot; - Ank\u00fcndigung wird am Mittwoch erwartet","og_description":"Gestern haben wir dar\u00fcber berichtet, dass Apple angeblich die Vorstellung des neuen MacBook Pro mit 16-Zoll noch in dieser Woche plant.","og_url":"https:\/\/www.apfelpatient.de\/en\/rumors\/macbook-pro-16-announcement-expected-on-wednesday","og_site_name":"Apfelpatient","article_publisher":"https:\/\/www.facebook.com\/apfelpatientOfficial","article_author":"https:\/\/www.facebook.com\/apfelpatientOfficial","article_published_time":"2019-11-12T17:49:07+00:00","article_modified_time":"2025-02-06T07:00:03+00:00","og_image":[{"width":1600,"height":1067,"url":"https:\/\/www.apfelpatient.de\/wp-content\/uploads\/2019\/11\/bigstock-203540128.jpg","type":"image\/jpeg"}],"author":"Milan","twitter_card":"summary_large_image","twitter_title":"MacBook Pro 16\" - Ank\u00fcndigung wird am Mittwoch erwartet","twitter_misc":{"Written by":"Milan","Est. reading time":"1 minute"},"schema":{"@context":"https:\/\/schema.org","@graph":[{"@type":"NewsArticle","@id":"https:\/\/www.apfelpatient.de\/rumors\/macbook-pro-16-ankuendigung-wird-am-mittwoch-erwartet#article","isPartOf":{"@id":"https:\/\/www.apfelpatient.de\/rumors\/macbook-pro-16-ankuendigung-wird-am-mittwoch-erwartet"},"author":{"@type":"Organization","@id":"https:\/\/www.apfelpatient.de\/en\/#organization","name":"Apfelpatient","url":"https:\/\/www.apfelpatient.de\/en\/"},"headline":"MacBook Pro 16&#8243; &#8211; Ank\u00fcndigung wird am Mittwoch erwartet","datePublished":"2019-11-12T17:49:07+00:00","dateModified":"2025-02-06T07:00:03+00:00","mainEntityOfPage":{"@id":"https:\/\/www.apfelpatient.de\/rumors\/macbook-pro-16-ankuendigung-wird-am-mittwoch-erwartet"},"wordCount":180,"publisher":{"@type":"Organization","@id":"https:\/\/www.apfelpatient.de\/en\/#organization","name":"Apfelpatient","url":"https:\/\/www.apfelpatient.de\/en\/"},"image":{"@id":"https:\/\/www.apfelpatient.de\/rumors\/macbook-pro-16-ankuendigung-wird-am-mittwoch-erwartet#primaryimage"},"thumbnailUrl":"https:\/\/www.apfelpatient.de\/wp-content\/uploads\/2019\/11\/bigstock-203540128.jpg","keywords":["Mac"],"articleSection":"Rumors","inLanguage":"en-US","copyrightYear":"2019","copyrightHolder":{"@id":"https:\/\/www.apfelpatient.de\/en\/#organization"}},{"@type":"WebPage","@id":"https:\/\/www.apfelpatient.de\/rumors\/macbook-pro-16-ankuendigung-wird-am-mittwoch-erwartet","url":"https:\/\/www.apfelpatient.de\/rumors\/macbook-pro-16-ankuendigung-wird-am-mittwoch-erwartet","name":"MacBook Pro 16&quot; - Announcement expected on Wednesday","isPartOf":{"@id":"https:\/\/www.apfelpatient.de\/#website"},"primaryImageOfPage":{"@id":"https:\/\/www.apfelpatient.de\/rumors\/macbook-pro-16-ankuendigung-wird-am-mittwoch-erwartet#primaryimage"},"image":{"@id":"https:\/\/www.apfelpatient.de\/rumors\/macbook-pro-16-ankuendigung-wird-am-mittwoch-erwartet#primaryimage"},"thumbnailUrl":"https:\/\/www.apfelpatient.de\/wp-content\/uploads\/2019\/11\/bigstock-203540128.jpg","datePublished":"2019-11-12T17:49:07+00:00","dateModified":"2025-02-06T07:00:03+00:00","description":"Yesterday we reported that Apple is reportedly planning to unveil the new 16-inch MacBook Pro this week.","breadcrumb":{"@id":"https:\/\/www.apfelpatient.de\/rumors\/macbook-pro-16-ankuendigung-wird-am-mittwoch-erwartet#breadcrumb"},"inLanguage":"en-US","potentialAction":[{"@type":"ReadAction","target":["https:\/\/www.apfelpatient.de\/rumors\/macbook-pro-16-ankuendigung-wird-am-mittwoch-erwartet"]}]},{"@type":"ImageObject","inLanguage":"en-US","@id":"https:\/\/www.apfelpatient.de\/rumors\/macbook-pro-16-ankuendigung-wird-am-mittwoch-erwartet#primaryimage","url":"https:\/\/www.apfelpatient.de\/wp-content\/uploads\/2019\/11\/bigstock-203540128.jpg","contentUrl":"https:\/\/www.apfelpatient.de\/wp-content\/uploads\/2019\/11\/bigstock-203540128.jpg","width":1600,"height":1067,"caption":"Alushta Russia - June 8 2017: Backgrounds MacOS High Sierra in the screen of MacBook Pro. MacBookPro was created and developed by the Apple inc."},{"@type":"BreadcrumbList","@id":"https:\/\/www.apfelpatient.de\/rumors\/macbook-pro-16-ankuendigung-wird-am-mittwoch-erwartet#breadcrumb","itemListElement":[{"@type":"ListItem","position":1,"name":"Startseite","item":"https:\/\/www.apfelpatient.de\/"},{"@type":"ListItem","position":2,"name":"MacBook Pro 16&#8243; &#8211; Ank\u00fcndigung wird am Mittwoch erwartet"}]},{"@type":"WebSite","@id":"https:\/\/www.apfelpatient.de\/#website","url":"https:\/\/www.apfelpatient.de\/","name":"apple patient","description":"Everything about Apple!","publisher":{"@type":"Organization","@id":"https:\/\/www.apfelpatient.de\/en\/#organization","name":"Apfelpatient","url":"https:\/\/www.apfelpatient.de\/en\/"},"alternateName":"Apfelpatient","potentialAction":[{"@type":"SearchAction","target":{"@type":"EntryPoint","urlTemplate":"https:\/\/www.apfelpatient.de\/?s={search_term_string}"},"query-input":{"@type":"PropertyValueSpecification","valueRequired":true,"valueName":"search_term_string"}}],"inLanguage":"en-US"},{"@type":["Person","Organization"],"@id":"https:\/\/www.apfelpatient.de\/#\/schema\/person\/7dc56ad6c8e9824b76d2c08d4c140e13","name":"Milan","logo":{"@id":"https:\/\/www.apfelpatient.de\/#\/schema\/person\/image\/"},"description":"Hello and welcome to my technology blog! As a big Apple fan, I report on everything to do with Apple: from the latest news and exciting rumors to helpful tips and tricks and detailed product tests. If you are as enthusiastic about technology as I am, you have come to the right place!","sameAs":["https:\/\/www.facebook.com\/apfelpatientOfficial","https:\/\/www.linkedin.com\/in\/milan-jovicic-42aa0231b"],"url":"https:\/\/www.apfelpatient.de\/en\/author\/apfeladmin"}]}},"_links":{"self":[{"href":"https:\/\/www.apfelpatient.de\/en\/wp-json\/wp\/v2\/posts\/7401","targetHints":{"allow":["GET"]}}],"collection":[{"href":"https:\/\/www.apfelpatient.de\/en\/wp-json\/wp\/v2\/posts"}],"about":[{"href":"https:\/\/www.apfelpatient.de\/en\/wp-json\/wp\/v2\/types\/post"}],"author":[{"embeddable":true,"href":"https:\/\/www.apfelpatient.de\/en\/wp-json\/wp\/v2\/users\/2"}],"replies":[{"embeddable":true,"href":"https:\/\/www.apfelpatient.de\/en\/wp-json\/wp\/v2\/comments?post=7401"}],"version-history":[{"count":0,"href":"https:\/\/www.apfelpatient.de\/en\/wp-json\/wp\/v2\/posts\/7401\/revisions"}],"wp:featuredmedia":[{"embeddable":true,"href":"https:\/\/www.apfelpatient.de\/en\/wp-json\/wp\/v2\/media\/7402"}],"wp:attachment":[{"href":"https:\/\/www.apfelpatient.de\/en\/wp-json\/wp\/v2\/media?parent=7401"}],"wp:term":[{"taxonomy":"category","embeddable":true,"href":"https:\/\/www.apfelpatient.de\/en\/wp-json\/wp\/v2\/categories?post=7401"},{"taxonomy":"post_tag","embeddable":true,"href":"https:\/\/www.apfelpatient.de\/en\/wp-json\/wp\/v2\/tags?post=7401"}],"curies":[{"name":"wp","href":"https:\/\/api.w.org\/{rel}","templated":true}]}}