{"id":7338,"date":"2019-11-09T17:43:09","date_gmt":"2019-11-09T16:43:09","guid":{"rendered":"https:\/\/www.apfelpatient.de\/?p=7338"},"modified":"2019-11-09T17:43:09","modified_gmt":"2019-11-09T16:43:09","slug":"germany-30-years-ago-apple-commemorates-the-fall-of-the-berlin-wall","status":"publish","type":"post","link":"https:\/\/www.apfelpatient.de\/en\/news\/deutschland-vor-30-jahren-apple-erinnert-an-berliner-mauerfall","title":{"rendered":"Germany 30 years ago \u2013 Apple commemorates the fall of the Berlin Wall"},"content":{"rendered":"<p class=\"p1\"><strong><span class=\"s1\">This year, Germany is celebrating 30 years since the fall of the Berlin Wall. On November 9, 1989, the Iron Curtain fell and united East and West. Now Apple is commemorating this important event on its German website.<\/span><\/strong><\/p>\n<p class=\"p1\"><\/p>\n<p class=\"p1\"><span class=\"s1\">Not only Germany remembers the fall of the Berlin Wall \u2013 Cupertino is also celebrating the 30th anniversary. Apple has created the <a href=\"https:\/\/www.apple.com\/\" target=\"_blank\" rel=\"noopener noreferrer\">German homepage version<\/a> completely revised. While the homepage usually highlights certain products, today there is a picture of the wall with a passage of text. The well-known song &quot;Die Gedanken sind frei&quot; from the 1856\/1865 version is quoted:<\/span><\/p>\n<p class=\"p1\"><em><span class=\"s1\">\u201cFor my thoughts tear down the barriers and walls: thoughts are free.\u201d<\/span><\/em><\/p>\n<figure id=\"attachment_7341\" aria-describedby=\"caption-attachment-7341\" style=\"width: 1600px\" class=\"wp-caption aligncenter\"><img decoding=\"async\" class=\"size-full wp-image-7341\" src=\"https:\/\/www.apfelpatient.de\/wp-content\/uploads\/2019\/11\/Bildschirmfoto-2019-11-09-um-17.39.48.png\" alt=\"Image: Apple Homepage\" width=\"1600\" height=\"811\" \/><figcaption id=\"caption-attachment-7341\" class=\"wp-caption-text\">Image: Apple Homepage<\/figcaption><\/figure>\n<p class=\"p1\"><span class=\"s1\">Apple CEO Tim Cook also reminded us of Germany&#039;s history via Twitter. He wrote in a tweet:<\/span><\/p>\n<p class=\"p1\"><em><span class=\"s1\">\u201cThirty years after the fall of the Berlin Wall, we must not forget that the power we possess in unity is infinitely stronger than all the differences that divide us.\u201d<\/span><\/em><\/p>\n<p class=\"p1\"><span class=\"s1\">Whenever historically significant events occur, Apple usually redesigns its homepage to commemorate them, as was the case on Martin Luther King Jr. Day. <\/span><em>(Photo by Esebene \/ Bigstockphoto)<\/em><\/p>\n<div class=\"brlbs-cmpnt-container brlbs-cmpnt-content-blocker brlbs-cmpnt-with-individual-styles\" data-borlabs-cookie-content-blocker-id=\"x-alias-twitter-content-blocker\" data-borlabs-cookie-content=\"PGJsb2NrcXVvdGUgY2xhc3M9InR3aXR0ZXItdHdlZXQiIGRhdGEtd2lkdGg9IjUwMCIgZGF0YS1kbnQ9InRydWUiPjxwIGxhbmc9ImVuIiBkaXI9Imx0ciI+VGhpcnR5IHllYXJzIGFmdGVyIHRoZSBCZXJsaW4gV2FsbCBmZWxsLCB3ZSBtdXN0IHJlbWVtYmVyIHRoYXQgdGhlIHN0cmVuZ3RoIHdlIHBvc3Nlc3MgaW4gdW5pdHkgaXMgaW5maW5pdGVseSBtb3JlIHBvd2VyZnVsIHRoYW4gYW55IGRpZmZlcmVuY2VzIHRoYXQgZGl2aWRlIHVzLiA8YSBocmVmPSJodHRwczovL3R3aXR0ZXIuY29tL2hhc2h0YWcvQmVybGluV2FsbDMwP3NyYz1oYXNoJmFtcDtyZWZfc3JjPXR3c3JjJTVFdGZ3Ij4jQmVybGluV2FsbDMwPC9hPiA8YSBocmVmPSJodHRwczovL3QuY28vM3JkNmszMk11VyI+cGljLnR3aXR0ZXIuY29tLzNyZDZrMzJNdVc8L2E+PC9wPiZtZGFzaDsgVGltIENvb2sgKEB0aW1fY29vaykgPGEgaHJlZj0iaHR0cHM6Ly90d2l0dGVyLmNvbS90aW1fY29vay9zdGF0dXMvMTE5MzE2NzAzODU1NTk2NzQ4OT9yZWZfc3JjPXR3c3JjJTVFdGZ3Ij5Ob3ZlbWJlciA5LCAyMDE5PC9hPjwvYmxvY2txdW90ZT48c2NyaXB0IGFzeW5jIHNyYz0iaHR0cHM6Ly9wbGF0Zm9ybS50d2l0dGVyLmNvbS93aWRnZXRzLmpzIiBjaGFyc2V0PSJ1dGYtOCI+PC9zY3JpcHQ+\">\n<div class=\"brlbs-cmpnt-cb-preset-b brlbs-cmpnt-cb-x\">\n<div class=\"brlbs-cmpnt-cb-thumbnail\" style=\"background-image: url('https:\/\/www.apfelpatient.de\/wp-content\/uploads\/borlabs-cookie\/1\/cb-twitter-main.png')\"><\/div>\n<div class=\"brlbs-cmpnt-cb-main\">\n<div class=\"brlbs-cmpnt-cb-content\">\n<p class=\"brlbs-cmpnt-cb-description\">You are currently viewing a placeholder content from <strong>X<\/strong>. To access the actual content, click the button below. Please note that doing so will share data with third-party providers.<\/p>\n<p> <a class=\"brlbs-cmpnt-cb-provider-toggle\" href=\"#\" data-borlabs-cookie-show-provider-information role=\"button\">More Information<\/a> <\/div>\n<div class=\"brlbs-cmpnt-cb-buttons\"> <a class=\"brlbs-cmpnt-cb-btn\" href=\"#\" data-borlabs-cookie-unblock role=\"button\">Unblock content<\/a> <a class=\"brlbs-cmpnt-cb-btn\" href=\"#\" data-borlabs-cookie-accept-service role=\"button\" style=\"display: inherit\">Accept required service and unblock content<\/a> <\/div><\/div><\/div>\n<\/div>\n<h5 data-reader-unique-id=\"30\"><em data-reader-unique-id=\"31\"><strong data-reader-unique-id=\"32\">You don&#039;t want to miss any more news? Then subscribe to our <a href=\"https:\/\/t.me\/apfelpatient_official\" data-reader-unique-id=\"33\">Telegram channel<\/a><\/strong><\/em><\/h5>","protected":false},"excerpt":{"rendered":"<p>In diesem Jahr feiert Deutschland 30 Jahre Mauerfall. Am 09. November 1989 fiel der eiserne Vorhang und vereinte Ost und West. Nun erinnert Apple auf der deutschen Webseite an das wichtige Ereignis. Nicht nur Deutschland erinnert sich an den Berliner Mauerfall zur\u00fcck &#8211; auch Cupertino w\u00fcrdigt das 30-j\u00e4hrige Jubil\u00e4um. Apple hat daf\u00fcr die deutsche Homepage-Version [&hellip;]<\/p>\n","protected":false},"author":2,"featured_media":7339,"comment_status":"closed","ping_status":"open","sticky":false,"template":"","format":"standard","meta":{"jnews-multi-image_gallery":[],"jnews_single_post":[],"jnews_primary_category":[],"footnotes":""},"categories":[9],"tags":[8],"class_list":["post-7338","post","type-post","status-publish","format-standard","has-post-thumbnail","hentry","category-news","tag-iphone"],"yoast_head":"<!-- This site is optimized with the Yoast SEO Premium plugin v27.5 (Yoast SEO v27.5) - https:\/\/yoast.com\/product\/yoast-seo-premium-wordpress\/ -->\n<title>Deutschland vor 30 Jahren - Apple erinnert an Berliner Mauerfall<\/title>\n<meta name=\"description\" content=\"In diesem Jahr feiert Deutschland 30 Jahre Mauerfall. Am 09. November 1989 fiel der eiserne Vorhang und vereinte Ost und West.\" \/>\n<meta name=\"robots\" content=\"index, follow, max-snippet:-1, max-image-preview:large, max-video-preview:-1\" \/>\n<link rel=\"canonical\" href=\"https:\/\/www.apfelpatient.de\/en\/news\/germany-30-years-ago-apple-commemorates-the-fall-of-the-berlin-wall\" \/>\n<meta property=\"og:locale\" content=\"en_US\" \/>\n<meta property=\"og:type\" content=\"article\" \/>\n<meta property=\"og:title\" content=\"Deutschland vor 30 Jahren - Apple erinnert an Berliner Mauerfall\" \/>\n<meta property=\"og:description\" content=\"In diesem Jahr feiert Deutschland 30 Jahre Mauerfall. Am 09. November 1989 fiel der eiserne Vorhang und vereinte Ost und West.\" \/>\n<meta property=\"og:url\" content=\"https:\/\/www.apfelpatient.de\/en\/news\/germany-30-years-ago-apple-commemorates-the-fall-of-the-berlin-wall\" \/>\n<meta property=\"og:site_name\" content=\"Apfelpatient\" \/>\n<meta property=\"article:publisher\" content=\"https:\/\/www.facebook.com\/apfelpatientOfficial\" \/>\n<meta property=\"article:author\" content=\"https:\/\/www.facebook.com\/apfelpatientOfficial\" \/>\n<meta property=\"article:published_time\" content=\"2019-11-09T16:43:09+00:00\" \/>\n<meta property=\"og:image\" content=\"https:\/\/www.apfelpatient.de\/wp-content\/uploads\/2019\/11\/bigstock-Remains-Of-Berlin-Wall-322358386.jpg\" \/>\n\t<meta property=\"og:image:width\" content=\"1600\" \/>\n\t<meta property=\"og:image:height\" content=\"1067\" \/>\n\t<meta property=\"og:image:type\" content=\"image\/jpeg\" \/>\n<meta name=\"author\" content=\"Milan\" \/>\n<meta name=\"twitter:card\" content=\"summary_large_image\" \/>\n<meta name=\"twitter:title\" content=\"Deutschland vor 30 Jahren - Apple erinnert an Berliner Mauerfall\" \/>\n<meta name=\"twitter:label1\" content=\"Written by\" \/>\n\t<meta name=\"twitter:data1\" content=\"Milan\" \/>\n\t<meta name=\"twitter:label2\" content=\"Est. reading time\" \/>\n\t<meta name=\"twitter:data2\" content=\"1 minute\" \/>\n<script type=\"application\/ld+json\" class=\"yoast-schema-graph\">{\"@context\":\"https:\\\/\\\/schema.org\",\"@graph\":[{\"@type\":\"NewsArticle\",\"@id\":\"https:\\\/\\\/www.apfelpatient.de\\\/news\\\/deutschland-vor-30-jahren-apple-erinnert-an-berliner-mauerfall#article\",\"isPartOf\":{\"@id\":\"https:\\\/\\\/www.apfelpatient.de\\\/news\\\/deutschland-vor-30-jahren-apple-erinnert-an-berliner-mauerfall\"},\"author\":{\"@type\":\"Organization\",\"@id\":\"https:\\\/\\\/www.apfelpatient.de\\\/en\\\/#organization\",\"name\":\"Apfelpatient\",\"url\":\"https:\\\/\\\/www.apfelpatient.de\\\/en\\\/\"},\"headline\":\"Deutschland vor 30 Jahren &#8211; Apple erinnert an Berliner Mauerfall\",\"datePublished\":\"2019-11-09T16:43:09+00:00\",\"mainEntityOfPage\":{\"@id\":\"https:\\\/\\\/www.apfelpatient.de\\\/news\\\/deutschland-vor-30-jahren-apple-erinnert-an-berliner-mauerfall\"},\"wordCount\":229,\"publisher\":{\"@type\":\"Organization\",\"@id\":\"https:\\\/\\\/www.apfelpatient.de\\\/en\\\/#organization\",\"name\":\"Apfelpatient\",\"url\":\"https:\\\/\\\/www.apfelpatient.de\\\/en\\\/\"},\"image\":{\"@id\":\"https:\\\/\\\/www.apfelpatient.de\\\/news\\\/deutschland-vor-30-jahren-apple-erinnert-an-berliner-mauerfall#primaryimage\"},\"thumbnailUrl\":\"https:\\\/\\\/www.apfelpatient.de\\\/wp-content\\\/uploads\\\/2019\\\/11\\\/bigstock-Remains-Of-Berlin-Wall-322358386.jpg\",\"keywords\":[\"iPhone\"],\"articleSection\":\"News\",\"inLanguage\":\"en-US\",\"copyrightYear\":\"2019\",\"copyrightHolder\":{\"@id\":\"https:\\\/\\\/www.apfelpatient.de\\\/en\\\/#organization\"}},{\"@type\":\"WebPage\",\"@id\":\"https:\\\/\\\/www.apfelpatient.de\\\/news\\\/deutschland-vor-30-jahren-apple-erinnert-an-berliner-mauerfall\",\"url\":\"https:\\\/\\\/www.apfelpatient.de\\\/news\\\/deutschland-vor-30-jahren-apple-erinnert-an-berliner-mauerfall\",\"name\":\"Deutschland vor 30 Jahren - Apple erinnert an Berliner Mauerfall\",\"isPartOf\":{\"@id\":\"https:\\\/\\\/www.apfelpatient.de\\\/#website\"},\"primaryImageOfPage\":{\"@id\":\"https:\\\/\\\/www.apfelpatient.de\\\/news\\\/deutschland-vor-30-jahren-apple-erinnert-an-berliner-mauerfall#primaryimage\"},\"image\":{\"@id\":\"https:\\\/\\\/www.apfelpatient.de\\\/news\\\/deutschland-vor-30-jahren-apple-erinnert-an-berliner-mauerfall#primaryimage\"},\"thumbnailUrl\":\"https:\\\/\\\/www.apfelpatient.de\\\/wp-content\\\/uploads\\\/2019\\\/11\\\/bigstock-Remains-Of-Berlin-Wall-322358386.jpg\",\"datePublished\":\"2019-11-09T16:43:09+00:00\",\"description\":\"In diesem Jahr feiert Deutschland 30 Jahre Mauerfall. Am 09. November 1989 fiel der eiserne Vorhang und vereinte Ost und West.\",\"breadcrumb\":{\"@id\":\"https:\\\/\\\/www.apfelpatient.de\\\/news\\\/deutschland-vor-30-jahren-apple-erinnert-an-berliner-mauerfall#breadcrumb\"},\"inLanguage\":\"en-US\",\"potentialAction\":[{\"@type\":\"ReadAction\",\"target\":[\"https:\\\/\\\/www.apfelpatient.de\\\/news\\\/deutschland-vor-30-jahren-apple-erinnert-an-berliner-mauerfall\"]}]},{\"@type\":\"ImageObject\",\"inLanguage\":\"en-US\",\"@id\":\"https:\\\/\\\/www.apfelpatient.de\\\/news\\\/deutschland-vor-30-jahren-apple-erinnert-an-berliner-mauerfall#primaryimage\",\"url\":\"https:\\\/\\\/www.apfelpatient.de\\\/wp-content\\\/uploads\\\/2019\\\/11\\\/bigstock-Remains-Of-Berlin-Wall-322358386.jpg\",\"contentUrl\":\"https:\\\/\\\/www.apfelpatient.de\\\/wp-content\\\/uploads\\\/2019\\\/11\\\/bigstock-Remains-Of-Berlin-Wall-322358386.jpg\",\"width\":1600,\"height\":1067,\"caption\":\"Remains of Berlin wall, detail of old concrete wall, Germany\"},{\"@type\":\"BreadcrumbList\",\"@id\":\"https:\\\/\\\/www.apfelpatient.de\\\/news\\\/deutschland-vor-30-jahren-apple-erinnert-an-berliner-mauerfall#breadcrumb\",\"itemListElement\":[{\"@type\":\"ListItem\",\"position\":1,\"name\":\"Startseite\",\"item\":\"https:\\\/\\\/www.apfelpatient.de\\\/\"},{\"@type\":\"ListItem\",\"position\":2,\"name\":\"Deutschland vor 30 Jahren &#8211; Apple erinnert an Berliner Mauerfall\"}]},{\"@type\":\"WebSite\",\"@id\":\"https:\\\/\\\/www.apfelpatient.de\\\/#website\",\"url\":\"https:\\\/\\\/www.apfelpatient.de\\\/\",\"name\":\"Apfelpatient\",\"description\":\"Alles rund um Apple!\",\"publisher\":{\"@type\":\"Organization\",\"@id\":\"https:\\\/\\\/www.apfelpatient.de\\\/en\\\/#organization\",\"name\":\"Apfelpatient\",\"url\":\"https:\\\/\\\/www.apfelpatient.de\\\/en\\\/\"},\"alternateName\":\"Apfelpatient\",\"potentialAction\":[{\"@type\":\"SearchAction\",\"target\":{\"@type\":\"EntryPoint\",\"urlTemplate\":\"https:\\\/\\\/www.apfelpatient.de\\\/?s={search_term_string}\"},\"query-input\":{\"@type\":\"PropertyValueSpecification\",\"valueRequired\":true,\"valueName\":\"search_term_string\"}}],\"inLanguage\":\"en-US\"},{\"@type\":[\"Person\",\"Organization\"],\"@id\":\"https:\\\/\\\/www.apfelpatient.de\\\/#\\\/schema\\\/person\\\/7dc56ad6c8e9824b76d2c08d4c140e13\",\"name\":\"Milan\",\"logo\":{\"@id\":\"https:\\\/\\\/www.apfelpatient.de\\\/#\\\/schema\\\/person\\\/image\\\/\"},\"description\":\"Hallo und herzlich willkommen auf meinem Technik-Blog! Als gro\u00dfer Apple-Fan berichte ich hier \u00fcber alles, was mit Apple zu tun hat: von den neuesten News und spannenden Ger\u00fcchten \u00fcber hilfreiche Tipps und Tricks bis hin zu ausf\u00fchrlichen Produkttests. Wenn du genauso technikbegeistert bist wie ich, bist du hier genau richtig!\",\"sameAs\":[\"https:\\\/\\\/www.facebook.com\\\/apfelpatientOfficial\",\"https:\\\/\\\/www.linkedin.com\\\/in\\\/milan-jovicic-42aa0231b\"],\"url\":\"https:\\\/\\\/www.apfelpatient.de\\\/en\\\/author\\\/apfeladmin\"}]}<\/script>\n<!-- \/ Yoast SEO Premium plugin. -->","yoast_head_json":{"title":"Germany 30 years ago - Apple commemorates the fall of the Berlin Wall","description":"This year, Germany is celebrating 30 years since the fall of the Berlin Wall. On November 9, 1989, the Iron Curtain fell and united East and West.","robots":{"index":"index","follow":"follow","max-snippet":"max-snippet:-1","max-image-preview":"max-image-preview:large","max-video-preview":"max-video-preview:-1"},"canonical":"https:\/\/www.apfelpatient.de\/en\/news\/germany-30-years-ago-apple-commemorates-the-fall-of-the-berlin-wall","og_locale":"en_US","og_type":"article","og_title":"Deutschland vor 30 Jahren - Apple erinnert an Berliner Mauerfall","og_description":"In diesem Jahr feiert Deutschland 30 Jahre Mauerfall. Am 09. November 1989 fiel der eiserne Vorhang und vereinte Ost und West.","og_url":"https:\/\/www.apfelpatient.de\/en\/news\/germany-30-years-ago-apple-commemorates-the-fall-of-the-berlin-wall","og_site_name":"Apfelpatient","article_publisher":"https:\/\/www.facebook.com\/apfelpatientOfficial","article_author":"https:\/\/www.facebook.com\/apfelpatientOfficial","article_published_time":"2019-11-09T16:43:09+00:00","og_image":[{"width":1600,"height":1067,"url":"https:\/\/www.apfelpatient.de\/wp-content\/uploads\/2019\/11\/bigstock-Remains-Of-Berlin-Wall-322358386.jpg","type":"image\/jpeg"}],"author":"Milan","twitter_card":"summary_large_image","twitter_title":"Deutschland vor 30 Jahren - Apple erinnert an Berliner Mauerfall","twitter_misc":{"Written by":"Milan","Est. reading time":"1 minute"},"schema":{"@context":"https:\/\/schema.org","@graph":[{"@type":"NewsArticle","@id":"https:\/\/www.apfelpatient.de\/news\/deutschland-vor-30-jahren-apple-erinnert-an-berliner-mauerfall#article","isPartOf":{"@id":"https:\/\/www.apfelpatient.de\/news\/deutschland-vor-30-jahren-apple-erinnert-an-berliner-mauerfall"},"author":{"@type":"Organization","@id":"https:\/\/www.apfelpatient.de\/en\/#organization","name":"Apfelpatient","url":"https:\/\/www.apfelpatient.de\/en\/"},"headline":"Deutschland vor 30 Jahren &#8211; Apple erinnert an Berliner Mauerfall","datePublished":"2019-11-09T16:43:09+00:00","mainEntityOfPage":{"@id":"https:\/\/www.apfelpatient.de\/news\/deutschland-vor-30-jahren-apple-erinnert-an-berliner-mauerfall"},"wordCount":229,"publisher":{"@type":"Organization","@id":"https:\/\/www.apfelpatient.de\/en\/#organization","name":"Apfelpatient","url":"https:\/\/www.apfelpatient.de\/en\/"},"image":{"@id":"https:\/\/www.apfelpatient.de\/news\/deutschland-vor-30-jahren-apple-erinnert-an-berliner-mauerfall#primaryimage"},"thumbnailUrl":"https:\/\/www.apfelpatient.de\/wp-content\/uploads\/2019\/11\/bigstock-Remains-Of-Berlin-Wall-322358386.jpg","keywords":["iPhone"],"articleSection":"News","inLanguage":"en-US","copyrightYear":"2019","copyrightHolder":{"@id":"https:\/\/www.apfelpatient.de\/en\/#organization"}},{"@type":"WebPage","@id":"https:\/\/www.apfelpatient.de\/news\/deutschland-vor-30-jahren-apple-erinnert-an-berliner-mauerfall","url":"https:\/\/www.apfelpatient.de\/news\/deutschland-vor-30-jahren-apple-erinnert-an-berliner-mauerfall","name":"Germany 30 years ago - Apple commemorates the fall of the Berlin Wall","isPartOf":{"@id":"https:\/\/www.apfelpatient.de\/#website"},"primaryImageOfPage":{"@id":"https:\/\/www.apfelpatient.de\/news\/deutschland-vor-30-jahren-apple-erinnert-an-berliner-mauerfall#primaryimage"},"image":{"@id":"https:\/\/www.apfelpatient.de\/news\/deutschland-vor-30-jahren-apple-erinnert-an-berliner-mauerfall#primaryimage"},"thumbnailUrl":"https:\/\/www.apfelpatient.de\/wp-content\/uploads\/2019\/11\/bigstock-Remains-Of-Berlin-Wall-322358386.jpg","datePublished":"2019-11-09T16:43:09+00:00","description":"This year, Germany is celebrating 30 years since the fall of the Berlin Wall. On November 9, 1989, the Iron Curtain fell and united East and West.","breadcrumb":{"@id":"https:\/\/www.apfelpatient.de\/news\/deutschland-vor-30-jahren-apple-erinnert-an-berliner-mauerfall#breadcrumb"},"inLanguage":"en-US","potentialAction":[{"@type":"ReadAction","target":["https:\/\/www.apfelpatient.de\/news\/deutschland-vor-30-jahren-apple-erinnert-an-berliner-mauerfall"]}]},{"@type":"ImageObject","inLanguage":"en-US","@id":"https:\/\/www.apfelpatient.de\/news\/deutschland-vor-30-jahren-apple-erinnert-an-berliner-mauerfall#primaryimage","url":"https:\/\/www.apfelpatient.de\/wp-content\/uploads\/2019\/11\/bigstock-Remains-Of-Berlin-Wall-322358386.jpg","contentUrl":"https:\/\/www.apfelpatient.de\/wp-content\/uploads\/2019\/11\/bigstock-Remains-Of-Berlin-Wall-322358386.jpg","width":1600,"height":1067,"caption":"Remains of Berlin wall, detail of old concrete wall, Germany"},{"@type":"BreadcrumbList","@id":"https:\/\/www.apfelpatient.de\/news\/deutschland-vor-30-jahren-apple-erinnert-an-berliner-mauerfall#breadcrumb","itemListElement":[{"@type":"ListItem","position":1,"name":"Startseite","item":"https:\/\/www.apfelpatient.de\/"},{"@type":"ListItem","position":2,"name":"Deutschland vor 30 Jahren &#8211; Apple erinnert an Berliner Mauerfall"}]},{"@type":"WebSite","@id":"https:\/\/www.apfelpatient.de\/#website","url":"https:\/\/www.apfelpatient.de\/","name":"apple patient","description":"Everything about Apple!","publisher":{"@type":"Organization","@id":"https:\/\/www.apfelpatient.de\/en\/#organization","name":"Apfelpatient","url":"https:\/\/www.apfelpatient.de\/en\/"},"alternateName":"Apfelpatient","potentialAction":[{"@type":"SearchAction","target":{"@type":"EntryPoint","urlTemplate":"https:\/\/www.apfelpatient.de\/?s={search_term_string}"},"query-input":{"@type":"PropertyValueSpecification","valueRequired":true,"valueName":"search_term_string"}}],"inLanguage":"en-US"},{"@type":["Person","Organization"],"@id":"https:\/\/www.apfelpatient.de\/#\/schema\/person\/7dc56ad6c8e9824b76d2c08d4c140e13","name":"Milan","logo":{"@id":"https:\/\/www.apfelpatient.de\/#\/schema\/person\/image\/"},"description":"Hello and welcome to my technology blog! As a big Apple fan, I report on everything to do with Apple: from the latest news and exciting rumors to helpful tips and tricks and detailed product tests. If you are as enthusiastic about technology as I am, you have come to the right place!","sameAs":["https:\/\/www.facebook.com\/apfelpatientOfficial","https:\/\/www.linkedin.com\/in\/milan-jovicic-42aa0231b"],"url":"https:\/\/www.apfelpatient.de\/en\/author\/apfeladmin"}]}},"_links":{"self":[{"href":"https:\/\/www.apfelpatient.de\/en\/wp-json\/wp\/v2\/posts\/7338","targetHints":{"allow":["GET"]}}],"collection":[{"href":"https:\/\/www.apfelpatient.de\/en\/wp-json\/wp\/v2\/posts"}],"about":[{"href":"https:\/\/www.apfelpatient.de\/en\/wp-json\/wp\/v2\/types\/post"}],"author":[{"embeddable":true,"href":"https:\/\/www.apfelpatient.de\/en\/wp-json\/wp\/v2\/users\/2"}],"replies":[{"embeddable":true,"href":"https:\/\/www.apfelpatient.de\/en\/wp-json\/wp\/v2\/comments?post=7338"}],"version-history":[{"count":0,"href":"https:\/\/www.apfelpatient.de\/en\/wp-json\/wp\/v2\/posts\/7338\/revisions"}],"wp:featuredmedia":[{"embeddable":true,"href":"https:\/\/www.apfelpatient.de\/en\/wp-json\/wp\/v2\/media\/7339"}],"wp:attachment":[{"href":"https:\/\/www.apfelpatient.de\/en\/wp-json\/wp\/v2\/media?parent=7338"}],"wp:term":[{"taxonomy":"category","embeddable":true,"href":"https:\/\/www.apfelpatient.de\/en\/wp-json\/wp\/v2\/categories?post=7338"},{"taxonomy":"post_tag","embeddable":true,"href":"https:\/\/www.apfelpatient.de\/en\/wp-json\/wp\/v2\/tags?post=7338"}],"curies":[{"name":"wp","href":"https:\/\/api.w.org\/{rel}","templated":true}]}}