{"id":7305,"date":"2019-11-08T15:22:21","date_gmt":"2019-11-08T14:22:21","guid":{"rendered":"https:\/\/www.apfelpatient.de\/?p=7305"},"modified":"2025-10-14T16:22:11","modified_gmt":"2025-10-14T14:22:11","slug":"apple-tv-launch-series-get-second-season","status":"publish","type":"post","link":"https:\/\/www.apfelpatient.de\/en\/rumors\/apple-tv-startserien-erhalten-zweite-staffel","title":{"rendered":"Apple TV+: Launch series get second season"},"content":{"rendered":"<p class=\"p1\"><strong><span class=\"s1\">The new streaming service Apple TV+ was officially launched a week ago today and already seems to be a success. <\/span><\/strong><\/p>\n<p class=\"p1\"><span class=\"s1\">After just one week, the decision has already been made \u2013 Apple&#039;s four launch series &quot;The Morning Show&quot;, &quot;See&quot;, &quot;Dickinson&quot; and &quot;For All Mankind&quot; are to be renewed. According to a report by Variety, Apple has already commissioned a second season for all four series. Although Apple&#039;s originals were not well received by critics, the viewing figures seem to speak a different language. <a href=\"https:\/\/variety.com\/2019\/tv\/news\/for-all-mankind-morning-show-apple-tv-plus-renew-1203397350\/\" target=\"_blank\" rel=\"nofollow noopener noreferrer\">Variety<\/a>:<\/span><\/p>\n<p class=\"p1\"><em><span class=\"s1\">&quot;Sources close to Apple claim that the existing service has attracted millions of users who spend an average of more than an hour on the Apple TV Plus platform. The early numbers suggest that most viewers who watched one episode of the four main series watched at least one or two more.&quot;<\/span><\/em><\/p>\n<p class=\"p1\"><\/p>\n<p class=\"p1\"><span class=\"s1\">Three of the four available series have not yet been fully released. They receive a new episode every week. Season 1 of &quot;Dickinson&quot;, on the other hand, has already been presented in full. The Apple TV+ subscription costs around \u20ac4.99 per month and has family sharing. A 7-day trial period is included. Buyers of a new iPhone, iPad, iPod touch, Mac or Apple TV receive the subscription free of charge for a year. <em>(Image: Apple TV+)<\/em><\/span><\/p>\n<h5><em><strong>You don&#039;t want to miss any more news? Then subscribe to our <a href=\"https:\/\/t.me\/apfelpatient_official\">Telegram channel<\/a><\/strong><\/em><\/h5>","protected":false},"excerpt":{"rendered":"<p>Der neue Streaming-Dienst Apple TV+ wurde heute vor einer Woche offiziell gestartet und scheint schon jetzt ein Erfolg zu sein. Nach nur einer Woche soll bereits die Entscheidung feststehen &#8211; Apples vier Startserien &#8222;The Morning Show&#8220;, &#8222;See&#8220;, &#8222;Dickinson&#8220; und &#8222;For All Mankind&#8220; sollen in die Verl\u00e4ngerung gehen. Einem Bericht der Variety zufolge hat Apple bereits [&hellip;]<\/p>\n","protected":false},"author":2,"featured_media":7306,"comment_status":"closed","ping_status":"open","sticky":false,"template":"","format":"standard","meta":{"jnews-multi-image_gallery":[],"jnews_single_post":[],"jnews_primary_category":[],"footnotes":""},"categories":[25],"tags":[34,156,248],"class_list":["post-7305","post","type-post","status-publish","format-standard","has-post-thumbnail","hentry","category-rumors","tag-apple-dienste","tag-apple-tv","tag-apple-tv-plus"],"yoast_head":"<!-- This site is optimized with the Yoast SEO Premium plugin v27.5 (Yoast SEO v27.5) - https:\/\/yoast.com\/product\/yoast-seo-premium-wordpress\/ -->\n<title>Apple TV+: Startserien erhalten zweite Staffel<\/title>\n<meta name=\"description\" content=\"Der neue Streaming-Dienst Apple TV+ wurde heute vor einer Woche offiziell gestartet und scheint schon jetzt ein Erfolg zu sein.\" \/>\n<meta name=\"robots\" content=\"index, follow, max-snippet:-1, max-image-preview:large, max-video-preview:-1\" \/>\n<link rel=\"canonical\" href=\"https:\/\/www.apfelpatient.de\/en\/rumors\/apple-tv-launch-series-get-second-season\" \/>\n<meta property=\"og:locale\" content=\"en_US\" \/>\n<meta property=\"og:type\" content=\"article\" \/>\n<meta property=\"og:title\" content=\"Apple TV+: Startserien erhalten zweite Staffel\" \/>\n<meta property=\"og:description\" content=\"Der neue Streaming-Dienst Apple TV+ wurde heute vor einer Woche offiziell gestartet und scheint schon jetzt ein Erfolg zu sein.\" \/>\n<meta property=\"og:url\" content=\"https:\/\/www.apfelpatient.de\/en\/rumors\/apple-tv-launch-series-get-second-season\" \/>\n<meta property=\"og:site_name\" content=\"Apfelpatient\" \/>\n<meta property=\"article:publisher\" content=\"https:\/\/www.facebook.com\/apfelpatientOfficial\" \/>\n<meta property=\"article:author\" content=\"https:\/\/www.facebook.com\/apfelpatientOfficial\" \/>\n<meta property=\"article:published_time\" content=\"2019-11-08T14:22:21+00:00\" \/>\n<meta property=\"article:modified_time\" content=\"2025-10-14T14:22:11+00:00\" \/>\n<meta property=\"og:image\" content=\"https:\/\/www.apfelpatient.de\/wp-content\/uploads\/2019\/11\/See_Unit_Photo_02.jpg\" \/>\n\t<meta property=\"og:image:width\" content=\"1600\" \/>\n\t<meta property=\"og:image:height\" content=\"1067\" \/>\n\t<meta property=\"og:image:type\" content=\"image\/jpeg\" \/>\n<meta name=\"author\" content=\"Milan\" \/>\n<meta name=\"twitter:card\" content=\"summary_large_image\" \/>\n<meta name=\"twitter:title\" content=\"Apple TV+: Startserien erhalten zweite Staffel\" \/>\n<meta name=\"twitter:label1\" content=\"Written by\" \/>\n\t<meta name=\"twitter:data1\" content=\"Milan\" \/>\n\t<meta name=\"twitter:label2\" content=\"Est. reading time\" \/>\n\t<meta name=\"twitter:data2\" content=\"1 minute\" \/>\n<script type=\"application\/ld+json\" class=\"yoast-schema-graph\">{\"@context\":\"https:\\\/\\\/schema.org\",\"@graph\":[{\"@type\":\"NewsArticle\",\"@id\":\"https:\\\/\\\/www.apfelpatient.de\\\/rumors\\\/apple-tv-startserien-erhalten-zweite-staffel#article\",\"isPartOf\":{\"@id\":\"https:\\\/\\\/www.apfelpatient.de\\\/rumors\\\/apple-tv-startserien-erhalten-zweite-staffel\"},\"author\":{\"@type\":\"Organization\",\"@id\":\"https:\\\/\\\/www.apfelpatient.de\\\/en\\\/#organization\",\"name\":\"Apfelpatient\",\"url\":\"https:\\\/\\\/www.apfelpatient.de\\\/en\\\/\"},\"headline\":\"Apple TV+: Startserien erhalten zweite Staffel\",\"datePublished\":\"2019-11-08T14:22:21+00:00\",\"dateModified\":\"2025-10-14T14:22:11+00:00\",\"mainEntityOfPage\":{\"@id\":\"https:\\\/\\\/www.apfelpatient.de\\\/rumors\\\/apple-tv-startserien-erhalten-zweite-staffel\"},\"wordCount\":232,\"publisher\":{\"@type\":\"Organization\",\"@id\":\"https:\\\/\\\/www.apfelpatient.de\\\/en\\\/#organization\",\"name\":\"Apfelpatient\",\"url\":\"https:\\\/\\\/www.apfelpatient.de\\\/en\\\/\"},\"image\":{\"@id\":\"https:\\\/\\\/www.apfelpatient.de\\\/rumors\\\/apple-tv-startserien-erhalten-zweite-staffel#primaryimage\"},\"thumbnailUrl\":\"https:\\\/\\\/www.apfelpatient.de\\\/wp-content\\\/uploads\\\/2019\\\/11\\\/See_Unit_Photo_02.jpg\",\"keywords\":[\"Apple Dienste\",\"Apple TV\",\"Apple TV Plus\"],\"articleSection\":\"Rumors\",\"inLanguage\":\"en-US\",\"copyrightYear\":\"2019\",\"copyrightHolder\":{\"@id\":\"https:\\\/\\\/www.apfelpatient.de\\\/en\\\/#organization\"}},{\"@type\":\"WebPage\",\"@id\":\"https:\\\/\\\/www.apfelpatient.de\\\/rumors\\\/apple-tv-startserien-erhalten-zweite-staffel\",\"url\":\"https:\\\/\\\/www.apfelpatient.de\\\/rumors\\\/apple-tv-startserien-erhalten-zweite-staffel\",\"name\":\"Apple TV+: Startserien erhalten zweite Staffel\",\"isPartOf\":{\"@id\":\"https:\\\/\\\/www.apfelpatient.de\\\/#website\"},\"primaryImageOfPage\":{\"@id\":\"https:\\\/\\\/www.apfelpatient.de\\\/rumors\\\/apple-tv-startserien-erhalten-zweite-staffel#primaryimage\"},\"image\":{\"@id\":\"https:\\\/\\\/www.apfelpatient.de\\\/rumors\\\/apple-tv-startserien-erhalten-zweite-staffel#primaryimage\"},\"thumbnailUrl\":\"https:\\\/\\\/www.apfelpatient.de\\\/wp-content\\\/uploads\\\/2019\\\/11\\\/See_Unit_Photo_02.jpg\",\"datePublished\":\"2019-11-08T14:22:21+00:00\",\"dateModified\":\"2025-10-14T14:22:11+00:00\",\"description\":\"Der neue Streaming-Dienst Apple TV+ wurde heute vor einer Woche offiziell gestartet und scheint schon jetzt ein Erfolg zu sein.\",\"breadcrumb\":{\"@id\":\"https:\\\/\\\/www.apfelpatient.de\\\/rumors\\\/apple-tv-startserien-erhalten-zweite-staffel#breadcrumb\"},\"inLanguage\":\"en-US\",\"potentialAction\":[{\"@type\":\"ReadAction\",\"target\":[\"https:\\\/\\\/www.apfelpatient.de\\\/rumors\\\/apple-tv-startserien-erhalten-zweite-staffel\"]}]},{\"@type\":\"ImageObject\",\"inLanguage\":\"en-US\",\"@id\":\"https:\\\/\\\/www.apfelpatient.de\\\/rumors\\\/apple-tv-startserien-erhalten-zweite-staffel#primaryimage\",\"url\":\"https:\\\/\\\/www.apfelpatient.de\\\/wp-content\\\/uploads\\\/2019\\\/11\\\/See_Unit_Photo_02.jpg\",\"contentUrl\":\"https:\\\/\\\/www.apfelpatient.de\\\/wp-content\\\/uploads\\\/2019\\\/11\\\/See_Unit_Photo_02.jpg\",\"width\":1600,\"height\":1067,\"caption\":\"Bild: Apple TV+\"},{\"@type\":\"BreadcrumbList\",\"@id\":\"https:\\\/\\\/www.apfelpatient.de\\\/rumors\\\/apple-tv-startserien-erhalten-zweite-staffel#breadcrumb\",\"itemListElement\":[{\"@type\":\"ListItem\",\"position\":1,\"name\":\"Startseite\",\"item\":\"https:\\\/\\\/www.apfelpatient.de\\\/\"},{\"@type\":\"ListItem\",\"position\":2,\"name\":\"Apple TV+: Startserien erhalten zweite Staffel\"}]},{\"@type\":\"WebSite\",\"@id\":\"https:\\\/\\\/www.apfelpatient.de\\\/#website\",\"url\":\"https:\\\/\\\/www.apfelpatient.de\\\/\",\"name\":\"Apfelpatient\",\"description\":\"Alles rund um Apple!\",\"publisher\":{\"@type\":\"Organization\",\"@id\":\"https:\\\/\\\/www.apfelpatient.de\\\/en\\\/#organization\",\"name\":\"Apfelpatient\",\"url\":\"https:\\\/\\\/www.apfelpatient.de\\\/en\\\/\"},\"alternateName\":\"Apfelpatient\",\"potentialAction\":[{\"@type\":\"SearchAction\",\"target\":{\"@type\":\"EntryPoint\",\"urlTemplate\":\"https:\\\/\\\/www.apfelpatient.de\\\/?s={search_term_string}\"},\"query-input\":{\"@type\":\"PropertyValueSpecification\",\"valueRequired\":true,\"valueName\":\"search_term_string\"}}],\"inLanguage\":\"en-US\"},{\"@type\":[\"Person\",\"Organization\"],\"@id\":\"https:\\\/\\\/www.apfelpatient.de\\\/#\\\/schema\\\/person\\\/35b3ddba5832f2bfc7fff5206d4f6b7b\",\"name\":\"Milan\",\"logo\":{\"@id\":\"https:\\\/\\\/www.apfelpatient.de\\\/#\\\/schema\\\/person\\\/image\\\/\"},\"description\":\"Hallo und herzlich willkommen auf meinem Technik-Blog! Als gro\u00dfer Apple-Fan berichte ich hier \u00fcber alles, was mit Apple zu tun hat: von den neuesten News und spannenden Ger\u00fcchten \u00fcber hilfreiche Tipps und Tricks bis hin zu ausf\u00fchrlichen Produkttests. Wenn du genauso technikbegeistert bist wie ich, bist du hier genau richtig!\",\"sameAs\":[\"https:\\\/\\\/www.facebook.com\\\/apfelpatientOfficial\",\"https:\\\/\\\/www.linkedin.com\\\/in\\\/milan-jovicic-42aa0231b\"],\"url\":\"https:\\\/\\\/www.apfelpatient.de\\\/en\\\/author\\\/apfeladmin\"}]}<\/script>\n<!-- \/ Yoast SEO Premium plugin. -->","yoast_head_json":{"title":"Apple TV+: Launch series get second season","description":"The new streaming service Apple TV+ was officially launched a week ago today and already seems to be a success.","robots":{"index":"index","follow":"follow","max-snippet":"max-snippet:-1","max-image-preview":"max-image-preview:large","max-video-preview":"max-video-preview:-1"},"canonical":"https:\/\/www.apfelpatient.de\/en\/rumors\/apple-tv-launch-series-get-second-season","og_locale":"en_US","og_type":"article","og_title":"Apple TV+: Startserien erhalten zweite Staffel","og_description":"Der neue Streaming-Dienst Apple TV+ wurde heute vor einer Woche offiziell gestartet und scheint schon jetzt ein Erfolg zu sein.","og_url":"https:\/\/www.apfelpatient.de\/en\/rumors\/apple-tv-launch-series-get-second-season","og_site_name":"Apfelpatient","article_publisher":"https:\/\/www.facebook.com\/apfelpatientOfficial","article_author":"https:\/\/www.facebook.com\/apfelpatientOfficial","article_published_time":"2019-11-08T14:22:21+00:00","article_modified_time":"2025-10-14T14:22:11+00:00","og_image":[{"width":1600,"height":1067,"url":"https:\/\/www.apfelpatient.de\/wp-content\/uploads\/2019\/11\/See_Unit_Photo_02.jpg","type":"image\/jpeg"}],"author":"Milan","twitter_card":"summary_large_image","twitter_title":"Apple TV+: Startserien erhalten zweite Staffel","twitter_misc":{"Written by":"Milan","Est. reading time":"1 minute"},"schema":{"@context":"https:\/\/schema.org","@graph":[{"@type":"NewsArticle","@id":"https:\/\/www.apfelpatient.de\/rumors\/apple-tv-startserien-erhalten-zweite-staffel#article","isPartOf":{"@id":"https:\/\/www.apfelpatient.de\/rumors\/apple-tv-startserien-erhalten-zweite-staffel"},"author":{"@type":"Organization","@id":"https:\/\/www.apfelpatient.de\/en\/#organization","name":"Apfelpatient","url":"https:\/\/www.apfelpatient.de\/en\/"},"headline":"Apple TV+: Startserien erhalten zweite Staffel","datePublished":"2019-11-08T14:22:21+00:00","dateModified":"2025-10-14T14:22:11+00:00","mainEntityOfPage":{"@id":"https:\/\/www.apfelpatient.de\/rumors\/apple-tv-startserien-erhalten-zweite-staffel"},"wordCount":232,"publisher":{"@type":"Organization","@id":"https:\/\/www.apfelpatient.de\/en\/#organization","name":"Apfelpatient","url":"https:\/\/www.apfelpatient.de\/en\/"},"image":{"@id":"https:\/\/www.apfelpatient.de\/rumors\/apple-tv-startserien-erhalten-zweite-staffel#primaryimage"},"thumbnailUrl":"https:\/\/www.apfelpatient.de\/wp-content\/uploads\/2019\/11\/See_Unit_Photo_02.jpg","keywords":["Apple Dienste","Apple TV","Apple TV Plus"],"articleSection":"Rumors","inLanguage":"en-US","copyrightYear":"2019","copyrightHolder":{"@id":"https:\/\/www.apfelpatient.de\/en\/#organization"}},{"@type":"WebPage","@id":"https:\/\/www.apfelpatient.de\/rumors\/apple-tv-startserien-erhalten-zweite-staffel","url":"https:\/\/www.apfelpatient.de\/rumors\/apple-tv-startserien-erhalten-zweite-staffel","name":"Apple TV+: Launch series get second season","isPartOf":{"@id":"https:\/\/www.apfelpatient.de\/#website"},"primaryImageOfPage":{"@id":"https:\/\/www.apfelpatient.de\/rumors\/apple-tv-startserien-erhalten-zweite-staffel#primaryimage"},"image":{"@id":"https:\/\/www.apfelpatient.de\/rumors\/apple-tv-startserien-erhalten-zweite-staffel#primaryimage"},"thumbnailUrl":"https:\/\/www.apfelpatient.de\/wp-content\/uploads\/2019\/11\/See_Unit_Photo_02.jpg","datePublished":"2019-11-08T14:22:21+00:00","dateModified":"2025-10-14T14:22:11+00:00","description":"The new streaming service Apple TV+ was officially launched a week ago today and already seems to be a success.","breadcrumb":{"@id":"https:\/\/www.apfelpatient.de\/rumors\/apple-tv-startserien-erhalten-zweite-staffel#breadcrumb"},"inLanguage":"en-US","potentialAction":[{"@type":"ReadAction","target":["https:\/\/www.apfelpatient.de\/rumors\/apple-tv-startserien-erhalten-zweite-staffel"]}]},{"@type":"ImageObject","inLanguage":"en-US","@id":"https:\/\/www.apfelpatient.de\/rumors\/apple-tv-startserien-erhalten-zweite-staffel#primaryimage","url":"https:\/\/www.apfelpatient.de\/wp-content\/uploads\/2019\/11\/See_Unit_Photo_02.jpg","contentUrl":"https:\/\/www.apfelpatient.de\/wp-content\/uploads\/2019\/11\/See_Unit_Photo_02.jpg","width":1600,"height":1067,"caption":"Bild: Apple TV+"},{"@type":"BreadcrumbList","@id":"https:\/\/www.apfelpatient.de\/rumors\/apple-tv-startserien-erhalten-zweite-staffel#breadcrumb","itemListElement":[{"@type":"ListItem","position":1,"name":"Startseite","item":"https:\/\/www.apfelpatient.de\/"},{"@type":"ListItem","position":2,"name":"Apple TV+: Startserien erhalten zweite Staffel"}]},{"@type":"WebSite","@id":"https:\/\/www.apfelpatient.de\/#website","url":"https:\/\/www.apfelpatient.de\/","name":"apple patient","description":"Everything about Apple!","publisher":{"@type":"Organization","@id":"https:\/\/www.apfelpatient.de\/en\/#organization","name":"Apfelpatient","url":"https:\/\/www.apfelpatient.de\/en\/"},"alternateName":"Apfelpatient","potentialAction":[{"@type":"SearchAction","target":{"@type":"EntryPoint","urlTemplate":"https:\/\/www.apfelpatient.de\/?s={search_term_string}"},"query-input":{"@type":"PropertyValueSpecification","valueRequired":true,"valueName":"search_term_string"}}],"inLanguage":"en-US"},{"@type":["Person","Organization"],"@id":"https:\/\/www.apfelpatient.de\/#\/schema\/person\/35b3ddba5832f2bfc7fff5206d4f6b7b","name":"Milan","logo":{"@id":"https:\/\/www.apfelpatient.de\/#\/schema\/person\/image\/"},"description":"Hello and welcome to my technology blog! As a big Apple fan, I report on everything to do with Apple: from the latest news and exciting rumors to helpful tips and tricks and detailed product tests. If you are as enthusiastic about technology as I am, you have come to the right place!","sameAs":["https:\/\/www.facebook.com\/apfelpatientOfficial","https:\/\/www.linkedin.com\/in\/milan-jovicic-42aa0231b"],"url":"https:\/\/www.apfelpatient.de\/en\/author\/apfeladmin"}]}},"_links":{"self":[{"href":"https:\/\/www.apfelpatient.de\/en\/wp-json\/wp\/v2\/posts\/7305","targetHints":{"allow":["GET"]}}],"collection":[{"href":"https:\/\/www.apfelpatient.de\/en\/wp-json\/wp\/v2\/posts"}],"about":[{"href":"https:\/\/www.apfelpatient.de\/en\/wp-json\/wp\/v2\/types\/post"}],"author":[{"embeddable":true,"href":"https:\/\/www.apfelpatient.de\/en\/wp-json\/wp\/v2\/users\/2"}],"replies":[{"embeddable":true,"href":"https:\/\/www.apfelpatient.de\/en\/wp-json\/wp\/v2\/comments?post=7305"}],"version-history":[{"count":0,"href":"https:\/\/www.apfelpatient.de\/en\/wp-json\/wp\/v2\/posts\/7305\/revisions"}],"wp:featuredmedia":[{"embeddable":true,"href":"https:\/\/www.apfelpatient.de\/en\/wp-json\/wp\/v2\/media\/7306"}],"wp:attachment":[{"href":"https:\/\/www.apfelpatient.de\/en\/wp-json\/wp\/v2\/media?parent=7305"}],"wp:term":[{"taxonomy":"category","embeddable":true,"href":"https:\/\/www.apfelpatient.de\/en\/wp-json\/wp\/v2\/categories?post=7305"},{"taxonomy":"post_tag","embeddable":true,"href":"https:\/\/www.apfelpatient.de\/en\/wp-json\/wp\/v2\/tags?post=7305"}],"curies":[{"name":"wp","href":"https:\/\/api.w.org\/{rel}","templated":true}]}}