{"id":7133,"date":"2019-11-01T16:04:30","date_gmt":"2019-11-01T15:04:30","guid":{"rendered":"https:\/\/www.apfelpatient.de\/?p=7133"},"modified":"2025-02-06T07:51:25","modified_gmt":"2025-02-06T06:51:25","slug":"ios-13-2-massive-complaints-about-ram-problems-are-increasing","status":"publish","type":"post","link":"https:\/\/www.apfelpatient.de\/en\/news\/ios-13-2-massive-beschwerden-ueber-ram-probleme-mehren-sich","title":{"rendered":"iOS 13.2 \u2013 Massive complaints about RAM problems are increasing"},"content":{"rendered":"<p class=\"p1\"><strong><span class=\"s1\">Apple hat iOS 13.2 Anfang dieser Woche f\u00fcr alle Nutzer <a href=\"https:\/\/www.apfelpatient.de\/\">freigegeben<\/a>. W\u00e4hrend viele der fr\u00fcheren Bugs entfernt wurden, scheint sich nun ein neuer Fehler eingeschlichen zu haben &#8211; hierbei geht es um das RAM-Management von iOS.<\/span><\/strong><\/p>\n<p class=\"p1\"><span class=\"s1\">Jeder kennt das &#8211; es wird eine Webseite in Safari ge\u00f6ffnet, ein kurzer Wechsel zu Apple Music gemacht, um vorzugsweise ein gew\u00fcnschtes Album zu starten &#8211; anschlie\u00dfend m\u00f6chte man die besuchte Webseite weiter erkunden. Doch hey, unter iOS 13.2 scheint sich das ge\u00e4ndert zu haben. Anstatt dort weiterzumachen wo man stehengeblieben ist, wird die Webseite komplett neu geladen. Doch warum ist das so? Offensichtlich hat sich in iOS 13.2 ein Fehler eingeschlichen, der f\u00fcr ein etwas aggressives RAM-Management sorgt &#8211; zum \u00c4rger vieler iPhone- bzw. iPad-Nutzer. Hinweis: Das oben beschriebene Szenario kann derzeit mit jeder App eintreten. Konkret geht es darum, dass iOS offensichtlich viel zu schnell aktive Anwendungen im Hintergrund schlie\u00dft. Eine Fortsetzung der Arbeit oder \u00e4hnlichem in der jeweiligen App ist somit nicht m\u00f6glich &#8211; schlie\u00dflich muss sie neu laden. Wer nun denkt, dass nur \u00e4ltere Ger\u00e4te mit wenig Arbeitsspeicher von diesem Fehler betroffen sind, der irrt. Auch neuere iPhones sowie iPads bleiben von dem Bug nicht verschont. <\/span><\/p>\n<p class=\"p1\"><strong><span class=\"s1\">&#8222;Weniger ist mehr&#8220;<\/span><\/strong><\/p>\n<p class=\"p1\"><\/p>\n<p class=\"p1\"><span class=\"s1\">Neben den Beschwerden unz\u00e4hliger Nutzer finden sich auf diversen Foren mittlerweile kritische Beitr\u00e4ge \u00fcber Apples Vorgehen bei Updates. So wirft beispielsweise der Entwickler Marco Arment Cupertino vor, dass der Konzern den eigenen Entwicklern nicht gen\u00fcgend Zeit lassen w\u00fcrde um Fehler zu identifizieren. Demnach w\u00fcrde Apple derzeit unfertige Updates ver\u00f6ffentlichen &#8211; so ganz unrecht hat er nun mal nicht. Mit jedem Update werden einige Bugs entfernt, allerdings treten dabei neue Fehler auf &#8211; diese sind zumeist nicht ganz harmlos, da sie oft zu massiven Einschr\u00e4nkungen bei der Nutzung von iPhone und iPad f\u00fchren k\u00f6nnen. Hier w\u00fcrde das Sprichwort &#8222;Weniger ist mehr&#8220; ganz gut ins Bild passen. Eine tempor\u00e4re L\u00f6sung f\u00fcr dieses Problem gibt es nicht &#8211; demnach werden sich betroffene Nutzer gedulden m\u00fcssen, bis ein weiteres Update &#8211; iOS 13.2.1 &#8211; erscheint. Bist du auch von diesem Fehler betroffen? Siehe unsere Umfrage &#8211; vielen Dank f\u00fcr deine Teilnahme. <\/span><em>(Photo by MoiraM \/ Bigstockphot)<\/em><\/p>\n<p>[poll id=&#8220;20&#8243;]<\/p>\n<p>&nbsp;<\/p>\n<h5 data-reader-unique-id=\"30\"><em data-reader-unique-id=\"31\"><strong data-reader-unique-id=\"32\">Du willst keine News mehr verpassen? Dann abonniere hier unseren <a href=\"https:\/\/t.me\/apfelpatient_official\" data-reader-unique-id=\"33\">Telegram-Kanal<\/a><\/strong><\/em><\/h5>\n","protected":false},"excerpt":{"rendered":"<p>Apple hat iOS 13.2 Anfang dieser Woche f\u00fcr alle Nutzer freigegeben. W\u00e4hrend viele der fr\u00fcheren Bugs entfernt wurden, scheint sich nun ein neuer Fehler eingeschlichen zu haben &#8211; hierbei geht es um das RAM-Management von iOS. Jeder kennt das &#8211; es wird eine Webseite in Safari ge\u00f6ffnet, ein kurzer Wechsel zu Apple Music gemacht, um [&hellip;]<\/p>\n","protected":false},"author":2,"featured_media":7134,"comment_status":"closed","ping_status":"open","sticky":false,"template":"","format":"standard","meta":{"jnews-multi-image_gallery":[],"jnews_single_post":[],"jnews_primary_category":[],"footnotes":""},"categories":[9],"tags":[341,33,8],"class_list":["post-7133","post","type-post","status-publish","format-standard","has-post-thumbnail","hentry","category-news","tag-ios-13-2","tag-ipados","tag-iphone"],"yoast_head":"<!-- This site is optimized with the Yoast SEO Premium plugin v27.5 (Yoast SEO v27.5) - https:\/\/yoast.com\/product\/yoast-seo-premium-wordpress\/ -->\n<title>iOS 13.2 - Massive Beschwerden \u00fcber RAM-Probleme mehren sich<\/title>\n<meta name=\"description\" content=\"Apple hat iOS 13.2 Anfang dieser Woche f\u00fcr alle Nutzer freigegeben. Nun scheint sich ein neuer Fehler eingeschlichen zu haben.\" \/>\n<meta name=\"robots\" content=\"index, follow, max-snippet:-1, max-image-preview:large, max-video-preview:-1\" \/>\n<link rel=\"canonical\" href=\"https:\/\/www.apfelpatient.de\/en\/news\/ios-13-2-massive-complaints-about-ram-problems-are-increasing\" \/>\n<meta property=\"og:locale\" content=\"en_US\" \/>\n<meta property=\"og:type\" content=\"article\" \/>\n<meta property=\"og:title\" content=\"iOS 13.2 - Massive Beschwerden \u00fcber RAM-Probleme mehren sich\" \/>\n<meta property=\"og:description\" content=\"Apple hat iOS 13.2 Anfang dieser Woche f\u00fcr alle Nutzer freigegeben. W\u00e4hrend viele der fr\u00fcheren Bugs entfernt wurden, scheint sich nun ein neuer Fehler eingeschlichen zu haben.\" \/>\n<meta property=\"og:url\" content=\"https:\/\/www.apfelpatient.de\/en\/news\/ios-13-2-massive-complaints-about-ram-problems-are-increasing\" \/>\n<meta property=\"og:site_name\" content=\"Apfelpatient\" \/>\n<meta property=\"article:publisher\" content=\"https:\/\/www.facebook.com\/apfelpatientOfficial\" \/>\n<meta property=\"article:author\" content=\"https:\/\/www.facebook.com\/apfelpatientOfficial\" \/>\n<meta property=\"article:published_time\" content=\"2019-11-01T15:04:30+00:00\" \/>\n<meta property=\"article:modified_time\" content=\"2025-02-06T06:51:25+00:00\" \/>\n<meta property=\"og:image\" content=\"https:\/\/www.apfelpatient.de\/wp-content\/uploads\/2019\/11\/bigstock-Bucharest-Romania-May-305328004.jpg\" \/>\n\t<meta property=\"og:image:width\" content=\"1600\" \/>\n\t<meta property=\"og:image:height\" content=\"1067\" \/>\n\t<meta property=\"og:image:type\" content=\"image\/jpeg\" \/>\n<meta name=\"author\" content=\"Milan\" \/>\n<meta name=\"twitter:card\" content=\"summary_large_image\" \/>\n<meta name=\"twitter:title\" content=\"iOS 13.2 - Massive Beschwerden \u00fcber RAM-Probleme mehren sich\" \/>\n<meta name=\"twitter:label1\" content=\"Written by\" \/>\n\t<meta name=\"twitter:data1\" content=\"Milan\" \/>\n\t<meta name=\"twitter:label2\" content=\"Est. reading time\" \/>\n\t<meta name=\"twitter:data2\" content=\"2 minutes\" \/>\n<script type=\"application\/ld+json\" class=\"yoast-schema-graph\">{\"@context\":\"https:\\\/\\\/schema.org\",\"@graph\":[{\"@type\":\"NewsArticle\",\"@id\":\"https:\\\/\\\/www.apfelpatient.de\\\/news\\\/ios-13-2-massive-beschwerden-ueber-ram-probleme-mehren-sich#article\",\"isPartOf\":{\"@id\":\"https:\\\/\\\/www.apfelpatient.de\\\/news\\\/ios-13-2-massive-beschwerden-ueber-ram-probleme-mehren-sich\"},\"author\":{\"@type\":\"Organization\",\"@id\":\"https:\\\/\\\/www.apfelpatient.de\\\/en\\\/#organization\",\"name\":\"Apfelpatient\",\"url\":\"https:\\\/\\\/www.apfelpatient.de\\\/en\\\/\"},\"headline\":\"iOS 13.2 &#8211; Massive Beschwerden \u00fcber RAM-Probleme mehren sich\",\"datePublished\":\"2019-11-01T15:04:30+00:00\",\"dateModified\":\"2025-02-06T06:51:25+00:00\",\"mainEntityOfPage\":{\"@id\":\"https:\\\/\\\/www.apfelpatient.de\\\/news\\\/ios-13-2-massive-beschwerden-ueber-ram-probleme-mehren-sich\"},\"wordCount\":398,\"publisher\":{\"@type\":\"Organization\",\"@id\":\"https:\\\/\\\/www.apfelpatient.de\\\/en\\\/#organization\",\"name\":\"Apfelpatient\",\"url\":\"https:\\\/\\\/www.apfelpatient.de\\\/en\\\/\"},\"image\":{\"@id\":\"https:\\\/\\\/www.apfelpatient.de\\\/news\\\/ios-13-2-massive-beschwerden-ueber-ram-probleme-mehren-sich#primaryimage\"},\"thumbnailUrl\":\"https:\\\/\\\/www.apfelpatient.de\\\/wp-content\\\/uploads\\\/2019\\\/11\\\/bigstock-Bucharest-Romania-May-305328004.jpg\",\"keywords\":[\"iOS 13.2\",\"iPadOS\",\"iPhone\"],\"articleSection\":\"News\",\"inLanguage\":\"en-US\",\"copyrightYear\":\"2019\",\"copyrightHolder\":{\"@id\":\"https:\\\/\\\/www.apfelpatient.de\\\/en\\\/#organization\"}},{\"@type\":\"WebPage\",\"@id\":\"https:\\\/\\\/www.apfelpatient.de\\\/news\\\/ios-13-2-massive-beschwerden-ueber-ram-probleme-mehren-sich\",\"url\":\"https:\\\/\\\/www.apfelpatient.de\\\/news\\\/ios-13-2-massive-beschwerden-ueber-ram-probleme-mehren-sich\",\"name\":\"iOS 13.2 - Massive Beschwerden \u00fcber RAM-Probleme mehren sich\",\"isPartOf\":{\"@id\":\"https:\\\/\\\/www.apfelpatient.de\\\/#website\"},\"primaryImageOfPage\":{\"@id\":\"https:\\\/\\\/www.apfelpatient.de\\\/news\\\/ios-13-2-massive-beschwerden-ueber-ram-probleme-mehren-sich#primaryimage\"},\"image\":{\"@id\":\"https:\\\/\\\/www.apfelpatient.de\\\/news\\\/ios-13-2-massive-beschwerden-ueber-ram-probleme-mehren-sich#primaryimage\"},\"thumbnailUrl\":\"https:\\\/\\\/www.apfelpatient.de\\\/wp-content\\\/uploads\\\/2019\\\/11\\\/bigstock-Bucharest-Romania-May-305328004.jpg\",\"datePublished\":\"2019-11-01T15:04:30+00:00\",\"dateModified\":\"2025-02-06T06:51:25+00:00\",\"description\":\"Apple hat iOS 13.2 Anfang dieser Woche f\u00fcr alle Nutzer freigegeben. Nun scheint sich ein neuer Fehler eingeschlichen zu haben.\",\"breadcrumb\":{\"@id\":\"https:\\\/\\\/www.apfelpatient.de\\\/news\\\/ios-13-2-massive-beschwerden-ueber-ram-probleme-mehren-sich#breadcrumb\"},\"inLanguage\":\"en-US\",\"potentialAction\":[{\"@type\":\"ReadAction\",\"target\":[\"https:\\\/\\\/www.apfelpatient.de\\\/news\\\/ios-13-2-massive-beschwerden-ueber-ram-probleme-mehren-sich\"]}]},{\"@type\":\"ImageObject\",\"inLanguage\":\"en-US\",\"@id\":\"https:\\\/\\\/www.apfelpatient.de\\\/news\\\/ios-13-2-massive-beschwerden-ueber-ram-probleme-mehren-sich#primaryimage\",\"url\":\"https:\\\/\\\/www.apfelpatient.de\\\/wp-content\\\/uploads\\\/2019\\\/11\\\/bigstock-Bucharest-Romania-May-305328004.jpg\",\"contentUrl\":\"https:\\\/\\\/www.apfelpatient.de\\\/wp-content\\\/uploads\\\/2019\\\/11\\\/bigstock-Bucharest-Romania-May-305328004.jpg\",\"width\":1600,\"height\":1067,\"caption\":\"Bucharest, Romania - May 14, 2019: Macro image with various apps (Instagram, Skype, FaceTime, LinkedIn) on a mobile device.\"},{\"@type\":\"BreadcrumbList\",\"@id\":\"https:\\\/\\\/www.apfelpatient.de\\\/news\\\/ios-13-2-massive-beschwerden-ueber-ram-probleme-mehren-sich#breadcrumb\",\"itemListElement\":[{\"@type\":\"ListItem\",\"position\":1,\"name\":\"Startseite\",\"item\":\"https:\\\/\\\/www.apfelpatient.de\\\/\"},{\"@type\":\"ListItem\",\"position\":2,\"name\":\"iOS 13.2 &#8211; Massive Beschwerden \u00fcber RAM-Probleme mehren sich\"}]},{\"@type\":\"WebSite\",\"@id\":\"https:\\\/\\\/www.apfelpatient.de\\\/#website\",\"url\":\"https:\\\/\\\/www.apfelpatient.de\\\/\",\"name\":\"Apfelpatient\",\"description\":\"Alles rund um Apple!\",\"publisher\":{\"@type\":\"Organization\",\"@id\":\"https:\\\/\\\/www.apfelpatient.de\\\/en\\\/#organization\",\"name\":\"Apfelpatient\",\"url\":\"https:\\\/\\\/www.apfelpatient.de\\\/en\\\/\"},\"alternateName\":\"Apfelpatient\",\"potentialAction\":[{\"@type\":\"SearchAction\",\"target\":{\"@type\":\"EntryPoint\",\"urlTemplate\":\"https:\\\/\\\/www.apfelpatient.de\\\/?s={search_term_string}\"},\"query-input\":{\"@type\":\"PropertyValueSpecification\",\"valueRequired\":true,\"valueName\":\"search_term_string\"}}],\"inLanguage\":\"en-US\"},{\"@type\":[\"Person\",\"Organization\"],\"@id\":\"https:\\\/\\\/www.apfelpatient.de\\\/#\\\/schema\\\/person\\\/7dc56ad6c8e9824b76d2c08d4c140e13\",\"name\":\"Milan\",\"logo\":{\"@id\":\"https:\\\/\\\/www.apfelpatient.de\\\/#\\\/schema\\\/person\\\/image\\\/\"},\"description\":\"Hallo und herzlich willkommen auf meinem Technik-Blog! Als gro\u00dfer Apple-Fan berichte ich hier \u00fcber alles, was mit Apple zu tun hat: von den neuesten News und spannenden Ger\u00fcchten \u00fcber hilfreiche Tipps und Tricks bis hin zu ausf\u00fchrlichen Produkttests. Wenn du genauso technikbegeistert bist wie ich, bist du hier genau richtig!\",\"sameAs\":[\"https:\\\/\\\/www.facebook.com\\\/apfelpatientOfficial\",\"https:\\\/\\\/www.linkedin.com\\\/in\\\/milan-jovicic-42aa0231b\"],\"url\":\"https:\\\/\\\/www.apfelpatient.de\\\/en\\\/author\\\/apfeladmin\"}]}<\/script>\n<!-- \/ Yoast SEO Premium plugin. -->","yoast_head_json":{"title":"iOS 13.2 - Massive complaints about RAM problems are increasing","description":"Apple released iOS 13.2 to all users earlier this week. Now a new bug seems to have crept in.","robots":{"index":"index","follow":"follow","max-snippet":"max-snippet:-1","max-image-preview":"max-image-preview:large","max-video-preview":"max-video-preview:-1"},"canonical":"https:\/\/www.apfelpatient.de\/en\/news\/ios-13-2-massive-complaints-about-ram-problems-are-increasing","og_locale":"en_US","og_type":"article","og_title":"iOS 13.2 - Massive Beschwerden \u00fcber RAM-Probleme mehren sich","og_description":"Apple hat iOS 13.2 Anfang dieser Woche f\u00fcr alle Nutzer freigegeben. W\u00e4hrend viele der fr\u00fcheren Bugs entfernt wurden, scheint sich nun ein neuer Fehler eingeschlichen zu haben.","og_url":"https:\/\/www.apfelpatient.de\/en\/news\/ios-13-2-massive-complaints-about-ram-problems-are-increasing","og_site_name":"Apfelpatient","article_publisher":"https:\/\/www.facebook.com\/apfelpatientOfficial","article_author":"https:\/\/www.facebook.com\/apfelpatientOfficial","article_published_time":"2019-11-01T15:04:30+00:00","article_modified_time":"2025-02-06T06:51:25+00:00","og_image":[{"width":1600,"height":1067,"url":"https:\/\/www.apfelpatient.de\/wp-content\/uploads\/2019\/11\/bigstock-Bucharest-Romania-May-305328004.jpg","type":"image\/jpeg"}],"author":"Milan","twitter_card":"summary_large_image","twitter_title":"iOS 13.2 - Massive Beschwerden \u00fcber RAM-Probleme mehren sich","twitter_misc":{"Written by":"Milan","Est. reading time":"2 minutes"},"schema":{"@context":"https:\/\/schema.org","@graph":[{"@type":"NewsArticle","@id":"https:\/\/www.apfelpatient.de\/news\/ios-13-2-massive-beschwerden-ueber-ram-probleme-mehren-sich#article","isPartOf":{"@id":"https:\/\/www.apfelpatient.de\/news\/ios-13-2-massive-beschwerden-ueber-ram-probleme-mehren-sich"},"author":{"@type":"Organization","@id":"https:\/\/www.apfelpatient.de\/en\/#organization","name":"Apfelpatient","url":"https:\/\/www.apfelpatient.de\/en\/"},"headline":"iOS 13.2 &#8211; Massive Beschwerden \u00fcber RAM-Probleme mehren sich","datePublished":"2019-11-01T15:04:30+00:00","dateModified":"2025-02-06T06:51:25+00:00","mainEntityOfPage":{"@id":"https:\/\/www.apfelpatient.de\/news\/ios-13-2-massive-beschwerden-ueber-ram-probleme-mehren-sich"},"wordCount":398,"publisher":{"@type":"Organization","@id":"https:\/\/www.apfelpatient.de\/en\/#organization","name":"Apfelpatient","url":"https:\/\/www.apfelpatient.de\/en\/"},"image":{"@id":"https:\/\/www.apfelpatient.de\/news\/ios-13-2-massive-beschwerden-ueber-ram-probleme-mehren-sich#primaryimage"},"thumbnailUrl":"https:\/\/www.apfelpatient.de\/wp-content\/uploads\/2019\/11\/bigstock-Bucharest-Romania-May-305328004.jpg","keywords":["iOS 13.2","iPadOS","iPhone"],"articleSection":"News","inLanguage":"en-US","copyrightYear":"2019","copyrightHolder":{"@id":"https:\/\/www.apfelpatient.de\/en\/#organization"}},{"@type":"WebPage","@id":"https:\/\/www.apfelpatient.de\/news\/ios-13-2-massive-beschwerden-ueber-ram-probleme-mehren-sich","url":"https:\/\/www.apfelpatient.de\/news\/ios-13-2-massive-beschwerden-ueber-ram-probleme-mehren-sich","name":"iOS 13.2 - Massive complaints about RAM problems are increasing","isPartOf":{"@id":"https:\/\/www.apfelpatient.de\/#website"},"primaryImageOfPage":{"@id":"https:\/\/www.apfelpatient.de\/news\/ios-13-2-massive-beschwerden-ueber-ram-probleme-mehren-sich#primaryimage"},"image":{"@id":"https:\/\/www.apfelpatient.de\/news\/ios-13-2-massive-beschwerden-ueber-ram-probleme-mehren-sich#primaryimage"},"thumbnailUrl":"https:\/\/www.apfelpatient.de\/wp-content\/uploads\/2019\/11\/bigstock-Bucharest-Romania-May-305328004.jpg","datePublished":"2019-11-01T15:04:30+00:00","dateModified":"2025-02-06T06:51:25+00:00","description":"Apple released iOS 13.2 to all users earlier this week. Now a new bug seems to have crept in.","breadcrumb":{"@id":"https:\/\/www.apfelpatient.de\/news\/ios-13-2-massive-beschwerden-ueber-ram-probleme-mehren-sich#breadcrumb"},"inLanguage":"en-US","potentialAction":[{"@type":"ReadAction","target":["https:\/\/www.apfelpatient.de\/news\/ios-13-2-massive-beschwerden-ueber-ram-probleme-mehren-sich"]}]},{"@type":"ImageObject","inLanguage":"en-US","@id":"https:\/\/www.apfelpatient.de\/news\/ios-13-2-massive-beschwerden-ueber-ram-probleme-mehren-sich#primaryimage","url":"https:\/\/www.apfelpatient.de\/wp-content\/uploads\/2019\/11\/bigstock-Bucharest-Romania-May-305328004.jpg","contentUrl":"https:\/\/www.apfelpatient.de\/wp-content\/uploads\/2019\/11\/bigstock-Bucharest-Romania-May-305328004.jpg","width":1600,"height":1067,"caption":"Bucharest, Romania - May 14, 2019: Macro image with various apps (Instagram, Skype, FaceTime, LinkedIn) on a mobile device."},{"@type":"BreadcrumbList","@id":"https:\/\/www.apfelpatient.de\/news\/ios-13-2-massive-beschwerden-ueber-ram-probleme-mehren-sich#breadcrumb","itemListElement":[{"@type":"ListItem","position":1,"name":"Startseite","item":"https:\/\/www.apfelpatient.de\/"},{"@type":"ListItem","position":2,"name":"iOS 13.2 &#8211; Massive Beschwerden \u00fcber RAM-Probleme mehren sich"}]},{"@type":"WebSite","@id":"https:\/\/www.apfelpatient.de\/#website","url":"https:\/\/www.apfelpatient.de\/","name":"apple patient","description":"Everything about Apple!","publisher":{"@type":"Organization","@id":"https:\/\/www.apfelpatient.de\/en\/#organization","name":"Apfelpatient","url":"https:\/\/www.apfelpatient.de\/en\/"},"alternateName":"Apfelpatient","potentialAction":[{"@type":"SearchAction","target":{"@type":"EntryPoint","urlTemplate":"https:\/\/www.apfelpatient.de\/?s={search_term_string}"},"query-input":{"@type":"PropertyValueSpecification","valueRequired":true,"valueName":"search_term_string"}}],"inLanguage":"en-US"},{"@type":["Person","Organization"],"@id":"https:\/\/www.apfelpatient.de\/#\/schema\/person\/7dc56ad6c8e9824b76d2c08d4c140e13","name":"Milan","logo":{"@id":"https:\/\/www.apfelpatient.de\/#\/schema\/person\/image\/"},"description":"Hello and welcome to my technology blog! As a big Apple fan, I report on everything to do with Apple: from the latest news and exciting rumors to helpful tips and tricks and detailed product tests. If you are as enthusiastic about technology as I am, you have come to the right place!","sameAs":["https:\/\/www.facebook.com\/apfelpatientOfficial","https:\/\/www.linkedin.com\/in\/milan-jovicic-42aa0231b"],"url":"https:\/\/www.apfelpatient.de\/en\/author\/apfeladmin"}]}},"_links":{"self":[{"href":"https:\/\/www.apfelpatient.de\/en\/wp-json\/wp\/v2\/posts\/7133","targetHints":{"allow":["GET"]}}],"collection":[{"href":"https:\/\/www.apfelpatient.de\/en\/wp-json\/wp\/v2\/posts"}],"about":[{"href":"https:\/\/www.apfelpatient.de\/en\/wp-json\/wp\/v2\/types\/post"}],"author":[{"embeddable":true,"href":"https:\/\/www.apfelpatient.de\/en\/wp-json\/wp\/v2\/users\/2"}],"replies":[{"embeddable":true,"href":"https:\/\/www.apfelpatient.de\/en\/wp-json\/wp\/v2\/comments?post=7133"}],"version-history":[{"count":0,"href":"https:\/\/www.apfelpatient.de\/en\/wp-json\/wp\/v2\/posts\/7133\/revisions"}],"wp:featuredmedia":[{"embeddable":true,"href":"https:\/\/www.apfelpatient.de\/en\/wp-json\/wp\/v2\/media\/7134"}],"wp:attachment":[{"href":"https:\/\/www.apfelpatient.de\/en\/wp-json\/wp\/v2\/media?parent=7133"}],"wp:term":[{"taxonomy":"category","embeddable":true,"href":"https:\/\/www.apfelpatient.de\/en\/wp-json\/wp\/v2\/categories?post=7133"},{"taxonomy":"post_tag","embeddable":true,"href":"https:\/\/www.apfelpatient.de\/en\/wp-json\/wp\/v2\/tags?post=7133"}],"curies":[{"name":"wp","href":"https:\/\/api.w.org\/{rel}","templated":true}]}}