{"id":7083,"date":"2019-10-30T19:08:53","date_gmt":"2019-10-30T18:08:53","guid":{"rendered":"https:\/\/www.apfelpatient.de\/?p=7083"},"modified":"2025-02-06T07:59:13","modified_gmt":"2025-02-06T06:59:13","slug":"macos-10-15-1-catalina-new-macbook-pro-16-image-discovered","status":"publish","type":"post","link":"https:\/\/www.apfelpatient.de\/en\/news\/macos-10-15-1-catalina-neues-macbook-pro-16-bild-entdeckt","title":{"rendered":"macOS 10.15.1 Catalina \u2013 New MacBook Pro 16\u2033 image discovered"},"content":{"rendered":"<p class=\"p2\"><strong><span class=\"s1\">In recent days, there have been reports about the MacBook Pro 16\u2033 almost every day \u2013 but so far it has not been introduced by Apple. Now a new image has been discovered in the current macOS 10.15.1 Catalina version.<\/span><\/strong><\/p>\n<p class=\"p2\"><span class=\"s1\">Today&#039;s leak is not the first. Already on October 18, the MacBook Pro 16\u2033 was announced in the macOS 10.15.1 Catalina beta. <a href=\"https:\/\/www.apfelpatient.de\/en\">revealed<\/a>The photo showed the new notebook from the front. Today, almost two weeks later, a new picture of <a href=\"https:\/\/9to5mac.com\/2019\/10\/30\/exclusive-16-inch-macbook-pro-touch-bar-and-touch-id-layout-confirmed\/\" target=\"_blank\" rel=\"noopener noreferrer\">9to5mac<\/a> discovered. This shows part of the keyboard including the touch bar. However, the photo shows an interesting change. The power button or the Touch ID field has been separated from the actual touch bar. However, the leak is more revealing than many will realize at first glance. Based on both photos, it is clear that the suggested redesign will not be as big as expected. Accordingly, only a larger display is to be expected, but no new cover. It remains to be seen whether Apple will present the device this year. <\/span><\/p>\n<p class=\"p1\"><\/p>\n<p class=\"p2\"><span class=\"s1\">While some still believe in a 2019 launch, there are already initial reports of a change in plans at Apple. The well-known analyst Ming-Chi Kuo has already submitted a note to investors. According to his latest information, Apple has postponed the release of the new notebook until next year - read more <a href=\"https:\/\/www.apfelpatient.de\/en\">here<\/a>. <\/span><em>(Photo by blackzheep \/ Bigstockphoto)<\/em><\/p>\n<div class=\"simple-text tt-content size-4 title-droid margin-big\">\n<figure id=\"attachment_7084\" aria-describedby=\"caption-attachment-7084\" style=\"width: 800px\" class=\"wp-caption aligncenter\"><img decoding=\"async\" class=\"size-full wp-image-7084\" src=\"https:\/\/www.apfelpatient.de\/wp-content\/uploads\/2019\/10\/macbookpro16touchbar.png\" alt=\"Image: 9to5mac \/ Leak: October 30, 2019\" width=\"800\" height=\"325\" \/><figcaption id=\"caption-attachment-7084\" class=\"wp-caption-text\">Image: 9to5mac \/ Leak: October 30, 2019<\/figcaption><\/figure>\n<h5><em><strong>You don&#039;t want to miss any more news? Then subscribe to our <a href=\"https:\/\/t.me\/apfelpatient_official\">Telegram channel<\/a><\/strong><\/em><\/h5>\n<\/div>","protected":false},"excerpt":{"rendered":"<p>In den letzten Tagen wird fast t\u00e4glich \u00fcber das MacBook Pro 16&#8243; berichtet &#8211; doch bislang wurde es nicht von Apple vorgestellt. Nun ist ein neues Bild in der aktuellen macOS 10.15.1 Catalina Version entdeckt worden. Der heutige Leak ist nicht der Erste. Bereits am 18. Oktober wurde in der macOS 10.15.1 Catalina Beta das [&hellip;]<\/p>\n","protected":false},"author":2,"featured_media":6510,"comment_status":"closed","ping_status":"open","sticky":false,"template":"","format":"standard","meta":{"jnews-multi-image_gallery":[],"jnews_single_post":[],"jnews_primary_category":[],"footnotes":""},"categories":[9],"tags":[40,4,345],"class_list":["post-7083","post","type-post","status-publish","format-standard","has-post-thumbnail","hentry","category-news","tag-mac","tag-macos","tag-macos-10-15-1-catalina"],"yoast_head":"<!-- This site is optimized with the Yoast SEO Premium plugin v27.5 (Yoast SEO v27.5) - https:\/\/yoast.com\/product\/yoast-seo-premium-wordpress\/ -->\n<title>macOS 10.15.1 Catalina - Neues MacBook Pro 16&quot; Bild entdeckt<\/title>\n<meta name=\"description\" content=\"In den letzten Tagen wird fast t\u00e4glich \u00fcber das MacBook Pro 16&quot; berichtet - doch bislang wurde es nicht von Apple vorgestellt.\" \/>\n<meta name=\"robots\" content=\"index, follow, max-snippet:-1, max-image-preview:large, max-video-preview:-1\" \/>\n<link rel=\"canonical\" href=\"https:\/\/www.apfelpatient.de\/en\/news\/macos-10-15-1-catalina-new-macbook-pro-16-image-discovered\" \/>\n<meta property=\"og:locale\" content=\"en_US\" \/>\n<meta property=\"og:type\" content=\"article\" \/>\n<meta property=\"og:title\" content=\"macOS 10.15.1 Catalina - Neues MacBook Pro 16&quot; Bild entdeckt\" \/>\n<meta property=\"og:description\" content=\"In den letzten Tagen wird fast t\u00e4glich \u00fcber das MacBook Pro 16&quot; berichtet - doch bislang wurde es nicht von Apple vorgestellt.\" \/>\n<meta property=\"og:url\" content=\"https:\/\/www.apfelpatient.de\/en\/news\/macos-10-15-1-catalina-new-macbook-pro-16-image-discovered\" \/>\n<meta property=\"og:site_name\" content=\"Apfelpatient\" \/>\n<meta property=\"article:publisher\" content=\"https:\/\/www.facebook.com\/apfelpatientOfficial\" \/>\n<meta property=\"article:author\" content=\"https:\/\/www.facebook.com\/apfelpatientOfficial\" \/>\n<meta property=\"article:published_time\" content=\"2019-10-30T18:08:53+00:00\" \/>\n<meta property=\"article:modified_time\" content=\"2025-02-06T06:59:13+00:00\" \/>\n<meta property=\"og:image\" content=\"https:\/\/www.apfelpatient.de\/wp-content\/uploads\/2019\/10\/bigstock-187306192.jpg\" \/>\n\t<meta property=\"og:image:width\" content=\"1600\" \/>\n\t<meta property=\"og:image:height\" content=\"1067\" \/>\n\t<meta property=\"og:image:type\" content=\"image\/jpeg\" \/>\n<meta name=\"author\" content=\"Milan\" \/>\n<meta name=\"twitter:card\" content=\"summary_large_image\" \/>\n<meta name=\"twitter:title\" content=\"macOS 10.15.1 Catalina - Neues MacBook Pro 16&quot; Bild entdeckt\" \/>\n<meta name=\"twitter:label1\" content=\"Written by\" \/>\n\t<meta name=\"twitter:data1\" content=\"Milan\" \/>\n\t<meta name=\"twitter:label2\" content=\"Est. reading time\" \/>\n\t<meta name=\"twitter:data2\" content=\"1 minute\" \/>\n<script type=\"application\/ld+json\" class=\"yoast-schema-graph\">{\"@context\":\"https:\\\/\\\/schema.org\",\"@graph\":[{\"@type\":\"NewsArticle\",\"@id\":\"https:\\\/\\\/www.apfelpatient.de\\\/news\\\/macos-10-15-1-catalina-neues-macbook-pro-16-bild-entdeckt#article\",\"isPartOf\":{\"@id\":\"https:\\\/\\\/www.apfelpatient.de\\\/news\\\/macos-10-15-1-catalina-neues-macbook-pro-16-bild-entdeckt\"},\"author\":{\"@type\":\"Organization\",\"@id\":\"https:\\\/\\\/www.apfelpatient.de\\\/en\\\/#organization\",\"name\":\"Apfelpatient\",\"url\":\"https:\\\/\\\/www.apfelpatient.de\\\/en\\\/\"},\"headline\":\"macOS 10.15.1 Catalina &#8211; Neues MacBook Pro 16&#8243; Bild entdeckt\",\"datePublished\":\"2019-10-30T18:08:53+00:00\",\"dateModified\":\"2025-02-06T06:59:13+00:00\",\"mainEntityOfPage\":{\"@id\":\"https:\\\/\\\/www.apfelpatient.de\\\/news\\\/macos-10-15-1-catalina-neues-macbook-pro-16-bild-entdeckt\"},\"wordCount\":265,\"publisher\":{\"@type\":\"Organization\",\"@id\":\"https:\\\/\\\/www.apfelpatient.de\\\/en\\\/#organization\",\"name\":\"Apfelpatient\",\"url\":\"https:\\\/\\\/www.apfelpatient.de\\\/en\\\/\"},\"image\":{\"@id\":\"https:\\\/\\\/www.apfelpatient.de\\\/news\\\/macos-10-15-1-catalina-neues-macbook-pro-16-bild-entdeckt#primaryimage\"},\"thumbnailUrl\":\"https:\\\/\\\/www.apfelpatient.de\\\/wp-content\\\/uploads\\\/2019\\\/10\\\/bigstock-187306192.jpg\",\"keywords\":[\"Mac\",\"macOS\",\"macOS 10.15.1 Catalina\"],\"articleSection\":\"News\",\"inLanguage\":\"en-US\",\"copyrightYear\":\"2019\",\"copyrightHolder\":{\"@id\":\"https:\\\/\\\/www.apfelpatient.de\\\/en\\\/#organization\"}},{\"@type\":\"WebPage\",\"@id\":\"https:\\\/\\\/www.apfelpatient.de\\\/news\\\/macos-10-15-1-catalina-neues-macbook-pro-16-bild-entdeckt\",\"url\":\"https:\\\/\\\/www.apfelpatient.de\\\/news\\\/macos-10-15-1-catalina-neues-macbook-pro-16-bild-entdeckt\",\"name\":\"macOS 10.15.1 Catalina - Neues MacBook Pro 16\\\" Bild entdeckt\",\"isPartOf\":{\"@id\":\"https:\\\/\\\/www.apfelpatient.de\\\/#website\"},\"primaryImageOfPage\":{\"@id\":\"https:\\\/\\\/www.apfelpatient.de\\\/news\\\/macos-10-15-1-catalina-neues-macbook-pro-16-bild-entdeckt#primaryimage\"},\"image\":{\"@id\":\"https:\\\/\\\/www.apfelpatient.de\\\/news\\\/macos-10-15-1-catalina-neues-macbook-pro-16-bild-entdeckt#primaryimage\"},\"thumbnailUrl\":\"https:\\\/\\\/www.apfelpatient.de\\\/wp-content\\\/uploads\\\/2019\\\/10\\\/bigstock-187306192.jpg\",\"datePublished\":\"2019-10-30T18:08:53+00:00\",\"dateModified\":\"2025-02-06T06:59:13+00:00\",\"description\":\"In den letzten Tagen wird fast t\u00e4glich \u00fcber das MacBook Pro 16\\\" berichtet - doch bislang wurde es nicht von Apple vorgestellt.\",\"breadcrumb\":{\"@id\":\"https:\\\/\\\/www.apfelpatient.de\\\/news\\\/macos-10-15-1-catalina-neues-macbook-pro-16-bild-entdeckt#breadcrumb\"},\"inLanguage\":\"en-US\",\"potentialAction\":[{\"@type\":\"ReadAction\",\"target\":[\"https:\\\/\\\/www.apfelpatient.de\\\/news\\\/macos-10-15-1-catalina-neues-macbook-pro-16-bild-entdeckt\"]}]},{\"@type\":\"ImageObject\",\"inLanguage\":\"en-US\",\"@id\":\"https:\\\/\\\/www.apfelpatient.de\\\/news\\\/macos-10-15-1-catalina-neues-macbook-pro-16-bild-entdeckt#primaryimage\",\"url\":\"https:\\\/\\\/www.apfelpatient.de\\\/wp-content\\\/uploads\\\/2019\\\/10\\\/bigstock-187306192.jpg\",\"contentUrl\":\"https:\\\/\\\/www.apfelpatient.de\\\/wp-content\\\/uploads\\\/2019\\\/10\\\/bigstock-187306192.jpg\",\"width\":1600,\"height\":1067,\"caption\":\"Bangkok Thailand - April 2 2017: Close-up touch bar on macbook pro 2016 touch bar is new function on macbook pro 2016 by apple Inc.\"},{\"@type\":\"BreadcrumbList\",\"@id\":\"https:\\\/\\\/www.apfelpatient.de\\\/news\\\/macos-10-15-1-catalina-neues-macbook-pro-16-bild-entdeckt#breadcrumb\",\"itemListElement\":[{\"@type\":\"ListItem\",\"position\":1,\"name\":\"Startseite\",\"item\":\"https:\\\/\\\/www.apfelpatient.de\\\/\"},{\"@type\":\"ListItem\",\"position\":2,\"name\":\"macOS 10.15.1 Catalina &#8211; Neues MacBook Pro 16&#8243; Bild entdeckt\"}]},{\"@type\":\"WebSite\",\"@id\":\"https:\\\/\\\/www.apfelpatient.de\\\/#website\",\"url\":\"https:\\\/\\\/www.apfelpatient.de\\\/\",\"name\":\"Apfelpatient\",\"description\":\"Alles rund um Apple!\",\"publisher\":{\"@type\":\"Organization\",\"@id\":\"https:\\\/\\\/www.apfelpatient.de\\\/en\\\/#organization\",\"name\":\"Apfelpatient\",\"url\":\"https:\\\/\\\/www.apfelpatient.de\\\/en\\\/\"},\"alternateName\":\"Apfelpatient\",\"potentialAction\":[{\"@type\":\"SearchAction\",\"target\":{\"@type\":\"EntryPoint\",\"urlTemplate\":\"https:\\\/\\\/www.apfelpatient.de\\\/?s={search_term_string}\"},\"query-input\":{\"@type\":\"PropertyValueSpecification\",\"valueRequired\":true,\"valueName\":\"search_term_string\"}}],\"inLanguage\":\"en-US\"},{\"@type\":[\"Person\",\"Organization\"],\"@id\":\"https:\\\/\\\/www.apfelpatient.de\\\/#\\\/schema\\\/person\\\/35b3ddba5832f2bfc7fff5206d4f6b7b\",\"name\":\"Milan\",\"logo\":{\"@id\":\"https:\\\/\\\/www.apfelpatient.de\\\/#\\\/schema\\\/person\\\/image\\\/\"},\"description\":\"Hallo und herzlich willkommen auf meinem Technik-Blog! Als gro\u00dfer Apple-Fan berichte ich hier \u00fcber alles, was mit Apple zu tun hat: von den neuesten News und spannenden Ger\u00fcchten \u00fcber hilfreiche Tipps und Tricks bis hin zu ausf\u00fchrlichen Produkttests. Wenn du genauso technikbegeistert bist wie ich, bist du hier genau richtig!\",\"sameAs\":[\"https:\\\/\\\/www.facebook.com\\\/apfelpatientOfficial\",\"https:\\\/\\\/www.linkedin.com\\\/in\\\/milan-jovicic-42aa0231b\"],\"url\":\"https:\\\/\\\/www.apfelpatient.de\\\/en\\\/author\\\/apfeladmin\"}]}<\/script>\n<!-- \/ Yoast SEO Premium plugin. -->","yoast_head_json":{"title":"macOS 10.15.1 Catalina - New MacBook Pro 16&quot; image discovered","description":"In recent days, there have been reports about the MacBook Pro 16&quot; almost every day - but so far it has not been introduced by Apple.","robots":{"index":"index","follow":"follow","max-snippet":"max-snippet:-1","max-image-preview":"max-image-preview:large","max-video-preview":"max-video-preview:-1"},"canonical":"https:\/\/www.apfelpatient.de\/en\/news\/macos-10-15-1-catalina-new-macbook-pro-16-image-discovered","og_locale":"en_US","og_type":"article","og_title":"macOS 10.15.1 Catalina - Neues MacBook Pro 16&quot; Bild entdeckt","og_description":"In den letzten Tagen wird fast t\u00e4glich \u00fcber das MacBook Pro 16&quot; berichtet - doch bislang wurde es nicht von Apple vorgestellt.","og_url":"https:\/\/www.apfelpatient.de\/en\/news\/macos-10-15-1-catalina-new-macbook-pro-16-image-discovered","og_site_name":"Apfelpatient","article_publisher":"https:\/\/www.facebook.com\/apfelpatientOfficial","article_author":"https:\/\/www.facebook.com\/apfelpatientOfficial","article_published_time":"2019-10-30T18:08:53+00:00","article_modified_time":"2025-02-06T06:59:13+00:00","og_image":[{"width":1600,"height":1067,"url":"https:\/\/www.apfelpatient.de\/wp-content\/uploads\/2019\/10\/bigstock-187306192.jpg","type":"image\/jpeg"}],"author":"Milan","twitter_card":"summary_large_image","twitter_title":"macOS 10.15.1 Catalina - Neues MacBook Pro 16\" Bild entdeckt","twitter_misc":{"Written by":"Milan","Est. reading time":"1 minute"},"schema":{"@context":"https:\/\/schema.org","@graph":[{"@type":"NewsArticle","@id":"https:\/\/www.apfelpatient.de\/news\/macos-10-15-1-catalina-neues-macbook-pro-16-bild-entdeckt#article","isPartOf":{"@id":"https:\/\/www.apfelpatient.de\/news\/macos-10-15-1-catalina-neues-macbook-pro-16-bild-entdeckt"},"author":{"@type":"Organization","@id":"https:\/\/www.apfelpatient.de\/en\/#organization","name":"Apfelpatient","url":"https:\/\/www.apfelpatient.de\/en\/"},"headline":"macOS 10.15.1 Catalina &#8211; Neues MacBook Pro 16&#8243; Bild entdeckt","datePublished":"2019-10-30T18:08:53+00:00","dateModified":"2025-02-06T06:59:13+00:00","mainEntityOfPage":{"@id":"https:\/\/www.apfelpatient.de\/news\/macos-10-15-1-catalina-neues-macbook-pro-16-bild-entdeckt"},"wordCount":265,"publisher":{"@type":"Organization","@id":"https:\/\/www.apfelpatient.de\/en\/#organization","name":"Apfelpatient","url":"https:\/\/www.apfelpatient.de\/en\/"},"image":{"@id":"https:\/\/www.apfelpatient.de\/news\/macos-10-15-1-catalina-neues-macbook-pro-16-bild-entdeckt#primaryimage"},"thumbnailUrl":"https:\/\/www.apfelpatient.de\/wp-content\/uploads\/2019\/10\/bigstock-187306192.jpg","keywords":["Mac","macOS","macOS 10.15.1 Catalina"],"articleSection":"News","inLanguage":"en-US","copyrightYear":"2019","copyrightHolder":{"@id":"https:\/\/www.apfelpatient.de\/en\/#organization"}},{"@type":"WebPage","@id":"https:\/\/www.apfelpatient.de\/news\/macos-10-15-1-catalina-neues-macbook-pro-16-bild-entdeckt","url":"https:\/\/www.apfelpatient.de\/news\/macos-10-15-1-catalina-neues-macbook-pro-16-bild-entdeckt","name":"macOS 10.15.1 Catalina - New MacBook Pro 16&quot; image discovered","isPartOf":{"@id":"https:\/\/www.apfelpatient.de\/#website"},"primaryImageOfPage":{"@id":"https:\/\/www.apfelpatient.de\/news\/macos-10-15-1-catalina-neues-macbook-pro-16-bild-entdeckt#primaryimage"},"image":{"@id":"https:\/\/www.apfelpatient.de\/news\/macos-10-15-1-catalina-neues-macbook-pro-16-bild-entdeckt#primaryimage"},"thumbnailUrl":"https:\/\/www.apfelpatient.de\/wp-content\/uploads\/2019\/10\/bigstock-187306192.jpg","datePublished":"2019-10-30T18:08:53+00:00","dateModified":"2025-02-06T06:59:13+00:00","description":"In recent days, there have been reports about the MacBook Pro 16&quot; almost every day - but so far it has not been introduced by Apple.","breadcrumb":{"@id":"https:\/\/www.apfelpatient.de\/news\/macos-10-15-1-catalina-neues-macbook-pro-16-bild-entdeckt#breadcrumb"},"inLanguage":"en-US","potentialAction":[{"@type":"ReadAction","target":["https:\/\/www.apfelpatient.de\/news\/macos-10-15-1-catalina-neues-macbook-pro-16-bild-entdeckt"]}]},{"@type":"ImageObject","inLanguage":"en-US","@id":"https:\/\/www.apfelpatient.de\/news\/macos-10-15-1-catalina-neues-macbook-pro-16-bild-entdeckt#primaryimage","url":"https:\/\/www.apfelpatient.de\/wp-content\/uploads\/2019\/10\/bigstock-187306192.jpg","contentUrl":"https:\/\/www.apfelpatient.de\/wp-content\/uploads\/2019\/10\/bigstock-187306192.jpg","width":1600,"height":1067,"caption":"Bangkok Thailand - April 2 2017: Close-up touch bar on macbook pro 2016 touch bar is new function on macbook pro 2016 by apple Inc."},{"@type":"BreadcrumbList","@id":"https:\/\/www.apfelpatient.de\/news\/macos-10-15-1-catalina-neues-macbook-pro-16-bild-entdeckt#breadcrumb","itemListElement":[{"@type":"ListItem","position":1,"name":"Startseite","item":"https:\/\/www.apfelpatient.de\/"},{"@type":"ListItem","position":2,"name":"macOS 10.15.1 Catalina &#8211; Neues MacBook Pro 16&#8243; Bild entdeckt"}]},{"@type":"WebSite","@id":"https:\/\/www.apfelpatient.de\/#website","url":"https:\/\/www.apfelpatient.de\/","name":"apple patient","description":"Everything about Apple!","publisher":{"@type":"Organization","@id":"https:\/\/www.apfelpatient.de\/en\/#organization","name":"Apfelpatient","url":"https:\/\/www.apfelpatient.de\/en\/"},"alternateName":"Apfelpatient","potentialAction":[{"@type":"SearchAction","target":{"@type":"EntryPoint","urlTemplate":"https:\/\/www.apfelpatient.de\/?s={search_term_string}"},"query-input":{"@type":"PropertyValueSpecification","valueRequired":true,"valueName":"search_term_string"}}],"inLanguage":"en-US"},{"@type":["Person","Organization"],"@id":"https:\/\/www.apfelpatient.de\/#\/schema\/person\/35b3ddba5832f2bfc7fff5206d4f6b7b","name":"Milan","logo":{"@id":"https:\/\/www.apfelpatient.de\/#\/schema\/person\/image\/"},"description":"Hello and welcome to my technology blog! As a big Apple fan, I report on everything to do with Apple: from the latest news and exciting rumors to helpful tips and tricks and detailed product tests. If you are as enthusiastic about technology as I am, you have come to the right place!","sameAs":["https:\/\/www.facebook.com\/apfelpatientOfficial","https:\/\/www.linkedin.com\/in\/milan-jovicic-42aa0231b"],"url":"https:\/\/www.apfelpatient.de\/en\/author\/apfeladmin"}]}},"_links":{"self":[{"href":"https:\/\/www.apfelpatient.de\/en\/wp-json\/wp\/v2\/posts\/7083","targetHints":{"allow":["GET"]}}],"collection":[{"href":"https:\/\/www.apfelpatient.de\/en\/wp-json\/wp\/v2\/posts"}],"about":[{"href":"https:\/\/www.apfelpatient.de\/en\/wp-json\/wp\/v2\/types\/post"}],"author":[{"embeddable":true,"href":"https:\/\/www.apfelpatient.de\/en\/wp-json\/wp\/v2\/users\/2"}],"replies":[{"embeddable":true,"href":"https:\/\/www.apfelpatient.de\/en\/wp-json\/wp\/v2\/comments?post=7083"}],"version-history":[{"count":0,"href":"https:\/\/www.apfelpatient.de\/en\/wp-json\/wp\/v2\/posts\/7083\/revisions"}],"wp:featuredmedia":[{"embeddable":true,"href":"https:\/\/www.apfelpatient.de\/en\/wp-json\/wp\/v2\/media\/6510"}],"wp:attachment":[{"href":"https:\/\/www.apfelpatient.de\/en\/wp-json\/wp\/v2\/media?parent=7083"}],"wp:term":[{"taxonomy":"category","embeddable":true,"href":"https:\/\/www.apfelpatient.de\/en\/wp-json\/wp\/v2\/categories?post=7083"},{"taxonomy":"post_tag","embeddable":true,"href":"https:\/\/www.apfelpatient.de\/en\/wp-json\/wp\/v2\/tags?post=7083"}],"curies":[{"name":"wp","href":"https:\/\/api.w.org\/{rel}","templated":true}]}}