{"id":7054,"date":"2019-10-29T23:55:01","date_gmt":"2019-10-29T22:55:01","guid":{"rendered":"https:\/\/www.apfelpatient.de\/?p=7054"},"modified":"2025-10-14T16:22:27","modified_gmt":"2025-10-14T14:22:27","slug":"apple-releases-tv-app-on-selected-sony-tvs","status":"publish","type":"post","link":"https:\/\/www.apfelpatient.de\/en\/news\/apple-veroeffentlicht-tv-app-auf-ausgewaehlten-sony-tvs","title":{"rendered":"Apple releases TV app on selected Sony TVs"},"content":{"rendered":"<p class=\"p1\"><strong><span class=\"s1\">Apple, in collaboration with Sony, has begun making the Apple TV app available on select Sony TVs.<\/span><\/strong><\/p>\n<p class=\"p1\"><span class=\"s1\">The release comes as little surprise - this step was already announced a few months ago. Apple offers its own TV app on various Smart TVs to make streaming easier for Apple users. While an Apple TV was previously necessary, this is no longer a requirement. Owners of 2019 Sony TVs are currently receiving a new software update that offers the new application. However, it is currently unclear which Sony TVs will actually be included. It is currently assumed that AirPlay 2 is supported by the Sony Z9G series, Sony A9G series, Sony X950G series, Sony X950G series and the Sony X850G series. The firmware update in question will<span class=\"Apple-converted-space\">\u00a0 <\/span>is currently being rolled out gradually. Since Apple TV+ will go live on November 1st, the new update should be available on all compatible Sony TVs by then.<\/span><\/p>\n<p class=\"p1\"><\/p>\n<p class=\"p1\"><span class=\"s1\">The Apple TV application allows access to TV series and films from the iTunes Store, Apple TV Channels and soon also the new streaming service on selected Smart TVs <a href=\"https:\/\/www.apfelpatient.de\/en\">Apple TV+<\/a>. <em>(Photo by Dorieugene \/ Bigstockphot)<\/em><\/span><\/p>\n<div class=\"simple-text tt-content size-4 title-droid margin-big\">\n<div class=\"simple-text tt-content size-4 title-droid margin-big\">\n<div class=\"simple-text tt-content size-4 title-droid margin-big\">\n<h5><em><strong>You don&#039;t want to miss any more news? Then subscribe to our <a href=\"https:\/\/t.me\/apfelpatient_official\">Telegram channel<\/a><\/strong><\/em><\/h5>\n<\/div>\n<\/div>\n<\/div>","protected":false},"excerpt":{"rendered":"<p>Apple hat in Zusammenarbeit mit Sony damit angefangen, die Apple TV App auf ausgew\u00e4hlten Sony TV-Ger\u00e4ten bereitzustellen. Die Ver\u00f6ffentlichung kommt weniger \u00fcberraschend &#8211; vor einigen Monaten wurde dieser Schritt bereits angek\u00fcndigt. Apple bietet die hauseigene TV App auf diversen Smart TVs an, um Apple Nutzern das Streaming zu erleichtern. War fr\u00fcher ein Apple TV notwendig, [&hellip;]<\/p>\n","protected":false},"author":2,"featured_media":7052,"comment_status":"closed","ping_status":"open","sticky":false,"template":"","format":"standard","meta":{"jnews-multi-image_gallery":[],"jnews_single_post":[],"jnews_primary_category":[],"footnotes":""},"categories":[9],"tags":[34,156,280,248,210,13],"class_list":["post-7054","post","type-post","status-publish","format-standard","has-post-thumbnail","hentry","category-news","tag-apple-dienste","tag-apple-tv","tag-apple-tv-app","tag-apple-tv-plus","tag-sony","tag-techpatient"],"yoast_head":"<!-- This site is optimized with the Yoast SEO Premium plugin v27.5 (Yoast SEO v27.5) - https:\/\/yoast.com\/product\/yoast-seo-premium-wordpress\/ -->\n<title>Apple ver\u00f6ffentlicht TV App auf ausgew\u00e4hlten Sony TVs<\/title>\n<meta name=\"description\" content=\"Apple hat in Zusammenarbeit mit Sony damit angefangen, die Apple TV App auf ausgew\u00e4hlten Sony TV-Ger\u00e4ten bereitzustellen.\" \/>\n<meta name=\"robots\" content=\"index, follow, max-snippet:-1, max-image-preview:large, max-video-preview:-1\" \/>\n<link rel=\"canonical\" href=\"https:\/\/www.apfelpatient.de\/en\/news\/apple-releases-tv-app-on-selected-sony-tvs\" \/>\n<meta property=\"og:locale\" content=\"en_US\" \/>\n<meta property=\"og:type\" content=\"article\" \/>\n<meta property=\"og:title\" content=\"Apple ver\u00f6ffentlicht TV App auf ausgew\u00e4hlten Sony TVs\" \/>\n<meta property=\"og:description\" content=\"Apple hat in Zusammenarbeit mit Sony damit angefangen, die Apple TV App auf ausgew\u00e4hlten Sony TV-Ger\u00e4ten bereitzustellen.\" \/>\n<meta property=\"og:url\" content=\"https:\/\/www.apfelpatient.de\/en\/news\/apple-releases-tv-app-on-selected-sony-tvs\" \/>\n<meta property=\"og:site_name\" content=\"Apfelpatient\" \/>\n<meta property=\"article:publisher\" content=\"https:\/\/www.facebook.com\/apfelpatientOfficial\" \/>\n<meta property=\"article:author\" content=\"https:\/\/www.facebook.com\/apfelpatientOfficial\" \/>\n<meta property=\"article:published_time\" content=\"2019-10-29T22:55:01+00:00\" \/>\n<meta property=\"article:modified_time\" content=\"2025-10-14T14:22:27+00:00\" \/>\n<meta property=\"og:image\" content=\"https:\/\/www.apfelpatient.de\/wp-content\/uploads\/2019\/10\/bigstock-TV-with-pictures-of-smart-tele-289860394.jpg\" \/>\n\t<meta property=\"og:image:width\" content=\"1600\" \/>\n\t<meta property=\"og:image:height\" content=\"1067\" \/>\n\t<meta property=\"og:image:type\" content=\"image\/jpeg\" \/>\n<meta name=\"author\" content=\"Milan\" \/>\n<meta name=\"twitter:card\" content=\"summary_large_image\" \/>\n<meta name=\"twitter:title\" content=\"Apple ver\u00f6ffentlicht TV App auf ausgew\u00e4hlten Sony TVs\" \/>\n<meta name=\"twitter:label1\" content=\"Written by\" \/>\n\t<meta name=\"twitter:data1\" content=\"Milan\" \/>\n\t<meta name=\"twitter:label2\" content=\"Est. reading time\" \/>\n\t<meta name=\"twitter:data2\" content=\"1 minute\" \/>\n<script type=\"application\/ld+json\" class=\"yoast-schema-graph\">{\"@context\":\"https:\\\/\\\/schema.org\",\"@graph\":[{\"@type\":\"NewsArticle\",\"@id\":\"https:\\\/\\\/www.apfelpatient.de\\\/news\\\/apple-veroeffentlicht-tv-app-auf-ausgewaehlten-sony-tvs#article\",\"isPartOf\":{\"@id\":\"https:\\\/\\\/www.apfelpatient.de\\\/news\\\/apple-veroeffentlicht-tv-app-auf-ausgewaehlten-sony-tvs\"},\"author\":{\"@type\":\"Organization\",\"@id\":\"https:\\\/\\\/www.apfelpatient.de\\\/en\\\/#organization\",\"name\":\"Apfelpatient\",\"url\":\"https:\\\/\\\/www.apfelpatient.de\\\/en\\\/\"},\"headline\":\"Apple ver\u00f6ffentlicht TV App auf ausgew\u00e4hlten Sony TVs\",\"datePublished\":\"2019-10-29T22:55:01+00:00\",\"dateModified\":\"2025-10-14T14:22:27+00:00\",\"mainEntityOfPage\":{\"@id\":\"https:\\\/\\\/www.apfelpatient.de\\\/news\\\/apple-veroeffentlicht-tv-app-auf-ausgewaehlten-sony-tvs\"},\"wordCount\":213,\"publisher\":{\"@type\":\"Organization\",\"@id\":\"https:\\\/\\\/www.apfelpatient.de\\\/en\\\/#organization\",\"name\":\"Apfelpatient\",\"url\":\"https:\\\/\\\/www.apfelpatient.de\\\/en\\\/\"},\"image\":{\"@id\":\"https:\\\/\\\/www.apfelpatient.de\\\/news\\\/apple-veroeffentlicht-tv-app-auf-ausgewaehlten-sony-tvs#primaryimage\"},\"thumbnailUrl\":\"https:\\\/\\\/www.apfelpatient.de\\\/wp-content\\\/uploads\\\/2019\\\/10\\\/bigstock-TV-with-pictures-of-smart-tele-289860394.jpg\",\"keywords\":[\"Apple Dienste\",\"Apple TV\",\"Apple TV App\",\"Apple TV Plus\",\"Sony\",\"TechPatient\"],\"articleSection\":\"News\",\"inLanguage\":\"en-US\",\"copyrightYear\":\"2019\",\"copyrightHolder\":{\"@id\":\"https:\\\/\\\/www.apfelpatient.de\\\/en\\\/#organization\"}},{\"@type\":\"WebPage\",\"@id\":\"https:\\\/\\\/www.apfelpatient.de\\\/news\\\/apple-veroeffentlicht-tv-app-auf-ausgewaehlten-sony-tvs\",\"url\":\"https:\\\/\\\/www.apfelpatient.de\\\/news\\\/apple-veroeffentlicht-tv-app-auf-ausgewaehlten-sony-tvs\",\"name\":\"Apple ver\u00f6ffentlicht TV App auf ausgew\u00e4hlten Sony TVs\",\"isPartOf\":{\"@id\":\"https:\\\/\\\/www.apfelpatient.de\\\/#website\"},\"primaryImageOfPage\":{\"@id\":\"https:\\\/\\\/www.apfelpatient.de\\\/news\\\/apple-veroeffentlicht-tv-app-auf-ausgewaehlten-sony-tvs#primaryimage\"},\"image\":{\"@id\":\"https:\\\/\\\/www.apfelpatient.de\\\/news\\\/apple-veroeffentlicht-tv-app-auf-ausgewaehlten-sony-tvs#primaryimage\"},\"thumbnailUrl\":\"https:\\\/\\\/www.apfelpatient.de\\\/wp-content\\\/uploads\\\/2019\\\/10\\\/bigstock-TV-with-pictures-of-smart-tele-289860394.jpg\",\"datePublished\":\"2019-10-29T22:55:01+00:00\",\"dateModified\":\"2025-10-14T14:22:27+00:00\",\"description\":\"Apple hat in Zusammenarbeit mit Sony damit angefangen, die Apple TV App auf ausgew\u00e4hlten Sony TV-Ger\u00e4ten bereitzustellen.\",\"breadcrumb\":{\"@id\":\"https:\\\/\\\/www.apfelpatient.de\\\/news\\\/apple-veroeffentlicht-tv-app-auf-ausgewaehlten-sony-tvs#breadcrumb\"},\"inLanguage\":\"en-US\",\"potentialAction\":[{\"@type\":\"ReadAction\",\"target\":[\"https:\\\/\\\/www.apfelpatient.de\\\/news\\\/apple-veroeffentlicht-tv-app-auf-ausgewaehlten-sony-tvs\"]}]},{\"@type\":\"ImageObject\",\"inLanguage\":\"en-US\",\"@id\":\"https:\\\/\\\/www.apfelpatient.de\\\/news\\\/apple-veroeffentlicht-tv-app-auf-ausgewaehlten-sony-tvs#primaryimage\",\"url\":\"https:\\\/\\\/www.apfelpatient.de\\\/wp-content\\\/uploads\\\/2019\\\/10\\\/bigstock-TV-with-pictures-of-smart-tele-289860394.jpg\",\"contentUrl\":\"https:\\\/\\\/www.apfelpatient.de\\\/wp-content\\\/uploads\\\/2019\\\/10\\\/bigstock-TV-with-pictures-of-smart-tele-289860394.jpg\",\"width\":1600,\"height\":1067,\"caption\":\"TV with pictures of smart television and remote control,close up.\"},{\"@type\":\"BreadcrumbList\",\"@id\":\"https:\\\/\\\/www.apfelpatient.de\\\/news\\\/apple-veroeffentlicht-tv-app-auf-ausgewaehlten-sony-tvs#breadcrumb\",\"itemListElement\":[{\"@type\":\"ListItem\",\"position\":1,\"name\":\"Startseite\",\"item\":\"https:\\\/\\\/www.apfelpatient.de\\\/\"},{\"@type\":\"ListItem\",\"position\":2,\"name\":\"Apple ver\u00f6ffentlicht TV App auf ausgew\u00e4hlten Sony TVs\"}]},{\"@type\":\"WebSite\",\"@id\":\"https:\\\/\\\/www.apfelpatient.de\\\/#website\",\"url\":\"https:\\\/\\\/www.apfelpatient.de\\\/\",\"name\":\"Apfelpatient\",\"description\":\"Alles rund um Apple!\",\"publisher\":{\"@type\":\"Organization\",\"@id\":\"https:\\\/\\\/www.apfelpatient.de\\\/en\\\/#organization\",\"name\":\"Apfelpatient\",\"url\":\"https:\\\/\\\/www.apfelpatient.de\\\/en\\\/\"},\"alternateName\":\"Apfelpatient\",\"potentialAction\":[{\"@type\":\"SearchAction\",\"target\":{\"@type\":\"EntryPoint\",\"urlTemplate\":\"https:\\\/\\\/www.apfelpatient.de\\\/?s={search_term_string}\"},\"query-input\":{\"@type\":\"PropertyValueSpecification\",\"valueRequired\":true,\"valueName\":\"search_term_string\"}}],\"inLanguage\":\"en-US\"},{\"@type\":[\"Person\",\"Organization\"],\"@id\":\"https:\\\/\\\/www.apfelpatient.de\\\/#\\\/schema\\\/person\\\/7dc56ad6c8e9824b76d2c08d4c140e13\",\"name\":\"Milan\",\"logo\":{\"@id\":\"https:\\\/\\\/www.apfelpatient.de\\\/#\\\/schema\\\/person\\\/image\\\/\"},\"description\":\"Hallo und herzlich willkommen auf meinem Technik-Blog! Als gro\u00dfer Apple-Fan berichte ich hier \u00fcber alles, was mit Apple zu tun hat: von den neuesten News und spannenden Ger\u00fcchten \u00fcber hilfreiche Tipps und Tricks bis hin zu ausf\u00fchrlichen Produkttests. Wenn du genauso technikbegeistert bist wie ich, bist du hier genau richtig!\",\"sameAs\":[\"https:\\\/\\\/www.facebook.com\\\/apfelpatientOfficial\",\"https:\\\/\\\/www.linkedin.com\\\/in\\\/milan-jovicic-42aa0231b\"],\"url\":\"https:\\\/\\\/www.apfelpatient.de\\\/en\\\/author\\\/apfeladmin\"}]}<\/script>\n<!-- \/ Yoast SEO Premium plugin. -->","yoast_head_json":{"title":"Apple releases TV app on selected Sony TVs","description":"Apple, in collaboration with Sony, has begun making the Apple TV app available on select Sony TVs.","robots":{"index":"index","follow":"follow","max-snippet":"max-snippet:-1","max-image-preview":"max-image-preview:large","max-video-preview":"max-video-preview:-1"},"canonical":"https:\/\/www.apfelpatient.de\/en\/news\/apple-releases-tv-app-on-selected-sony-tvs","og_locale":"en_US","og_type":"article","og_title":"Apple ver\u00f6ffentlicht TV App auf ausgew\u00e4hlten Sony TVs","og_description":"Apple hat in Zusammenarbeit mit Sony damit angefangen, die Apple TV App auf ausgew\u00e4hlten Sony TV-Ger\u00e4ten bereitzustellen.","og_url":"https:\/\/www.apfelpatient.de\/en\/news\/apple-releases-tv-app-on-selected-sony-tvs","og_site_name":"Apfelpatient","article_publisher":"https:\/\/www.facebook.com\/apfelpatientOfficial","article_author":"https:\/\/www.facebook.com\/apfelpatientOfficial","article_published_time":"2019-10-29T22:55:01+00:00","article_modified_time":"2025-10-14T14:22:27+00:00","og_image":[{"width":1600,"height":1067,"url":"https:\/\/www.apfelpatient.de\/wp-content\/uploads\/2019\/10\/bigstock-TV-with-pictures-of-smart-tele-289860394.jpg","type":"image\/jpeg"}],"author":"Milan","twitter_card":"summary_large_image","twitter_title":"Apple ver\u00f6ffentlicht TV App auf ausgew\u00e4hlten Sony TVs","twitter_misc":{"Written by":"Milan","Est. reading time":"1 minute"},"schema":{"@context":"https:\/\/schema.org","@graph":[{"@type":"NewsArticle","@id":"https:\/\/www.apfelpatient.de\/news\/apple-veroeffentlicht-tv-app-auf-ausgewaehlten-sony-tvs#article","isPartOf":{"@id":"https:\/\/www.apfelpatient.de\/news\/apple-veroeffentlicht-tv-app-auf-ausgewaehlten-sony-tvs"},"author":{"@type":"Organization","@id":"https:\/\/www.apfelpatient.de\/en\/#organization","name":"Apfelpatient","url":"https:\/\/www.apfelpatient.de\/en\/"},"headline":"Apple ver\u00f6ffentlicht TV App auf ausgew\u00e4hlten Sony TVs","datePublished":"2019-10-29T22:55:01+00:00","dateModified":"2025-10-14T14:22:27+00:00","mainEntityOfPage":{"@id":"https:\/\/www.apfelpatient.de\/news\/apple-veroeffentlicht-tv-app-auf-ausgewaehlten-sony-tvs"},"wordCount":213,"publisher":{"@type":"Organization","@id":"https:\/\/www.apfelpatient.de\/en\/#organization","name":"Apfelpatient","url":"https:\/\/www.apfelpatient.de\/en\/"},"image":{"@id":"https:\/\/www.apfelpatient.de\/news\/apple-veroeffentlicht-tv-app-auf-ausgewaehlten-sony-tvs#primaryimage"},"thumbnailUrl":"https:\/\/www.apfelpatient.de\/wp-content\/uploads\/2019\/10\/bigstock-TV-with-pictures-of-smart-tele-289860394.jpg","keywords":["Apple Dienste","Apple TV","Apple TV App","Apple TV Plus","Sony","TechPatient"],"articleSection":"News","inLanguage":"en-US","copyrightYear":"2019","copyrightHolder":{"@id":"https:\/\/www.apfelpatient.de\/en\/#organization"}},{"@type":"WebPage","@id":"https:\/\/www.apfelpatient.de\/news\/apple-veroeffentlicht-tv-app-auf-ausgewaehlten-sony-tvs","url":"https:\/\/www.apfelpatient.de\/news\/apple-veroeffentlicht-tv-app-auf-ausgewaehlten-sony-tvs","name":"Apple releases TV app on selected Sony TVs","isPartOf":{"@id":"https:\/\/www.apfelpatient.de\/#website"},"primaryImageOfPage":{"@id":"https:\/\/www.apfelpatient.de\/news\/apple-veroeffentlicht-tv-app-auf-ausgewaehlten-sony-tvs#primaryimage"},"image":{"@id":"https:\/\/www.apfelpatient.de\/news\/apple-veroeffentlicht-tv-app-auf-ausgewaehlten-sony-tvs#primaryimage"},"thumbnailUrl":"https:\/\/www.apfelpatient.de\/wp-content\/uploads\/2019\/10\/bigstock-TV-with-pictures-of-smart-tele-289860394.jpg","datePublished":"2019-10-29T22:55:01+00:00","dateModified":"2025-10-14T14:22:27+00:00","description":"Apple, in collaboration with Sony, has begun making the Apple TV app available on select Sony TVs.","breadcrumb":{"@id":"https:\/\/www.apfelpatient.de\/news\/apple-veroeffentlicht-tv-app-auf-ausgewaehlten-sony-tvs#breadcrumb"},"inLanguage":"en-US","potentialAction":[{"@type":"ReadAction","target":["https:\/\/www.apfelpatient.de\/news\/apple-veroeffentlicht-tv-app-auf-ausgewaehlten-sony-tvs"]}]},{"@type":"ImageObject","inLanguage":"en-US","@id":"https:\/\/www.apfelpatient.de\/news\/apple-veroeffentlicht-tv-app-auf-ausgewaehlten-sony-tvs#primaryimage","url":"https:\/\/www.apfelpatient.de\/wp-content\/uploads\/2019\/10\/bigstock-TV-with-pictures-of-smart-tele-289860394.jpg","contentUrl":"https:\/\/www.apfelpatient.de\/wp-content\/uploads\/2019\/10\/bigstock-TV-with-pictures-of-smart-tele-289860394.jpg","width":1600,"height":1067,"caption":"TV with pictures of smart television and remote control,close up."},{"@type":"BreadcrumbList","@id":"https:\/\/www.apfelpatient.de\/news\/apple-veroeffentlicht-tv-app-auf-ausgewaehlten-sony-tvs#breadcrumb","itemListElement":[{"@type":"ListItem","position":1,"name":"Startseite","item":"https:\/\/www.apfelpatient.de\/"},{"@type":"ListItem","position":2,"name":"Apple ver\u00f6ffentlicht TV App auf ausgew\u00e4hlten Sony TVs"}]},{"@type":"WebSite","@id":"https:\/\/www.apfelpatient.de\/#website","url":"https:\/\/www.apfelpatient.de\/","name":"apple patient","description":"Everything about Apple!","publisher":{"@type":"Organization","@id":"https:\/\/www.apfelpatient.de\/en\/#organization","name":"Apfelpatient","url":"https:\/\/www.apfelpatient.de\/en\/"},"alternateName":"Apfelpatient","potentialAction":[{"@type":"SearchAction","target":{"@type":"EntryPoint","urlTemplate":"https:\/\/www.apfelpatient.de\/?s={search_term_string}"},"query-input":{"@type":"PropertyValueSpecification","valueRequired":true,"valueName":"search_term_string"}}],"inLanguage":"en-US"},{"@type":["Person","Organization"],"@id":"https:\/\/www.apfelpatient.de\/#\/schema\/person\/7dc56ad6c8e9824b76d2c08d4c140e13","name":"Milan","logo":{"@id":"https:\/\/www.apfelpatient.de\/#\/schema\/person\/image\/"},"description":"Hello and welcome to my technology blog! As a big Apple fan, I report on everything to do with Apple: from the latest news and exciting rumors to helpful tips and tricks and detailed product tests. If you are as enthusiastic about technology as I am, you have come to the right place!","sameAs":["https:\/\/www.facebook.com\/apfelpatientOfficial","https:\/\/www.linkedin.com\/in\/milan-jovicic-42aa0231b"],"url":"https:\/\/www.apfelpatient.de\/en\/author\/apfeladmin"}]}},"_links":{"self":[{"href":"https:\/\/www.apfelpatient.de\/en\/wp-json\/wp\/v2\/posts\/7054","targetHints":{"allow":["GET"]}}],"collection":[{"href":"https:\/\/www.apfelpatient.de\/en\/wp-json\/wp\/v2\/posts"}],"about":[{"href":"https:\/\/www.apfelpatient.de\/en\/wp-json\/wp\/v2\/types\/post"}],"author":[{"embeddable":true,"href":"https:\/\/www.apfelpatient.de\/en\/wp-json\/wp\/v2\/users\/2"}],"replies":[{"embeddable":true,"href":"https:\/\/www.apfelpatient.de\/en\/wp-json\/wp\/v2\/comments?post=7054"}],"version-history":[{"count":0,"href":"https:\/\/www.apfelpatient.de\/en\/wp-json\/wp\/v2\/posts\/7054\/revisions"}],"wp:featuredmedia":[{"embeddable":true,"href":"https:\/\/www.apfelpatient.de\/en\/wp-json\/wp\/v2\/media\/7052"}],"wp:attachment":[{"href":"https:\/\/www.apfelpatient.de\/en\/wp-json\/wp\/v2\/media?parent=7054"}],"wp:term":[{"taxonomy":"category","embeddable":true,"href":"https:\/\/www.apfelpatient.de\/en\/wp-json\/wp\/v2\/categories?post=7054"},{"taxonomy":"post_tag","embeddable":true,"href":"https:\/\/www.apfelpatient.de\/en\/wp-json\/wp\/v2\/tags?post=7054"}],"curies":[{"name":"wp","href":"https:\/\/api.w.org\/{rel}","templated":true}]}}