{"id":6997,"date":"2019-10-28T17:42:29","date_gmt":"2019-10-28T16:42:29","guid":{"rendered":"https:\/\/www.apfelpatient.de\/?p=6997"},"modified":"2019-10-28T17:42:29","modified_gmt":"2019-10-28T16:42:29","slug":"press-release-apple-introduces-airpods-pro","status":"publish","type":"post","link":"https:\/\/www.apfelpatient.de\/en\/news\/pressemitteilung-apple-stellt-airpods-pro-vor","title":{"rendered":"Press Release \u2013 Apple Introduces AirPods Pro"},"content":{"rendered":"<p class=\"p1\"><strong><span class=\"s1\">The time has finally come. Apple has introduced the brand new AirPods Pro via press release. <\/span><\/strong><\/p>\n<p class=\"p1\"><span class=\"s1\">The launch of the third generation of AirPods has been hinted at in recent days. Now the time has finally come. Apple has introduced the new AirPods Pro in a press release. The press release states: <\/span><\/p>\n<p class=\"p1\"><span class=\"s1\"><em>&quot;AirPods are the world&#039;s best-selling headphones. The one-tap setup experience, incredible sound and iconic design have made them a beloved Apple product and with AirPods Pro we&#039;re taking the magic even further&quot;<\/em> \u2013 said Phil Schiller, Apple&#039;s senior vice president of worldwide marketing. <\/span><\/p>\n<p class=\"p1\"><span class=\"s1\">The new AirPods Pro come in a completely new in-ear design and feature noise cancellation in two different modes. Users can choose between active noise cancellation and transparency mode. <\/span><span class=\"s1\">On the subject of noise cancellation, Apple writes the following: <\/span><\/p>\n<p class=\"p1\"><em><span class=\"s1\">&quot;Active Noise Cancellation on AirPods Pro uses two microphones combined with advanced software to continuously adjust to the individual fit of the ear and earbud. This removes background noise to provide a uniquely customized, high-quality noise cancellation experience that allows a user to focus on what they&#039;re listening to - whether it&#039;s a favorite song or a phone call.&quot;<\/span><\/em><\/p>\n<figure id=\"attachment_6998\" aria-describedby=\"caption-attachment-6998\" style=\"width: 1600px\" class=\"wp-caption aligncenter\"><img decoding=\"async\" class=\"size-full wp-image-6998\" src=\"https:\/\/www.apfelpatient.de\/wp-content\/uploads\/2019\/10\/Apple_AirPods-Pro_New-Design_102819.jpg\" alt=\"Image: Apple\" width=\"1600\" height=\"1600\"><figcaption id=\"caption-attachment-6998\" class=\"wp-caption-text\">Image: Apple<\/figcaption><\/figure>\n<p class=\"p1\"><span class=\"s1\">Pairing the new AirPods Pro with iPhone, iPad, iPod touch, Mac, Apple Watch and Apple TV is the same as with their predecessors. In addition to the plugs, the charging case also has a new shape - it is now elongated. Apple describes the sound quality as excellent. <\/span><\/p>\n<p class=\"p1\"><span class=\"s1\"><em>&quot;AirPods Pro deliver superior sound quality with Adaptive EQ, which automatically tunes the low and mid frequencies of music to the shape of each ear - resulting in an intense, immersive listening experience. A custom high dynamic range amplifier produces pure, incredibly clear sound while extending battery life and powers a custom, high-excursion, low-distortion speaker driver that optimizes audio quality and removes background noise.&quot;<\/em> \u2013 says the company. <\/span><\/p>\n<p class=\"p1\"><strong><span class=\"s1\">AirPods Pro \u2013 Features<\/span><\/strong><\/p>\n<p class=\"p1\"><\/p>\n<p class=\"p1\"><span class=\"s1\">The transparency mode is primarily intended for users on the street. It allows you to listen to music and traffic at the same time without putting the user in danger. The AirPods Pro have the H1 chip, which has 10 audio cores. In addition to the new features, the AirPods Pro also offer all the previous functions. This means that the command &quot;Hey Siri&quot; can also be executed here. <\/span><span class=\"s1\">They also support new features such as &quot;Announce messages with Siri&quot;, audio sharing and more. There is also news on the subject of battery life. The new charging case provides a total of 24 hours of battery life - the plugs themselves only need 4.5 hours per charge. The charging case can of course also be charged wirelessly - alternatively, it can be charged with a lightning cable as before. The new AirPods Pro are also sweat and water resistant, but are not suitable for water sports.<\/span><\/p>\n<p class=\"p1\"><strong><span class=\"s1\">Price and availability<\/span><\/strong><\/p>\n<figure id=\"attachment_6999\" aria-describedby=\"caption-attachment-6999\" style=\"width: 1600px\" class=\"wp-caption aligncenter\"><img decoding=\"async\" class=\"size-full wp-image-6999\" src=\"https:\/\/www.apfelpatient.de\/wp-content\/uploads\/2019\/10\/Apple_AirPods-Pro_New-Design-case-and-airpods-pro_102819.jpg\" alt=\"Image: Apple\" width=\"1600\" height=\"1725\"><figcaption id=\"caption-attachment-6999\" class=\"wp-caption-text\">Image: Apple<\/figcaption><\/figure>\n<p class=\"p1\"><span class=\"s1\">The new AirPods Pro can now be pre-ordered from Apple for a total of 279.00 euros. Delivery will begin on October 30th. They are only available in white. The new AirPods Pro require iOS 13.2, iPadOS 13.2, watchOS 6.1, tvOS 13.2, macOS 10.15.1 Catalina or newer. The prices for the AirPods 2 have not changed as part of the new release. <\/span><em>(Image: Apple )<\/em><\/p>\n<h5><em><strong>You don&#039;t want to miss any more news? Then subscribe to our <a href=\"https:\/\/t.me\/apfelpatient_official\">Telegram channel<\/a><\/strong><\/em><\/h5>","protected":false},"excerpt":{"rendered":"<p>Es ist nun endlich soweit. Apple hat die brandneuen AirPods Pro mittels Pressemitteilung vorgestellt. Die Vorstellung der dritten Generation der AirPods hat sich bereits in den letzten Tagen angedeutet. Nun ist es endlich soweit. Apple hat mittels Pressemitteilung die neuen AirPods Pro vorgestellt. In der Pressemitteilung hei\u00dft es: &#8222;AirPods sind die meistverkauften Kopfh\u00f6rer der Welt. [&hellip;]<\/p>\n","protected":false},"author":2,"featured_media":7000,"comment_status":"closed","ping_status":"open","sticky":false,"template":"","format":"standard","meta":{"jnews-multi-image_gallery":[],"jnews_single_post":{"subtitle":"","format":"standard","video":"","gallery":"","source_name":"","source_url":"","via_name":"","via_url":"","override":[{"single_blog_custom":"","sidebar":"","second_sidebar":"","share_position":"","share_float_style":"","post_date_format":"","post_date_format_custom":"","post_reading_time_wpm":"","zoom_button_out_step":"1","zoom_button_in_step":"1","number_popup_post":"1"}],"image_override":[{"single_post_thumbnail_size":"","single_post_gallery_size":""}],"trending_post_position":"","trending_post_label":""},"jnews_primary_category":{"id":""},"footnotes":""},"categories":[9],"tags":[28,347],"class_list":["post-6997","post","type-post","status-publish","format-standard","has-post-thumbnail","hentry","category-news","tag-airpods","tag-airpods-pro"],"yoast_head":"<!-- This site is optimized with the Yoast SEO Premium plugin v27.5 (Yoast SEO v27.5) - https:\/\/yoast.com\/product\/yoast-seo-premium-wordpress\/ -->\n<title>AirPods Pro - neues Design von Apple | Apfelpatient<\/title>\n<meta name=\"description\" content=\"AirPods Pro: 3. Generation in Apple Pressemitteilung vorgestellt. Neues In-Ear-Design &amp; Ger\u00e4uschunterdr\u00fcckung in 2 verschiedenen Modi.\" \/>\n<meta name=\"robots\" content=\"index, follow, max-snippet:-1, max-image-preview:large, max-video-preview:-1\" \/>\n<link rel=\"canonical\" href=\"https:\/\/www.apfelpatient.de\/en\/news\/press-release-apple-introduces-airpods-pro\" \/>\n<meta property=\"og:locale\" content=\"en_US\" \/>\n<meta property=\"og:type\" content=\"article\" \/>\n<meta property=\"og:title\" content=\"Pressemitteilung - Apple stellt AirPods Pro vor\" \/>\n<meta property=\"og:description\" content=\"Es ist nun endlich soweit. Apple hat die brandneuen AirPods Pro mittels Pressemitteilung vorgestellt.\" \/>\n<meta property=\"og:url\" content=\"https:\/\/www.apfelpatient.de\/en\/news\/press-release-apple-introduces-airpods-pro\" \/>\n<meta property=\"og:site_name\" content=\"Apfelpatient\" \/>\n<meta property=\"article:publisher\" content=\"https:\/\/www.facebook.com\/apfelpatientOfficial\" \/>\n<meta property=\"article:author\" content=\"https:\/\/www.facebook.com\/apfelpatientOfficial\" \/>\n<meta property=\"article:published_time\" content=\"2019-10-28T16:42:29+00:00\" \/>\n<meta property=\"og:image\" content=\"https:\/\/www.apfelpatient.de\/wp-content\/uploads\/2019\/10\/Apple_AirPods-Pro_Expanded_102819.jpg\" \/>\n\t<meta property=\"og:image:width\" content=\"1600\" \/>\n\t<meta property=\"og:image:height\" content=\"1128\" \/>\n\t<meta property=\"og:image:type\" content=\"image\/jpeg\" \/>\n<meta name=\"author\" content=\"Milan\" \/>\n<meta name=\"twitter:card\" content=\"summary_large_image\" \/>\n<meta name=\"twitter:title\" content=\"Pressemitteilung - Apple stellt AirPods Pro vor\" \/>\n<meta name=\"twitter:label1\" content=\"Written by\" \/>\n\t<meta name=\"twitter:data1\" content=\"Milan\" \/>\n\t<meta name=\"twitter:label2\" content=\"Est. reading time\" \/>\n\t<meta name=\"twitter:data2\" content=\"3 minutes\" \/>\n<script type=\"application\/ld+json\" class=\"yoast-schema-graph\">{\"@context\":\"https:\\\/\\\/schema.org\",\"@graph\":[{\"@type\":\"NewsArticle\",\"@id\":\"https:\\\/\\\/www.apfelpatient.de\\\/news\\\/pressemitteilung-apple-stellt-airpods-pro-vor#article\",\"isPartOf\":{\"@id\":\"https:\\\/\\\/www.apfelpatient.de\\\/news\\\/pressemitteilung-apple-stellt-airpods-pro-vor\"},\"author\":{\"@type\":\"Organization\",\"@id\":\"https:\\\/\\\/www.apfelpatient.de\\\/en\\\/#organization\",\"name\":\"Apfelpatient\",\"url\":\"https:\\\/\\\/www.apfelpatient.de\\\/en\\\/\"},\"headline\":\"Pressemitteilung &#8211; Apple stellt AirPods Pro vor\",\"datePublished\":\"2019-10-28T16:42:29+00:00\",\"mainEntityOfPage\":{\"@id\":\"https:\\\/\\\/www.apfelpatient.de\\\/news\\\/pressemitteilung-apple-stellt-airpods-pro-vor\"},\"wordCount\":606,\"publisher\":{\"@type\":\"Organization\",\"@id\":\"https:\\\/\\\/www.apfelpatient.de\\\/en\\\/#organization\",\"name\":\"Apfelpatient\",\"url\":\"https:\\\/\\\/www.apfelpatient.de\\\/en\\\/\"},\"image\":{\"@id\":\"https:\\\/\\\/www.apfelpatient.de\\\/news\\\/pressemitteilung-apple-stellt-airpods-pro-vor#primaryimage\"},\"thumbnailUrl\":\"https:\\\/\\\/www.apfelpatient.de\\\/wp-content\\\/uploads\\\/2019\\\/10\\\/Apple_AirPods-Pro_Expanded_102819.jpg\",\"keywords\":[\"AirPods\",\"AirPods Pro\"],\"articleSection\":\"News\",\"inLanguage\":\"en-US\",\"copyrightYear\":\"2019\",\"copyrightHolder\":{\"@id\":\"https:\\\/\\\/www.apfelpatient.de\\\/en\\\/#organization\"}},{\"@type\":\"WebPage\",\"@id\":\"https:\\\/\\\/www.apfelpatient.de\\\/news\\\/pressemitteilung-apple-stellt-airpods-pro-vor\",\"url\":\"https:\\\/\\\/www.apfelpatient.de\\\/news\\\/pressemitteilung-apple-stellt-airpods-pro-vor\",\"name\":\"AirPods Pro - neues Design von Apple | Apfelpatient\",\"isPartOf\":{\"@id\":\"https:\\\/\\\/www.apfelpatient.de\\\/#website\"},\"primaryImageOfPage\":{\"@id\":\"https:\\\/\\\/www.apfelpatient.de\\\/news\\\/pressemitteilung-apple-stellt-airpods-pro-vor#primaryimage\"},\"image\":{\"@id\":\"https:\\\/\\\/www.apfelpatient.de\\\/news\\\/pressemitteilung-apple-stellt-airpods-pro-vor#primaryimage\"},\"thumbnailUrl\":\"https:\\\/\\\/www.apfelpatient.de\\\/wp-content\\\/uploads\\\/2019\\\/10\\\/Apple_AirPods-Pro_Expanded_102819.jpg\",\"datePublished\":\"2019-10-28T16:42:29+00:00\",\"description\":\"AirPods Pro: 3. Generation in Apple Pressemitteilung vorgestellt. Neues In-Ear-Design & Ger\u00e4uschunterdr\u00fcckung in 2 verschiedenen Modi.\",\"breadcrumb\":{\"@id\":\"https:\\\/\\\/www.apfelpatient.de\\\/news\\\/pressemitteilung-apple-stellt-airpods-pro-vor#breadcrumb\"},\"inLanguage\":\"en-US\",\"potentialAction\":[{\"@type\":\"ReadAction\",\"target\":[\"https:\\\/\\\/www.apfelpatient.de\\\/news\\\/pressemitteilung-apple-stellt-airpods-pro-vor\"]}]},{\"@type\":\"ImageObject\",\"inLanguage\":\"en-US\",\"@id\":\"https:\\\/\\\/www.apfelpatient.de\\\/news\\\/pressemitteilung-apple-stellt-airpods-pro-vor#primaryimage\",\"url\":\"https:\\\/\\\/www.apfelpatient.de\\\/wp-content\\\/uploads\\\/2019\\\/10\\\/Apple_AirPods-Pro_Expanded_102819.jpg\",\"contentUrl\":\"https:\\\/\\\/www.apfelpatient.de\\\/wp-content\\\/uploads\\\/2019\\\/10\\\/Apple_AirPods-Pro_Expanded_102819.jpg\",\"width\":1600,\"height\":1128,\"caption\":\"Bild: Apple\"},{\"@type\":\"BreadcrumbList\",\"@id\":\"https:\\\/\\\/www.apfelpatient.de\\\/news\\\/pressemitteilung-apple-stellt-airpods-pro-vor#breadcrumb\",\"itemListElement\":[{\"@type\":\"ListItem\",\"position\":1,\"name\":\"Startseite\",\"item\":\"https:\\\/\\\/www.apfelpatient.de\\\/\"},{\"@type\":\"ListItem\",\"position\":2,\"name\":\"Pressemitteilung &#8211; Apple stellt AirPods Pro vor\"}]},{\"@type\":\"WebSite\",\"@id\":\"https:\\\/\\\/www.apfelpatient.de\\\/#website\",\"url\":\"https:\\\/\\\/www.apfelpatient.de\\\/\",\"name\":\"Apfelpatient\",\"description\":\"Alles rund um Apple!\",\"publisher\":{\"@type\":\"Organization\",\"@id\":\"https:\\\/\\\/www.apfelpatient.de\\\/en\\\/#organization\",\"name\":\"Apfelpatient\",\"url\":\"https:\\\/\\\/www.apfelpatient.de\\\/en\\\/\"},\"alternateName\":\"Apfelpatient\",\"potentialAction\":[{\"@type\":\"SearchAction\",\"target\":{\"@type\":\"EntryPoint\",\"urlTemplate\":\"https:\\\/\\\/www.apfelpatient.de\\\/?s={search_term_string}\"},\"query-input\":{\"@type\":\"PropertyValueSpecification\",\"valueRequired\":true,\"valueName\":\"search_term_string\"}}],\"inLanguage\":\"en-US\"},{\"@type\":[\"Person\",\"Organization\"],\"@id\":\"https:\\\/\\\/www.apfelpatient.de\\\/#\\\/schema\\\/person\\\/7dc56ad6c8e9824b76d2c08d4c140e13\",\"name\":\"Milan\",\"logo\":{\"@id\":\"https:\\\/\\\/www.apfelpatient.de\\\/#\\\/schema\\\/person\\\/image\\\/\"},\"description\":\"Hallo und herzlich willkommen auf meinem Technik-Blog! Als gro\u00dfer Apple-Fan berichte ich hier \u00fcber alles, was mit Apple zu tun hat: von den neuesten News und spannenden Ger\u00fcchten \u00fcber hilfreiche Tipps und Tricks bis hin zu ausf\u00fchrlichen Produkttests. Wenn du genauso technikbegeistert bist wie ich, bist du hier genau richtig!\",\"sameAs\":[\"https:\\\/\\\/www.facebook.com\\\/apfelpatientOfficial\",\"https:\\\/\\\/www.linkedin.com\\\/in\\\/milan-jovicic-42aa0231b\"],\"url\":\"https:\\\/\\\/www.apfelpatient.de\\\/en\\\/author\\\/apfeladmin\"}]}<\/script>\n<!-- \/ Yoast SEO Premium plugin. -->","yoast_head_json":{"title":"AirPods Pro - new design from Apple | Apfelpatient","description":"AirPods Pro: 3rd generation presented in Apple press release. New in-ear design &amp; noise cancellation in 2 different modes.","robots":{"index":"index","follow":"follow","max-snippet":"max-snippet:-1","max-image-preview":"max-image-preview:large","max-video-preview":"max-video-preview:-1"},"canonical":"https:\/\/www.apfelpatient.de\/en\/news\/press-release-apple-introduces-airpods-pro","og_locale":"en_US","og_type":"article","og_title":"Pressemitteilung - Apple stellt AirPods Pro vor","og_description":"Es ist nun endlich soweit. Apple hat die brandneuen AirPods Pro mittels Pressemitteilung vorgestellt.","og_url":"https:\/\/www.apfelpatient.de\/en\/news\/press-release-apple-introduces-airpods-pro","og_site_name":"Apfelpatient","article_publisher":"https:\/\/www.facebook.com\/apfelpatientOfficial","article_author":"https:\/\/www.facebook.com\/apfelpatientOfficial","article_published_time":"2019-10-28T16:42:29+00:00","og_image":[{"width":1600,"height":1128,"url":"https:\/\/www.apfelpatient.de\/wp-content\/uploads\/2019\/10\/Apple_AirPods-Pro_Expanded_102819.jpg","type":"image\/jpeg"}],"author":"Milan","twitter_card":"summary_large_image","twitter_title":"Pressemitteilung - Apple stellt AirPods Pro vor","twitter_misc":{"Written by":"Milan","Est. reading time":"3 minutes"},"schema":{"@context":"https:\/\/schema.org","@graph":[{"@type":"NewsArticle","@id":"https:\/\/www.apfelpatient.de\/news\/pressemitteilung-apple-stellt-airpods-pro-vor#article","isPartOf":{"@id":"https:\/\/www.apfelpatient.de\/news\/pressemitteilung-apple-stellt-airpods-pro-vor"},"author":{"@type":"Organization","@id":"https:\/\/www.apfelpatient.de\/en\/#organization","name":"Apfelpatient","url":"https:\/\/www.apfelpatient.de\/en\/"},"headline":"Pressemitteilung &#8211; Apple stellt AirPods Pro vor","datePublished":"2019-10-28T16:42:29+00:00","mainEntityOfPage":{"@id":"https:\/\/www.apfelpatient.de\/news\/pressemitteilung-apple-stellt-airpods-pro-vor"},"wordCount":606,"publisher":{"@type":"Organization","@id":"https:\/\/www.apfelpatient.de\/en\/#organization","name":"Apfelpatient","url":"https:\/\/www.apfelpatient.de\/en\/"},"image":{"@id":"https:\/\/www.apfelpatient.de\/news\/pressemitteilung-apple-stellt-airpods-pro-vor#primaryimage"},"thumbnailUrl":"https:\/\/www.apfelpatient.de\/wp-content\/uploads\/2019\/10\/Apple_AirPods-Pro_Expanded_102819.jpg","keywords":["AirPods","AirPods Pro"],"articleSection":"News","inLanguage":"en-US","copyrightYear":"2019","copyrightHolder":{"@id":"https:\/\/www.apfelpatient.de\/en\/#organization"}},{"@type":"WebPage","@id":"https:\/\/www.apfelpatient.de\/news\/pressemitteilung-apple-stellt-airpods-pro-vor","url":"https:\/\/www.apfelpatient.de\/news\/pressemitteilung-apple-stellt-airpods-pro-vor","name":"AirPods Pro - new design from Apple | Apfelpatient","isPartOf":{"@id":"https:\/\/www.apfelpatient.de\/#website"},"primaryImageOfPage":{"@id":"https:\/\/www.apfelpatient.de\/news\/pressemitteilung-apple-stellt-airpods-pro-vor#primaryimage"},"image":{"@id":"https:\/\/www.apfelpatient.de\/news\/pressemitteilung-apple-stellt-airpods-pro-vor#primaryimage"},"thumbnailUrl":"https:\/\/www.apfelpatient.de\/wp-content\/uploads\/2019\/10\/Apple_AirPods-Pro_Expanded_102819.jpg","datePublished":"2019-10-28T16:42:29+00:00","description":"AirPods Pro: 3rd generation presented in Apple press release. New in-ear design &amp; noise cancellation in 2 different modes.","breadcrumb":{"@id":"https:\/\/www.apfelpatient.de\/news\/pressemitteilung-apple-stellt-airpods-pro-vor#breadcrumb"},"inLanguage":"en-US","potentialAction":[{"@type":"ReadAction","target":["https:\/\/www.apfelpatient.de\/news\/pressemitteilung-apple-stellt-airpods-pro-vor"]}]},{"@type":"ImageObject","inLanguage":"en-US","@id":"https:\/\/www.apfelpatient.de\/news\/pressemitteilung-apple-stellt-airpods-pro-vor#primaryimage","url":"https:\/\/www.apfelpatient.de\/wp-content\/uploads\/2019\/10\/Apple_AirPods-Pro_Expanded_102819.jpg","contentUrl":"https:\/\/www.apfelpatient.de\/wp-content\/uploads\/2019\/10\/Apple_AirPods-Pro_Expanded_102819.jpg","width":1600,"height":1128,"caption":"Bild: Apple"},{"@type":"BreadcrumbList","@id":"https:\/\/www.apfelpatient.de\/news\/pressemitteilung-apple-stellt-airpods-pro-vor#breadcrumb","itemListElement":[{"@type":"ListItem","position":1,"name":"Startseite","item":"https:\/\/www.apfelpatient.de\/"},{"@type":"ListItem","position":2,"name":"Pressemitteilung &#8211; Apple stellt AirPods Pro vor"}]},{"@type":"WebSite","@id":"https:\/\/www.apfelpatient.de\/#website","url":"https:\/\/www.apfelpatient.de\/","name":"apple patient","description":"Everything about Apple!","publisher":{"@type":"Organization","@id":"https:\/\/www.apfelpatient.de\/en\/#organization","name":"Apfelpatient","url":"https:\/\/www.apfelpatient.de\/en\/"},"alternateName":"Apfelpatient","potentialAction":[{"@type":"SearchAction","target":{"@type":"EntryPoint","urlTemplate":"https:\/\/www.apfelpatient.de\/?s={search_term_string}"},"query-input":{"@type":"PropertyValueSpecification","valueRequired":true,"valueName":"search_term_string"}}],"inLanguage":"en-US"},{"@type":["Person","Organization"],"@id":"https:\/\/www.apfelpatient.de\/#\/schema\/person\/7dc56ad6c8e9824b76d2c08d4c140e13","name":"Milan","logo":{"@id":"https:\/\/www.apfelpatient.de\/#\/schema\/person\/image\/"},"description":"Hello and welcome to my technology blog! As a big Apple fan, I report on everything to do with Apple: from the latest news and exciting rumors to helpful tips and tricks and detailed product tests. If you are as enthusiastic about technology as I am, you have come to the right place!","sameAs":["https:\/\/www.facebook.com\/apfelpatientOfficial","https:\/\/www.linkedin.com\/in\/milan-jovicic-42aa0231b"],"url":"https:\/\/www.apfelpatient.de\/en\/author\/apfeladmin"}]}},"_links":{"self":[{"href":"https:\/\/www.apfelpatient.de\/en\/wp-json\/wp\/v2\/posts\/6997","targetHints":{"allow":["GET"]}}],"collection":[{"href":"https:\/\/www.apfelpatient.de\/en\/wp-json\/wp\/v2\/posts"}],"about":[{"href":"https:\/\/www.apfelpatient.de\/en\/wp-json\/wp\/v2\/types\/post"}],"author":[{"embeddable":true,"href":"https:\/\/www.apfelpatient.de\/en\/wp-json\/wp\/v2\/users\/2"}],"replies":[{"embeddable":true,"href":"https:\/\/www.apfelpatient.de\/en\/wp-json\/wp\/v2\/comments?post=6997"}],"version-history":[{"count":0,"href":"https:\/\/www.apfelpatient.de\/en\/wp-json\/wp\/v2\/posts\/6997\/revisions"}],"wp:featuredmedia":[{"embeddable":true,"href":"https:\/\/www.apfelpatient.de\/en\/wp-json\/wp\/v2\/media\/7000"}],"wp:attachment":[{"href":"https:\/\/www.apfelpatient.de\/en\/wp-json\/wp\/v2\/media?parent=6997"}],"wp:term":[{"taxonomy":"category","embeddable":true,"href":"https:\/\/www.apfelpatient.de\/en\/wp-json\/wp\/v2\/categories?post=6997"},{"taxonomy":"post_tag","embeddable":true,"href":"https:\/\/www.apfelpatient.de\/en\/wp-json\/wp\/v2\/tags?post=6997"}],"curies":[{"name":"wp","href":"https:\/\/api.w.org\/{rel}","templated":true}]}}