{"id":6993,"date":"2019-10-28T14:21:59","date_gmt":"2019-10-28T13:21:59","guid":{"rendered":"https:\/\/www.apfelpatient.de\/?p=6993"},"modified":"2019-10-28T14:21:59","modified_gmt":"2019-10-28T13:21:59","slug":"airpods-pro-apple-reportedly-holding-pre-launch-meetings","status":"publish","type":"post","link":"https:\/\/www.apfelpatient.de\/en\/rumors\/airpods-pro-apple-veranstaltet-angeblich-pre-launch-meetings","title":{"rendered":"AirPods Pro \u2013 Apple reportedly holds \u201cpre-launch meetings\u201d"},"content":{"rendered":"<p class=\"p2\"><strong><span class=\"s1\">According to current rumors, the AirPods Pro will be released this week \u2013 but how will Apple introduce the new earbuds?<\/span><\/strong><\/p>\n<p class=\"p2\"><span class=\"s1\">The well-known Apple leaker Ben Geskin now wants to know how Apple will present the new AirPods Pro. According to his information, Cupertino is planning the presentation in small groups. The new earbuds will be presented to selected journalists in the local Apple offices. As soon as these so-called &quot;pre-launch meetings&quot; have been held, the official launch will follow. According to Geskin&#039;s latest tweet, a meeting has already been held in Shanghai. The leaker is generally considered to be very well informed - whether he will be right this time remains to be seen, as he is currently the only one making this statement. <\/span><\/p>\n<p class=\"p1\"><\/p>\n<p class=\"p2\"><span class=\"s1\">The biggest innovation is noise cancellation. The AirPods Pro will appear in a new in-ear design. The price of the popular earbuds could start at around $260. The &quot;Pro&quot; is intended to highlight the new feature and justify the higher price - according to current rumors. <\/span>(Photo by DedMityay \/ Bigstockphot)<\/p>\n<div class=\"brlbs-cmpnt-container brlbs-cmpnt-content-blocker brlbs-cmpnt-with-individual-styles\" data-borlabs-cookie-content-blocker-id=\"x-alias-twitter-content-blocker\" data-borlabs-cookie-content=\"PGJsb2NrcXVvdGUgY2xhc3M9InR3aXR0ZXItdHdlZXQiIGRhdGEtd2lkdGg9IjUwMCIgZGF0YS1kbnQ9InRydWUiPjxwIGxhbmc9ImVuIiBkaXI9Imx0ciI+QWlyUG9kcyBQcm8gbWVkaWEgbWVldGluZyBoYXMgYWxyZWFkeSBiZWVuIGNvbXBsZXRlZCBpbiBTaGFuZ2hhaSA8YSBocmVmPSJodHRwczovL3QuY28vcUI0NnlwWmREVSI+aHR0cHM6Ly90LmNvL3FCNDZ5cFpkRFU8L2E+PC9wPiZtZGFzaDsgQmVuIEdlc2tpbiAoQEJlbkdlc2tpbikgPGEgaHJlZj0iaHR0cHM6Ly90d2l0dGVyLmNvbS9CZW5HZXNraW4vc3RhdHVzLzExODg3OTExMjY0NjkyODM4NDM\/cmVmX3NyYz10d3NyYyU1RXRmdyI+T2N0b2JlciAyOCwgMjAxOTwvYT48L2Jsb2NrcXVvdGU+PHNjcmlwdCBhc3luYyBzcmM9Imh0dHBzOi8vcGxhdGZvcm0udHdpdHRlci5jb20vd2lkZ2V0cy5qcyIgY2hhcnNldD0idXRmLTgiPjwvc2NyaXB0Pg==\">\n<div class=\"brlbs-cmpnt-cb-preset-b brlbs-cmpnt-cb-x\">\n<div class=\"brlbs-cmpnt-cb-thumbnail\" style=\"background-image: url('https:\/\/www.apfelpatient.de\/wp-content\/uploads\/borlabs-cookie\/1\/cb-twitter-main.png')\"><\/div>\n<div class=\"brlbs-cmpnt-cb-main\">\n<div class=\"brlbs-cmpnt-cb-content\">\n<p class=\"brlbs-cmpnt-cb-description\">You are currently viewing a placeholder content from <strong>X<\/strong>. To access the actual content, click the button below. Please note that doing so will share data with third-party providers.<\/p>\n<p> <a class=\"brlbs-cmpnt-cb-provider-toggle\" href=\"#\" data-borlabs-cookie-show-provider-information role=\"button\">More Information<\/a> <\/div>\n<div class=\"brlbs-cmpnt-cb-buttons\"> <a class=\"brlbs-cmpnt-cb-btn\" href=\"#\" data-borlabs-cookie-unblock role=\"button\">Unblock content<\/a> <a class=\"brlbs-cmpnt-cb-btn\" href=\"#\" data-borlabs-cookie-accept-service role=\"button\" style=\"display: inherit\">Accept required service and unblock content<\/a> <\/div><\/div><\/div>\n<\/div>\n<div class=\"simple-text tt-content size-4 title-droid margin-big\">\n<h5><em><strong>You don&#039;t want to miss any more news? Then subscribe to our <a href=\"https:\/\/t.me\/apfelpatient_official\">Telegram channel<\/a><\/strong><\/em><\/h5>\n<\/div>","protected":false},"excerpt":{"rendered":"<p>Aktuellen Ger\u00fcchten zufolge sollen die AirPods Pro noch in dieser Woche erscheinen &#8211; doch wie wird Apple die neuen St\u00f6psel vorstellen? Der bekannte Apple Leaker Ben Geskin will nun erfahren haben, wie Apple die neuen AirPods Pro vorstellen wird. Seinen Informationen nach plant Cupertino die Pr\u00e4sentation in kleinen Gruppen. Dabei sollen die neuen St\u00f6psel ausgew\u00e4hlten [&hellip;]<\/p>\n","protected":false},"author":2,"featured_media":6994,"comment_status":"closed","ping_status":"open","sticky":false,"template":"","format":"standard","meta":{"jnews-multi-image_gallery":[],"jnews_single_post":[],"jnews_primary_category":[],"footnotes":""},"categories":[25],"tags":[28,255,347],"class_list":["post-6993","post","type-post","status-publish","format-standard","has-post-thumbnail","hentry","category-rumors","tag-airpods","tag-airpods-3","tag-airpods-pro"],"yoast_head":"<!-- This site is optimized with the Yoast SEO Premium plugin v27.5 (Yoast SEO v27.5) - https:\/\/yoast.com\/product\/yoast-seo-premium-wordpress\/ -->\n<title>AirPods Pro - Apple veranstaltet angeblich &quot;Pre-Launch-Meetings&quot;<\/title>\n<meta name=\"description\" content=\"Aktuellen Ger\u00fcchten zufolge sollen die AirPods Pro noch in dieser Woche erscheinen - doch wie wird Apple die neuen St\u00f6psel vorstellen?\" \/>\n<meta name=\"robots\" content=\"index, follow, max-snippet:-1, max-image-preview:large, max-video-preview:-1\" \/>\n<link rel=\"canonical\" href=\"https:\/\/www.apfelpatient.de\/en\/rumors\/airpods-pro-apple-reportedly-holding-pre-launch-meetings\" \/>\n<meta property=\"og:locale\" content=\"en_US\" \/>\n<meta property=\"og:type\" content=\"article\" \/>\n<meta property=\"og:title\" content=\"AirPods Pro - Apple veranstaltet angeblich &quot;Pre-Launch-Meetings&quot;\" \/>\n<meta property=\"og:description\" content=\"Aktuellen Ger\u00fcchten zufolge sollen die AirPods Pro noch in dieser Woche erscheinen - doch wie wird Apple die neuen St\u00f6psel vorstellen?\" \/>\n<meta property=\"og:url\" content=\"https:\/\/www.apfelpatient.de\/en\/rumors\/airpods-pro-apple-reportedly-holding-pre-launch-meetings\" \/>\n<meta property=\"og:site_name\" content=\"Apfelpatient\" \/>\n<meta property=\"article:publisher\" content=\"https:\/\/www.facebook.com\/apfelpatientOfficial\" \/>\n<meta property=\"article:author\" content=\"https:\/\/www.facebook.com\/apfelpatientOfficial\" \/>\n<meta property=\"article:published_time\" content=\"2019-10-28T13:21:59+00:00\" \/>\n<meta property=\"og:image\" content=\"https:\/\/www.apfelpatient.de\/wp-content\/uploads\/2019\/10\/bigstock-Moscow-Russia-Circa-Decembe-273124750.jpg\" \/>\n\t<meta property=\"og:image:width\" content=\"1600\" \/>\n\t<meta property=\"og:image:height\" content=\"1066\" \/>\n\t<meta property=\"og:image:type\" content=\"image\/jpeg\" \/>\n<meta name=\"author\" content=\"Milan\" \/>\n<meta name=\"twitter:card\" content=\"summary_large_image\" \/>\n<meta name=\"twitter:title\" content=\"AirPods Pro - Apple veranstaltet angeblich &quot;Pre-Launch-Meetings&quot;\" \/>\n<meta name=\"twitter:label1\" content=\"Written by\" \/>\n\t<meta name=\"twitter:data1\" content=\"Milan\" \/>\n\t<meta name=\"twitter:label2\" content=\"Est. reading time\" \/>\n\t<meta name=\"twitter:data2\" content=\"1 minute\" \/>\n<script type=\"application\/ld+json\" class=\"yoast-schema-graph\">{\"@context\":\"https:\\\/\\\/schema.org\",\"@graph\":[{\"@type\":\"NewsArticle\",\"@id\":\"https:\\\/\\\/www.apfelpatient.de\\\/rumors\\\/airpods-pro-apple-veranstaltet-angeblich-pre-launch-meetings#article\",\"isPartOf\":{\"@id\":\"https:\\\/\\\/www.apfelpatient.de\\\/rumors\\\/airpods-pro-apple-veranstaltet-angeblich-pre-launch-meetings\"},\"author\":{\"@type\":\"Organization\",\"@id\":\"https:\\\/\\\/www.apfelpatient.de\\\/en\\\/#organization\",\"name\":\"Apfelpatient\",\"url\":\"https:\\\/\\\/www.apfelpatient.de\\\/en\\\/\"},\"headline\":\"AirPods Pro &#8211; Apple veranstaltet angeblich &#8222;Pre-Launch-Meetings&#8220;\",\"datePublished\":\"2019-10-28T13:21:59+00:00\",\"mainEntityOfPage\":{\"@id\":\"https:\\\/\\\/www.apfelpatient.de\\\/rumors\\\/airpods-pro-apple-veranstaltet-angeblich-pre-launch-meetings\"},\"wordCount\":201,\"publisher\":{\"@type\":\"Organization\",\"@id\":\"https:\\\/\\\/www.apfelpatient.de\\\/en\\\/#organization\",\"name\":\"Apfelpatient\",\"url\":\"https:\\\/\\\/www.apfelpatient.de\\\/en\\\/\"},\"image\":{\"@id\":\"https:\\\/\\\/www.apfelpatient.de\\\/rumors\\\/airpods-pro-apple-veranstaltet-angeblich-pre-launch-meetings#primaryimage\"},\"thumbnailUrl\":\"https:\\\/\\\/www.apfelpatient.de\\\/wp-content\\\/uploads\\\/2019\\\/10\\\/bigstock-Moscow-Russia-Circa-Decembe-273124750.jpg\",\"keywords\":[\"AirPods\",\"AirPods 3\",\"AirPods Pro\"],\"articleSection\":\"Rumors\",\"inLanguage\":\"en-US\",\"copyrightYear\":\"2019\",\"copyrightHolder\":{\"@id\":\"https:\\\/\\\/www.apfelpatient.de\\\/en\\\/#organization\"}},{\"@type\":\"WebPage\",\"@id\":\"https:\\\/\\\/www.apfelpatient.de\\\/rumors\\\/airpods-pro-apple-veranstaltet-angeblich-pre-launch-meetings\",\"url\":\"https:\\\/\\\/www.apfelpatient.de\\\/rumors\\\/airpods-pro-apple-veranstaltet-angeblich-pre-launch-meetings\",\"name\":\"AirPods Pro - Apple veranstaltet angeblich \\\"Pre-Launch-Meetings\\\"\",\"isPartOf\":{\"@id\":\"https:\\\/\\\/www.apfelpatient.de\\\/#website\"},\"primaryImageOfPage\":{\"@id\":\"https:\\\/\\\/www.apfelpatient.de\\\/rumors\\\/airpods-pro-apple-veranstaltet-angeblich-pre-launch-meetings#primaryimage\"},\"image\":{\"@id\":\"https:\\\/\\\/www.apfelpatient.de\\\/rumors\\\/airpods-pro-apple-veranstaltet-angeblich-pre-launch-meetings#primaryimage\"},\"thumbnailUrl\":\"https:\\\/\\\/www.apfelpatient.de\\\/wp-content\\\/uploads\\\/2019\\\/10\\\/bigstock-Moscow-Russia-Circa-Decembe-273124750.jpg\",\"datePublished\":\"2019-10-28T13:21:59+00:00\",\"description\":\"Aktuellen Ger\u00fcchten zufolge sollen die AirPods Pro noch in dieser Woche erscheinen - doch wie wird Apple die neuen St\u00f6psel vorstellen?\",\"breadcrumb\":{\"@id\":\"https:\\\/\\\/www.apfelpatient.de\\\/rumors\\\/airpods-pro-apple-veranstaltet-angeblich-pre-launch-meetings#breadcrumb\"},\"inLanguage\":\"en-US\",\"potentialAction\":[{\"@type\":\"ReadAction\",\"target\":[\"https:\\\/\\\/www.apfelpatient.de\\\/rumors\\\/airpods-pro-apple-veranstaltet-angeblich-pre-launch-meetings\"]}]},{\"@type\":\"ImageObject\",\"inLanguage\":\"en-US\",\"@id\":\"https:\\\/\\\/www.apfelpatient.de\\\/rumors\\\/airpods-pro-apple-veranstaltet-angeblich-pre-launch-meetings#primaryimage\",\"url\":\"https:\\\/\\\/www.apfelpatient.de\\\/wp-content\\\/uploads\\\/2019\\\/10\\\/bigstock-Moscow-Russia-Circa-Decembe-273124750.jpg\",\"contentUrl\":\"https:\\\/\\\/www.apfelpatient.de\\\/wp-content\\\/uploads\\\/2019\\\/10\\\/bigstock-Moscow-Russia-Circa-Decembe-273124750.jpg\",\"width\":1600,\"height\":1066,\"caption\":\"Moscow, Russia - Circa December 2018: Apple AirPods - wireless bluetooth earphones or headphones and white box for storage and charging, use with Iphone, Ipad or Mac.\"},{\"@type\":\"BreadcrumbList\",\"@id\":\"https:\\\/\\\/www.apfelpatient.de\\\/rumors\\\/airpods-pro-apple-veranstaltet-angeblich-pre-launch-meetings#breadcrumb\",\"itemListElement\":[{\"@type\":\"ListItem\",\"position\":1,\"name\":\"Startseite\",\"item\":\"https:\\\/\\\/www.apfelpatient.de\\\/\"},{\"@type\":\"ListItem\",\"position\":2,\"name\":\"AirPods Pro &#8211; Apple veranstaltet angeblich &#8222;Pre-Launch-Meetings&#8220;\"}]},{\"@type\":\"WebSite\",\"@id\":\"https:\\\/\\\/www.apfelpatient.de\\\/#website\",\"url\":\"https:\\\/\\\/www.apfelpatient.de\\\/\",\"name\":\"Apfelpatient\",\"description\":\"Alles rund um Apple!\",\"publisher\":{\"@type\":\"Organization\",\"@id\":\"https:\\\/\\\/www.apfelpatient.de\\\/en\\\/#organization\",\"name\":\"Apfelpatient\",\"url\":\"https:\\\/\\\/www.apfelpatient.de\\\/en\\\/\"},\"alternateName\":\"Apfelpatient\",\"potentialAction\":[{\"@type\":\"SearchAction\",\"target\":{\"@type\":\"EntryPoint\",\"urlTemplate\":\"https:\\\/\\\/www.apfelpatient.de\\\/?s={search_term_string}\"},\"query-input\":{\"@type\":\"PropertyValueSpecification\",\"valueRequired\":true,\"valueName\":\"search_term_string\"}}],\"inLanguage\":\"en-US\"},{\"@type\":[\"Person\",\"Organization\"],\"@id\":\"https:\\\/\\\/www.apfelpatient.de\\\/#\\\/schema\\\/person\\\/7dc56ad6c8e9824b76d2c08d4c140e13\",\"name\":\"Milan\",\"logo\":{\"@id\":\"https:\\\/\\\/www.apfelpatient.de\\\/#\\\/schema\\\/person\\\/image\\\/\"},\"description\":\"Hallo und herzlich willkommen auf meinem Technik-Blog! Als gro\u00dfer Apple-Fan berichte ich hier \u00fcber alles, was mit Apple zu tun hat: von den neuesten News und spannenden Ger\u00fcchten \u00fcber hilfreiche Tipps und Tricks bis hin zu ausf\u00fchrlichen Produkttests. Wenn du genauso technikbegeistert bist wie ich, bist du hier genau richtig!\",\"sameAs\":[\"https:\\\/\\\/www.facebook.com\\\/apfelpatientOfficial\",\"https:\\\/\\\/www.linkedin.com\\\/in\\\/milan-jovicic-42aa0231b\"],\"url\":\"https:\\\/\\\/www.apfelpatient.de\\\/en\\\/author\\\/apfeladmin\"}]}<\/script>\n<!-- \/ Yoast SEO Premium plugin. -->","yoast_head_json":{"title":"AirPods Pro - Apple reportedly holds &quot;pre-launch meetings&quot;","description":"According to current rumors, the AirPods Pro will be released this week - but how will Apple introduce the new earbuds?","robots":{"index":"index","follow":"follow","max-snippet":"max-snippet:-1","max-image-preview":"max-image-preview:large","max-video-preview":"max-video-preview:-1"},"canonical":"https:\/\/www.apfelpatient.de\/en\/rumors\/airpods-pro-apple-reportedly-holding-pre-launch-meetings","og_locale":"en_US","og_type":"article","og_title":"AirPods Pro - Apple veranstaltet angeblich &quot;Pre-Launch-Meetings&quot;","og_description":"Aktuellen Ger\u00fcchten zufolge sollen die AirPods Pro noch in dieser Woche erscheinen - doch wie wird Apple die neuen St\u00f6psel vorstellen?","og_url":"https:\/\/www.apfelpatient.de\/en\/rumors\/airpods-pro-apple-reportedly-holding-pre-launch-meetings","og_site_name":"Apfelpatient","article_publisher":"https:\/\/www.facebook.com\/apfelpatientOfficial","article_author":"https:\/\/www.facebook.com\/apfelpatientOfficial","article_published_time":"2019-10-28T13:21:59+00:00","og_image":[{"width":1600,"height":1066,"url":"https:\/\/www.apfelpatient.de\/wp-content\/uploads\/2019\/10\/bigstock-Moscow-Russia-Circa-Decembe-273124750.jpg","type":"image\/jpeg"}],"author":"Milan","twitter_card":"summary_large_image","twitter_title":"AirPods Pro - Apple veranstaltet angeblich \"Pre-Launch-Meetings\"","twitter_misc":{"Written by":"Milan","Est. reading time":"1 minute"},"schema":{"@context":"https:\/\/schema.org","@graph":[{"@type":"NewsArticle","@id":"https:\/\/www.apfelpatient.de\/rumors\/airpods-pro-apple-veranstaltet-angeblich-pre-launch-meetings#article","isPartOf":{"@id":"https:\/\/www.apfelpatient.de\/rumors\/airpods-pro-apple-veranstaltet-angeblich-pre-launch-meetings"},"author":{"@type":"Organization","@id":"https:\/\/www.apfelpatient.de\/en\/#organization","name":"Apfelpatient","url":"https:\/\/www.apfelpatient.de\/en\/"},"headline":"AirPods Pro &#8211; Apple veranstaltet angeblich &#8222;Pre-Launch-Meetings&#8220;","datePublished":"2019-10-28T13:21:59+00:00","mainEntityOfPage":{"@id":"https:\/\/www.apfelpatient.de\/rumors\/airpods-pro-apple-veranstaltet-angeblich-pre-launch-meetings"},"wordCount":201,"publisher":{"@type":"Organization","@id":"https:\/\/www.apfelpatient.de\/en\/#organization","name":"Apfelpatient","url":"https:\/\/www.apfelpatient.de\/en\/"},"image":{"@id":"https:\/\/www.apfelpatient.de\/rumors\/airpods-pro-apple-veranstaltet-angeblich-pre-launch-meetings#primaryimage"},"thumbnailUrl":"https:\/\/www.apfelpatient.de\/wp-content\/uploads\/2019\/10\/bigstock-Moscow-Russia-Circa-Decembe-273124750.jpg","keywords":["AirPods","AirPods 3","AirPods Pro"],"articleSection":"Rumors","inLanguage":"en-US","copyrightYear":"2019","copyrightHolder":{"@id":"https:\/\/www.apfelpatient.de\/en\/#organization"}},{"@type":"WebPage","@id":"https:\/\/www.apfelpatient.de\/rumors\/airpods-pro-apple-veranstaltet-angeblich-pre-launch-meetings","url":"https:\/\/www.apfelpatient.de\/rumors\/airpods-pro-apple-veranstaltet-angeblich-pre-launch-meetings","name":"AirPods Pro - Apple reportedly holds &quot;pre-launch meetings&quot;","isPartOf":{"@id":"https:\/\/www.apfelpatient.de\/#website"},"primaryImageOfPage":{"@id":"https:\/\/www.apfelpatient.de\/rumors\/airpods-pro-apple-veranstaltet-angeblich-pre-launch-meetings#primaryimage"},"image":{"@id":"https:\/\/www.apfelpatient.de\/rumors\/airpods-pro-apple-veranstaltet-angeblich-pre-launch-meetings#primaryimage"},"thumbnailUrl":"https:\/\/www.apfelpatient.de\/wp-content\/uploads\/2019\/10\/bigstock-Moscow-Russia-Circa-Decembe-273124750.jpg","datePublished":"2019-10-28T13:21:59+00:00","description":"According to current rumors, the AirPods Pro will be released this week - but how will Apple introduce the new earbuds?","breadcrumb":{"@id":"https:\/\/www.apfelpatient.de\/rumors\/airpods-pro-apple-veranstaltet-angeblich-pre-launch-meetings#breadcrumb"},"inLanguage":"en-US","potentialAction":[{"@type":"ReadAction","target":["https:\/\/www.apfelpatient.de\/rumors\/airpods-pro-apple-veranstaltet-angeblich-pre-launch-meetings"]}]},{"@type":"ImageObject","inLanguage":"en-US","@id":"https:\/\/www.apfelpatient.de\/rumors\/airpods-pro-apple-veranstaltet-angeblich-pre-launch-meetings#primaryimage","url":"https:\/\/www.apfelpatient.de\/wp-content\/uploads\/2019\/10\/bigstock-Moscow-Russia-Circa-Decembe-273124750.jpg","contentUrl":"https:\/\/www.apfelpatient.de\/wp-content\/uploads\/2019\/10\/bigstock-Moscow-Russia-Circa-Decembe-273124750.jpg","width":1600,"height":1066,"caption":"Moscow, Russia - Circa December 2018: Apple AirPods - wireless bluetooth earphones or headphones and white box for storage and charging, use with Iphone, Ipad or Mac."},{"@type":"BreadcrumbList","@id":"https:\/\/www.apfelpatient.de\/rumors\/airpods-pro-apple-veranstaltet-angeblich-pre-launch-meetings#breadcrumb","itemListElement":[{"@type":"ListItem","position":1,"name":"Startseite","item":"https:\/\/www.apfelpatient.de\/"},{"@type":"ListItem","position":2,"name":"AirPods Pro &#8211; Apple veranstaltet angeblich &#8222;Pre-Launch-Meetings&#8220;"}]},{"@type":"WebSite","@id":"https:\/\/www.apfelpatient.de\/#website","url":"https:\/\/www.apfelpatient.de\/","name":"apple patient","description":"Everything about Apple!","publisher":{"@type":"Organization","@id":"https:\/\/www.apfelpatient.de\/en\/#organization","name":"Apfelpatient","url":"https:\/\/www.apfelpatient.de\/en\/"},"alternateName":"Apfelpatient","potentialAction":[{"@type":"SearchAction","target":{"@type":"EntryPoint","urlTemplate":"https:\/\/www.apfelpatient.de\/?s={search_term_string}"},"query-input":{"@type":"PropertyValueSpecification","valueRequired":true,"valueName":"search_term_string"}}],"inLanguage":"en-US"},{"@type":["Person","Organization"],"@id":"https:\/\/www.apfelpatient.de\/#\/schema\/person\/7dc56ad6c8e9824b76d2c08d4c140e13","name":"Milan","logo":{"@id":"https:\/\/www.apfelpatient.de\/#\/schema\/person\/image\/"},"description":"Hello and welcome to my technology blog! As a big Apple fan, I report on everything to do with Apple: from the latest news and exciting rumors to helpful tips and tricks and detailed product tests. If you are as enthusiastic about technology as I am, you have come to the right place!","sameAs":["https:\/\/www.facebook.com\/apfelpatientOfficial","https:\/\/www.linkedin.com\/in\/milan-jovicic-42aa0231b"],"url":"https:\/\/www.apfelpatient.de\/en\/author\/apfeladmin"}]}},"_links":{"self":[{"href":"https:\/\/www.apfelpatient.de\/en\/wp-json\/wp\/v2\/posts\/6993","targetHints":{"allow":["GET"]}}],"collection":[{"href":"https:\/\/www.apfelpatient.de\/en\/wp-json\/wp\/v2\/posts"}],"about":[{"href":"https:\/\/www.apfelpatient.de\/en\/wp-json\/wp\/v2\/types\/post"}],"author":[{"embeddable":true,"href":"https:\/\/www.apfelpatient.de\/en\/wp-json\/wp\/v2\/users\/2"}],"replies":[{"embeddable":true,"href":"https:\/\/www.apfelpatient.de\/en\/wp-json\/wp\/v2\/comments?post=6993"}],"version-history":[{"count":0,"href":"https:\/\/www.apfelpatient.de\/en\/wp-json\/wp\/v2\/posts\/6993\/revisions"}],"wp:featuredmedia":[{"embeddable":true,"href":"https:\/\/www.apfelpatient.de\/en\/wp-json\/wp\/v2\/media\/6994"}],"wp:attachment":[{"href":"https:\/\/www.apfelpatient.de\/en\/wp-json\/wp\/v2\/media?parent=6993"}],"wp:term":[{"taxonomy":"category","embeddable":true,"href":"https:\/\/www.apfelpatient.de\/en\/wp-json\/wp\/v2\/categories?post=6993"},{"taxonomy":"post_tag","embeddable":true,"href":"https:\/\/www.apfelpatient.de\/en\/wp-json\/wp\/v2\/tags?post=6993"}],"curies":[{"name":"wp","href":"https:\/\/api.w.org\/{rel}","templated":true}]}}