{"id":6966,"date":"2019-10-27T10:43:00","date_gmt":"2019-10-27T09:43:00","guid":{"rendered":"https:\/\/www.apfelpatient.de\/?p=6966"},"modified":"2019-10-27T10:43:00","modified_gmt":"2019-10-27T09:43:00","slug":"airpods-pro-reportedly-available-in-eight-colors","status":"publish","type":"post","link":"https:\/\/www.apfelpatient.de\/en\/rumors\/airpods-pro-angeblich-in-acht-farben-erhaeltlich","title":{"rendered":"AirPods Pro \u2013 Allegedly available in eight colors"},"content":{"rendered":"<p class=\"p1\"><strong>The rumors surrounding the AirPods Pro continue to grow. Now a report has surfaced that Apple wants to offer the new earbuds in eight colors.<\/strong><\/p>\n<p class=\"p1\">The rumor mill shows no signs of letting up regarding the third generation of AirPods - now the Chinese Economic Daily News has published a new report that the AirPods Pro will be available in eight different colors. These will be available in white, black and the new midnight green, among others. However, no other colors were mentioned. Rumors about a black version of the plugs have been circulating for months - while Beats headphones are offered in a variety of colors, the AirPods have so far remained white - expanding the color selection would be an important step.<\/p>\n<p class=\"p1\"><strong>release next week<\/strong><\/p>\n<p class=\"p1\"><\/p>\n<p class=\"p1\">The biggest innovation is said to be noise cancellation. According to this, the AirPods Pro will appear in a new in-ear design. The popular earbuds could start at around $260. Now there is also said to be a launch date. The well-known Apple leaker Ben Geskin announced on Twitter that Apple will present the new earbuds next week - at the end of October. However, it is not known exactly which day the presentation will take place. <em>(Photo by Eremin \/ Bigstockphoto)<\/em><\/p>\n<h5><em><strong>You don&#039;t want to miss any more news? Then subscribe to our <a href=\"https:\/\/t.me\/apfelpatient_official\">Telegram channel<\/a><\/strong><\/em><\/h5>","protected":false},"excerpt":{"rendered":"<p>Die Ger\u00fcchte rund um die AirPods Pro nehmen weiter zu. Nun ist ein Bericht aufgetaucht, wonach Apple die neuen St\u00f6psel in acht Farben anbieten m\u00f6chte. Die Ger\u00fcchtek\u00fcche will in Bezug auf die dritte Generation der AirPods nicht nachlassen &#8211; nun hat die chinesische Economic Daily News einen neuen Bericht ver\u00f6ffentlicht, wonach die AirPods Pro in [&hellip;]<\/p>\n","protected":false},"author":2,"featured_media":6967,"comment_status":"closed","ping_status":"open","sticky":false,"template":"","format":"standard","meta":{"jnews-multi-image_gallery":[],"jnews_single_post":[],"jnews_primary_category":[],"footnotes":""},"categories":[25],"tags":[28,255,347],"class_list":["post-6966","post","type-post","status-publish","format-standard","has-post-thumbnail","hentry","category-rumors","tag-airpods","tag-airpods-3","tag-airpods-pro"],"yoast_head":"<!-- This site is optimized with the Yoast SEO Premium plugin v27.5 (Yoast SEO v27.5) - https:\/\/yoast.com\/product\/yoast-seo-premium-wordpress\/ -->\n<title>AirPods Pro - Angeblich in acht Farben erh\u00e4ltlich<\/title>\n<meta name=\"description\" content=\"Die Ger\u00fcchte rund um die AirPods Pro nehmen weiter zu. Nun ist ein Bericht aufgetaucht, wonach Apple die neuen St\u00f6psel in acht Farben anbieten m\u00f6chte.\" \/>\n<meta name=\"robots\" content=\"index, follow, max-snippet:-1, max-image-preview:large, max-video-preview:-1\" \/>\n<link rel=\"canonical\" href=\"https:\/\/www.apfelpatient.de\/en\/rumors\/airpods-pro-reportedly-available-in-eight-colors\" \/>\n<meta property=\"og:locale\" content=\"en_US\" \/>\n<meta property=\"og:type\" content=\"article\" \/>\n<meta property=\"og:title\" content=\"AirPods Pro - Angeblich in acht Farben erh\u00e4ltlich\" \/>\n<meta property=\"og:description\" content=\"Die Ger\u00fcchte rund um die AirPods Pro nehmen weiter zu. Nun ist ein Bericht aufgetaucht, wonach Apple die neuen St\u00f6psel in acht Farben anbieten m\u00f6chte.\" \/>\n<meta property=\"og:url\" content=\"https:\/\/www.apfelpatient.de\/en\/rumors\/airpods-pro-reportedly-available-in-eight-colors\" \/>\n<meta property=\"og:site_name\" content=\"Apfelpatient\" \/>\n<meta property=\"article:publisher\" content=\"https:\/\/www.facebook.com\/apfelpatientOfficial\" \/>\n<meta property=\"article:author\" content=\"https:\/\/www.facebook.com\/apfelpatientOfficial\" \/>\n<meta property=\"article:published_time\" content=\"2019-10-27T09:43:00+00:00\" \/>\n<meta property=\"og:image\" content=\"https:\/\/www.apfelpatient.de\/wp-content\/uploads\/2019\/10\/bigstock-Rostov-on-don-Russia-Octobe-328289515.jpg\" \/>\n\t<meta property=\"og:image:width\" content=\"1600\" \/>\n\t<meta property=\"og:image:height\" content=\"1072\" \/>\n\t<meta property=\"og:image:type\" content=\"image\/jpeg\" \/>\n<meta name=\"author\" content=\"Milan\" \/>\n<meta name=\"twitter:card\" content=\"summary_large_image\" \/>\n<meta name=\"twitter:title\" content=\"AirPods Pro - Angeblich in acht Farben erh\u00e4ltlich\" \/>\n<meta name=\"twitter:label1\" content=\"Written by\" \/>\n\t<meta name=\"twitter:data1\" content=\"Milan\" \/>\n\t<meta name=\"twitter:label2\" content=\"Est. reading time\" \/>\n\t<meta name=\"twitter:data2\" content=\"1 minute\" \/>\n<script type=\"application\/ld+json\" class=\"yoast-schema-graph\">{\"@context\":\"https:\\\/\\\/schema.org\",\"@graph\":[{\"@type\":\"NewsArticle\",\"@id\":\"https:\\\/\\\/www.apfelpatient.de\\\/rumors\\\/airpods-pro-angeblich-in-acht-farben-erhaeltlich#article\",\"isPartOf\":{\"@id\":\"https:\\\/\\\/www.apfelpatient.de\\\/rumors\\\/airpods-pro-angeblich-in-acht-farben-erhaeltlich\"},\"author\":{\"@type\":\"Organization\",\"@id\":\"https:\\\/\\\/www.apfelpatient.de\\\/en\\\/#organization\",\"name\":\"Apfelpatient\",\"url\":\"https:\\\/\\\/www.apfelpatient.de\\\/en\\\/\"},\"headline\":\"AirPods Pro &#8211; Angeblich in acht Farben erh\u00e4ltlich\",\"datePublished\":\"2019-10-27T09:43:00+00:00\",\"mainEntityOfPage\":{\"@id\":\"https:\\\/\\\/www.apfelpatient.de\\\/rumors\\\/airpods-pro-angeblich-in-acht-farben-erhaeltlich\"},\"wordCount\":239,\"publisher\":{\"@type\":\"Organization\",\"@id\":\"https:\\\/\\\/www.apfelpatient.de\\\/en\\\/#organization\",\"name\":\"Apfelpatient\",\"url\":\"https:\\\/\\\/www.apfelpatient.de\\\/en\\\/\"},\"image\":{\"@id\":\"https:\\\/\\\/www.apfelpatient.de\\\/rumors\\\/airpods-pro-angeblich-in-acht-farben-erhaeltlich#primaryimage\"},\"thumbnailUrl\":\"https:\\\/\\\/www.apfelpatient.de\\\/wp-content\\\/uploads\\\/2019\\\/10\\\/bigstock-Rostov-on-don-Russia-Octobe-328289515.jpg\",\"keywords\":[\"AirPods\",\"AirPods 3\",\"AirPods Pro\"],\"articleSection\":\"Rumors\",\"inLanguage\":\"en-US\",\"copyrightYear\":\"2019\",\"copyrightHolder\":{\"@id\":\"https:\\\/\\\/www.apfelpatient.de\\\/en\\\/#organization\"}},{\"@type\":\"WebPage\",\"@id\":\"https:\\\/\\\/www.apfelpatient.de\\\/rumors\\\/airpods-pro-angeblich-in-acht-farben-erhaeltlich\",\"url\":\"https:\\\/\\\/www.apfelpatient.de\\\/rumors\\\/airpods-pro-angeblich-in-acht-farben-erhaeltlich\",\"name\":\"AirPods Pro - Angeblich in acht Farben erh\u00e4ltlich\",\"isPartOf\":{\"@id\":\"https:\\\/\\\/www.apfelpatient.de\\\/#website\"},\"primaryImageOfPage\":{\"@id\":\"https:\\\/\\\/www.apfelpatient.de\\\/rumors\\\/airpods-pro-angeblich-in-acht-farben-erhaeltlich#primaryimage\"},\"image\":{\"@id\":\"https:\\\/\\\/www.apfelpatient.de\\\/rumors\\\/airpods-pro-angeblich-in-acht-farben-erhaeltlich#primaryimage\"},\"thumbnailUrl\":\"https:\\\/\\\/www.apfelpatient.de\\\/wp-content\\\/uploads\\\/2019\\\/10\\\/bigstock-Rostov-on-don-Russia-Octobe-328289515.jpg\",\"datePublished\":\"2019-10-27T09:43:00+00:00\",\"description\":\"Die Ger\u00fcchte rund um die AirPods Pro nehmen weiter zu. Nun ist ein Bericht aufgetaucht, wonach Apple die neuen St\u00f6psel in acht Farben anbieten m\u00f6chte.\",\"breadcrumb\":{\"@id\":\"https:\\\/\\\/www.apfelpatient.de\\\/rumors\\\/airpods-pro-angeblich-in-acht-farben-erhaeltlich#breadcrumb\"},\"inLanguage\":\"en-US\",\"potentialAction\":[{\"@type\":\"ReadAction\",\"target\":[\"https:\\\/\\\/www.apfelpatient.de\\\/rumors\\\/airpods-pro-angeblich-in-acht-farben-erhaeltlich\"]}]},{\"@type\":\"ImageObject\",\"inLanguage\":\"en-US\",\"@id\":\"https:\\\/\\\/www.apfelpatient.de\\\/rumors\\\/airpods-pro-angeblich-in-acht-farben-erhaeltlich#primaryimage\",\"url\":\"https:\\\/\\\/www.apfelpatient.de\\\/wp-content\\\/uploads\\\/2019\\\/10\\\/bigstock-Rostov-on-don-Russia-Octobe-328289515.jpg\",\"contentUrl\":\"https:\\\/\\\/www.apfelpatient.de\\\/wp-content\\\/uploads\\\/2019\\\/10\\\/bigstock-Rostov-on-don-Russia-Octobe-328289515.jpg\",\"width\":1600,\"height\":1072,\"caption\":\"Rostov-on-Don, Russia - october 2019. Apple iPhone 11 Pro on a wooden surface. Apple's new smartphone close-up. Smartphone and AirPods earphones.\"},{\"@type\":\"BreadcrumbList\",\"@id\":\"https:\\\/\\\/www.apfelpatient.de\\\/rumors\\\/airpods-pro-angeblich-in-acht-farben-erhaeltlich#breadcrumb\",\"itemListElement\":[{\"@type\":\"ListItem\",\"position\":1,\"name\":\"Startseite\",\"item\":\"https:\\\/\\\/www.apfelpatient.de\\\/\"},{\"@type\":\"ListItem\",\"position\":2,\"name\":\"AirPods Pro &#8211; Angeblich in acht Farben erh\u00e4ltlich\"}]},{\"@type\":\"WebSite\",\"@id\":\"https:\\\/\\\/www.apfelpatient.de\\\/#website\",\"url\":\"https:\\\/\\\/www.apfelpatient.de\\\/\",\"name\":\"Apfelpatient\",\"description\":\"Alles rund um Apple!\",\"publisher\":{\"@type\":\"Organization\",\"@id\":\"https:\\\/\\\/www.apfelpatient.de\\\/en\\\/#organization\",\"name\":\"Apfelpatient\",\"url\":\"https:\\\/\\\/www.apfelpatient.de\\\/en\\\/\"},\"alternateName\":\"Apfelpatient\",\"potentialAction\":[{\"@type\":\"SearchAction\",\"target\":{\"@type\":\"EntryPoint\",\"urlTemplate\":\"https:\\\/\\\/www.apfelpatient.de\\\/?s={search_term_string}\"},\"query-input\":{\"@type\":\"PropertyValueSpecification\",\"valueRequired\":true,\"valueName\":\"search_term_string\"}}],\"inLanguage\":\"en-US\"},{\"@type\":[\"Person\",\"Organization\"],\"@id\":\"https:\\\/\\\/www.apfelpatient.de\\\/#\\\/schema\\\/person\\\/7dc56ad6c8e9824b76d2c08d4c140e13\",\"name\":\"Milan\",\"logo\":{\"@id\":\"https:\\\/\\\/www.apfelpatient.de\\\/#\\\/schema\\\/person\\\/image\\\/\"},\"description\":\"Hallo und herzlich willkommen auf meinem Technik-Blog! Als gro\u00dfer Apple-Fan berichte ich hier \u00fcber alles, was mit Apple zu tun hat: von den neuesten News und spannenden Ger\u00fcchten \u00fcber hilfreiche Tipps und Tricks bis hin zu ausf\u00fchrlichen Produkttests. Wenn du genauso technikbegeistert bist wie ich, bist du hier genau richtig!\",\"sameAs\":[\"https:\\\/\\\/www.facebook.com\\\/apfelpatientOfficial\",\"https:\\\/\\\/www.linkedin.com\\\/in\\\/milan-jovicic-42aa0231b\"],\"url\":\"https:\\\/\\\/www.apfelpatient.de\\\/en\\\/author\\\/apfeladmin\"}]}<\/script>\n<!-- \/ Yoast SEO Premium plugin. -->","yoast_head_json":{"title":"AirPods Pro - Allegedly available in eight colors","description":"The rumors surrounding the AirPods Pro continue to grow. Now a report has surfaced that Apple wants to offer the new earbuds in eight colors.","robots":{"index":"index","follow":"follow","max-snippet":"max-snippet:-1","max-image-preview":"max-image-preview:large","max-video-preview":"max-video-preview:-1"},"canonical":"https:\/\/www.apfelpatient.de\/en\/rumors\/airpods-pro-reportedly-available-in-eight-colors","og_locale":"en_US","og_type":"article","og_title":"AirPods Pro - Angeblich in acht Farben erh\u00e4ltlich","og_description":"Die Ger\u00fcchte rund um die AirPods Pro nehmen weiter zu. Nun ist ein Bericht aufgetaucht, wonach Apple die neuen St\u00f6psel in acht Farben anbieten m\u00f6chte.","og_url":"https:\/\/www.apfelpatient.de\/en\/rumors\/airpods-pro-reportedly-available-in-eight-colors","og_site_name":"Apfelpatient","article_publisher":"https:\/\/www.facebook.com\/apfelpatientOfficial","article_author":"https:\/\/www.facebook.com\/apfelpatientOfficial","article_published_time":"2019-10-27T09:43:00+00:00","og_image":[{"width":1600,"height":1072,"url":"https:\/\/www.apfelpatient.de\/wp-content\/uploads\/2019\/10\/bigstock-Rostov-on-don-Russia-Octobe-328289515.jpg","type":"image\/jpeg"}],"author":"Milan","twitter_card":"summary_large_image","twitter_title":"AirPods Pro - Angeblich in acht Farben erh\u00e4ltlich","twitter_misc":{"Written by":"Milan","Est. reading time":"1 minute"},"schema":{"@context":"https:\/\/schema.org","@graph":[{"@type":"NewsArticle","@id":"https:\/\/www.apfelpatient.de\/rumors\/airpods-pro-angeblich-in-acht-farben-erhaeltlich#article","isPartOf":{"@id":"https:\/\/www.apfelpatient.de\/rumors\/airpods-pro-angeblich-in-acht-farben-erhaeltlich"},"author":{"@type":"Organization","@id":"https:\/\/www.apfelpatient.de\/en\/#organization","name":"Apfelpatient","url":"https:\/\/www.apfelpatient.de\/en\/"},"headline":"AirPods Pro &#8211; Angeblich in acht Farben erh\u00e4ltlich","datePublished":"2019-10-27T09:43:00+00:00","mainEntityOfPage":{"@id":"https:\/\/www.apfelpatient.de\/rumors\/airpods-pro-angeblich-in-acht-farben-erhaeltlich"},"wordCount":239,"publisher":{"@type":"Organization","@id":"https:\/\/www.apfelpatient.de\/en\/#organization","name":"Apfelpatient","url":"https:\/\/www.apfelpatient.de\/en\/"},"image":{"@id":"https:\/\/www.apfelpatient.de\/rumors\/airpods-pro-angeblich-in-acht-farben-erhaeltlich#primaryimage"},"thumbnailUrl":"https:\/\/www.apfelpatient.de\/wp-content\/uploads\/2019\/10\/bigstock-Rostov-on-don-Russia-Octobe-328289515.jpg","keywords":["AirPods","AirPods 3","AirPods Pro"],"articleSection":"Rumors","inLanguage":"en-US","copyrightYear":"2019","copyrightHolder":{"@id":"https:\/\/www.apfelpatient.de\/en\/#organization"}},{"@type":"WebPage","@id":"https:\/\/www.apfelpatient.de\/rumors\/airpods-pro-angeblich-in-acht-farben-erhaeltlich","url":"https:\/\/www.apfelpatient.de\/rumors\/airpods-pro-angeblich-in-acht-farben-erhaeltlich","name":"AirPods Pro - Allegedly available in eight colors","isPartOf":{"@id":"https:\/\/www.apfelpatient.de\/#website"},"primaryImageOfPage":{"@id":"https:\/\/www.apfelpatient.de\/rumors\/airpods-pro-angeblich-in-acht-farben-erhaeltlich#primaryimage"},"image":{"@id":"https:\/\/www.apfelpatient.de\/rumors\/airpods-pro-angeblich-in-acht-farben-erhaeltlich#primaryimage"},"thumbnailUrl":"https:\/\/www.apfelpatient.de\/wp-content\/uploads\/2019\/10\/bigstock-Rostov-on-don-Russia-Octobe-328289515.jpg","datePublished":"2019-10-27T09:43:00+00:00","description":"The rumors surrounding the AirPods Pro continue to grow. Now a report has surfaced that Apple wants to offer the new earbuds in eight colors.","breadcrumb":{"@id":"https:\/\/www.apfelpatient.de\/rumors\/airpods-pro-angeblich-in-acht-farben-erhaeltlich#breadcrumb"},"inLanguage":"en-US","potentialAction":[{"@type":"ReadAction","target":["https:\/\/www.apfelpatient.de\/rumors\/airpods-pro-angeblich-in-acht-farben-erhaeltlich"]}]},{"@type":"ImageObject","inLanguage":"en-US","@id":"https:\/\/www.apfelpatient.de\/rumors\/airpods-pro-angeblich-in-acht-farben-erhaeltlich#primaryimage","url":"https:\/\/www.apfelpatient.de\/wp-content\/uploads\/2019\/10\/bigstock-Rostov-on-don-Russia-Octobe-328289515.jpg","contentUrl":"https:\/\/www.apfelpatient.de\/wp-content\/uploads\/2019\/10\/bigstock-Rostov-on-don-Russia-Octobe-328289515.jpg","width":1600,"height":1072,"caption":"Rostov-on-Don, Russia - october 2019. Apple iPhone 11 Pro on a wooden surface. Apple's new smartphone close-up. Smartphone and AirPods earphones."},{"@type":"BreadcrumbList","@id":"https:\/\/www.apfelpatient.de\/rumors\/airpods-pro-angeblich-in-acht-farben-erhaeltlich#breadcrumb","itemListElement":[{"@type":"ListItem","position":1,"name":"Startseite","item":"https:\/\/www.apfelpatient.de\/"},{"@type":"ListItem","position":2,"name":"AirPods Pro &#8211; Angeblich in acht Farben erh\u00e4ltlich"}]},{"@type":"WebSite","@id":"https:\/\/www.apfelpatient.de\/#website","url":"https:\/\/www.apfelpatient.de\/","name":"apple patient","description":"Everything about Apple!","publisher":{"@type":"Organization","@id":"https:\/\/www.apfelpatient.de\/en\/#organization","name":"Apfelpatient","url":"https:\/\/www.apfelpatient.de\/en\/"},"alternateName":"Apfelpatient","potentialAction":[{"@type":"SearchAction","target":{"@type":"EntryPoint","urlTemplate":"https:\/\/www.apfelpatient.de\/?s={search_term_string}"},"query-input":{"@type":"PropertyValueSpecification","valueRequired":true,"valueName":"search_term_string"}}],"inLanguage":"en-US"},{"@type":["Person","Organization"],"@id":"https:\/\/www.apfelpatient.de\/#\/schema\/person\/7dc56ad6c8e9824b76d2c08d4c140e13","name":"Milan","logo":{"@id":"https:\/\/www.apfelpatient.de\/#\/schema\/person\/image\/"},"description":"Hello and welcome to my technology blog! As a big Apple fan, I report on everything to do with Apple: from the latest news and exciting rumors to helpful tips and tricks and detailed product tests. If you are as enthusiastic about technology as I am, you have come to the right place!","sameAs":["https:\/\/www.facebook.com\/apfelpatientOfficial","https:\/\/www.linkedin.com\/in\/milan-jovicic-42aa0231b"],"url":"https:\/\/www.apfelpatient.de\/en\/author\/apfeladmin"}]}},"_links":{"self":[{"href":"https:\/\/www.apfelpatient.de\/en\/wp-json\/wp\/v2\/posts\/6966","targetHints":{"allow":["GET"]}}],"collection":[{"href":"https:\/\/www.apfelpatient.de\/en\/wp-json\/wp\/v2\/posts"}],"about":[{"href":"https:\/\/www.apfelpatient.de\/en\/wp-json\/wp\/v2\/types\/post"}],"author":[{"embeddable":true,"href":"https:\/\/www.apfelpatient.de\/en\/wp-json\/wp\/v2\/users\/2"}],"replies":[{"embeddable":true,"href":"https:\/\/www.apfelpatient.de\/en\/wp-json\/wp\/v2\/comments?post=6966"}],"version-history":[{"count":0,"href":"https:\/\/www.apfelpatient.de\/en\/wp-json\/wp\/v2\/posts\/6966\/revisions"}],"wp:featuredmedia":[{"embeddable":true,"href":"https:\/\/www.apfelpatient.de\/en\/wp-json\/wp\/v2\/media\/6967"}],"wp:attachment":[{"href":"https:\/\/www.apfelpatient.de\/en\/wp-json\/wp\/v2\/media?parent=6966"}],"wp:term":[{"taxonomy":"category","embeddable":true,"href":"https:\/\/www.apfelpatient.de\/en\/wp-json\/wp\/v2\/categories?post=6966"},{"taxonomy":"post_tag","embeddable":true,"href":"https:\/\/www.apfelpatient.de\/en\/wp-json\/wp\/v2\/tags?post=6966"}],"curies":[{"name":"wp","href":"https:\/\/api.w.org\/{rel}","templated":true}]}}