{"id":6959,"date":"2019-10-26T14:30:54","date_gmt":"2019-10-26T12:30:54","guid":{"rendered":"https:\/\/www.apfelpatient.de\/?p=6959"},"modified":"2025-02-06T07:50:58","modified_gmt":"2025-02-06T06:50:58","slug":"airpods-pro-new-pictures-are-said-to-show-charging-case","status":"publish","type":"post","link":"https:\/\/www.apfelpatient.de\/en\/rumors\/airpods-pro-neue-bilder-sollen-ladecase-zeigen","title":{"rendered":"AirPods Pro \u2013 New images are said to show charging case"},"content":{"rendered":"<p class=\"p1\"><strong><span class=\"s1\">The rumors surrounding the AirPods Pro just won&#039;t let up. Now pictures have surfaced that supposedly show the charging case.<\/span><\/strong><\/p>\n<p class=\"p1\"><span class=\"s1\">Tonight, images were published on Slashleaks that are supposed to show the new charging case for the AirPods 3. These match previous images, but are much sharper in this case. They show the charging case in an elongated format separated from the lid. The slots give an idea of the new design of the popular earbuds. The AirPods Pro are supposed to come with noise cancellation - confirmation of this can be found in an iOS 13.2 beta <a href=\"https:\/\/www.apfelpatient.de\/en\">leak<\/a>. A new design was necessary to integrate these. The third generation AirPods are said to have rubber attachments. But these images may be perfect copies - as has now become known. This is therefore not the original product. The well-known Apple leaker Ben Geskin claims to have found out this. According to his sources, it is a fake.\u00a0<\/span><\/p>\n<p class=\"p1\"><strong><span class=\"s1\">AirPods Pro: Cost, Release Date &amp; Fate of AirPods 2<\/span><\/strong><\/p>\n<p class=\"p1\"><span class=\"s1\">Whether this is the original charging case or a perfect fake, nobody can say with certainty. However, the design should be largely the same, thanks to the iOS 13.2 beta <a href=\"https:\/\/www.apfelpatient.de\/en\">leak<\/a>, are certain. But when will the new wonder plugs appear? Current reports claim that Apple is still <a href=\"https:\/\/www.apfelpatient.de\/en\">end of October<\/a> will introduce the AirPods Pro - a market launch is scheduled for November. This means that if the information is correct, Apple should present the third generation AirPods next week. However, since there will be no keynote, the only option left is a presentation via press release. But how much will the Pro version of the AirPods cost? <\/span><\/p>\n<p class=\"p1\"><\/p>\n<p class=\"p1\"><span class=\"s1\">According to a somewhat older report, Apple could charge around 260 US dollars for these - the ANC feature should justify the price. And what will become of the AirPods 2? According to suppliers, these will continue to be offered as a cheaper alternative to the AirPods Pro. As always, it remains to be seen whether the rumors are true. <strong>Hot<\/strong>: iOS 13.2 will be released next week \u2013 more on that <a href=\"https:\/\/www.apfelpatient.de\/en\">here<\/a>. <\/span><em>(Photo by Eremin \/ Bigstockphoto)<\/em><\/p>\n<div class=\"simple-text tt-content size-4 title-droid margin-big\">\n<figure id=\"attachment_6963\" aria-describedby=\"caption-attachment-6963\" style=\"width: 660px\" class=\"wp-caption aligncenter\"><img decoding=\"async\" class=\"wp-image-6963 size-full\" src=\"https:\/\/www.apfelpatient.de\/wp-content\/uploads\/2019\/10\/33344-58361-191026-AirPods-l.jpg\" alt=\"Image: Slashleaks\" width=\"660\" height=\"431\" \/><figcaption id=\"caption-attachment-6963\" class=\"wp-caption-text\">Image: Slashleaks<\/figcaption><\/figure>\n<h5><em><strong>You don&#039;t want to miss any more news? Then subscribe to our <a href=\"https:\/\/t.me\/apfelpatient_official\">Telegram channel<\/a><\/strong><\/em><\/h5>\n<\/div>","protected":false},"excerpt":{"rendered":"<p>Die Ger\u00fcchte rund um die AirPods Pro wollen einfach nicht nachlassen. Nun sind Bilder aufgetaucht, die angeblich das Ladecase zeigen sollen. Heute Nacht sind Bilder auf Slashleaks ver\u00f6ffentlicht worden, die angeblich das neue Ladecase der AirPods 3 zeigen sollen. Diese passen zu fr\u00fcheren Aufnahmen, sind jedoch in diesem Fall deutlich sch\u00e4rfer. Sie zeigen das Ladecase [&hellip;]<\/p>\n","protected":false},"author":2,"featured_media":6960,"comment_status":"closed","ping_status":"open","sticky":false,"template":"","format":"standard","meta":{"jnews-multi-image_gallery":[],"jnews_single_post":[],"jnews_primary_category":[],"footnotes":""},"categories":[25],"tags":[28,255,347],"class_list":["post-6959","post","type-post","status-publish","format-standard","has-post-thumbnail","hentry","category-rumors","tag-airpods","tag-airpods-3","tag-airpods-pro"],"yoast_head":"<!-- This site is optimized with the Yoast SEO Premium plugin v27.5 (Yoast SEO v27.5) - https:\/\/yoast.com\/product\/yoast-seo-premium-wordpress\/ -->\n<title>AirPods Pro - Neue Bilder sollen Ladecase zeigen<\/title>\n<meta name=\"description\" content=\"Die Ger\u00fcchte rund um die AirPods Pro wollen einfach nicht nachlassen. Nun sind Bilder aufgetaucht, die angeblich das Ladecase zeigen sollen.\" \/>\n<meta name=\"robots\" content=\"index, follow, max-snippet:-1, max-image-preview:large, max-video-preview:-1\" \/>\n<link rel=\"canonical\" href=\"https:\/\/www.apfelpatient.de\/en\/rumors\/airpods-pro-new-pictures-are-said-to-show-charging-case\" \/>\n<meta property=\"og:locale\" content=\"en_US\" \/>\n<meta property=\"og:type\" content=\"article\" \/>\n<meta property=\"og:title\" content=\"AirPods Pro - Neue Bilder sollen Ladecase zeigen\" \/>\n<meta property=\"og:description\" content=\"Die Ger\u00fcchte rund um die AirPods Pro wollen einfach nicht nachlassen. Nun sind Bilder aufgetaucht, die angeblich das Ladecase zeigen sollen.\" \/>\n<meta property=\"og:url\" content=\"https:\/\/www.apfelpatient.de\/en\/rumors\/airpods-pro-new-pictures-are-said-to-show-charging-case\" \/>\n<meta property=\"og:site_name\" content=\"Apfelpatient\" \/>\n<meta property=\"article:publisher\" content=\"https:\/\/www.facebook.com\/apfelpatientOfficial\" \/>\n<meta property=\"article:author\" content=\"https:\/\/www.facebook.com\/apfelpatientOfficial\" \/>\n<meta property=\"article:published_time\" content=\"2019-10-26T12:30:54+00:00\" \/>\n<meta property=\"article:modified_time\" content=\"2025-02-06T06:50:58+00:00\" \/>\n<meta property=\"og:image\" content=\"https:\/\/www.apfelpatient.de\/wp-content\/uploads\/2019\/10\/bigstock-Rostov-on-don-Russia-Octobe-328289566.jpg\" \/>\n\t<meta property=\"og:image:width\" content=\"1600\" \/>\n\t<meta property=\"og:image:height\" content=\"1091\" \/>\n\t<meta property=\"og:image:type\" content=\"image\/jpeg\" \/>\n<meta name=\"author\" content=\"Milan\" \/>\n<meta name=\"twitter:card\" content=\"summary_large_image\" \/>\n<meta name=\"twitter:title\" content=\"AirPods Pro - Neue Bilder sollen Ladecase zeigen\" \/>\n<meta name=\"twitter:label1\" content=\"Written by\" \/>\n\t<meta name=\"twitter:data1\" content=\"Milan\" \/>\n\t<meta name=\"twitter:label2\" content=\"Est. reading time\" \/>\n\t<meta name=\"twitter:data2\" content=\"2 minutes\" \/>\n<script type=\"application\/ld+json\" class=\"yoast-schema-graph\">{\"@context\":\"https:\\\/\\\/schema.org\",\"@graph\":[{\"@type\":\"NewsArticle\",\"@id\":\"https:\\\/\\\/www.apfelpatient.de\\\/rumors\\\/airpods-pro-neue-bilder-sollen-ladecase-zeigen#article\",\"isPartOf\":{\"@id\":\"https:\\\/\\\/www.apfelpatient.de\\\/rumors\\\/airpods-pro-neue-bilder-sollen-ladecase-zeigen\"},\"author\":{\"@type\":\"Organization\",\"@id\":\"https:\\\/\\\/www.apfelpatient.de\\\/en\\\/#organization\",\"name\":\"Apfelpatient\",\"url\":\"https:\\\/\\\/www.apfelpatient.de\\\/en\\\/\"},\"headline\":\"AirPods Pro &#8211; Neue Bilder sollen Ladecase zeigen\",\"datePublished\":\"2019-10-26T12:30:54+00:00\",\"dateModified\":\"2025-02-06T06:50:58+00:00\",\"mainEntityOfPage\":{\"@id\":\"https:\\\/\\\/www.apfelpatient.de\\\/rumors\\\/airpods-pro-neue-bilder-sollen-ladecase-zeigen\"},\"wordCount\":380,\"publisher\":{\"@type\":\"Organization\",\"@id\":\"https:\\\/\\\/www.apfelpatient.de\\\/en\\\/#organization\",\"name\":\"Apfelpatient\",\"url\":\"https:\\\/\\\/www.apfelpatient.de\\\/en\\\/\"},\"image\":{\"@id\":\"https:\\\/\\\/www.apfelpatient.de\\\/rumors\\\/airpods-pro-neue-bilder-sollen-ladecase-zeigen#primaryimage\"},\"thumbnailUrl\":\"https:\\\/\\\/www.apfelpatient.de\\\/wp-content\\\/uploads\\\/2019\\\/10\\\/bigstock-Rostov-on-don-Russia-Octobe-328289566.jpg\",\"keywords\":[\"AirPods\",\"AirPods 3\",\"AirPods Pro\"],\"articleSection\":\"Rumors\",\"inLanguage\":\"en-US\",\"copyrightYear\":\"2019\",\"copyrightHolder\":{\"@id\":\"https:\\\/\\\/www.apfelpatient.de\\\/en\\\/#organization\"}},{\"@type\":\"WebPage\",\"@id\":\"https:\\\/\\\/www.apfelpatient.de\\\/rumors\\\/airpods-pro-neue-bilder-sollen-ladecase-zeigen\",\"url\":\"https:\\\/\\\/www.apfelpatient.de\\\/rumors\\\/airpods-pro-neue-bilder-sollen-ladecase-zeigen\",\"name\":\"AirPods Pro - Neue Bilder sollen Ladecase zeigen\",\"isPartOf\":{\"@id\":\"https:\\\/\\\/www.apfelpatient.de\\\/#website\"},\"primaryImageOfPage\":{\"@id\":\"https:\\\/\\\/www.apfelpatient.de\\\/rumors\\\/airpods-pro-neue-bilder-sollen-ladecase-zeigen#primaryimage\"},\"image\":{\"@id\":\"https:\\\/\\\/www.apfelpatient.de\\\/rumors\\\/airpods-pro-neue-bilder-sollen-ladecase-zeigen#primaryimage\"},\"thumbnailUrl\":\"https:\\\/\\\/www.apfelpatient.de\\\/wp-content\\\/uploads\\\/2019\\\/10\\\/bigstock-Rostov-on-don-Russia-Octobe-328289566.jpg\",\"datePublished\":\"2019-10-26T12:30:54+00:00\",\"dateModified\":\"2025-02-06T06:50:58+00:00\",\"description\":\"Die Ger\u00fcchte rund um die AirPods Pro wollen einfach nicht nachlassen. Nun sind Bilder aufgetaucht, die angeblich das Ladecase zeigen sollen.\",\"breadcrumb\":{\"@id\":\"https:\\\/\\\/www.apfelpatient.de\\\/rumors\\\/airpods-pro-neue-bilder-sollen-ladecase-zeigen#breadcrumb\"},\"inLanguage\":\"en-US\",\"potentialAction\":[{\"@type\":\"ReadAction\",\"target\":[\"https:\\\/\\\/www.apfelpatient.de\\\/rumors\\\/airpods-pro-neue-bilder-sollen-ladecase-zeigen\"]}]},{\"@type\":\"ImageObject\",\"inLanguage\":\"en-US\",\"@id\":\"https:\\\/\\\/www.apfelpatient.de\\\/rumors\\\/airpods-pro-neue-bilder-sollen-ladecase-zeigen#primaryimage\",\"url\":\"https:\\\/\\\/www.apfelpatient.de\\\/wp-content\\\/uploads\\\/2019\\\/10\\\/bigstock-Rostov-on-don-Russia-Octobe-328289566.jpg\",\"contentUrl\":\"https:\\\/\\\/www.apfelpatient.de\\\/wp-content\\\/uploads\\\/2019\\\/10\\\/bigstock-Rostov-on-don-Russia-Octobe-328289566.jpg\",\"width\":1600,\"height\":1091,\"caption\":\"Rostov-on-Don, Russia - october 2019. Apple iPhone 11 Pro on a wooden surface. Apple's new smartphone close-up. Smartphone and AirPods earphones.\"},{\"@type\":\"BreadcrumbList\",\"@id\":\"https:\\\/\\\/www.apfelpatient.de\\\/rumors\\\/airpods-pro-neue-bilder-sollen-ladecase-zeigen#breadcrumb\",\"itemListElement\":[{\"@type\":\"ListItem\",\"position\":1,\"name\":\"Startseite\",\"item\":\"https:\\\/\\\/www.apfelpatient.de\\\/\"},{\"@type\":\"ListItem\",\"position\":2,\"name\":\"AirPods Pro &#8211; Neue Bilder sollen Ladecase zeigen\"}]},{\"@type\":\"WebSite\",\"@id\":\"https:\\\/\\\/www.apfelpatient.de\\\/#website\",\"url\":\"https:\\\/\\\/www.apfelpatient.de\\\/\",\"name\":\"Apfelpatient\",\"description\":\"Alles rund um Apple!\",\"publisher\":{\"@type\":\"Organization\",\"@id\":\"https:\\\/\\\/www.apfelpatient.de\\\/en\\\/#organization\",\"name\":\"Apfelpatient\",\"url\":\"https:\\\/\\\/www.apfelpatient.de\\\/en\\\/\"},\"alternateName\":\"Apfelpatient\",\"potentialAction\":[{\"@type\":\"SearchAction\",\"target\":{\"@type\":\"EntryPoint\",\"urlTemplate\":\"https:\\\/\\\/www.apfelpatient.de\\\/?s={search_term_string}\"},\"query-input\":{\"@type\":\"PropertyValueSpecification\",\"valueRequired\":true,\"valueName\":\"search_term_string\"}}],\"inLanguage\":\"en-US\"},{\"@type\":[\"Person\",\"Organization\"],\"@id\":\"https:\\\/\\\/www.apfelpatient.de\\\/#\\\/schema\\\/person\\\/7dc56ad6c8e9824b76d2c08d4c140e13\",\"name\":\"Milan\",\"logo\":{\"@id\":\"https:\\\/\\\/www.apfelpatient.de\\\/#\\\/schema\\\/person\\\/image\\\/\"},\"description\":\"Hallo und herzlich willkommen auf meinem Technik-Blog! Als gro\u00dfer Apple-Fan berichte ich hier \u00fcber alles, was mit Apple zu tun hat: von den neuesten News und spannenden Ger\u00fcchten \u00fcber hilfreiche Tipps und Tricks bis hin zu ausf\u00fchrlichen Produkttests. Wenn du genauso technikbegeistert bist wie ich, bist du hier genau richtig!\",\"sameAs\":[\"https:\\\/\\\/www.facebook.com\\\/apfelpatientOfficial\",\"https:\\\/\\\/www.linkedin.com\\\/in\\\/milan-jovicic-42aa0231b\"],\"url\":\"https:\\\/\\\/www.apfelpatient.de\\\/en\\\/author\\\/apfeladmin\"}]}<\/script>\n<!-- \/ Yoast SEO Premium plugin. -->","yoast_head_json":{"title":"AirPods Pro - New images are said to show charging case","description":"The rumors surrounding the AirPods Pro just won&#039;t let up. Now pictures have surfaced that supposedly show the charging case.","robots":{"index":"index","follow":"follow","max-snippet":"max-snippet:-1","max-image-preview":"max-image-preview:large","max-video-preview":"max-video-preview:-1"},"canonical":"https:\/\/www.apfelpatient.de\/en\/rumors\/airpods-pro-new-pictures-are-said-to-show-charging-case","og_locale":"en_US","og_type":"article","og_title":"AirPods Pro - Neue Bilder sollen Ladecase zeigen","og_description":"Die Ger\u00fcchte rund um die AirPods Pro wollen einfach nicht nachlassen. Nun sind Bilder aufgetaucht, die angeblich das Ladecase zeigen sollen.","og_url":"https:\/\/www.apfelpatient.de\/en\/rumors\/airpods-pro-new-pictures-are-said-to-show-charging-case","og_site_name":"Apfelpatient","article_publisher":"https:\/\/www.facebook.com\/apfelpatientOfficial","article_author":"https:\/\/www.facebook.com\/apfelpatientOfficial","article_published_time":"2019-10-26T12:30:54+00:00","article_modified_time":"2025-02-06T06:50:58+00:00","og_image":[{"width":1600,"height":1091,"url":"https:\/\/www.apfelpatient.de\/wp-content\/uploads\/2019\/10\/bigstock-Rostov-on-don-Russia-Octobe-328289566.jpg","type":"image\/jpeg"}],"author":"Milan","twitter_card":"summary_large_image","twitter_title":"AirPods Pro - Neue Bilder sollen Ladecase zeigen","twitter_misc":{"Written by":"Milan","Est. reading time":"2 minutes"},"schema":{"@context":"https:\/\/schema.org","@graph":[{"@type":"NewsArticle","@id":"https:\/\/www.apfelpatient.de\/rumors\/airpods-pro-neue-bilder-sollen-ladecase-zeigen#article","isPartOf":{"@id":"https:\/\/www.apfelpatient.de\/rumors\/airpods-pro-neue-bilder-sollen-ladecase-zeigen"},"author":{"@type":"Organization","@id":"https:\/\/www.apfelpatient.de\/en\/#organization","name":"Apfelpatient","url":"https:\/\/www.apfelpatient.de\/en\/"},"headline":"AirPods Pro &#8211; Neue Bilder sollen Ladecase zeigen","datePublished":"2019-10-26T12:30:54+00:00","dateModified":"2025-02-06T06:50:58+00:00","mainEntityOfPage":{"@id":"https:\/\/www.apfelpatient.de\/rumors\/airpods-pro-neue-bilder-sollen-ladecase-zeigen"},"wordCount":380,"publisher":{"@type":"Organization","@id":"https:\/\/www.apfelpatient.de\/en\/#organization","name":"Apfelpatient","url":"https:\/\/www.apfelpatient.de\/en\/"},"image":{"@id":"https:\/\/www.apfelpatient.de\/rumors\/airpods-pro-neue-bilder-sollen-ladecase-zeigen#primaryimage"},"thumbnailUrl":"https:\/\/www.apfelpatient.de\/wp-content\/uploads\/2019\/10\/bigstock-Rostov-on-don-Russia-Octobe-328289566.jpg","keywords":["AirPods","AirPods 3","AirPods Pro"],"articleSection":"Rumors","inLanguage":"en-US","copyrightYear":"2019","copyrightHolder":{"@id":"https:\/\/www.apfelpatient.de\/en\/#organization"}},{"@type":"WebPage","@id":"https:\/\/www.apfelpatient.de\/rumors\/airpods-pro-neue-bilder-sollen-ladecase-zeigen","url":"https:\/\/www.apfelpatient.de\/rumors\/airpods-pro-neue-bilder-sollen-ladecase-zeigen","name":"AirPods Pro - New images are said to show charging case","isPartOf":{"@id":"https:\/\/www.apfelpatient.de\/#website"},"primaryImageOfPage":{"@id":"https:\/\/www.apfelpatient.de\/rumors\/airpods-pro-neue-bilder-sollen-ladecase-zeigen#primaryimage"},"image":{"@id":"https:\/\/www.apfelpatient.de\/rumors\/airpods-pro-neue-bilder-sollen-ladecase-zeigen#primaryimage"},"thumbnailUrl":"https:\/\/www.apfelpatient.de\/wp-content\/uploads\/2019\/10\/bigstock-Rostov-on-don-Russia-Octobe-328289566.jpg","datePublished":"2019-10-26T12:30:54+00:00","dateModified":"2025-02-06T06:50:58+00:00","description":"The rumors surrounding the AirPods Pro just won&#039;t let up. Now pictures have surfaced that supposedly show the charging case.","breadcrumb":{"@id":"https:\/\/www.apfelpatient.de\/rumors\/airpods-pro-neue-bilder-sollen-ladecase-zeigen#breadcrumb"},"inLanguage":"en-US","potentialAction":[{"@type":"ReadAction","target":["https:\/\/www.apfelpatient.de\/rumors\/airpods-pro-neue-bilder-sollen-ladecase-zeigen"]}]},{"@type":"ImageObject","inLanguage":"en-US","@id":"https:\/\/www.apfelpatient.de\/rumors\/airpods-pro-neue-bilder-sollen-ladecase-zeigen#primaryimage","url":"https:\/\/www.apfelpatient.de\/wp-content\/uploads\/2019\/10\/bigstock-Rostov-on-don-Russia-Octobe-328289566.jpg","contentUrl":"https:\/\/www.apfelpatient.de\/wp-content\/uploads\/2019\/10\/bigstock-Rostov-on-don-Russia-Octobe-328289566.jpg","width":1600,"height":1091,"caption":"Rostov-on-Don, Russia - october 2019. Apple iPhone 11 Pro on a wooden surface. Apple's new smartphone close-up. Smartphone and AirPods earphones."},{"@type":"BreadcrumbList","@id":"https:\/\/www.apfelpatient.de\/rumors\/airpods-pro-neue-bilder-sollen-ladecase-zeigen#breadcrumb","itemListElement":[{"@type":"ListItem","position":1,"name":"Startseite","item":"https:\/\/www.apfelpatient.de\/"},{"@type":"ListItem","position":2,"name":"AirPods Pro &#8211; Neue Bilder sollen Ladecase zeigen"}]},{"@type":"WebSite","@id":"https:\/\/www.apfelpatient.de\/#website","url":"https:\/\/www.apfelpatient.de\/","name":"apple patient","description":"Everything about Apple!","publisher":{"@type":"Organization","@id":"https:\/\/www.apfelpatient.de\/en\/#organization","name":"Apfelpatient","url":"https:\/\/www.apfelpatient.de\/en\/"},"alternateName":"Apfelpatient","potentialAction":[{"@type":"SearchAction","target":{"@type":"EntryPoint","urlTemplate":"https:\/\/www.apfelpatient.de\/?s={search_term_string}"},"query-input":{"@type":"PropertyValueSpecification","valueRequired":true,"valueName":"search_term_string"}}],"inLanguage":"en-US"},{"@type":["Person","Organization"],"@id":"https:\/\/www.apfelpatient.de\/#\/schema\/person\/7dc56ad6c8e9824b76d2c08d4c140e13","name":"Milan","logo":{"@id":"https:\/\/www.apfelpatient.de\/#\/schema\/person\/image\/"},"description":"Hello and welcome to my technology blog! As a big Apple fan, I report on everything to do with Apple: from the latest news and exciting rumors to helpful tips and tricks and detailed product tests. If you are as enthusiastic about technology as I am, you have come to the right place!","sameAs":["https:\/\/www.facebook.com\/apfelpatientOfficial","https:\/\/www.linkedin.com\/in\/milan-jovicic-42aa0231b"],"url":"https:\/\/www.apfelpatient.de\/en\/author\/apfeladmin"}]}},"_links":{"self":[{"href":"https:\/\/www.apfelpatient.de\/en\/wp-json\/wp\/v2\/posts\/6959","targetHints":{"allow":["GET"]}}],"collection":[{"href":"https:\/\/www.apfelpatient.de\/en\/wp-json\/wp\/v2\/posts"}],"about":[{"href":"https:\/\/www.apfelpatient.de\/en\/wp-json\/wp\/v2\/types\/post"}],"author":[{"embeddable":true,"href":"https:\/\/www.apfelpatient.de\/en\/wp-json\/wp\/v2\/users\/2"}],"replies":[{"embeddable":true,"href":"https:\/\/www.apfelpatient.de\/en\/wp-json\/wp\/v2\/comments?post=6959"}],"version-history":[{"count":0,"href":"https:\/\/www.apfelpatient.de\/en\/wp-json\/wp\/v2\/posts\/6959\/revisions"}],"wp:featuredmedia":[{"embeddable":true,"href":"https:\/\/www.apfelpatient.de\/en\/wp-json\/wp\/v2\/media\/6960"}],"wp:attachment":[{"href":"https:\/\/www.apfelpatient.de\/en\/wp-json\/wp\/v2\/media?parent=6959"}],"wp:term":[{"taxonomy":"category","embeddable":true,"href":"https:\/\/www.apfelpatient.de\/en\/wp-json\/wp\/v2\/categories?post=6959"},{"taxonomy":"post_tag","embeddable":true,"href":"https:\/\/www.apfelpatient.de\/en\/wp-json\/wp\/v2\/tags?post=6959"}],"curies":[{"name":"wp","href":"https:\/\/api.w.org\/{rel}","templated":true}]}}