{"id":6866,"date":"2019-10-21T20:12:56","date_gmt":"2019-10-21T18:12:56","guid":{"rendered":"https:\/\/www.apfelpatient.de\/?p=6866"},"modified":"2025-02-06T07:50:39","modified_gmt":"2025-02-06T06:50:39","slug":"apple-releases-third-version-of-macos-10-15-catalina","status":"publish","type":"post","link":"https:\/\/www.apfelpatient.de\/en\/news\/apple-veroeffentlicht-dritte-version-von-macos-10-15-catalina","title":{"rendered":"Apple releases third version of macOS 10.15 Catalina"},"content":{"rendered":"<p class=\"p1\"><strong>Apple released the third version of macOS 10.15 Catalina this evening. This is a further revision of the existing version.<\/strong><\/p>\n<p class=\"p1\">Apple seems to be throwing a real update party this fall. The new Mac operating system was released about two weeks ago and already boasts three updates. The update can be accessed &quot;as usual&quot; via the macOS settings in the &quot;Software&quot; section. <strong>Notice<\/strong>: If you have already installed the second version of macOS 10.15 Catalina, you will most likely be using this version <strong>19A603<\/strong> not received. Compared to the second version, these seem to be minimal changes, as the release note has not changed.<\/p>\n<p class=\"p1\"><em><strong>This update:<\/strong><\/em><\/p>\n<ul>\n<li class=\"p1\">Improves installation security of macOS Catalina on Macs with low disk space.<\/li>\n<li class=\"p1\">Fixes an issue that caused the installation wizard to fail to complete during some installations.<\/li>\n<li class=\"p1\">Fixes an issue that prevents acceptance of iCloud terms and conditions when multiple iCloud accounts are signed in.<\/li>\n<li class=\"p1\">Improves the reliability of Game Center data storage when playing Apple Arcade games offline.<\/li>\n<\/ul>\n<p class=\"p1\"><\/p>\n<p class=\"p1\">Currently, macOS 10.15.1 Catalina is being tested in the second beta version. A <a href=\"https:\/\/www.apfelpatient.de\/en\">leak<\/a> regarding the upcoming MacBook Pro 16-inch. <em>(Photo by HannaKuprevich \/ Bigstockphoto)<\/em><\/p>\n<h5><em><strong>You don&#039;t want to miss any more news? Then subscribe to our <a href=\"https:\/\/t.me\/apfelpatient_official\">Telegram channel<\/a><\/strong><\/em><\/h5>","protected":false},"excerpt":{"rendered":"<p>Apple hat am heutigen Abend die dritte Version von macOS 10.15 Catalina ver\u00f6ffentlicht. Hierbei handelt es sich um eine weitere \u00dcberarbeitung der bestehenden Version. Apple scheint diesen Herbst eine regelrechte Update-Party zu veranstalten. Das neue Mac-Betriebssystem wurde vor rund zwei Wochen ver\u00f6ffentlicht und kann bereits mit drei Aktualisierungen hervorstechen. Das Update kann &#8222;wie gewohnt&#8220; \u00fcber [&hellip;]<\/p>\n","protected":false},"author":2,"featured_media":6867,"comment_status":"closed","ping_status":"open","sticky":false,"template":"","format":"standard","meta":{"jnews-multi-image_gallery":[],"jnews_single_post":[],"jnews_primary_category":[],"footnotes":""},"categories":[9],"tags":[4,289,345],"class_list":["post-6866","post","type-post","status-publish","format-standard","has-post-thumbnail","hentry","category-news","tag-macos","tag-macos-10-15-catalina","tag-macos-10-15-1-catalina"],"yoast_head":"<!-- This site is optimized with the Yoast SEO Premium plugin v27.4 (Yoast SEO v27.4) - https:\/\/yoast.com\/product\/yoast-seo-premium-wordpress\/ -->\n<title>Apple ver\u00f6ffentlicht dritte Version von macOS 10.15 Catalina<\/title>\n<meta name=\"description\" content=\"Apple hat am heutigen Abend die dritte Version von macOS 10.15 Catalina ver\u00f6ffentlicht.\" \/>\n<meta name=\"robots\" content=\"index, follow, max-snippet:-1, max-image-preview:large, max-video-preview:-1\" \/>\n<link rel=\"canonical\" href=\"https:\/\/www.apfelpatient.de\/en\/news\/apple-releases-third-version-of-macos-10-15-catalina\" \/>\n<meta property=\"og:locale\" content=\"en_US\" \/>\n<meta property=\"og:type\" content=\"article\" \/>\n<meta property=\"og:title\" content=\"Apple ver\u00f6ffentlicht dritte Version von macOS 10.15 Catalina\" \/>\n<meta property=\"og:description\" content=\"Apple hat am heutigen Abend die dritte Version von macOS 10.15 Catalina ver\u00f6ffentlicht.\" \/>\n<meta property=\"og:url\" content=\"https:\/\/www.apfelpatient.de\/en\/news\/apple-releases-third-version-of-macos-10-15-catalina\" \/>\n<meta property=\"og:site_name\" content=\"Apfelpatient\" \/>\n<meta property=\"article:publisher\" content=\"https:\/\/www.facebook.com\/apfelpatientOfficial\" \/>\n<meta property=\"article:author\" content=\"https:\/\/www.facebook.com\/apfelpatientOfficial\" \/>\n<meta property=\"article:published_time\" content=\"2019-10-21T18:12:56+00:00\" \/>\n<meta property=\"article:modified_time\" content=\"2025-02-06T06:50:39+00:00\" \/>\n<meta property=\"og:image\" content=\"https:\/\/www.apfelpatient.de\/wp-content\/uploads\/2019\/10\/bigstock-Minsk-Belarus-January-277947412.jpg\" \/>\n\t<meta property=\"og:image:width\" content=\"1600\" \/>\n\t<meta property=\"og:image:height\" content=\"1067\" \/>\n\t<meta property=\"og:image:type\" content=\"image\/jpeg\" \/>\n<meta name=\"author\" content=\"Milan\" \/>\n<meta name=\"twitter:card\" content=\"summary_large_image\" \/>\n<meta name=\"twitter:title\" content=\"Apple ver\u00f6ffentlicht dritte Version von macOS 10.15 Catalina\" \/>\n<meta name=\"twitter:label1\" content=\"Written by\" \/>\n\t<meta name=\"twitter:data1\" content=\"Milan\" \/>\n\t<meta name=\"twitter:label2\" content=\"Est. reading time\" \/>\n\t<meta name=\"twitter:data2\" content=\"1 minute\" \/>\n<script type=\"application\/ld+json\" class=\"yoast-schema-graph\">{\"@context\":\"https:\\\/\\\/schema.org\",\"@graph\":[{\"@type\":\"NewsArticle\",\"@id\":\"https:\\\/\\\/www.apfelpatient.de\\\/news\\\/apple-veroeffentlicht-dritte-version-von-macos-10-15-catalina#article\",\"isPartOf\":{\"@id\":\"https:\\\/\\\/www.apfelpatient.de\\\/news\\\/apple-veroeffentlicht-dritte-version-von-macos-10-15-catalina\"},\"author\":{\"@type\":\"Organization\",\"@id\":\"https:\\\/\\\/www.apfelpatient.de\\\/en\\\/#organization\",\"name\":\"Apfelpatient\",\"url\":\"https:\\\/\\\/www.apfelpatient.de\\\/en\\\/\"},\"headline\":\"Apple ver\u00f6ffentlicht dritte Version von macOS 10.15 Catalina\",\"datePublished\":\"2019-10-21T18:12:56+00:00\",\"dateModified\":\"2025-02-06T06:50:39+00:00\",\"mainEntityOfPage\":{\"@id\":\"https:\\\/\\\/www.apfelpatient.de\\\/news\\\/apple-veroeffentlicht-dritte-version-von-macos-10-15-catalina\"},\"wordCount\":213,\"publisher\":{\"@type\":\"Organization\",\"@id\":\"https:\\\/\\\/www.apfelpatient.de\\\/en\\\/#organization\",\"name\":\"Apfelpatient\",\"url\":\"https:\\\/\\\/www.apfelpatient.de\\\/en\\\/\"},\"image\":{\"@id\":\"https:\\\/\\\/www.apfelpatient.de\\\/news\\\/apple-veroeffentlicht-dritte-version-von-macos-10-15-catalina#primaryimage\"},\"thumbnailUrl\":\"https:\\\/\\\/www.apfelpatient.de\\\/wp-content\\\/uploads\\\/2019\\\/10\\\/bigstock-Minsk-Belarus-January-277947412.jpg\",\"keywords\":[\"macOS\",\"macOS 10.15 Catalina\",\"macOS 10.15.1 Catalina\"],\"articleSection\":\"News\",\"inLanguage\":\"en-US\",\"copyrightYear\":\"2019\",\"copyrightHolder\":{\"@id\":\"https:\\\/\\\/www.apfelpatient.de\\\/en\\\/#organization\"}},{\"@type\":\"WebPage\",\"@id\":\"https:\\\/\\\/www.apfelpatient.de\\\/news\\\/apple-veroeffentlicht-dritte-version-von-macos-10-15-catalina\",\"url\":\"https:\\\/\\\/www.apfelpatient.de\\\/news\\\/apple-veroeffentlicht-dritte-version-von-macos-10-15-catalina\",\"name\":\"Apple ver\u00f6ffentlicht dritte Version von macOS 10.15 Catalina\",\"isPartOf\":{\"@id\":\"https:\\\/\\\/www.apfelpatient.de\\\/#website\"},\"primaryImageOfPage\":{\"@id\":\"https:\\\/\\\/www.apfelpatient.de\\\/news\\\/apple-veroeffentlicht-dritte-version-von-macos-10-15-catalina#primaryimage\"},\"image\":{\"@id\":\"https:\\\/\\\/www.apfelpatient.de\\\/news\\\/apple-veroeffentlicht-dritte-version-von-macos-10-15-catalina#primaryimage\"},\"thumbnailUrl\":\"https:\\\/\\\/www.apfelpatient.de\\\/wp-content\\\/uploads\\\/2019\\\/10\\\/bigstock-Minsk-Belarus-January-277947412.jpg\",\"datePublished\":\"2019-10-21T18:12:56+00:00\",\"dateModified\":\"2025-02-06T06:50:39+00:00\",\"description\":\"Apple hat am heutigen Abend die dritte Version von macOS 10.15 Catalina ver\u00f6ffentlicht.\",\"breadcrumb\":{\"@id\":\"https:\\\/\\\/www.apfelpatient.de\\\/news\\\/apple-veroeffentlicht-dritte-version-von-macos-10-15-catalina#breadcrumb\"},\"inLanguage\":\"en-US\",\"potentialAction\":[{\"@type\":\"ReadAction\",\"target\":[\"https:\\\/\\\/www.apfelpatient.de\\\/news\\\/apple-veroeffentlicht-dritte-version-von-macos-10-15-catalina\"]}]},{\"@type\":\"ImageObject\",\"inLanguage\":\"en-US\",\"@id\":\"https:\\\/\\\/www.apfelpatient.de\\\/news\\\/apple-veroeffentlicht-dritte-version-von-macos-10-15-catalina#primaryimage\",\"url\":\"https:\\\/\\\/www.apfelpatient.de\\\/wp-content\\\/uploads\\\/2019\\\/10\\\/bigstock-Minsk-Belarus-January-277947412.jpg\",\"contentUrl\":\"https:\\\/\\\/www.apfelpatient.de\\\/wp-content\\\/uploads\\\/2019\\\/10\\\/bigstock-Minsk-Belarus-January-277947412.jpg\",\"width\":1600,\"height\":1067,\"caption\":\"Minsk, Belarus - January 10, 2019 : Apple imac in office table Illustrative editorial\"},{\"@type\":\"BreadcrumbList\",\"@id\":\"https:\\\/\\\/www.apfelpatient.de\\\/news\\\/apple-veroeffentlicht-dritte-version-von-macos-10-15-catalina#breadcrumb\",\"itemListElement\":[{\"@type\":\"ListItem\",\"position\":1,\"name\":\"Startseite\",\"item\":\"https:\\\/\\\/www.apfelpatient.de\\\/\"},{\"@type\":\"ListItem\",\"position\":2,\"name\":\"Apple ver\u00f6ffentlicht dritte Version von macOS 10.15 Catalina\"}]},{\"@type\":\"WebSite\",\"@id\":\"https:\\\/\\\/www.apfelpatient.de\\\/#website\",\"url\":\"https:\\\/\\\/www.apfelpatient.de\\\/\",\"name\":\"Apfelpatient\",\"description\":\"Alles rund um Apple!\",\"publisher\":{\"@type\":\"Organization\",\"@id\":\"https:\\\/\\\/www.apfelpatient.de\\\/en\\\/#organization\",\"name\":\"Apfelpatient\",\"url\":\"https:\\\/\\\/www.apfelpatient.de\\\/en\\\/\"},\"alternateName\":\"Apfelpatient\",\"potentialAction\":[{\"@type\":\"SearchAction\",\"target\":{\"@type\":\"EntryPoint\",\"urlTemplate\":\"https:\\\/\\\/www.apfelpatient.de\\\/?s={search_term_string}\"},\"query-input\":{\"@type\":\"PropertyValueSpecification\",\"valueRequired\":true,\"valueName\":\"search_term_string\"}}],\"inLanguage\":\"en-US\"},{\"@type\":[\"Person\",\"Organization\"],\"@id\":\"https:\\\/\\\/www.apfelpatient.de\\\/#\\\/schema\\\/person\\\/7dc56ad6c8e9824b76d2c08d4c140e13\",\"name\":\"Milan\",\"logo\":{\"@id\":\"https:\\\/\\\/www.apfelpatient.de\\\/#\\\/schema\\\/person\\\/image\\\/\"},\"description\":\"Hallo und herzlich willkommen auf meinem Technik-Blog! Als gro\u00dfer Apple-Fan berichte ich hier \u00fcber alles, was mit Apple zu tun hat: von den neuesten News und spannenden Ger\u00fcchten \u00fcber hilfreiche Tipps und Tricks bis hin zu ausf\u00fchrlichen Produkttests. Wenn du genauso technikbegeistert bist wie ich, bist du hier genau richtig!\",\"sameAs\":[\"https:\\\/\\\/www.facebook.com\\\/apfelpatientOfficial\",\"https:\\\/\\\/www.linkedin.com\\\/in\\\/milan-jovicic-42aa0231b\"],\"url\":\"https:\\\/\\\/www.apfelpatient.de\\\/en\\\/author\\\/apfeladmin\"}]}<\/script>\n<!-- \/ Yoast SEO Premium plugin. -->","yoast_head_json":{"title":"Apple releases third version of macOS 10.15 Catalina","description":"Apple released the third version of macOS 10.15 Catalina this evening.","robots":{"index":"index","follow":"follow","max-snippet":"max-snippet:-1","max-image-preview":"max-image-preview:large","max-video-preview":"max-video-preview:-1"},"canonical":"https:\/\/www.apfelpatient.de\/en\/news\/apple-releases-third-version-of-macos-10-15-catalina","og_locale":"en_US","og_type":"article","og_title":"Apple ver\u00f6ffentlicht dritte Version von macOS 10.15 Catalina","og_description":"Apple hat am heutigen Abend die dritte Version von macOS 10.15 Catalina ver\u00f6ffentlicht.","og_url":"https:\/\/www.apfelpatient.de\/en\/news\/apple-releases-third-version-of-macos-10-15-catalina","og_site_name":"Apfelpatient","article_publisher":"https:\/\/www.facebook.com\/apfelpatientOfficial","article_author":"https:\/\/www.facebook.com\/apfelpatientOfficial","article_published_time":"2019-10-21T18:12:56+00:00","article_modified_time":"2025-02-06T06:50:39+00:00","og_image":[{"width":1600,"height":1067,"url":"https:\/\/www.apfelpatient.de\/wp-content\/uploads\/2019\/10\/bigstock-Minsk-Belarus-January-277947412.jpg","type":"image\/jpeg"}],"author":"Milan","twitter_card":"summary_large_image","twitter_title":"Apple ver\u00f6ffentlicht dritte Version von macOS 10.15 Catalina","twitter_misc":{"Written by":"Milan","Est. reading time":"1 minute"},"schema":{"@context":"https:\/\/schema.org","@graph":[{"@type":"NewsArticle","@id":"https:\/\/www.apfelpatient.de\/news\/apple-veroeffentlicht-dritte-version-von-macos-10-15-catalina#article","isPartOf":{"@id":"https:\/\/www.apfelpatient.de\/news\/apple-veroeffentlicht-dritte-version-von-macos-10-15-catalina"},"author":{"@type":"Organization","@id":"https:\/\/www.apfelpatient.de\/en\/#organization","name":"Apfelpatient","url":"https:\/\/www.apfelpatient.de\/en\/"},"headline":"Apple ver\u00f6ffentlicht dritte Version von macOS 10.15 Catalina","datePublished":"2019-10-21T18:12:56+00:00","dateModified":"2025-02-06T06:50:39+00:00","mainEntityOfPage":{"@id":"https:\/\/www.apfelpatient.de\/news\/apple-veroeffentlicht-dritte-version-von-macos-10-15-catalina"},"wordCount":213,"publisher":{"@type":"Organization","@id":"https:\/\/www.apfelpatient.de\/en\/#organization","name":"Apfelpatient","url":"https:\/\/www.apfelpatient.de\/en\/"},"image":{"@id":"https:\/\/www.apfelpatient.de\/news\/apple-veroeffentlicht-dritte-version-von-macos-10-15-catalina#primaryimage"},"thumbnailUrl":"https:\/\/www.apfelpatient.de\/wp-content\/uploads\/2019\/10\/bigstock-Minsk-Belarus-January-277947412.jpg","keywords":["macOS","macOS 10.15 Catalina","macOS 10.15.1 Catalina"],"articleSection":"News","inLanguage":"en-US","copyrightYear":"2019","copyrightHolder":{"@id":"https:\/\/www.apfelpatient.de\/en\/#organization"}},{"@type":"WebPage","@id":"https:\/\/www.apfelpatient.de\/news\/apple-veroeffentlicht-dritte-version-von-macos-10-15-catalina","url":"https:\/\/www.apfelpatient.de\/news\/apple-veroeffentlicht-dritte-version-von-macos-10-15-catalina","name":"Apple releases third version of macOS 10.15 Catalina","isPartOf":{"@id":"https:\/\/www.apfelpatient.de\/#website"},"primaryImageOfPage":{"@id":"https:\/\/www.apfelpatient.de\/news\/apple-veroeffentlicht-dritte-version-von-macos-10-15-catalina#primaryimage"},"image":{"@id":"https:\/\/www.apfelpatient.de\/news\/apple-veroeffentlicht-dritte-version-von-macos-10-15-catalina#primaryimage"},"thumbnailUrl":"https:\/\/www.apfelpatient.de\/wp-content\/uploads\/2019\/10\/bigstock-Minsk-Belarus-January-277947412.jpg","datePublished":"2019-10-21T18:12:56+00:00","dateModified":"2025-02-06T06:50:39+00:00","description":"Apple released the third version of macOS 10.15 Catalina this evening.","breadcrumb":{"@id":"https:\/\/www.apfelpatient.de\/news\/apple-veroeffentlicht-dritte-version-von-macos-10-15-catalina#breadcrumb"},"inLanguage":"en-US","potentialAction":[{"@type":"ReadAction","target":["https:\/\/www.apfelpatient.de\/news\/apple-veroeffentlicht-dritte-version-von-macos-10-15-catalina"]}]},{"@type":"ImageObject","inLanguage":"en-US","@id":"https:\/\/www.apfelpatient.de\/news\/apple-veroeffentlicht-dritte-version-von-macos-10-15-catalina#primaryimage","url":"https:\/\/www.apfelpatient.de\/wp-content\/uploads\/2019\/10\/bigstock-Minsk-Belarus-January-277947412.jpg","contentUrl":"https:\/\/www.apfelpatient.de\/wp-content\/uploads\/2019\/10\/bigstock-Minsk-Belarus-January-277947412.jpg","width":1600,"height":1067,"caption":"Minsk, Belarus - January 10, 2019 : Apple imac in office table Illustrative editorial"},{"@type":"BreadcrumbList","@id":"https:\/\/www.apfelpatient.de\/news\/apple-veroeffentlicht-dritte-version-von-macos-10-15-catalina#breadcrumb","itemListElement":[{"@type":"ListItem","position":1,"name":"Startseite","item":"https:\/\/www.apfelpatient.de\/"},{"@type":"ListItem","position":2,"name":"Apple ver\u00f6ffentlicht dritte Version von macOS 10.15 Catalina"}]},{"@type":"WebSite","@id":"https:\/\/www.apfelpatient.de\/#website","url":"https:\/\/www.apfelpatient.de\/","name":"apple patient","description":"Everything about Apple!","publisher":{"@type":"Organization","@id":"https:\/\/www.apfelpatient.de\/en\/#organization","name":"Apfelpatient","url":"https:\/\/www.apfelpatient.de\/en\/"},"alternateName":"Apfelpatient","potentialAction":[{"@type":"SearchAction","target":{"@type":"EntryPoint","urlTemplate":"https:\/\/www.apfelpatient.de\/?s={search_term_string}"},"query-input":{"@type":"PropertyValueSpecification","valueRequired":true,"valueName":"search_term_string"}}],"inLanguage":"en-US"},{"@type":["Person","Organization"],"@id":"https:\/\/www.apfelpatient.de\/#\/schema\/person\/7dc56ad6c8e9824b76d2c08d4c140e13","name":"Milan","logo":{"@id":"https:\/\/www.apfelpatient.de\/#\/schema\/person\/image\/"},"description":"Hello and welcome to my technology blog! As a big Apple fan, I report on everything to do with Apple: from the latest news and exciting rumors to helpful tips and tricks and detailed product tests. If you are as enthusiastic about technology as I am, you have come to the right place!","sameAs":["https:\/\/www.facebook.com\/apfelpatientOfficial","https:\/\/www.linkedin.com\/in\/milan-jovicic-42aa0231b"],"url":"https:\/\/www.apfelpatient.de\/en\/author\/apfeladmin"}]}},"_links":{"self":[{"href":"https:\/\/www.apfelpatient.de\/en\/wp-json\/wp\/v2\/posts\/6866","targetHints":{"allow":["GET"]}}],"collection":[{"href":"https:\/\/www.apfelpatient.de\/en\/wp-json\/wp\/v2\/posts"}],"about":[{"href":"https:\/\/www.apfelpatient.de\/en\/wp-json\/wp\/v2\/types\/post"}],"author":[{"embeddable":true,"href":"https:\/\/www.apfelpatient.de\/en\/wp-json\/wp\/v2\/users\/2"}],"replies":[{"embeddable":true,"href":"https:\/\/www.apfelpatient.de\/en\/wp-json\/wp\/v2\/comments?post=6866"}],"version-history":[{"count":0,"href":"https:\/\/www.apfelpatient.de\/en\/wp-json\/wp\/v2\/posts\/6866\/revisions"}],"wp:featuredmedia":[{"embeddable":true,"href":"https:\/\/www.apfelpatient.de\/en\/wp-json\/wp\/v2\/media\/6867"}],"wp:attachment":[{"href":"https:\/\/www.apfelpatient.de\/en\/wp-json\/wp\/v2\/media?parent=6866"}],"wp:term":[{"taxonomy":"category","embeddable":true,"href":"https:\/\/www.apfelpatient.de\/en\/wp-json\/wp\/v2\/categories?post=6866"},{"taxonomy":"post_tag","embeddable":true,"href":"https:\/\/www.apfelpatient.de\/en\/wp-json\/wp\/v2\/tags?post=6866"}],"curies":[{"name":"wp","href":"https:\/\/api.w.org\/{rel}","templated":true}]}}