{"id":67446,"date":"2026-05-01T22:10:42","date_gmt":"2026-05-01T20:10:42","guid":{"rendered":"https:\/\/www.apfelpatient.de\/?p=67446"},"modified":"2026-05-01T22:11:51","modified_gmt":"2026-05-01T20:11:51","slug":"apple-cancels-256gb-version-of-the-mac-mini","status":"publish","type":"post","link":"https:\/\/www.apfelpatient.de\/en\/news\/apple-streicht-256-gb-variante-des-mac-mini","title":{"rendered":"Apple discontinues 256GB version of the Mac mini"},"content":{"rendered":"<p class=\"has-drop-cap\"><strong>Apple has significantly raised the starting price of the Mac mini worldwide: The 256GB configuration has been discontinued, and the entry-level model now starts at 512GB for US$799 or \u20ac949. This is due to the global RAM shortage \u2013 and it has direct consequences for German buyers as well.<\/strong><\/p>\n\n\n\n<p>What at first glance sounds like a minor adjustment to the product range is actually quite significant: Apple is no longer offering the Mac mini with 256 GB of storage \u2013 and this applies to all stores worldwide. This removes the cheapest model from the lineup, effectively increasing the entry-level price by \u20ac250. Behind this decision lies a supply shortage that has affected the entire industry and is forcing Apple to make these uncomfortable corrections.<\/p>\n\n\n\n<h2 class=\"wp-block-heading\" id=\"h-was-apple-konkret-geandert-hat\">What Apple has specifically changed<\/h2>\n\n\n\n<p class=\"translation-block\">Apple has completely <a href=\"https:\/\/www.apple.com\/de\/mac-mini\/\" id=\"https:\/\/www.apple.com\/de\/mac-mini\/\" target=\"_blank\" rel=\"noreferrer noopener follow\" data-wpel-link=\"exclude\">removed<\/a> the 256GB Mac mini option from its configurator this week \u2013 in all stores worldwide, including Germany. The new starting price is \u20ac949 \u2013 for a model with an M4 chip, 16GB of RAM, and 512GB of storage. Previously, the same Mac mini was available in a 256GB version for \u20ac699. This configuration has been discontinued without replacement.<\/p>\n\n\n\n<p>Even before the official announcement, the 256GB version of the Mac mini was no longer available for order last week, effectively sold out. With the current update to the configurator, Apple is officially confirming its discontinuation. Nothing changes for the Mac mini with the M4 Pro chip, as this variant already starts with at least 512GB of storage.<\/p>\n\n\n\n<h2 class=\"wp-block-heading\" id=\"h-warum-apple-gerade-jetzt-streicht\">Why Apple is cutting costs right now<\/h2>\n\n\n\n<p class=\"translation-block\">The discontinuation is not a coincidence. Tim Cook confirmed in the <a href=\"https:\/\/www.apfelpatient.de\/en\/news\/tim-cook-lists-five-reasons-for-the-iphone-17s-success\" data-wpel-link=\"internal\" target=\"_self\">Q2 2026 earnings call<\/a> that the Mac mini and Mac Studio are currently experiencing supply shortages. Apple expects it will take &quot;several months&quot; for supply and demand to rebalance. According to Cook, both models are heavily used as platforms for AI and agent workloads, resulting in surprisingly high demand.<\/p>\n\n\n\n<p>Added to this is the main factor: a global shortage of memory chips. Because hyperscalers like OpenAI, Google, and Microsoft are massively expanding their AI server capacities, RAM and flash components have become extremely scarce. Apple accordingly announced &quot;significantly higher memory costs&quot; for the current quarter in its earnings call \u2013 an indication that current product line decisions are also a direct consequence of this shortage.<\/p>\n\n\n\n<h2 class=\"wp-block-heading\" id=\"h-die-mac-studio-korrektur-als-vorgeschmack\">Mac Studio Correction as a preview<\/h2>\n\n\n\n<p>To put this into perspective, one should look at the Mac Studio. Back in March 2026, Apple removed the 512GB RAM option from the Mac Studio lineup \u2013 for the same reasons. At the time, the adjustment was seen as a response to the memory chip shortage. The current Mac mini discontinuation follows the same pattern: Apple is concentrating production on the highest-margin configurations and foregoing variants that are not economically viable under current market conditions.<\/p>\n\n\n\n<h2 class=\"wp-block-heading\" id=\"h-was-das-fur-deutsche-kaufer-bedeutet\">What this means for German buyers<\/h2>\n\n\n\n<p>The discontinuation primarily affects price-conscious buyers who had previously considered the Mac mini as the most affordable entry point into the Apple Silicon ecosystem. Those in Germany who wanted to order directly from Apple now only have the option of a 512GB configuration or larger. However, those who would have upgraded to 512GB or more anyway are not affected by the change.<\/p>\n\n\n\n<p>One alternative is to check the remaining stock at German retailers. Price comparisons show that the 256GB version with 16GB RAM is currently available from some vendors at prices significantly below Apple&#039;s original list price \u2013 however, these stocks are also likely to sell out within a few weeks.<\/p>\n\n\n\n<h2 class=\"wp-block-heading\" id=\"h-apples-sortiment-im-schatten-der-ki-welle\">Apple&#039;s product range in the shadow of the AI wave<\/h2>\n\n\n\n<p class=\"translation-block\">What appears to be a minor technical detail in the Mac mini's adjustments is actually a symptom of a much larger shift. The AI server boom is forcing even a company like Apple to restructure its consumer product line around the real bottlenecks. That the next Mac mini - the anticipated <a href=\"https:\/\/www.apfelpatient.de\/en\/generally\/mac-mini-m5-all-rumors-at-a-glance\" data-wpel-link=\"internal\" target=\"_self\">Mac mini with the M5 chip<\/a> - will launch with higher entry-level prices is, after this product line streamlining, more of an expectation than speculation. For Apple buyers in Germany, this means: Anyone looking for an affordable mini desktop system should keep a close eye on the coming weeks and months. (Image: Shutterstock \/ PHLD Luca)<\/p>\n\n\n\n<ul class=\"wp-block-list\">\n<li><a href=\"https:\/\/www.apfelpatient.de\/en\/news\/tim-cook-lists-five-reasons-for-the-iphone-17s-success\" type=\"link\" id=\"https:\/\/www.apfelpatient.de\/news\/tim-cook-nennt-fuenf-gruende-fuer-den-iphone-17-erfolg\">Tim Cook cites five reasons for the iPhone 17&#039;s success<\/a><\/li>\n\n\n\n<li><a href=\"https:\/\/www.apfelpatient.de\/en\/news\/apple-cfo-hints-at-delay-in-next-ipad\">Apple CFO hints at delay in next iPad<\/a><\/li>\n\n\n\n<li><a href=\"https:\/\/www.apfelpatient.de\/en\/news\/apple-q2-2026-earnings-call-details-recap\">Apple Q2 2026 Earnings Call: The most important details and division figures<\/a><\/li>\n\n\n\n<li><a href=\"https:\/\/www.apfelpatient.de\/en\/news\/apple-customs-refunds-cook-usa-investment\">Apple applies for customs refunds \u2013 and plans reinvestment in the USA<\/a><\/li>\n\n\n\n<li><a href=\"https:\/\/www.apfelpatient.de\/en\/news\/apple-q3-2026-guidance-june-quarter\">Apple Q3 2026: Guidance promises double-digit growth<\/a><\/li>\n\n\n\n<li><a href=\"https:\/\/www.apfelpatient.de\/en\/news\/apple-china-q2-2026-cook-declares-comeback\">China business: Cook explains why Apple is gaining ground again<\/a><\/li>\n\n\n\n<li><a href=\"https:\/\/www.apfelpatient.de\/en\/news\/john-ternus-first-earnings-call-appearance\">John Ternus: First earnings call appearance as Apple&#039;s designated CEO<\/a><\/li>\n\n\n\n<li><a href=\"https:\/\/www.apfelpatient.de\/en\/news\/iphone-17-first-popular-lineup-ever\">iPhone 17: Apple&#039;s most popular lineup ever<\/a><\/li>\n\n\n\n<li><a href=\"https:\/\/www.apfelpatient.de\/en\/news\/mac-lineup-cook-mac-mini-supply-shortage\">Mac lineup is booming: Cook confirms supply shortage of the Mac mini<\/a><\/li>\n\n\n\n<li><a href=\"https:\/\/www.apfelpatient.de\/en\/news\/iphone-17-demand-tim-cook-supply-shortages\">iPhone 17: Tim Cook speaks of demand \"off the charts\"<\/a><\/li>\n\n\n\n<li><a href=\"https:\/\/www.apfelpatient.de\/en\/news\/apple-q2-2026-quarterly-figures-record\">Apple Q2 2026: Record quarter with $111.2 billion in revenue<\/a><\/li>\n\n\n\n<li><a href=\"https:\/\/www.apfelpatient.de\/en\/news\/iphone-17-pro-and-iphone-air-charging-problem-when-battery-is-empty\">iPhone 17 Pro and iPhone Air: Charging problem after completely empty battery<\/a><\/li>\n\n\n\n<li><a href=\"https:\/\/www.apfelpatient.de\/en\/news\/apple-ai-offers-multiple-solutions-in-parallel\">Apple AI is testing multiple solutions in parallel<\/a><\/li>\n\n\n\n<li><a href=\"https:\/\/www.apfelpatient.de\/en\/news\/apple-dominates-the-satellite-smartphone-market\">Satellite smartphones: Apple clearly dominates the market<\/a><\/li>\n\n\n\n<li><a href=\"https:\/\/www.apfelpatient.de\/en\/news\/ternus-iphone-pricing-and-us-production-first-major-decisions\">Ternus needs to decide on iPhone prices and US production early<\/a><\/li>\n\n\n\n<li><a href=\"https:\/\/www.apfelpatient.de\/en\/news\/apple-vs-epic-court-of-appeals-lifts-suspension\">Apple vs. Epic Games: Appeals Court lifts suspension<\/a><\/li>\n\n\n\n<li><a href=\"https:\/\/www.apfelpatient.de\/en\/news\/apple-tv-six-nominations-gotham-awards-2026\">Apple TV receives six nominations at the Gotham TV Awards<\/a><\/li>\n\n\n\n<li><a href=\"https:\/\/www.apfelpatient.de\/en\/news\/ubs-raises-price-target-for-apple-stock\">UBS raises price target for Apple \u2013 shortly before the quarterly results<\/a><\/li>\n\n\n\n<li><a href=\"https:\/\/www.apfelpatient.de\/en\/news\/vision-pro-first-successful-cataract-surgery-worldwide\">Apple Vision Pro: First cataract surgery worldwide successful<\/a><\/li>\n\n\n\n<li><a href=\"https:\/\/www.apfelpatient.de\/en\/news\/claude-new-connectors-for-blender-adobe-and-more\">Claude is getting nine new connectors for creative tools<\/a><\/li>\n\n\n\n<li><a href=\"https:\/\/www.apfelpatient.de\/en\/news\/ted-lasso-season-4-starts-on-august-5th\">Ted Lasso Season 4: Starts August 5 on Apple TV<\/a><\/li>\n\n\n\n<li><a href=\"https:\/\/www.apfelpatient.de\/en\/news\/apple-tv-survey-on-content-and-sports-launched\">Apple TV: Survey of subscribers on content and sports<\/a><\/li>\n\n\n\n<li><a href=\"https:\/\/www.apfelpatient.de\/en\/news\/app-store-monthly-subscriptions-with-a-12-month-commitment\">App Store: New monthly subscriptions with a 12-month commitment are coming<\/a><\/li>\n\n\n\n<li><a href=\"severance: Adam Scott kennt das Ende und k%C3%BCndigt %C3%9Cberraschungen an\">Severance: Adam Scott knows the ending and promises surprises<\/a><\/li>\n<\/ul>\n\n\n\n<h6 class=\"wp-block-heading translation-block\" id=\"h-kennt-ihr-schon-unsere-amazon-storefront-dort-findet-ihr-eine-handverlesene-auswahl-von-diversen-produkten-f-r-euer-iphone-und-co-viel-spa-beim-st-bern\"><em>Have you already visited our Amazon Storefront? There you&#039;ll find a hand-picked selection of various products for your iPhone and other devices \u2013 <span class=\"has-inline-color has-vivid-red-color\"><a href=\"https:\/\/www.amazon.de\/shop\/apfelpatientofficial\" class=\"ek-link\" data-wpel-link=\"exclude\" rel=\"follow noopener\" target=\"_self\"><span style=\"text-decoration: underline\" class=\"ek-underline\">enjoy browsing<\/span><\/a> !<\/span><\/em><\/h6>\n\n\n\n<h6 class=\"wp-block-heading translation-block\" id=\"h-der-beitrag-enthalt-partnerlinks\">This post contains <a data-type=\"URL\" data-id=\"https:\/\/www.apfelpatient.de\/partnerprogramm\" href=\"https:\/\/www.apfelpatient.de\/en\/partner-program\" data-wpel-link=\"internal\" target=\"_self\">affiliate links<\/a>.<\/h6>","protected":false},"excerpt":{"rendered":"<p>Apple is discontinuing the 256GB version of the Mac mini worldwide. The starting price effectively rises to \u20ac949.<\/p>","protected":false},"author":2,"featured_media":67445,"comment_status":"closed","ping_status":"open","sticky":false,"template":"","format":"standard","meta":{"jnews-multi-image_gallery":[],"jnews_single_post":{"format":"standard","override":[{"template":"2","parallax":"1","fullscreen":"1","layout":"right-sidebar","sidebar":"default-sidebar","second_sidebar":"default-sidebar","sticky_sidebar":"1","share_position":"top","share_float_style":"share-monocrhome","show_featured":"1","show_post_meta":"1","show_post_author":"1","show_post_author_image":"1","show_post_date":"1","post_date_format":"default","post_date_format_custom":"Y\/m\/d","show_post_category":"1","show_post_reading_time":"0","post_reading_time_wpm":"300","post_calculate_word_method":"str_word_count","show_zoom_button":"0","zoom_button_out_step":"2","zoom_button_in_step":"3","show_post_tag":"1","show_prev_next_post":"1","show_popup_post":"1","show_comment_section":"1","number_popup_post":"1","show_author_box":"0","show_post_related":"0","show_inline_post_related":"0"}],"image_override":[{"single_post_thumbnail_size":"crop-500","single_post_gallery_size":"crop-500"}],"trending_post_position":"meta","trending_post_label":"Trending","sponsored_post_label":"Sponsored by","disable_ad":"0"},"jnews_primary_category":{"id":"9"},"footnotes":""},"categories":[9],"tags":[40,73],"class_list":["post-67446","post","type-post","status-publish","format-standard","has-post-thumbnail","hentry","category-news","tag-mac","tag-mac-mini"],"yoast_head":"<!-- This site is optimized with the Yoast SEO Premium plugin v27.5 (Yoast SEO v27.5) - https:\/\/yoast.com\/product\/yoast-seo-premium-wordpress\/ -->\n<title>Mac mini: Apple streicht 256-GB-Variante Apfelpatient<\/title>\n<meta name=\"description\" content=\"Apple streicht die 256-GB-Variante des Mac mini weltweit. Der Einstiegspreis steigt damit faktisch auf 949 Euro.\" \/>\n<meta name=\"robots\" content=\"index, follow, max-snippet:-1, max-image-preview:large, max-video-preview:-1\" \/>\n<link rel=\"canonical\" href=\"https:\/\/www.apfelpatient.de\/en\/news\/apple-cancels-256gb-version-of-the-mac-mini\" \/>\n<meta property=\"og:locale\" content=\"en_US\" \/>\n<meta property=\"og:type\" content=\"article\" \/>\n<meta property=\"og:title\" content=\"Apple streicht 256-GB-Variante des Mac mini\" \/>\n<meta property=\"og:description\" content=\"Apple streicht die 256-GB-Variante des Mac mini weltweit. Der Einstiegspreis steigt damit faktisch auf 949 Euro.\" \/>\n<meta property=\"og:url\" content=\"https:\/\/www.apfelpatient.de\/en\/news\/apple-cancels-256gb-version-of-the-mac-mini\" \/>\n<meta property=\"og:site_name\" content=\"Apfelpatient\" \/>\n<meta property=\"article:publisher\" content=\"https:\/\/www.facebook.com\/apfelpatientOfficial\" \/>\n<meta property=\"article:author\" content=\"https:\/\/www.facebook.com\/apfelpatientOfficial\" \/>\n<meta property=\"article:published_time\" content=\"2026-05-01T20:10:42+00:00\" \/>\n<meta property=\"article:modified_time\" content=\"2026-05-01T20:11:51+00:00\" \/>\n<meta property=\"og:image\" content=\"https:\/\/www.apfelpatient.de\/wp-content\/uploads\/2026\/05\/shutterstock_2682697485.jpg\" \/>\n\t<meta property=\"og:image:width\" content=\"1600\" \/>\n\t<meta property=\"og:image:height\" content=\"1280\" \/>\n\t<meta property=\"og:image:type\" content=\"image\/jpeg\" \/>\n<meta name=\"author\" content=\"Milan\" \/>\n<meta name=\"twitter:card\" content=\"summary_large_image\" \/>\n<meta name=\"twitter:description\" content=\"Apple streicht die 256-GB-Variante des Mac mini weltweit. Der Einstiegspreis steigt damit faktisch auf 949 Euro.\" \/>\n<meta name=\"twitter:label1\" content=\"Written by\" \/>\n\t<meta name=\"twitter:data1\" content=\"Milan\" \/>\n\t<meta name=\"twitter:label2\" content=\"Est. reading time\" \/>\n\t<meta name=\"twitter:data2\" content=\"5 minutes\" \/>\n<script type=\"application\/ld+json\" class=\"yoast-schema-graph\">{\"@context\":\"https:\\\/\\\/schema.org\",\"@graph\":[{\"@type\":\"NewsArticle\",\"@id\":\"https:\\\/\\\/www.apfelpatient.de\\\/news\\\/apple-streicht-256-gb-variante-des-mac-mini#article\",\"isPartOf\":{\"@id\":\"https:\\\/\\\/www.apfelpatient.de\\\/news\\\/apple-streicht-256-gb-variante-des-mac-mini\"},\"author\":{\"@type\":\"Organization\",\"@id\":\"https:\\\/\\\/www.apfelpatient.de\\\/en\\\/#organization\",\"name\":\"Apfelpatient\",\"url\":\"https:\\\/\\\/www.apfelpatient.de\\\/en\\\/\"},\"headline\":\"Apple streicht 256-GB-Variante des Mac mini\",\"datePublished\":\"2026-05-01T20:10:42+00:00\",\"dateModified\":\"2026-05-01T20:11:51+00:00\",\"mainEntityOfPage\":{\"@id\":\"https:\\\/\\\/www.apfelpatient.de\\\/news\\\/apple-streicht-256-gb-variante-des-mac-mini\"},\"wordCount\":865,\"publisher\":{\"@type\":\"Organization\",\"@id\":\"https:\\\/\\\/www.apfelpatient.de\\\/en\\\/#organization\",\"name\":\"Apfelpatient\",\"url\":\"https:\\\/\\\/www.apfelpatient.de\\\/en\\\/\"},\"image\":{\"@id\":\"https:\\\/\\\/www.apfelpatient.de\\\/news\\\/apple-streicht-256-gb-variante-des-mac-mini#primaryimage\"},\"thumbnailUrl\":\"https:\\\/\\\/www.apfelpatient.de\\\/wp-content\\\/uploads\\\/2026\\\/05\\\/shutterstock_2682697485.jpg\",\"keywords\":[\"Mac\",\"Mac mini\"],\"articleSection\":\"News\",\"inLanguage\":\"en-US\",\"copyrightYear\":\"2026\",\"copyrightHolder\":{\"@id\":\"https:\\\/\\\/www.apfelpatient.de\\\/en\\\/#organization\"}},{\"@type\":\"WebPage\",\"@id\":\"https:\\\/\\\/www.apfelpatient.de\\\/news\\\/apple-streicht-256-gb-variante-des-mac-mini\",\"url\":\"https:\\\/\\\/www.apfelpatient.de\\\/news\\\/apple-streicht-256-gb-variante-des-mac-mini\",\"name\":\"Mac mini: Apple streicht 256-GB-Variante Apfelpatient\",\"isPartOf\":{\"@id\":\"https:\\\/\\\/www.apfelpatient.de\\\/#website\"},\"primaryImageOfPage\":{\"@id\":\"https:\\\/\\\/www.apfelpatient.de\\\/news\\\/apple-streicht-256-gb-variante-des-mac-mini#primaryimage\"},\"image\":{\"@id\":\"https:\\\/\\\/www.apfelpatient.de\\\/news\\\/apple-streicht-256-gb-variante-des-mac-mini#primaryimage\"},\"thumbnailUrl\":\"https:\\\/\\\/www.apfelpatient.de\\\/wp-content\\\/uploads\\\/2026\\\/05\\\/shutterstock_2682697485.jpg\",\"datePublished\":\"2026-05-01T20:10:42+00:00\",\"dateModified\":\"2026-05-01T20:11:51+00:00\",\"description\":\"Apple streicht die 256-GB-Variante des Mac mini weltweit. Der Einstiegspreis steigt damit faktisch auf 949 Euro.\",\"breadcrumb\":{\"@id\":\"https:\\\/\\\/www.apfelpatient.de\\\/news\\\/apple-streicht-256-gb-variante-des-mac-mini#breadcrumb\"},\"inLanguage\":\"en-US\",\"potentialAction\":[{\"@type\":\"ReadAction\",\"target\":[\"https:\\\/\\\/www.apfelpatient.de\\\/news\\\/apple-streicht-256-gb-variante-des-mac-mini\"]}]},{\"@type\":\"ImageObject\",\"inLanguage\":\"en-US\",\"@id\":\"https:\\\/\\\/www.apfelpatient.de\\\/news\\\/apple-streicht-256-gb-variante-des-mac-mini#primaryimage\",\"url\":\"https:\\\/\\\/www.apfelpatient.de\\\/wp-content\\\/uploads\\\/2026\\\/05\\\/shutterstock_2682697485.jpg\",\"contentUrl\":\"https:\\\/\\\/www.apfelpatient.de\\\/wp-content\\\/uploads\\\/2026\\\/05\\\/shutterstock_2682697485.jpg\",\"width\":1600,\"height\":1280,\"caption\":\"Bild: Shutterstock \\\/ PHLD Luca\"},{\"@type\":\"BreadcrumbList\",\"@id\":\"https:\\\/\\\/www.apfelpatient.de\\\/news\\\/apple-streicht-256-gb-variante-des-mac-mini#breadcrumb\",\"itemListElement\":[{\"@type\":\"ListItem\",\"position\":1,\"name\":\"Startseite\",\"item\":\"https:\\\/\\\/www.apfelpatient.de\\\/\"},{\"@type\":\"ListItem\",\"position\":2,\"name\":\"Apple streicht 256-GB-Variante des Mac mini\"}]},{\"@type\":\"WebSite\",\"@id\":\"https:\\\/\\\/www.apfelpatient.de\\\/#website\",\"url\":\"https:\\\/\\\/www.apfelpatient.de\\\/\",\"name\":\"Apfelpatient\",\"description\":\"Alles rund um Apple!\",\"publisher\":{\"@type\":\"Organization\",\"@id\":\"https:\\\/\\\/www.apfelpatient.de\\\/en\\\/#organization\",\"name\":\"Apfelpatient\",\"url\":\"https:\\\/\\\/www.apfelpatient.de\\\/en\\\/\"},\"alternateName\":\"Apfelpatient\",\"potentialAction\":[{\"@type\":\"SearchAction\",\"target\":{\"@type\":\"EntryPoint\",\"urlTemplate\":\"https:\\\/\\\/www.apfelpatient.de\\\/?s={search_term_string}\"},\"query-input\":{\"@type\":\"PropertyValueSpecification\",\"valueRequired\":true,\"valueName\":\"search_term_string\"}}],\"inLanguage\":\"en-US\"},{\"@type\":[\"Person\",\"Organization\"],\"@id\":\"https:\\\/\\\/www.apfelpatient.de\\\/#\\\/schema\\\/person\\\/35b3ddba5832f2bfc7fff5206d4f6b7b\",\"name\":\"Milan\",\"logo\":{\"@id\":\"https:\\\/\\\/www.apfelpatient.de\\\/#\\\/schema\\\/person\\\/image\\\/\"},\"description\":\"Hallo und herzlich willkommen auf meinem Technik-Blog! Als gro\u00dfer Apple-Fan berichte ich hier \u00fcber alles, was mit Apple zu tun hat: von den neuesten News und spannenden Ger\u00fcchten \u00fcber hilfreiche Tipps und Tricks bis hin zu ausf\u00fchrlichen Produkttests. Wenn du genauso technikbegeistert bist wie ich, bist du hier genau richtig!\",\"sameAs\":[\"https:\\\/\\\/www.facebook.com\\\/apfelpatientOfficial\",\"https:\\\/\\\/www.linkedin.com\\\/in\\\/milan-jovicic-42aa0231b\"],\"url\":\"https:\\\/\\\/www.apfelpatient.de\\\/en\\\/author\\\/apfeladmin\"}]}<\/script>\n<!-- \/ Yoast SEO Premium plugin. -->","yoast_head_json":{"title":"Mac mini: Apple discontinues 256GB variant Apfelpatient","description":"Apple is discontinuing the 256GB version of the Mac mini worldwide. The starting price effectively rises to \u20ac949.","robots":{"index":"index","follow":"follow","max-snippet":"max-snippet:-1","max-image-preview":"max-image-preview:large","max-video-preview":"max-video-preview:-1"},"canonical":"https:\/\/www.apfelpatient.de\/en\/news\/apple-cancels-256gb-version-of-the-mac-mini","og_locale":"en_US","og_type":"article","og_title":"Apple streicht 256-GB-Variante des Mac mini","og_description":"Apple streicht die 256-GB-Variante des Mac mini weltweit. Der Einstiegspreis steigt damit faktisch auf 949 Euro.","og_url":"https:\/\/www.apfelpatient.de\/en\/news\/apple-cancels-256gb-version-of-the-mac-mini","og_site_name":"Apfelpatient","article_publisher":"https:\/\/www.facebook.com\/apfelpatientOfficial","article_author":"https:\/\/www.facebook.com\/apfelpatientOfficial","article_published_time":"2026-05-01T20:10:42+00:00","article_modified_time":"2026-05-01T20:11:51+00:00","og_image":[{"width":1600,"height":1280,"url":"https:\/\/www.apfelpatient.de\/wp-content\/uploads\/2026\/05\/shutterstock_2682697485.jpg","type":"image\/jpeg"}],"author":"Milan","twitter_card":"summary_large_image","twitter_description":"Apple streicht die 256-GB-Variante des Mac mini weltweit. Der Einstiegspreis steigt damit faktisch auf 949 Euro.","twitter_misc":{"Written by":"Milan","Est. reading time":"5 minutes"},"schema":{"@context":"https:\/\/schema.org","@graph":[{"@type":"NewsArticle","@id":"https:\/\/www.apfelpatient.de\/news\/apple-streicht-256-gb-variante-des-mac-mini#article","isPartOf":{"@id":"https:\/\/www.apfelpatient.de\/news\/apple-streicht-256-gb-variante-des-mac-mini"},"author":{"@type":"Organization","@id":"https:\/\/www.apfelpatient.de\/en\/#organization","name":"Apfelpatient","url":"https:\/\/www.apfelpatient.de\/en\/"},"headline":"Apple streicht 256-GB-Variante des Mac mini","datePublished":"2026-05-01T20:10:42+00:00","dateModified":"2026-05-01T20:11:51+00:00","mainEntityOfPage":{"@id":"https:\/\/www.apfelpatient.de\/news\/apple-streicht-256-gb-variante-des-mac-mini"},"wordCount":865,"publisher":{"@type":"Organization","@id":"https:\/\/www.apfelpatient.de\/en\/#organization","name":"Apfelpatient","url":"https:\/\/www.apfelpatient.de\/en\/"},"image":{"@id":"https:\/\/www.apfelpatient.de\/news\/apple-streicht-256-gb-variante-des-mac-mini#primaryimage"},"thumbnailUrl":"https:\/\/www.apfelpatient.de\/wp-content\/uploads\/2026\/05\/shutterstock_2682697485.jpg","keywords":["Mac","Mac mini"],"articleSection":"News","inLanguage":"en-US","copyrightYear":"2026","copyrightHolder":{"@id":"https:\/\/www.apfelpatient.de\/en\/#organization"}},{"@type":"WebPage","@id":"https:\/\/www.apfelpatient.de\/news\/apple-streicht-256-gb-variante-des-mac-mini","url":"https:\/\/www.apfelpatient.de\/news\/apple-streicht-256-gb-variante-des-mac-mini","name":"Mac mini: Apple discontinues 256GB variant Apfelpatient","isPartOf":{"@id":"https:\/\/www.apfelpatient.de\/#website"},"primaryImageOfPage":{"@id":"https:\/\/www.apfelpatient.de\/news\/apple-streicht-256-gb-variante-des-mac-mini#primaryimage"},"image":{"@id":"https:\/\/www.apfelpatient.de\/news\/apple-streicht-256-gb-variante-des-mac-mini#primaryimage"},"thumbnailUrl":"https:\/\/www.apfelpatient.de\/wp-content\/uploads\/2026\/05\/shutterstock_2682697485.jpg","datePublished":"2026-05-01T20:10:42+00:00","dateModified":"2026-05-01T20:11:51+00:00","description":"Apple is discontinuing the 256GB version of the Mac mini worldwide. The starting price effectively rises to \u20ac949.","breadcrumb":{"@id":"https:\/\/www.apfelpatient.de\/news\/apple-streicht-256-gb-variante-des-mac-mini#breadcrumb"},"inLanguage":"en-US","potentialAction":[{"@type":"ReadAction","target":["https:\/\/www.apfelpatient.de\/news\/apple-streicht-256-gb-variante-des-mac-mini"]}]},{"@type":"ImageObject","inLanguage":"en-US","@id":"https:\/\/www.apfelpatient.de\/news\/apple-streicht-256-gb-variante-des-mac-mini#primaryimage","url":"https:\/\/www.apfelpatient.de\/wp-content\/uploads\/2026\/05\/shutterstock_2682697485.jpg","contentUrl":"https:\/\/www.apfelpatient.de\/wp-content\/uploads\/2026\/05\/shutterstock_2682697485.jpg","width":1600,"height":1280,"caption":"Bild: Shutterstock \/ PHLD Luca"},{"@type":"BreadcrumbList","@id":"https:\/\/www.apfelpatient.de\/news\/apple-streicht-256-gb-variante-des-mac-mini#breadcrumb","itemListElement":[{"@type":"ListItem","position":1,"name":"Startseite","item":"https:\/\/www.apfelpatient.de\/"},{"@type":"ListItem","position":2,"name":"Apple streicht 256-GB-Variante des Mac mini"}]},{"@type":"WebSite","@id":"https:\/\/www.apfelpatient.de\/#website","url":"https:\/\/www.apfelpatient.de\/","name":"apple patient","description":"Everything about Apple!","publisher":{"@type":"Organization","@id":"https:\/\/www.apfelpatient.de\/en\/#organization","name":"Apfelpatient","url":"https:\/\/www.apfelpatient.de\/en\/"},"alternateName":"Apfelpatient","potentialAction":[{"@type":"SearchAction","target":{"@type":"EntryPoint","urlTemplate":"https:\/\/www.apfelpatient.de\/?s={search_term_string}"},"query-input":{"@type":"PropertyValueSpecification","valueRequired":true,"valueName":"search_term_string"}}],"inLanguage":"en-US"},{"@type":["Person","Organization"],"@id":"https:\/\/www.apfelpatient.de\/#\/schema\/person\/35b3ddba5832f2bfc7fff5206d4f6b7b","name":"Milan","logo":{"@id":"https:\/\/www.apfelpatient.de\/#\/schema\/person\/image\/"},"description":"Hello and welcome to my technology blog! As a big Apple fan, I report on everything to do with Apple: from the latest news and exciting rumors to helpful tips and tricks and detailed product tests. If you are as enthusiastic about technology as I am, you have come to the right place!","sameAs":["https:\/\/www.facebook.com\/apfelpatientOfficial","https:\/\/www.linkedin.com\/in\/milan-jovicic-42aa0231b"],"url":"https:\/\/www.apfelpatient.de\/en\/author\/apfeladmin"}]}},"_links":{"self":[{"href":"https:\/\/www.apfelpatient.de\/en\/wp-json\/wp\/v2\/posts\/67446","targetHints":{"allow":["GET"]}}],"collection":[{"href":"https:\/\/www.apfelpatient.de\/en\/wp-json\/wp\/v2\/posts"}],"about":[{"href":"https:\/\/www.apfelpatient.de\/en\/wp-json\/wp\/v2\/types\/post"}],"author":[{"embeddable":true,"href":"https:\/\/www.apfelpatient.de\/en\/wp-json\/wp\/v2\/users\/2"}],"replies":[{"embeddable":true,"href":"https:\/\/www.apfelpatient.de\/en\/wp-json\/wp\/v2\/comments?post=67446"}],"version-history":[{"count":3,"href":"https:\/\/www.apfelpatient.de\/en\/wp-json\/wp\/v2\/posts\/67446\/revisions"}],"predecessor-version":[{"id":67449,"href":"https:\/\/www.apfelpatient.de\/en\/wp-json\/wp\/v2\/posts\/67446\/revisions\/67449"}],"wp:featuredmedia":[{"embeddable":true,"href":"https:\/\/www.apfelpatient.de\/en\/wp-json\/wp\/v2\/media\/67445"}],"wp:attachment":[{"href":"https:\/\/www.apfelpatient.de\/en\/wp-json\/wp\/v2\/media?parent=67446"}],"wp:term":[{"taxonomy":"category","embeddable":true,"href":"https:\/\/www.apfelpatient.de\/en\/wp-json\/wp\/v2\/categories?post=67446"},{"taxonomy":"post_tag","embeddable":true,"href":"https:\/\/www.apfelpatient.de\/en\/wp-json\/wp\/v2\/tags?post=67446"}],"curies":[{"name":"wp","href":"https:\/\/api.w.org\/{rel}","templated":true}]}}