{"id":67433,"date":"2026-05-01T16:57:00","date_gmt":"2026-05-01T14:57:00","guid":{"rendered":"https:\/\/www.apfelpatient.de\/?p=67433"},"modified":"2026-05-01T16:57:33","modified_gmt":"2026-05-01T14:57:33","slug":"apple-cfo-hints-at-delay-in-next-ipad","status":"publish","type":"post","link":"https:\/\/www.apfelpatient.de\/en\/news\/apple-cfo-deutet-verzoegerung-beim-naechsten-ipad-an","title":{"rendered":"Apple CFO hints at delay in next iPad"},"content":{"rendered":"<p class=\"has-drop-cap\"><strong>Kevan Parekh made an unusually clear indication of the release window for the next entry-level iPad during the Q2 2026 earnings call \u2013 revealing that it is unlikely to be released before July.<\/strong><\/p>\n\n\n\n<p>Apple executives practically never hint at upcoming products during earnings calls. That&#039;s precisely why a brief remark by CFO Kevan Parekh on Wednesday evening stood out: In his opening statement, a detail slipped through that has reshaped the rumor mill surrounding the next iPad. Those hoping for a quick successor to the A16 iPad will likely have to wait until later this year.<\/p>\n\n\n\n<h2 class=\"wp-block-heading\" id=\"h-was-parekh-wortlich-gesagt-hat\">What Parekh literally said<\/h2>\n\n\n\n<p>In his outlook for the current June quarter, Parekh mentioned specific growth expectations \u2013 and added a remarkable caveat. Apple anticipates revenue growth of 14 to 17 percent compared to the same quarter last year. However, he noted that the comparison with the iPad is difficult because the iPad with the A16 chip was introduced in the same quarter last year.<\/p>\n\n\n\n<p>This wording is crucial in the context: Apple explicitly points out to its investors a difficult year-on-year comparison \u2013 that is, a revenue effect resulting from the lack of a corresponding new product launch in the current quarter.<\/p>\n\n\n\n<h2 class=\"wp-block-heading\" id=\"h-warum-das-auf-eine-verzogerung-hindeutet\">Why this suggests a delay<\/h2>\n\n\n\n<p>The last entry-level iPad with an A16 chip was introduced in March 2025. The industry actually expected Apple to release its successor in the same spring window \u2013 coinciding with the new iPad Air, which was indeed unveiled in March 2026. But the affordable model never materialized.<\/p>\n\n\n\n<p>Bloomberg reporter Mark Gurman recently reported that the hardware was ready and the launch would take place this year. Parekh&#039;s statement now pushes this timeframe further back: A new iPad in Q3 (April to June) would have eased the comparison with the strong prior-year quarter \u2013 but that&#039;s precisely what Parekh is worrying investors about. A market launch before July now seems virtually impossible.<\/p>\n\n\n\n<h2 class=\"wp-block-heading\" id=\"h-wann-das-neue-ipad-realistisch-kommt\">When the new iPad will realistically arrive<\/h2>\n\n\n\n<p>Apple traditionally doesn&#039;t release new hardware in the second half of summer \u2013 July and August are rather atypical for major launches. Realistically, this leaves a window starting in the fall, possibly in conjunction with other product updates around the iPhone 18 launch or in October.<\/p>\n\n\n\n<p>As a reminder: Apple introduced the iPad with the A16 chip in March 2025, along with double the base storage. The expected successor is rumored to switch to the A18 chip, making it Apple Intelligence-enabled for the first time \u2013 a significant step, as the most affordable iPad has thus far been outside of Apple&#039;s AI ecosystem.<\/p>\n\n\n\n<h2 class=\"wp-block-heading\" id=\"h-was-hinter-apples-hinweis-steckt\">What&#039;s behind Apple&#039;s hint<\/h2>\n\n\n\n<p>That Apple would even offer such a hint is unusual. Unlike analyst questions, which Tim Cook and his team routinely deflect, this remark was made voluntarily in the opening statement. The reason is obvious: Parekh needs to explain to investors why the iPad segment isn&#039;t able to replicate last year&#039;s growth in the current quarter. A lack of a product launch is the most honest explanation.<\/p>\n\n\n\n<p>This has a twofold effect for buyers: those looking for a cheap iPad will have to be patient. However, those waiting for the A18 chip upgrade can be sure that the model will indeed arrive in 2026 \u2013 just not in the traditional spring release window, but later.<\/p>\n\n\n\n<h2 class=\"wp-block-heading\" id=\"h-apples-ipad-roadmap-ruckt-zusammen\">Apple&#039;s iPad roadmap is coming together<\/h2>\n\n\n\n<p class=\"translation-block\">The delay is also noteworthy because it further condenses Apple's already packed fall lineup. Besides the iPhone 18, other products are poised for release, from new Macs to potential audio and wearable updates. If the entry-level iPad falls within this timeframe, fall 2026 will be one of Apple's busiest launch periods in recent years. You can find all the currently known details about the model in our <a href=\"https:\/\/www.apfelpatient.de\/en\/generally\/ipad-12th-generation-all-rumors-at-a-glance\" data-wpel-link=\"internal\" target=\"_self\">iPad 12 overview<\/a>.<\/p>\n\n\n\n<h2 class=\"wp-block-heading\" id=\"h-apples-ipad-pause-als-signal-an-die-investoren\">Apple&#039;s iPad hiatus as a signal to investors<\/h2>\n\n\n\n<p class=\"translation-block\">Parekh&#039;s remark is more than just a footnote in the earnings call. It shows precisely how Apple manages expectations on Wall Street \u2013 and simultaneously how closely product development is intertwined with the quarterly reports. For the Apple community, this means one thing above all: Anyone waiting for the next entry-level iPad should mark fall 2026 firmly on their calendar. The best products for you: Our <a href=\"https:\/\/www.amazon.de\/shop\/apfelpatientofficial\" target=\"_blank\" rel=\"noreferrer noopener follow\" data-wpel-link=\"exclude\">Amazon storefront<\/a> offers a wide selection of accessories, including those for HomeKit. (Image: Shutterstock \/ Gabo_Arts)<\/p>\n\n\n\n<ul class=\"wp-block-list\">\n<li><a href=\"https:\/\/www.apfelpatient.de\/en\/news\/apple-q2-2026-earnings-call-details-recap\" type=\"link\" id=\"https:\/\/www.apfelpatient.de\/news\/apple-q2-2026-earnings-call-details-recap\">Apple Q2 2026 Earnings Call: The most important details and division figures<\/a><\/li>\n\n\n\n<li><a href=\"https:\/\/www.apfelpatient.de\/en\/news\/apple-customs-refunds-cook-usa-investment\">Apple applies for customs refunds \u2013 and plans reinvestment in the USA<\/a><\/li>\n\n\n\n<li><a href=\"https:\/\/www.apfelpatient.de\/en\/news\/apple-q3-2026-guidance-june-quarter\">Apple Q3 2026: Guidance promises double-digit growth<\/a><\/li>\n\n\n\n<li><a href=\"https:\/\/www.apfelpatient.de\/en\/news\/apple-china-q2-2026-cook-declares-comeback\">China business: Cook explains why Apple is gaining ground again<\/a><\/li>\n\n\n\n<li><a href=\"https:\/\/www.apfelpatient.de\/en\/news\/john-ternus-first-earnings-call-appearance\">John Ternus: First earnings call appearance as Apple&#039;s designated CEO<\/a><\/li>\n\n\n\n<li><a href=\"https:\/\/www.apfelpatient.de\/en\/news\/iphone-17-first-popular-lineup-ever\">iPhone 17: Apple&#039;s most popular lineup ever<\/a><\/li>\n\n\n\n<li><a href=\"https:\/\/www.apfelpatient.de\/en\/news\/mac-lineup-cook-mac-mini-supply-shortage\">Mac lineup is booming: Cook confirms supply shortage of the Mac mini<\/a><\/li>\n\n\n\n<li><a href=\"https:\/\/www.apfelpatient.de\/en\/news\/iphone-17-demand-tim-cook-supply-shortages\">iPhone 17: Tim Cook speaks of demand \"off the charts\"<\/a><\/li>\n\n\n\n<li><a href=\"https:\/\/www.apfelpatient.de\/en\/news\/apple-q2-2026-quarterly-figures-record\">Apple Q2 2026: Record quarter with $111.2 billion in revenue<\/a><\/li>\n\n\n\n<li><a href=\"https:\/\/www.apfelpatient.de\/en\/news\/iphone-17-pro-and-iphone-air-charging-problem-when-battery-is-empty\">iPhone 17 Pro and iPhone Air: Charging problem after completely empty battery<\/a><\/li>\n\n\n\n<li><a href=\"https:\/\/www.apfelpatient.de\/en\/news\/apple-ai-offers-multiple-solutions-in-parallel\">Apple AI is testing multiple solutions in parallel<\/a><\/li>\n\n\n\n<li><a href=\"https:\/\/www.apfelpatient.de\/en\/news\/apple-dominates-the-satellite-smartphone-market\">Satellite smartphones: Apple clearly dominates the market<\/a><\/li>\n\n\n\n<li><a href=\"https:\/\/www.apfelpatient.de\/en\/news\/ternus-iphone-pricing-and-us-production-first-major-decisions\">Ternus needs to decide on iPhone prices and US production early<\/a><\/li>\n\n\n\n<li><a href=\"https:\/\/www.apfelpatient.de\/en\/news\/apple-vs-epic-court-of-appeals-lifts-suspension\">Apple vs. Epic Games: Appeals Court lifts suspension<\/a><\/li>\n\n\n\n<li><a href=\"https:\/\/www.apfelpatient.de\/en\/news\/apple-tv-six-nominations-gotham-awards-2026\">Apple TV receives six nominations at the Gotham TV Awards<\/a><\/li>\n\n\n\n<li><a href=\"https:\/\/www.apfelpatient.de\/en\/news\/ubs-raises-price-target-for-apple-stock\">UBS raises price target for Apple \u2013 shortly before the quarterly results<\/a><\/li>\n\n\n\n<li><a href=\"https:\/\/www.apfelpatient.de\/en\/news\/vision-pro-first-successful-cataract-surgery-worldwide\">Apple Vision Pro: First cataract surgery worldwide successful<\/a><\/li>\n\n\n\n<li><a href=\"https:\/\/www.apfelpatient.de\/en\/news\/claude-new-connectors-for-blender-adobe-and-more\">Claude is getting nine new connectors for creative tools<\/a><\/li>\n\n\n\n<li><a href=\"https:\/\/www.apfelpatient.de\/en\/news\/ted-lasso-season-4-starts-on-august-5th\">Ted Lasso Season 4: Starts August 5 on Apple TV<\/a><\/li>\n\n\n\n<li><a href=\"https:\/\/www.apfelpatient.de\/en\/news\/apple-tv-survey-on-content-and-sports-launched\">Apple TV: Survey of subscribers on content and sports<\/a><\/li>\n\n\n\n<li><a href=\"https:\/\/www.apfelpatient.de\/en\/news\/app-store-monthly-subscriptions-with-a-12-month-commitment\">App Store: New monthly subscriptions with a 12-month commitment are coming<\/a><\/li>\n\n\n\n<li><a href=\"severance: Adam Scott kennt das Ende und k%C3%BCndigt %C3%9Cberraschungen an\">Severance: Adam Scott knows the ending and promises surprises<\/a><\/li>\n\n\n\n<li><a href=\"https:\/\/www.apfelpatient.de\/en\/news\/ios-26-5-beta-4-apple-concludes-testing-phase\">iOS 26.5 Beta 4: Apple concludes the testing phase<\/a><\/li>\n<\/ul>\n\n\n\n<h6 class=\"wp-block-heading translation-block\" id=\"h-kennt-ihr-schon-unsere-amazon-storefront-dort-findet-ihr-eine-handverlesene-auswahl-von-diversen-produkten-f-r-euer-iphone-und-co-viel-spa-beim-st-bern\"><em>Have you already visited our Amazon Storefront? There you&#039;ll find a hand-picked selection of various products for your iPhone and other devices \u2013 <span class=\"has-inline-color has-vivid-red-color\"><a href=\"https:\/\/www.amazon.de\/shop\/apfelpatientofficial\" class=\"ek-link\" data-wpel-link=\"exclude\" rel=\"follow noopener\" target=\"_self\"><span style=\"text-decoration: underline\" class=\"ek-underline\">enjoy browsing<\/span><\/a> !<\/span><\/em><\/h6>\n\n\n\n<h6 class=\"wp-block-heading translation-block\" id=\"h-der-beitrag-enthalt-partnerlinks\">This post contains <a data-type=\"URL\" data-id=\"https:\/\/www.apfelpatient.de\/partnerprogramm\" href=\"https:\/\/www.apfelpatient.de\/en\/partner-program\" data-wpel-link=\"internal\" target=\"_self\">affiliate links<\/a>.<\/h6>","protected":false},"excerpt":{"rendered":"<p>Apple CFO Parekh hinted in the earnings call: The next entry-level iPad with A18 chip will not arrive before July \u2013 realistically, it will be autumn 2026.<\/p>","protected":false},"author":2,"featured_media":67432,"comment_status":"closed","ping_status":"open","sticky":false,"template":"","format":"standard","meta":{"jnews-multi-image_gallery":[],"jnews_single_post":{"format":"standard","override":[{"template":"2","parallax":"1","fullscreen":"1","layout":"right-sidebar","sidebar":"default-sidebar","second_sidebar":"default-sidebar","sticky_sidebar":"1","share_position":"top","share_float_style":"share-monocrhome","show_featured":"1","show_post_meta":"1","show_post_author":"1","show_post_author_image":"1","show_post_date":"1","post_date_format":"default","post_date_format_custom":"Y\/m\/d","show_post_category":"1","show_post_reading_time":"0","post_reading_time_wpm":"300","post_calculate_word_method":"str_word_count","show_zoom_button":"0","zoom_button_out_step":"2","zoom_button_in_step":"3","show_post_tag":"1","show_prev_next_post":"1","show_popup_post":"1","show_comment_section":"1","number_popup_post":"1","show_author_box":"0","show_post_related":"0","show_inline_post_related":"0"}],"image_override":[{"single_post_thumbnail_size":"crop-500","single_post_gallery_size":"crop-500"}],"trending_post_position":"meta","trending_post_label":"Trending","sponsored_post_label":"Sponsored by","disable_ad":"0"},"jnews_primary_category":{"id":"9"},"footnotes":""},"categories":[9],"tags":[18],"class_list":["post-67433","post","type-post","status-publish","format-standard","has-post-thumbnail","hentry","category-news","tag-ipad"],"yoast_head":"<!-- This site is optimized with the Yoast SEO Premium plugin v27.5 (Yoast SEO v27.5) - https:\/\/yoast.com\/product\/yoast-seo-premium-wordpress\/ -->\n<title>Apple deutet Verz\u00f6gerung beim iPad an Apfelpatient<\/title>\n<meta name=\"description\" content=\"Apple-CFO Parekh deutet im Earnings Call an: Das n\u00e4chste Einsteiger-iPad mit A18-Chip kommt nicht vor Juli \u2013 realistisch ist der Herbst 2026.\" \/>\n<meta name=\"robots\" content=\"index, follow, max-snippet:-1, max-image-preview:large, max-video-preview:-1\" \/>\n<link rel=\"canonical\" href=\"https:\/\/www.apfelpatient.de\/en\/news\/apple-cfo-hints-at-delay-in-next-ipad\" \/>\n<meta property=\"og:locale\" content=\"en_US\" \/>\n<meta property=\"og:type\" content=\"article\" \/>\n<meta property=\"og:title\" content=\"Apple-CFO deutet Verz\u00f6gerung beim n\u00e4chsten iPad an\" \/>\n<meta property=\"og:description\" content=\"Apple-CFO Parekh deutet im Earnings Call an: Das n\u00e4chste Einsteiger-iPad mit A18-Chip kommt nicht vor Juli \u2013 realistisch ist der Herbst 2026.\" \/>\n<meta property=\"og:url\" content=\"https:\/\/www.apfelpatient.de\/en\/news\/apple-cfo-hints-at-delay-in-next-ipad\" \/>\n<meta property=\"og:site_name\" content=\"Apfelpatient\" \/>\n<meta property=\"article:publisher\" content=\"https:\/\/www.facebook.com\/apfelpatientOfficial\" \/>\n<meta property=\"article:author\" content=\"https:\/\/www.facebook.com\/apfelpatientOfficial\" \/>\n<meta property=\"article:published_time\" content=\"2026-05-01T14:57:00+00:00\" \/>\n<meta property=\"article:modified_time\" content=\"2026-05-01T14:57:33+00:00\" \/>\n<meta property=\"og:image\" content=\"https:\/\/www.apfelpatient.de\/wp-content\/uploads\/2026\/05\/shutterstock_2300240803.jpg\" \/>\n\t<meta property=\"og:image:width\" content=\"1600\" \/>\n\t<meta property=\"og:image:height\" content=\"798\" \/>\n\t<meta property=\"og:image:type\" content=\"image\/jpeg\" \/>\n<meta name=\"author\" content=\"Milan\" \/>\n<meta name=\"twitter:card\" content=\"summary_large_image\" \/>\n<meta name=\"twitter:description\" content=\"Apple-CFO Parekh deutet im Earnings Call an: Das n\u00e4chste Einsteiger-iPad mit A18-Chip kommt nicht vor Juli \u2013 realistisch ist der Herbst 2026.\" \/>\n<meta name=\"twitter:label1\" content=\"Written by\" \/>\n\t<meta name=\"twitter:data1\" content=\"Milan\" \/>\n\t<meta name=\"twitter:label2\" content=\"Est. reading time\" \/>\n\t<meta name=\"twitter:data2\" content=\"5 minutes\" \/>\n<script type=\"application\/ld+json\" class=\"yoast-schema-graph\">{\"@context\":\"https:\\\/\\\/schema.org\",\"@graph\":[{\"@type\":\"NewsArticle\",\"@id\":\"https:\\\/\\\/www.apfelpatient.de\\\/news\\\/apple-cfo-deutet-verzoegerung-beim-naechsten-ipad-an#article\",\"isPartOf\":{\"@id\":\"https:\\\/\\\/www.apfelpatient.de\\\/news\\\/apple-cfo-deutet-verzoegerung-beim-naechsten-ipad-an\"},\"author\":{\"@type\":\"Organization\",\"@id\":\"https:\\\/\\\/www.apfelpatient.de\\\/en\\\/#organization\",\"name\":\"Apfelpatient\",\"url\":\"https:\\\/\\\/www.apfelpatient.de\\\/en\\\/\"},\"headline\":\"Apple-CFO deutet Verz\u00f6gerung beim n\u00e4chsten iPad an\",\"datePublished\":\"2026-05-01T14:57:00+00:00\",\"dateModified\":\"2026-05-01T14:57:33+00:00\",\"mainEntityOfPage\":{\"@id\":\"https:\\\/\\\/www.apfelpatient.de\\\/news\\\/apple-cfo-deutet-verzoegerung-beim-naechsten-ipad-an\"},\"wordCount\":900,\"publisher\":{\"@type\":\"Organization\",\"@id\":\"https:\\\/\\\/www.apfelpatient.de\\\/en\\\/#organization\",\"name\":\"Apfelpatient\",\"url\":\"https:\\\/\\\/www.apfelpatient.de\\\/en\\\/\"},\"image\":{\"@id\":\"https:\\\/\\\/www.apfelpatient.de\\\/news\\\/apple-cfo-deutet-verzoegerung-beim-naechsten-ipad-an#primaryimage\"},\"thumbnailUrl\":\"https:\\\/\\\/www.apfelpatient.de\\\/wp-content\\\/uploads\\\/2026\\\/05\\\/shutterstock_2300240803.jpg\",\"keywords\":[\"iPad\"],\"articleSection\":\"News\",\"inLanguage\":\"en-US\",\"copyrightYear\":\"2026\",\"copyrightHolder\":{\"@id\":\"https:\\\/\\\/www.apfelpatient.de\\\/en\\\/#organization\"}},{\"@type\":\"WebPage\",\"@id\":\"https:\\\/\\\/www.apfelpatient.de\\\/news\\\/apple-cfo-deutet-verzoegerung-beim-naechsten-ipad-an\",\"url\":\"https:\\\/\\\/www.apfelpatient.de\\\/news\\\/apple-cfo-deutet-verzoegerung-beim-naechsten-ipad-an\",\"name\":\"Apple deutet Verz\u00f6gerung beim iPad an Apfelpatient\",\"isPartOf\":{\"@id\":\"https:\\\/\\\/www.apfelpatient.de\\\/#website\"},\"primaryImageOfPage\":{\"@id\":\"https:\\\/\\\/www.apfelpatient.de\\\/news\\\/apple-cfo-deutet-verzoegerung-beim-naechsten-ipad-an#primaryimage\"},\"image\":{\"@id\":\"https:\\\/\\\/www.apfelpatient.de\\\/news\\\/apple-cfo-deutet-verzoegerung-beim-naechsten-ipad-an#primaryimage\"},\"thumbnailUrl\":\"https:\\\/\\\/www.apfelpatient.de\\\/wp-content\\\/uploads\\\/2026\\\/05\\\/shutterstock_2300240803.jpg\",\"datePublished\":\"2026-05-01T14:57:00+00:00\",\"dateModified\":\"2026-05-01T14:57:33+00:00\",\"description\":\"Apple-CFO Parekh deutet im Earnings Call an: Das n\u00e4chste Einsteiger-iPad mit A18-Chip kommt nicht vor Juli \u2013 realistisch ist der Herbst 2026.\",\"breadcrumb\":{\"@id\":\"https:\\\/\\\/www.apfelpatient.de\\\/news\\\/apple-cfo-deutet-verzoegerung-beim-naechsten-ipad-an#breadcrumb\"},\"inLanguage\":\"en-US\",\"potentialAction\":[{\"@type\":\"ReadAction\",\"target\":[\"https:\\\/\\\/www.apfelpatient.de\\\/news\\\/apple-cfo-deutet-verzoegerung-beim-naechsten-ipad-an\"]}]},{\"@type\":\"ImageObject\",\"inLanguage\":\"en-US\",\"@id\":\"https:\\\/\\\/www.apfelpatient.de\\\/news\\\/apple-cfo-deutet-verzoegerung-beim-naechsten-ipad-an#primaryimage\",\"url\":\"https:\\\/\\\/www.apfelpatient.de\\\/wp-content\\\/uploads\\\/2026\\\/05\\\/shutterstock_2300240803.jpg\",\"contentUrl\":\"https:\\\/\\\/www.apfelpatient.de\\\/wp-content\\\/uploads\\\/2026\\\/05\\\/shutterstock_2300240803.jpg\",\"width\":1600,\"height\":798,\"caption\":\"Bild: Shutterstock \\\/ Gabo_Arts\"},{\"@type\":\"BreadcrumbList\",\"@id\":\"https:\\\/\\\/www.apfelpatient.de\\\/news\\\/apple-cfo-deutet-verzoegerung-beim-naechsten-ipad-an#breadcrumb\",\"itemListElement\":[{\"@type\":\"ListItem\",\"position\":1,\"name\":\"Startseite\",\"item\":\"https:\\\/\\\/www.apfelpatient.de\\\/\"},{\"@type\":\"ListItem\",\"position\":2,\"name\":\"Apple-CFO deutet Verz\u00f6gerung beim n\u00e4chsten iPad an\"}]},{\"@type\":\"WebSite\",\"@id\":\"https:\\\/\\\/www.apfelpatient.de\\\/#website\",\"url\":\"https:\\\/\\\/www.apfelpatient.de\\\/\",\"name\":\"Apfelpatient\",\"description\":\"Alles rund um Apple!\",\"publisher\":{\"@type\":\"Organization\",\"@id\":\"https:\\\/\\\/www.apfelpatient.de\\\/en\\\/#organization\",\"name\":\"Apfelpatient\",\"url\":\"https:\\\/\\\/www.apfelpatient.de\\\/en\\\/\"},\"alternateName\":\"Apfelpatient\",\"potentialAction\":[{\"@type\":\"SearchAction\",\"target\":{\"@type\":\"EntryPoint\",\"urlTemplate\":\"https:\\\/\\\/www.apfelpatient.de\\\/?s={search_term_string}\"},\"query-input\":{\"@type\":\"PropertyValueSpecification\",\"valueRequired\":true,\"valueName\":\"search_term_string\"}}],\"inLanguage\":\"en-US\"},{\"@type\":[\"Person\",\"Organization\"],\"@id\":\"https:\\\/\\\/www.apfelpatient.de\\\/#\\\/schema\\\/person\\\/35b3ddba5832f2bfc7fff5206d4f6b7b\",\"name\":\"Milan\",\"logo\":{\"@id\":\"https:\\\/\\\/www.apfelpatient.de\\\/#\\\/schema\\\/person\\\/image\\\/\"},\"description\":\"Hallo und herzlich willkommen auf meinem Technik-Blog! Als gro\u00dfer Apple-Fan berichte ich hier \u00fcber alles, was mit Apple zu tun hat: von den neuesten News und spannenden Ger\u00fcchten \u00fcber hilfreiche Tipps und Tricks bis hin zu ausf\u00fchrlichen Produkttests. Wenn du genauso technikbegeistert bist wie ich, bist du hier genau richtig!\",\"sameAs\":[\"https:\\\/\\\/www.facebook.com\\\/apfelpatientOfficial\",\"https:\\\/\\\/www.linkedin.com\\\/in\\\/milan-jovicic-42aa0231b\"],\"url\":\"https:\\\/\\\/www.apfelpatient.de\\\/en\\\/author\\\/apfeladmin\"}]}<\/script>\n<!-- \/ Yoast SEO Premium plugin. -->","yoast_head_json":{"title":"Apple hints at iPad delay Apfelpatient","description":"Apple CFO Parekh hinted in the earnings call: The next entry-level iPad with A18 chip will not arrive before July \u2013 realistically, it will be autumn 2026.","robots":{"index":"index","follow":"follow","max-snippet":"max-snippet:-1","max-image-preview":"max-image-preview:large","max-video-preview":"max-video-preview:-1"},"canonical":"https:\/\/www.apfelpatient.de\/en\/news\/apple-cfo-hints-at-delay-in-next-ipad","og_locale":"en_US","og_type":"article","og_title":"Apple-CFO deutet Verz\u00f6gerung beim n\u00e4chsten iPad an","og_description":"Apple-CFO Parekh deutet im Earnings Call an: Das n\u00e4chste Einsteiger-iPad mit A18-Chip kommt nicht vor Juli \u2013 realistisch ist der Herbst 2026.","og_url":"https:\/\/www.apfelpatient.de\/en\/news\/apple-cfo-hints-at-delay-in-next-ipad","og_site_name":"Apfelpatient","article_publisher":"https:\/\/www.facebook.com\/apfelpatientOfficial","article_author":"https:\/\/www.facebook.com\/apfelpatientOfficial","article_published_time":"2026-05-01T14:57:00+00:00","article_modified_time":"2026-05-01T14:57:33+00:00","og_image":[{"width":1600,"height":798,"url":"https:\/\/www.apfelpatient.de\/wp-content\/uploads\/2026\/05\/shutterstock_2300240803.jpg","type":"image\/jpeg"}],"author":"Milan","twitter_card":"summary_large_image","twitter_description":"Apple-CFO Parekh deutet im Earnings Call an: Das n\u00e4chste Einsteiger-iPad mit A18-Chip kommt nicht vor Juli \u2013 realistisch ist der Herbst 2026.","twitter_misc":{"Written by":"Milan","Est. reading time":"5 minutes"},"schema":{"@context":"https:\/\/schema.org","@graph":[{"@type":"NewsArticle","@id":"https:\/\/www.apfelpatient.de\/news\/apple-cfo-deutet-verzoegerung-beim-naechsten-ipad-an#article","isPartOf":{"@id":"https:\/\/www.apfelpatient.de\/news\/apple-cfo-deutet-verzoegerung-beim-naechsten-ipad-an"},"author":{"@type":"Organization","@id":"https:\/\/www.apfelpatient.de\/en\/#organization","name":"Apfelpatient","url":"https:\/\/www.apfelpatient.de\/en\/"},"headline":"Apple-CFO deutet Verz\u00f6gerung beim n\u00e4chsten iPad an","datePublished":"2026-05-01T14:57:00+00:00","dateModified":"2026-05-01T14:57:33+00:00","mainEntityOfPage":{"@id":"https:\/\/www.apfelpatient.de\/news\/apple-cfo-deutet-verzoegerung-beim-naechsten-ipad-an"},"wordCount":900,"publisher":{"@type":"Organization","@id":"https:\/\/www.apfelpatient.de\/en\/#organization","name":"Apfelpatient","url":"https:\/\/www.apfelpatient.de\/en\/"},"image":{"@id":"https:\/\/www.apfelpatient.de\/news\/apple-cfo-deutet-verzoegerung-beim-naechsten-ipad-an#primaryimage"},"thumbnailUrl":"https:\/\/www.apfelpatient.de\/wp-content\/uploads\/2026\/05\/shutterstock_2300240803.jpg","keywords":["iPad"],"articleSection":"News","inLanguage":"en-US","copyrightYear":"2026","copyrightHolder":{"@id":"https:\/\/www.apfelpatient.de\/en\/#organization"}},{"@type":"WebPage","@id":"https:\/\/www.apfelpatient.de\/news\/apple-cfo-deutet-verzoegerung-beim-naechsten-ipad-an","url":"https:\/\/www.apfelpatient.de\/news\/apple-cfo-deutet-verzoegerung-beim-naechsten-ipad-an","name":"Apple hints at iPad delay Apfelpatient","isPartOf":{"@id":"https:\/\/www.apfelpatient.de\/#website"},"primaryImageOfPage":{"@id":"https:\/\/www.apfelpatient.de\/news\/apple-cfo-deutet-verzoegerung-beim-naechsten-ipad-an#primaryimage"},"image":{"@id":"https:\/\/www.apfelpatient.de\/news\/apple-cfo-deutet-verzoegerung-beim-naechsten-ipad-an#primaryimage"},"thumbnailUrl":"https:\/\/www.apfelpatient.de\/wp-content\/uploads\/2026\/05\/shutterstock_2300240803.jpg","datePublished":"2026-05-01T14:57:00+00:00","dateModified":"2026-05-01T14:57:33+00:00","description":"Apple CFO Parekh hinted in the earnings call: The next entry-level iPad with A18 chip will not arrive before July \u2013 realistically, it will be autumn 2026.","breadcrumb":{"@id":"https:\/\/www.apfelpatient.de\/news\/apple-cfo-deutet-verzoegerung-beim-naechsten-ipad-an#breadcrumb"},"inLanguage":"en-US","potentialAction":[{"@type":"ReadAction","target":["https:\/\/www.apfelpatient.de\/news\/apple-cfo-deutet-verzoegerung-beim-naechsten-ipad-an"]}]},{"@type":"ImageObject","inLanguage":"en-US","@id":"https:\/\/www.apfelpatient.de\/news\/apple-cfo-deutet-verzoegerung-beim-naechsten-ipad-an#primaryimage","url":"https:\/\/www.apfelpatient.de\/wp-content\/uploads\/2026\/05\/shutterstock_2300240803.jpg","contentUrl":"https:\/\/www.apfelpatient.de\/wp-content\/uploads\/2026\/05\/shutterstock_2300240803.jpg","width":1600,"height":798,"caption":"Bild: Shutterstock \/ Gabo_Arts"},{"@type":"BreadcrumbList","@id":"https:\/\/www.apfelpatient.de\/news\/apple-cfo-deutet-verzoegerung-beim-naechsten-ipad-an#breadcrumb","itemListElement":[{"@type":"ListItem","position":1,"name":"Startseite","item":"https:\/\/www.apfelpatient.de\/"},{"@type":"ListItem","position":2,"name":"Apple-CFO deutet Verz\u00f6gerung beim n\u00e4chsten iPad an"}]},{"@type":"WebSite","@id":"https:\/\/www.apfelpatient.de\/#website","url":"https:\/\/www.apfelpatient.de\/","name":"apple patient","description":"Everything about Apple!","publisher":{"@type":"Organization","@id":"https:\/\/www.apfelpatient.de\/en\/#organization","name":"Apfelpatient","url":"https:\/\/www.apfelpatient.de\/en\/"},"alternateName":"Apfelpatient","potentialAction":[{"@type":"SearchAction","target":{"@type":"EntryPoint","urlTemplate":"https:\/\/www.apfelpatient.de\/?s={search_term_string}"},"query-input":{"@type":"PropertyValueSpecification","valueRequired":true,"valueName":"search_term_string"}}],"inLanguage":"en-US"},{"@type":["Person","Organization"],"@id":"https:\/\/www.apfelpatient.de\/#\/schema\/person\/35b3ddba5832f2bfc7fff5206d4f6b7b","name":"Milan","logo":{"@id":"https:\/\/www.apfelpatient.de\/#\/schema\/person\/image\/"},"description":"Hello and welcome to my technology blog! As a big Apple fan, I report on everything to do with Apple: from the latest news and exciting rumors to helpful tips and tricks and detailed product tests. If you are as enthusiastic about technology as I am, you have come to the right place!","sameAs":["https:\/\/www.facebook.com\/apfelpatientOfficial","https:\/\/www.linkedin.com\/in\/milan-jovicic-42aa0231b"],"url":"https:\/\/www.apfelpatient.de\/en\/author\/apfeladmin"}]}},"_links":{"self":[{"href":"https:\/\/www.apfelpatient.de\/en\/wp-json\/wp\/v2\/posts\/67433","targetHints":{"allow":["GET"]}}],"collection":[{"href":"https:\/\/www.apfelpatient.de\/en\/wp-json\/wp\/v2\/posts"}],"about":[{"href":"https:\/\/www.apfelpatient.de\/en\/wp-json\/wp\/v2\/types\/post"}],"author":[{"embeddable":true,"href":"https:\/\/www.apfelpatient.de\/en\/wp-json\/wp\/v2\/users\/2"}],"replies":[{"embeddable":true,"href":"https:\/\/www.apfelpatient.de\/en\/wp-json\/wp\/v2\/comments?post=67433"}],"version-history":[{"count":2,"href":"https:\/\/www.apfelpatient.de\/en\/wp-json\/wp\/v2\/posts\/67433\/revisions"}],"predecessor-version":[{"id":67435,"href":"https:\/\/www.apfelpatient.de\/en\/wp-json\/wp\/v2\/posts\/67433\/revisions\/67435"}],"wp:featuredmedia":[{"embeddable":true,"href":"https:\/\/www.apfelpatient.de\/en\/wp-json\/wp\/v2\/media\/67432"}],"wp:attachment":[{"href":"https:\/\/www.apfelpatient.de\/en\/wp-json\/wp\/v2\/media?parent=67433"}],"wp:term":[{"taxonomy":"category","embeddable":true,"href":"https:\/\/www.apfelpatient.de\/en\/wp-json\/wp\/v2\/categories?post=67433"},{"taxonomy":"post_tag","embeddable":true,"href":"https:\/\/www.apfelpatient.de\/en\/wp-json\/wp\/v2\/tags?post=67433"}],"curies":[{"name":"wp","href":"https:\/\/api.w.org\/{rel}","templated":true}]}}