{"id":67397,"date":"2026-04-30T23:23:02","date_gmt":"2026-04-30T21:23:02","guid":{"rendered":"https:\/\/www.apfelpatient.de\/?p=67397"},"modified":"2026-05-01T00:20:17","modified_gmt":"2026-04-30T22:20:17","slug":"mac-lineup-cook-mac-mini-supply-shortage","status":"publish","type":"post","link":"https:\/\/www.apfelpatient.de\/en\/news\/mac-lineup-cook-mac-mini-lieferengpass","title":{"rendered":"Mac lineup is booming: Cook confirms shortages of Mac mini and Mac Studio"},"content":{"rendered":"<p class=\"has-drop-cap\"><strong>In the same breath as Tim Cook speaks of the best Mac launch week ever for first-time buyers, he acknowledges a problem: Mac mini and Mac Studio are in very short supply. Apple cannot meet the demand \u2013 driven by the AI boom. The MacBook Neo also remains scarce. According to Cook, these shortages will continue for several more months.<\/strong><\/p>\n\n\n\n<p class=\"translation-block\">What begins as a success story often ends with a supply chain commitment at Apple. That's exactly what happened today with the Mac. Both in the CNBC interview before the earnings call and in the official earnings call for the <a href=\"https:\/\/www.apfelpatient.de\/en\/news\/apple-q2-2026-quarterly-figures-record\" data-wpel-link=\"internal\" target=\"_self\">Q2 2026 results<\/a>, Tim Cook spoke not only about strong iPhone sales but also about the current Mac portfolio. His statements paint a picture of a Mac lineup that's a hit with the market \u2013 and simultaneously reveals bottlenecks on several fronts that will likely affect Apple for some time.<\/p>\n\n\n\n<h2 class=\"wp-block-heading\" id=\"h-cooks-statement-zum-mac-lineup\">Cook&#039;s statement on the Mac lineup<\/h2>\n\n\n\n<p>In the CNBC interview, Cook is unusually euphoric: He couldn&#039;t be happier with the enthusiasm generated by the current Mac lineup, he says, in essence. Apple has launched the most advanced Mac offering in its history \u2013 and this is reflected in the sales figures. The MacBook Neo, introduced in March, in particular, is opening the Mac to a whole new customer base. In fact, according to Cook, Apple recorded its best launch week ever among first-time buyers \u2013 a figure rarely communicated so openly in the Mac business.<\/p>\n\n\n\n<p>The MacBook Neo, available in the US starting at $599 (in Germany starting at \u20ac699), is Apple&#039;s most affordable MacBook to date and uses the A18 Pro chip from the iPhone 16 Pro. Critics had questioned the use of a &quot;mobile chip&quot; in a notebook \u2013 but sales figures vindicate Apple. There is clearly a market for an affordable Mac variant with ample performance for everyday use.<\/p>\n\n\n\n<h2 class=\"wp-block-heading\" id=\"h-mac-mini-und-mac-studio-nachfrage-trifft-ki-welle\">Mac mini and Mac Studio: Demand meets AI wave<\/h2>\n\n\n\n<p>More interesting than the pure Mac success story is Cook&#039;s admission regarding the Pro desktops. The Apple CEO literally speaks of a &quot;huge demand&quot; for the Mac mini \u2013 so huge that Apple simply cannot meet it. &quot;We had supply shortages this quarter, we still have them, and we will probably have them for several more months,&quot; Cook said in the CNBC interview.<\/p>\n\n\n\n<p class=\"translation-block\">In the official earnings call, Cook was even more specific, explicitly naming both devices for the first time: Mac mini <em>and<\/em> Mac Studio are &quot;great platforms for AI and agentic tools&quot;\u2014and the speed at which customers are recognizing this has exceeded Apple&#039;s own expectations. In other words: Apple underestimated demand and is now producing far more than is needed. Currently, many Mac mini and Mac Studio configurations are completely sold out in the Apple online store.<\/p>\n\n\n\n<p>The background is remarkable: Apple&#039;s compact desktop computers have become favorites in the AI community. Those who want to run local AI models\u2014such as language models, image generators, or increasingly agent-based tools like OpenClaw that autonomously process tasks\u2014frequently opt for the Mac mini or Mac Studio. The reason: The price-performance ratio is unbeatable in the Apple Silicon camp, and the shared memory between the CPU and GPU directly benefits large AI models. The Mac Studio also offers configurations with a particularly large amount of unified memory\u2014ideal for running even very large local models.<\/p>\n\n\n\n<p>The result: Not only Apple itself, but also third-party sellers have hardly any of the devices in stock. Mac minis are increasingly appearing on eBay at inflated prices \u2013 often the only option for buyers who don&#039;t want to wait. For the Mac Studio, delivery times for particularly high-capacity models sometimes extend to several weeks. This is an unusual market dynamic for Apple products in this price range.<\/p>\n\n\n\n<h2 class=\"wp-block-heading\" id=\"h-dreifacher-engpass-macbook-neo-mac-mini-und-mac-studio\">Triple bottleneck: MacBook Neo, Mac mini and Mac Studio<\/h2>\n\n\n\n<p class=\"translation-block\">Apple is thus under pressure on three Mac fronts. As early as April, it was clear that even <a href=\"https:\/\/www.apfelpatient.de\/en\/news\/macbook-neo-demand-exceeds-apples-supply\" data-wpel-link=\"internal\" target=\"_self\">the A18 Pro chip stocks for the MacBook Neo would not be sufficient to meet demand<\/a>. Apple had originally planned for around six million units \u2013 but actual demand is significantly higher. A different dynamic is at play with the Mac mini and Mac Studio: Here, in addition to the availability of advanced chip manufacturing processes, the global DRAM shortage resulting from the AI boom is the primary limiting factor. In the earnings call, Cook cited the availability of the \"Advanced Nodes,\" on which Apple's silicon is manufactured, as the primary bottleneck.<\/p>\n\n\n\n<p class=\"translation-block\">Both types of bottlenecks have the same origin: The global AI wave is tying up enormous amounts of memory modules and manufacturing capacity. Hyperscalers like Google, Microsoft, OpenAI, and Anthropic are buying memory and computing power at a pace that consumer products struggle to keep up with. Apple has <a href=\"https:\/\/www.apfelpatient.de\/en\/news\/iphone-17-demand-tim-cook-supply-shortages\" data-wpel-link=\"internal\" target=\"_self\">so far protected itself well through supply contracts<\/a>, but is visibly reaching its limits in certain areas. Furthermore, Apple expects memory prices to continue rising in the foreseeable future and is exploring several options to mitigate the impact on margins.<\/p>\n\n\n\n<h2 class=\"wp-block-heading\" id=\"h-wer-auf-mac-mini-oder-mac-studio-wartet-sollte-sich-gedulden\">Those waiting for a Mac mini or Mac Studio should be patient<\/h2>\n\n\n\n<p>For prospective buyers, Cook&#039;s statement means that anyone currently wanting to order a Mac mini or Mac Studio should expect significant delivery delays \u2013 likely for several more months. Those who can will have the best chance of success, albeit with some patience, on the official Apple website. Buying a Mac mini at a premium on eBay is a faster, but more expensive, option. No quick relief is in sight \u2013 the DRAM shortage is unlikely to resolve itself in weeks, but rather on a quarterly basis.<\/p>\n\n\n\n<p class=\"translation-block\">No immediate relief is in sight for the MacBook Neo either. The <a href=\"https:\/\/www.apfelpatient.de\/en\/rumors\/the-macbook-neo-2-a19-pro-comes-with-12-gb-of-ram-and-more\" data-wpel-link=\"internal\" target=\"_self\">second generation of the MacBook Neo with the A19 Pro chip<\/a> was originally planned for 2027. Whether Apple will bring this timeline forward or have TSMC produce more A18 Pro chips remains to be seen. Neither option would offer a quick solution.<\/p>\n\n\n\n<h2 class=\"wp-block-heading\" id=\"h-cooks-mac-bilanz-als-signal-an-ternus\">Cook&#039;s Mac balance sheet as a signal to Ternus<\/h2>\n\n\n\n<p>Two things can be gleaned from Cook&#039;s statements today. First, Apple&#039;s Mac strategy of recent years\u2014an affordable entry-level model, a broad Apple Silicon range, and the Mac mini and Mac Studio as AI-enabled desktop platforms\u2014is working better than even Apple anticipated. Second, the supply chain challenges with which Cook is ending his tenure are precisely the structural issues that John Ternus will inherit on September 1st. As the former head of hardware, Ternus is intimately familiar with this subject matter\u2014but he is also being handed a roadmap that leaves little to be desired on the demand side. Resolving these bottlenecks will be one of his first major tests. (Image: Shutterstock \/ M21Perfect)<\/p>\n\n\n\n<ul class=\"wp-block-list\">\n<li><a href=\"https:\/\/www.apfelpatient.de\/en\/news\/iphone-17-demand-tim-cook-supply-shortages\" type=\"link\" id=\"https:\/\/www.apfelpatient.de\/news\/iphone-17-nachfrage-tim-cook-lieferengpaesse\">iPhone 17: Tim Cook speaks of demand \"off the charts\"<\/a><\/li>\n\n\n\n<li><a href=\"https:\/\/www.apfelpatient.de\/en\/news\/apple-q2-2026-quarterly-figures-record\">Apple Q2 2026: Record quarter with $111.2 billion in revenue<\/a><\/li>\n\n\n\n<li><a href=\"https:\/\/www.apfelpatient.de\/en\/news\/iphone-17-pro-and-iphone-air-charging-problem-when-battery-is-empty\">iPhone 17 Pro and iPhone Air: Charging problem after completely empty battery<\/a><\/li>\n\n\n\n<li><a href=\"https:\/\/www.apfelpatient.de\/en\/news\/apple-ai-offers-multiple-solutions-in-parallel\">Apple AI is testing multiple solutions in parallel<\/a><\/li>\n\n\n\n<li><a href=\"https:\/\/www.apfelpatient.de\/en\/news\/apple-dominates-the-satellite-smartphone-market\">Satellite smartphones: Apple clearly dominates the market<\/a><\/li>\n\n\n\n<li><a href=\"https:\/\/www.apfelpatient.de\/en\/news\/ternus-iphone-pricing-and-us-production-first-major-decisions\">Ternus needs to decide on iPhone prices and US production early<\/a><\/li>\n\n\n\n<li><a href=\"https:\/\/www.apfelpatient.de\/en\/news\/apple-vs-epic-court-of-appeals-lifts-suspension\">Apple vs. Epic Games: Appeals Court lifts suspension<\/a><\/li>\n\n\n\n<li><a href=\"https:\/\/www.apfelpatient.de\/en\/news\/apple-tv-six-nominations-gotham-awards-2026\">Apple TV receives six nominations at the Gotham TV Awards<\/a><\/li>\n\n\n\n<li><a href=\"https:\/\/www.apfelpatient.de\/en\/news\/ubs-raises-price-target-for-apple-stock\">UBS raises price target for Apple \u2013 shortly before the quarterly results<\/a><\/li>\n\n\n\n<li><a href=\"https:\/\/www.apfelpatient.de\/en\/news\/vision-pro-first-successful-cataract-surgery-worldwide\">Apple Vision Pro: First cataract surgery worldwide successful<\/a><\/li>\n\n\n\n<li><a href=\"https:\/\/www.apfelpatient.de\/en\/news\/claude-new-connectors-for-blender-adobe-and-more\">Claude is getting nine new connectors for creative tools<\/a><\/li>\n\n\n\n<li><a href=\"https:\/\/www.apfelpatient.de\/en\/news\/ted-lasso-season-4-starts-on-august-5th\">Ted Lasso Season 4: Starts August 5 on Apple TV<\/a><\/li>\n\n\n\n<li><a href=\"https:\/\/www.apfelpatient.de\/en\/news\/apple-tv-survey-on-content-and-sports-launched\">Apple TV: Survey of subscribers on content and sports<\/a><\/li>\n\n\n\n<li><a href=\"https:\/\/www.apfelpatient.de\/en\/news\/app-store-monthly-subscriptions-with-a-12-month-commitment\">App Store: New monthly subscriptions with a 12-month commitment are coming<\/a><\/li>\n\n\n\n<li><a href=\"severance: Adam Scott kennt das Ende und k%C3%BCndigt %C3%9Cberraschungen an\">Severance: Adam Scott knows the ending and promises surprises<\/a><\/li>\n\n\n\n<li><a href=\"https:\/\/www.apfelpatient.de\/en\/news\/ios-26-5-beta-4-apple-concludes-testing-phase\">iOS 26.5 Beta 4: Apple concludes the testing phase<\/a><\/li>\n\n\n\n<li><a href=\"https:\/\/www.apfelpatient.de\/en\/news\/john-ternus-apple-services-great-potential-for-expansion\">John Ternus on Apple Services: \"So many opportunities\" for growth<\/a><\/li>\n\n\n\n<li><a href=\"https:\/\/www.apfelpatient.de\/en\/news\/september-1st-is-the-ideal-date-for-ternus-ceo-to-start\">Why September 1st is crucial for Ternus&#039; CEO start<\/a><\/li>\n\n\n\n<li><a href=\"https:\/\/www.apfelpatient.de\/en\/news\/will-the-next-entry-level-ipad-be-the-ipad-neo\">Will the next entry-level iPad be called the &quot;iPad Neo&quot;?<\/a><\/li>\n\n\n\n<li><a href=\"https:\/\/www.apfelpatient.de\/en\/news\/ternus-via-vision-pro-we-are-only-at-the-beginning\">Ternus speaks about Vision Pro: \u201eWe are only at the beginning\u201c<\/a><\/li>\n\n\n\n<li><a href=\"https:\/\/www.apfelpatient.de\/en\/news\/apple-tv-wins-two-peabody-awards-2026\">Apple TV wins two Peabody Awards 2026<\/a><\/li>\n<\/ul>\n\n\n\n<h6 class=\"wp-block-heading translation-block\" id=\"h-kennt-ihr-schon-unsere-amazon-storefront-dort-findet-ihr-eine-handverlesene-auswahl-von-diversen-produkten-f-r-euer-iphone-und-co-viel-spa-beim-st-bern\"><em>Have you already visited our Amazon Storefront? There you&#039;ll find a hand-picked selection of various products for your iPhone and other devices \u2013 <span class=\"has-inline-color has-vivid-red-color\"><a href=\"https:\/\/www.amazon.de\/shop\/apfelpatientofficial\" class=\"ek-link\" data-wpel-link=\"exclude\" rel=\"follow noopener\" target=\"_self\"><span style=\"text-decoration: underline\" class=\"ek-underline\">enjoy browsing<\/span><\/a> !<\/span><\/em><\/h6>\n\n\n\n<h6 class=\"wp-block-heading translation-block\" id=\"h-der-beitrag-enthalt-partnerlinks\">This post contains <a data-type=\"URL\" data-id=\"https:\/\/www.apfelpatient.de\/partnerprogramm\" href=\"https:\/\/www.apfelpatient.de\/en\/partner-program\" data-wpel-link=\"internal\" target=\"_self\">affiliate links<\/a>.<\/h6>","protected":false},"excerpt":{"rendered":"<p>Tim Cook spricht von &#8222;riesiger Nachfrage&#8220; bei Mac mini und Mac Studio. Die Lieferengp\u00e4sse sollen noch Monate andauern.<\/p>","protected":false},"author":2,"featured_media":67122,"comment_status":"closed","ping_status":"open","sticky":false,"template":"","format":"standard","meta":{"jnews-multi-image_gallery":[],"jnews_single_post":{"format":"standard","override":[{"template":"2","parallax":"1","fullscreen":"1","layout":"right-sidebar","sidebar":"default-sidebar","second_sidebar":"default-sidebar","sticky_sidebar":"1","share_position":"top","share_float_style":"share-monocrhome","show_featured":"1","show_post_meta":"1","show_post_author":"1","show_post_author_image":"1","show_post_date":"1","post_date_format":"default","post_date_format_custom":"Y\/m\/d","show_post_category":"1","show_post_reading_time":"0","post_reading_time_wpm":"300","post_calculate_word_method":"str_word_count","show_zoom_button":"0","zoom_button_out_step":"2","zoom_button_in_step":"3","show_post_tag":"1","show_prev_next_post":"1","show_popup_post":"1","show_comment_section":"1","number_popup_post":"1","show_author_box":"0","show_post_related":"0","show_inline_post_related":"0"}],"image_override":[{"single_post_thumbnail_size":"crop-500","single_post_gallery_size":"crop-500"}],"trending_post_position":"meta","trending_post_label":"Trending","sponsored_post_label":"Sponsored by","disable_ad":"0"},"jnews_primary_category":{"id":"9"},"footnotes":""},"categories":[9],"tags":[40,73,1315,13],"class_list":["post-67397","post","type-post","status-publish","format-standard","has-post-thumbnail","hentry","category-news","tag-mac","tag-mac-mini","tag-macbook-neo","tag-techpatient"],"yoast_head":"<!-- This site is optimized with the Yoast SEO Premium plugin v27.5 (Yoast SEO v27.5) - https:\/\/yoast.com\/product\/yoast-seo-premium-wordpress\/ -->\n<title>Mac mini &amp; Mac Studio: Cook best\u00e4tigt Engp\u00e4sse Apfelpatient<\/title>\n<meta name=\"description\" content=\"Tim Cook spricht von &quot;riesiger Nachfrage&quot; bei Mac mini und Mac Studio. Die Lieferengp\u00e4sse sollen noch Monate andauern.\" \/>\n<meta name=\"robots\" content=\"index, follow, max-snippet:-1, max-image-preview:large, max-video-preview:-1\" \/>\n<link rel=\"canonical\" href=\"https:\/\/www.apfelpatient.de\/en\/news\/mac-lineup-cook-mac-mini-supply-shortage\" \/>\n<meta property=\"og:locale\" content=\"en_US\" \/>\n<meta property=\"og:type\" content=\"article\" \/>\n<meta property=\"og:title\" content=\"Mac-Lineup boomt: Cook best\u00e4tigt Engp\u00e4sse bei Mac mini und Mac Studio\" \/>\n<meta property=\"og:description\" content=\"Tim Cook spricht von &quot;riesiger Nachfrage&quot; bei Mac mini und Mac Studio. Die Lieferengp\u00e4sse sollen noch Monate andauern.\" \/>\n<meta property=\"og:url\" content=\"https:\/\/www.apfelpatient.de\/en\/news\/mac-lineup-cook-mac-mini-supply-shortage\" \/>\n<meta property=\"og:site_name\" content=\"Apfelpatient\" \/>\n<meta property=\"article:publisher\" content=\"https:\/\/www.facebook.com\/apfelpatientOfficial\" \/>\n<meta property=\"article:author\" content=\"https:\/\/www.facebook.com\/apfelpatientOfficial\" \/>\n<meta property=\"article:published_time\" content=\"2026-04-30T21:23:02+00:00\" \/>\n<meta property=\"article:modified_time\" content=\"2026-04-30T22:20:17+00:00\" \/>\n<meta property=\"og:image\" content=\"https:\/\/www.apfelpatient.de\/wp-content\/uploads\/2026\/04\/shutterstock_2545184673.jpg\" \/>\n\t<meta property=\"og:image:width\" content=\"1600\" \/>\n\t<meta property=\"og:image:height\" content=\"1201\" \/>\n\t<meta property=\"og:image:type\" content=\"image\/jpeg\" \/>\n<meta name=\"author\" content=\"Milan\" \/>\n<meta name=\"twitter:card\" content=\"summary_large_image\" \/>\n<meta name=\"twitter:description\" content=\"Tim Cook spricht von &quot;riesiger Nachfrage&quot; bei Mac mini und Mac Studio. Die Lieferengp\u00e4sse sollen noch Monate andauern.\" \/>\n<meta name=\"twitter:label1\" content=\"Written by\" \/>\n\t<meta name=\"twitter:data1\" content=\"Milan\" \/>\n\t<meta name=\"twitter:label2\" content=\"Est. reading time\" \/>\n\t<meta name=\"twitter:data2\" content=\"7 minutes\" \/>\n<script type=\"application\/ld+json\" class=\"yoast-schema-graph\">{\"@context\":\"https:\\\/\\\/schema.org\",\"@graph\":[{\"@type\":\"NewsArticle\",\"@id\":\"https:\\\/\\\/www.apfelpatient.de\\\/news\\\/mac-lineup-cook-mac-mini-lieferengpass#article\",\"isPartOf\":{\"@id\":\"https:\\\/\\\/www.apfelpatient.de\\\/news\\\/mac-lineup-cook-mac-mini-lieferengpass\"},\"author\":{\"@type\":\"Organization\",\"@id\":\"https:\\\/\\\/www.apfelpatient.de\\\/en\\\/#organization\",\"name\":\"Apfelpatient\",\"url\":\"https:\\\/\\\/www.apfelpatient.de\\\/en\\\/\"},\"headline\":\"Mac-Lineup boomt: Cook best\u00e4tigt Engp\u00e4sse bei Mac mini und Mac Studio\",\"datePublished\":\"2026-04-30T21:23:02+00:00\",\"dateModified\":\"2026-04-30T22:20:17+00:00\",\"mainEntityOfPage\":{\"@id\":\"https:\\\/\\\/www.apfelpatient.de\\\/news\\\/mac-lineup-cook-mac-mini-lieferengpass\"},\"wordCount\":1243,\"publisher\":{\"@type\":\"Organization\",\"@id\":\"https:\\\/\\\/www.apfelpatient.de\\\/en\\\/#organization\",\"name\":\"Apfelpatient\",\"url\":\"https:\\\/\\\/www.apfelpatient.de\\\/en\\\/\"},\"image\":{\"@id\":\"https:\\\/\\\/www.apfelpatient.de\\\/news\\\/mac-lineup-cook-mac-mini-lieferengpass#primaryimage\"},\"thumbnailUrl\":\"https:\\\/\\\/www.apfelpatient.de\\\/wp-content\\\/uploads\\\/2026\\\/04\\\/shutterstock_2545184673.jpg\",\"keywords\":[\"Mac\",\"Mac mini\",\"MacBook Neo\",\"TechPatient\"],\"articleSection\":\"News\",\"inLanguage\":\"en-US\",\"copyrightYear\":\"2026\",\"copyrightHolder\":{\"@id\":\"https:\\\/\\\/www.apfelpatient.de\\\/en\\\/#organization\"}},{\"@type\":\"WebPage\",\"@id\":\"https:\\\/\\\/www.apfelpatient.de\\\/news\\\/mac-lineup-cook-mac-mini-lieferengpass\",\"url\":\"https:\\\/\\\/www.apfelpatient.de\\\/news\\\/mac-lineup-cook-mac-mini-lieferengpass\",\"name\":\"Mac mini & Mac Studio: Cook best\u00e4tigt Engp\u00e4sse Apfelpatient\",\"isPartOf\":{\"@id\":\"https:\\\/\\\/www.apfelpatient.de\\\/#website\"},\"primaryImageOfPage\":{\"@id\":\"https:\\\/\\\/www.apfelpatient.de\\\/news\\\/mac-lineup-cook-mac-mini-lieferengpass#primaryimage\"},\"image\":{\"@id\":\"https:\\\/\\\/www.apfelpatient.de\\\/news\\\/mac-lineup-cook-mac-mini-lieferengpass#primaryimage\"},\"thumbnailUrl\":\"https:\\\/\\\/www.apfelpatient.de\\\/wp-content\\\/uploads\\\/2026\\\/04\\\/shutterstock_2545184673.jpg\",\"datePublished\":\"2026-04-30T21:23:02+00:00\",\"dateModified\":\"2026-04-30T22:20:17+00:00\",\"description\":\"Tim Cook spricht von \\\"riesiger Nachfrage\\\" bei Mac mini und Mac Studio. Die Lieferengp\u00e4sse sollen noch Monate andauern.\",\"breadcrumb\":{\"@id\":\"https:\\\/\\\/www.apfelpatient.de\\\/news\\\/mac-lineup-cook-mac-mini-lieferengpass#breadcrumb\"},\"inLanguage\":\"en-US\",\"potentialAction\":[{\"@type\":\"ReadAction\",\"target\":[\"https:\\\/\\\/www.apfelpatient.de\\\/news\\\/mac-lineup-cook-mac-mini-lieferengpass\"]}]},{\"@type\":\"ImageObject\",\"inLanguage\":\"en-US\",\"@id\":\"https:\\\/\\\/www.apfelpatient.de\\\/news\\\/mac-lineup-cook-mac-mini-lieferengpass#primaryimage\",\"url\":\"https:\\\/\\\/www.apfelpatient.de\\\/wp-content\\\/uploads\\\/2026\\\/04\\\/shutterstock_2545184673.jpg\",\"contentUrl\":\"https:\\\/\\\/www.apfelpatient.de\\\/wp-content\\\/uploads\\\/2026\\\/04\\\/shutterstock_2545184673.jpg\",\"width\":1600,\"height\":1201,\"caption\":\"Bild: Shutterstock \\\/ M21Perfect\"},{\"@type\":\"BreadcrumbList\",\"@id\":\"https:\\\/\\\/www.apfelpatient.de\\\/news\\\/mac-lineup-cook-mac-mini-lieferengpass#breadcrumb\",\"itemListElement\":[{\"@type\":\"ListItem\",\"position\":1,\"name\":\"Startseite\",\"item\":\"https:\\\/\\\/www.apfelpatient.de\\\/\"},{\"@type\":\"ListItem\",\"position\":2,\"name\":\"Mac-Lineup boomt: Cook best\u00e4tigt Engp\u00e4sse bei Mac mini und Mac Studio\"}]},{\"@type\":\"WebSite\",\"@id\":\"https:\\\/\\\/www.apfelpatient.de\\\/#website\",\"url\":\"https:\\\/\\\/www.apfelpatient.de\\\/\",\"name\":\"Apfelpatient\",\"description\":\"Alles rund um Apple!\",\"publisher\":{\"@type\":\"Organization\",\"@id\":\"https:\\\/\\\/www.apfelpatient.de\\\/en\\\/#organization\",\"name\":\"Apfelpatient\",\"url\":\"https:\\\/\\\/www.apfelpatient.de\\\/en\\\/\"},\"alternateName\":\"Apfelpatient\",\"potentialAction\":[{\"@type\":\"SearchAction\",\"target\":{\"@type\":\"EntryPoint\",\"urlTemplate\":\"https:\\\/\\\/www.apfelpatient.de\\\/?s={search_term_string}\"},\"query-input\":{\"@type\":\"PropertyValueSpecification\",\"valueRequired\":true,\"valueName\":\"search_term_string\"}}],\"inLanguage\":\"en-US\"},{\"@type\":[\"Person\",\"Organization\"],\"@id\":\"https:\\\/\\\/www.apfelpatient.de\\\/#\\\/schema\\\/person\\\/7dc56ad6c8e9824b76d2c08d4c140e13\",\"name\":\"Milan\",\"logo\":{\"@id\":\"https:\\\/\\\/www.apfelpatient.de\\\/#\\\/schema\\\/person\\\/image\\\/\"},\"description\":\"Hallo und herzlich willkommen auf meinem Technik-Blog! Als gro\u00dfer Apple-Fan berichte ich hier \u00fcber alles, was mit Apple zu tun hat: von den neuesten News und spannenden Ger\u00fcchten \u00fcber hilfreiche Tipps und Tricks bis hin zu ausf\u00fchrlichen Produkttests. Wenn du genauso technikbegeistert bist wie ich, bist du hier genau richtig!\",\"sameAs\":[\"https:\\\/\\\/www.facebook.com\\\/apfelpatientOfficial\",\"https:\\\/\\\/www.linkedin.com\\\/in\\\/milan-jovicic-42aa0231b\"],\"url\":\"https:\\\/\\\/www.apfelpatient.de\\\/en\\\/author\\\/apfeladmin\"}]}<\/script>\n<!-- \/ Yoast SEO Premium plugin. -->","yoast_head_json":{"title":"Mac mini &amp; Mac Studio: Cook confirms shortages Apfelpatient","description":"Tim Cook speaks of &quot;huge demand&quot; for the Mac mini and Mac Studio. Supply shortages are expected to last for months.","robots":{"index":"index","follow":"follow","max-snippet":"max-snippet:-1","max-image-preview":"max-image-preview:large","max-video-preview":"max-video-preview:-1"},"canonical":"https:\/\/www.apfelpatient.de\/en\/news\/mac-lineup-cook-mac-mini-supply-shortage","og_locale":"en_US","og_type":"article","og_title":"Mac-Lineup boomt: Cook best\u00e4tigt Engp\u00e4sse bei Mac mini und Mac Studio","og_description":"Tim Cook spricht von \"riesiger Nachfrage\" bei Mac mini und Mac Studio. Die Lieferengp\u00e4sse sollen noch Monate andauern.","og_url":"https:\/\/www.apfelpatient.de\/en\/news\/mac-lineup-cook-mac-mini-supply-shortage","og_site_name":"Apfelpatient","article_publisher":"https:\/\/www.facebook.com\/apfelpatientOfficial","article_author":"https:\/\/www.facebook.com\/apfelpatientOfficial","article_published_time":"2026-04-30T21:23:02+00:00","article_modified_time":"2026-04-30T22:20:17+00:00","og_image":[{"width":1600,"height":1201,"url":"https:\/\/www.apfelpatient.de\/wp-content\/uploads\/2026\/04\/shutterstock_2545184673.jpg","type":"image\/jpeg"}],"author":"Milan","twitter_card":"summary_large_image","twitter_description":"Tim Cook spricht von \"riesiger Nachfrage\" bei Mac mini und Mac Studio. Die Lieferengp\u00e4sse sollen noch Monate andauern.","twitter_misc":{"Written by":"Milan","Est. reading time":"7 minutes"},"schema":{"@context":"https:\/\/schema.org","@graph":[{"@type":"NewsArticle","@id":"https:\/\/www.apfelpatient.de\/news\/mac-lineup-cook-mac-mini-lieferengpass#article","isPartOf":{"@id":"https:\/\/www.apfelpatient.de\/news\/mac-lineup-cook-mac-mini-lieferengpass"},"author":{"@type":"Organization","@id":"https:\/\/www.apfelpatient.de\/en\/#organization","name":"Apfelpatient","url":"https:\/\/www.apfelpatient.de\/en\/"},"headline":"Mac-Lineup boomt: Cook best\u00e4tigt Engp\u00e4sse bei Mac mini und Mac Studio","datePublished":"2026-04-30T21:23:02+00:00","dateModified":"2026-04-30T22:20:17+00:00","mainEntityOfPage":{"@id":"https:\/\/www.apfelpatient.de\/news\/mac-lineup-cook-mac-mini-lieferengpass"},"wordCount":1243,"publisher":{"@type":"Organization","@id":"https:\/\/www.apfelpatient.de\/en\/#organization","name":"Apfelpatient","url":"https:\/\/www.apfelpatient.de\/en\/"},"image":{"@id":"https:\/\/www.apfelpatient.de\/news\/mac-lineup-cook-mac-mini-lieferengpass#primaryimage"},"thumbnailUrl":"https:\/\/www.apfelpatient.de\/wp-content\/uploads\/2026\/04\/shutterstock_2545184673.jpg","keywords":["Mac","Mac mini","MacBook Neo","TechPatient"],"articleSection":"News","inLanguage":"en-US","copyrightYear":"2026","copyrightHolder":{"@id":"https:\/\/www.apfelpatient.de\/en\/#organization"}},{"@type":"WebPage","@id":"https:\/\/www.apfelpatient.de\/news\/mac-lineup-cook-mac-mini-lieferengpass","url":"https:\/\/www.apfelpatient.de\/news\/mac-lineup-cook-mac-mini-lieferengpass","name":"Mac mini &amp; Mac Studio: Cook confirms shortages Apfelpatient","isPartOf":{"@id":"https:\/\/www.apfelpatient.de\/#website"},"primaryImageOfPage":{"@id":"https:\/\/www.apfelpatient.de\/news\/mac-lineup-cook-mac-mini-lieferengpass#primaryimage"},"image":{"@id":"https:\/\/www.apfelpatient.de\/news\/mac-lineup-cook-mac-mini-lieferengpass#primaryimage"},"thumbnailUrl":"https:\/\/www.apfelpatient.de\/wp-content\/uploads\/2026\/04\/shutterstock_2545184673.jpg","datePublished":"2026-04-30T21:23:02+00:00","dateModified":"2026-04-30T22:20:17+00:00","description":"Tim Cook speaks of &quot;huge demand&quot; for the Mac mini and Mac Studio. Supply shortages are expected to last for months.","breadcrumb":{"@id":"https:\/\/www.apfelpatient.de\/news\/mac-lineup-cook-mac-mini-lieferengpass#breadcrumb"},"inLanguage":"en-US","potentialAction":[{"@type":"ReadAction","target":["https:\/\/www.apfelpatient.de\/news\/mac-lineup-cook-mac-mini-lieferengpass"]}]},{"@type":"ImageObject","inLanguage":"en-US","@id":"https:\/\/www.apfelpatient.de\/news\/mac-lineup-cook-mac-mini-lieferengpass#primaryimage","url":"https:\/\/www.apfelpatient.de\/wp-content\/uploads\/2026\/04\/shutterstock_2545184673.jpg","contentUrl":"https:\/\/www.apfelpatient.de\/wp-content\/uploads\/2026\/04\/shutterstock_2545184673.jpg","width":1600,"height":1201,"caption":"Bild: Shutterstock \/ M21Perfect"},{"@type":"BreadcrumbList","@id":"https:\/\/www.apfelpatient.de\/news\/mac-lineup-cook-mac-mini-lieferengpass#breadcrumb","itemListElement":[{"@type":"ListItem","position":1,"name":"Startseite","item":"https:\/\/www.apfelpatient.de\/"},{"@type":"ListItem","position":2,"name":"Mac-Lineup boomt: Cook best\u00e4tigt Engp\u00e4sse bei Mac mini und Mac Studio"}]},{"@type":"WebSite","@id":"https:\/\/www.apfelpatient.de\/#website","url":"https:\/\/www.apfelpatient.de\/","name":"apple patient","description":"Everything about Apple!","publisher":{"@type":"Organization","@id":"https:\/\/www.apfelpatient.de\/en\/#organization","name":"Apfelpatient","url":"https:\/\/www.apfelpatient.de\/en\/"},"alternateName":"Apfelpatient","potentialAction":[{"@type":"SearchAction","target":{"@type":"EntryPoint","urlTemplate":"https:\/\/www.apfelpatient.de\/?s={search_term_string}"},"query-input":{"@type":"PropertyValueSpecification","valueRequired":true,"valueName":"search_term_string"}}],"inLanguage":"en-US"},{"@type":["Person","Organization"],"@id":"https:\/\/www.apfelpatient.de\/#\/schema\/person\/7dc56ad6c8e9824b76d2c08d4c140e13","name":"Milan","logo":{"@id":"https:\/\/www.apfelpatient.de\/#\/schema\/person\/image\/"},"description":"Hello and welcome to my technology blog! As a big Apple fan, I report on everything to do with Apple: from the latest news and exciting rumors to helpful tips and tricks and detailed product tests. If you are as enthusiastic about technology as I am, you have come to the right place!","sameAs":["https:\/\/www.facebook.com\/apfelpatientOfficial","https:\/\/www.linkedin.com\/in\/milan-jovicic-42aa0231b"],"url":"https:\/\/www.apfelpatient.de\/en\/author\/apfeladmin"}]}},"_links":{"self":[{"href":"https:\/\/www.apfelpatient.de\/en\/wp-json\/wp\/v2\/posts\/67397","targetHints":{"allow":["GET"]}}],"collection":[{"href":"https:\/\/www.apfelpatient.de\/en\/wp-json\/wp\/v2\/posts"}],"about":[{"href":"https:\/\/www.apfelpatient.de\/en\/wp-json\/wp\/v2\/types\/post"}],"author":[{"embeddable":true,"href":"https:\/\/www.apfelpatient.de\/en\/wp-json\/wp\/v2\/users\/2"}],"replies":[{"embeddable":true,"href":"https:\/\/www.apfelpatient.de\/en\/wp-json\/wp\/v2\/comments?post=67397"}],"version-history":[{"count":2,"href":"https:\/\/www.apfelpatient.de\/en\/wp-json\/wp\/v2\/posts\/67397\/revisions"}],"predecessor-version":[{"id":67412,"href":"https:\/\/www.apfelpatient.de\/en\/wp-json\/wp\/v2\/posts\/67397\/revisions\/67412"}],"wp:featuredmedia":[{"embeddable":true,"href":"https:\/\/www.apfelpatient.de\/en\/wp-json\/wp\/v2\/media\/67122"}],"wp:attachment":[{"href":"https:\/\/www.apfelpatient.de\/en\/wp-json\/wp\/v2\/media?parent=67397"}],"wp:term":[{"taxonomy":"category","embeddable":true,"href":"https:\/\/www.apfelpatient.de\/en\/wp-json\/wp\/v2\/categories?post=67397"},{"taxonomy":"post_tag","embeddable":true,"href":"https:\/\/www.apfelpatient.de\/en\/wp-json\/wp\/v2\/tags?post=67397"}],"curies":[{"name":"wp","href":"https:\/\/api.w.org\/{rel}","templated":true}]}}