{"id":67379,"date":"2026-04-30T19:31:44","date_gmt":"2026-04-30T17:31:44","guid":{"rendered":"https:\/\/www.apfelpatient.de\/?p=67379"},"modified":"2026-04-30T19:32:53","modified_gmt":"2026-04-30T17:32:53","slug":"iphone-17-pro-and-iphone-air-charging-problem-when-battery-is-empty","status":"publish","type":"post","link":"https:\/\/www.apfelpatient.de\/en\/news\/iphone-17-pro-und-iphone-air-ladeproblem-bei-leerem-akku","title":{"rendered":"iPhone 17 Pro and iPhone Air: Charging problem after completely empty battery"},"content":{"rendered":"<p class=\"has-drop-cap\"><strong>The iPhone 17 Pro, iPhone Air, and iPhone 17 appear to be experiencing a recurring charging issue: If the battery is completely drained, the device often won&#039;t recharge via USB-C cable. We&#039;ve summarized what&#039;s known so far \u2013 and a workaround in an emergency.<\/strong><\/p>\n\n\n\n<p>The process is actually quite simple: dead iPhone battery, plug in the cable, wait a moment, the red battery symbol appears, and the device restarts. However, for a growing number of users of the current iPhone generation, this isn&#039;t happening \u2013 the display remains black, the symbol is missing, and even after several minutes plugged in, nothing changes. What initially appeared to be a faulty power adapter or a broken wall socket is apparently turning out to be a systemic problem.<\/p>\n\n\n\n<h2 class=\"wp-block-heading\" id=\"h-wo-das-problem-zuerst-auftauchte\">Where the problem first arose<\/h2>\n\n\n\n<p class=\"translation-block\">The issue was brought to light by Benjamin Mayo of <a href=\"https:\/\/9to5mac.com\/2026\/04\/26\/iphone-turned-off-dead-how-to-turn-back-on\/\" id=\"https:\/\/9to5mac.com\/2026\/04\/26\/iphone-turned-off-dead-how-to-turn-back-on\/\" target=\"_blank\" rel=\"noreferrer noopener\" data-wpel-link=\"external\">9to5Mac<\/a>. He described how his iPhone Air stopped charging via USB-C after reaching zero percent battery. Despite the cable being plugged in, the display showed neither the familiar red battery symbol nor any other sign of life. Mayo then researched the issue in forums and found similar reports \u2013 including on Reddit and iFixit Answers, where users described the same behavior.<\/p>\n\n\n\n<p class=\"translation-block\">Shortly afterward, Joe Rossignol of <a href=\"https:\/\/www.macrumors.com\/2026\/04\/30\/iphone-17-pro-iphone-air-charging-issue\/\" id=\"https:\/\/www.macrumors.com\/2026\/04\/30\/iphone-17-pro-iphone-air-charging-issue\/\" target=\"_blank\" rel=\"noreferrer noopener\" data-wpel-link=\"external\">MacRumors<\/a> also confirmed that he had experienced the bug on his own iPhone 17 Pro Max. His device had switched off overnight in the hotel, and the next morning it didn&#039;t respond to either the power outlet or various chargers. It was only by chance that he stumbled upon the crucial clue.<\/p>\n\n\n\n<h2 class=\"wp-block-heading\" id=\"h-welche-modelle-betroffen-sind\">Which models are affected?<\/h2>\n\n\n\n<p>As things stand, the phenomenon affects all three models of the 2025 generation:<\/p>\n\n\n\n<ul class=\"wp-block-list\">\n<li>iPhone 17 Pro (and iPhone 17 Pro Max)<\/li>\n\n\n\n<li>iPhone Air<\/li>\n\n\n\n<li>iPhone 17 (standard model)<\/li>\n<\/ul>\n\n\n\n<p>It&#039;s currently impossible to say with any certainty how widespread the problem actually is. There are no official figures, and by no means every device exhibits the behavior. Some users report that their iPhones restart without any issues \u2013 others are left with completely unresponsive devices. This makes the bug difficult to pinpoint: it doesn&#039;t occur reliably, but rather seems to happen randomly.<\/p>\n\n\n\n<h2 class=\"wp-block-heading\" id=\"h-der-magsafe-trick-als-notlosung\">The MagSafe trick as a last resort<\/h2>\n\n\n\n<p>Both Mayo and Rossignol independently found the same workaround: simply use a MagSafe charger instead of USB-C. After about 10 to 15 minutes on the MagSafe charging pad \u2013 this also works with a MagSafe power bank when you&#039;re on the go \u2013 the iPhone revives and begins charging normally. Afterward, the USB-C cable can be used again without any problems.<\/p>\n\n\n\n<p>It&#039;s unclear exactly why MagSafe circumvents the problem. It&#039;s possible that the charging electronics initialize the USB-C port differently than the inductive charging pad when the battery is completely discharged \u2013 and that&#039;s precisely where the issue lies with affected devices. Apple has not yet issued an official statement.<\/p>\n\n\n\n<h2 class=\"wp-block-heading\" id=\"h-ios-updates-haben-das-problem-nicht-gelost\">iOS updates have not solved the problem<\/h2>\n\n\n\n<p class=\"translation-block\">The software aspect is interesting: the problem apparently persists even after the latest iOS updates. Neither <a href=\"https:\/\/www.apfelpatient.de\/en\/news\/ios-26-4-1-bugfix-update-is-available\" data-wpel-link=\"internal\" target=\"_self\">iOS 26.4.1<\/a> nor the recently released <a href=\"https:\/\/www.apfelpatient.de\/en\/news\/ios-26-4-2-is-here-with-bug-fixes-and-security-patches\" data-wpel-link=\"internal\" target=\"_self\">iOS 26.4.2<\/a> have fixed the bug. Apple has so far neither commented on the issue nor announced which upcoming update might include a fix. However, since the issue is now receiving significantly more attention due to media coverage, it&#039;s likely only a matter of time before Apple reacts \u2013 either with a software patch or an official statement.<\/p>\n\n\n\n<h2 class=\"wp-block-heading\" id=\"h-was-du-jetzt-tun-kannst\">What you can do now<\/h2>\n\n\n\n<p>For affected users, there are currently two sensible strategies:<\/p>\n\n\n\n<p class=\"translation-block\"><strong>Prevention:<\/strong> Don't let the battery drain completely in the first place. It sounds obvious, but it's currently the simplest way to protect yourself. If you regularly experience battery life issues, our guide on <a href=\"https:\/\/www.apfelpatient.de\/en\/tips-tricks\/iphone-battery-drains-quickly-tips-settings-ios-26\" data-wpel-link=\"internal\" target=\"_self\">iPhone battery draining quickly<\/a> will provide specific tips for battery optimization. For generally slow charging, take a look at our guide <a href=\"https:\/\/www.apfelpatient.de\/en\/tips-tricks\/iphone-loading-slowly-causes-and-solutions-ios-26\" data-wpel-link=\"internal\" target=\"_self\">on iPhone charging slowly<\/a>.<\/p>\n\n\n\n<p class=\"translation-block\"><strong>In an emergency:<\/strong> If your iPhone 17, 17 Pro, or iPhone Air no longer responds to USB-C after a completely depleted battery, place it on a MagSafe charger for 10 to 15 minutes. A MagSafe power pack will also suffice. Only then will the device reliably respond to any form of power again.<\/p>\n\n\n\n<h2 class=\"wp-block-heading\" id=\"h-apple-ist-am-zug\">It's Apple's turn<\/h2>\n\n\n\n<p>As long as Apple doesn&#039;t release an official patch, the bug remains a real nuisance \u2013 especially for frequent travelers who rely on a working charging solution while on the go. That MagSafe works reliably as a workaround is fortunate. However, for a premium device like the iPhone 17 Pro or iPhone Air, which costs well over \u20ac1,000, this workaround shouldn&#039;t be the permanent solution. We expect Apple to address the problem with one of the next iOS updates \u2013 and we will report on an official fix as soon as it&#039;s available. (Image: Shutterstock \/ Wongsakorn 2468)<\/p>\n\n\n\n<ul class=\"wp-block-list\">\n<li><a href=\"https:\/\/www.apfelpatient.de\/en\/news\/apple-ai-offers-multiple-solutions-in-parallel\" type=\"link\" id=\"https:\/\/www.apfelpatient.de\/news\/apple-ki-ladir-mehrere-loesungswege-parallel\">Apple AI is testing multiple solutions in parallel<\/a><\/li>\n\n\n\n<li><a href=\"https:\/\/www.apfelpatient.de\/en\/news\/apple-dominates-the-satellite-smartphone-market\">Satellite smartphones: Apple clearly dominates the market<\/a><\/li>\n\n\n\n<li><a href=\"https:\/\/www.apfelpatient.de\/en\/news\/ternus-iphone-pricing-and-us-production-first-major-decisions\">Ternus needs to decide on iPhone prices and US production early<\/a><\/li>\n\n\n\n<li><a href=\"https:\/\/www.apfelpatient.de\/en\/news\/apple-vs-epic-court-of-appeals-lifts-suspension\">Apple vs. Epic Games: Appeals Court lifts suspension<\/a><\/li>\n\n\n\n<li><a href=\"https:\/\/www.apfelpatient.de\/en\/news\/apple-tv-six-nominations-gotham-awards-2026\">Apple TV receives six nominations at the Gotham TV Awards<\/a><\/li>\n\n\n\n<li><a href=\"https:\/\/www.apfelpatient.de\/en\/news\/ubs-raises-price-target-for-apple-stock\">UBS raises price target for Apple \u2013 shortly before the quarterly results<\/a><\/li>\n\n\n\n<li><a href=\"https:\/\/www.apfelpatient.de\/en\/news\/vision-pro-first-successful-cataract-surgery-worldwide\">Apple Vision Pro: First cataract surgery worldwide successful<\/a><\/li>\n\n\n\n<li><a href=\"https:\/\/www.apfelpatient.de\/en\/news\/claude-new-connectors-for-blender-adobe-and-more\">Claude is getting nine new connectors for creative tools<\/a><\/li>\n\n\n\n<li><a href=\"https:\/\/www.apfelpatient.de\/en\/news\/ted-lasso-season-4-starts-on-august-5th\">Ted Lasso Season 4: Starts August 5 on Apple TV<\/a><\/li>\n\n\n\n<li><a href=\"https:\/\/www.apfelpatient.de\/en\/news\/apple-tv-survey-on-content-and-sports-launched\">Apple TV: Survey of subscribers on content and sports<\/a><\/li>\n\n\n\n<li><a href=\"https:\/\/www.apfelpatient.de\/en\/news\/app-store-monthly-subscriptions-with-a-12-month-commitment\">App Store: New monthly subscriptions with a 12-month commitment are coming<\/a><\/li>\n\n\n\n<li><a href=\"severance: Adam Scott kennt das Ende und k%C3%BCndigt %C3%9Cberraschungen an\">Severance: Adam Scott knows the ending and promises surprises<\/a><\/li>\n\n\n\n<li><a href=\"https:\/\/www.apfelpatient.de\/en\/news\/ios-26-5-beta-4-apple-concludes-testing-phase\">iOS 26.5 Beta 4: Apple concludes the testing phase<\/a><\/li>\n\n\n\n<li><a href=\"https:\/\/www.apfelpatient.de\/en\/news\/john-ternus-apple-services-great-potential-for-expansion\">John Ternus on Apple Services: \"So many opportunities\" for growth<\/a><\/li>\n\n\n\n<li><a href=\"https:\/\/www.apfelpatient.de\/en\/news\/september-1st-is-the-ideal-date-for-ternus-ceo-to-start\">Why September 1st is crucial for Ternus&#039; CEO start<\/a><\/li>\n\n\n\n<li><a href=\"https:\/\/www.apfelpatient.de\/en\/news\/will-the-next-entry-level-ipad-be-the-ipad-neo\">Will the next entry-level iPad be called the &quot;iPad Neo&quot;?<\/a><\/li>\n\n\n\n<li><a href=\"https:\/\/www.apfelpatient.de\/en\/news\/ternus-via-vision-pro-we-are-only-at-the-beginning\">Ternus speaks about Vision Pro: \u201eWe are only at the beginning\u201c<\/a><\/li>\n\n\n\n<li><a href=\"https:\/\/www.apfelpatient.de\/en\/news\/apple-tv-wins-two-peabody-awards-2026\">Apple TV wins two Peabody Awards 2026<\/a><\/li>\n\n\n\n<li><a href=\"https:\/\/www.apfelpatient.de\/en\/news\/openai-introduces-gpt-5-5-for-chatgpt-and-codex\">GPT-5.5 is here: OpenAI introduces a &quot;new intelligence class&quot; for ChatGPT and Codex<\/a><\/li>\n\n\n\n<li><a href=\"https:\/\/www.apfelpatient.de\/en\/news\/perplexity-ceo-the-iphone-benefits-from-ai\">Perplexity CEO: AI will make the iPhone more important, not obsolete<\/a><\/li>\n\n\n\n<li><a href=\"https:\/\/www.apfelpatient.de\/en\/news\/mac-mini-base-model-sold-out-at-apple\">Apple's entry-level Mac mini is sold out<\/a><\/li>\n\n\n\n<li><a href=\"https:\/\/www.apfelpatient.de\/en\/news\/cooking-apple-maps-was-my-first-big-mistake\">Apple Maps was Cook&#039;s &quot;first big mistake&quot; \u2013 Apple Watch his pride and joy<\/a><\/li>\n\n\n\n<li><a href=\"https:\/\/www.apfelpatient.de\/en\/news\/openai-images-2-0-image-generation-with-thinking\">OpenAI introduces ChatGPT Images 2.0 with Thinking capabilities<\/a><\/li>\n<\/ul>\n\n\n\n<h6 class=\"wp-block-heading translation-block\" id=\"h-kennt-ihr-schon-unsere-amazon-storefront-dort-findet-ihr-eine-handverlesene-auswahl-von-diversen-produkten-f-r-euer-iphone-und-co-viel-spa-beim-st-bern\"><em>Have you already visited our Amazon Storefront? There you&#039;ll find a hand-picked selection of various products for your iPhone and other devices \u2013 <span class=\"has-inline-color has-vivid-red-color\"><a href=\"https:\/\/www.amazon.de\/shop\/apfelpatientofficial\" class=\"ek-link\" data-wpel-link=\"exclude\" rel=\"follow noopener\" target=\"_self\"><span style=\"text-decoration: underline\" class=\"ek-underline\">enjoy browsing<\/span><\/a> !<\/span><\/em><\/h6>\n\n\n\n<h6 class=\"wp-block-heading translation-block\" id=\"h-der-beitrag-enthalt-partnerlinks\">This post contains <a data-type=\"URL\" data-id=\"https:\/\/www.apfelpatient.de\/partnerprogramm\" href=\"https:\/\/www.apfelpatient.de\/en\/partner-program\" data-wpel-link=\"internal\" target=\"_self\">affiliate links<\/a>.<\/h6>","protected":false},"excerpt":{"rendered":"<p>The iPhone 17 Pro, iPhone Air, and iPhone 17 are exhibiting a charging bug after the battery is completely empty. Here&#039;s what to do \u2013 and what Apple has said about it so far.<\/p>","protected":false},"author":2,"featured_media":67380,"comment_status":"closed","ping_status":"open","sticky":false,"template":"","format":"standard","meta":{"jnews-multi-image_gallery":[],"jnews_single_post":{"format":"standard","override":[{"template":"2","parallax":"1","fullscreen":"1","layout":"right-sidebar","sidebar":"default-sidebar","second_sidebar":"default-sidebar","sticky_sidebar":"1","share_position":"top","share_float_style":"share-monocrhome","show_featured":"1","show_post_meta":"1","show_post_author":"1","show_post_author_image":"1","show_post_date":"1","post_date_format":"default","post_date_format_custom":"Y\/m\/d","show_post_category":"1","show_post_reading_time":"0","post_reading_time_wpm":"300","post_calculate_word_method":"str_word_count","show_zoom_button":"0","zoom_button_out_step":"2","zoom_button_in_step":"3","show_post_tag":"1","show_prev_next_post":"1","show_popup_post":"1","show_comment_section":"1","number_popup_post":"1","show_author_box":"0","show_post_related":"0","show_inline_post_related":"0"}],"image_override":[{"single_post_thumbnail_size":"crop-500","single_post_gallery_size":"crop-500"}],"trending_post_position":"meta","trending_post_label":"Trending","sponsored_post_label":"Sponsored by","disable_ad":"0"},"jnews_primary_category":{"id":"9"},"footnotes":""},"categories":[9],"tags":[8,819,1250],"class_list":["post-67379","post","type-post","status-publish","format-standard","has-post-thumbnail","hentry","category-news","tag-iphone","tag-iphone-17","tag-iphone-air"],"yoast_head":"<!-- This site is optimized with the Yoast SEO Premium plugin v27.5 (Yoast SEO v27.5) - https:\/\/yoast.com\/product\/yoast-seo-premium-wordpress\/ -->\n<title>iPhone 17 Pro &amp; Air: Ladeproblem bei leerem Akku Apfelpatient<\/title>\n<meta name=\"description\" content=\"iPhone 17 Pro, iPhone Air und iPhone 17 zeigen einen Lade-Bug nach komplett leerem Akku. Was hilft \u2013 und was Apple bisher dazu sagt.\" \/>\n<meta name=\"robots\" content=\"index, follow, max-snippet:-1, max-image-preview:large, max-video-preview:-1\" \/>\n<link rel=\"canonical\" href=\"https:\/\/www.apfelpatient.de\/en\/news\/iphone-17-pro-and-iphone-air-charging-problem-when-battery-is-empty\" \/>\n<meta property=\"og:locale\" content=\"en_US\" \/>\n<meta property=\"og:type\" content=\"article\" \/>\n<meta property=\"og:title\" content=\"iPhone 17 Pro und iPhone Air: Ladeproblem nach komplett leerem Akku\" \/>\n<meta property=\"og:description\" content=\"iPhone 17 Pro, iPhone Air und iPhone 17 zeigen einen Lade-Bug nach komplett leerem Akku. Was hilft \u2013 und was Apple bisher dazu sagt.\" \/>\n<meta property=\"og:url\" content=\"https:\/\/www.apfelpatient.de\/en\/news\/iphone-17-pro-and-iphone-air-charging-problem-when-battery-is-empty\" \/>\n<meta property=\"og:site_name\" content=\"Apfelpatient\" \/>\n<meta property=\"article:publisher\" content=\"https:\/\/www.facebook.com\/apfelpatientOfficial\" \/>\n<meta property=\"article:author\" content=\"https:\/\/www.facebook.com\/apfelpatientOfficial\" \/>\n<meta property=\"article:published_time\" content=\"2026-04-30T17:31:44+00:00\" \/>\n<meta property=\"article:modified_time\" content=\"2026-04-30T17:32:53+00:00\" \/>\n<meta property=\"og:image\" content=\"https:\/\/www.apfelpatient.de\/wp-content\/uploads\/2026\/04\/shutterstock_2755283607.jpg\" \/>\n\t<meta property=\"og:image:width\" content=\"1600\" \/>\n\t<meta property=\"og:image:height\" content=\"1065\" \/>\n\t<meta property=\"og:image:type\" content=\"image\/jpeg\" \/>\n<meta name=\"author\" content=\"Milan\" \/>\n<meta name=\"twitter:card\" content=\"summary_large_image\" \/>\n<meta name=\"twitter:description\" content=\"iPhone 17 Pro, iPhone Air und iPhone 17 zeigen einen Lade-Bug nach komplett leerem Akku. Was hilft \u2013 und was Apple bisher dazu sagt.\" \/>\n<meta name=\"twitter:label1\" content=\"Written by\" \/>\n\t<meta name=\"twitter:data1\" content=\"Milan\" \/>\n\t<meta name=\"twitter:label2\" content=\"Est. reading time\" \/>\n\t<meta name=\"twitter:data2\" content=\"16 minutes\" \/>\n<script type=\"application\/ld+json\" class=\"yoast-schema-graph\">{\"@context\":\"https:\\\/\\\/schema.org\",\"@graph\":[{\"@type\":\"NewsArticle\",\"@id\":\"https:\\\/\\\/www.apfelpatient.de\\\/news\\\/iphone-17-pro-und-iphone-air-ladeproblem-bei-leerem-akku#article\",\"isPartOf\":{\"@id\":\"https:\\\/\\\/www.apfelpatient.de\\\/news\\\/iphone-17-pro-und-iphone-air-ladeproblem-bei-leerem-akku\"},\"author\":{\"@type\":\"Organization\",\"@id\":\"https:\\\/\\\/www.apfelpatient.de\\\/en\\\/#organization\",\"name\":\"Apfelpatient\",\"url\":\"https:\\\/\\\/www.apfelpatient.de\\\/en\\\/\"},\"headline\":\"iPhone 17 Pro und iPhone Air: Ladeproblem nach komplett leerem Akku\",\"datePublished\":\"2026-04-30T17:31:44+00:00\",\"dateModified\":\"2026-04-30T17:32:53+00:00\",\"mainEntityOfPage\":{\"@id\":\"https:\\\/\\\/www.apfelpatient.de\\\/news\\\/iphone-17-pro-und-iphone-air-ladeproblem-bei-leerem-akku\"},\"wordCount\":963,\"publisher\":{\"@type\":\"Organization\",\"@id\":\"https:\\\/\\\/www.apfelpatient.de\\\/en\\\/#organization\",\"name\":\"Apfelpatient\",\"url\":\"https:\\\/\\\/www.apfelpatient.de\\\/en\\\/\"},\"image\":{\"@id\":\"https:\\\/\\\/www.apfelpatient.de\\\/news\\\/iphone-17-pro-und-iphone-air-ladeproblem-bei-leerem-akku#primaryimage\"},\"thumbnailUrl\":\"https:\\\/\\\/www.apfelpatient.de\\\/wp-content\\\/uploads\\\/2026\\\/04\\\/shutterstock_2755283607.jpg\",\"keywords\":[\"iPhone\",\"iPhone 17\",\"iPhone Air\"],\"articleSection\":\"News\",\"inLanguage\":\"en-US\",\"copyrightYear\":\"2026\",\"copyrightHolder\":{\"@id\":\"https:\\\/\\\/www.apfelpatient.de\\\/en\\\/#organization\"}},{\"@type\":\"WebPage\",\"@id\":\"https:\\\/\\\/www.apfelpatient.de\\\/news\\\/iphone-17-pro-und-iphone-air-ladeproblem-bei-leerem-akku\",\"url\":\"https:\\\/\\\/www.apfelpatient.de\\\/news\\\/iphone-17-pro-und-iphone-air-ladeproblem-bei-leerem-akku\",\"name\":\"iPhone 17 Pro & Air: Ladeproblem bei leerem Akku Apfelpatient\",\"isPartOf\":{\"@id\":\"https:\\\/\\\/www.apfelpatient.de\\\/#website\"},\"primaryImageOfPage\":{\"@id\":\"https:\\\/\\\/www.apfelpatient.de\\\/news\\\/iphone-17-pro-und-iphone-air-ladeproblem-bei-leerem-akku#primaryimage\"},\"image\":{\"@id\":\"https:\\\/\\\/www.apfelpatient.de\\\/news\\\/iphone-17-pro-und-iphone-air-ladeproblem-bei-leerem-akku#primaryimage\"},\"thumbnailUrl\":\"https:\\\/\\\/www.apfelpatient.de\\\/wp-content\\\/uploads\\\/2026\\\/04\\\/shutterstock_2755283607.jpg\",\"datePublished\":\"2026-04-30T17:31:44+00:00\",\"dateModified\":\"2026-04-30T17:32:53+00:00\",\"description\":\"iPhone 17 Pro, iPhone Air und iPhone 17 zeigen einen Lade-Bug nach komplett leerem Akku. Was hilft \u2013 und was Apple bisher dazu sagt.\",\"breadcrumb\":{\"@id\":\"https:\\\/\\\/www.apfelpatient.de\\\/news\\\/iphone-17-pro-und-iphone-air-ladeproblem-bei-leerem-akku#breadcrumb\"},\"inLanguage\":\"en-US\",\"potentialAction\":[{\"@type\":\"ReadAction\",\"target\":[\"https:\\\/\\\/www.apfelpatient.de\\\/news\\\/iphone-17-pro-und-iphone-air-ladeproblem-bei-leerem-akku\"]}]},{\"@type\":\"ImageObject\",\"inLanguage\":\"en-US\",\"@id\":\"https:\\\/\\\/www.apfelpatient.de\\\/news\\\/iphone-17-pro-und-iphone-air-ladeproblem-bei-leerem-akku#primaryimage\",\"url\":\"https:\\\/\\\/www.apfelpatient.de\\\/wp-content\\\/uploads\\\/2026\\\/04\\\/shutterstock_2755283607.jpg\",\"contentUrl\":\"https:\\\/\\\/www.apfelpatient.de\\\/wp-content\\\/uploads\\\/2026\\\/04\\\/shutterstock_2755283607.jpg\",\"width\":1600,\"height\":1065,\"caption\":\"Bild: Shutterstock \\\/ Wongsakorn 2468\"},{\"@type\":\"BreadcrumbList\",\"@id\":\"https:\\\/\\\/www.apfelpatient.de\\\/news\\\/iphone-17-pro-und-iphone-air-ladeproblem-bei-leerem-akku#breadcrumb\",\"itemListElement\":[{\"@type\":\"ListItem\",\"position\":1,\"name\":\"Startseite\",\"item\":\"https:\\\/\\\/www.apfelpatient.de\\\/\"},{\"@type\":\"ListItem\",\"position\":2,\"name\":\"iPhone 17 Pro und iPhone Air: Ladeproblem nach komplett leerem Akku\"}]},{\"@type\":\"WebSite\",\"@id\":\"https:\\\/\\\/www.apfelpatient.de\\\/#website\",\"url\":\"https:\\\/\\\/www.apfelpatient.de\\\/\",\"name\":\"Apfelpatient\",\"description\":\"Alles rund um Apple!\",\"publisher\":{\"@type\":\"Organization\",\"@id\":\"https:\\\/\\\/www.apfelpatient.de\\\/en\\\/#organization\",\"name\":\"Apfelpatient\",\"url\":\"https:\\\/\\\/www.apfelpatient.de\\\/en\\\/\"},\"alternateName\":\"Apfelpatient\",\"potentialAction\":[{\"@type\":\"SearchAction\",\"target\":{\"@type\":\"EntryPoint\",\"urlTemplate\":\"https:\\\/\\\/www.apfelpatient.de\\\/?s={search_term_string}\"},\"query-input\":{\"@type\":\"PropertyValueSpecification\",\"valueRequired\":true,\"valueName\":\"search_term_string\"}}],\"inLanguage\":\"en-US\"},{\"@type\":[\"Person\",\"Organization\"],\"@id\":\"https:\\\/\\\/www.apfelpatient.de\\\/#\\\/schema\\\/person\\\/7dc56ad6c8e9824b76d2c08d4c140e13\",\"name\":\"Milan\",\"logo\":{\"@id\":\"https:\\\/\\\/www.apfelpatient.de\\\/#\\\/schema\\\/person\\\/image\\\/\"},\"description\":\"Hallo und herzlich willkommen auf meinem Technik-Blog! Als gro\u00dfer Apple-Fan berichte ich hier \u00fcber alles, was mit Apple zu tun hat: von den neuesten News und spannenden Ger\u00fcchten \u00fcber hilfreiche Tipps und Tricks bis hin zu ausf\u00fchrlichen Produkttests. Wenn du genauso technikbegeistert bist wie ich, bist du hier genau richtig!\",\"sameAs\":[\"https:\\\/\\\/www.facebook.com\\\/apfelpatientOfficial\",\"https:\\\/\\\/www.linkedin.com\\\/in\\\/milan-jovicic-42aa0231b\"],\"url\":\"https:\\\/\\\/www.apfelpatient.de\\\/en\\\/author\\\/apfeladmin\"}]}<\/script>\n<!-- \/ Yoast SEO Premium plugin. -->","yoast_head_json":{"title":"iPhone 17 Pro &amp; Air: Charging problem when battery is empty Apfelpatient","description":"The iPhone 17 Pro, iPhone Air, and iPhone 17 are exhibiting a charging bug after the battery is completely empty. Here&#039;s what to do \u2013 and what Apple has said about it so far.","robots":{"index":"index","follow":"follow","max-snippet":"max-snippet:-1","max-image-preview":"max-image-preview:large","max-video-preview":"max-video-preview:-1"},"canonical":"https:\/\/www.apfelpatient.de\/en\/news\/iphone-17-pro-and-iphone-air-charging-problem-when-battery-is-empty","og_locale":"en_US","og_type":"article","og_title":"iPhone 17 Pro und iPhone Air: Ladeproblem nach komplett leerem Akku","og_description":"iPhone 17 Pro, iPhone Air und iPhone 17 zeigen einen Lade-Bug nach komplett leerem Akku. Was hilft \u2013 und was Apple bisher dazu sagt.","og_url":"https:\/\/www.apfelpatient.de\/en\/news\/iphone-17-pro-and-iphone-air-charging-problem-when-battery-is-empty","og_site_name":"Apfelpatient","article_publisher":"https:\/\/www.facebook.com\/apfelpatientOfficial","article_author":"https:\/\/www.facebook.com\/apfelpatientOfficial","article_published_time":"2026-04-30T17:31:44+00:00","article_modified_time":"2026-04-30T17:32:53+00:00","og_image":[{"width":1600,"height":1065,"url":"https:\/\/www.apfelpatient.de\/wp-content\/uploads\/2026\/04\/shutterstock_2755283607.jpg","type":"image\/jpeg"}],"author":"Milan","twitter_card":"summary_large_image","twitter_description":"iPhone 17 Pro, iPhone Air und iPhone 17 zeigen einen Lade-Bug nach komplett leerem Akku. Was hilft \u2013 und was Apple bisher dazu sagt.","twitter_misc":{"Written by":"Milan","Est. reading time":"16 minutes"},"schema":{"@context":"https:\/\/schema.org","@graph":[{"@type":"NewsArticle","@id":"https:\/\/www.apfelpatient.de\/news\/iphone-17-pro-und-iphone-air-ladeproblem-bei-leerem-akku#article","isPartOf":{"@id":"https:\/\/www.apfelpatient.de\/news\/iphone-17-pro-und-iphone-air-ladeproblem-bei-leerem-akku"},"author":{"@type":"Organization","@id":"https:\/\/www.apfelpatient.de\/en\/#organization","name":"Apfelpatient","url":"https:\/\/www.apfelpatient.de\/en\/"},"headline":"iPhone 17 Pro und iPhone Air: Ladeproblem nach komplett leerem Akku","datePublished":"2026-04-30T17:31:44+00:00","dateModified":"2026-04-30T17:32:53+00:00","mainEntityOfPage":{"@id":"https:\/\/www.apfelpatient.de\/news\/iphone-17-pro-und-iphone-air-ladeproblem-bei-leerem-akku"},"wordCount":963,"publisher":{"@type":"Organization","@id":"https:\/\/www.apfelpatient.de\/en\/#organization","name":"Apfelpatient","url":"https:\/\/www.apfelpatient.de\/en\/"},"image":{"@id":"https:\/\/www.apfelpatient.de\/news\/iphone-17-pro-und-iphone-air-ladeproblem-bei-leerem-akku#primaryimage"},"thumbnailUrl":"https:\/\/www.apfelpatient.de\/wp-content\/uploads\/2026\/04\/shutterstock_2755283607.jpg","keywords":["iPhone","iPhone 17","iPhone Air"],"articleSection":"News","inLanguage":"en-US","copyrightYear":"2026","copyrightHolder":{"@id":"https:\/\/www.apfelpatient.de\/en\/#organization"}},{"@type":"WebPage","@id":"https:\/\/www.apfelpatient.de\/news\/iphone-17-pro-und-iphone-air-ladeproblem-bei-leerem-akku","url":"https:\/\/www.apfelpatient.de\/news\/iphone-17-pro-und-iphone-air-ladeproblem-bei-leerem-akku","name":"iPhone 17 Pro &amp; Air: Charging problem when battery is empty Apfelpatient","isPartOf":{"@id":"https:\/\/www.apfelpatient.de\/#website"},"primaryImageOfPage":{"@id":"https:\/\/www.apfelpatient.de\/news\/iphone-17-pro-und-iphone-air-ladeproblem-bei-leerem-akku#primaryimage"},"image":{"@id":"https:\/\/www.apfelpatient.de\/news\/iphone-17-pro-und-iphone-air-ladeproblem-bei-leerem-akku#primaryimage"},"thumbnailUrl":"https:\/\/www.apfelpatient.de\/wp-content\/uploads\/2026\/04\/shutterstock_2755283607.jpg","datePublished":"2026-04-30T17:31:44+00:00","dateModified":"2026-04-30T17:32:53+00:00","description":"The iPhone 17 Pro, iPhone Air, and iPhone 17 are exhibiting a charging bug after the battery is completely empty. Here&#039;s what to do \u2013 and what Apple has said about it so far.","breadcrumb":{"@id":"https:\/\/www.apfelpatient.de\/news\/iphone-17-pro-und-iphone-air-ladeproblem-bei-leerem-akku#breadcrumb"},"inLanguage":"en-US","potentialAction":[{"@type":"ReadAction","target":["https:\/\/www.apfelpatient.de\/news\/iphone-17-pro-und-iphone-air-ladeproblem-bei-leerem-akku"]}]},{"@type":"ImageObject","inLanguage":"en-US","@id":"https:\/\/www.apfelpatient.de\/news\/iphone-17-pro-und-iphone-air-ladeproblem-bei-leerem-akku#primaryimage","url":"https:\/\/www.apfelpatient.de\/wp-content\/uploads\/2026\/04\/shutterstock_2755283607.jpg","contentUrl":"https:\/\/www.apfelpatient.de\/wp-content\/uploads\/2026\/04\/shutterstock_2755283607.jpg","width":1600,"height":1065,"caption":"Bild: Shutterstock \/ Wongsakorn 2468"},{"@type":"BreadcrumbList","@id":"https:\/\/www.apfelpatient.de\/news\/iphone-17-pro-und-iphone-air-ladeproblem-bei-leerem-akku#breadcrumb","itemListElement":[{"@type":"ListItem","position":1,"name":"Startseite","item":"https:\/\/www.apfelpatient.de\/"},{"@type":"ListItem","position":2,"name":"iPhone 17 Pro und iPhone Air: Ladeproblem nach komplett leerem Akku"}]},{"@type":"WebSite","@id":"https:\/\/www.apfelpatient.de\/#website","url":"https:\/\/www.apfelpatient.de\/","name":"apple patient","description":"Everything about Apple!","publisher":{"@type":"Organization","@id":"https:\/\/www.apfelpatient.de\/en\/#organization","name":"Apfelpatient","url":"https:\/\/www.apfelpatient.de\/en\/"},"alternateName":"Apfelpatient","potentialAction":[{"@type":"SearchAction","target":{"@type":"EntryPoint","urlTemplate":"https:\/\/www.apfelpatient.de\/?s={search_term_string}"},"query-input":{"@type":"PropertyValueSpecification","valueRequired":true,"valueName":"search_term_string"}}],"inLanguage":"en-US"},{"@type":["Person","Organization"],"@id":"https:\/\/www.apfelpatient.de\/#\/schema\/person\/7dc56ad6c8e9824b76d2c08d4c140e13","name":"Milan","logo":{"@id":"https:\/\/www.apfelpatient.de\/#\/schema\/person\/image\/"},"description":"Hello and welcome to my technology blog! As a big Apple fan, I report on everything to do with Apple: from the latest news and exciting rumors to helpful tips and tricks and detailed product tests. If you are as enthusiastic about technology as I am, you have come to the right place!","sameAs":["https:\/\/www.facebook.com\/apfelpatientOfficial","https:\/\/www.linkedin.com\/in\/milan-jovicic-42aa0231b"],"url":"https:\/\/www.apfelpatient.de\/en\/author\/apfeladmin"}]}},"_links":{"self":[{"href":"https:\/\/www.apfelpatient.de\/en\/wp-json\/wp\/v2\/posts\/67379","targetHints":{"allow":["GET"]}}],"collection":[{"href":"https:\/\/www.apfelpatient.de\/en\/wp-json\/wp\/v2\/posts"}],"about":[{"href":"https:\/\/www.apfelpatient.de\/en\/wp-json\/wp\/v2\/types\/post"}],"author":[{"embeddable":true,"href":"https:\/\/www.apfelpatient.de\/en\/wp-json\/wp\/v2\/users\/2"}],"replies":[{"embeddable":true,"href":"https:\/\/www.apfelpatient.de\/en\/wp-json\/wp\/v2\/comments?post=67379"}],"version-history":[{"count":1,"href":"https:\/\/www.apfelpatient.de\/en\/wp-json\/wp\/v2\/posts\/67379\/revisions"}],"predecessor-version":[{"id":67381,"href":"https:\/\/www.apfelpatient.de\/en\/wp-json\/wp\/v2\/posts\/67379\/revisions\/67381"}],"wp:featuredmedia":[{"embeddable":true,"href":"https:\/\/www.apfelpatient.de\/en\/wp-json\/wp\/v2\/media\/67380"}],"wp:attachment":[{"href":"https:\/\/www.apfelpatient.de\/en\/wp-json\/wp\/v2\/media?parent=67379"}],"wp:term":[{"taxonomy":"category","embeddable":true,"href":"https:\/\/www.apfelpatient.de\/en\/wp-json\/wp\/v2\/categories?post=67379"},{"taxonomy":"post_tag","embeddable":true,"href":"https:\/\/www.apfelpatient.de\/en\/wp-json\/wp\/v2\/tags?post=67379"}],"curies":[{"name":"wp","href":"https:\/\/api.w.org\/{rel}","templated":true}]}}