{"id":67349,"date":"2026-04-29T21:19:38","date_gmt":"2026-04-29T19:19:38","guid":{"rendered":"https:\/\/www.apfelpatient.de\/?p=67349"},"modified":"2026-04-29T21:20:38","modified_gmt":"2026-04-29T19:20:38","slug":"vision-pro-apple-puts-development-on-hold","status":"publish","type":"post","link":"https:\/\/www.apfelpatient.de\/en\/rumors\/vision-pro-apple-legt-entwicklung-auf-eis","title":{"rendered":"Vision Pro: Apple is said to have abandoned the project"},"content":{"rendered":"<p class=\"has-drop-cap\"><strong>Following the weak sales launch of the M5 refresh, Apple could take action \u2013 according to a report, development of the Vision Pro has been largely paused.<\/strong><\/p>\n\n\n\n<p>Apple&#039;s most expensive hardware experiment in recent years may be facing an extended hiatus. MacRumors, citing its own insider sources, reports that Apple has largely scaled back work on the Vision Pro. The M5 model, unveiled in October 2025, apparently failed to halt the downward trend. While there has been no official confirmation from Apple, the indications are remarkably concrete.<\/p>\n\n\n\n<h2 class=\"wp-block-heading\" id=\"h-vision-pro-was-konkret-berichtet-wird\">Vision Pro: What exactly is being reported<\/h2>\n\n\n\n<p class=\"translation-block\"><a href=\"https:\/\/www.macrumors.com\/2026\/04\/29\/apple-vision-pro-m5-flop\/\" id=\"https:\/\/www.macrumors.com\/2026\/04\/29\/apple-vision-pro-m5-flop\/\" target=\"_blank\" rel=\"noreferrer noopener\" data-wpel-link=\"external\">MacRumors<\/a>' insider sources paint a clear picture: Apple has reportedly scaled back development on Vision Pro. The Vision Pro team has been reassigned to other areas within the company, and some employees are already working on Siri. This would be consistent with the fact that former Vision Pro head Mike Rockwell has been leading the Siri team since March 2025.<\/p>\n\n\n\n<p>The Vision Pro isn&#039;t disappearing from the market entirely. Apple continues to sell the M5 model but currently has no plans for a successor. However, should Apple succeed in developing a significantly lighter and cheaper VR headset in the future, the Vision Pro line could be revived. According to reports, though, there are no concrete plans for this.<\/p>\n\n\n\n<p>Also unusual: According to sources, the return rate for the Vision Pro is far higher than what Apple typically sees with modern products. For a premium device, this is an unmistakable signal.<\/p>\n\n\n\n<h2 class=\"wp-block-heading\" id=\"h-der-m5-refresh-hat-zu-wenig-verandert\">The M5 refresh has changed too little<\/h2>\n\n\n\n<p>In October 2025, Apple gave the Vision Pro an update that sounded solid on paper: a faster M5 chip, a 120Hz refresh rate, ten percent more rendered pixels, and about 30 minutes of additional battery life. The new Dual Knit Band was also supposed to distribute weight better and improve wearing comfort.<\/p>\n\n\n\n<p>But that was precisely the crux of the matter, even back then. At over 600 grams, the Vision Pro still weighs so much that wearing it for extended periods remains cumbersome for many users. Added to this is the price of $3,499, which has remained unchanged since its market launch. A slightly faster chip and a new band simply aren&#039;t enough to overcome these two hurdles.<\/p>\n\n\n\n<p>Apple has reportedly sold only around 600,000 Vision Pro units to date. For a device that Tim Cook touted as the next computing platform at its launch, that&#039;s a sobering figure.<\/p>\n\n\n\n<h2 class=\"wp-block-heading\" id=\"h-vom-vr-headset-zur-smarten-brille\">From VR headset to smart glasses<\/h2>\n\n\n\n<p>Instead of continuing to invest in virtual reality, Apple is shifting its focus. The attention of the key figures in wearable computing is now on a completely different product category: smart glasses. The first model will initially not offer integrated displays, but will instead be similar to the Ray-Ban Meta Smart Glasses \u2013 with AI functions as its central selling point.<\/p>\n\n\n\n<p>Augmented reality features are expected to follow in later generations. Apple is thus taking the opposite approach to what industry observers had long anticipated: not from high-end VR to mass-market AR, but first lightweight, everyday devices and then a gradual expansion to include display functions.<\/p>\n\n\n\n<p>One interesting technical hurdle is that the technology from the Vision Pro cannot simply be transferred to glasses. It simply consumes too much power for a small, lightweight device. Apple therefore has to largely start from scratch with its smart glasses.<\/p>\n\n\n\n<p class=\"translation-block\">Anyone who wants to learn more about the planned Apple glasses project can find a concise summary in our <a href=\"https:\/\/www.apfelpatient.de\/en\/generally\/apple-glasses-all-the-rumors-at-a-glance\" data-wpel-link=\"internal\" target=\"_self\">overview of all Apple Glasses rumors<\/a>.<\/p>\n\n\n\n<h2 class=\"wp-block-heading\" id=\"h-was-die-berichte-uber-apples-strategie-verraten-sollten-sie-zutreffen\">What the reports reveal about Apple&#039;s strategy, should they be true<\/h2>\n\n\n\n<p>Tim Cook had positioned the headset as a next-generation computing platform at its launch. If the current reports are accurate, this very narrative has been quietly shelved.<\/p>\n\n\n\n<p>The timing is also noteworthy. A potential pause for the Vision Pro project would come right in the middle of a period in which Apple is already facing many strategic decisions. The leadership transition to John Ternus is imminent, the storage crisis is forcing cost-cutting measures, and the Ultra strategy is being revised. In this context, concentrating Vision Pro resources on other areas would be a logical consequence.<\/p>\n\n\n\n<p>For early Vision Pro owners, this would be sobering news. While software updates are likely to continue, a new hardware successor is not currently in sight. It&#039;s important to note that Apple has not officially confirmed the reports. It&#039;s also possible that this is a temporary strategic realignment \u2013 not the end of the product line.<\/p>\n\n\n\n<h2 class=\"wp-block-heading\" id=\"h-was-vision-pro-nutzer-jetzt-wissen-sollten\">What Vision Pro users should know now<\/h2>\n\n\n\n<p>For current Vision Pro users, little will change in the short term. Apple will continue to sell the device, and visionOS will continue to receive updates \u2013 the beta of visionOS 26.5 is currently running alongside watchOS and tvOS. However, should the reports prove true, the ecosystem could lose momentum in the medium term. If Apple itself doesn&#039;t announce new hardware, many third-party developers lack the incentive to create exclusive apps.<\/p>\n\n\n\n<p>Anyone currently considering buying a Vision Pro should keep this in mind. The device remains technically impressive, but the platform&#039;s future is uncertain. For adventurous early adopters, it remains a fascinating piece of hardware \u2013 whether there will be a direct successor now depends on Apple&#039;s next steps.<\/p>\n\n\n\n<h2 class=\"wp-block-heading\" id=\"h-apples-wearable-strategie-konnte-sich-neu-sortieren\">Apple's wearable strategy could be reorganized<\/h2>\n\n\n\n<p>Should the current reports prove true, the Vision Pro would mark a turning point in Apple&#039;s wearable strategy. Instead of forcing a new platform with expensive VR headsets, Cupertino would be pursuing a more gradual, everyday-use approach. Smart glasses would then be the new hope \u2013 and they would have crucial advantages over the Vision Pro: less weight, lower prices, and a more clearly defined target audience.<\/p>\n\n\n\n<p>Apple has repeatedly demonstrated throughout its history that even expensive products with weak demand can lead to important learning experiences. The Vision Pro was bold, ambitious, and technically impressive in many areas. However, the market apparently didn&#039;t want the product at that price and weight in the hoped-for numbers. How exactly Apple will react to this should become clear in the coming months \u2013 with or without an official statement. (Image: Shutterstock \/ Diego Thomazini)<\/p>\n\n\n\n<ul class=\"wp-block-list\">\n<li><a href=\"https:\/\/www.apfelpatient.de\/en\/rumors\/apple-abandons-plans-for-ipad-ultra\" type=\"link\" id=\"https:\/\/www.apfelpatient.de\/rumors\/ipad-ultra-apple-gibt-plaene-auf\">iPad Ultra: Apple is said to have abandoned the plans<\/a><\/li>\n\n\n\n<li><a href=\"https:\/\/www.apfelpatient.de\/en\/rumors\/iphone-18-pro-huge-camera-leap-coming\">iPhone 18 Pro: Biggest camera upgrades ever<\/a><\/li>\n\n\n\n<li><a href=\"https:\/\/www.apfelpatient.de\/en\/rumors\/ios-27-camera-app-siri-mode-visual-intelligence\">iOS 27: Camera app gets its own Siri mode<\/a><\/li>\n\n\n\n<li><a href=\"https:\/\/www.apfelpatient.de\/en\/rumors\/magsafe-iphone-apple-checks-for-future-compatibility\">Apple is reportedly discussing the future of MagSafe internally<\/a><\/li>\n\n\n\n<li><a href=\"https:\/\/www.apfelpatient.de\/en\/rumors\/ios-27-three-new-ai-features-for-the-photos-app\">iOS 27: Photos app to get three new AI features<\/a><\/li>\n\n\n\n<li><a href=\"https:\/\/www.apfelpatient.de\/en\/rumors\/liquid-glass-iphone-apples-display-plan-for-2027\">Liquid Glass iPhone: This is what Apple&#039;s anniversary model could look like<\/a><\/li>\n\n\n\n<li><a href=\"https:\/\/www.apfelpatient.de\/en\/rumors\/iphone-ultra-macbook-ultra-apples-new-premium-level\">Apple is planning two new Ultra products: iPhone Ultra and MacBook Ultra<\/a><\/li>\n\n\n\n<li><a href=\"https:\/\/www.apfelpatient.de\/en\/rumors\/kuo-openai-builds-smartphone-with-mediatek-and-luxshare\">Ming-Chi Kuo: OpenAI is building an AI agent smartphone with Luxshare and MediaTek<\/a><\/li>\n\n\n\n<li><a href=\"https:\/\/www.apfelpatient.de\/en\/rumors\/three-new-hardware-categories-for-apples-ai-push\">Apple's AI strategy brings three new Hardware categories<\/a><\/li>\n\n\n\n<li><a href=\"https:\/\/www.apfelpatient.de\/en\/rumors\/will-the-giant-ipad-fold-ever-come\">Giant iPad Fold: Will it even be released?<\/a><\/li>\n\n\n\n<li><a href=\"https:\/\/www.apfelpatient.de\/en\/rumors\/the-iphone-18-is-getting-an-important-pro-feature\">According to a leak, the iPhone 18 will get an important Pro feature<\/a><\/li>\n\n\n\n<li><a href=\"https:\/\/www.apfelpatient.de\/en\/rumors\/anniversary-iphone-gets-samsung-micro-curved-oled\">Anniversary iPhone 2027: Samsung delivers micro-curved OLED Display<\/a><\/li>\n\n\n\n<li><a href=\"https:\/\/www.apfelpatient.de\/en\/rumors\/six-new-apple-product-categories-in-development\">Apple is working on six completely new product categories<\/a><\/li>\n\n\n\n<li><a href=\"https:\/\/www.apfelpatient.de\/en\/rumors\/iphone-18-pro-max-dummy-shows-thicker-camera\">iPhone 18 Pro Max: Dummy shows thicker camera unit<\/a><\/li>\n\n\n\n<li><a href=\"https:\/\/www.apfelpatient.de\/en\/rumors\/iphone-ultra-in-dummy-comparison-with-ipad-mini\">iPhone Ultra Dummy: How it compares to the iPad mini and iPhone 17 Pro Max<\/a><\/li>\n\n\n\n<li><a href=\"https:\/\/www.apfelpatient.de\/en\/rumors\/iphone-18-display-and-chip-are-being-downgraded\">iPhone 18: Display and chip reportedly receive downgrades according to leak<\/a><\/li>\n\n\n\n<li><a href=\"https:\/\/www.apfelpatient.de\/en\/rumors\/iphone-18-pro-apples-four-stage-camera-plan\">iPhone 18 Pro launches Apple&#039;s four-stage plan for camera upgrades<\/a><\/li>\n\n\n\n<li><a href=\"https:\/\/www.apfelpatient.de\/en\/rumors\/iphone-18-pro-dark-cherry-confirmed-again\">iPhone 18 Pro: Leaker confirms Dark Cherry as a key color<\/a><\/li>\n\n\n\n<li><a href=\"https:\/\/www.apfelpatient.de\/en\/rumors\/siri-ceo-rockwell-is-considering-stepping-down\">Siri CEO Rockwell is reportedly considering stepping down<\/a><\/li>\n\n\n\n<li><a href=\"https:\/\/www.apfelpatient.de\/en\/rumors\/200-mp-telephoto-camera-for-iphone-only-from-2028-onwards\">A 200-megapixel telephoto camera for the iPhone is only realistic from 2028 onwards<\/a><\/li>\n\n\n\n<li><a href=\"https:\/\/www.apfelpatient.de\/en\/rumors\/apple-glasses-launch-planned-for-late-2026\">Apple Glasses: Launch planned for late 2026 \u2013 pressure from Meta is growing<\/a><\/li>\n\n\n\n<li><a href=\"https:\/\/www.apfelpatient.de\/en\/rumors\/iphone-18-apple-lowers-specs-to-reduce-costs\">iPhone 18: Apple lowers specifications to reduce costs<\/a><\/li>\n\n\n\n<li><a href=\"https:\/\/www.apfelpatient.de\/en\/rumors\/iphone-ultra-with-camera-control-but-without-sim\">iPhone Ultra: Apple relies on Camera Control and does away with SIM card<\/a><\/li>\n<\/ul>\n\n\n\n<h6 class=\"wp-block-heading translation-block\" id=\"h-kennt-ihr-schon-unsere-amazon-storefront-dort-findet-ihr-eine-handverlesene-auswahl-von-diversen-produkten-f-r-euer-iphone-und-co-viel-spa-beim-st-bern\"><em>Have you already visited our Amazon Storefront? There you&#039;ll find a hand-picked selection of various products for your iPhone and other devices \u2013 <span class=\"has-inline-color has-vivid-red-color\"><a href=\"https:\/\/www.amazon.de\/shop\/apfelpatientofficial\" class=\"ek-link\" data-wpel-link=\"exclude\" rel=\"follow noopener\" target=\"_self\"><span style=\"text-decoration: underline\" class=\"ek-underline\">enjoy browsing<\/span><\/a> !<\/span><\/em><\/h6>\n\n\n\n<h6 class=\"wp-block-heading translation-block\" id=\"h-der-beitrag-enthalt-partnerlinks\">This post contains <a data-type=\"URL\" data-id=\"https:\/\/www.apfelpatient.de\/partnerprogramm\" href=\"https:\/\/www.apfelpatient.de\/en\/partner-program\" data-wpel-link=\"internal\" target=\"_self\">affiliate links<\/a>.<\/h6>","protected":false},"excerpt":{"rendered":"<p>Following the lackluster M5 refresh, Apple is said to have largely scaled back work on the Vision Pro. Here&#039;s what the clues reveal.<\/p>","protected":false},"author":2,"featured_media":67348,"comment_status":"closed","ping_status":"open","sticky":false,"template":"","format":"standard","meta":{"jnews-multi-image_gallery":[],"jnews_single_post":{"format":"standard","override":[{"template":"2","parallax":"1","fullscreen":"1","layout":"right-sidebar","sidebar":"default-sidebar","second_sidebar":"default-sidebar","sticky_sidebar":"1","share_position":"top","share_float_style":"share-monocrhome","show_featured":"1","show_post_meta":"1","show_post_author":"1","show_post_author_image":"1","show_post_date":"1","post_date_format":"default","post_date_format_custom":"Y\/m\/d","show_post_category":"1","show_post_reading_time":"0","post_reading_time_wpm":"300","post_calculate_word_method":"str_word_count","show_zoom_button":"0","zoom_button_out_step":"2","zoom_button_in_step":"3","show_post_tag":"1","show_prev_next_post":"1","show_popup_post":"1","show_comment_section":"1","number_popup_post":"1","show_author_box":"0","show_post_related":"0","show_inline_post_related":"0"}],"image_override":[{"single_post_thumbnail_size":"crop-500","single_post_gallery_size":"crop-500"}],"trending_post_position":"meta","trending_post_label":"Trending","sponsored_post_label":"Sponsored by","disable_ad":"0"},"jnews_primary_category":{"id":"25"},"footnotes":""},"categories":[25],"tags":[843,609],"class_list":["post-67349","post","type-post","status-publish","format-standard","has-post-thumbnail","hentry","category-rumors","tag-apple-vision-pro","tag-apple-vr-ar"],"yoast_head":"<!-- This site is optimized with the Yoast SEO Premium plugin v27.5 (Yoast SEO v27.5) - https:\/\/yoast.com\/product\/yoast-seo-premium-wordpress\/ -->\n<title>Vision Pro: Apple legt Entwicklung auf Eis Apfelpatient<\/title>\n<meta name=\"description\" content=\"Nach dem schwachen M5-Refresh soll Apple die Arbeit an der Vision Pro weitgehend zur\u00fcckgefahren haben. Was die Hinweise verraten.\" \/>\n<meta name=\"robots\" content=\"index, follow, max-snippet:-1, max-image-preview:large, max-video-preview:-1\" \/>\n<link rel=\"canonical\" href=\"https:\/\/www.apfelpatient.de\/en\/rumors\/vision-pro-apple-puts-development-on-hold\" \/>\n<meta property=\"og:locale\" content=\"en_US\" \/>\n<meta property=\"og:type\" content=\"article\" \/>\n<meta property=\"og:title\" content=\"Vision Pro: Apple soll das Projekt aufgegeben haben\" \/>\n<meta property=\"og:description\" content=\"Nach dem schwachen M5-Refresh soll Apple die Arbeit an der Vision Pro weitgehend zur\u00fcckgefahren haben. Was die Hinweise verraten.\" \/>\n<meta property=\"og:url\" content=\"https:\/\/www.apfelpatient.de\/en\/rumors\/vision-pro-apple-puts-development-on-hold\" \/>\n<meta property=\"og:site_name\" content=\"Apfelpatient\" \/>\n<meta property=\"article:publisher\" content=\"https:\/\/www.facebook.com\/apfelpatientOfficial\" \/>\n<meta property=\"article:author\" content=\"https:\/\/www.facebook.com\/apfelpatientOfficial\" \/>\n<meta property=\"article:published_time\" content=\"2026-04-29T19:19:38+00:00\" \/>\n<meta property=\"article:modified_time\" content=\"2026-04-29T19:20:38+00:00\" \/>\n<meta property=\"og:image\" content=\"https:\/\/www.apfelpatient.de\/wp-content\/uploads\/2026\/04\/shutterstock_2316483815.jpg\" \/>\n\t<meta property=\"og:image:width\" content=\"1600\" \/>\n\t<meta property=\"og:image:height\" content=\"899\" \/>\n\t<meta property=\"og:image:type\" content=\"image\/jpeg\" \/>\n<meta name=\"author\" content=\"Milan\" \/>\n<meta name=\"twitter:card\" content=\"summary_large_image\" \/>\n<meta name=\"twitter:description\" content=\"Nach dem schwachen M5-Refresh soll Apple die Arbeit an der Vision Pro weitgehend zur\u00fcckgefahren haben. Was die Hinweise verraten.\" \/>\n<meta name=\"twitter:label1\" content=\"Written by\" \/>\n\t<meta name=\"twitter:data1\" content=\"Milan\" \/>\n\t<meta name=\"twitter:label2\" content=\"Est. reading time\" \/>\n\t<meta name=\"twitter:data2\" content=\"7 minutes\" \/>\n<script type=\"application\/ld+json\" class=\"yoast-schema-graph\">{\"@context\":\"https:\\\/\\\/schema.org\",\"@graph\":[{\"@type\":\"NewsArticle\",\"@id\":\"https:\\\/\\\/www.apfelpatient.de\\\/rumors\\\/vision-pro-apple-legt-entwicklung-auf-eis#article\",\"isPartOf\":{\"@id\":\"https:\\\/\\\/www.apfelpatient.de\\\/rumors\\\/vision-pro-apple-legt-entwicklung-auf-eis\"},\"author\":{\"@type\":\"Organization\",\"@id\":\"https:\\\/\\\/www.apfelpatient.de\\\/en\\\/#organization\",\"name\":\"Apfelpatient\",\"url\":\"https:\\\/\\\/www.apfelpatient.de\\\/en\\\/\"},\"headline\":\"Vision Pro: Apple soll das Projekt aufgegeben haben\",\"datePublished\":\"2026-04-29T19:19:38+00:00\",\"dateModified\":\"2026-04-29T19:20:38+00:00\",\"mainEntityOfPage\":{\"@id\":\"https:\\\/\\\/www.apfelpatient.de\\\/rumors\\\/vision-pro-apple-legt-entwicklung-auf-eis\"},\"wordCount\":1186,\"publisher\":{\"@type\":\"Organization\",\"@id\":\"https:\\\/\\\/www.apfelpatient.de\\\/en\\\/#organization\",\"name\":\"Apfelpatient\",\"url\":\"https:\\\/\\\/www.apfelpatient.de\\\/en\\\/\"},\"image\":{\"@id\":\"https:\\\/\\\/www.apfelpatient.de\\\/rumors\\\/vision-pro-apple-legt-entwicklung-auf-eis#primaryimage\"},\"thumbnailUrl\":\"https:\\\/\\\/www.apfelpatient.de\\\/wp-content\\\/uploads\\\/2026\\\/04\\\/shutterstock_2316483815.jpg\",\"keywords\":[\"Apple Vision Pro\",\"Apple VR\\\/AR\"],\"articleSection\":\"Rumors\",\"inLanguage\":\"en-US\",\"copyrightYear\":\"2026\",\"copyrightHolder\":{\"@id\":\"https:\\\/\\\/www.apfelpatient.de\\\/en\\\/#organization\"}},{\"@type\":\"WebPage\",\"@id\":\"https:\\\/\\\/www.apfelpatient.de\\\/rumors\\\/vision-pro-apple-legt-entwicklung-auf-eis\",\"url\":\"https:\\\/\\\/www.apfelpatient.de\\\/rumors\\\/vision-pro-apple-legt-entwicklung-auf-eis\",\"name\":\"Vision Pro: Apple legt Entwicklung auf Eis Apfelpatient\",\"isPartOf\":{\"@id\":\"https:\\\/\\\/www.apfelpatient.de\\\/#website\"},\"primaryImageOfPage\":{\"@id\":\"https:\\\/\\\/www.apfelpatient.de\\\/rumors\\\/vision-pro-apple-legt-entwicklung-auf-eis#primaryimage\"},\"image\":{\"@id\":\"https:\\\/\\\/www.apfelpatient.de\\\/rumors\\\/vision-pro-apple-legt-entwicklung-auf-eis#primaryimage\"},\"thumbnailUrl\":\"https:\\\/\\\/www.apfelpatient.de\\\/wp-content\\\/uploads\\\/2026\\\/04\\\/shutterstock_2316483815.jpg\",\"datePublished\":\"2026-04-29T19:19:38+00:00\",\"dateModified\":\"2026-04-29T19:20:38+00:00\",\"description\":\"Nach dem schwachen M5-Refresh soll Apple die Arbeit an der Vision Pro weitgehend zur\u00fcckgefahren haben. Was die Hinweise verraten.\",\"breadcrumb\":{\"@id\":\"https:\\\/\\\/www.apfelpatient.de\\\/rumors\\\/vision-pro-apple-legt-entwicklung-auf-eis#breadcrumb\"},\"inLanguage\":\"en-US\",\"potentialAction\":[{\"@type\":\"ReadAction\",\"target\":[\"https:\\\/\\\/www.apfelpatient.de\\\/rumors\\\/vision-pro-apple-legt-entwicklung-auf-eis\"]}]},{\"@type\":\"ImageObject\",\"inLanguage\":\"en-US\",\"@id\":\"https:\\\/\\\/www.apfelpatient.de\\\/rumors\\\/vision-pro-apple-legt-entwicklung-auf-eis#primaryimage\",\"url\":\"https:\\\/\\\/www.apfelpatient.de\\\/wp-content\\\/uploads\\\/2026\\\/04\\\/shutterstock_2316483815.jpg\",\"contentUrl\":\"https:\\\/\\\/www.apfelpatient.de\\\/wp-content\\\/uploads\\\/2026\\\/04\\\/shutterstock_2316483815.jpg\",\"width\":1600,\"height\":899,\"caption\":\"Bild: Shutterstock \\\/ Diego Thomazini\"},{\"@type\":\"BreadcrumbList\",\"@id\":\"https:\\\/\\\/www.apfelpatient.de\\\/rumors\\\/vision-pro-apple-legt-entwicklung-auf-eis#breadcrumb\",\"itemListElement\":[{\"@type\":\"ListItem\",\"position\":1,\"name\":\"Startseite\",\"item\":\"https:\\\/\\\/www.apfelpatient.de\\\/\"},{\"@type\":\"ListItem\",\"position\":2,\"name\":\"Vision Pro: Apple soll das Projekt aufgegeben haben\"}]},{\"@type\":\"WebSite\",\"@id\":\"https:\\\/\\\/www.apfelpatient.de\\\/#website\",\"url\":\"https:\\\/\\\/www.apfelpatient.de\\\/\",\"name\":\"Apfelpatient\",\"description\":\"Alles rund um Apple!\",\"publisher\":{\"@type\":\"Organization\",\"@id\":\"https:\\\/\\\/www.apfelpatient.de\\\/en\\\/#organization\",\"name\":\"Apfelpatient\",\"url\":\"https:\\\/\\\/www.apfelpatient.de\\\/en\\\/\"},\"alternateName\":\"Apfelpatient\",\"potentialAction\":[{\"@type\":\"SearchAction\",\"target\":{\"@type\":\"EntryPoint\",\"urlTemplate\":\"https:\\\/\\\/www.apfelpatient.de\\\/?s={search_term_string}\"},\"query-input\":{\"@type\":\"PropertyValueSpecification\",\"valueRequired\":true,\"valueName\":\"search_term_string\"}}],\"inLanguage\":\"en-US\"},{\"@type\":[\"Person\",\"Organization\"],\"@id\":\"https:\\\/\\\/www.apfelpatient.de\\\/#\\\/schema\\\/person\\\/7dc56ad6c8e9824b76d2c08d4c140e13\",\"name\":\"Milan\",\"logo\":{\"@id\":\"https:\\\/\\\/www.apfelpatient.de\\\/#\\\/schema\\\/person\\\/image\\\/\"},\"description\":\"Hallo und herzlich willkommen auf meinem Technik-Blog! Als gro\u00dfer Apple-Fan berichte ich hier \u00fcber alles, was mit Apple zu tun hat: von den neuesten News und spannenden Ger\u00fcchten \u00fcber hilfreiche Tipps und Tricks bis hin zu ausf\u00fchrlichen Produkttests. Wenn du genauso technikbegeistert bist wie ich, bist du hier genau richtig!\",\"sameAs\":[\"https:\\\/\\\/www.facebook.com\\\/apfelpatientOfficial\",\"https:\\\/\\\/www.linkedin.com\\\/in\\\/milan-jovicic-42aa0231b\"],\"url\":\"https:\\\/\\\/www.apfelpatient.de\\\/en\\\/author\\\/apfeladmin\"}]}<\/script>\n<!-- \/ Yoast SEO Premium plugin. -->","yoast_head_json":{"title":"Vision Pro: Apple puts development on hold Apfelpatient","description":"Following the lackluster M5 refresh, Apple is said to have largely scaled back work on the Vision Pro. Here&#039;s what the clues reveal.","robots":{"index":"index","follow":"follow","max-snippet":"max-snippet:-1","max-image-preview":"max-image-preview:large","max-video-preview":"max-video-preview:-1"},"canonical":"https:\/\/www.apfelpatient.de\/en\/rumors\/vision-pro-apple-puts-development-on-hold","og_locale":"en_US","og_type":"article","og_title":"Vision Pro: Apple soll das Projekt aufgegeben haben","og_description":"Nach dem schwachen M5-Refresh soll Apple die Arbeit an der Vision Pro weitgehend zur\u00fcckgefahren haben. Was die Hinweise verraten.","og_url":"https:\/\/www.apfelpatient.de\/en\/rumors\/vision-pro-apple-puts-development-on-hold","og_site_name":"Apfelpatient","article_publisher":"https:\/\/www.facebook.com\/apfelpatientOfficial","article_author":"https:\/\/www.facebook.com\/apfelpatientOfficial","article_published_time":"2026-04-29T19:19:38+00:00","article_modified_time":"2026-04-29T19:20:38+00:00","og_image":[{"width":1600,"height":899,"url":"https:\/\/www.apfelpatient.de\/wp-content\/uploads\/2026\/04\/shutterstock_2316483815.jpg","type":"image\/jpeg"}],"author":"Milan","twitter_card":"summary_large_image","twitter_description":"Nach dem schwachen M5-Refresh soll Apple die Arbeit an der Vision Pro weitgehend zur\u00fcckgefahren haben. Was die Hinweise verraten.","twitter_misc":{"Written by":"Milan","Est. reading time":"7 minutes"},"schema":{"@context":"https:\/\/schema.org","@graph":[{"@type":"NewsArticle","@id":"https:\/\/www.apfelpatient.de\/rumors\/vision-pro-apple-legt-entwicklung-auf-eis#article","isPartOf":{"@id":"https:\/\/www.apfelpatient.de\/rumors\/vision-pro-apple-legt-entwicklung-auf-eis"},"author":{"@type":"Organization","@id":"https:\/\/www.apfelpatient.de\/en\/#organization","name":"Apfelpatient","url":"https:\/\/www.apfelpatient.de\/en\/"},"headline":"Vision Pro: Apple soll das Projekt aufgegeben haben","datePublished":"2026-04-29T19:19:38+00:00","dateModified":"2026-04-29T19:20:38+00:00","mainEntityOfPage":{"@id":"https:\/\/www.apfelpatient.de\/rumors\/vision-pro-apple-legt-entwicklung-auf-eis"},"wordCount":1186,"publisher":{"@type":"Organization","@id":"https:\/\/www.apfelpatient.de\/en\/#organization","name":"Apfelpatient","url":"https:\/\/www.apfelpatient.de\/en\/"},"image":{"@id":"https:\/\/www.apfelpatient.de\/rumors\/vision-pro-apple-legt-entwicklung-auf-eis#primaryimage"},"thumbnailUrl":"https:\/\/www.apfelpatient.de\/wp-content\/uploads\/2026\/04\/shutterstock_2316483815.jpg","keywords":["Apple Vision Pro","Apple VR\/AR"],"articleSection":"Rumors","inLanguage":"en-US","copyrightYear":"2026","copyrightHolder":{"@id":"https:\/\/www.apfelpatient.de\/en\/#organization"}},{"@type":"WebPage","@id":"https:\/\/www.apfelpatient.de\/rumors\/vision-pro-apple-legt-entwicklung-auf-eis","url":"https:\/\/www.apfelpatient.de\/rumors\/vision-pro-apple-legt-entwicklung-auf-eis","name":"Vision Pro: Apple puts development on hold Apfelpatient","isPartOf":{"@id":"https:\/\/www.apfelpatient.de\/#website"},"primaryImageOfPage":{"@id":"https:\/\/www.apfelpatient.de\/rumors\/vision-pro-apple-legt-entwicklung-auf-eis#primaryimage"},"image":{"@id":"https:\/\/www.apfelpatient.de\/rumors\/vision-pro-apple-legt-entwicklung-auf-eis#primaryimage"},"thumbnailUrl":"https:\/\/www.apfelpatient.de\/wp-content\/uploads\/2026\/04\/shutterstock_2316483815.jpg","datePublished":"2026-04-29T19:19:38+00:00","dateModified":"2026-04-29T19:20:38+00:00","description":"Following the lackluster M5 refresh, Apple is said to have largely scaled back work on the Vision Pro. Here&#039;s what the clues reveal.","breadcrumb":{"@id":"https:\/\/www.apfelpatient.de\/rumors\/vision-pro-apple-legt-entwicklung-auf-eis#breadcrumb"},"inLanguage":"en-US","potentialAction":[{"@type":"ReadAction","target":["https:\/\/www.apfelpatient.de\/rumors\/vision-pro-apple-legt-entwicklung-auf-eis"]}]},{"@type":"ImageObject","inLanguage":"en-US","@id":"https:\/\/www.apfelpatient.de\/rumors\/vision-pro-apple-legt-entwicklung-auf-eis#primaryimage","url":"https:\/\/www.apfelpatient.de\/wp-content\/uploads\/2026\/04\/shutterstock_2316483815.jpg","contentUrl":"https:\/\/www.apfelpatient.de\/wp-content\/uploads\/2026\/04\/shutterstock_2316483815.jpg","width":1600,"height":899,"caption":"Bild: Shutterstock \/ Diego Thomazini"},{"@type":"BreadcrumbList","@id":"https:\/\/www.apfelpatient.de\/rumors\/vision-pro-apple-legt-entwicklung-auf-eis#breadcrumb","itemListElement":[{"@type":"ListItem","position":1,"name":"Startseite","item":"https:\/\/www.apfelpatient.de\/"},{"@type":"ListItem","position":2,"name":"Vision Pro: Apple soll das Projekt aufgegeben haben"}]},{"@type":"WebSite","@id":"https:\/\/www.apfelpatient.de\/#website","url":"https:\/\/www.apfelpatient.de\/","name":"apple patient","description":"Everything about Apple!","publisher":{"@type":"Organization","@id":"https:\/\/www.apfelpatient.de\/en\/#organization","name":"Apfelpatient","url":"https:\/\/www.apfelpatient.de\/en\/"},"alternateName":"Apfelpatient","potentialAction":[{"@type":"SearchAction","target":{"@type":"EntryPoint","urlTemplate":"https:\/\/www.apfelpatient.de\/?s={search_term_string}"},"query-input":{"@type":"PropertyValueSpecification","valueRequired":true,"valueName":"search_term_string"}}],"inLanguage":"en-US"},{"@type":["Person","Organization"],"@id":"https:\/\/www.apfelpatient.de\/#\/schema\/person\/7dc56ad6c8e9824b76d2c08d4c140e13","name":"Milan","logo":{"@id":"https:\/\/www.apfelpatient.de\/#\/schema\/person\/image\/"},"description":"Hello and welcome to my technology blog! As a big Apple fan, I report on everything to do with Apple: from the latest news and exciting rumors to helpful tips and tricks and detailed product tests. If you are as enthusiastic about technology as I am, you have come to the right place!","sameAs":["https:\/\/www.facebook.com\/apfelpatientOfficial","https:\/\/www.linkedin.com\/in\/milan-jovicic-42aa0231b"],"url":"https:\/\/www.apfelpatient.de\/en\/author\/apfeladmin"}]}},"_links":{"self":[{"href":"https:\/\/www.apfelpatient.de\/en\/wp-json\/wp\/v2\/posts\/67349","targetHints":{"allow":["GET"]}}],"collection":[{"href":"https:\/\/www.apfelpatient.de\/en\/wp-json\/wp\/v2\/posts"}],"about":[{"href":"https:\/\/www.apfelpatient.de\/en\/wp-json\/wp\/v2\/types\/post"}],"author":[{"embeddable":true,"href":"https:\/\/www.apfelpatient.de\/en\/wp-json\/wp\/v2\/users\/2"}],"replies":[{"embeddable":true,"href":"https:\/\/www.apfelpatient.de\/en\/wp-json\/wp\/v2\/comments?post=67349"}],"version-history":[{"count":1,"href":"https:\/\/www.apfelpatient.de\/en\/wp-json\/wp\/v2\/posts\/67349\/revisions"}],"predecessor-version":[{"id":67350,"href":"https:\/\/www.apfelpatient.de\/en\/wp-json\/wp\/v2\/posts\/67349\/revisions\/67350"}],"wp:featuredmedia":[{"embeddable":true,"href":"https:\/\/www.apfelpatient.de\/en\/wp-json\/wp\/v2\/media\/67348"}],"wp:attachment":[{"href":"https:\/\/www.apfelpatient.de\/en\/wp-json\/wp\/v2\/media?parent=67349"}],"wp:term":[{"taxonomy":"category","embeddable":true,"href":"https:\/\/www.apfelpatient.de\/en\/wp-json\/wp\/v2\/categories?post=67349"},{"taxonomy":"post_tag","embeddable":true,"href":"https:\/\/www.apfelpatient.de\/en\/wp-json\/wp\/v2\/tags?post=67349"}],"curies":[{"name":"wp","href":"https:\/\/api.w.org\/{rel}","templated":true}]}}