{"id":67327,"date":"2026-04-29T14:51:56","date_gmt":"2026-04-29T12:51:56","guid":{"rendered":"https:\/\/www.apfelpatient.de\/?p=67327"},"modified":"2026-04-29T14:53:31","modified_gmt":"2026-04-29T12:53:31","slug":"ternus-iphone-pricing-and-us-production-first-major-decisions","status":"publish","type":"post","link":"https:\/\/www.apfelpatient.de\/en\/news\/ternus-iphone-preise-und-us-produktion-erste-grosse-entscheidungen","title":{"rendered":"Ternus needs to decide on iPhone prices and US production early"},"content":{"rendered":"<p class=\"has-drop-cap\"><strong>Storage crisis and geopolitical pressure: Apple&#039;s designated CEO John Ternus faces two crucial decisions that will shape the company for years to come.<\/strong><\/p>\n\n\n\n<p class=\"translation-block\">With the change at the top of Apple, one question takes center stage: What issues will John Ternus tackle first? A new report from the <a href=\"https:\/\/www.ft.com\/content\/aae8d62e-5720-4f6a-8f63-459e136551a1\" id=\"https:\/\/www.ft.com\/content\/aae8d62e-5720-4f6a-8f63-459e136551a1\" target=\"_blank\" rel=\"noreferrer noopener\" data-wpel-link=\"external\">Financial Times<\/a> provides a clear answer. Two decisions are at the top of the list \u2013 and both have the potential to shape Apple&#039;s strategy for the coming years. These decisions concern the skyrocketing prices of memory and the question of where Apple will manufacture its products in the future.<\/p>\n\n\n\n<p>Neither of these issues is routine. They force Ternus to take a stand early \u2013 towards investors, customers, suppliers, and, not least, the governments in Washington and Beijing. We have analyzed the report and explain why these decisions are so critical.<\/p>\n\n\n\n<h2 class=\"wp-block-heading\" id=\"h-speicherpreise-um-uber-400-prozent-gestiegen\">Storage prices have risen by over 400 percent<\/h2>\n\n\n\n<p>Apple has been accustomed to dictating terms in the memory market for years. That era is over, at least for now. The enormous demand for RAM for AI servers has catapulted prices upwards \u2013 with direct consequences for the material costs of an iPhone.<\/p>\n\n\n\n<p class=\"translation-block\">According to the Financial Times, until recently, memory accounted for roughly ten percent of the material costs of an iPhone. Next year, this share could rise to as much as 45 percent. This is not a minor shift, but a fundamental upheaval of the cost structure. BNP Paribas had previously cited the memory crisis as a key factor and <a href=\"https:\/\/www.apfelpatient.de\/en\/news\/bnp-paribas-raises-apple-price-target-to-300\" data-wpel-link=\"internal\" target=\"_self\">raised its Apple price target to $300<\/a> \u2013 a clear indication that Wall Street had already priced this in.<\/p>\n\n\n\n<p>For Ternus, this presents an uncomfortable choice. Either Apple absorbs the higher costs and accepts lower margins, or the company raises prices and risks selling fewer devices. Both options have strategic consequences, and both will trigger reactions.<\/p>\n\n\n\n<p class=\"translation-block\">There are already initial signs of how Apple might react. According to a report, Apple is lowering <a href=\"https:\/\/www.apfelpatient.de\/en\/rumors\/iphone-18-apple-lowers-specs-to-reduce-costs\" data-wpel-link=\"internal\" target=\"_self\">the specifications of some iPhone 18 models in the next generation to reduce costs<\/a>. This suggests that Cupertino is not only adjusting the price, but also the hardware itself.<\/p>\n\n\n\n<h2 class=\"wp-block-heading\" id=\"h-fertigung-zwischen-china-indien-und-den-usa\">Manufacturing between China, India and the USA<\/h2>\n\n\n\n<p>The second major challenge is geopolitical. Ternus has to decide how Apple&#039;s production sites should be distributed between China, India, and the USA \u2013 and this in an environment where every decision carries political weight.<\/p>\n\n\n\n<p class=\"translation-block\">Tim Cook demonstrated diplomatic skill here. He managed to convince US President Trump that full iPhone production in the US was unrealistic, while simultaneously securing enough US investment to showcase political successes. It was a balancing act that Cook honed over years. You can find more about his tenure in our overview of <a href=\"https:\/\/www.apfelpatient.de\/en\/generally\/tim-cook-apple-ceo-biography-career\" data-wpel-link=\"internal\" target=\"_self\">Tim Cook's career as Apple CEO<\/a>.<\/p>\n\n\n\n<p>Apple has been walking a tightrope in China for some time. Beijing is sensitive to the increasing shift of iPhone assembly from China to India. As early as 2025, sources reported that China was deliberately trying to hinder production in India \u2013 through export restrictions, slower approval processes, and pressure on skilled workers.<\/p>\n\n\n\n<p>Samik Chatterjee of JPMorgan sums it up perfectly: The central question for Ternus is how to position Apple on the right side of both Washington and Beijing. US investments will become one of the most important drivers of Apple&#039;s strategy in the coming years. These supply chain decisions will shape the company for many years to come.<\/p>\n\n\n\n<h2 class=\"wp-block-heading\" id=\"h-was-das-fur-apple-bedeutet\">What this means for Apple<\/h2>\n\n\n\n<p>What&#039;s interesting is that Tim Cook will remain on board as Executive Chairman. This suggests a division of roles that could be ideal for Apple: Cook will continue the delicate negotiations with Washington and Beijing, while Ternus will focus on products and long-term strategy. Cook will thus assume the role of political mediator, while Ternus will be free to concentrate on what defines Apple \u2013 top-tier hardware and software.<\/p>\n\n\n\n<p class=\"translation-block\">This division of responsibilities is anything but accidental. It suggests that Apple has planned the transition very deliberately. You can learn more about the personality and priorities of the designated CEO in our detailed overview of <a href=\"https:\/\/www.apfelpatient.de\/en\/generally\/john-ternus-apple-ceo-biography-career\" data-wpel-link=\"internal\" target=\"_self\">John Ternus' biography and career<\/a>.<\/p>\n\n\n\n<p class=\"translation-block\">Nevertheless, the pressure remains high. The storage crisis will very likely be a major topic in <a href=\"https:\/\/www.apfelpatient.de\/en\/news\/apples-q2-2026-quarterly-results-will-be-released-on-april-30th\" data-wpel-link=\"internal\" target=\"_self\">Apple&#039;s Q2 2026 earnings call<\/a> on April 30. Declining margins are unpopular with investors, and higher prices are unpopular with customers. Regardless of Ternus&#039;s decision, there will be headwinds.<\/p>\n\n\n\n<h2 class=\"wp-block-heading\" id=\"h-wie-es-fur-ternus-weitergeht\">What&#039;s next for Ternus<\/h2>\n\n\n\n<p>The coming months will show how Ternus handles these challenges. One thing is clear: he is taking the helm at a time when Apple must simultaneously make economic, technological, and geopolitical decisions. Storage prices, supply chains, and political relationships \u2013 everything is interconnected.<\/p>\n\n\n\n<p class=\"translation-block\">We've summarized exactly how Wall Street is reacting to the leadership change in a separate analysis: <a href=\"https:\/\/www.apfelpatient.de\/en\/news\/how-wall-street-reacted-to-apples-ceo-change\" data-wpel-link=\"internal\" target=\"_self\">How Wall Street is reacting to Apple's CEO change<\/a>. The first decisions that are now pending should reveal a lot about the style of the new Apple CEO. (Image: Shutterstock \/ NorthSky Films)<\/p>\n\n\n\n<ul class=\"wp-block-list\">\n<li><a href=\"https:\/\/www.apfelpatient.de\/en\/news\/apple-vs-epic-court-of-appeals-lifts-suspension\" type=\"link\" id=\"https:\/\/www.apfelpatient.de\/news\/apple-vs-epic-berufungsgericht-hebt-aussetzung-auf\">Apple vs. Epic Games: Appeals Court lifts suspension<\/a><\/li>\n\n\n\n<li><a href=\"https:\/\/www.apfelpatient.de\/en\/news\/apple-tv-six-nominations-gotham-awards-2026\">Apple TV receives six nominations at the Gotham TV Awards<\/a><\/li>\n\n\n\n<li><a href=\"https:\/\/www.apfelpatient.de\/en\/news\/ubs-raises-price-target-for-apple-stock\">UBS raises price target for Apple \u2013 shortly before the quarterly results<\/a><\/li>\n\n\n\n<li><a href=\"https:\/\/www.apfelpatient.de\/en\/news\/vision-pro-first-successful-cataract-surgery-worldwide\">Apple Vision Pro: First cataract surgery worldwide successful<\/a><\/li>\n\n\n\n<li><a href=\"https:\/\/www.apfelpatient.de\/en\/news\/claude-new-connectors-for-blender-adobe-and-more\">Claude is getting nine new connectors for creative tools<\/a><\/li>\n\n\n\n<li><a href=\"https:\/\/www.apfelpatient.de\/en\/news\/ted-lasso-season-4-starts-on-august-5th\">Ted Lasso Season 4: Starts August 5 on Apple TV<\/a><\/li>\n\n\n\n<li><a href=\"https:\/\/www.apfelpatient.de\/en\/news\/apple-tv-survey-on-content-and-sports-launched\">Apple TV: Survey of subscribers on content and sports<\/a><\/li>\n\n\n\n<li><a href=\"https:\/\/www.apfelpatient.de\/en\/news\/app-store-monthly-subscriptions-with-a-12-month-commitment\">App Store: New monthly subscriptions with a 12-month commitment are coming<\/a><\/li>\n\n\n\n<li><a href=\"severance: Adam Scott kennt das Ende und k%C3%BCndigt %C3%9Cberraschungen an\">Severance: Adam Scott knows the ending and promises surprises<\/a><\/li>\n\n\n\n<li><a href=\"https:\/\/www.apfelpatient.de\/en\/news\/ios-26-5-beta-4-apple-concludes-testing-phase\">iOS 26.5 Beta 4: Apple concludes the testing phase<\/a><\/li>\n\n\n\n<li><a href=\"https:\/\/www.apfelpatient.de\/en\/news\/john-ternus-apple-services-great-potential-for-expansion\">John Ternus on Apple Services: \"So many opportunities\" for growth<\/a><\/li>\n\n\n\n<li><a href=\"https:\/\/www.apfelpatient.de\/en\/news\/september-1st-is-the-ideal-date-for-ternus-ceo-to-start\">Why September 1st is crucial for Ternus&#039; CEO start<\/a><\/li>\n\n\n\n<li><a href=\"https:\/\/www.apfelpatient.de\/en\/news\/will-the-next-entry-level-ipad-be-the-ipad-neo\">Will the next entry-level iPad be called the &quot;iPad Neo&quot;?<\/a><\/li>\n\n\n\n<li><a href=\"https:\/\/www.apfelpatient.de\/en\/news\/ternus-via-vision-pro-we-are-only-at-the-beginning\">Ternus speaks about Vision Pro: \u201eWe are only at the beginning\u201c<\/a><\/li>\n\n\n\n<li><a href=\"https:\/\/www.apfelpatient.de\/en\/news\/apple-tv-wins-two-peabody-awards-2026\">Apple TV wins two Peabody Awards 2026<\/a><\/li>\n\n\n\n<li><a href=\"https:\/\/www.apfelpatient.de\/en\/news\/openai-introduces-gpt-5-5-for-chatgpt-and-codex\">GPT-5.5 is here: OpenAI introduces a &quot;new intelligence class&quot; for ChatGPT and Codex<\/a><\/li>\n\n\n\n<li><a href=\"https:\/\/www.apfelpatient.de\/en\/news\/perplexity-ceo-the-iphone-benefits-from-ai\">Perplexity CEO: AI will make the iPhone more important, not obsolete<\/a><\/li>\n\n\n\n<li><a href=\"https:\/\/www.apfelpatient.de\/en\/news\/mac-mini-base-model-sold-out-at-apple\">Apple's entry-level Mac mini is sold out<\/a><\/li>\n\n\n\n<li><a href=\"https:\/\/www.apfelpatient.de\/en\/news\/cooking-apple-maps-was-my-first-big-mistake\">Apple Maps was Cook&#039;s &quot;first big mistake&quot; \u2013 Apple Watch his pride and joy<\/a><\/li>\n\n\n\n<li><a href=\"https:\/\/www.apfelpatient.de\/en\/news\/openai-images-2-0-image-generation-with-thinking\">OpenAI introduces ChatGPT Images 2.0 with Thinking capabilities<\/a><\/li>\n\n\n\n<li><a href=\"https:\/\/www.apfelpatient.de\/en\/news\/ios-26-4-2-closes-fbi-signal-security-vulnerability\">iOS 26.4.2 closes a security vulnerability exploited by the FBI<\/a><\/li>\n\n\n\n<li><a href=\"https:\/\/www.apfelpatient.de\/en\/news\/google-confirms-gemini-siri-is-coming-in-2026\">Google confirms: Gemini Siri is coming in 2026<\/a><\/li>\n<\/ul>\n\n\n\n<h6 class=\"wp-block-heading translation-block\" id=\"h-kennt-ihr-schon-unsere-amazon-storefront-dort-findet-ihr-eine-handverlesene-auswahl-von-diversen-produkten-f-r-euer-iphone-und-co-viel-spa-beim-st-bern\"><em>Have you already visited our Amazon Storefront? There you&#039;ll find a hand-picked selection of various products for your iPhone and other devices \u2013 <span class=\"has-inline-color has-vivid-red-color\"><a href=\"https:\/\/www.amazon.de\/shop\/apfelpatientofficial\" class=\"ek-link\" data-wpel-link=\"exclude\" rel=\"follow noopener\" target=\"_self\"><span style=\"text-decoration: underline\" class=\"ek-underline\">enjoy browsing<\/span><\/a> !<\/span><\/em><\/h6>\n\n\n\n<h6 class=\"wp-block-heading translation-block\" id=\"h-der-beitrag-enthalt-partnerlinks\">This post contains <a data-type=\"URL\" data-id=\"https:\/\/www.apfelpatient.de\/partnerprogramm\" href=\"https:\/\/www.apfelpatient.de\/en\/partner-program\" data-wpel-link=\"internal\" target=\"_self\">affiliate links<\/a>.<\/h6>","protected":false},"excerpt":{"rendered":"<p>Storage crisis and geopolitics: John Ternus faces two pivotal decisions that will shape Apple&#039;s strategy for years to come.<\/p>","protected":false},"author":2,"featured_media":67326,"comment_status":"closed","ping_status":"open","sticky":false,"template":"","format":"standard","meta":{"jnews-multi-image_gallery":[],"jnews_single_post":{"format":"standard","override":[{"template":"2","parallax":"1","fullscreen":"1","layout":"right-sidebar","sidebar":"default-sidebar","second_sidebar":"default-sidebar","sticky_sidebar":"1","share_position":"top","share_float_style":"share-monocrhome","show_featured":"1","show_post_meta":"1","show_post_author":"1","show_post_author_image":"1","show_post_date":"1","post_date_format":"default","post_date_format_custom":"Y\/m\/d","show_post_category":"1","show_post_reading_time":"0","post_reading_time_wpm":"300","post_calculate_word_method":"str_word_count","show_zoom_button":"0","zoom_button_out_step":"2","zoom_button_in_step":"3","show_post_tag":"1","show_prev_next_post":"1","show_popup_post":"1","show_comment_section":"1","number_popup_post":"1","show_author_box":"0","show_post_related":"0","show_inline_post_related":"0"}],"image_override":[{"single_post_thumbnail_size":"crop-500","single_post_gallery_size":"crop-500"}],"trending_post_position":"meta","trending_post_label":"Trending","sponsored_post_label":"Sponsored by","disable_ad":"0"},"jnews_primary_category":{"id":"9"},"footnotes":""},"categories":[9],"tags":[18,8,40,13],"class_list":["post-67327","post","type-post","status-publish","format-standard","has-post-thumbnail","hentry","category-news","tag-ipad","tag-iphone","tag-mac","tag-techpatient"],"yoast_head":"<!-- This site is optimized with the Yoast SEO Premium plugin v27.5 (Yoast SEO v27.5) - https:\/\/yoast.com\/product\/yoast-seo-premium-wordpress\/ -->\n<title>Ternus: Erste Entscheidungen als Apple-CEO Apfelpatient<\/title>\n<meta name=\"description\" content=\"Speicherkrise und Geopolitik: Auf John Ternus warten zwei Weichenstellungen, die Apples Strategie f\u00fcr Jahre pr\u00e4gen werden.\" \/>\n<meta name=\"robots\" content=\"index, follow, max-snippet:-1, max-image-preview:large, max-video-preview:-1\" \/>\n<link rel=\"canonical\" href=\"https:\/\/www.apfelpatient.de\/en\/news\/ternus-iphone-pricing-and-us-production-first-major-decisions\" \/>\n<meta property=\"og:locale\" content=\"en_US\" \/>\n<meta property=\"og:type\" content=\"article\" \/>\n<meta property=\"og:title\" content=\"Ternus muss fr\u00fch \u00fcber iPhone-Preise und US-Produktion entscheiden\" \/>\n<meta property=\"og:description\" content=\"Speicherkrise und Geopolitik: Auf John Ternus warten zwei Weichenstellungen, die Apples Strategie f\u00fcr Jahre pr\u00e4gen werden.\" \/>\n<meta property=\"og:url\" content=\"https:\/\/www.apfelpatient.de\/en\/news\/ternus-iphone-pricing-and-us-production-first-major-decisions\" \/>\n<meta property=\"og:site_name\" content=\"Apfelpatient\" \/>\n<meta property=\"article:publisher\" content=\"https:\/\/www.facebook.com\/apfelpatientOfficial\" \/>\n<meta property=\"article:author\" content=\"https:\/\/www.facebook.com\/apfelpatientOfficial\" \/>\n<meta property=\"article:published_time\" content=\"2026-04-29T12:51:56+00:00\" \/>\n<meta property=\"article:modified_time\" content=\"2026-04-29T12:53:31+00:00\" \/>\n<meta property=\"og:image\" content=\"https:\/\/www.apfelpatient.de\/wp-content\/uploads\/2026\/04\/shutterstock_2405486047.jpg\" \/>\n\t<meta property=\"og:image:width\" content=\"1600\" \/>\n\t<meta property=\"og:image:height\" content=\"1199\" \/>\n\t<meta property=\"og:image:type\" content=\"image\/jpeg\" \/>\n<meta name=\"author\" content=\"Milan\" \/>\n<meta name=\"twitter:card\" content=\"summary_large_image\" \/>\n<meta name=\"twitter:description\" content=\"Speicherkrise und Geopolitik: Auf John Ternus warten zwei Weichenstellungen, die Apples Strategie f\u00fcr Jahre pr\u00e4gen werden.\" \/>\n<meta name=\"twitter:label1\" content=\"Written by\" \/>\n\t<meta name=\"twitter:data1\" content=\"Milan\" \/>\n\t<meta name=\"twitter:label2\" content=\"Est. reading time\" \/>\n\t<meta name=\"twitter:data2\" content=\"6 minutes\" \/>\n<script type=\"application\/ld+json\" class=\"yoast-schema-graph\">{\"@context\":\"https:\\\/\\\/schema.org\",\"@graph\":[{\"@type\":\"NewsArticle\",\"@id\":\"https:\\\/\\\/www.apfelpatient.de\\\/news\\\/ternus-iphone-preise-und-us-produktion-erste-grosse-entscheidungen#article\",\"isPartOf\":{\"@id\":\"https:\\\/\\\/www.apfelpatient.de\\\/news\\\/ternus-iphone-preise-und-us-produktion-erste-grosse-entscheidungen\"},\"author\":{\"@type\":\"Organization\",\"@id\":\"https:\\\/\\\/www.apfelpatient.de\\\/en\\\/#organization\",\"name\":\"Apfelpatient\",\"url\":\"https:\\\/\\\/www.apfelpatient.de\\\/en\\\/\"},\"headline\":\"Ternus muss fr\u00fch \u00fcber iPhone-Preise und US-Produktion entscheiden\",\"datePublished\":\"2026-04-29T12:51:56+00:00\",\"dateModified\":\"2026-04-29T12:53:31+00:00\",\"mainEntityOfPage\":{\"@id\":\"https:\\\/\\\/www.apfelpatient.de\\\/news\\\/ternus-iphone-preise-und-us-produktion-erste-grosse-entscheidungen\"},\"wordCount\":1034,\"publisher\":{\"@type\":\"Organization\",\"@id\":\"https:\\\/\\\/www.apfelpatient.de\\\/en\\\/#organization\",\"name\":\"Apfelpatient\",\"url\":\"https:\\\/\\\/www.apfelpatient.de\\\/en\\\/\"},\"image\":{\"@id\":\"https:\\\/\\\/www.apfelpatient.de\\\/news\\\/ternus-iphone-preise-und-us-produktion-erste-grosse-entscheidungen#primaryimage\"},\"thumbnailUrl\":\"https:\\\/\\\/www.apfelpatient.de\\\/wp-content\\\/uploads\\\/2026\\\/04\\\/shutterstock_2405486047.jpg\",\"keywords\":[\"iPad\",\"iPhone\",\"Mac\",\"TechPatient\"],\"articleSection\":\"News\",\"inLanguage\":\"en-US\",\"copyrightYear\":\"2026\",\"copyrightHolder\":{\"@id\":\"https:\\\/\\\/www.apfelpatient.de\\\/en\\\/#organization\"}},{\"@type\":\"WebPage\",\"@id\":\"https:\\\/\\\/www.apfelpatient.de\\\/news\\\/ternus-iphone-preise-und-us-produktion-erste-grosse-entscheidungen\",\"url\":\"https:\\\/\\\/www.apfelpatient.de\\\/news\\\/ternus-iphone-preise-und-us-produktion-erste-grosse-entscheidungen\",\"name\":\"Ternus: Erste Entscheidungen als Apple-CEO Apfelpatient\",\"isPartOf\":{\"@id\":\"https:\\\/\\\/www.apfelpatient.de\\\/#website\"},\"primaryImageOfPage\":{\"@id\":\"https:\\\/\\\/www.apfelpatient.de\\\/news\\\/ternus-iphone-preise-und-us-produktion-erste-grosse-entscheidungen#primaryimage\"},\"image\":{\"@id\":\"https:\\\/\\\/www.apfelpatient.de\\\/news\\\/ternus-iphone-preise-und-us-produktion-erste-grosse-entscheidungen#primaryimage\"},\"thumbnailUrl\":\"https:\\\/\\\/www.apfelpatient.de\\\/wp-content\\\/uploads\\\/2026\\\/04\\\/shutterstock_2405486047.jpg\",\"datePublished\":\"2026-04-29T12:51:56+00:00\",\"dateModified\":\"2026-04-29T12:53:31+00:00\",\"description\":\"Speicherkrise und Geopolitik: Auf John Ternus warten zwei Weichenstellungen, die Apples Strategie f\u00fcr Jahre pr\u00e4gen werden.\",\"breadcrumb\":{\"@id\":\"https:\\\/\\\/www.apfelpatient.de\\\/news\\\/ternus-iphone-preise-und-us-produktion-erste-grosse-entscheidungen#breadcrumb\"},\"inLanguage\":\"en-US\",\"potentialAction\":[{\"@type\":\"ReadAction\",\"target\":[\"https:\\\/\\\/www.apfelpatient.de\\\/news\\\/ternus-iphone-preise-und-us-produktion-erste-grosse-entscheidungen\"]}]},{\"@type\":\"ImageObject\",\"inLanguage\":\"en-US\",\"@id\":\"https:\\\/\\\/www.apfelpatient.de\\\/news\\\/ternus-iphone-preise-und-us-produktion-erste-grosse-entscheidungen#primaryimage\",\"url\":\"https:\\\/\\\/www.apfelpatient.de\\\/wp-content\\\/uploads\\\/2026\\\/04\\\/shutterstock_2405486047.jpg\",\"contentUrl\":\"https:\\\/\\\/www.apfelpatient.de\\\/wp-content\\\/uploads\\\/2026\\\/04\\\/shutterstock_2405486047.jpg\",\"width\":1600,\"height\":1199,\"caption\":\"Bild: Shutterstock \\\/ NorthSky Films\"},{\"@type\":\"BreadcrumbList\",\"@id\":\"https:\\\/\\\/www.apfelpatient.de\\\/news\\\/ternus-iphone-preise-und-us-produktion-erste-grosse-entscheidungen#breadcrumb\",\"itemListElement\":[{\"@type\":\"ListItem\",\"position\":1,\"name\":\"Startseite\",\"item\":\"https:\\\/\\\/www.apfelpatient.de\\\/\"},{\"@type\":\"ListItem\",\"position\":2,\"name\":\"Ternus muss fr\u00fch \u00fcber iPhone-Preise und US-Produktion entscheiden\"}]},{\"@type\":\"WebSite\",\"@id\":\"https:\\\/\\\/www.apfelpatient.de\\\/#website\",\"url\":\"https:\\\/\\\/www.apfelpatient.de\\\/\",\"name\":\"Apfelpatient\",\"description\":\"Alles rund um Apple!\",\"publisher\":{\"@type\":\"Organization\",\"@id\":\"https:\\\/\\\/www.apfelpatient.de\\\/en\\\/#organization\",\"name\":\"Apfelpatient\",\"url\":\"https:\\\/\\\/www.apfelpatient.de\\\/en\\\/\"},\"alternateName\":\"Apfelpatient\",\"potentialAction\":[{\"@type\":\"SearchAction\",\"target\":{\"@type\":\"EntryPoint\",\"urlTemplate\":\"https:\\\/\\\/www.apfelpatient.de\\\/?s={search_term_string}\"},\"query-input\":{\"@type\":\"PropertyValueSpecification\",\"valueRequired\":true,\"valueName\":\"search_term_string\"}}],\"inLanguage\":\"en-US\"},{\"@type\":[\"Person\",\"Organization\"],\"@id\":\"https:\\\/\\\/www.apfelpatient.de\\\/#\\\/schema\\\/person\\\/7dc56ad6c8e9824b76d2c08d4c140e13\",\"name\":\"Milan\",\"logo\":{\"@id\":\"https:\\\/\\\/www.apfelpatient.de\\\/#\\\/schema\\\/person\\\/image\\\/\"},\"description\":\"Hallo und herzlich willkommen auf meinem Technik-Blog! Als gro\u00dfer Apple-Fan berichte ich hier \u00fcber alles, was mit Apple zu tun hat: von den neuesten News und spannenden Ger\u00fcchten \u00fcber hilfreiche Tipps und Tricks bis hin zu ausf\u00fchrlichen Produkttests. Wenn du genauso technikbegeistert bist wie ich, bist du hier genau richtig!\",\"sameAs\":[\"https:\\\/\\\/www.facebook.com\\\/apfelpatientOfficial\",\"https:\\\/\\\/www.linkedin.com\\\/in\\\/milan-jovicic-42aa0231b\"],\"url\":\"https:\\\/\\\/www.apfelpatient.de\\\/en\\\/author\\\/apfeladmin\"}]}<\/script>\n<!-- \/ Yoast SEO Premium plugin. -->","yoast_head_json":{"title":"Ternus: First decisions as Apple CEO Apfelpatient","description":"Storage crisis and geopolitics: John Ternus faces two pivotal decisions that will shape Apple&#039;s strategy for years to come.","robots":{"index":"index","follow":"follow","max-snippet":"max-snippet:-1","max-image-preview":"max-image-preview:large","max-video-preview":"max-video-preview:-1"},"canonical":"https:\/\/www.apfelpatient.de\/en\/news\/ternus-iphone-pricing-and-us-production-first-major-decisions","og_locale":"en_US","og_type":"article","og_title":"Ternus muss fr\u00fch \u00fcber iPhone-Preise und US-Produktion entscheiden","og_description":"Speicherkrise und Geopolitik: Auf John Ternus warten zwei Weichenstellungen, die Apples Strategie f\u00fcr Jahre pr\u00e4gen werden.","og_url":"https:\/\/www.apfelpatient.de\/en\/news\/ternus-iphone-pricing-and-us-production-first-major-decisions","og_site_name":"Apfelpatient","article_publisher":"https:\/\/www.facebook.com\/apfelpatientOfficial","article_author":"https:\/\/www.facebook.com\/apfelpatientOfficial","article_published_time":"2026-04-29T12:51:56+00:00","article_modified_time":"2026-04-29T12:53:31+00:00","og_image":[{"width":1600,"height":1199,"url":"https:\/\/www.apfelpatient.de\/wp-content\/uploads\/2026\/04\/shutterstock_2405486047.jpg","type":"image\/jpeg"}],"author":"Milan","twitter_card":"summary_large_image","twitter_description":"Speicherkrise und Geopolitik: Auf John Ternus warten zwei Weichenstellungen, die Apples Strategie f\u00fcr Jahre pr\u00e4gen werden.","twitter_misc":{"Written by":"Milan","Est. reading time":"6 minutes"},"schema":{"@context":"https:\/\/schema.org","@graph":[{"@type":"NewsArticle","@id":"https:\/\/www.apfelpatient.de\/news\/ternus-iphone-preise-und-us-produktion-erste-grosse-entscheidungen#article","isPartOf":{"@id":"https:\/\/www.apfelpatient.de\/news\/ternus-iphone-preise-und-us-produktion-erste-grosse-entscheidungen"},"author":{"@type":"Organization","@id":"https:\/\/www.apfelpatient.de\/en\/#organization","name":"Apfelpatient","url":"https:\/\/www.apfelpatient.de\/en\/"},"headline":"Ternus muss fr\u00fch \u00fcber iPhone-Preise und US-Produktion entscheiden","datePublished":"2026-04-29T12:51:56+00:00","dateModified":"2026-04-29T12:53:31+00:00","mainEntityOfPage":{"@id":"https:\/\/www.apfelpatient.de\/news\/ternus-iphone-preise-und-us-produktion-erste-grosse-entscheidungen"},"wordCount":1034,"publisher":{"@type":"Organization","@id":"https:\/\/www.apfelpatient.de\/en\/#organization","name":"Apfelpatient","url":"https:\/\/www.apfelpatient.de\/en\/"},"image":{"@id":"https:\/\/www.apfelpatient.de\/news\/ternus-iphone-preise-und-us-produktion-erste-grosse-entscheidungen#primaryimage"},"thumbnailUrl":"https:\/\/www.apfelpatient.de\/wp-content\/uploads\/2026\/04\/shutterstock_2405486047.jpg","keywords":["iPad","iPhone","Mac","TechPatient"],"articleSection":"News","inLanguage":"en-US","copyrightYear":"2026","copyrightHolder":{"@id":"https:\/\/www.apfelpatient.de\/en\/#organization"}},{"@type":"WebPage","@id":"https:\/\/www.apfelpatient.de\/news\/ternus-iphone-preise-und-us-produktion-erste-grosse-entscheidungen","url":"https:\/\/www.apfelpatient.de\/news\/ternus-iphone-preise-und-us-produktion-erste-grosse-entscheidungen","name":"Ternus: First decisions as Apple CEO Apfelpatient","isPartOf":{"@id":"https:\/\/www.apfelpatient.de\/#website"},"primaryImageOfPage":{"@id":"https:\/\/www.apfelpatient.de\/news\/ternus-iphone-preise-und-us-produktion-erste-grosse-entscheidungen#primaryimage"},"image":{"@id":"https:\/\/www.apfelpatient.de\/news\/ternus-iphone-preise-und-us-produktion-erste-grosse-entscheidungen#primaryimage"},"thumbnailUrl":"https:\/\/www.apfelpatient.de\/wp-content\/uploads\/2026\/04\/shutterstock_2405486047.jpg","datePublished":"2026-04-29T12:51:56+00:00","dateModified":"2026-04-29T12:53:31+00:00","description":"Storage crisis and geopolitics: John Ternus faces two pivotal decisions that will shape Apple&#039;s strategy for years to come.","breadcrumb":{"@id":"https:\/\/www.apfelpatient.de\/news\/ternus-iphone-preise-und-us-produktion-erste-grosse-entscheidungen#breadcrumb"},"inLanguage":"en-US","potentialAction":[{"@type":"ReadAction","target":["https:\/\/www.apfelpatient.de\/news\/ternus-iphone-preise-und-us-produktion-erste-grosse-entscheidungen"]}]},{"@type":"ImageObject","inLanguage":"en-US","@id":"https:\/\/www.apfelpatient.de\/news\/ternus-iphone-preise-und-us-produktion-erste-grosse-entscheidungen#primaryimage","url":"https:\/\/www.apfelpatient.de\/wp-content\/uploads\/2026\/04\/shutterstock_2405486047.jpg","contentUrl":"https:\/\/www.apfelpatient.de\/wp-content\/uploads\/2026\/04\/shutterstock_2405486047.jpg","width":1600,"height":1199,"caption":"Bild: Shutterstock \/ NorthSky Films"},{"@type":"BreadcrumbList","@id":"https:\/\/www.apfelpatient.de\/news\/ternus-iphone-preise-und-us-produktion-erste-grosse-entscheidungen#breadcrumb","itemListElement":[{"@type":"ListItem","position":1,"name":"Startseite","item":"https:\/\/www.apfelpatient.de\/"},{"@type":"ListItem","position":2,"name":"Ternus muss fr\u00fch \u00fcber iPhone-Preise und US-Produktion entscheiden"}]},{"@type":"WebSite","@id":"https:\/\/www.apfelpatient.de\/#website","url":"https:\/\/www.apfelpatient.de\/","name":"apple patient","description":"Everything about Apple!","publisher":{"@type":"Organization","@id":"https:\/\/www.apfelpatient.de\/en\/#organization","name":"Apfelpatient","url":"https:\/\/www.apfelpatient.de\/en\/"},"alternateName":"Apfelpatient","potentialAction":[{"@type":"SearchAction","target":{"@type":"EntryPoint","urlTemplate":"https:\/\/www.apfelpatient.de\/?s={search_term_string}"},"query-input":{"@type":"PropertyValueSpecification","valueRequired":true,"valueName":"search_term_string"}}],"inLanguage":"en-US"},{"@type":["Person","Organization"],"@id":"https:\/\/www.apfelpatient.de\/#\/schema\/person\/7dc56ad6c8e9824b76d2c08d4c140e13","name":"Milan","logo":{"@id":"https:\/\/www.apfelpatient.de\/#\/schema\/person\/image\/"},"description":"Hello and welcome to my technology blog! As a big Apple fan, I report on everything to do with Apple: from the latest news and exciting rumors to helpful tips and tricks and detailed product tests. If you are as enthusiastic about technology as I am, you have come to the right place!","sameAs":["https:\/\/www.facebook.com\/apfelpatientOfficial","https:\/\/www.linkedin.com\/in\/milan-jovicic-42aa0231b"],"url":"https:\/\/www.apfelpatient.de\/en\/author\/apfeladmin"}]}},"_links":{"self":[{"href":"https:\/\/www.apfelpatient.de\/en\/wp-json\/wp\/v2\/posts\/67327","targetHints":{"allow":["GET"]}}],"collection":[{"href":"https:\/\/www.apfelpatient.de\/en\/wp-json\/wp\/v2\/posts"}],"about":[{"href":"https:\/\/www.apfelpatient.de\/en\/wp-json\/wp\/v2\/types\/post"}],"author":[{"embeddable":true,"href":"https:\/\/www.apfelpatient.de\/en\/wp-json\/wp\/v2\/users\/2"}],"replies":[{"embeddable":true,"href":"https:\/\/www.apfelpatient.de\/en\/wp-json\/wp\/v2\/comments?post=67327"}],"version-history":[{"count":2,"href":"https:\/\/www.apfelpatient.de\/en\/wp-json\/wp\/v2\/posts\/67327\/revisions"}],"predecessor-version":[{"id":67329,"href":"https:\/\/www.apfelpatient.de\/en\/wp-json\/wp\/v2\/posts\/67327\/revisions\/67329"}],"wp:featuredmedia":[{"embeddable":true,"href":"https:\/\/www.apfelpatient.de\/en\/wp-json\/wp\/v2\/media\/67326"}],"wp:attachment":[{"href":"https:\/\/www.apfelpatient.de\/en\/wp-json\/wp\/v2\/media?parent=67327"}],"wp:term":[{"taxonomy":"category","embeddable":true,"href":"https:\/\/www.apfelpatient.de\/en\/wp-json\/wp\/v2\/categories?post=67327"},{"taxonomy":"post_tag","embeddable":true,"href":"https:\/\/www.apfelpatient.de\/en\/wp-json\/wp\/v2\/tags?post=67327"}],"curies":[{"name":"wp","href":"https:\/\/api.w.org\/{rel}","templated":true}]}}