{"id":67297,"date":"2026-04-28T17:05:29","date_gmt":"2026-04-28T15:05:29","guid":{"rendered":"https:\/\/www.apfelpatient.de\/?p=67297"},"modified":"2026-04-28T17:06:18","modified_gmt":"2026-04-28T15:06:18","slug":"ted-lasso-season-4-starts-on-august-5th","status":"publish","type":"post","link":"https:\/\/www.apfelpatient.de\/en\/news\/ted-lasso-staffel-4-start-am-5-august","title":{"rendered":"Ted Lasso Season 4: Starts August 5 on Apple TV"},"content":{"rendered":"<p class=\"has-drop-cap\"><strong>Apple TV is bringing back its most decorated comedy hit \u2013 with a new setting, fresh cast and a clear premiere date.<\/strong><\/p>\n\n\n\n<p class=\"translation-block\">Three years after the emotional finale of season 3, Ted Lasso returns. Apple TV today announced the <a href=\"https:\/\/www.apple.com\/tv-pr\/news\/2026\/04\/apple-tvs-emmy-award-winning-global-smash-hit-series-ted-lasso-returns-for-season-four-on-wednesday-august-5\/\" id=\"https:\/\/www.apple.com\/tv-pr\/news\/2026\/04\/apple-tvs-emmy-award-winning-global-smash-hit-series-ted-lasso-returns-for-season-four-on-wednesday-august-5\/\" target=\"_blank\" rel=\"noreferrer noopener follow\" data-wpel-link=\"exclude\">official<\/a> release date for the fourth season of the multiple Emmy Award-winning comedy series. This ends the long wait for fans \u2013 and Apple TV will get back its most important flagship show in the summer of 2026. The new season promises a bold change of direction that will reinvent the series once again.<\/p>\n\n\n\n<h2 class=\"wp-block-heading\" id=\"h-premierentermin-und-veroffentlichungs-rhythmus\">Premiere date and release schedule<\/h2>\n\n\n\n<p>Apple TV today, April 28, 2026, announced the global release date for Ted Lasso Season 4. The new season will premiere worldwide on Wednesday, August 5, 2026. It will begin with a single episode, followed by a new episode every Wednesday. The season finale will air on October 7, 2026.<\/p>\n\n\n\n<p>Apple is thus sticking with the weekly release model already established for originals like The Morning Show and Severance. This model offers two advantages for Apple TV: the discussion surrounding the series remains lively for weeks, and subscribers have a longer-lasting incentive to remain loyal to the service.<\/p>\n\n\n\n<h2 class=\"wp-block-heading\" id=\"h-neuer-cast-und-alte-bekannte\">New cast and old friends<\/h2>\n\n\n\n<p>Lead actor Jason Sudeikis, who also serves as an executive producer on the series, is of course returning. Many fan favorites from the first three seasons are also back:<\/p>\n\n\n\n<ul class=\"wp-block-list\">\n<li class=\"translation-block\"><strong>Hannah Waddingham<\/strong> as Rebecca Welton<\/li>\n\n\n\n<li class=\"translation-block\"><strong>Juno Temple<\/strong> as Keeley Jones<\/li>\n\n\n\n<li class=\"translation-block\"><strong>Brett Goldstein<\/strong> as Roy Kent<\/li>\n\n\n\n<li class=\"translation-block\"><strong>Brendan Hunt<\/strong> as Coach Beard<\/li>\n\n\n\n<li class=\"translation-block\"><strong>Jeremy Swift<\/strong> as Higgins<\/li>\n<\/ul>\n\n\n\n<p>New additions to the cast include Tanya Reynolds, Jude Mack, Faye Marsay, Rex Hayes, Aisling Sharkey, Abbie Hern, and Grant Feely. The expanded ensemble fits the new storyline, which significantly alters the series&#039; setting.<\/p>\n\n\n\n<h2 class=\"wp-block-heading\" id=\"h-die-story-von-staffel-4\">The story of season 4<\/h2>\n\n\n\n<p>In terms of content, Ted Lasso takes a clear turn. Ted returns to Richmond and takes on his biggest challenge yet: coaching a women&#039;s soccer team in the second division. The season revolves around a guiding principle that perfectly suits Ted&#039;s character: Sometimes you have to jump before you look \u2013 seize opportunities, even if you don&#039;t know where you&#039;ll land.<\/p>\n\n\n\n<p>Apple TV&#039;s move into women&#039;s football perfectly captures the spirit of the times. Women&#039;s football is experiencing massive growth internationally, from the UEFA Women&#039;s Champions League to the British Women&#039;s Super League. The fact that Ted Lasso focuses on this particular area makes the series thematically relevant and gives it a fresh perspective.<\/p>\n\n\n\n<h2 class=\"wp-block-heading\" id=\"h-neue-kopfe-hinter-der-kamera\">New faces behind the camera<\/h2>\n\n\n\n<p>Behind the scenes, there are also changes within the team. Emmy Award winner Jack Burditt joins as an executive producer as part of a new comprehensive deal with Apple TV. Sudeikis continues as star and executive producer, along with Brendan Hunt, Joe Kelly, Jane Becker, Jamie Lee, and Bill Wrubel. Brett Goldstein writes and produces, with support from Leann Bowen.<\/p>\n\n\n\n<p>Sarah Walker and Phoebe Walsh join as writers and producers for season 4, with Sasha Garron as a co-producer. Julia Lindon is writing for the new season, and Dylan Marron is serving as story editor. Bill Lawrence is producing through his production company, Doozer Productions, in association with Warner Bros. Television and Universal Television, a division of NBCUniversal Content. Doozer&#039;s Jeff Ingold and Liza Katzer also serve as executive producers.<\/p>\n\n\n\n<figure class=\"wp-block-embed is-type-video is-provider-youtube wp-block-embed-youtube wp-embed-aspect-16-9 wp-has-aspect-ratio\"><div class=\"wp-block-embed__wrapper\">\n <div class=\"brlbs-cmpnt-container brlbs-cmpnt-content-blocker brlbs-cmpnt-with-individual-styles\" data-borlabs-cookie-content-blocker-id=\"youtube-content-blocker\" data-borlabs-cookie-content=\"PGRpdiBjbGFzcz0iamVnX3ZpZGVvX2NvbnRhaW5lciBqZWdfdmlkZW9fY29udGVudCI+PGlmcmFtZSB0aXRsZT0iVGVkIExhc3NvIOKAlCBTZWFzb24gNCBPZmZpY2lhbCBUZWFzZXIgfCBBcHBsZSBUViIgd2lkdGg9IjUwMCIgaGVpZ2h0PSIyODEiIHNyYz0iaHR0cHM6Ly93d3cueW91dHViZS1ub2Nvb2tpZS5jb20vZW1iZWQvUHhaZzRTZklVUmc\/ZmVhdHVyZT1vZW1iZWQiIGZyYW1lYm9yZGVyPSIwIiBhbGxvdz0iYWNjZWxlcm9tZXRlcjsgYXV0b3BsYXk7IGNsaXBib2FyZC13cml0ZTsgZW5jcnlwdGVkLW1lZGlhOyBneXJvc2NvcGU7IHBpY3R1cmUtaW4tcGljdHVyZTsgd2ViLXNoYXJlIiByZWZlcnJlcnBvbGljeT0ic3RyaWN0LW9yaWdpbi13aGVuLWNyb3NzLW9yaWdpbiIgYWxsb3dmdWxsc2NyZWVuPjwvaWZyYW1lPjwvZGl2Pg==\"><div class=\"brlbs-cmpnt-cb-preset-c brlbs-cmpnt-cb-youtube\"> <div class=\"brlbs-cmpnt-cb-thumbnail\" style=\"background-image: url('https:\/\/www.apfelpatient.de\/wp-content\/uploads\/borlabs-cookie\/1\/yt_PxZg4SfIURg_hqdefault.jpg')\"><\/div> <div class=\"brlbs-cmpnt-cb-main\"> <div class=\"brlbs-cmpnt-cb-play-button\"><\/div> <div class=\"brlbs-cmpnt-cb-content\"> <p class=\"brlbs-cmpnt-cb-description\">You are currently viewing a placeholder content from <strong>YouTube<\/strong>. To access the actual content, click the button below. Please note that doing so will share data with third-party providers.<\/p> <a class=\"brlbs-cmpnt-cb-provider-toggle\" href=\"#\" data-borlabs-cookie-show-provider-information role=\"button\">More Information<\/a> <\/div> <div class=\"brlbs-cmpnt-cb-buttons\"> <a class=\"brlbs-cmpnt-cb-btn\" href=\"#\" data-borlabs-cookie-unblock role=\"button\">Unblock content<\/a> <a class=\"brlbs-cmpnt-cb-btn\" href=\"#\" data-borlabs-cookie-accept-service role=\"button\" style=\"display: inherit\">Accept required service and unblock content<\/a> <\/div> <\/div> <\/div><\/div>\n<\/div><\/figure>\n\n\n\n<h2 class=\"wp-block-heading\" id=\"h-der-rekordstatus-von-ted-lasso\">Ted Lasso&#039;s record status<\/h2>\n\n\n\n<p>Since its premiere in 2020, Ted Lasso has become a flagship show for Apple TV. The first season became the most Emmy-nominated comedy series of all time. The show also won two consecutive Emmys for Outstanding Comedy Series in its first two seasons\u2014an extremely rare feat in television history.<\/p>\n\n\n\n<p>The first three seasons are still available globally on Apple TV. So, if you missed the start or want to refresh your memory before season 4 premieres, you have plenty of time to catch up until August 5th.<\/p>\n\n\n\n<h2 class=\"wp-block-heading\" id=\"h-was-der-termin-fur-apple-tv-bedeutet\">What the date means for Apple TV<\/h2>\n\n\n\n<p class=\"translation-block\">With the return of Ted Lasso this summer, Apple TV is sending a clear message. In recent weeks, it has become evident that Apple is intensifying its efforts to attract subscribers \u2013 for example, through a <a href=\"https:\/\/www.apfelpatient.de\/en\/news\/apple-tv-survey-on-content-and-sports-launched\" data-wpel-link=\"internal\" target=\"_self\">large-scale survey on content and sports<\/a>. A fourth iteration of Ted Lasso is a perfect strategic fit: The series attracts an international audience, generates media attention, and strengthens Apple TV's position in the competition with Netflix, Disney+, and Netflix Max.<\/p>\n\n\n\n<p>From our perspective, the August release date is a clever choice. The 2026 FIFA World Cup ends on July 19th, so the launch of Ted Lasso coincides directly with the aftermath of the world&#039;s biggest football tournament. Millions of viewers will have just finished four weeks of watching football \u2013 and Apple TV is launching Ted Lasso at precisely this time, offering a blend of warmth, humor, and football romance. Furthermore, Apple TV&#039;s biggest competitors typically experience a programming lull during the summer. This positions Apple TV for a strong third quarter of 2026.<\/p>\n\n\n\n<h2 class=\"wp-block-heading\" id=\"h-ted-lasso-staffel-4-das-wichtigste-auf-einen-blick\">Ted Lasso Season 4 \u2013 the most important points at a glance<\/h2>\n\n\n\n<p>Ted Lasso returns to Apple TV on August 5, 2026, with a fourth season. New episodes every week until October 7, an expanded cast, new faces behind the scenes, and a bold shift in setting to women&#039;s soccer make this season one of Apple TV&#039;s biggest summer highlights. For Apple TV, the show&#039;s return is a strategic coup\u2014and for fans, simply a reason to be excited. (Image: Apple)<\/p>\n\n\n\n<ul class=\"wp-block-list\">\n<li><a href=\"https:\/\/www.apfelpatient.de\/en\/news\/apple-tv-survey-on-content-and-sports-launched\" type=\"link\" id=\"https:\/\/www.apfelpatient.de\/news\/apple-tv-umfrage-zu-inhalten-und-sport-gestartet\">Apple TV: Survey of subscribers on content and sports<\/a><\/li>\n\n\n\n<li><a href=\"https:\/\/www.apfelpatient.de\/en\/news\/app-store-monthly-subscriptions-with-a-12-month-commitment\">App Store: New monthly subscriptions with a 12-month commitment are coming<\/a><\/li>\n\n\n\n<li><a href=\"severance: Adam Scott kennt das Ende und k%C3%BCndigt %C3%9Cberraschungen an\">Severance: Adam Scott knows the ending and promises surprises<\/a><\/li>\n\n\n\n<li><a href=\"https:\/\/www.apfelpatient.de\/en\/news\/ios-26-5-beta-4-apple-concludes-testing-phase\">iOS 26.5 Beta 4: Apple concludes the testing phase<\/a><\/li>\n\n\n\n<li><a href=\"https:\/\/www.apfelpatient.de\/en\/news\/john-ternus-apple-services-great-potential-for-expansion\">John Ternus on Apple Services: \u201eSo many opportunities\u201c for growth<\/a><\/li>\n\n\n\n<li><a href=\"https:\/\/www.apfelpatient.de\/en\/news\/september-1st-is-the-ideal-date-for-ternus-ceo-to-start\">Why September 1st is crucial for Ternus&#039; CEO start<\/a><\/li>\n\n\n\n<li><a href=\"https:\/\/www.apfelpatient.de\/en\/news\/will-the-next-entry-level-ipad-be-the-ipad-neo\">Will the next entry-level iPad be called the &quot;iPad Neo&quot;?<\/a><\/li>\n\n\n\n<li><a href=\"https:\/\/www.apfelpatient.de\/en\/news\/ternus-via-vision-pro-we-are-only-at-the-beginning\">Ternus speaks about Vision Pro: \u201eWe are only at the beginning\u201c<\/a><\/li>\n\n\n\n<li><a href=\"https:\/\/www.apfelpatient.de\/en\/news\/apple-tv-wins-two-peabody-awards-2026\">Apple TV wins two Peabody Awards 2026<\/a><\/li>\n\n\n\n<li><a href=\"https:\/\/www.apfelpatient.de\/en\/news\/openai-introduces-gpt-5-5-for-chatgpt-and-codex\">GPT-5.5 is here: OpenAI introduces a &quot;new intelligence class&quot; for ChatGPT and Codex<\/a><\/li>\n\n\n\n<li><a href=\"https:\/\/www.apfelpatient.de\/en\/news\/perplexity-ceo-the-iphone-benefits-from-ai\">Perplexity CEO: AI will make the iPhone more important, not obsolete<\/a><\/li>\n\n\n\n<li><a href=\"https:\/\/www.apfelpatient.de\/en\/news\/mac-mini-base-model-sold-out-at-apple\">Apple's entry-level Mac mini is sold out<\/a><\/li>\n\n\n\n<li><a href=\"https:\/\/www.apfelpatient.de\/en\/news\/cooking-apple-maps-was-my-first-big-mistake\">Apple Maps was Cook&#039;s &quot;first big mistake&quot; \u2013 Apple Watch his pride and joy<\/a><\/li>\n\n\n\n<li><a href=\"https:\/\/www.apfelpatient.de\/en\/news\/openai-images-2-0-image-generation-with-thinking\">OpenAI introduces ChatGPT Images 2.0 with Thinking capabilities<\/a><\/li>\n\n\n\n<li><a href=\"https:\/\/www.apfelpatient.de\/en\/news\/ios-26-4-2-closes-fbi-signal-security-vulnerability\">iOS 26.4.2 closes a security vulnerability exploited by the FBI<\/a><\/li>\n\n\n\n<li><a href=\"https:\/\/www.apfelpatient.de\/en\/news\/google-confirms-gemini-siri-is-coming-in-2026\">Google confirms: Gemini Siri is coming in 2026<\/a><\/li>\n\n\n\n<li><a href=\"https:\/\/www.apfelpatient.de\/en\/news\/ios-26-4-2-is-here-with-bug-fixes-and-security-patches\">iOS 26.4.2 is here: Update with bug fixes available<\/a><\/li>\n\n\n\n<li><a href=\"https:\/\/www.apfelpatient.de\/en\/news\/ternus-aims-to-make-apple-tv-more-competitive\">Ternus is an Apple TV fan and wants to make the service more competitive<\/a><\/li>\n\n\n\n<li><a href=\"https:\/\/www.apfelpatient.de\/en\/news\/talent-bonding-ternus-biggest-challenge\">Talent retention will be Ternus&#039; biggest challenge.<\/a><\/li>\n\n\n\n<li><a href=\"https:\/\/www.apfelpatient.de\/en\/news\/anthropic-myth-unauthorized-access-has-been-gained\">Unauthorized access to Anthropic&#039;s myth \u2013 a security risk for Apple?<\/a><\/li>\n\n\n\n<li><a href=\"https:\/\/www.apfelpatient.de\/en\/news\/apple-managed-to-keep-the-ceo-change-perfectly-secret\">What Apple's CEO change reveals about the Company<\/a><\/li>\n\n\n\n<li><a href=\"https:\/\/www.apfelpatient.de\/en\/news\/whatsapp-ai-summary-for-all-chats\">WhatsApp is testing AI summaries for unread chats<\/a><\/li>\n\n\n\n<li><a href=\"https:\/\/www.apfelpatient.de\/en\/news\/ternus-sees-new-breakthroughs-on-the-horizon-for-apple\">Ternus: \"Apple will change the world again\"<\/a><\/li>\n<\/ul>\n\n\n\n<h6 class=\"wp-block-heading translation-block\" id=\"h-kennt-ihr-schon-unsere-amazon-storefront-dort-findet-ihr-eine-handverlesene-auswahl-von-diversen-produkten-f-r-euer-iphone-und-co-viel-spa-beim-st-bern\"><em>Have you already visited our Amazon Storefront? There you&#039;ll find a hand-picked selection of various products for your iPhone and other devices \u2013 <span class=\"has-inline-color has-vivid-red-color\"><a href=\"https:\/\/www.amazon.de\/shop\/apfelpatientofficial\" class=\"ek-link\" data-wpel-link=\"exclude\" rel=\"follow noopener\" target=\"_self\"><span style=\"text-decoration: underline\" class=\"ek-underline\">enjoy browsing<\/span><\/a> !<\/span><\/em><\/h6>\n\n\n\n<h6 class=\"wp-block-heading translation-block\" id=\"h-der-beitrag-enthalt-partnerlinks\">This post contains <a data-type=\"URL\" data-id=\"https:\/\/www.apfelpatient.de\/partnerprogramm\" href=\"https:\/\/www.apfelpatient.de\/en\/partner-program\" data-wpel-link=\"internal\" target=\"_self\">affiliate links<\/a>.<\/h6>","protected":false},"excerpt":{"rendered":"<p>Apple TV confirms: Ted Lasso Season 4 premieres on August 5, 2026. All the info on cast, story, and release schedule.<\/p>","protected":false},"author":2,"featured_media":67296,"comment_status":"closed","ping_status":"open","sticky":false,"template":"","format":"standard","meta":{"jnews-multi-image_gallery":[],"jnews_single_post":{"format":"standard","override":[{"template":"2","parallax":"1","fullscreen":"1","layout":"right-sidebar","sidebar":"default-sidebar","second_sidebar":"default-sidebar","sticky_sidebar":"1","share_position":"top","share_float_style":"share-monocrhome","show_featured":"1","show_post_meta":"1","show_post_author":"1","show_post_author_image":"1","show_post_date":"1","post_date_format":"default","post_date_format_custom":"Y\/m\/d","show_post_category":"1","show_post_reading_time":"0","post_reading_time_wpm":"300","post_calculate_word_method":"str_word_count","show_zoom_button":"0","zoom_button_out_step":"2","zoom_button_in_step":"3","show_post_tag":"1","show_prev_next_post":"1","show_popup_post":"1","show_comment_section":"1","number_popup_post":"1","show_author_box":"0","show_post_related":"0","show_inline_post_related":"0"}],"image_override":[{"single_post_thumbnail_size":"crop-500","single_post_gallery_size":"crop-500"}],"trending_post_position":"meta","trending_post_label":"Trending","sponsored_post_label":"Sponsored by","disable_ad":"0"},"jnews_primary_category":{"id":"9"},"footnotes":""},"categories":[9],"tags":[34,156],"class_list":["post-67297","post","type-post","status-publish","format-standard","has-post-thumbnail","hentry","category-news","tag-apple-dienste","tag-apple-tv"],"yoast_head":"<!-- This site is optimized with the Yoast SEO Premium plugin v27.4 (Yoast SEO v27.5) - https:\/\/yoast.com\/product\/yoast-seo-premium-wordpress\/ -->\n<title>Ted Lasso Staffel 4: Start am 5. August auf Apple TV Apfelpatient<\/title>\n<meta name=\"description\" content=\"Apple TV best\u00e4tigt: Ted Lasso Staffel 4 startet am 5. August 2026. Alle Infos zu Cast, Story und Ver\u00f6ffentlichungs-Plan.\" \/>\n<meta name=\"robots\" content=\"index, follow, max-snippet:-1, max-image-preview:large, max-video-preview:-1\" \/>\n<link rel=\"canonical\" href=\"https:\/\/www.apfelpatient.de\/en\/news\/ted-lasso-season-4-starts-on-august-5th\" \/>\n<meta property=\"og:locale\" content=\"en_US\" \/>\n<meta property=\"og:type\" content=\"article\" \/>\n<meta property=\"og:title\" content=\"Ted Lasso Staffel 4: Start am 5. August auf Apple TV\" \/>\n<meta property=\"og:description\" content=\"Apple TV best\u00e4tigt: Ted Lasso Staffel 4 startet am 5. August 2026. Alle Infos zu Cast, Story und Ver\u00f6ffentlichungs-Plan.\" \/>\n<meta property=\"og:url\" content=\"https:\/\/www.apfelpatient.de\/en\/news\/ted-lasso-season-4-starts-on-august-5th\" \/>\n<meta property=\"og:site_name\" content=\"Apfelpatient\" \/>\n<meta property=\"article:publisher\" content=\"https:\/\/www.facebook.com\/apfelpatientOfficial\" \/>\n<meta property=\"article:author\" content=\"https:\/\/www.facebook.com\/apfelpatientOfficial\" \/>\n<meta property=\"article:published_time\" content=\"2026-04-28T15:05:29+00:00\" \/>\n<meta property=\"article:modified_time\" content=\"2026-04-28T15:06:18+00:00\" \/>\n<meta property=\"og:image\" content=\"https:\/\/www.apfelpatient.de\/wp-content\/uploads\/2026\/04\/042826_Ted_Lasso_S4_Premiere_Date_Teaser_Reveal_Post_Big_Image_01.jpg\" \/>\n\t<meta property=\"og:image:width\" content=\"1600\" \/>\n\t<meta property=\"og:image:height\" content=\"1067\" \/>\n\t<meta property=\"og:image:type\" content=\"image\/jpeg\" \/>\n<meta name=\"author\" content=\"Milan\" \/>\n<meta name=\"twitter:card\" content=\"summary_large_image\" \/>\n<meta name=\"twitter:description\" content=\"Apple TV best\u00e4tigt: Ted Lasso Staffel 4 startet am 5. August 2026. Alle Infos zu Cast, Story und Ver\u00f6ffentlichungs-Plan.\" \/>\n<meta name=\"twitter:label1\" content=\"Written by\" \/>\n\t<meta name=\"twitter:data1\" content=\"Milan\" \/>\n\t<meta name=\"twitter:label2\" content=\"Est. reading time\" \/>\n\t<meta name=\"twitter:data2\" content=\"7 minutes\" \/>\n<script type=\"application\/ld+json\" class=\"yoast-schema-graph\">{\"@context\":\"https:\\\/\\\/schema.org\",\"@graph\":[{\"@type\":\"NewsArticle\",\"@id\":\"https:\\\/\\\/www.apfelpatient.de\\\/news\\\/ted-lasso-staffel-4-start-am-5-august#article\",\"isPartOf\":{\"@id\":\"https:\\\/\\\/www.apfelpatient.de\\\/news\\\/ted-lasso-staffel-4-start-am-5-august\"},\"author\":{\"@type\":\"Organization\",\"@id\":\"https:\\\/\\\/www.apfelpatient.de\\\/en\\\/#organization\",\"name\":\"Apfelpatient\",\"url\":\"https:\\\/\\\/www.apfelpatient.de\\\/en\\\/\"},\"headline\":\"Ted Lasso Staffel 4: Start am 5. August auf Apple TV\",\"datePublished\":\"2026-04-28T15:05:29+00:00\",\"dateModified\":\"2026-04-28T15:06:18+00:00\",\"mainEntityOfPage\":{\"@id\":\"https:\\\/\\\/www.apfelpatient.de\\\/news\\\/ted-lasso-staffel-4-start-am-5-august\"},\"wordCount\":1099,\"publisher\":{\"@type\":\"Organization\",\"@id\":\"https:\\\/\\\/www.apfelpatient.de\\\/en\\\/#organization\",\"name\":\"Apfelpatient\",\"url\":\"https:\\\/\\\/www.apfelpatient.de\\\/en\\\/\"},\"image\":{\"@id\":\"https:\\\/\\\/www.apfelpatient.de\\\/news\\\/ted-lasso-staffel-4-start-am-5-august#primaryimage\"},\"thumbnailUrl\":\"https:\\\/\\\/www.apfelpatient.de\\\/wp-content\\\/uploads\\\/2026\\\/04\\\/042826_Ted_Lasso_S4_Premiere_Date_Teaser_Reveal_Post_Big_Image_01.jpg\",\"keywords\":[\"Apple Dienste\",\"Apple TV\"],\"articleSection\":\"News\",\"inLanguage\":\"en-US\",\"copyrightYear\":\"2026\",\"copyrightHolder\":{\"@id\":\"https:\\\/\\\/www.apfelpatient.de\\\/en\\\/#organization\"}},{\"@type\":\"WebPage\",\"@id\":\"https:\\\/\\\/www.apfelpatient.de\\\/news\\\/ted-lasso-staffel-4-start-am-5-august\",\"url\":\"https:\\\/\\\/www.apfelpatient.de\\\/news\\\/ted-lasso-staffel-4-start-am-5-august\",\"name\":\"Ted Lasso Staffel 4: Start am 5. August auf Apple TV Apfelpatient\",\"isPartOf\":{\"@id\":\"https:\\\/\\\/www.apfelpatient.de\\\/#website\"},\"primaryImageOfPage\":{\"@id\":\"https:\\\/\\\/www.apfelpatient.de\\\/news\\\/ted-lasso-staffel-4-start-am-5-august#primaryimage\"},\"image\":{\"@id\":\"https:\\\/\\\/www.apfelpatient.de\\\/news\\\/ted-lasso-staffel-4-start-am-5-august#primaryimage\"},\"thumbnailUrl\":\"https:\\\/\\\/www.apfelpatient.de\\\/wp-content\\\/uploads\\\/2026\\\/04\\\/042826_Ted_Lasso_S4_Premiere_Date_Teaser_Reveal_Post_Big_Image_01.jpg\",\"datePublished\":\"2026-04-28T15:05:29+00:00\",\"dateModified\":\"2026-04-28T15:06:18+00:00\",\"description\":\"Apple TV best\u00e4tigt: Ted Lasso Staffel 4 startet am 5. August 2026. Alle Infos zu Cast, Story und Ver\u00f6ffentlichungs-Plan.\",\"breadcrumb\":{\"@id\":\"https:\\\/\\\/www.apfelpatient.de\\\/news\\\/ted-lasso-staffel-4-start-am-5-august#breadcrumb\"},\"inLanguage\":\"en-US\",\"potentialAction\":[{\"@type\":\"ReadAction\",\"target\":[\"https:\\\/\\\/www.apfelpatient.de\\\/news\\\/ted-lasso-staffel-4-start-am-5-august\"]}]},{\"@type\":\"ImageObject\",\"inLanguage\":\"en-US\",\"@id\":\"https:\\\/\\\/www.apfelpatient.de\\\/news\\\/ted-lasso-staffel-4-start-am-5-august#primaryimage\",\"url\":\"https:\\\/\\\/www.apfelpatient.de\\\/wp-content\\\/uploads\\\/2026\\\/04\\\/042826_Ted_Lasso_S4_Premiere_Date_Teaser_Reveal_Post_Big_Image_01.jpg\",\"contentUrl\":\"https:\\\/\\\/www.apfelpatient.de\\\/wp-content\\\/uploads\\\/2026\\\/04\\\/042826_Ted_Lasso_S4_Premiere_Date_Teaser_Reveal_Post_Big_Image_01.jpg\",\"width\":1600,\"height\":1067,\"caption\":\"Bild: Apple\"},{\"@type\":\"BreadcrumbList\",\"@id\":\"https:\\\/\\\/www.apfelpatient.de\\\/news\\\/ted-lasso-staffel-4-start-am-5-august#breadcrumb\",\"itemListElement\":[{\"@type\":\"ListItem\",\"position\":1,\"name\":\"Startseite\",\"item\":\"https:\\\/\\\/www.apfelpatient.de\\\/\"},{\"@type\":\"ListItem\",\"position\":2,\"name\":\"Ted Lasso Staffel 4: Start am 5. August auf Apple TV\"}]},{\"@type\":\"WebSite\",\"@id\":\"https:\\\/\\\/www.apfelpatient.de\\\/#website\",\"url\":\"https:\\\/\\\/www.apfelpatient.de\\\/\",\"name\":\"Apfelpatient\",\"description\":\"Alles rund um Apple!\",\"publisher\":{\"@type\":\"Organization\",\"@id\":\"https:\\\/\\\/www.apfelpatient.de\\\/en\\\/#organization\",\"name\":\"Apfelpatient\",\"url\":\"https:\\\/\\\/www.apfelpatient.de\\\/en\\\/\"},\"alternateName\":\"Apfelpatient\",\"potentialAction\":[{\"@type\":\"SearchAction\",\"target\":{\"@type\":\"EntryPoint\",\"urlTemplate\":\"https:\\\/\\\/www.apfelpatient.de\\\/?s={search_term_string}\"},\"query-input\":{\"@type\":\"PropertyValueSpecification\",\"valueRequired\":true,\"valueName\":\"search_term_string\"}}],\"inLanguage\":\"en-US\"},{\"@type\":[\"Person\",\"Organization\"],\"@id\":\"https:\\\/\\\/www.apfelpatient.de\\\/#\\\/schema\\\/person\\\/7dc56ad6c8e9824b76d2c08d4c140e13\",\"name\":\"Milan\",\"logo\":{\"@id\":\"https:\\\/\\\/www.apfelpatient.de\\\/#\\\/schema\\\/person\\\/image\\\/\"},\"description\":\"Hallo und herzlich willkommen auf meinem Technik-Blog! Als gro\u00dfer Apple-Fan berichte ich hier \u00fcber alles, was mit Apple zu tun hat: von den neuesten News und spannenden Ger\u00fcchten \u00fcber hilfreiche Tipps und Tricks bis hin zu ausf\u00fchrlichen Produkttests. Wenn du genauso technikbegeistert bist wie ich, bist du hier genau richtig!\",\"sameAs\":[\"https:\\\/\\\/www.facebook.com\\\/apfelpatientOfficial\",\"https:\\\/\\\/www.linkedin.com\\\/in\\\/milan-jovicic-42aa0231b\"],\"url\":\"https:\\\/\\\/www.apfelpatient.de\\\/en\\\/author\\\/apfeladmin\"}]}<\/script>\n<!-- \/ Yoast SEO Premium plugin. -->","yoast_head_json":{"title":"Ted Lasso Season 4: Starts August 5 on Apple TV Apfelpatient","description":"Apple TV confirms: Ted Lasso Season 4 premieres on August 5, 2026. All the info on cast, story, and release schedule.","robots":{"index":"index","follow":"follow","max-snippet":"max-snippet:-1","max-image-preview":"max-image-preview:large","max-video-preview":"max-video-preview:-1"},"canonical":"https:\/\/www.apfelpatient.de\/en\/news\/ted-lasso-season-4-starts-on-august-5th","og_locale":"en_US","og_type":"article","og_title":"Ted Lasso Staffel 4: Start am 5. August auf Apple TV","og_description":"Apple TV best\u00e4tigt: Ted Lasso Staffel 4 startet am 5. August 2026. Alle Infos zu Cast, Story und Ver\u00f6ffentlichungs-Plan.","og_url":"https:\/\/www.apfelpatient.de\/en\/news\/ted-lasso-season-4-starts-on-august-5th","og_site_name":"Apfelpatient","article_publisher":"https:\/\/www.facebook.com\/apfelpatientOfficial","article_author":"https:\/\/www.facebook.com\/apfelpatientOfficial","article_published_time":"2026-04-28T15:05:29+00:00","article_modified_time":"2026-04-28T15:06:18+00:00","og_image":[{"width":1600,"height":1067,"url":"https:\/\/www.apfelpatient.de\/wp-content\/uploads\/2026\/04\/042826_Ted_Lasso_S4_Premiere_Date_Teaser_Reveal_Post_Big_Image_01.jpg","type":"image\/jpeg"}],"author":"Milan","twitter_card":"summary_large_image","twitter_description":"Apple TV best\u00e4tigt: Ted Lasso Staffel 4 startet am 5. August 2026. Alle Infos zu Cast, Story und Ver\u00f6ffentlichungs-Plan.","twitter_misc":{"Written by":"Milan","Est. reading time":"7 minutes"},"schema":{"@context":"https:\/\/schema.org","@graph":[{"@type":"NewsArticle","@id":"https:\/\/www.apfelpatient.de\/news\/ted-lasso-staffel-4-start-am-5-august#article","isPartOf":{"@id":"https:\/\/www.apfelpatient.de\/news\/ted-lasso-staffel-4-start-am-5-august"},"author":{"@type":"Organization","@id":"https:\/\/www.apfelpatient.de\/en\/#organization","name":"Apfelpatient","url":"https:\/\/www.apfelpatient.de\/en\/"},"headline":"Ted Lasso Staffel 4: Start am 5. August auf Apple TV","datePublished":"2026-04-28T15:05:29+00:00","dateModified":"2026-04-28T15:06:18+00:00","mainEntityOfPage":{"@id":"https:\/\/www.apfelpatient.de\/news\/ted-lasso-staffel-4-start-am-5-august"},"wordCount":1099,"publisher":{"@type":"Organization","@id":"https:\/\/www.apfelpatient.de\/en\/#organization","name":"Apfelpatient","url":"https:\/\/www.apfelpatient.de\/en\/"},"image":{"@id":"https:\/\/www.apfelpatient.de\/news\/ted-lasso-staffel-4-start-am-5-august#primaryimage"},"thumbnailUrl":"https:\/\/www.apfelpatient.de\/wp-content\/uploads\/2026\/04\/042826_Ted_Lasso_S4_Premiere_Date_Teaser_Reveal_Post_Big_Image_01.jpg","keywords":["Apple Dienste","Apple TV"],"articleSection":"News","inLanguage":"en-US","copyrightYear":"2026","copyrightHolder":{"@id":"https:\/\/www.apfelpatient.de\/en\/#organization"}},{"@type":"WebPage","@id":"https:\/\/www.apfelpatient.de\/news\/ted-lasso-staffel-4-start-am-5-august","url":"https:\/\/www.apfelpatient.de\/news\/ted-lasso-staffel-4-start-am-5-august","name":"Ted Lasso Season 4: Starts August 5 on Apple TV Apfelpatient","isPartOf":{"@id":"https:\/\/www.apfelpatient.de\/#website"},"primaryImageOfPage":{"@id":"https:\/\/www.apfelpatient.de\/news\/ted-lasso-staffel-4-start-am-5-august#primaryimage"},"image":{"@id":"https:\/\/www.apfelpatient.de\/news\/ted-lasso-staffel-4-start-am-5-august#primaryimage"},"thumbnailUrl":"https:\/\/www.apfelpatient.de\/wp-content\/uploads\/2026\/04\/042826_Ted_Lasso_S4_Premiere_Date_Teaser_Reveal_Post_Big_Image_01.jpg","datePublished":"2026-04-28T15:05:29+00:00","dateModified":"2026-04-28T15:06:18+00:00","description":"Apple TV confirms: Ted Lasso Season 4 premieres on August 5, 2026. All the info on cast, story, and release schedule.","breadcrumb":{"@id":"https:\/\/www.apfelpatient.de\/news\/ted-lasso-staffel-4-start-am-5-august#breadcrumb"},"inLanguage":"en-US","potentialAction":[{"@type":"ReadAction","target":["https:\/\/www.apfelpatient.de\/news\/ted-lasso-staffel-4-start-am-5-august"]}]},{"@type":"ImageObject","inLanguage":"en-US","@id":"https:\/\/www.apfelpatient.de\/news\/ted-lasso-staffel-4-start-am-5-august#primaryimage","url":"https:\/\/www.apfelpatient.de\/wp-content\/uploads\/2026\/04\/042826_Ted_Lasso_S4_Premiere_Date_Teaser_Reveal_Post_Big_Image_01.jpg","contentUrl":"https:\/\/www.apfelpatient.de\/wp-content\/uploads\/2026\/04\/042826_Ted_Lasso_S4_Premiere_Date_Teaser_Reveal_Post_Big_Image_01.jpg","width":1600,"height":1067,"caption":"Bild: Apple"},{"@type":"BreadcrumbList","@id":"https:\/\/www.apfelpatient.de\/news\/ted-lasso-staffel-4-start-am-5-august#breadcrumb","itemListElement":[{"@type":"ListItem","position":1,"name":"Startseite","item":"https:\/\/www.apfelpatient.de\/"},{"@type":"ListItem","position":2,"name":"Ted Lasso Staffel 4: Start am 5. August auf Apple TV"}]},{"@type":"WebSite","@id":"https:\/\/www.apfelpatient.de\/#website","url":"https:\/\/www.apfelpatient.de\/","name":"apple patient","description":"Everything about Apple!","publisher":{"@type":"Organization","@id":"https:\/\/www.apfelpatient.de\/en\/#organization","name":"Apfelpatient","url":"https:\/\/www.apfelpatient.de\/en\/"},"alternateName":"Apfelpatient","potentialAction":[{"@type":"SearchAction","target":{"@type":"EntryPoint","urlTemplate":"https:\/\/www.apfelpatient.de\/?s={search_term_string}"},"query-input":{"@type":"PropertyValueSpecification","valueRequired":true,"valueName":"search_term_string"}}],"inLanguage":"en-US"},{"@type":["Person","Organization"],"@id":"https:\/\/www.apfelpatient.de\/#\/schema\/person\/7dc56ad6c8e9824b76d2c08d4c140e13","name":"Milan","logo":{"@id":"https:\/\/www.apfelpatient.de\/#\/schema\/person\/image\/"},"description":"Hello and welcome to my technology blog! As a big Apple fan, I report on everything to do with Apple: from the latest news and exciting rumors to helpful tips and tricks and detailed product tests. If you are as enthusiastic about technology as I am, you have come to the right place!","sameAs":["https:\/\/www.facebook.com\/apfelpatientOfficial","https:\/\/www.linkedin.com\/in\/milan-jovicic-42aa0231b"],"url":"https:\/\/www.apfelpatient.de\/en\/author\/apfeladmin"}]}},"_links":{"self":[{"href":"https:\/\/www.apfelpatient.de\/en\/wp-json\/wp\/v2\/posts\/67297","targetHints":{"allow":["GET"]}}],"collection":[{"href":"https:\/\/www.apfelpatient.de\/en\/wp-json\/wp\/v2\/posts"}],"about":[{"href":"https:\/\/www.apfelpatient.de\/en\/wp-json\/wp\/v2\/types\/post"}],"author":[{"embeddable":true,"href":"https:\/\/www.apfelpatient.de\/en\/wp-json\/wp\/v2\/users\/2"}],"replies":[{"embeddable":true,"href":"https:\/\/www.apfelpatient.de\/en\/wp-json\/wp\/v2\/comments?post=67297"}],"version-history":[{"count":2,"href":"https:\/\/www.apfelpatient.de\/en\/wp-json\/wp\/v2\/posts\/67297\/revisions"}],"predecessor-version":[{"id":67299,"href":"https:\/\/www.apfelpatient.de\/en\/wp-json\/wp\/v2\/posts\/67297\/revisions\/67299"}],"wp:featuredmedia":[{"embeddable":true,"href":"https:\/\/www.apfelpatient.de\/en\/wp-json\/wp\/v2\/media\/67296"}],"wp:attachment":[{"href":"https:\/\/www.apfelpatient.de\/en\/wp-json\/wp\/v2\/media?parent=67297"}],"wp:term":[{"taxonomy":"category","embeddable":true,"href":"https:\/\/www.apfelpatient.de\/en\/wp-json\/wp\/v2\/categories?post=67297"},{"taxonomy":"post_tag","embeddable":true,"href":"https:\/\/www.apfelpatient.de\/en\/wp-json\/wp\/v2\/tags?post=67297"}],"curies":[{"name":"wp","href":"https:\/\/api.w.org\/{rel}","templated":true}]}}