{"id":67267,"date":"2026-04-27T20:05:14","date_gmt":"2026-04-27T18:05:14","guid":{"rendered":"https:\/\/www.apfelpatient.de\/?p=67267"},"modified":"2026-04-27T20:07:40","modified_gmt":"2026-04-27T18:07:40","slug":"severance-season-3-adam-scott-knows-the-ending","status":"publish","type":"post","link":"https:\/\/www.apfelpatient.de\/en\/news\/severance-staffel-3-adam-scott-kennt-das-ende","title":{"rendered":"Severance: Adam Scott knows the ending and promises surprises"},"content":{"rendered":"<p class=\"has-drop-cap\"><strong>Filming for the third season of Severance is about to begin \u2013 and lead actor Adam Scott is offering a first glimpse behind the scenes. In a recent interview, he not only teases &quot;many surprises&quot; for the upcoming season, but also reveals a remarkable detail: The ending of the entire series has apparently already been decided \u2013 and he already knows it.<\/strong><\/p>\n\n\n\n<p>Severance is one of Apple TV&#039;s flagship shows. The mystery sci-fi series about Lumon Industries has become the streaming service&#039;s most successful production since its first season \u2013 even surpassing Ted Lasso. The cliffhanger ending of season two left millions of viewers with unanswered questions. When the series will continue and where the story will lead have been the most burning questions for the fan community ever since.<\/p>\n\n\n\n<h2 class=\"wp-block-heading\" id=\"h-adam-scott-im-interview\">Adam Scott in an interview<\/h2>\n\n\n\n<p class=\"translation-block\">In a new <a href=\"https:\/\/variety.com\/2026\/tv\/global\/adam-scott-ending-severance-surprises-season-3-1236730751\/\" id=\"https:\/\/variety.com\/2026\/tv\/global\/adam-scott-ending-severance-surprises-season-3-1236730751\/\" target=\"_blank\" rel=\"noreferrer noopener\" data-wpel-link=\"external\">interview<\/a> with <em>Variety<\/em>, lead actor Adam Scott spoke about the upcoming third season. As expected, he didn't reveal any specific plot points or storylines. Naturally, someone playing a lead role in one of Apple's hottest series isn't going to give away spoilers. But Scott did make two statements that have fans buzzing.<\/p>\n\n\n\n<p>First: Viewers are in for \"so many surprises.\" Second - and this is the real headline - the series finale is apparently already decided. Scott already knows it in full.<\/p>\n\n\n\n<figure class=\"wp-block-image size-full\"><img decoding=\"async\" width=\"1600\" height=\"664\" src=\"https:\/\/www.apfelpatient.de\/wp-content\/uploads\/2024\/12\/Severance_Photo_020104.jpg\" alt=\"Severance Season 2\" class=\"wp-image-48625\" srcset=\"https:\/\/www.apfelpatient.de\/wp-content\/uploads\/2024\/12\/Severance_Photo_020104.jpg 1600w, https:\/\/www.apfelpatient.de\/wp-content\/uploads\/2024\/12\/Severance_Photo_020104-300x125.jpg 300w, https:\/\/www.apfelpatient.de\/wp-content\/uploads\/2024\/12\/Severance_Photo_020104-1024x425.jpg 1024w, https:\/\/www.apfelpatient.de\/wp-content\/uploads\/2024\/12\/Severance_Photo_020104-768x319.jpg 768w, https:\/\/www.apfelpatient.de\/wp-content\/uploads\/2024\/12\/Severance_Photo_020104-1536x637.jpg 1536w, https:\/\/www.apfelpatient.de\/wp-content\/uploads\/2024\/12\/Severance_Photo_020104-750x311.jpg 750w, https:\/\/www.apfelpatient.de\/wp-content\/uploads\/2024\/12\/Severance_Photo_020104-1140x473.jpg 1140w\" sizes=\"(max-width: 1600px) 100vw, 1600px\" \/><figcaption class=\"wp-element-caption\">Image: Apple<\/figcaption><\/figure>\n\n\n\n<h4 class=\"wp-block-heading\" id=\"h-scott-als-executive-producer\">Scott as Executive Producer<\/h4>\n\n\n\n<p>There&#039;s a simple reason why Scott is so deeply involved in the show&#039;s development. He&#039;s not just an actor, but also an executive producer on Severance. In this dual role, he says he&#039;s involved in every stage of development. He regularly meets with the screenwriters and series creator Dan Erickson. As an actor, he prefers to have as much information as possible about his character and the overall storyline \u2013 a rather rare situation in Hollywood.<\/p>\n\n\n\n<p>This close involvement is good news for Severance fans. It shows that the series is being developed creatively as a cohesive whole and is not improvised from season to season.<\/p>\n\n\n\n<h2 class=\"wp-block-heading\" id=\"h-ben-stiller-bleibt-an-bord\">Ben Stiller remains on board<\/h2>\n\n\n\n<p>A second piece of information from the interview concerns director and co-producer Ben Stiller. Stiller will no longer direct any episodes in season 3 \u2013 this has been known for some time. However, Adam Scott confirms that Stiller will remain &quot;very closely&quot; involved in the project.<\/p>\n\n\n\n<p>This dispels Scott&#039;s fears that Stiller might withdraw creatively. Stiller&#039;s signature style has decisively shaped the visual and atmospheric profile of Severance. His continued presence as the creative force behind the scenes is central to the series&#039; identity.<\/p>\n\n\n\n<h4 class=\"wp-block-heading\" id=\"h-beau-willimon-ubernimmt-das-autorenruder\">Beau Willimon takes over as author<\/h4>\n\n\n\n<p class=\"translation-block\">The change in direction is also related to the restructuring of the writing team. Beau Willimon \u2013 creator of House of Cards and most recently of Andor on Disney+ \u2013 has taken on a key role in the development of season 3. We&#039;ve summarized more about the background story surrounding the change in the creative team in our <a href=\"https:\/\/www.apfelpatient.de\/en\/generally\/severance-season-3-all-info-about-start-cast-and-filming\" id=\"https:\/\/www.apfelpatient.de\/allgemein\/severance-staffel-3-alle-infos-zu-start-cast-und-dreh\" data-wpel-link=\"internal\" target=\"_self\">overview article<\/a> on Severance season 3.<\/p>\n\n\n\n<h2 class=\"wp-block-heading\" id=\"h-das-serienende-steht-kein-zweites-lost\">The series ending is set \u2013 no second Lost<\/h2>\n\n\n\n<p>Scott&#039;s confirmation that the end of Severance is already planned is particularly interesting. Apple and the creative team haven&#039;t yet publicly revealed how many seasons the series will have in total. But the fact that the creators clearly know where the show is headed is a good sign.<\/p>\n\n\n\n<p class=\"translation-block\">Back in 2025, series creator Dan Erickson stated that Severance would answer all the major mysteries of the story before the series ended. With this, the team explicitly distanced itself from the infamous example of ABC's <em>Lost<\/em>, which left key questions unanswered after six seasons and remains a subject of controversial debate within the fan community to this day.<\/p>\n\n\n\n<h4 class=\"wp-block-heading\" id=\"h-bis-zu-vier-staffeln-geplant\">Up to four seasons are planned<\/h4>\n\n\n\n<p class=\"translation-block\">Apple also has long-term business plans for Severance. At the beginning of 2026, the company <a href=\"https:\/\/www.apfelpatient.de\/en\/news\/apple-acquires-all-rights-to-severance\" data-wpel-link=\"internal\" target=\"_self\">acquired<\/a> all rights to the series for approximately $70 million and now produces it itself through Apple Studios. As part of this acquisition, there was talk of up to four seasons \u2013 plus potential spin-offs or international versions. This aligns with Adam Scott&#039;s statement: A clear endpoint has been set, but the path to get there offers enough room for several more seasons.<\/p>\n\n\n\n<h2 class=\"wp-block-heading\" id=\"h-drehstart-und-release\">Start of filming and release<\/h2>\n\n\n\n<p class=\"translation-block\">Filming for the third season will begin very soon. According to the current <a href=\"https:\/\/www.apfelpatient.de\/en\/news\/apple-tv-severance-season-3-with-a-new-release-schedule\" data-wpel-link=\"internal\" target=\"_self\">production schedule<\/a>, shooting will take place from April\/May to December 2026. This will be followed by six to nine months of post-production \u2013 a typical timeframe for a production with the visual ambitions of Severance.<\/p>\n\n\n\n<p>This suggests a realistic release window between June and September 2027. Both options are plausible: A summer release would be possible if post-production progresses quickly. An autumn release would better align with Apple&#039;s usual release strategy for prestige series.<\/p>\n\n\n\n<h4 class=\"wp-block-heading\" id=\"h-kurzere-pause-als-zwischen-staffel-1-und-2\">Shorter break than between seasons 1 and 2<\/h4>\n\n\n\n<p>One thing is clear: Fans will have to wait significantly less time for season 3 than for season 2. Almost three years passed between the first and second seasons \u2013 the delay was a consequence of the writers&#039; and actors&#039; strikes in 2023. Apple wants to avoid such waiting times with Severance in the future, which is much easier to manage after acquiring the rights.<\/p>\n\n\n\n<h3 class=\"wp-block-heading\" id=\"h-was-fans-jetzt-erwartet\">What fans can now expect<\/h3>\n\n\n\n<p>Adam Scott&#039;s statements don&#039;t contain any concrete spoilers, but they send an important signal. Severance remains creatively cohesive; the ending is predetermined, and the path to it is packed with numerous twists and turns, at least for the upcoming season. Those who engage with Mark, Helly, and the mystery surrounding Lumon can be confident that the story won&#039;t fizzle out.<\/p>\n\n\n\n<p>The official start of filming and the first set photos shouldn&#039;t be long in coming. Further details are expected in the next few months \u2013 such as potential new cast members or the number of planned episodes. Severance thus remains one of the most exciting projects in the entire Apple TV portfolio. (Image: Apple)<\/p>\n\n\n\n<ul class=\"wp-block-list\">\n<li><a href=\"https:\/\/www.apfelpatient.de\/en\/news\/ios-26-5-beta-4-apple-concludes-testing-phase\" type=\"link\" id=\"https:\/\/www.apfelpatient.de\/news\/ios-26-5-beta-4-apple-schliesst-testphase-ab\">iOS 26.5 Beta 4: Apple concludes the testing phase<\/a><\/li>\n\n\n\n<li><a href=\"https:\/\/www.apfelpatient.de\/en\/news\/john-ternus-apple-services-great-potential-for-expansion\">John Ternus on Apple Services: \"So many opportunities\" for growth<\/a><\/li>\n\n\n\n<li><a href=\"https:\/\/www.apfelpatient.de\/en\/news\/september-1st-is-the-ideal-date-for-ternus-ceo-to-start\">Why September 1st is crucial for Ternus&#039; CEO start<\/a><\/li>\n\n\n\n<li><a href=\"https:\/\/www.apfelpatient.de\/en\/news\/will-the-next-entry-level-ipad-be-the-ipad-neo\">Will the next entry-level iPad be called the &quot;iPad Neo&quot;?<\/a><\/li>\n\n\n\n<li><a href=\"https:\/\/www.apfelpatient.de\/en\/news\/ternus-via-vision-pro-we-are-only-at-the-beginning\">Ternus speaks about Vision Pro: \u201eWe are only at the beginning\u201c<\/a><\/li>\n\n\n\n<li><a href=\"https:\/\/www.apfelpatient.de\/en\/news\/apple-tv-wins-two-peabody-awards-2026\">Apple TV wins two Peabody Awards 2026<\/a><\/li>\n\n\n\n<li><a href=\"https:\/\/www.apfelpatient.de\/en\/news\/openai-introduces-gpt-5-5-for-chatgpt-and-codex\">GPT-5.5 is here: OpenAI introduces a &quot;new intelligence class&quot; for ChatGPT and Codex<\/a><\/li>\n\n\n\n<li><a href=\"https:\/\/www.apfelpatient.de\/en\/news\/perplexity-ceo-the-iphone-benefits-from-ai\">Perplexity CEO: AI will make the iPhone more important, not obsolete<\/a><\/li>\n\n\n\n<li><a href=\"https:\/\/www.apfelpatient.de\/en\/news\/mac-mini-base-model-sold-out-at-apple\">Apple's entry-level Mac mini is sold out<\/a><\/li>\n\n\n\n<li><a href=\"https:\/\/www.apfelpatient.de\/en\/news\/cooking-apple-maps-was-my-first-big-mistake\">Apple Maps was Cook&#039;s &quot;first big mistake&quot; \u2013 Apple Watch his pride and joy<\/a><\/li>\n\n\n\n<li><a href=\"https:\/\/www.apfelpatient.de\/en\/news\/openai-images-2-0-image-generation-with-thinking\">OpenAI introduces ChatGPT Images 2.0 with Thinking capabilities<\/a><\/li>\n\n\n\n<li><a href=\"https:\/\/www.apfelpatient.de\/en\/news\/ios-26-4-2-closes-fbi-signal-security-vulnerability\">iOS 26.4.2 closes a security vulnerability exploited by the FBI<\/a><\/li>\n\n\n\n<li><a href=\"https:\/\/www.apfelpatient.de\/en\/news\/google-confirms-gemini-siri-is-coming-in-2026\">Google confirms: Gemini Siri is coming in 2026<\/a><\/li>\n\n\n\n<li><a href=\"https:\/\/www.apfelpatient.de\/en\/news\/ios-26-4-2-is-here-with-bug-fixes-and-security-patches\">iOS 26.4.2 is here: Update with bug fixes available<\/a><\/li>\n\n\n\n<li><a href=\"https:\/\/www.apfelpatient.de\/en\/news\/ternus-aims-to-make-apple-tv-more-competitive\">Ternus is an Apple TV fan and wants to make the service more competitive<\/a><\/li>\n\n\n\n<li><a href=\"https:\/\/www.apfelpatient.de\/en\/news\/talent-bonding-ternus-biggest-challenge\">Talent retention will be Ternus&#039; biggest challenge.<\/a><\/li>\n\n\n\n<li><a href=\"https:\/\/www.apfelpatient.de\/en\/news\/anthropic-myth-unauthorized-access-has-been-gained\">Unauthorized access to Anthropic&#039;s myth \u2013 a security risk for Apple?<\/a><\/li>\n\n\n\n<li><a href=\"https:\/\/www.apfelpatient.de\/en\/news\/apple-managed-to-keep-the-ceo-change-perfectly-secret\">What Apple's CEO change reveals about the Company<\/a><\/li>\n\n\n\n<li><a href=\"https:\/\/www.apfelpatient.de\/en\/news\/whatsapp-ai-summary-for-all-chats\">WhatsApp is testing AI summaries for unread chats<\/a><\/li>\n\n\n\n<li><a href=\"https:\/\/www.apfelpatient.de\/en\/news\/ternus-sees-new-breakthroughs-on-the-horizon-for-apple\">Ternus: \"Apple will change the world again\"<\/a><\/li>\n\n\n\n<li><a href=\"https:\/\/www.apfelpatient.de\/en\/news\/cook-explains-why-he-is-now-stepping-down-as-ceo\">Tim Cook explains why he is stepping down as CEO now<\/a><\/li>\n\n\n\n<li><a href=\"https:\/\/www.apfelpatient.de\/en\/news\/ios-27-plans-stricter-network-security\">iOS 27 and macOS 27 bring stricter Network Security<\/a><\/li>\n\n\n\n<li><a href=\"https:\/\/www.apfelpatient.de\/en\/news\/ternus-introduces-ai-platform-at-apple\">Ternus brings a new AI platform to the Hardware Team<\/a><\/li>\n\n\n\n<li><a href=\"https:\/\/www.apfelpatient.de\/en\/news\/how-wall-street-reacted-to-apples-ceo-change\">This is how Wall Street is reacting to Apple&#039;s CEO change<\/a><\/li>\n<\/ul>\n\n\n\n<h6 class=\"wp-block-heading translation-block\" id=\"h-kennt-ihr-schon-unsere-amazon-storefront-dort-findet-ihr-eine-handverlesene-auswahl-von-diversen-produkten-f-r-euer-iphone-und-co-viel-spa-beim-st-bern\"><em>Have you already visited our Amazon Storefront? There you&#039;ll find a hand-picked selection of various products for your iPhone and other devices \u2013 <span class=\"has-inline-color has-vivid-red-color\"><a href=\"https:\/\/www.amazon.de\/shop\/apfelpatientofficial\" class=\"ek-link\" data-wpel-link=\"exclude\" rel=\"follow noopener\" target=\"_self\"><span style=\"text-decoration: underline\" class=\"ek-underline\">enjoy browsing<\/span><\/a> !<\/span><\/em><\/h6>\n\n\n\n<h6 class=\"wp-block-heading translation-block\" id=\"h-der-beitrag-enthalt-partnerlinks\">This post contains <a data-type=\"URL\" data-id=\"https:\/\/www.apfelpatient.de\/partnerprogramm\" href=\"https:\/\/www.apfelpatient.de\/en\/partner-program\" data-wpel-link=\"internal\" target=\"_self\">affiliate links<\/a>.<\/h6>","protected":false},"excerpt":{"rendered":"<p>In a Variety interview, Adam Scott announces many surprises for Severance season 3 and confirms: The end of the series has long been decided.<\/p>","protected":false},"author":2,"featured_media":67266,"comment_status":"closed","ping_status":"open","sticky":false,"template":"","format":"standard","meta":{"jnews-multi-image_gallery":[],"jnews_single_post":{"format":"standard","override":[{"template":"2","parallax":"1","fullscreen":"1","layout":"right-sidebar","sidebar":"default-sidebar","second_sidebar":"default-sidebar","sticky_sidebar":"1","share_position":"top","share_float_style":"share-monocrhome","show_featured":"1","show_post_meta":"1","show_post_author":"1","show_post_author_image":"1","show_post_date":"1","post_date_format":"default","post_date_format_custom":"Y\/m\/d","show_post_category":"1","show_post_reading_time":"0","post_reading_time_wpm":"300","post_calculate_word_method":"str_word_count","show_zoom_button":"0","zoom_button_out_step":"2","zoom_button_in_step":"3","show_post_tag":"1","show_prev_next_post":"1","show_popup_post":"1","show_comment_section":"1","number_popup_post":"1","show_author_box":"0","show_post_related":"0","show_inline_post_related":"0"}],"image_override":[{"single_post_thumbnail_size":"crop-500","single_post_gallery_size":"crop-500"}],"trending_post_position":"meta","trending_post_label":"Trending","sponsored_post_label":"Sponsored by","disable_ad":"0"},"jnews_primary_category":{"id":"9"},"footnotes":""},"categories":[9],"tags":[34,156],"class_list":["post-67267","post","type-post","status-publish","format-standard","has-post-thumbnail","hentry","category-news","tag-apple-dienste","tag-apple-tv"],"yoast_head":"<!-- This site is optimized with the Yoast SEO Premium plugin v27.4 (Yoast SEO v27.4) - https:\/\/yoast.com\/product\/yoast-seo-premium-wordpress\/ -->\n<title>Severance Staffel 3: Adam Scott kennt das Ende Apfelpatient<\/title>\n<meta name=\"description\" content=\"Adam Scott k\u00fcndigt im Variety-Interview viele \u00dcberraschungen f\u00fcr Severance Staffel 3 an und best\u00e4tigt: Das Ende der Serie steht l\u00e4ngst fest.\" \/>\n<meta name=\"robots\" content=\"index, follow, max-snippet:-1, max-image-preview:large, max-video-preview:-1\" \/>\n<link rel=\"canonical\" href=\"https:\/\/www.apfelpatient.de\/en\/news\/severance-season-3-adam-scott-knows-the-ending\" \/>\n<meta property=\"og:locale\" content=\"en_US\" \/>\n<meta property=\"og:type\" content=\"article\" \/>\n<meta property=\"og:title\" content=\"Severance: Adam Scott kennt das Ende und k\u00fcndigt \u00dcberraschungen an\" \/>\n<meta property=\"og:description\" content=\"Adam Scott k\u00fcndigt im Variety-Interview viele \u00dcberraschungen f\u00fcr Severance Staffel 3 an und best\u00e4tigt: Das Ende der Serie steht l\u00e4ngst fest.\" \/>\n<meta property=\"og:url\" content=\"https:\/\/www.apfelpatient.de\/en\/news\/severance-season-3-adam-scott-knows-the-ending\" \/>\n<meta property=\"og:site_name\" content=\"Apfelpatient\" \/>\n<meta property=\"article:publisher\" content=\"https:\/\/www.facebook.com\/apfelpatientOfficial\" \/>\n<meta property=\"article:author\" content=\"https:\/\/www.facebook.com\/apfelpatientOfficial\" \/>\n<meta property=\"article:published_time\" content=\"2026-04-27T18:05:14+00:00\" \/>\n<meta property=\"article:modified_time\" content=\"2026-04-27T18:07:40+00:00\" \/>\n<meta property=\"og:image\" content=\"https:\/\/www.apfelpatient.de\/wp-content\/uploads\/2026\/04\/Severance_Photo_020316.jpg\" \/>\n\t<meta property=\"og:image:width\" content=\"1600\" \/>\n\t<meta property=\"og:image:height\" content=\"660\" \/>\n\t<meta property=\"og:image:type\" content=\"image\/jpeg\" \/>\n<meta name=\"author\" content=\"Milan\" \/>\n<meta name=\"twitter:card\" content=\"summary_large_image\" \/>\n<meta name=\"twitter:description\" content=\"Adam Scott k\u00fcndigt im Variety-Interview viele \u00dcberraschungen f\u00fcr Severance Staffel 3 an und best\u00e4tigt: Das Ende der Serie steht l\u00e4ngst fest.\" \/>\n<meta name=\"twitter:label1\" content=\"Written by\" \/>\n\t<meta name=\"twitter:data1\" content=\"Milan\" \/>\n\t<meta name=\"twitter:label2\" content=\"Est. reading time\" \/>\n\t<meta name=\"twitter:data2\" content=\"7 minutes\" \/>\n<script type=\"application\/ld+json\" class=\"yoast-schema-graph\">{\"@context\":\"https:\\\/\\\/schema.org\",\"@graph\":[{\"@type\":\"NewsArticle\",\"@id\":\"https:\\\/\\\/www.apfelpatient.de\\\/news\\\/severance-staffel-3-adam-scott-kennt-das-ende#article\",\"isPartOf\":{\"@id\":\"https:\\\/\\\/www.apfelpatient.de\\\/news\\\/severance-staffel-3-adam-scott-kennt-das-ende\"},\"author\":{\"@type\":\"Organization\",\"@id\":\"https:\\\/\\\/www.apfelpatient.de\\\/en\\\/#organization\",\"name\":\"Apfelpatient\",\"url\":\"https:\\\/\\\/www.apfelpatient.de\\\/en\\\/\"},\"headline\":\"Severance: Adam Scott kennt das Ende und k\u00fcndigt \u00dcberraschungen an\",\"datePublished\":\"2026-04-27T18:05:14+00:00\",\"dateModified\":\"2026-04-27T18:07:40+00:00\",\"mainEntityOfPage\":{\"@id\":\"https:\\\/\\\/www.apfelpatient.de\\\/news\\\/severance-staffel-3-adam-scott-kennt-das-ende\"},\"wordCount\":1165,\"publisher\":{\"@type\":\"Organization\",\"@id\":\"https:\\\/\\\/www.apfelpatient.de\\\/en\\\/#organization\",\"name\":\"Apfelpatient\",\"url\":\"https:\\\/\\\/www.apfelpatient.de\\\/en\\\/\"},\"image\":{\"@id\":\"https:\\\/\\\/www.apfelpatient.de\\\/news\\\/severance-staffel-3-adam-scott-kennt-das-ende#primaryimage\"},\"thumbnailUrl\":\"https:\\\/\\\/www.apfelpatient.de\\\/wp-content\\\/uploads\\\/2026\\\/04\\\/Severance_Photo_020316.jpg\",\"keywords\":[\"Apple Dienste\",\"Apple TV\"],\"articleSection\":\"News\",\"inLanguage\":\"en-US\",\"copyrightYear\":\"2026\",\"copyrightHolder\":{\"@id\":\"https:\\\/\\\/www.apfelpatient.de\\\/en\\\/#organization\"}},{\"@type\":\"WebPage\",\"@id\":\"https:\\\/\\\/www.apfelpatient.de\\\/news\\\/severance-staffel-3-adam-scott-kennt-das-ende\",\"url\":\"https:\\\/\\\/www.apfelpatient.de\\\/news\\\/severance-staffel-3-adam-scott-kennt-das-ende\",\"name\":\"Severance Staffel 3: Adam Scott kennt das Ende Apfelpatient\",\"isPartOf\":{\"@id\":\"https:\\\/\\\/www.apfelpatient.de\\\/#website\"},\"primaryImageOfPage\":{\"@id\":\"https:\\\/\\\/www.apfelpatient.de\\\/news\\\/severance-staffel-3-adam-scott-kennt-das-ende#primaryimage\"},\"image\":{\"@id\":\"https:\\\/\\\/www.apfelpatient.de\\\/news\\\/severance-staffel-3-adam-scott-kennt-das-ende#primaryimage\"},\"thumbnailUrl\":\"https:\\\/\\\/www.apfelpatient.de\\\/wp-content\\\/uploads\\\/2026\\\/04\\\/Severance_Photo_020316.jpg\",\"datePublished\":\"2026-04-27T18:05:14+00:00\",\"dateModified\":\"2026-04-27T18:07:40+00:00\",\"description\":\"Adam Scott k\u00fcndigt im Variety-Interview viele \u00dcberraschungen f\u00fcr Severance Staffel 3 an und best\u00e4tigt: Das Ende der Serie steht l\u00e4ngst fest.\",\"breadcrumb\":{\"@id\":\"https:\\\/\\\/www.apfelpatient.de\\\/news\\\/severance-staffel-3-adam-scott-kennt-das-ende#breadcrumb\"},\"inLanguage\":\"en-US\",\"potentialAction\":[{\"@type\":\"ReadAction\",\"target\":[\"https:\\\/\\\/www.apfelpatient.de\\\/news\\\/severance-staffel-3-adam-scott-kennt-das-ende\"]}]},{\"@type\":\"ImageObject\",\"inLanguage\":\"en-US\",\"@id\":\"https:\\\/\\\/www.apfelpatient.de\\\/news\\\/severance-staffel-3-adam-scott-kennt-das-ende#primaryimage\",\"url\":\"https:\\\/\\\/www.apfelpatient.de\\\/wp-content\\\/uploads\\\/2026\\\/04\\\/Severance_Photo_020316.jpg\",\"contentUrl\":\"https:\\\/\\\/www.apfelpatient.de\\\/wp-content\\\/uploads\\\/2026\\\/04\\\/Severance_Photo_020316.jpg\",\"width\":1600,\"height\":660,\"caption\":\"Bild: Apple\"},{\"@type\":\"BreadcrumbList\",\"@id\":\"https:\\\/\\\/www.apfelpatient.de\\\/news\\\/severance-staffel-3-adam-scott-kennt-das-ende#breadcrumb\",\"itemListElement\":[{\"@type\":\"ListItem\",\"position\":1,\"name\":\"Startseite\",\"item\":\"https:\\\/\\\/www.apfelpatient.de\\\/\"},{\"@type\":\"ListItem\",\"position\":2,\"name\":\"Severance: Adam Scott kennt das Ende und k\u00fcndigt \u00dcberraschungen an\"}]},{\"@type\":\"WebSite\",\"@id\":\"https:\\\/\\\/www.apfelpatient.de\\\/#website\",\"url\":\"https:\\\/\\\/www.apfelpatient.de\\\/\",\"name\":\"Apfelpatient\",\"description\":\"Alles rund um Apple!\",\"publisher\":{\"@type\":\"Organization\",\"@id\":\"https:\\\/\\\/www.apfelpatient.de\\\/en\\\/#organization\",\"name\":\"Apfelpatient\",\"url\":\"https:\\\/\\\/www.apfelpatient.de\\\/en\\\/\"},\"alternateName\":\"Apfelpatient\",\"potentialAction\":[{\"@type\":\"SearchAction\",\"target\":{\"@type\":\"EntryPoint\",\"urlTemplate\":\"https:\\\/\\\/www.apfelpatient.de\\\/?s={search_term_string}\"},\"query-input\":{\"@type\":\"PropertyValueSpecification\",\"valueRequired\":true,\"valueName\":\"search_term_string\"}}],\"inLanguage\":\"en-US\"},{\"@type\":[\"Person\",\"Organization\"],\"@id\":\"https:\\\/\\\/www.apfelpatient.de\\\/#\\\/schema\\\/person\\\/7dc56ad6c8e9824b76d2c08d4c140e13\",\"name\":\"Milan\",\"logo\":{\"@id\":\"https:\\\/\\\/www.apfelpatient.de\\\/#\\\/schema\\\/person\\\/image\\\/\"},\"description\":\"Hallo und herzlich willkommen auf meinem Technik-Blog! Als gro\u00dfer Apple-Fan berichte ich hier \u00fcber alles, was mit Apple zu tun hat: von den neuesten News und spannenden Ger\u00fcchten \u00fcber hilfreiche Tipps und Tricks bis hin zu ausf\u00fchrlichen Produkttests. Wenn du genauso technikbegeistert bist wie ich, bist du hier genau richtig!\",\"sameAs\":[\"https:\\\/\\\/www.facebook.com\\\/apfelpatientOfficial\",\"https:\\\/\\\/www.linkedin.com\\\/in\\\/milan-jovicic-42aa0231b\"],\"url\":\"https:\\\/\\\/www.apfelpatient.de\\\/en\\\/author\\\/apfeladmin\"}]}<\/script>\n<!-- \/ Yoast SEO Premium plugin. -->","yoast_head_json":{"title":"Severance Season 3: Adam Scott knows the ending Apfelpatient","description":"In a Variety interview, Adam Scott announces many surprises for Severance season 3 and confirms: The end of the series has long been decided.","robots":{"index":"index","follow":"follow","max-snippet":"max-snippet:-1","max-image-preview":"max-image-preview:large","max-video-preview":"max-video-preview:-1"},"canonical":"https:\/\/www.apfelpatient.de\/en\/news\/severance-season-3-adam-scott-knows-the-ending","og_locale":"en_US","og_type":"article","og_title":"Severance: Adam Scott kennt das Ende und k\u00fcndigt \u00dcberraschungen an","og_description":"Adam Scott k\u00fcndigt im Variety-Interview viele \u00dcberraschungen f\u00fcr Severance Staffel 3 an und best\u00e4tigt: Das Ende der Serie steht l\u00e4ngst fest.","og_url":"https:\/\/www.apfelpatient.de\/en\/news\/severance-season-3-adam-scott-knows-the-ending","og_site_name":"Apfelpatient","article_publisher":"https:\/\/www.facebook.com\/apfelpatientOfficial","article_author":"https:\/\/www.facebook.com\/apfelpatientOfficial","article_published_time":"2026-04-27T18:05:14+00:00","article_modified_time":"2026-04-27T18:07:40+00:00","og_image":[{"width":1600,"height":660,"url":"https:\/\/www.apfelpatient.de\/wp-content\/uploads\/2026\/04\/Severance_Photo_020316.jpg","type":"image\/jpeg"}],"author":"Milan","twitter_card":"summary_large_image","twitter_description":"Adam Scott k\u00fcndigt im Variety-Interview viele \u00dcberraschungen f\u00fcr Severance Staffel 3 an und best\u00e4tigt: Das Ende der Serie steht l\u00e4ngst fest.","twitter_misc":{"Written by":"Milan","Est. reading time":"7 minutes"},"schema":{"@context":"https:\/\/schema.org","@graph":[{"@type":"NewsArticle","@id":"https:\/\/www.apfelpatient.de\/news\/severance-staffel-3-adam-scott-kennt-das-ende#article","isPartOf":{"@id":"https:\/\/www.apfelpatient.de\/news\/severance-staffel-3-adam-scott-kennt-das-ende"},"author":{"@type":"Organization","@id":"https:\/\/www.apfelpatient.de\/en\/#organization","name":"Apfelpatient","url":"https:\/\/www.apfelpatient.de\/en\/"},"headline":"Severance: Adam Scott kennt das Ende und k\u00fcndigt \u00dcberraschungen an","datePublished":"2026-04-27T18:05:14+00:00","dateModified":"2026-04-27T18:07:40+00:00","mainEntityOfPage":{"@id":"https:\/\/www.apfelpatient.de\/news\/severance-staffel-3-adam-scott-kennt-das-ende"},"wordCount":1165,"publisher":{"@type":"Organization","@id":"https:\/\/www.apfelpatient.de\/en\/#organization","name":"Apfelpatient","url":"https:\/\/www.apfelpatient.de\/en\/"},"image":{"@id":"https:\/\/www.apfelpatient.de\/news\/severance-staffel-3-adam-scott-kennt-das-ende#primaryimage"},"thumbnailUrl":"https:\/\/www.apfelpatient.de\/wp-content\/uploads\/2026\/04\/Severance_Photo_020316.jpg","keywords":["Apple Dienste","Apple TV"],"articleSection":"News","inLanguage":"en-US","copyrightYear":"2026","copyrightHolder":{"@id":"https:\/\/www.apfelpatient.de\/en\/#organization"}},{"@type":"WebPage","@id":"https:\/\/www.apfelpatient.de\/news\/severance-staffel-3-adam-scott-kennt-das-ende","url":"https:\/\/www.apfelpatient.de\/news\/severance-staffel-3-adam-scott-kennt-das-ende","name":"Severance Season 3: Adam Scott knows the ending Apfelpatient","isPartOf":{"@id":"https:\/\/www.apfelpatient.de\/#website"},"primaryImageOfPage":{"@id":"https:\/\/www.apfelpatient.de\/news\/severance-staffel-3-adam-scott-kennt-das-ende#primaryimage"},"image":{"@id":"https:\/\/www.apfelpatient.de\/news\/severance-staffel-3-adam-scott-kennt-das-ende#primaryimage"},"thumbnailUrl":"https:\/\/www.apfelpatient.de\/wp-content\/uploads\/2026\/04\/Severance_Photo_020316.jpg","datePublished":"2026-04-27T18:05:14+00:00","dateModified":"2026-04-27T18:07:40+00:00","description":"In a Variety interview, Adam Scott announces many surprises for Severance season 3 and confirms: The end of the series has long been decided.","breadcrumb":{"@id":"https:\/\/www.apfelpatient.de\/news\/severance-staffel-3-adam-scott-kennt-das-ende#breadcrumb"},"inLanguage":"en-US","potentialAction":[{"@type":"ReadAction","target":["https:\/\/www.apfelpatient.de\/news\/severance-staffel-3-adam-scott-kennt-das-ende"]}]},{"@type":"ImageObject","inLanguage":"en-US","@id":"https:\/\/www.apfelpatient.de\/news\/severance-staffel-3-adam-scott-kennt-das-ende#primaryimage","url":"https:\/\/www.apfelpatient.de\/wp-content\/uploads\/2026\/04\/Severance_Photo_020316.jpg","contentUrl":"https:\/\/www.apfelpatient.de\/wp-content\/uploads\/2026\/04\/Severance_Photo_020316.jpg","width":1600,"height":660,"caption":"Bild: Apple"},{"@type":"BreadcrumbList","@id":"https:\/\/www.apfelpatient.de\/news\/severance-staffel-3-adam-scott-kennt-das-ende#breadcrumb","itemListElement":[{"@type":"ListItem","position":1,"name":"Startseite","item":"https:\/\/www.apfelpatient.de\/"},{"@type":"ListItem","position":2,"name":"Severance: Adam Scott kennt das Ende und k\u00fcndigt \u00dcberraschungen an"}]},{"@type":"WebSite","@id":"https:\/\/www.apfelpatient.de\/#website","url":"https:\/\/www.apfelpatient.de\/","name":"apple patient","description":"Everything about Apple!","publisher":{"@type":"Organization","@id":"https:\/\/www.apfelpatient.de\/en\/#organization","name":"Apfelpatient","url":"https:\/\/www.apfelpatient.de\/en\/"},"alternateName":"Apfelpatient","potentialAction":[{"@type":"SearchAction","target":{"@type":"EntryPoint","urlTemplate":"https:\/\/www.apfelpatient.de\/?s={search_term_string}"},"query-input":{"@type":"PropertyValueSpecification","valueRequired":true,"valueName":"search_term_string"}}],"inLanguage":"en-US"},{"@type":["Person","Organization"],"@id":"https:\/\/www.apfelpatient.de\/#\/schema\/person\/7dc56ad6c8e9824b76d2c08d4c140e13","name":"Milan","logo":{"@id":"https:\/\/www.apfelpatient.de\/#\/schema\/person\/image\/"},"description":"Hello and welcome to my technology blog! As a big Apple fan, I report on everything to do with Apple: from the latest news and exciting rumors to helpful tips and tricks and detailed product tests. If you are as enthusiastic about technology as I am, you have come to the right place!","sameAs":["https:\/\/www.facebook.com\/apfelpatientOfficial","https:\/\/www.linkedin.com\/in\/milan-jovicic-42aa0231b"],"url":"https:\/\/www.apfelpatient.de\/en\/author\/apfeladmin"}]}},"_links":{"self":[{"href":"https:\/\/www.apfelpatient.de\/en\/wp-json\/wp\/v2\/posts\/67267","targetHints":{"allow":["GET"]}}],"collection":[{"href":"https:\/\/www.apfelpatient.de\/en\/wp-json\/wp\/v2\/posts"}],"about":[{"href":"https:\/\/www.apfelpatient.de\/en\/wp-json\/wp\/v2\/types\/post"}],"author":[{"embeddable":true,"href":"https:\/\/www.apfelpatient.de\/en\/wp-json\/wp\/v2\/users\/2"}],"replies":[{"embeddable":true,"href":"https:\/\/www.apfelpatient.de\/en\/wp-json\/wp\/v2\/comments?post=67267"}],"version-history":[{"count":2,"href":"https:\/\/www.apfelpatient.de\/en\/wp-json\/wp\/v2\/posts\/67267\/revisions"}],"predecessor-version":[{"id":67269,"href":"https:\/\/www.apfelpatient.de\/en\/wp-json\/wp\/v2\/posts\/67267\/revisions\/67269"}],"wp:featuredmedia":[{"embeddable":true,"href":"https:\/\/www.apfelpatient.de\/en\/wp-json\/wp\/v2\/media\/67266"}],"wp:attachment":[{"href":"https:\/\/www.apfelpatient.de\/en\/wp-json\/wp\/v2\/media?parent=67267"}],"wp:term":[{"taxonomy":"category","embeddable":true,"href":"https:\/\/www.apfelpatient.de\/en\/wp-json\/wp\/v2\/categories?post=67267"},{"taxonomy":"post_tag","embeddable":true,"href":"https:\/\/www.apfelpatient.de\/en\/wp-json\/wp\/v2\/tags?post=67267"}],"curies":[{"name":"wp","href":"https:\/\/api.w.org\/{rel}","templated":true}]}}