{"id":67237,"date":"2026-05-01T17:20:09","date_gmt":"2026-05-01T15:20:09","guid":{"rendered":"https:\/\/www.apfelpatient.de\/?p=67237"},"modified":"2026-05-01T17:21:47","modified_gmt":"2026-05-01T15:21:47","slug":"wwdc-2026-expectations-rumors-hardware-overview","status":"publish","type":"post","link":"https:\/\/www.apfelpatient.de\/en\/allgemein\/wwdc-2026-erwartungen-geruechte-hardware-ueberblick","title":{"rendered":"WWDC 2026: All expectations, rumors and hardware hopes at a glance"},"content":{"rendered":"<p class=\"has-drop-cap\"><strong>Apple is hosting its Worldwide Developers Conference from June 8th to 12th, 2026 \u2013 and this time, AI will be the main focus. The new Gemini-based Siri with its Glow design, iOS 27, a potential Core AI framework, and possible hardware premieres: We&#039;ve summarized what you can expect from WWDC 2026.<\/strong><\/p>\n\n\n\n<p class=\"translation-block\">WWDC is Apple&#039;s most important software event of the year \u2013 and in 2026 it could become the most strategically crucial in recent years. Apple is under considerable pressure in the AI age: ChatGPT, Claude, and Gemini are setting the standards, while the personalized Siri announced in the summer of 2024 has yet to be released. With iOS 27, Apple aims to showcase the biggest Siri overhaul ever, introduce a new AI framework for developers, and retell its AI story. Furthermore, this will be Tim Cook&#039;s last WWDC as CEO. The reins <a href=\"https:\/\/www.apfelpatient.de\/en\/news\/john-ternus-will-be-the-new-apple-ceo-cook-is-leaving\" id=\"https:\/\/www.apfelpatient.de\/news\/john-ternus-wird-neuer-apple-ceo-cook-geht\" data-wpel-link=\"internal\" target=\"_self\">will be handed over<\/a> to John Ternus on September 1, 2026.<\/p>\n\n\n\n<h2 class=\"wp-block-heading\" id=\"h-wwdc-2026-das-wichtigste-in-kurze\">WWDC 2026 \u2013 the most important points in brief<\/h2>\n\n\n\n<figure class=\"wp-block-table\"><table class=\"has-fixed-layout\"><thead><tr><th>Point<\/th><th>Information<\/th><\/tr><\/thead><tbody><tr><td>Date<\/td><td>June 8th to 12th, 2026<\/td><\/tr><tr><td>Keynote<\/td><td>Monday, June 8, 2026, 7:00 PM German time<\/td><\/tr><tr><td>Format<\/td><td>Primarily online, special event at Apple Park on June 8th.<\/td><\/tr><tr><td>Platforms<\/td><td>Apple Developer App, apple.com, YouTube<\/td><\/tr><tr><td>Expected software<\/td><td>iOS 27, iPadOS 27, macOS 27, watchOS 27, tvOS 27, visionOS 27<\/td><\/tr><tr><td>According to Apple, the focus is on\u2026<\/td><td>\"AI advancements\", new software and developer tools<\/td><\/tr><tr><td>Photos app<\/td><td>Three new AI tools (Extend, Enhance, Reframe)<\/td><\/tr><tr><td>Camera app<\/td><td>Dedicated visual intelligence mode with nutritional, contact and ticket scanning<\/td><\/tr><tr><td>Last WWDC under Cook<\/td><td>Yes \u2013 Ternus will take over on September 1, 2026<\/td><\/tr><\/tbody><\/table><\/figure>\n\n\n\n<h2 class=\"wp-block-heading\" id=\"h-termin-format-und-stream\">Date, format and stream<\/h2>\n\n\n\n<p>Apple officially announced WWDC 2026 on March 23. The 37th Worldwide Developers Conference will take place from June 8 to 12, 2026 \u2013 primarily online, with a special event at Apple Park on the first day. The keynote will start on Monday, June 8, 2026, at 10:00 AM Pacific Time. For Apple fans in Germany, that means 7:00 PM German Summer Time.<\/p>\n\n\n\n<p>The stream will be available as always via the Apple Developer app, apple.com, and Apple's YouTube channel. Following the keynote, the Platforms State of the Union - a technical in-depth session for developers - will be held later that same day. The rest of the week will consist of over 100 video sessions and interactive Group Labs, where developers can speak directly with Apple engineers.<\/p>\n\n\n\n<p>Remarkably, Apple explicitly named &quot;AI advancements&quot; as the focus of the conference in its press release. Last year, the Liquid Glass design concept was the main focus \u2013 AI was largely omitted in 2025. This shift in emphasis is no coincidence.<\/p>\n\n\n\n<h2 class=\"wp-block-heading\" id=\"h-cooks-letzte-wwdc-der-kontext-der-keynote\">Cook&#039;s last WWDC: The context of the keynote<\/h2>\n\n\n\n<p>WWDC 2026 will be Tim Cook's last major appearance as CEO. Apple officially confirmed on April 20, 2026, that Cook will hand over operational leadership to John Ternus on September 1, 2026, and transition to the role of Executive Chairman. Cook's last day as CEO is August 31, 2026. Until then, he will remain CEO - and thus also host the keynote address. At the same time, Johny Srouji was promoted to Chief Hardware Officer, taking over Ternus's previous role.<\/p>\n\n\n\n<p class=\"translation-block\">What does this mean for WWDC? Observers expect Cook and Ternus to co-lead the conference. Cook will provide strategic guidance through the vision, while Ternus will present himself as the designated successor and the company's hardware voice. Learn more about the incoming Apple CEO in our <a href=\"https:\/\/www.apfelpatient.de\/en\/generally\/john-ternus-apple-ceo-biography-career\" id=\"https:\/\/www.apfelpatient.de\/allgemein\/john-ternus-apple-ceo-biografie-werdegang\" data-wpel-link=\"internal\" target=\"_self\">John Ternus biography<\/a> and look back at 15 years of the Cook era in our <a href=\"https:\/\/www.apfelpatient.de\/en\/generally\/tim-cook-apple-ceo-biography-career\" id=\"https:\/\/www.apfelpatient.de\/allgemein\/tim-cook-apple-ceo-biografie-werdegang\" data-wpel-link=\"internal\" target=\"_self\">Tim Cook career profile<\/a>.<\/p>\n\n\n\n<p>The change in leadership increases the pressure. Apple needs to deliver on its AI story \u2013 and visibly so. A mere software update would be met with ridicule in the current climate.<\/p>\n\n\n\n<h2 class=\"wp-block-heading\" id=\"h-die-neue-siri-das-zentrale-thema-von-ios-27\">The new Siri \u2013 the central theme of iOS 27<\/h2>\n\n\n\n<p>If iOS 27 has one main theme, it&#039;s Siri. Apple&#039;s voice assistant is facing the biggest overhaul in its history \u2013 and Apple has already provided the first visual hint even before the keynote itself.<\/p>\n\n\n\n<h3 class=\"wp-block-heading\" id=\"h-das-glow-design-aus-der-wwdc-einladung\">The glow design from the WWDC invitation<\/h3>\n\n\n\n<p>Apple insider Mark Gurman of Bloomberg reports in his Power On newsletter that the official WWDC 26 graphic already offers a glimpse of the new Siri look. Specifically, according to Gurman, the glow effect around the number &quot;26&quot; in the logo corresponds exactly to the visual anchor Apple has planned for the redesigned Siri. When Siri is activated, a &quot;Search or Ask&quot; indicator will appear in the Dynamic Island, accompanied by a glowing cursor and a subtle glowing border around the pill itself. The glow effect will also return to the search bar of the separate Siri app, ensuring visual consistency.<\/p>\n\n\n\n<p class=\"translation-block\">According to Gurman, Apple's choice to present the WWDC artwork against a black background is no coincidence: the effect is most pronounced in Dark Mode. Important: Some of the new Siri features are expected to be available only on iPhone 15 Pro or newer \u2013 Apple Intelligence requires specific hardware. While Dynamic Island is available starting with the iPhone 14 Pro, not all features will work there. You can find a complete overview of all Siri rumors in our <a href=\"https:\/\/www.apfelpatient.de\/en\/generally\/siri-in-ios-27-everything-we-know-so-far-about-the-ai-restart\" id=\"https:\/\/www.apfelpatient.de\/allgemein\/siri-in-ios-27-alles-was-bisher-ueber-den-ki-neustart-bekannt-ist\" data-wpel-link=\"internal\" target=\"_self\">Siri iOS 27 overview<\/a>.<\/p>\n\n\n\n<h3 class=\"wp-block-heading\" id=\"h-eigenstandige-siri-app-apple-folgt-dem-chatbot-modell\">Standalone Siri app \u2013 Apple follows the chatbot model<\/h3>\n\n\n\n<p>According to Bloomberg, Siri will get its first dedicated app with iOS 27. It will be pre-installed on iPhones, iPads, and Macs and structured similarly to apps from OpenAI, Anthropic, or Google: an overview of past conversations, a favorites function, a search field, and suggestions for new chats. The chat format is said to resemble iMessage. Traditional activation methods via the side button or voice wake word will remain available. Siri will thus become both a fast system assistant and a fully-fledged chat interface.<\/p>\n\n\n\n<p>Apple is planning a radical step: Siri is to become capable of dialogue \u2013 with multi-stage conversations, context-sensitive questions, image generation, document analysis, and deep access to personal data from emails, messages, and files. Furthermore, reports indicate that Siri will replace the current Spotlight search, thus becoming the central search engine on the iPhone. True multitasking is also under discussion \u2013 Siri is expected to be able to analyze and execute multiple commands from a single input.<\/p>\n\n\n\n<h3 class=\"wp-block-heading\" id=\"h-gemini-im-maschinenraum-seit-anfang-2026-bestatigt\">Gemini in the engine room \u2013 confirmed since the beginning of 2026<\/h3>\n\n\n\n<p class=\"translation-block\">Apple and Google officially <a href=\"https:\/\/www.apfelpatient.de\/en\/news\/apple-confirms-collaboration-with-google-for-new-siri\" id=\"https:\/\/www.apfelpatient.de\/news\/apple-bestaetigt-zusammenarbeit-mit-google-fuer-neue-siri\" data-wpel-link=\"internal\" target=\"_self\">confirmed<\/a> their partnership in early 2026: The next generation of Apple Intelligence will be built on Gemini technology. At Google Cloud Next 2026 in Las Vegas, Cloud chief Thomas Kurian recently <a href=\"https:\/\/www.apfelpatient.de\/en\/news\/google-confirms-gemini-siri-is-coming-in-2026\" id=\"https:\/\/www.apfelpatient.de\/news\/google-bestaetigt-gemini-siri-kommt-noch-2026\" data-wpel-link=\"internal\" target=\"_self\">reaffirmed<\/a> the collaboration publicly \u2013 and thus mentioned Apple by name for the first time as a Gemini cloud customer. According to Bloomberg, the Gemini team is developing a custom model tailored to Apple for the Siri chatbot, which is expected to be comparable in performance to Gemini 3.<\/p>\n\n\n\n<p>The diversification strategy is noteworthy: Apple plans to open up Siri in iOS 27 to Anthropic&#039;s Claude and other AI tools via a new &quot;extensions&quot; system. Users could choose their preferred AI engine \u2013 Gemini would be the default partner, but not a monopoly. This reduces Apple&#039;s dependence on a single provider and gives developers and end users more flexibility.<\/p>\n\n\n\n<h2 class=\"wp-block-heading\" id=\"h-ios-27-das-snow-leopard-update-mit-klugen-detail-verbesserungen\">iOS 27 \u2013 the \"Snow Leopard\" update with clever, detailed improvements<\/h2>\n\n\n\n<p>Bloomberg reporter Mark Gurman describes iOS 27 as a kind of &quot;Snow Leopard update&quot;: In addition to major Siri improvements, Apple is focusing primarily on performance, stability, and battery life. Outdated code is being removed, and parts of the system are being rewritten. The result: faster response times, more efficient processes, and longer battery life.<\/p>\n\n\n\n<p>Specifically, the following changes are known:<\/p>\n\n\n\n<ul class=\"wp-block-list\">\n<li class=\"translation-block\"><strong>Undo and redo for the home screen<\/strong>: A feature Mac users have known for decades is finally coming to the iPhone. Anyone who has moved icons and widgets and wants to revert to the original layout will soon be able to do so with the touch of a button. According to Bloomberg, the new buttons will appear in the customization menu.<\/li>\n\n\n\n<li class=\"translation-block\"><strong>Liquid Glass Slider<\/strong>: The Liquid Glass effect, introduced with iOS 26, is to become more finely adjustable. Instead of just \"Clear\" or \"Tinted,\" there is a slider for stepless control.<\/li>\n\n\n\n<li class=\"translation-block\"><strong>Wallet upgrade<\/strong>: Four new features for the wallet app have been leaked, including enhanced management of digital IDs and tickets.<\/li>\n\n\n\n<li class=\"translation-block\"><strong>Stricter network security<\/strong>: iOS 27 and macOS 27 are designed to more critically examine network connections and improve protection against unsafe Wi-Fi networks.<\/li>\n\n\n\n<li class=\"translation-block\"><strong>Visual Intelligence reimagined<\/strong>: Apple is reportedly working on an enhanced version that interprets content more deeply and suggests actions directly.<\/li>\n\n\n\n<li class=\"translation-block\"><strong>AI keyboard<\/strong>: A new autocorrect feature with AI-powered word and text suggestions is reportedly being tested. However, according to Gurman, Apple has not yet made a final decision.<\/li>\n\n\n\n<li class=\"translation-block\"><strong>AI Calendar App<\/strong>: Apple is reportedly working on a smarter appointment organization system.<\/li>\n\n\n\n<li class=\"translation-block\"><strong>Photo Extension<\/strong>: Images can be extended beyond their original frame using AI \u2013 a close-up detail photo becomes a complete image with a suitable environment; the size of the extension is determined by dragging the finger.<\/li>\n\n\n\n<li class=\"translation-block\"><strong>Photo Enhancement<\/strong>: Exposure, color, and sharpness are automatically improved in one step \u2013 Apple's answer to Google's \"Magic Editor,\" but entirely on the device.<\/li>\n\n\n\n<li class=\"translation-block\"><strong>Spatial Photo Reframe<\/strong>: Spatial photos can be reframed after the fact \u2013 an important step towards making Vision Pro content editable on the iPhone. According to <a href=\"https:\/\/www.apfelpatient.de\/en\/rumors\/ios-27-three-new-ai-features-for-the-photos-app\" id=\"https:\/\/www.apfelpatient.de\/rumors\/ios-27-drei-neue-ki-funktionen-fuer-die-fotos-app\" data-wpel-link=\"internal\" target=\"_self\">Bloomberg<\/a>, Extend and Reframe are not yet working reliably in internal tests, and individual tools may shift.<\/li>\n\n\n\n<li class=\"translation-block\"><strong>Visual Intelligence as a dedicated camera mode<\/strong>: Visual Intelligence is moving to the Camera app and will have its own mode alongside Photo, Video, Portrait, and Panorama. In this new mode, the shutter button will display the Apple Intelligence logo instead of the classic white circle. The Camera Control shortcut will now lead directly to the new Siri mode.<\/li>\n\n\n\n<li class=\"translation-block\"><strong>Scan nutrition tables<\/strong>: The camera recognizes nutritional information on food packaging and transfers calories and macronutrients directly to the Health app \u2013 without typing.<\/li>\n\n\n\n<li class=\"translation-block\"><strong>Capture contact details<\/strong>: Telephone numbers and addresses on business cards or printed media are recognized and transferred directly to the contacts app.<\/li>\n\n\n\n<li class=\"translation-block\"><strong>Digitize tickets<\/strong>: Physical event tickets and membership cards can be scanned via camera and automatically transferred to the wallet app.<\/li>\n<\/ul>\n\n\n\n<h3 class=\"wp-block-heading\" id=\"h-ios-27-fur-den-iphone-fold-alias-iphone-ultra\">iOS 27 for the iPhone Fold (aka iPhone Ultra)<\/h3>\n\n\n\n<p class=\"translation-block\">A key driver of iOS 27 is new hardware: Apple's first foldable, dubbed the iPhone Ultra, is slated for release in fall 2026. The device is expected to have a 7.8-inch OLED display inside (slightly smaller than the iPad mini) and a 5.5-inch display outside. When unfolded, it will be just 4.5 millimeters thick, making it the thinnest iOS device ever. Inside, it will feature the A20 chip (as in the iPhone 18 Pro), the C2 modem, eSIM-only, Touch ID instead of Face ID, and presumably no telephoto lens. iOS 27 will be adapted for this device: When unfolded, the system will display an iPad-like layout with two apps side-by-side and sidebars in many Apple apps \u2013 but without iPadOS multitasking and without support for iPad apps. According to Bloomberg reporter Mark Gurman, the device will represent \"the most significant overhaul in iPhone history.\" More details can be found in our <a href=\"\/\/www.apfelpatient.de\/en\/generally\/iphone-fold-all-rumors-and-facts-at-a-glance\" id=\"https:\/\/www.apfelpatient.de\/allgemein\/iphone-fold-alle-geruechte-und-fakten-im-ueberblick\" data-wpel-link=\"internal\" target=\"_self\">iPhone Ultra overview<\/a>.<\/p>\n\n\n\n<h3 class=\"wp-block-heading\" id=\"h-health-kommt-aber-nur-abgespeckt\">Health+ is coming \u2013 but in a stripped-down version.<\/h3>\n\n\n\n<p>Apple originally planned a comprehensive Health+ service: an AI agent, health reports, wellness tips, and medical explainer videos. According to reports, Health+ will not be released in its full version with iOS 27. Instead, individual, scaled-down components will be included \u2013 such as suggestions based on existing health data. Apple is apparently proceeding with caution when it comes to sensitive health data.<\/p>\n\n\n\n<h3 class=\"wp-block-heading\" id=\"h-satellitenfunktionen-erweitert\">Satellite functions expanded<\/h3>\n\n\n\n<p>According to Bloomberg, Apple is working on several new satellite features for the iPhone: Apple Maps via satellite, photo sharing via satellite connections, and a satellite framework for developers. It&#039;s unclear whether all these features will be included in iOS 27 or will arrive in later updates.<\/p>\n\n\n\n<h3 class=\"wp-block-heading\" id=\"h-vier-iphones-verlieren-wahrscheinlich-support\">Four iPhones are likely to lose support<\/h3>\n\n\n\n<p>According to a Weibo leak from Instant Digital, an insider known for accurate Apple predictions, the iPhone 11 generation, including the iPhone 11 Pro, iPhone 11 Pro Max, and iPhone SE 2, will be dropped from the iOS 27 compatibility list. The new minimum standard would then be the iPhone 12. Only the third-generation iPhone SE would be compatible. The reason: The A13 chip is no longer powerful enough to meet the requirements. Important: The leak is not officially confirmed \u2013 some observers consider this move surprising given the &quot;Snow Leopard&quot; nature of iOS 27. Apple will confirm the final device list at its keynote address on June 8th.<\/p>\n\n\n\n<h2 class=\"wp-block-heading\" id=\"h-core-ai-ein-neues-framework-fur-entwickler\">Core AI \u2013 a new framework for developers<\/h2>\n\n\n\n<p>One of the most strategically important announcements will likely only be briefly mentioned on stage \u2013 but it represents a potentially major leap forward for developers. Mark Gurman reports that Apple plans to replace the Core ML framework with a new, modernized &quot;Core AI.&quot; Apple has not yet officially confirmed this move, but Gurman is considered a reliable source.<\/p>\n\n\n\n<p>Core ML has existed since 2017 as the central interface for machine learning in apps. With iOS 27, it is set to be replaced by a solution that is significantly more focused on modern large-language models and generative AI. For developers, this means more powerful tools, easier integration of external AI models, and a more direct connection to Apple&#039;s own models as well as those of third-party providers. According to Gurman, both frameworks could coexist for a while before Core ML is completely superseded. The name change from &quot;ML&quot; to &quot;AI,&quot; according to Gurman, reflects the fact that &quot;machine learning&quot; is an outdated term for modern AI applications.<\/p>\n\n\n\n<h2 class=\"wp-block-heading\" id=\"h-macos-27-ki-integration-und-touch-vorbereitung\">macOS 27 \u2013 AI integration and touch readiness<\/h2>\n\n\n\n<p>While iOS 27 is likely to dominate the spotlight, macOS 27 will get its own dedicated section. The key topics:<\/p>\n\n\n\n<ul class=\"wp-block-list\">\n<li class=\"translation-block\"><strong>Deeper AI integration<\/strong>: The new Siri app will also be pre-installed on the Mac. Tools such as OpenAI's Codex, Anthropic's Claude, and Apple's own models will be directly available in Xcode and Spotlight.<\/li>\n\n\n\n<li class=\"translation-block\"><strong>Stricter network security<\/strong>: Like iOS 27, macOS 27 also tightens network auditing.<\/li>\n\n\n\n<li class=\"translation-block\"><strong>Touch preparation in the background<\/strong>: According to Gurman, macOS 27 is being prepared for the touch operation of the upcoming MacBook Ultra \u2013 with larger buttons, more touch-friendly controls, and a redesigned interaction layer. Since the MacBook Ultra will be unveiled later, Apple is unlikely to prominently showcase the touch adjustments in the keynote, but rather integrate them quietly into macOS 27. The full picture will only become clear with the hardware reveal later.<\/li>\n<\/ul>\n\n\n\n<p>The name of macOS 27 is still unknown. Following &quot;Tahoe&quot; (macOS 26), the name will traditionally be a Californian location.<\/p>\n\n\n\n<h2 class=\"wp-block-heading\" id=\"h-watchos-27-tvos-27-visionos-27-und-ipados-27\">watchOS 27, tvOS 27, visionOS 27 and iPadOS 27<\/h2>\n\n\n\n<p>No one expects major design changes for the Apple Watch. watchOS 27 is expected to focus primarily on AI and improved performance. Specifically, the discussion centers on smarter workout suggestions based on Apple Intelligence, improved sleep analysis, and deeper integration with the redesigned Health app.<\/p>\n\n\n\n<p class=\"translation-block\">tvOS 27 is likely intended primarily to bridge the waiting period for the new Apple TV 4K and the HomePad smart display. The software will probably be prepared for the personalized Siri, which is central to the upcoming Apple Home devices. More information can be found in our overview of the <a href=\"https:\/\/www.apfelpatient.de\/en\/generally\/new-apple-tv-4k-siri-delays-market-launch\" id=\"https:\/\/www.apfelpatient.de\/allgemein\/neues-apple-tv-4k-siri-verzoegert-den-marktstart\" data-wpel-link=\"internal\" target=\"_self\">new Apple TV 4K<\/a> and the <a href=\"https:\/\/www.apfelpatient.de\/en\/generally\/apple-homepad-all-rumors-at-a-glance\" id=\"https:\/\/www.apfelpatient.de\/allgemein\/apple-homepad-alle-geruechte-im-ueberblick\" data-wpel-link=\"internal\" target=\"_self\">Apple HomePad<\/a>.<\/p>\n\n\n\n<p>VisionOS 27 will primarily bring content and convenience features \u2013 the next Vision Pro generation is still a ways off. iPadOS 27 is expected to seamlessly incorporate the iOS 27 features, plus iPad-specific multitasking and Apple Pencil improvements.<\/p>\n\n\n\n<h2 class=\"wp-block-heading\" id=\"h-hardware-auf-der-wwdc-2026-die-offene-frage\">Hardware at WWDC 2026 \u2013 the open question<\/h2>\n\n\n\n<p>Apple traditionally combines software announcements with selective hardware releases at WWDC. Leading up to 2026, it long looked like a hardware extravaganza was in store \u2013 but the global memory chip crisis has disrupted those plans.<\/p>\n\n\n\n<h3 class=\"wp-block-heading\" id=\"h-mac-studio-m5-verschoben-auf-oktober\">Mac Studio M5 \u2013 postponed to October<\/h3>\n\n\n\n<p class=\"translation-block\">The Mac Studio, originally slated to feature the M5 Max and potentially the M5 Ultra, was expected to be the WWDC hardware highlight. Bloomberg reporter Mark Gurman reported on April 19, 2026, that the launch had been postponed to October due to a global memory chip shortage. According to reports, Apple is prioritizing notebook production, which is less affected by RAM bottlenecks than desktops with high memory configurations. All the details on the chip, specs, and pricing can be found in our <a href=\"https:\/\/www.apfelpatient.de\/en\/generally\/mac-studio-m5-all-rumors-at-a-glance\" id=\"https:\/\/www.apfelpatient.de\/allgemein\/mac-studio-m5-alle-geruechte-im-ueberblick\" data-wpel-link=\"internal\" target=\"_self\">Mac Studio M5 overview<\/a>. Cook confirmed in the earnings call that the Mac Studio is also currently experiencing a shortage, and these bottlenecks are expected to persist for several more months. The October postponement of the M5 model thus aligns with Apple's current supply chain situation.<\/p>\n\n\n\n<h3 class=\"wp-block-heading\" id=\"h-mac-mini-m5-cook-bestatigt-lieferengpasse\">Mac mini M5 \u2013 Cook confirms supply shortages<\/h3>\n\n\n\n<p class=\"translation-block\">Regarding the Mac mini, Tim Cook officially <a href=\"https:\/\/www.apfelpatient.de\/en\/news\/mac-lineup-cook-mac-mini-supply-shortage\" id=\"https:\/\/www.apfelpatient.de\/news\/mac-lineup-cook-mac-mini-lieferengpass\" data-wpel-link=\"internal\" target=\"_self\">confirmed<\/a> in a CNBC interview and during the Q2 2026 earnings call what many had already suspected: Apple simply cannot meet demand. The Mac mini is \"a great platform for AI and agentic tools\" - and the speed at which buyers are recognizing this has exceeded Apple's own expectations. According to Cook, supply shortages already existed during the quarter, they persist, and are expected to continue for several more months. Currently, many configurations are completely sold out in the online Apple Store.<\/p>\n\n\n\n<p>Background: The Mac mini and Mac Studio have become favorites in the AI community. Those who want to run local AI models often opt for Apple Silicon because of its price-performance ratio, energy efficiency, and shared memory between the CPU and GPU. Apple is currently under pressure on three fronts with the Mac: the Mac mini, Mac Studio, and the MacBook Neo, introduced in March, are all in short supply \u2013 primarily due to the global DRAM shortage and the limited availability of advanced chip manufacturing processes.<\/p>\n\n\n\n<p id=\"h-\" class=\"translation-block\">What does this mean for WWDC? On the one hand, an update to the Mac mini M5 and M5 Pro is long overdue; on the other hand, Apple is unlikely to unveil a product it can&#039;t deliver. A WWDC premiere of the Mac mini M5 therefore seems less probable than it did just a few weeks ago. See our <a href=\"https:\/\/www.apfelpatient.de\/en\/generally\/mac-mini-m5-all-rumors-at-a-glance\" data-wpel-link=\"internal\" target=\"_self\">Mac mini M5 article<\/a> for the full overview.<\/p>\n\n\n\n<h3 class=\"wp-block-heading\" id=\"h-macbook-ultra-verschoben-auf-2027\">MacBook Ultra \u2013 postponed to 2027<\/h3>\n\n\n\n<p class=\"translation-block\">According to Gurman, the exciting new high-end MacBook is affected by the memory chip crisis and is now expected to arrive in early 2027 instead of late 2026. The MacBook Ultra will be Apple's first MacBook with a touchscreen, combined with an OLED display, Dynamic Island instead of a notch, M6 Pro and M6 Max chips (TSMC 2nm), a thinner design, and, for the first time, integrated 5G cellular connectivity via a C2 modem. The device will not replace the current MacBook Pro but will be positioned as a new premium tier above it \u2013 with a correspondingly higher price. Reports indicate that macOS 27 will be optimized for touch operation, with larger buttons and more touch-friendly controls. A WWDC announcement is therefore considered unlikely. For more details, see our <a href=\"https:\/\/www.apfelpatient.de\/en\/generally\/macbook-ultra-all-rumors-at-a-glance\" id=\"https:\/\/www.apfelpatient.de\/allgemein\/macbook-ultra-alle-geruechte-im-ueberblick\" data-wpel-link=\"internal\" target=\"_self\">MacBook Ultra overview<\/a>.<\/p>\n\n\n\n<h3 class=\"wp-block-heading\" id=\"h-imac-m5-fruhestens-herbst\">iMac M5 \u2013 earliest autumn<\/h3>\n\n\n\n<p class=\"translation-block\">According to Gurman, the iMac with the M5 processor won't arrive until after the Mac Studio and Mac mini \u2013 presumably in September or October 2026. A WWDC unveiling seems highly unlikely. More on the specs can be found in our <a href=\"https:\/\/www.apfelpatient.de\/en\/generally\/imac-m5-all-rumors-at-a-glance\" id=\"https:\/\/www.apfelpatient.de\/allgemein\/imac-m5-alle-geruechte-im-ueberblick\" data-wpel-link=\"internal\" target=\"_self\">iMac M5 overview<\/a>.<\/p>\n\n\n\n<h3 class=\"wp-block-heading\" id=\"h-apple-glasses-die-wildcard\">Apple Glasses \u2013 the wild card<\/h3>\n\n\n\n<p class=\"translation-block\">An Apple Glasses unveiling at WWDC 2026 would be a major coup. Reports are contradictory: one source suggests a launch during the 2026 holiday season, while another indicates production will begin in December 2026 with a public launch in spring or summer 2027. Both scenarios are possible \u2013 the Vision Pro was also showcased at WWDC in 2023 and only went on sale months later. Four designs are reportedly in the testing phase, with an N401 chip based on the Apple Watch confirmed as the core hardware. For the complete rumor mill, see our <a href=\"https:\/\/www.apfelpatient.de\/en\/generally\/apple-glasses-all-the-rumors-at-a-glance\" id=\"https:\/\/www.apfelpatient.de\/allgemein\/apple-glasses-alle-geruechte-im-ueberblick\" data-wpel-link=\"internal\" target=\"_self\">Apple Glasses overview<\/a>.<\/p>\n\n\n\n<p>A real-world presentation is only feasible if the new Siri is truly capable of being showcased. Smart glasses without convincing AI would be a weak showing. The WWDC stage, however, is precisely the place where Apple could demonstrate both simultaneously.<\/p>\n\n\n\n<h3 class=\"wp-block-heading\" id=\"h-airpods-ultra-moglich-aber-unwahrscheinlich\">AirPods Ultra \u2013 possible, but unlikely<\/h3>\n\n\n\n<p class=\"translation-block\">The AirPods Ultra with cameras and H3 chip are one of Apple's six new product categories, according to Gurman. A premiere is conceivable, but as with the Glasses, Apple will only showcase AI hardware if the AI itself is convincing. More in our <a href=\"https:\/\/www.apfelpatient.de\/en\/generally\/airpods-ultra-all-rumors-at-a-glance\" id=\"https:\/\/www.apfelpatient.de\/allgemein\/airpods-ultra-alle-geruechte-im-ueberblick\" data-wpel-link=\"internal\" target=\"_self\">AirPods Ultra overview<\/a>.<\/p>\n\n\n\n<h2 class=\"wp-block-heading\" id=\"h-services-und-neue-apps\">Services and new apps<\/h2>\n\n\n\n<p>In addition to software and hardware, Apple traditionally announces services updates at WWDC. Several topics are emerging for 2026:<\/p>\n\n\n\n<ul class=\"wp-block-list\">\n<li class=\"translation-block\"><strong>Apple TV<\/strong>: With new hits like \"Severance\" and \"The Studio,\" Apple has significantly boosted the brand value of Apple TV. At WWDC, tvOS-related adjustments are conceivable \u2013 more personalization, better recommendations through AI.<\/li>\n\n\n\n<li class=\"translation-block\"><strong>Apple Music and Apple Podcasts<\/strong> : Both services received updates with iOS 26, such as the Playground playlist feature in Apple Music. Further AI-powered recommendation features are likely for iOS 27.<\/li>\n\n\n\n<li class=\"translation-block\"><strong>Apple Maps with ads<\/strong>: Apple is preparing to introduce advertising to Apple Maps. Initial indications appeared in iOS 26.5 beta builds. The official unveiling could take place at WWDC.<\/li>\n\n\n\n<li class=\"translation-block\"><strong>iCloud and Wallet<\/strong>: With the leaked Wallet upgrade in iOS 27, Apple is also expected to adjust iCloud plans. However, concrete details are still lacking.<\/li>\n\n\n\n<li class=\"translation-block\"><strong>App Store<\/strong>: Reports indicate that the new extension system for Siri is essentially creating a marketplace for AI extensions. Apple could adjust the App Store's structure accordingly.<\/li>\n<\/ul>\n\n\n\n<h2 class=\"wp-block-heading\" id=\"h-developer-tools-xcode-mit-ki-agenten\">Developer tools \u2013 Xcode with AI agents<\/h2>\n\n\n\n<p>In the developer area, three topics are particularly in focus:<\/p>\n\n\n\n<ul class=\"wp-block-list\">\n<li class=\"translation-block\"><strong>Xcode with AI agents<\/strong>: Apple has already integrated Anthropic's Claude Agent and OpenAI's Codex into Xcode. WWDC could reveal an expansion of this integration \u2013 possibly with Apple's own coding models.<\/li>\n\n\n\n<li class=\"translation-block\"><strong>Foundation Models Framework<\/strong>: The framework presented at WWDC 2025, which allows developers to use Apple's own offline-running AI models, is likely to be expanded.<\/li>\n\n\n\n<li class=\"translation-block\"><strong>Apple Intelligence Extension<\/strong>: The AI features are to be integrated into more apps \u2013 especially third-party apps via open interfaces.<\/li>\n<\/ul>\n\n\n\n<p>Adjustments are also possible in the Developer Program. App Store rules, new frameworks for Apple Glass, and updates for Swift are traditionally discussed in the State of the Union meeting.<\/p>\n\n\n\n<h2 class=\"wp-block-heading\" id=\"h-release-fahrplan-was-wann-kommt\">Release schedule: What&#039;s coming when<\/h2>\n\n\n\n<p>WWDC is the presentation \u2013 not the release. Apple&#039;s update schedule continues to follow the familiar pattern:<\/p>\n\n\n\n<ul class=\"wp-block-list\">\n<li class=\"translation-block\"><strong>June 8, 2026<\/strong>: Presentation of iOS 27 and other updates in the keynote address<\/li>\n\n\n\n<li class=\"translation-block\"><strong>From June 8th<\/strong>: First developer beta available<\/li>\n\n\n\n<li class=\"translation-block\"><strong>Mid-July 2026<\/strong>: Public beta starts<\/li>\n\n\n\n<li class=\"translation-block\"><strong>September 2026<\/strong>: Final release alongside the iPhone 18 Pro<\/li>\n<\/ul>\n\n\n\n<p>The most important open question: Which Siri features will be available on day one \u2013 and which will Apple postpone to later updates? Google has publicly confirmed that the new Siri will be released no later than December 31, 2026. That&#039;s Apple&#039;s latest deadline, and it&#039;s unlikely to be extended this time.<\/p>\n\n\n\n<h2 class=\"wp-block-heading\" id=\"h-preis-und-plattform-die-wwdc-ist-kostenlos\">Price and platform \u2013 WWDC is free<\/h2>\n\n\n\n<p>As in previous years, the conference is completely free. The online sessions, Group Labs, and keynotes are accessible to all developers worldwide. The only paid element is the Apple Developer Program (99 euros per year) \u2013 but this is not required for WWDC attendance.<\/p>\n\n\n\n<h2 class=\"wp-block-heading\" id=\"h-wer-sollte-die-keynote-live-verfolgen\">Who should watch the keynote live?<\/h2>\n\n\n\n<p class=\"translation-block\"><strong>For developers,<\/strong> WWDC 2026 is a must-attend event. The new Core AI framework, new Siri APIs, potentially the first Apple Glasses frameworks, and an expanded Foundation Models stack will shape the tooling landscape for years to come. Anyone building Apple apps should watch the keynote and at least the Platforms State of the Union live.<\/p>\n\n\n\n<p class=\"translation-block\"><strong>For power users,<\/strong> the software presentations on June 8th are the highlight. iOS 27 and macOS 27 will shape devices for a year \u2013 those who want to install the public beta starting in July will get their first real impression on the keynote evening.<\/p>\n\n\n\n<p class=\"translation-block\"><strong>For AI enthusiasts,<\/strong> WWDC 2026 will be the most exciting in years. Apple&#039;s answer to ChatGPT, Claude, and Gemini hinges on the Siri demos during the keynote. Anyone wanting to understand the AI strategy of one of the world&#039;s largest tech companies should keep the evening of June 8th free.<\/p>\n\n\n\n<p class=\"translation-block\"><strong>For hardware enthusiasts,<\/strong> the situation is sobering. The global memory chip crisis and AI-driven demand have disrupted Apple&#039;s Mac roadmap. The Mac Studio M5 has been postponed until October, the MacBook Ultra to early 2027. Tim Cook has just confirmed that the Mac mini shortages will persist for several more months \u2013 making a WWDC premiere less likely. The biggest hardware excitement now lies in a possible first look at Apple Glasses and perhaps a quiet hardware refresh on the sidelines of the keynote.<\/p>\n\n\n\n<h2 class=\"wp-block-heading\" id=\"h-so-bleibst-du-den-sommer-uber-auf-dem-laufenden\">This is how you stay up-to-date throughout the summer<\/h2>\n\n\n\n<p class=\"translation-block\">As in previous years, we&#039;ll be covering WWDC and the subsequent beta phases in detail: live reports on the keynote, in-depth articles on every new iOS 27, macOS 27, and other features, tips and guides on all relevant innovations, and ongoing updates from the developer and public betas right up to the final release in September. To stay up-to-date, follow us on social media. You can also activate <a href=\"https:\/\/www.apfelpatient.de\/en\/push-notifications-apfelpatient\" data-wpel-link=\"internal\" target=\"_self\">push notifications directly from Apfelpatient<\/a> \u2013 so the most important news arrives on your iPhone instantly.<\/p>\n\n\n\n<h2 class=\"wp-block-heading\" id=\"h-wwdc-2026-so-geht-es-weiter\">WWDC 2026 \u2013 what&#039;s next?<\/h2>\n\n\n\n<p>WWDC 2026 is more than just a software event. It's Apple's opportunity to redefine the AI narrative, honor Tim Cook's legacy, and give John Ternus his first major platform. With Glow Siri, Core AI, and a comprehensive software roadmap, Apple has enough material for a strong keynote - if the demos work.<\/p>\n\n\n\n<p>For those who want to follow the conference live: We will publish another article in good time before June 8th with all the details about the live stream, the exact time and the best ways to watch the keynote in Germany.<\/p>\n\n\n\n<p class=\"translation-block\">The best products for you: Our <a href=\"https:\/\/www.amazon.de\/shop\/apfelpatientofficial\" target=\"_blank\" rel=\"noreferrer noopener follow\" data-wpel-link=\"exclude\">Amazon storefront<\/a> offers a wide selection of accessories, including those for HomeKit. (Image: Apple)<\/p>\n\n\n\n<ul class=\"wp-block-list\">\n<li><a href=\"https:\/\/www.apfelpatient.de\/en\/generally\/ipad-12th-generation-all-rumors-at-a-glance\" type=\"link\" id=\"https:\/\/www.apfelpatient.de\/allgemein\/ipad-12-generation-alle-geruechte-im-ueberblick\">iPad 12th Generation: All the rumors at a glance<\/a><\/li>\n\n\n\n<li><a href=\"https:\/\/www.apfelpatient.de\/en\/generally\/mac-mini-m5-all-rumors-at-a-glance\">Mac mini M5: All the Rumors at a glance<\/a><\/li>\n\n\n\n<li><a href=\"https:\/\/www.apfelpatient.de\/en\/generally\/apple-tv-may-2026-all-new-series-and-movies\">Apple TV in May 2026: All the highlights at a glance<\/a><\/li>\n\n\n\n<li><a href=\"https:\/\/www.apfelpatient.de\/en\/generally\/iphone-air-2-all-rumors-at-a-glance\">iPhone Air 2: All the rumors at a glance<\/a><\/li>\n\n\n\n<li><a href=\"https:\/\/www.apfelpatient.de\/en\/generally\/iphone-18e-all-rumors-at-a-glance\">iPhone 18e: All the rumors at a glance<\/a><\/li>\n\n\n\n<li><a href=\"https:\/\/www.apfelpatient.de\/en\/generally\/apple-glasses-all-the-rumors-at-a-glance\">Apple Glasses: All the rumors at a glance<\/a><\/li>\n\n\n\n<li><a href=\"https:\/\/www.apfelpatient.de\/en\/generally\/apfelpatient-weekly-3\">Apfelpatient Weekly #3<\/a><\/li>\n\n\n\n<li><a href=\"https:\/\/www.apfelpatient.de\/en\/generally\/apple-security-camera-all-rumors-at-a-glance\">Apple Security Camera: All the rumors at a glance<\/a><\/li>\n\n\n\n<li><a href=\"https:\/\/www.apfelpatient.de\/en\/generally\/iphone-fold-all-rumors-and-facts-at-a-glance\">iPhone Ultra (iPhone Fold): All rumors and facts at a glance<\/a><\/li>\n\n\n\n<li><a href=\"https:\/\/www.apfelpatient.de\/en\/generally\/10-new-apple-products-to-mark-the-start-of-ceo-ternus\">These 10+ products will be launched by Apple first under CEO Ternus<\/a><\/li>\n\n\n\n<li><a href=\"https:\/\/www.apfelpatient.de\/en\/generally\/ternus-will-not-revolutionize-apple-analysis\">Ternus will not revolutionize Apple \u2013 an analysis<\/a><\/li>\n\n\n\n<li><a href=\"https:\/\/www.apfelpatient.de\/en\/generally\/johny-srouji-apple-chief-hardware-officer-biography-career\">Johny Srouji: Biography, career path &amp; Apple&#039;s new Chief Hardware Officer<\/a><\/li>\n\n\n\n<li><a href=\"https:\/\/www.apfelpatient.de\/en\/generally\/john-ternus-apple-ceo-biography-career\">John Ternus: biography, career &amp; the new Apple CEO<\/a><\/li>\n\n\n\n<li><a href=\"https:\/\/www.apfelpatient.de\/en\/generally\/tim-cook-apple-ceo-biography-career\">Tim Cook: Biography, career &amp; his time as Apple CEO<\/a><\/li>\n\n\n\n<li><a href=\"https:\/\/www.apfelpatient.de\/en\/generally\/iphone-18-pro-all-rumors-at-a-glance\">iPhone 18 Pro: All the rumors at a glance<\/a><\/li>\n\n\n\n<li><a href=\"https:\/\/www.apfelpatient.de\/en\/generally\/apfelpatient-weekly-2\">Apfelpatient Weekly #2<\/a><\/li>\n\n\n\n<li><a href=\"https:\/\/www.apfelpatient.de\/en\/generally\/macbook-ultra-all-rumors-at-a-glance\">MacBook Ultra: All the rumors at a glance<\/a><\/li>\n\n\n\n<li><a href=\"https:\/\/www.apfelpatient.de\/en\/generally\/mac-studio-m5-all-rumors-at-a-glance\">Mac Studio M5: All the Rumors at a glance<\/a><\/li>\n\n\n\n<li><a href=\"https:\/\/www.apfelpatient.de\/en\/generally\/ipad-12th-generation-all-rumors-at-a-glance\">iPad 12th Generation: All the rumors at a glance<\/a><\/li>\n\n\n\n<li><a href=\"https:\/\/www.apfelpatient.de\/en\/generally\/ipad-mini-oled-all-rumors-at-a-glance\">iPad mini 8: All the rumors at a glance<\/a><\/li>\n\n\n\n<li><a href=\"https:\/\/www.apfelpatient.de\/en\/generally\/homepod-3-homepod-mini-2-all-rumors-at-a-glance\">HomePod 3 &amp; HomePod mini 2: All the rumors at a glance<\/a><\/li>\n\n\n\n<li><a href=\"https:\/\/www.apfelpatient.de\/en\/generally\/apple-homepad-all-rumors-at-a-glance\">Apple HomePad: All the rumors at a glance<\/a><\/li>\n\n\n\n<li><a href=\"https:\/\/www.apfelpatient.de\/en\/generally\/macbook-ultra-all-rumors-at-a-glance\">MacBook Ultra: All the rumors at a glance<\/a><\/li>\n<\/ul>\n\n\n\n<h2 class=\"wp-block-heading\" id=\"h-haufige-fragen-wwdc-2026\">Frequently Asked Questions: WWDC 2026<\/h2>\n\n\n\n<div class=\"schema-faq wp-block-yoast-faq-block\"><div class=\"schema-faq-section\" id=\"faq-question-1777245352816\"><strong class=\"schema-faq-question\"><strong>When will WWDC 2026 take place?<\/strong><\/strong> <p class=\"schema-faq-answer\">WWDC 2026 will take place from June 8th to 12th, 2026. The keynote will start on Monday, June 8th, 2026, at 7:00 PM German time (10:00 AM Pacific Time).<\/p> <\/div> <div class=\"schema-faq-section\" id=\"faq-question-1777245367097\"><strong class=\"schema-faq-question\"><strong>Where can I watch WWDC 2026 live?<\/strong><\/strong> <p class=\"schema-faq-answer\">The stream is available via the Apple Developer App, apple.com, and Apple&#039;s YouTube channel. All three channels are free and require no registration.<\/p> <\/div> <div class=\"schema-faq-section\" id=\"faq-question-1777245382791\"><strong class=\"schema-faq-question\"><strong>What software will be presented at WWDC 2026?<\/strong><\/strong> <p class=\"schema-faq-answer\">Apple will unveil iOS 27, iPadOS 27, macOS 27, watchOS 27, tvOS 27, and visionOS 27. According to Apple, the focus will be on &quot;AI advancements&quot; and new developer tools.<\/p> <\/div> <div class=\"schema-faq-section\" id=\"faq-question-1777245404384\"><strong class=\"schema-faq-question\"><strong>Will Tim Cook deliver the keynote address?<\/strong><\/strong> <p class=\"schema-faq-answer\">Yes. Cook will remain CEO until August 31, 2026, and will likely deliver the keynote address together with John Ternus, who will take over on September 1.<\/p> <\/div> <div class=\"schema-faq-section\" id=\"faq-question-1777245416552\"><strong class=\"schema-faq-question\"><strong>What new hardware will be presented at WWDC 2026?<\/strong><\/strong> <p class=\"schema-faq-answer\">Hardware availability for 2026 is uncertain. The Mac Studio M5 has been postponed until October, and the MacBook Ultra (Apple&#039;s first MacBook with a touchscreen and OLED display) until early 2027. According to Tim Cook, the Mac mini is also in short supply for several more months, making a WWDC premiere unlikely. The biggest hope for hardware remains a possible first unveiling of Apple Glasses.<\/p> <\/div> <div class=\"schema-faq-section\" id=\"faq-question-1777245437078\"><strong class=\"schema-faq-question\"><strong>What changes to Siri in iOS 27?<\/strong><\/strong> <p class=\"schema-faq-answer\">Siri is getting a new Glow design in Dynamic Island, a standalone chat app, interactive conversations, image generation, and deeper access to personal data. The technology is based on Google&#039;s Gemini.<\/p> <\/div> <div class=\"schema-faq-section\" id=\"faq-question-1777245455790\"><strong class=\"schema-faq-question\"><strong>Which iPhones no longer support iOS 27?<\/strong><\/strong> <p class=\"schema-faq-answer\">According to a Weibo leak, the iPhone 11, iPhone 11 Pro, iPhone 11 Pro Max, and iPhone SE 2 will lose support. The minimum standard would then be the iPhone 12. Apple will confirm the final list on June 8th during the keynote address.<\/p> <\/div> <div class=\"schema-faq-section\" id=\"faq-question-1777245469532\"><strong class=\"schema-faq-question\"><strong>When will the new operating systems be available for download?<\/strong><\/strong> <p class=\"schema-faq-answer\">The first developer beta starts immediately after the keynote on June 8th. The public beta follows in mid-July. The final release will arrive in September 2026 alongside the iPhone 18 Pro.<\/p> <\/div> <\/div>\n\n\n\n<h6 class=\"wp-block-heading translation-block\" id=\"h-kennt-ihr-schon-unsere-amazon-storefront-dort-findet-ihr-eine-handverlesene-auswahl-von-diversen-produkten-f-r-euer-iphone-und-co-viel-spa-beim-st-bern\"><em>Have you already visited our Amazon Storefront? There you&#039;ll find a hand-picked selection of various products for your iPhone and other devices \u2013 <span class=\"has-inline-color has-vivid-red-color\"><a href=\"https:\/\/www.amazon.de\/shop\/apfelpatientofficial\" class=\"ek-link\" data-wpel-link=\"exclude\" rel=\"follow noopener\" target=\"_self\"><span style=\"text-decoration: underline\" class=\"ek-underline\">enjoy browsing<\/span><\/a> !<\/span><\/em><\/h6>\n\n\n\n<h6 class=\"wp-block-heading translation-block\" id=\"h-der-beitrag-enthalt-partnerlinks\">This post contains <a data-type=\"URL\" data-id=\"https:\/\/www.apfelpatient.de\/partnerprogramm\" href=\"https:\/\/www.apfelpatient.de\/en\/partner-program\" data-wpel-link=\"internal\" target=\"_self\">affiliate links<\/a>.<\/h6>","protected":false},"excerpt":{"rendered":"<p>WWDC 2026 from June 8\u201312: New Siri based on Gemini, iOS 27, Core AI and possible hardware premieres \u2013 all expectations at a glance.<\/p>","protected":false},"author":2,"featured_media":65651,"comment_status":"closed","ping_status":"open","sticky":false,"template":"","format":"standard","meta":{"jnews-multi-image_gallery":[],"jnews_single_post":{"format":"standard","override":[{"template":"2","parallax":"1","fullscreen":"1","layout":"right-sidebar","sidebar":"default-sidebar","second_sidebar":"default-sidebar","sticky_sidebar":"1","share_position":"top","share_float_style":"share-monocrhome","show_featured":"1","show_post_meta":"1","show_post_author":"1","show_post_author_image":"1","show_post_date":"1","post_date_format":"default","post_date_format_custom":"Y\/m\/d","show_post_category":"1","show_post_reading_time":"0","post_reading_time_wpm":"300","post_calculate_word_method":"str_word_count","show_zoom_button":"0","zoom_button_out_step":"2","zoom_button_in_step":"3","show_post_tag":"1","show_prev_next_post":"1","show_popup_post":"1","show_comment_section":"1","number_popup_post":"1","show_author_box":"0","show_post_related":"0","show_inline_post_related":"0"}],"image_override":[{"single_post_thumbnail_size":"crop-500","single_post_gallery_size":"crop-500"}],"trending_post_position":"meta","trending_post_label":"Trending","sponsored_post_label":"Sponsored by","disable_ad":"0"},"jnews_primary_category":{"id":"2"},"footnotes":""},"categories":[2],"tags":[34,1109,3,1226,33,1227,4,1228,80,95,1276,844,1277,21,1278,203,1225],"class_list":["post-67237","post","type-post","status-publish","format-standard","has-post-thumbnail","hentry","category-allgemein","tag-apple-dienste","tag-apple-intelligence","tag-ios","tag-ios-27","tag-ipados","tag-ipados-27","tag-macos","tag-macos-27","tag-siri","tag-tvos","tag-tvos-27","tag-visionos","tag-visionos-27","tag-watchos","tag-watchos-27","tag-wwdc","tag-wwdc-2026"],"yoast_head":"<!-- This site is optimized with the Yoast SEO Premium plugin v27.5 (Yoast SEO v27.5) - https:\/\/yoast.com\/product\/yoast-seo-premium-wordpress\/ -->\n<title>WWDC 2026: Erwartungen, Ger\u00fcchte &amp; iOS 27 Apfelpatient<\/title>\n<meta name=\"description\" content=\"WWDC 2026 vom 8.\u201312. Juni: Neue Siri auf Gemini-Basis, iOS 27, Core AI und m\u00f6gliche Hardware-Premieren \u2013 alle Erwartungen im \u00dcberblick.\" \/>\n<meta name=\"robots\" content=\"index, follow, max-snippet:-1, max-image-preview:large, max-video-preview:-1\" \/>\n<link rel=\"canonical\" href=\"https:\/\/www.apfelpatient.de\/en\/generally\/wwdc-2026-expectations-rumors-hardware-overview\" \/>\n<meta property=\"og:locale\" content=\"en_US\" \/>\n<meta property=\"og:type\" content=\"article\" \/>\n<meta property=\"og:title\" content=\"WWDC 2026: Alle Erwartungen, Ger\u00fcchte und Hardware-Hoffnungen im \u00dcberblick\" \/>\n<meta property=\"og:description\" content=\"WWDC 2026 vom 8.\u201312. Juni: Neue Siri auf Gemini-Basis, iOS 27, Core AI und m\u00f6gliche Hardware-Premieren \u2013 alle Erwartungen im \u00dcberblick.\" \/>\n<meta property=\"og:url\" content=\"https:\/\/www.apfelpatient.de\/en\/generally\/wwdc-2026-expectations-rumors-hardware-overview\" \/>\n<meta property=\"og:site_name\" content=\"Apfelpatient\" \/>\n<meta property=\"article:publisher\" content=\"https:\/\/www.facebook.com\/apfelpatientOfficial\" \/>\n<meta property=\"article:author\" content=\"https:\/\/www.facebook.com\/apfelpatientOfficial\" \/>\n<meta property=\"article:published_time\" content=\"2026-05-01T15:20:09+00:00\" \/>\n<meta property=\"article:modified_time\" content=\"2026-05-01T15:21:47+00:00\" \/>\n<meta property=\"og:image\" content=\"https:\/\/www.apfelpatient.de\/wp-content\/uploads\/2026\/03\/Apple-WWDC26-event-branding.jpg\" \/>\n\t<meta property=\"og:image:width\" content=\"1600\" \/>\n\t<meta property=\"og:image:height\" content=\"900\" \/>\n\t<meta property=\"og:image:type\" content=\"image\/jpeg\" \/>\n<meta name=\"author\" content=\"Milan\" \/>\n<meta name=\"twitter:card\" content=\"summary_large_image\" \/>\n<meta name=\"twitter:description\" content=\"WWDC 2026 vom 8.\u201312. Juni: Neue Siri auf Gemini-Basis, iOS 27, Core AI und m\u00f6gliche Hardware-Premieren \u2013 alle Erwartungen im \u00dcberblick.\" \/>\n<meta name=\"twitter:label1\" content=\"Written by\" \/>\n\t<meta name=\"twitter:data1\" content=\"Milan\" \/>\n\t<meta name=\"twitter:label2\" content=\"Est. reading time\" \/>\n\t<meta name=\"twitter:data2\" content=\"24 minutes\" \/>\n<script type=\"application\/ld+json\" class=\"yoast-schema-graph\">{\"@context\":\"https:\\\/\\\/schema.org\",\"@graph\":[{\"@type\":\"NewsArticle\",\"@id\":\"https:\\\/\\\/www.apfelpatient.de\\\/allgemein\\\/wwdc-2026-erwartungen-geruechte-hardware-ueberblick#article\",\"isPartOf\":{\"@id\":\"https:\\\/\\\/www.apfelpatient.de\\\/allgemein\\\/wwdc-2026-erwartungen-geruechte-hardware-ueberblick\"},\"author\":{\"@type\":\"Organization\",\"@id\":\"https:\\\/\\\/www.apfelpatient.de\\\/en\\\/#organization\",\"name\":\"Apfelpatient\",\"url\":\"https:\\\/\\\/www.apfelpatient.de\\\/en\\\/\"},\"headline\":\"WWDC 2026: Alle Erwartungen, Ger\u00fcchte und Hardware-Hoffnungen im \u00dcberblick\",\"datePublished\":\"2026-05-01T15:20:09+00:00\",\"dateModified\":\"2026-05-01T15:21:47+00:00\",\"mainEntityOfPage\":{\"@id\":\"https:\\\/\\\/www.apfelpatient.de\\\/allgemein\\\/wwdc-2026-erwartungen-geruechte-hardware-ueberblick\"},\"wordCount\":4298,\"publisher\":{\"@type\":\"Organization\",\"@id\":\"https:\\\/\\\/www.apfelpatient.de\\\/en\\\/#organization\",\"name\":\"Apfelpatient\",\"url\":\"https:\\\/\\\/www.apfelpatient.de\\\/en\\\/\"},\"image\":{\"@id\":\"https:\\\/\\\/www.apfelpatient.de\\\/allgemein\\\/wwdc-2026-erwartungen-geruechte-hardware-ueberblick#primaryimage\"},\"thumbnailUrl\":\"https:\\\/\\\/www.apfelpatient.de\\\/wp-content\\\/uploads\\\/2026\\\/03\\\/Apple-WWDC26-event-branding.jpg\",\"keywords\":[\"Apple Dienste\",\"Apple Intelligence\",\"iOS\",\"iOS 27\",\"iPadOS\",\"iPadOS 27\",\"macOS\",\"macOS 27\",\"Siri\",\"tvOS\",\"tvOS 27\",\"visionOS\",\"visionOS 27\",\"watchOS\",\"watchOS 27\",\"WWDC\",\"WWDC 2026\"],\"articleSection\":\"Allgemein\",\"inLanguage\":\"en-US\",\"copyrightYear\":\"2026\",\"copyrightHolder\":{\"@id\":\"https:\\\/\\\/www.apfelpatient.de\\\/en\\\/#organization\"}},{\"@type\":[\"WebPage\",\"FAQPage\"],\"@id\":\"https:\\\/\\\/www.apfelpatient.de\\\/allgemein\\\/wwdc-2026-erwartungen-geruechte-hardware-ueberblick\",\"url\":\"https:\\\/\\\/www.apfelpatient.de\\\/allgemein\\\/wwdc-2026-erwartungen-geruechte-hardware-ueberblick\",\"name\":\"WWDC 2026: Erwartungen, Ger\u00fcchte & iOS 27 Apfelpatient\",\"isPartOf\":{\"@id\":\"https:\\\/\\\/www.apfelpatient.de\\\/#website\"},\"primaryImageOfPage\":{\"@id\":\"https:\\\/\\\/www.apfelpatient.de\\\/allgemein\\\/wwdc-2026-erwartungen-geruechte-hardware-ueberblick#primaryimage\"},\"image\":{\"@id\":\"https:\\\/\\\/www.apfelpatient.de\\\/allgemein\\\/wwdc-2026-erwartungen-geruechte-hardware-ueberblick#primaryimage\"},\"thumbnailUrl\":\"https:\\\/\\\/www.apfelpatient.de\\\/wp-content\\\/uploads\\\/2026\\\/03\\\/Apple-WWDC26-event-branding.jpg\",\"datePublished\":\"2026-05-01T15:20:09+00:00\",\"dateModified\":\"2026-05-01T15:21:47+00:00\",\"description\":\"WWDC 2026 vom 8.\u201312. Juni: Neue Siri auf Gemini-Basis, iOS 27, Core AI und m\u00f6gliche Hardware-Premieren \u2013 alle Erwartungen im \u00dcberblick.\",\"breadcrumb\":{\"@id\":\"https:\\\/\\\/www.apfelpatient.de\\\/allgemein\\\/wwdc-2026-erwartungen-geruechte-hardware-ueberblick#breadcrumb\"},\"mainEntity\":[{\"@id\":\"https:\\\/\\\/www.apfelpatient.de\\\/allgemein\\\/wwdc-2026-erwartungen-geruechte-hardware-ueberblick#faq-question-1777245352816\"},{\"@id\":\"https:\\\/\\\/www.apfelpatient.de\\\/allgemein\\\/wwdc-2026-erwartungen-geruechte-hardware-ueberblick#faq-question-1777245367097\"},{\"@id\":\"https:\\\/\\\/www.apfelpatient.de\\\/allgemein\\\/wwdc-2026-erwartungen-geruechte-hardware-ueberblick#faq-question-1777245382791\"},{\"@id\":\"https:\\\/\\\/www.apfelpatient.de\\\/allgemein\\\/wwdc-2026-erwartungen-geruechte-hardware-ueberblick#faq-question-1777245404384\"},{\"@id\":\"https:\\\/\\\/www.apfelpatient.de\\\/allgemein\\\/wwdc-2026-erwartungen-geruechte-hardware-ueberblick#faq-question-1777245416552\"},{\"@id\":\"https:\\\/\\\/www.apfelpatient.de\\\/allgemein\\\/wwdc-2026-erwartungen-geruechte-hardware-ueberblick#faq-question-1777245437078\"},{\"@id\":\"https:\\\/\\\/www.apfelpatient.de\\\/allgemein\\\/wwdc-2026-erwartungen-geruechte-hardware-ueberblick#faq-question-1777245455790\"},{\"@id\":\"https:\\\/\\\/www.apfelpatient.de\\\/allgemein\\\/wwdc-2026-erwartungen-geruechte-hardware-ueberblick#faq-question-1777245469532\"}],\"inLanguage\":\"en-US\",\"potentialAction\":[{\"@type\":\"ReadAction\",\"target\":[\"https:\\\/\\\/www.apfelpatient.de\\\/allgemein\\\/wwdc-2026-erwartungen-geruechte-hardware-ueberblick\"]}]},{\"@type\":\"ImageObject\",\"inLanguage\":\"en-US\",\"@id\":\"https:\\\/\\\/www.apfelpatient.de\\\/allgemein\\\/wwdc-2026-erwartungen-geruechte-hardware-ueberblick#primaryimage\",\"url\":\"https:\\\/\\\/www.apfelpatient.de\\\/wp-content\\\/uploads\\\/2026\\\/03\\\/Apple-WWDC26-event-branding.jpg\",\"contentUrl\":\"https:\\\/\\\/www.apfelpatient.de\\\/wp-content\\\/uploads\\\/2026\\\/03\\\/Apple-WWDC26-event-branding.jpg\",\"width\":1600,\"height\":900,\"caption\":\"Bild: Apple\"},{\"@type\":\"BreadcrumbList\",\"@id\":\"https:\\\/\\\/www.apfelpatient.de\\\/allgemein\\\/wwdc-2026-erwartungen-geruechte-hardware-ueberblick#breadcrumb\",\"itemListElement\":[{\"@type\":\"ListItem\",\"position\":1,\"name\":\"Startseite\",\"item\":\"https:\\\/\\\/www.apfelpatient.de\\\/\"},{\"@type\":\"ListItem\",\"position\":2,\"name\":\"WWDC 2026: Alle Erwartungen, Ger\u00fcchte und Hardware-Hoffnungen im \u00dcberblick\"}]},{\"@type\":\"WebSite\",\"@id\":\"https:\\\/\\\/www.apfelpatient.de\\\/#website\",\"url\":\"https:\\\/\\\/www.apfelpatient.de\\\/\",\"name\":\"Apfelpatient\",\"description\":\"Alles rund um Apple!\",\"publisher\":{\"@type\":\"Organization\",\"@id\":\"https:\\\/\\\/www.apfelpatient.de\\\/en\\\/#organization\",\"name\":\"Apfelpatient\",\"url\":\"https:\\\/\\\/www.apfelpatient.de\\\/en\\\/\"},\"alternateName\":\"Apfelpatient\",\"potentialAction\":[{\"@type\":\"SearchAction\",\"target\":{\"@type\":\"EntryPoint\",\"urlTemplate\":\"https:\\\/\\\/www.apfelpatient.de\\\/?s={search_term_string}\"},\"query-input\":{\"@type\":\"PropertyValueSpecification\",\"valueRequired\":true,\"valueName\":\"search_term_string\"}}],\"inLanguage\":\"en-US\"},{\"@type\":[\"Person\",\"Organization\"],\"@id\":\"https:\\\/\\\/www.apfelpatient.de\\\/#\\\/schema\\\/person\\\/35b3ddba5832f2bfc7fff5206d4f6b7b\",\"name\":\"Milan\",\"logo\":{\"@id\":\"https:\\\/\\\/www.apfelpatient.de\\\/#\\\/schema\\\/person\\\/image\\\/\"},\"description\":\"Hallo und herzlich willkommen auf meinem Technik-Blog! Als gro\u00dfer Apple-Fan berichte ich hier \u00fcber alles, was mit Apple zu tun hat: von den neuesten News und spannenden Ger\u00fcchten \u00fcber hilfreiche Tipps und Tricks bis hin zu ausf\u00fchrlichen Produkttests. Wenn du genauso technikbegeistert bist wie ich, bist du hier genau richtig!\",\"sameAs\":[\"https:\\\/\\\/www.facebook.com\\\/apfelpatientOfficial\",\"https:\\\/\\\/www.linkedin.com\\\/in\\\/milan-jovicic-42aa0231b\"],\"url\":\"https:\\\/\\\/www.apfelpatient.de\\\/en\\\/author\\\/apfeladmin\"},{\"@type\":\"Question\",\"@id\":\"https:\\\/\\\/www.apfelpatient.de\\\/allgemein\\\/wwdc-2026-erwartungen-geruechte-hardware-ueberblick#faq-question-1777245352816\",\"position\":1,\"url\":\"https:\\\/\\\/www.apfelpatient.de\\\/allgemein\\\/wwdc-2026-erwartungen-geruechte-hardware-ueberblick#faq-question-1777245352816\",\"name\":\"Wann findet die WWDC 2026 statt?\",\"answerCount\":1,\"acceptedAnswer\":{\"@type\":\"Answer\",\"text\":\"Die WWDC 2026 l\u00e4uft vom 8. bis 12. Juni 2026. Die Keynote startet am Montag, 8. Juni 2026, um 19:00 Uhr deutscher Zeit (10:00 Uhr Pacific Time).\",\"inLanguage\":\"en-US\"},\"inLanguage\":\"en-US\"},{\"@type\":\"Question\",\"@id\":\"https:\\\/\\\/www.apfelpatient.de\\\/allgemein\\\/wwdc-2026-erwartungen-geruechte-hardware-ueberblick#faq-question-1777245367097\",\"position\":2,\"url\":\"https:\\\/\\\/www.apfelpatient.de\\\/allgemein\\\/wwdc-2026-erwartungen-geruechte-hardware-ueberblick#faq-question-1777245367097\",\"name\":\"Wo kann ich die WWDC 2026 live schauen?\",\"answerCount\":1,\"acceptedAnswer\":{\"@type\":\"Answer\",\"text\":\"Der Stream l\u00e4uft \u00fcber die Apple Developer App, apple.com sowie den YouTube-Kanal von Apple. Alle drei Kan\u00e4le sind kostenlos und erfordern keine Registrierung.\",\"inLanguage\":\"en-US\"},\"inLanguage\":\"en-US\"},{\"@type\":\"Question\",\"@id\":\"https:\\\/\\\/www.apfelpatient.de\\\/allgemein\\\/wwdc-2026-erwartungen-geruechte-hardware-ueberblick#faq-question-1777245382791\",\"position\":3,\"url\":\"https:\\\/\\\/www.apfelpatient.de\\\/allgemein\\\/wwdc-2026-erwartungen-geruechte-hardware-ueberblick#faq-question-1777245382791\",\"name\":\"Welche Software wird auf der WWDC 2026 vorgestellt?\",\"answerCount\":1,\"acceptedAnswer\":{\"@type\":\"Answer\",\"text\":\"Apple wird iOS 27, iPadOS 27, macOS 27, watchOS 27, tvOS 27 und visionOS 27 vorstellen. Schwerpunkt sind laut Apple selbst \\\"AI advancements\\\" und neue Developer-Tools.\",\"inLanguage\":\"en-US\"},\"inLanguage\":\"en-US\"},{\"@type\":\"Question\",\"@id\":\"https:\\\/\\\/www.apfelpatient.de\\\/allgemein\\\/wwdc-2026-erwartungen-geruechte-hardware-ueberblick#faq-question-1777245404384\",\"position\":4,\"url\":\"https:\\\/\\\/www.apfelpatient.de\\\/allgemein\\\/wwdc-2026-erwartungen-geruechte-hardware-ueberblick#faq-question-1777245404384\",\"name\":\"Wird Tim Cook die Keynote halten?\",\"answerCount\":1,\"acceptedAnswer\":{\"@type\":\"Answer\",\"text\":\"Ja. Cook ist bis zum 31. August 2026 noch CEO und wird die Keynote vermutlich gemeinsam mit John Ternus tragen, der ab dem 1. September \u00fcbernimmt.\",\"inLanguage\":\"en-US\"},\"inLanguage\":\"en-US\"},{\"@type\":\"Question\",\"@id\":\"https:\\\/\\\/www.apfelpatient.de\\\/allgemein\\\/wwdc-2026-erwartungen-geruechte-hardware-ueberblick#faq-question-1777245416552\",\"position\":5,\"url\":\"https:\\\/\\\/www.apfelpatient.de\\\/allgemein\\\/wwdc-2026-erwartungen-geruechte-hardware-ueberblick#faq-question-1777245416552\",\"name\":\"Welche neue Hardware kommt auf der WWDC 2026?\",\"answerCount\":1,\"acceptedAnswer\":{\"@type\":\"Answer\",\"text\":\"Hardware ist 2026 unsicher. Mac Studio M5 ist auf Oktober verschoben, das MacBook Ultra (Apples erstes MacBook mit Touchscreen und OLED) auf Anfang 2027. Auch der Mac mini ist laut Tim Cook noch mehrere Monate knapp, was eine WWDC-Premiere unwahrscheinlich macht. Gr\u00f6\u00dfte Hardware-Hoffnung bleibt damit eine m\u00f6gliche erste Vorstellung der Apple Glasses.\",\"inLanguage\":\"en-US\"},\"inLanguage\":\"en-US\"},{\"@type\":\"Question\",\"@id\":\"https:\\\/\\\/www.apfelpatient.de\\\/allgemein\\\/wwdc-2026-erwartungen-geruechte-hardware-ueberblick#faq-question-1777245437078\",\"position\":6,\"url\":\"https:\\\/\\\/www.apfelpatient.de\\\/allgemein\\\/wwdc-2026-erwartungen-geruechte-hardware-ueberblick#faq-question-1777245437078\",\"name\":\"Was \u00e4ndert sich an Siri mit iOS 27?\",\"answerCount\":1,\"acceptedAnswer\":{\"@type\":\"Answer\",\"text\":\"Siri bekommt ein neues Glow-Design in der Dynamic Island, eine eigenst\u00e4ndige Chat-App, dialogf\u00e4hige Konversationen, Bildgenerierung und tieferen Zugriff auf pers\u00f6nliche Daten. Die Technologie basiert auf Googles Gemini.\",\"inLanguage\":\"en-US\"},\"inLanguage\":\"en-US\"},{\"@type\":\"Question\",\"@id\":\"https:\\\/\\\/www.apfelpatient.de\\\/allgemein\\\/wwdc-2026-erwartungen-geruechte-hardware-ueberblick#faq-question-1777245455790\",\"position\":7,\"url\":\"https:\\\/\\\/www.apfelpatient.de\\\/allgemein\\\/wwdc-2026-erwartungen-geruechte-hardware-ueberblick#faq-question-1777245455790\",\"name\":\"Welche iPhones unterst\u00fctzen iOS 27 nicht mehr?\",\"answerCount\":1,\"acceptedAnswer\":{\"@type\":\"Answer\",\"text\":\"Laut einem Weibo-Leak verlieren iPhone 11, iPhone 11 Pro, iPhone 11 Pro Max und iPhone SE 2 den Support. Mindeststandard w\u00e4re damit das iPhone 12. Apple best\u00e4tigt die finale Liste am 8. Juni in der Keynote.\",\"inLanguage\":\"en-US\"},\"inLanguage\":\"en-US\"},{\"@type\":\"Question\",\"@id\":\"https:\\\/\\\/www.apfelpatient.de\\\/allgemein\\\/wwdc-2026-erwartungen-geruechte-hardware-ueberblick#faq-question-1777245469532\",\"position\":8,\"url\":\"https:\\\/\\\/www.apfelpatient.de\\\/allgemein\\\/wwdc-2026-erwartungen-geruechte-hardware-ueberblick#faq-question-1777245469532\",\"name\":\"Wann erscheinen die neuen Betriebssysteme zum Download?\",\"answerCount\":1,\"acceptedAnswer\":{\"@type\":\"Answer\",\"text\":\"Die erste Developer-Beta startet direkt nach der Keynote am 8. Juni. Die Public Beta folgt Mitte Juli. Der finale Release kommt im September 2026 zusammen mit dem iPhone 18 Pro.\",\"inLanguage\":\"en-US\"},\"inLanguage\":\"en-US\"}]}<\/script>\n<!-- \/ Yoast SEO Premium plugin. -->","yoast_head_json":{"title":"WWDC 2026: Expectations, Rumors &amp; iOS 27 Apfelpatient","description":"WWDC 2026 from June 8\u201312: New Siri based on Gemini, iOS 27, Core AI and possible hardware premieres \u2013 all expectations at a glance.","robots":{"index":"index","follow":"follow","max-snippet":"max-snippet:-1","max-image-preview":"max-image-preview:large","max-video-preview":"max-video-preview:-1"},"canonical":"https:\/\/www.apfelpatient.de\/en\/generally\/wwdc-2026-expectations-rumors-hardware-overview","og_locale":"en_US","og_type":"article","og_title":"WWDC 2026: Alle Erwartungen, Ger\u00fcchte und Hardware-Hoffnungen im \u00dcberblick","og_description":"WWDC 2026 vom 8.\u201312. Juni: Neue Siri auf Gemini-Basis, iOS 27, Core AI und m\u00f6gliche Hardware-Premieren \u2013 alle Erwartungen im \u00dcberblick.","og_url":"https:\/\/www.apfelpatient.de\/en\/generally\/wwdc-2026-expectations-rumors-hardware-overview","og_site_name":"Apfelpatient","article_publisher":"https:\/\/www.facebook.com\/apfelpatientOfficial","article_author":"https:\/\/www.facebook.com\/apfelpatientOfficial","article_published_time":"2026-05-01T15:20:09+00:00","article_modified_time":"2026-05-01T15:21:47+00:00","og_image":[{"width":1600,"height":900,"url":"https:\/\/www.apfelpatient.de\/wp-content\/uploads\/2026\/03\/Apple-WWDC26-event-branding.jpg","type":"image\/jpeg"}],"author":"Milan","twitter_card":"summary_large_image","twitter_description":"WWDC 2026 vom 8.\u201312. Juni: Neue Siri auf Gemini-Basis, iOS 27, Core AI und m\u00f6gliche Hardware-Premieren \u2013 alle Erwartungen im \u00dcberblick.","twitter_misc":{"Written by":"Milan","Est. reading time":"24 minutes"},"schema":{"@context":"https:\/\/schema.org","@graph":[{"@type":"NewsArticle","@id":"https:\/\/www.apfelpatient.de\/allgemein\/wwdc-2026-erwartungen-geruechte-hardware-ueberblick#article","isPartOf":{"@id":"https:\/\/www.apfelpatient.de\/allgemein\/wwdc-2026-erwartungen-geruechte-hardware-ueberblick"},"author":{"@type":"Organization","@id":"https:\/\/www.apfelpatient.de\/en\/#organization","name":"Apfelpatient","url":"https:\/\/www.apfelpatient.de\/en\/"},"headline":"WWDC 2026: Alle Erwartungen, Ger\u00fcchte und Hardware-Hoffnungen im \u00dcberblick","datePublished":"2026-05-01T15:20:09+00:00","dateModified":"2026-05-01T15:21:47+00:00","mainEntityOfPage":{"@id":"https:\/\/www.apfelpatient.de\/allgemein\/wwdc-2026-erwartungen-geruechte-hardware-ueberblick"},"wordCount":4298,"publisher":{"@type":"Organization","@id":"https:\/\/www.apfelpatient.de\/en\/#organization","name":"Apfelpatient","url":"https:\/\/www.apfelpatient.de\/en\/"},"image":{"@id":"https:\/\/www.apfelpatient.de\/allgemein\/wwdc-2026-erwartungen-geruechte-hardware-ueberblick#primaryimage"},"thumbnailUrl":"https:\/\/www.apfelpatient.de\/wp-content\/uploads\/2026\/03\/Apple-WWDC26-event-branding.jpg","keywords":["Apple Dienste","Apple Intelligence","iOS","iOS 27","iPadOS","iPadOS 27","macOS","macOS 27","Siri","tvOS","tvOS 27","visionOS","visionOS 27","watchOS","watchOS 27","WWDC","WWDC 2026"],"articleSection":"Allgemein","inLanguage":"en-US","copyrightYear":"2026","copyrightHolder":{"@id":"https:\/\/www.apfelpatient.de\/en\/#organization"}},{"@type":["WebPage","FAQPage"],"@id":"https:\/\/www.apfelpatient.de\/allgemein\/wwdc-2026-erwartungen-geruechte-hardware-ueberblick","url":"https:\/\/www.apfelpatient.de\/allgemein\/wwdc-2026-erwartungen-geruechte-hardware-ueberblick","name":"WWDC 2026: Expectations, Rumors &amp; iOS 27 Apfelpatient","isPartOf":{"@id":"https:\/\/www.apfelpatient.de\/#website"},"primaryImageOfPage":{"@id":"https:\/\/www.apfelpatient.de\/allgemein\/wwdc-2026-erwartungen-geruechte-hardware-ueberblick#primaryimage"},"image":{"@id":"https:\/\/www.apfelpatient.de\/allgemein\/wwdc-2026-erwartungen-geruechte-hardware-ueberblick#primaryimage"},"thumbnailUrl":"https:\/\/www.apfelpatient.de\/wp-content\/uploads\/2026\/03\/Apple-WWDC26-event-branding.jpg","datePublished":"2026-05-01T15:20:09+00:00","dateModified":"2026-05-01T15:21:47+00:00","description":"WWDC 2026 from June 8\u201312: New Siri based on Gemini, iOS 27, Core AI and possible hardware premieres \u2013 all expectations at a glance.","breadcrumb":{"@id":"https:\/\/www.apfelpatient.de\/allgemein\/wwdc-2026-erwartungen-geruechte-hardware-ueberblick#breadcrumb"},"mainEntity":[{"@id":"https:\/\/www.apfelpatient.de\/allgemein\/wwdc-2026-erwartungen-geruechte-hardware-ueberblick#faq-question-1777245352816"},{"@id":"https:\/\/www.apfelpatient.de\/allgemein\/wwdc-2026-erwartungen-geruechte-hardware-ueberblick#faq-question-1777245367097"},{"@id":"https:\/\/www.apfelpatient.de\/allgemein\/wwdc-2026-erwartungen-geruechte-hardware-ueberblick#faq-question-1777245382791"},{"@id":"https:\/\/www.apfelpatient.de\/allgemein\/wwdc-2026-erwartungen-geruechte-hardware-ueberblick#faq-question-1777245404384"},{"@id":"https:\/\/www.apfelpatient.de\/allgemein\/wwdc-2026-erwartungen-geruechte-hardware-ueberblick#faq-question-1777245416552"},{"@id":"https:\/\/www.apfelpatient.de\/allgemein\/wwdc-2026-erwartungen-geruechte-hardware-ueberblick#faq-question-1777245437078"},{"@id":"https:\/\/www.apfelpatient.de\/allgemein\/wwdc-2026-erwartungen-geruechte-hardware-ueberblick#faq-question-1777245455790"},{"@id":"https:\/\/www.apfelpatient.de\/allgemein\/wwdc-2026-erwartungen-geruechte-hardware-ueberblick#faq-question-1777245469532"}],"inLanguage":"en-US","potentialAction":[{"@type":"ReadAction","target":["https:\/\/www.apfelpatient.de\/allgemein\/wwdc-2026-erwartungen-geruechte-hardware-ueberblick"]}]},{"@type":"ImageObject","inLanguage":"en-US","@id":"https:\/\/www.apfelpatient.de\/allgemein\/wwdc-2026-erwartungen-geruechte-hardware-ueberblick#primaryimage","url":"https:\/\/www.apfelpatient.de\/wp-content\/uploads\/2026\/03\/Apple-WWDC26-event-branding.jpg","contentUrl":"https:\/\/www.apfelpatient.de\/wp-content\/uploads\/2026\/03\/Apple-WWDC26-event-branding.jpg","width":1600,"height":900,"caption":"Bild: Apple"},{"@type":"BreadcrumbList","@id":"https:\/\/www.apfelpatient.de\/allgemein\/wwdc-2026-erwartungen-geruechte-hardware-ueberblick#breadcrumb","itemListElement":[{"@type":"ListItem","position":1,"name":"Startseite","item":"https:\/\/www.apfelpatient.de\/"},{"@type":"ListItem","position":2,"name":"WWDC 2026: Alle Erwartungen, Ger\u00fcchte und Hardware-Hoffnungen im \u00dcberblick"}]},{"@type":"WebSite","@id":"https:\/\/www.apfelpatient.de\/#website","url":"https:\/\/www.apfelpatient.de\/","name":"apple patient","description":"Everything about Apple!","publisher":{"@type":"Organization","@id":"https:\/\/www.apfelpatient.de\/en\/#organization","name":"Apfelpatient","url":"https:\/\/www.apfelpatient.de\/en\/"},"alternateName":"Apfelpatient","potentialAction":[{"@type":"SearchAction","target":{"@type":"EntryPoint","urlTemplate":"https:\/\/www.apfelpatient.de\/?s={search_term_string}"},"query-input":{"@type":"PropertyValueSpecification","valueRequired":true,"valueName":"search_term_string"}}],"inLanguage":"en-US"},{"@type":["Person","Organization"],"@id":"https:\/\/www.apfelpatient.de\/#\/schema\/person\/35b3ddba5832f2bfc7fff5206d4f6b7b","name":"Milan","logo":{"@id":"https:\/\/www.apfelpatient.de\/#\/schema\/person\/image\/"},"description":"Hello and welcome to my technology blog! As a big Apple fan, I report on everything to do with Apple: from the latest news and exciting rumors to helpful tips and tricks and detailed product tests. If you are as enthusiastic about technology as I am, you have come to the right place!","sameAs":["https:\/\/www.facebook.com\/apfelpatientOfficial","https:\/\/www.linkedin.com\/in\/milan-jovicic-42aa0231b"],"url":"https:\/\/www.apfelpatient.de\/en\/author\/apfeladmin"},{"@type":"Question","@id":"https:\/\/www.apfelpatient.de\/allgemein\/wwdc-2026-erwartungen-geruechte-hardware-ueberblick#faq-question-1777245352816","position":1,"url":"https:\/\/www.apfelpatient.de\/allgemein\/wwdc-2026-erwartungen-geruechte-hardware-ueberblick#faq-question-1777245352816","name":"When will WWDC 2026 take place?","answerCount":1,"acceptedAnswer":{"@type":"Answer","text":"Die WWDC 2026 l\u00e4uft vom 8. bis 12. Juni 2026. Die Keynote startet am Montag, 8. Juni 2026, um 19:00 Uhr deutscher Zeit (10:00 Uhr Pacific Time).","inLanguage":"en-US"},"inLanguage":"en-US"},{"@type":"Question","@id":"https:\/\/www.apfelpatient.de\/allgemein\/wwdc-2026-erwartungen-geruechte-hardware-ueberblick#faq-question-1777245367097","position":2,"url":"https:\/\/www.apfelpatient.de\/allgemein\/wwdc-2026-erwartungen-geruechte-hardware-ueberblick#faq-question-1777245367097","name":"Where can I watch WWDC 2026 live?","answerCount":1,"acceptedAnswer":{"@type":"Answer","text":"Der Stream l\u00e4uft \u00fcber die Apple Developer App, apple.com sowie den YouTube-Kanal von Apple. Alle drei Kan\u00e4le sind kostenlos und erfordern keine Registrierung.","inLanguage":"en-US"},"inLanguage":"en-US"},{"@type":"Question","@id":"https:\/\/www.apfelpatient.de\/allgemein\/wwdc-2026-erwartungen-geruechte-hardware-ueberblick#faq-question-1777245382791","position":3,"url":"https:\/\/www.apfelpatient.de\/allgemein\/wwdc-2026-erwartungen-geruechte-hardware-ueberblick#faq-question-1777245382791","name":"What software will be presented at WWDC 2026?","answerCount":1,"acceptedAnswer":{"@type":"Answer","text":"Apple wird iOS 27, iPadOS 27, macOS 27, watchOS 27, tvOS 27 und visionOS 27 vorstellen. Schwerpunkt sind laut Apple selbst \"AI advancements\" und neue Developer-Tools.","inLanguage":"en-US"},"inLanguage":"en-US"},{"@type":"Question","@id":"https:\/\/www.apfelpatient.de\/allgemein\/wwdc-2026-erwartungen-geruechte-hardware-ueberblick#faq-question-1777245404384","position":4,"url":"https:\/\/www.apfelpatient.de\/allgemein\/wwdc-2026-erwartungen-geruechte-hardware-ueberblick#faq-question-1777245404384","name":"Will Tim Cook deliver the keynote address?","answerCount":1,"acceptedAnswer":{"@type":"Answer","text":"Ja. Cook ist bis zum 31. August 2026 noch CEO und wird die Keynote vermutlich gemeinsam mit John Ternus tragen, der ab dem 1. September \u00fcbernimmt.","inLanguage":"en-US"},"inLanguage":"en-US"},{"@type":"Question","@id":"https:\/\/www.apfelpatient.de\/allgemein\/wwdc-2026-erwartungen-geruechte-hardware-ueberblick#faq-question-1777245416552","position":5,"url":"https:\/\/www.apfelpatient.de\/allgemein\/wwdc-2026-erwartungen-geruechte-hardware-ueberblick#faq-question-1777245416552","name":"What new hardware will be presented at WWDC 2026?","answerCount":1,"acceptedAnswer":{"@type":"Answer","text":"Hardware ist 2026 unsicher. Mac Studio M5 ist auf Oktober verschoben, das MacBook Ultra (Apples erstes MacBook mit Touchscreen und OLED) auf Anfang 2027. Auch der Mac mini ist laut Tim Cook noch mehrere Monate knapp, was eine WWDC-Premiere unwahrscheinlich macht. Gr\u00f6\u00dfte Hardware-Hoffnung bleibt damit eine m\u00f6gliche erste Vorstellung der Apple Glasses.","inLanguage":"en-US"},"inLanguage":"en-US"},{"@type":"Question","@id":"https:\/\/www.apfelpatient.de\/allgemein\/wwdc-2026-erwartungen-geruechte-hardware-ueberblick#faq-question-1777245437078","position":6,"url":"https:\/\/www.apfelpatient.de\/allgemein\/wwdc-2026-erwartungen-geruechte-hardware-ueberblick#faq-question-1777245437078","name":"What changes to Siri in iOS 27?","answerCount":1,"acceptedAnswer":{"@type":"Answer","text":"Siri bekommt ein neues Glow-Design in der Dynamic Island, eine eigenst\u00e4ndige Chat-App, dialogf\u00e4hige Konversationen, Bildgenerierung und tieferen Zugriff auf pers\u00f6nliche Daten. Die Technologie basiert auf Googles Gemini.","inLanguage":"en-US"},"inLanguage":"en-US"},{"@type":"Question","@id":"https:\/\/www.apfelpatient.de\/allgemein\/wwdc-2026-erwartungen-geruechte-hardware-ueberblick#faq-question-1777245455790","position":7,"url":"https:\/\/www.apfelpatient.de\/allgemein\/wwdc-2026-erwartungen-geruechte-hardware-ueberblick#faq-question-1777245455790","name":"Which iPhones no longer support iOS 27?","answerCount":1,"acceptedAnswer":{"@type":"Answer","text":"Laut einem Weibo-Leak verlieren iPhone 11, iPhone 11 Pro, iPhone 11 Pro Max und iPhone SE 2 den Support. Mindeststandard w\u00e4re damit das iPhone 12. Apple best\u00e4tigt die finale Liste am 8. Juni in der Keynote.","inLanguage":"en-US"},"inLanguage":"en-US"},{"@type":"Question","@id":"https:\/\/www.apfelpatient.de\/allgemein\/wwdc-2026-erwartungen-geruechte-hardware-ueberblick#faq-question-1777245469532","position":8,"url":"https:\/\/www.apfelpatient.de\/allgemein\/wwdc-2026-erwartungen-geruechte-hardware-ueberblick#faq-question-1777245469532","name":"When will the new operating systems be available for download?","answerCount":1,"acceptedAnswer":{"@type":"Answer","text":"Die erste Developer-Beta startet direkt nach der Keynote am 8. Juni. Die Public Beta folgt Mitte Juli. Der finale Release kommt im September 2026 zusammen mit dem iPhone 18 Pro.","inLanguage":"en-US"},"inLanguage":"en-US"}]}},"_links":{"self":[{"href":"https:\/\/www.apfelpatient.de\/en\/wp-json\/wp\/v2\/posts\/67237","targetHints":{"allow":["GET"]}}],"collection":[{"href":"https:\/\/www.apfelpatient.de\/en\/wp-json\/wp\/v2\/posts"}],"about":[{"href":"https:\/\/www.apfelpatient.de\/en\/wp-json\/wp\/v2\/types\/post"}],"author":[{"embeddable":true,"href":"https:\/\/www.apfelpatient.de\/en\/wp-json\/wp\/v2\/users\/2"}],"replies":[{"embeddable":true,"href":"https:\/\/www.apfelpatient.de\/en\/wp-json\/wp\/v2\/comments?post=67237"}],"version-history":[{"count":6,"href":"https:\/\/www.apfelpatient.de\/en\/wp-json\/wp\/v2\/posts\/67237\/revisions"}],"predecessor-version":[{"id":67439,"href":"https:\/\/www.apfelpatient.de\/en\/wp-json\/wp\/v2\/posts\/67237\/revisions\/67439"}],"wp:featuredmedia":[{"embeddable":true,"href":"https:\/\/www.apfelpatient.de\/en\/wp-json\/wp\/v2\/media\/65651"}],"wp:attachment":[{"href":"https:\/\/www.apfelpatient.de\/en\/wp-json\/wp\/v2\/media?parent=67237"}],"wp:term":[{"taxonomy":"category","embeddable":true,"href":"https:\/\/www.apfelpatient.de\/en\/wp-json\/wp\/v2\/categories?post=67237"},{"taxonomy":"post_tag","embeddable":true,"href":"https:\/\/www.apfelpatient.de\/en\/wp-json\/wp\/v2\/tags?post=67237"}],"curies":[{"name":"wp","href":"https:\/\/api.w.org\/{rel}","templated":true}]}}